{"id":173902,"date":"2014-01-15T15:26:00","date_gmt":"2014-01-15T15:26:00","guid":{"rendered":"https:\/\/www.webdo.tn\/fr\/actualite\/blog\/sony-devoile-deux-nouveaux-smartphones-bon-marche-pour-les-pays-emergents\/179902\/"},"modified":"2025-06-04T18:35:16","modified_gmt":"2025-06-04T18:35:16","slug":"sony-devoile-deux-nouveaux-smartphones-bon-marche-pour-les-pays-emergents","status":"publish","type":"post","link":"https:\/\/www.webdo.tn\/fr\/actualite\/mobile\/sony-devoile-deux-nouveaux-smartphones-bon-marche-pour-les-pays-emergents\/173902\/","title":{"rendered":"Sony d\u00e9voile deux nouveaux Smartphones pour les pays \u00e9mergents"},"content":{"rendered":"<p>Sony a d\u00e9voil\u00e9 lors du dernier CES (Consumer Electronics Show) deux nouveaux appareils. Il s\u2019agit du Xperia Ultra T2 et Xperia E1. <\/p>\n<p>L\u2019Xperia Ultra T2 sera \u00e9quip\u00e9 d\u2019un grand \u00e9cran tactile HD de taille 6 pouces \u00a0et d\u2019une cam\u00e9ra 13 m\u00e9gapixels. En termes de performances le nouveau device int\u00e8gre un processeur d&rsquo;une fr\u00e9quence de 1.4 GHz et d\u2019une RAM Go de m\u00e9moire. Le design de cet appareil est destin\u00e9 principalement \u00e0 un usage multim\u00e9dia. \u00a0<\/p>\n<p>Xperia Ultra T2 n\u2019est pas cher (prix non encore communiqu\u00e9) et est adress\u00e9 aux march\u00e9s asiatiques et du Moyen Orient o\u00f9 la concurrence devient rude avec l\u2019\u00e9mergence de nombreux constructeurs locaux comme Xioami.<\/p>\n<p>L\u2019Xperia E1 aura des performances moyennes (processeur dual core 1.2 GHz, 512 Mo de RAM et une batterie moyenne de 1700 mAh). Toutefois, la sonorisation a \u00e9t\u00e9 am\u00e9lior\u00e9e avec des baffles 100Db offrant une meilleure qualit\u00e9 de son. Les utilisateurs de Xperia E1 profiteront d\u2019un acc\u00e8s de 30 jours au Sony Music Streaming Service.<\/p>\n<p>La phablet Xperia Ultra T2 et le Smartphone Xperia E1 utilisent le syst\u00e8me d\u2019exploitation Android. Si Xperia Ultra T2 est pr\u00e9vu pour Q1, la date de sortie de Xperia E1 reste encore inconnue.<\/p>\n","protected":false},"excerpt":{"rendered":"<p>Sony d\u00e9voile deux nouveaux Smartphones pour les pays \u00e9mergents <\/p>\n","protected":false},"author":3222,"featured_media":353425,"comment_status":"open","ping_status":"closed","sticky":false,"template":"","format":"standard","meta":{"footnotes":""},"categories":[11339],"tags":[],"class_list":["post-173902","post","type-post","status-publish","format-standard","has-post-thumbnail","hentry","category-mobile"],"yoast_head":"<!-- This site is optimized with the Yoast SEO Premium plugin v27.5 (Yoast SEO v27.5) - https:\/\/yoast.com\/product\/yoast-seo-premium-wordpress\/ -->\n<title>Sony d\u00e9voile deux nouveaux Smartphones pour les pays \u00e9mergents<\/title>\n<meta name=\"description\" content=\"Sony d\u00e9voile deux nouveaux Smartphones pour les pays \u00e9mergents\" \/>\n<link rel=\"canonical\" href=\"https:\/\/www.webdo.tn\/fr\/actualite\/mobile\/sony-devoile-deux-nouveaux-smartphones-bon-marche-pour-les-pays-emergents\/173902\/\" \/>\n<meta property=\"og:locale\" content=\"fr_FR\" \/>\n<meta property=\"og:type\" content=\"article\" \/>\n<meta property=\"og:title\" content=\"Sony d\u00e9voile deux nouveaux Smartphones pour les pays \u00e9mergents\" \/>\n<meta property=\"og:description\" content=\"Sony d\u00e9voile deux nouveaux Smartphones pour les pays \u00e9mergents\" \/>\n<meta property=\"og:url\" content=\"https:\/\/www.webdo.tn\/fr\/actualite\/mobile\/sony-devoile-deux-nouveaux-smartphones-bon-marche-pour-les-pays-emergents\/173902\/\" \/>\n<meta property=\"og:site_name\" content=\"webdo\" \/>\n<meta property=\"article:publisher\" content=\"https:\/\/www.facebook.com\/webdotn\" \/>\n<meta property=\"article:published_time\" content=\"2014-01-15T15:26:00+00:00\" \/>\n<meta property=\"article:modified_time\" content=\"2025-06-04T18:35:16+00:00\" \/>\n<meta property=\"og:image\" content=\"https:\/\/www.webdo.tn\/fr\/wp-content\/uploads\/2014\/01\/Xperia_U.jpg\" \/>\n\t<meta property=\"og:image:width\" content=\"500\" \/>\n\t<meta property=\"og:image:height\" content=\"333\" \/>\n\t<meta property=\"og:image:type\" content=\"image\/jpeg\" \/>\n<meta name=\"author\" content=\"webdo.tn\" \/>\n<meta name=\"twitter:card\" content=\"summary_large_image\" \/>\n<meta name=\"twitter:creator\" content=\"@webdo_tn\" \/>\n<meta name=\"twitter:site\" content=\"@webdo_tn\" \/>\n<meta name=\"twitter:label1\" content=\"\u00c9crit par\" \/>\n\t<meta name=\"twitter:data1\" content=\"webdo.tn\" \/>\n\t<meta name=\"twitter:label2\" content=\"Dur\u00e9e de lecture estim\u00e9e\" \/>\n\t<meta name=\"twitter:data2\" content=\"1 minute\" \/>\n<script type=\"application\/ld+json\" class=\"yoast-schema-graph\">{\"@context\":\"https:\\\/\\\/schema.org\",\"@graph\":[{\"@type\":\"NewsArticle\",\"@id\":\"https:\\\/\\\/www.webdo.tn\\\/fr\\\/actualite\\\/mobile\\\/sony-devoile-deux-nouveaux-smartphones-bon-marche-pour-les-pays-emergents\\\/173902\\\/#article\",\"isPartOf\":{\"@id\":\"https:\\\/\\\/www.webdo.tn\\\/fr\\\/actualite\\\/mobile\\\/sony-devoile-deux-nouveaux-smartphones-bon-marche-pour-les-pays-emergents\\\/173902\\\/\"},\"author\":{\"name\":\"webdo.tn\",\"@id\":\"https:\\\/\\\/www.webdo.tn\\\/fr\\\/#\\\/schema\\\/person\\\/9a9c6118d687c117df8ef3cc36a4d175\"},\"headline\":\"Sony d\u00e9voile deux nouveaux Smartphones pour les pays \u00e9mergents\",\"datePublished\":\"2014-01-15T15:26:00+00:00\",\"dateModified\":\"2025-06-04T18:35:16+00:00\",\"mainEntityOfPage\":{\"@id\":\"https:\\\/\\\/www.webdo.tn\\\/fr\\\/actualite\\\/mobile\\\/sony-devoile-deux-nouveaux-smartphones-bon-marche-pour-les-pays-emergents\\\/173902\\\/\"},\"wordCount\":220,\"commentCount\":0,\"publisher\":{\"@id\":\"https:\\\/\\\/www.webdo.tn\\\/fr\\\/#organization\"},\"image\":{\"@id\":\"https:\\\/\\\/www.webdo.tn\\\/fr\\\/actualite\\\/mobile\\\/sony-devoile-deux-nouveaux-smartphones-bon-marche-pour-les-pays-emergents\\\/173902\\\/#primaryimage\"},\"thumbnailUrl\":\"https:\\\/\\\/www.webdo.tn\\\/fr\\\/wp-content\\\/uploads\\\/2014\\\/01\\\/Xperia_U.jpg\",\"articleSection\":[\"Mobile\"],\"inLanguage\":\"fr-FR\"},{\"@type\":\"WebPage\",\"@id\":\"https:\\\/\\\/www.webdo.tn\\\/fr\\\/actualite\\\/mobile\\\/sony-devoile-deux-nouveaux-smartphones-bon-marche-pour-les-pays-emergents\\\/173902\\\/\",\"url\":\"https:\\\/\\\/www.webdo.tn\\\/fr\\\/actualite\\\/mobile\\\/sony-devoile-deux-nouveaux-smartphones-bon-marche-pour-les-pays-emergents\\\/173902\\\/\",\"name\":\"Sony d\u00e9voile deux nouveaux Smartphones pour les pays \u00e9mergents\",\"isPartOf\":{\"@id\":\"https:\\\/\\\/www.webdo.tn\\\/fr\\\/#website\"},\"primaryImageOfPage\":{\"@id\":\"https:\\\/\\\/www.webdo.tn\\\/fr\\\/actualite\\\/mobile\\\/sony-devoile-deux-nouveaux-smartphones-bon-marche-pour-les-pays-emergents\\\/173902\\\/#primaryimage\"},\"image\":{\"@id\":\"https:\\\/\\\/www.webdo.tn\\\/fr\\\/actualite\\\/mobile\\\/sony-devoile-deux-nouveaux-smartphones-bon-marche-pour-les-pays-emergents\\\/173902\\\/#primaryimage\"},\"thumbnailUrl\":\"https:\\\/\\\/www.webdo.tn\\\/fr\\\/wp-content\\\/uploads\\\/2014\\\/01\\\/Xperia_U.jpg\",\"datePublished\":\"2014-01-15T15:26:00+00:00\",\"dateModified\":\"2025-06-04T18:35:16+00:00\",\"description\":\"Sony d\u00e9voile deux nouveaux Smartphones pour les pays \u00e9mergents\",\"breadcrumb\":{\"@id\":\"https:\\\/\\\/www.webdo.tn\\\/fr\\\/actualite\\\/mobile\\\/sony-devoile-deux-nouveaux-smartphones-bon-marche-pour-les-pays-emergents\\\/173902\\\/#breadcrumb\"},\"inLanguage\":\"fr-FR\",\"potentialAction\":[{\"@type\":\"ReadAction\",\"target\":[\"https:\\\/\\\/www.webdo.tn\\\/fr\\\/actualite\\\/mobile\\\/sony-devoile-deux-nouveaux-smartphones-bon-marche-pour-les-pays-emergents\\\/173902\\\/\"]}]},{\"@type\":\"ImageObject\",\"inLanguage\":\"fr-FR\",\"@id\":\"https:\\\/\\\/www.webdo.tn\\\/fr\\\/actualite\\\/mobile\\\/sony-devoile-deux-nouveaux-smartphones-bon-marche-pour-les-pays-emergents\\\/173902\\\/#primaryimage\",\"url\":\"https:\\\/\\\/www.webdo.tn\\\/fr\\\/wp-content\\\/uploads\\\/2014\\\/01\\\/Xperia_U.jpg\",\"contentUrl\":\"https:\\\/\\\/www.webdo.tn\\\/fr\\\/wp-content\\\/uploads\\\/2014\\\/01\\\/Xperia_U.jpg\",\"width\":500,\"height\":333,\"caption\":\"Sony d\u00e9voile deux nouveaux Smartphones pour les pays \u00e9mergents\"},{\"@type\":\"BreadcrumbList\",\"@id\":\"https:\\\/\\\/www.webdo.tn\\\/fr\\\/actualite\\\/mobile\\\/sony-devoile-deux-nouveaux-smartphones-bon-marche-pour-les-pays-emergents\\\/173902\\\/#breadcrumb\",\"itemListElement\":[{\"@type\":\"ListItem\",\"position\":1,\"name\":\"Accueil\",\"item\":\"https:\\\/\\\/www.webdo.tn\\\/fr\\\/\"},{\"@type\":\"ListItem\",\"position\":2,\"name\":\"Sony d\u00e9voile deux nouveaux Smartphones pour les pays \u00e9mergents\"}]},{\"@type\":\"WebSite\",\"@id\":\"https:\\\/\\\/www.webdo.tn\\\/fr\\\/#website\",\"url\":\"https:\\\/\\\/www.webdo.tn\\\/fr\\\/\",\"name\":\"webdo\",\"description\":\"Tunisie - News en Tunisie et \u00e0 l&#039;international sur Webdo.tn\",\"publisher\":{\"@id\":\"https:\\\/\\\/www.webdo.tn\\\/fr\\\/#organization\"},\"potentialAction\":[{\"@type\":\"SearchAction\",\"target\":{\"@type\":\"EntryPoint\",\"urlTemplate\":\"https:\\\/\\\/www.webdo.tn\\\/fr\\\/?s={search_term_string}\"},\"query-input\":{\"@type\":\"PropertyValueSpecification\",\"valueRequired\":true,\"valueName\":\"search_term_string\"}}],\"inLanguage\":\"fr-FR\"},{\"@type\":\"Organization\",\"@id\":\"https:\\\/\\\/www.webdo.tn\\\/fr\\\/#organization\",\"name\":\"Webdo\",\"alternateName\":\"Webdo.tn\",\"url\":\"https:\\\/\\\/www.webdo.tn\\\/fr\\\/\",\"logo\":{\"@type\":\"ImageObject\",\"inLanguage\":\"fr-FR\",\"@id\":\"https:\\\/\\\/www.webdo.tn\\\/fr\\\/#\\\/schema\\\/logo\\\/image\\\/\",\"url\":\"https:\\\/\\\/www.webdo.tn\\\/fr\\\/wp-content\\\/uploads\\\/2025\\\/06\\\/Webdo-Tunisie_168377.jpg\",\"contentUrl\":\"https:\\\/\\\/www.webdo.tn\\\/fr\\\/wp-content\\\/uploads\\\/2025\\\/06\\\/Webdo-Tunisie_168377.jpg\",\"width\":301,\"height\":301,\"caption\":\"Webdo\"},\"image\":{\"@id\":\"https:\\\/\\\/www.webdo.tn\\\/fr\\\/#\\\/schema\\\/logo\\\/image\\\/\"},\"sameAs\":[\"https:\\\/\\\/www.facebook.com\\\/webdotn\",\"https:\\\/\\\/x.com\\\/webdo_tn\"],\"description\":\"Webdo est un m\u00e9dia num\u00e9rique tunisien fond\u00e9 en 2010, sp\u00e9cialis\u00e9 dans l\u2019actualit\u00e9 nationale et internationale, l\u2019\u00e9conomie, la soci\u00e9t\u00e9 et les analyses politiques. Le site s\u2019adresse \u00e0 un large public francophone et couvre l\u2019information tunisienne en temps r\u00e9el.\",\"email\":\"redac@webdo.tn\",\"legalName\":\"YNJ SARL\",\"foundingDate\":\"2010-09-06\",\"numberOfEmployees\":{\"@type\":\"QuantitativeValue\",\"minValue\":\"11\",\"maxValue\":\"50\"}},{\"@type\":\"Person\",\"@id\":\"https:\\\/\\\/www.webdo.tn\\\/fr\\\/#\\\/schema\\\/person\\\/9a9c6118d687c117df8ef3cc36a4d175\",\"name\":\"webdo.tn\",\"image\":{\"@type\":\"ImageObject\",\"inLanguage\":\"fr-FR\",\"@id\":\"https:\\\/\\\/secure.gravatar.com\\\/avatar\\\/7ce1f28c0c3bbac99ff550b85ef8e44a6950c6ee24514fb6a5489e51d06f0298?s=96&d=mm&r=g\",\"url\":\"https:\\\/\\\/secure.gravatar.com\\\/avatar\\\/7ce1f28c0c3bbac99ff550b85ef8e44a6950c6ee24514fb6a5489e51d06f0298?s=96&d=mm&r=g\",\"contentUrl\":\"https:\\\/\\\/secure.gravatar.com\\\/avatar\\\/7ce1f28c0c3bbac99ff550b85ef8e44a6950c6ee24514fb6a5489e51d06f0298?s=96&d=mm&r=g\",\"caption\":\"webdo.tn\"},\"url\":\"https:\\\/\\\/www.webdo.tn\\\/fr\\\/actualite\\\/author\\\/webdotn\\\/\"}]}<\/script>\n<!-- \/ Yoast SEO Premium plugin. -->","yoast_head_json":{"title":"Sony d\u00e9voile deux nouveaux Smartphones pour les pays \u00e9mergents","description":"Sony d\u00e9voile deux nouveaux Smartphones pour les pays \u00e9mergents","canonical":"https:\/\/www.webdo.tn\/fr\/actualite\/mobile\/sony-devoile-deux-nouveaux-smartphones-bon-marche-pour-les-pays-emergents\/173902\/","og_locale":"fr_FR","og_type":"article","og_title":"Sony d\u00e9voile deux nouveaux Smartphones pour les pays \u00e9mergents","og_description":"Sony d\u00e9voile deux nouveaux Smartphones pour les pays \u00e9mergents","og_url":"https:\/\/www.webdo.tn\/fr\/actualite\/mobile\/sony-devoile-deux-nouveaux-smartphones-bon-marche-pour-les-pays-emergents\/173902\/","og_site_name":"webdo","article_publisher":"https:\/\/www.facebook.com\/webdotn","article_published_time":"2014-01-15T15:26:00+00:00","article_modified_time":"2025-06-04T18:35:16+00:00","og_image":[{"width":500,"height":333,"url":"https:\/\/www.webdo.tn\/fr\/wp-content\/uploads\/2014\/01\/Xperia_U.jpg","type":"image\/jpeg"}],"author":"webdo.tn","twitter_card":"summary_large_image","twitter_creator":"@webdo_tn","twitter_site":"@webdo_tn","twitter_misc":{"\u00c9crit par":"webdo.tn","Dur\u00e9e de lecture estim\u00e9e":"1 minute"},"schema":{"@context":"https:\/\/schema.org","@graph":[{"@type":"NewsArticle","@id":"https:\/\/www.webdo.tn\/fr\/actualite\/mobile\/sony-devoile-deux-nouveaux-smartphones-bon-marche-pour-les-pays-emergents\/173902\/#article","isPartOf":{"@id":"https:\/\/www.webdo.tn\/fr\/actualite\/mobile\/sony-devoile-deux-nouveaux-smartphones-bon-marche-pour-les-pays-emergents\/173902\/"},"author":{"name":"webdo.tn","@id":"https:\/\/www.webdo.tn\/fr\/#\/schema\/person\/9a9c6118d687c117df8ef3cc36a4d175"},"headline":"Sony d\u00e9voile deux nouveaux Smartphones pour les pays \u00e9mergents","datePublished":"2014-01-15T15:26:00+00:00","dateModified":"2025-06-04T18:35:16+00:00","mainEntityOfPage":{"@id":"https:\/\/www.webdo.tn\/fr\/actualite\/mobile\/sony-devoile-deux-nouveaux-smartphones-bon-marche-pour-les-pays-emergents\/173902\/"},"wordCount":220,"commentCount":0,"publisher":{"@id":"https:\/\/www.webdo.tn\/fr\/#organization"},"image":{"@id":"https:\/\/www.webdo.tn\/fr\/actualite\/mobile\/sony-devoile-deux-nouveaux-smartphones-bon-marche-pour-les-pays-emergents\/173902\/#primaryimage"},"thumbnailUrl":"https:\/\/www.webdo.tn\/fr\/wp-content\/uploads\/2014\/01\/Xperia_U.jpg","articleSection":["Mobile"],"inLanguage":"fr-FR"},{"@type":"WebPage","@id":"https:\/\/www.webdo.tn\/fr\/actualite\/mobile\/sony-devoile-deux-nouveaux-smartphones-bon-marche-pour-les-pays-emergents\/173902\/","url":"https:\/\/www.webdo.tn\/fr\/actualite\/mobile\/sony-devoile-deux-nouveaux-smartphones-bon-marche-pour-les-pays-emergents\/173902\/","name":"Sony d\u00e9voile deux nouveaux Smartphones pour les pays \u00e9mergents","isPartOf":{"@id":"https:\/\/www.webdo.tn\/fr\/#website"},"primaryImageOfPage":{"@id":"https:\/\/www.webdo.tn\/fr\/actualite\/mobile\/sony-devoile-deux-nouveaux-smartphones-bon-marche-pour-les-pays-emergents\/173902\/#primaryimage"},"image":{"@id":"https:\/\/www.webdo.tn\/fr\/actualite\/mobile\/sony-devoile-deux-nouveaux-smartphones-bon-marche-pour-les-pays-emergents\/173902\/#primaryimage"},"thumbnailUrl":"https:\/\/www.webdo.tn\/fr\/wp-content\/uploads\/2014\/01\/Xperia_U.jpg","datePublished":"2014-01-15T15:26:00+00:00","dateModified":"2025-06-04T18:35:16+00:00","description":"Sony d\u00e9voile deux nouveaux Smartphones pour les pays \u00e9mergents","breadcrumb":{"@id":"https:\/\/www.webdo.tn\/fr\/actualite\/mobile\/sony-devoile-deux-nouveaux-smartphones-bon-marche-pour-les-pays-emergents\/173902\/#breadcrumb"},"inLanguage":"fr-FR","potentialAction":[{"@type":"ReadAction","target":["https:\/\/www.webdo.tn\/fr\/actualite\/mobile\/sony-devoile-deux-nouveaux-smartphones-bon-marche-pour-les-pays-emergents\/173902\/"]}]},{"@type":"ImageObject","inLanguage":"fr-FR","@id":"https:\/\/www.webdo.tn\/fr\/actualite\/mobile\/sony-devoile-deux-nouveaux-smartphones-bon-marche-pour-les-pays-emergents\/173902\/#primaryimage","url":"https:\/\/www.webdo.tn\/fr\/wp-content\/uploads\/2014\/01\/Xperia_U.jpg","contentUrl":"https:\/\/www.webdo.tn\/fr\/wp-content\/uploads\/2014\/01\/Xperia_U.jpg","width":500,"height":333,"caption":"Sony d\u00e9voile deux nouveaux Smartphones pour les pays \u00e9mergents"},{"@type":"BreadcrumbList","@id":"https:\/\/www.webdo.tn\/fr\/actualite\/mobile\/sony-devoile-deux-nouveaux-smartphones-bon-marche-pour-les-pays-emergents\/173902\/#breadcrumb","itemListElement":[{"@type":"ListItem","position":1,"name":"Accueil","item":"https:\/\/www.webdo.tn\/fr\/"},{"@type":"ListItem","position":2,"name":"Sony d\u00e9voile deux nouveaux Smartphones pour les pays \u00e9mergents"}]},{"@type":"WebSite","@id":"https:\/\/www.webdo.tn\/fr\/#website","url":"https:\/\/www.webdo.tn\/fr\/","name":"webdo","description":"Tunisie - News en Tunisie et \u00e0 l&#039;international sur Webdo.tn","publisher":{"@id":"https:\/\/www.webdo.tn\/fr\/#organization"},"potentialAction":[{"@type":"SearchAction","target":{"@type":"EntryPoint","urlTemplate":"https:\/\/www.webdo.tn\/fr\/?s={search_term_string}"},"query-input":{"@type":"PropertyValueSpecification","valueRequired":true,"valueName":"search_term_string"}}],"inLanguage":"fr-FR"},{"@type":"Organization","@id":"https:\/\/www.webdo.tn\/fr\/#organization","name":"Webdo","alternateName":"Webdo.tn","url":"https:\/\/www.webdo.tn\/fr\/","logo":{"@type":"ImageObject","inLanguage":"fr-FR","@id":"https:\/\/www.webdo.tn\/fr\/#\/schema\/logo\/image\/","url":"https:\/\/www.webdo.tn\/fr\/wp-content\/uploads\/2025\/06\/Webdo-Tunisie_168377.jpg","contentUrl":"https:\/\/www.webdo.tn\/fr\/wp-content\/uploads\/2025\/06\/Webdo-Tunisie_168377.jpg","width":301,"height":301,"caption":"Webdo"},"image":{"@id":"https:\/\/www.webdo.tn\/fr\/#\/schema\/logo\/image\/"},"sameAs":["https:\/\/www.facebook.com\/webdotn","https:\/\/x.com\/webdo_tn"],"description":"Webdo est un m\u00e9dia num\u00e9rique tunisien fond\u00e9 en 2010, sp\u00e9cialis\u00e9 dans l\u2019actualit\u00e9 nationale et internationale, l\u2019\u00e9conomie, la soci\u00e9t\u00e9 et les analyses politiques. Le site s\u2019adresse \u00e0 un large public francophone et couvre l\u2019information tunisienne en temps r\u00e9el.","email":"redac@webdo.tn","legalName":"YNJ SARL","foundingDate":"2010-09-06","numberOfEmployees":{"@type":"QuantitativeValue","minValue":"11","maxValue":"50"}},{"@type":"Person","@id":"https:\/\/www.webdo.tn\/fr\/#\/schema\/person\/9a9c6118d687c117df8ef3cc36a4d175","name":"webdo.tn","image":{"@type":"ImageObject","inLanguage":"fr-FR","@id":"https:\/\/secure.gravatar.com\/avatar\/7ce1f28c0c3bbac99ff550b85ef8e44a6950c6ee24514fb6a5489e51d06f0298?s=96&d=mm&r=g","url":"https:\/\/secure.gravatar.com\/avatar\/7ce1f28c0c3bbac99ff550b85ef8e44a6950c6ee24514fb6a5489e51d06f0298?s=96&d=mm&r=g","contentUrl":"https:\/\/secure.gravatar.com\/avatar\/7ce1f28c0c3bbac99ff550b85ef8e44a6950c6ee24514fb6a5489e51d06f0298?s=96&d=mm&r=g","caption":"webdo.tn"},"url":"https:\/\/www.webdo.tn\/fr\/actualite\/author\/webdotn\/"}]}},"_links":{"self":[{"href":"https:\/\/www.webdo.tn\/fr\/wp-json\/wp\/v2\/posts\/173902","targetHints":{"allow":["GET"]}}],"collection":[{"href":"https:\/\/www.webdo.tn\/fr\/wp-json\/wp\/v2\/posts"}],"about":[{"href":"https:\/\/www.webdo.tn\/fr\/wp-json\/wp\/v2\/types\/post"}],"author":[{"embeddable":true,"href":"https:\/\/www.webdo.tn\/fr\/wp-json\/wp\/v2\/users\/3222"}],"replies":[{"embeddable":true,"href":"https:\/\/www.webdo.tn\/fr\/wp-json\/wp\/v2\/comments?post=173902"}],"version-history":[{"count":0,"href":"https:\/\/www.webdo.tn\/fr\/wp-json\/wp\/v2\/posts\/173902\/revisions"}],"wp:featuredmedia":[{"embeddable":true,"href":"https:\/\/www.webdo.tn\/fr\/wp-json\/wp\/v2\/media\/353425"}],"wp:attachment":[{"href":"https:\/\/www.webdo.tn\/fr\/wp-json\/wp\/v2\/media?parent=173902"}],"wp:term":[{"taxonomy":"category","embeddable":true,"href":"https:\/\/www.webdo.tn\/fr\/wp-json\/wp\/v2\/categories?post=173902"},{"taxonomy":"post_tag","embeddable":true,"href":"https:\/\/www.webdo.tn\/fr\/wp-json\/wp\/v2\/tags?post=173902"}],"curies":[{"name":"wp","href":"https:\/\/api.w.org\/{rel}","templated":true}]}}