{"id":173896,"date":"2014-03-14T13:23:00","date_gmt":"2014-03-14T13:23:00","guid":{"rendered":"https:\/\/www.webdo.tn\/fr\/blog\/vers-razzia-liphone-5s-en-attendant-larrivee-du-6\/179890\/"},"modified":"2025-06-04T18:30:27","modified_gmt":"2025-06-04T18:30:27","slug":"vers-razzia-liphone-5s-en-attendant-larrivee-du-6-2","status":"publish","type":"post","link":"https:\/\/www.webdo.tn\/fr\/actualite\/mobile\/vers-razzia-liphone-5s-en-attendant-larrivee-du-6-2\/173896\/","title":{"rendered":"Vers une razzia de l\u2019iPhone 5S en attendant l\u2019arriv\u00e9e du 6 !"},"content":{"rendered":"<p>20% des utilisateurs d\u2019iPhone sont \u00e9quip\u00e9s du mod\u00e8le de la derni\u00e8re g\u00e9n\u00e9ration, le 5s, soit encore moins que la part de possesseurs du 4S (23,73%), quant \u00e0 l\u2019iPhone 5C, il ne repr\u00e9sente que 6,18% du parc des iPhones, et ce selon les derniers chiffres du cabinet d\u2019analyses Mixpanel.<\/p>\n<p>D\u00e9voil\u00e9 en septembre dernier par Apple, le 5s, qui est le mod\u00e8le le plus complet &#8211; par rapport au 5c &#8211; repr\u00e9sentait le 9 mars environ 20% du parc d\u2019iPhone.<\/p>\n<p>L\u2019iPhone 5c, qui est une version moins on\u00e9reuse mais aussi moins compl\u00e8te du Smartphone d\u2019Apple, enregistre quant \u00e0 lui un rythme d\u2019adoption toujours mod\u00e9r\u00e9. Il est plac\u00e9 en troisi\u00e8me position, derri\u00e8re l\u2019iPhone 4S et l\u2019iPhone 5S.<\/p>\n<p>Selon les donn\u00e9es de Mixpanel, l\u2019iPhone 5S progresse plut\u00f4t bien et prend en moyenne 0,5% par semaine. A ce rythme, il pourrait bien s\u2019emparer de la premi\u00e8re place avant la sortie du tr\u00e8s attendu iPhone 6 cet \u00e9t\u00e9. Wait-and see !<\/p>\n","protected":false},"excerpt":{"rendered":"<p>Vers une razzia de l\u2019iPhone 5S en attendant l\u2019arriv\u00e9e du 6 !<\/p>\n","protected":false},"author":3222,"featured_media":332324,"comment_status":"open","ping_status":"closed","sticky":false,"template":"","format":"standard","meta":{"footnotes":""},"categories":[11339],"tags":[],"class_list":["post-173896","post","type-post","status-publish","format-standard","has-post-thumbnail","hentry","category-mobile"],"yoast_head":"<!-- This site is optimized with the Yoast SEO Premium plugin v27.5 (Yoast SEO v27.5) - https:\/\/yoast.com\/product\/yoast-seo-premium-wordpress\/ -->\n<title>Vers une razzia de l\u2019iPhone 5S en attendant l\u2019arriv\u00e9e du 6 !<\/title>\n<meta name=\"description\" content=\"Vers une razzia de l\u2019iPhone 5S en attendant l\u2019arriv\u00e9e du 6 !\" \/>\n<link rel=\"canonical\" href=\"https:\/\/www.webdo.tn\/fr\/actualite\/mobile\/vers-razzia-liphone-5s-en-attendant-larrivee-du-6-2\/173896\/\" \/>\n<meta property=\"og:locale\" content=\"fr_FR\" \/>\n<meta property=\"og:type\" content=\"article\" \/>\n<meta property=\"og:title\" content=\"Vers une razzia de l\u2019iPhone 5S en attendant l\u2019arriv\u00e9e du 6 !\" \/>\n<meta property=\"og:description\" content=\"Vers une razzia de l\u2019iPhone 5S en attendant l\u2019arriv\u00e9e du 6 !\" \/>\n<meta property=\"og:url\" content=\"https:\/\/www.webdo.tn\/fr\/actualite\/mobile\/vers-razzia-liphone-5s-en-attendant-larrivee-du-6-2\/173896\/\" \/>\n<meta property=\"og:site_name\" content=\"webdo\" \/>\n<meta property=\"article:publisher\" content=\"https:\/\/www.facebook.com\/webdotn\" \/>\n<meta property=\"article:published_time\" content=\"2014-03-14T13:23:00+00:00\" \/>\n<meta property=\"article:modified_time\" content=\"2025-06-04T18:30:27+00:00\" \/>\n<meta property=\"og:image\" content=\"https:\/\/www.webdo.tn\/fr\/wp-content\/uploads\/2014\/03\/iphone-5s.jpg\" \/>\n\t<meta property=\"og:image:width\" content=\"200\" \/>\n\t<meta property=\"og:image:height\" content=\"223\" \/>\n\t<meta property=\"og:image:type\" content=\"image\/jpeg\" \/>\n<meta name=\"author\" content=\"webdo.tn\" \/>\n<meta name=\"twitter:card\" content=\"summary_large_image\" \/>\n<meta name=\"twitter:creator\" content=\"@webdo_tn\" \/>\n<meta name=\"twitter:site\" content=\"@webdo_tn\" \/>\n<meta name=\"twitter:label1\" content=\"\u00c9crit par\" \/>\n\t<meta name=\"twitter:data1\" content=\"webdo.tn\" \/>\n\t<meta name=\"twitter:label2\" content=\"Dur\u00e9e de lecture estim\u00e9e\" \/>\n\t<meta name=\"twitter:data2\" content=\"1 minute\" \/>\n<script type=\"application\/ld+json\" class=\"yoast-schema-graph\">{\"@context\":\"https:\\\/\\\/schema.org\",\"@graph\":[{\"@type\":\"NewsArticle\",\"@id\":\"https:\\\/\\\/www.webdo.tn\\\/fr\\\/actualite\\\/mobile\\\/vers-razzia-liphone-5s-en-attendant-larrivee-du-6-2\\\/173896\\\/#article\",\"isPartOf\":{\"@id\":\"https:\\\/\\\/www.webdo.tn\\\/fr\\\/actualite\\\/mobile\\\/vers-razzia-liphone-5s-en-attendant-larrivee-du-6-2\\\/173896\\\/\"},\"author\":{\"name\":\"webdo.tn\",\"@id\":\"https:\\\/\\\/www.webdo.tn\\\/fr\\\/#\\\/schema\\\/person\\\/9a9c6118d687c117df8ef3cc36a4d175\"},\"headline\":\"Vers une razzia de l\u2019iPhone 5S en attendant l\u2019arriv\u00e9e du 6 !\",\"datePublished\":\"2014-03-14T13:23:00+00:00\",\"dateModified\":\"2025-06-04T18:30:27+00:00\",\"mainEntityOfPage\":{\"@id\":\"https:\\\/\\\/www.webdo.tn\\\/fr\\\/actualite\\\/mobile\\\/vers-razzia-liphone-5s-en-attendant-larrivee-du-6-2\\\/173896\\\/\"},\"wordCount\":187,\"commentCount\":0,\"publisher\":{\"@id\":\"https:\\\/\\\/www.webdo.tn\\\/fr\\\/#organization\"},\"image\":{\"@id\":\"https:\\\/\\\/www.webdo.tn\\\/fr\\\/actualite\\\/mobile\\\/vers-razzia-liphone-5s-en-attendant-larrivee-du-6-2\\\/173896\\\/#primaryimage\"},\"thumbnailUrl\":\"https:\\\/\\\/www.webdo.tn\\\/fr\\\/wp-content\\\/uploads\\\/2014\\\/03\\\/iphone-5s.jpg\",\"articleSection\":[\"Mobile\"],\"inLanguage\":\"fr-FR\"},{\"@type\":\"WebPage\",\"@id\":\"https:\\\/\\\/www.webdo.tn\\\/fr\\\/actualite\\\/mobile\\\/vers-razzia-liphone-5s-en-attendant-larrivee-du-6-2\\\/173896\\\/\",\"url\":\"https:\\\/\\\/www.webdo.tn\\\/fr\\\/actualite\\\/mobile\\\/vers-razzia-liphone-5s-en-attendant-larrivee-du-6-2\\\/173896\\\/\",\"name\":\"Vers une razzia de l\u2019iPhone 5S en attendant l\u2019arriv\u00e9e du 6 !\",\"isPartOf\":{\"@id\":\"https:\\\/\\\/www.webdo.tn\\\/fr\\\/#website\"},\"primaryImageOfPage\":{\"@id\":\"https:\\\/\\\/www.webdo.tn\\\/fr\\\/actualite\\\/mobile\\\/vers-razzia-liphone-5s-en-attendant-larrivee-du-6-2\\\/173896\\\/#primaryimage\"},\"image\":{\"@id\":\"https:\\\/\\\/www.webdo.tn\\\/fr\\\/actualite\\\/mobile\\\/vers-razzia-liphone-5s-en-attendant-larrivee-du-6-2\\\/173896\\\/#primaryimage\"},\"thumbnailUrl\":\"https:\\\/\\\/www.webdo.tn\\\/fr\\\/wp-content\\\/uploads\\\/2014\\\/03\\\/iphone-5s.jpg\",\"datePublished\":\"2014-03-14T13:23:00+00:00\",\"dateModified\":\"2025-06-04T18:30:27+00:00\",\"description\":\"Vers une razzia de l\u2019iPhone 5S en attendant l\u2019arriv\u00e9e du 6 !\",\"breadcrumb\":{\"@id\":\"https:\\\/\\\/www.webdo.tn\\\/fr\\\/actualite\\\/mobile\\\/vers-razzia-liphone-5s-en-attendant-larrivee-du-6-2\\\/173896\\\/#breadcrumb\"},\"inLanguage\":\"fr-FR\",\"potentialAction\":[{\"@type\":\"ReadAction\",\"target\":[\"https:\\\/\\\/www.webdo.tn\\\/fr\\\/actualite\\\/mobile\\\/vers-razzia-liphone-5s-en-attendant-larrivee-du-6-2\\\/173896\\\/\"]}]},{\"@type\":\"ImageObject\",\"inLanguage\":\"fr-FR\",\"@id\":\"https:\\\/\\\/www.webdo.tn\\\/fr\\\/actualite\\\/mobile\\\/vers-razzia-liphone-5s-en-attendant-larrivee-du-6-2\\\/173896\\\/#primaryimage\",\"url\":\"https:\\\/\\\/www.webdo.tn\\\/fr\\\/wp-content\\\/uploads\\\/2014\\\/03\\\/iphone-5s.jpg\",\"contentUrl\":\"https:\\\/\\\/www.webdo.tn\\\/fr\\\/wp-content\\\/uploads\\\/2014\\\/03\\\/iphone-5s.jpg\",\"width\":200,\"height\":223,\"caption\":\"Vers une razzia de l\u2019iPhone 5S en attendant l\u2019arriv\u00e9e du 6 !\"},{\"@type\":\"BreadcrumbList\",\"@id\":\"https:\\\/\\\/www.webdo.tn\\\/fr\\\/actualite\\\/mobile\\\/vers-razzia-liphone-5s-en-attendant-larrivee-du-6-2\\\/173896\\\/#breadcrumb\",\"itemListElement\":[{\"@type\":\"ListItem\",\"position\":1,\"name\":\"Accueil\",\"item\":\"https:\\\/\\\/www.webdo.tn\\\/fr\\\/\"},{\"@type\":\"ListItem\",\"position\":2,\"name\":\"Vers une razzia de l\u2019iPhone 5S en attendant l\u2019arriv\u00e9e du 6 !\"}]},{\"@type\":\"WebSite\",\"@id\":\"https:\\\/\\\/www.webdo.tn\\\/fr\\\/#website\",\"url\":\"https:\\\/\\\/www.webdo.tn\\\/fr\\\/\",\"name\":\"webdo\",\"description\":\"Tunisie - News en Tunisie et \u00e0 l&#039;international sur Webdo.tn\",\"publisher\":{\"@id\":\"https:\\\/\\\/www.webdo.tn\\\/fr\\\/#organization\"},\"potentialAction\":[{\"@type\":\"SearchAction\",\"target\":{\"@type\":\"EntryPoint\",\"urlTemplate\":\"https:\\\/\\\/www.webdo.tn\\\/fr\\\/?s={search_term_string}\"},\"query-input\":{\"@type\":\"PropertyValueSpecification\",\"valueRequired\":true,\"valueName\":\"search_term_string\"}}],\"inLanguage\":\"fr-FR\"},{\"@type\":\"Organization\",\"@id\":\"https:\\\/\\\/www.webdo.tn\\\/fr\\\/#organization\",\"name\":\"Webdo\",\"alternateName\":\"Webdo.tn\",\"url\":\"https:\\\/\\\/www.webdo.tn\\\/fr\\\/\",\"logo\":{\"@type\":\"ImageObject\",\"inLanguage\":\"fr-FR\",\"@id\":\"https:\\\/\\\/www.webdo.tn\\\/fr\\\/#\\\/schema\\\/logo\\\/image\\\/\",\"url\":\"https:\\\/\\\/www.webdo.tn\\\/fr\\\/wp-content\\\/uploads\\\/2025\\\/06\\\/Webdo-Tunisie_168377.jpg\",\"contentUrl\":\"https:\\\/\\\/www.webdo.tn\\\/fr\\\/wp-content\\\/uploads\\\/2025\\\/06\\\/Webdo-Tunisie_168377.jpg\",\"width\":301,\"height\":301,\"caption\":\"Webdo\"},\"image\":{\"@id\":\"https:\\\/\\\/www.webdo.tn\\\/fr\\\/#\\\/schema\\\/logo\\\/image\\\/\"},\"sameAs\":[\"https:\\\/\\\/www.facebook.com\\\/webdotn\",\"https:\\\/\\\/x.com\\\/webdo_tn\"],\"description\":\"Webdo est un m\u00e9dia num\u00e9rique tunisien fond\u00e9 en 2010, sp\u00e9cialis\u00e9 dans l\u2019actualit\u00e9 nationale et internationale, l\u2019\u00e9conomie, la soci\u00e9t\u00e9 et les analyses politiques. Le site s\u2019adresse \u00e0 un large public francophone et couvre l\u2019information tunisienne en temps r\u00e9el.\",\"email\":\"redac@webdo.tn\",\"legalName\":\"YNJ SARL\",\"foundingDate\":\"2010-09-06\",\"numberOfEmployees\":{\"@type\":\"QuantitativeValue\",\"minValue\":\"11\",\"maxValue\":\"50\"}},{\"@type\":\"Person\",\"@id\":\"https:\\\/\\\/www.webdo.tn\\\/fr\\\/#\\\/schema\\\/person\\\/9a9c6118d687c117df8ef3cc36a4d175\",\"name\":\"webdo.tn\",\"image\":{\"@type\":\"ImageObject\",\"inLanguage\":\"fr-FR\",\"@id\":\"https:\\\/\\\/secure.gravatar.com\\\/avatar\\\/7ce1f28c0c3bbac99ff550b85ef8e44a6950c6ee24514fb6a5489e51d06f0298?s=96&d=mm&r=g\",\"url\":\"https:\\\/\\\/secure.gravatar.com\\\/avatar\\\/7ce1f28c0c3bbac99ff550b85ef8e44a6950c6ee24514fb6a5489e51d06f0298?s=96&d=mm&r=g\",\"contentUrl\":\"https:\\\/\\\/secure.gravatar.com\\\/avatar\\\/7ce1f28c0c3bbac99ff550b85ef8e44a6950c6ee24514fb6a5489e51d06f0298?s=96&d=mm&r=g\",\"caption\":\"webdo.tn\"},\"url\":\"https:\\\/\\\/www.webdo.tn\\\/fr\\\/actualite\\\/author\\\/webdotn\\\/\"}]}<\/script>\n<!-- \/ Yoast SEO Premium plugin. -->","yoast_head_json":{"title":"Vers une razzia de l\u2019iPhone 5S en attendant l\u2019arriv\u00e9e du 6 !","description":"Vers une razzia de l\u2019iPhone 5S en attendant l\u2019arriv\u00e9e du 6 !","canonical":"https:\/\/www.webdo.tn\/fr\/actualite\/mobile\/vers-razzia-liphone-5s-en-attendant-larrivee-du-6-2\/173896\/","og_locale":"fr_FR","og_type":"article","og_title":"Vers une razzia de l\u2019iPhone 5S en attendant l\u2019arriv\u00e9e du 6 !","og_description":"Vers une razzia de l\u2019iPhone 5S en attendant l\u2019arriv\u00e9e du 6 !","og_url":"https:\/\/www.webdo.tn\/fr\/actualite\/mobile\/vers-razzia-liphone-5s-en-attendant-larrivee-du-6-2\/173896\/","og_site_name":"webdo","article_publisher":"https:\/\/www.facebook.com\/webdotn","article_published_time":"2014-03-14T13:23:00+00:00","article_modified_time":"2025-06-04T18:30:27+00:00","og_image":[{"width":200,"height":223,"url":"https:\/\/www.webdo.tn\/fr\/wp-content\/uploads\/2014\/03\/iphone-5s.jpg","type":"image\/jpeg"}],"author":"webdo.tn","twitter_card":"summary_large_image","twitter_creator":"@webdo_tn","twitter_site":"@webdo_tn","twitter_misc":{"\u00c9crit par":"webdo.tn","Dur\u00e9e de lecture estim\u00e9e":"1 minute"},"schema":{"@context":"https:\/\/schema.org","@graph":[{"@type":"NewsArticle","@id":"https:\/\/www.webdo.tn\/fr\/actualite\/mobile\/vers-razzia-liphone-5s-en-attendant-larrivee-du-6-2\/173896\/#article","isPartOf":{"@id":"https:\/\/www.webdo.tn\/fr\/actualite\/mobile\/vers-razzia-liphone-5s-en-attendant-larrivee-du-6-2\/173896\/"},"author":{"name":"webdo.tn","@id":"https:\/\/www.webdo.tn\/fr\/#\/schema\/person\/9a9c6118d687c117df8ef3cc36a4d175"},"headline":"Vers une razzia de l\u2019iPhone 5S en attendant l\u2019arriv\u00e9e du 6 !","datePublished":"2014-03-14T13:23:00+00:00","dateModified":"2025-06-04T18:30:27+00:00","mainEntityOfPage":{"@id":"https:\/\/www.webdo.tn\/fr\/actualite\/mobile\/vers-razzia-liphone-5s-en-attendant-larrivee-du-6-2\/173896\/"},"wordCount":187,"commentCount":0,"publisher":{"@id":"https:\/\/www.webdo.tn\/fr\/#organization"},"image":{"@id":"https:\/\/www.webdo.tn\/fr\/actualite\/mobile\/vers-razzia-liphone-5s-en-attendant-larrivee-du-6-2\/173896\/#primaryimage"},"thumbnailUrl":"https:\/\/www.webdo.tn\/fr\/wp-content\/uploads\/2014\/03\/iphone-5s.jpg","articleSection":["Mobile"],"inLanguage":"fr-FR"},{"@type":"WebPage","@id":"https:\/\/www.webdo.tn\/fr\/actualite\/mobile\/vers-razzia-liphone-5s-en-attendant-larrivee-du-6-2\/173896\/","url":"https:\/\/www.webdo.tn\/fr\/actualite\/mobile\/vers-razzia-liphone-5s-en-attendant-larrivee-du-6-2\/173896\/","name":"Vers une razzia de l\u2019iPhone 5S en attendant l\u2019arriv\u00e9e du 6 !","isPartOf":{"@id":"https:\/\/www.webdo.tn\/fr\/#website"},"primaryImageOfPage":{"@id":"https:\/\/www.webdo.tn\/fr\/actualite\/mobile\/vers-razzia-liphone-5s-en-attendant-larrivee-du-6-2\/173896\/#primaryimage"},"image":{"@id":"https:\/\/www.webdo.tn\/fr\/actualite\/mobile\/vers-razzia-liphone-5s-en-attendant-larrivee-du-6-2\/173896\/#primaryimage"},"thumbnailUrl":"https:\/\/www.webdo.tn\/fr\/wp-content\/uploads\/2014\/03\/iphone-5s.jpg","datePublished":"2014-03-14T13:23:00+00:00","dateModified":"2025-06-04T18:30:27+00:00","description":"Vers une razzia de l\u2019iPhone 5S en attendant l\u2019arriv\u00e9e du 6 !","breadcrumb":{"@id":"https:\/\/www.webdo.tn\/fr\/actualite\/mobile\/vers-razzia-liphone-5s-en-attendant-larrivee-du-6-2\/173896\/#breadcrumb"},"inLanguage":"fr-FR","potentialAction":[{"@type":"ReadAction","target":["https:\/\/www.webdo.tn\/fr\/actualite\/mobile\/vers-razzia-liphone-5s-en-attendant-larrivee-du-6-2\/173896\/"]}]},{"@type":"ImageObject","inLanguage":"fr-FR","@id":"https:\/\/www.webdo.tn\/fr\/actualite\/mobile\/vers-razzia-liphone-5s-en-attendant-larrivee-du-6-2\/173896\/#primaryimage","url":"https:\/\/www.webdo.tn\/fr\/wp-content\/uploads\/2014\/03\/iphone-5s.jpg","contentUrl":"https:\/\/www.webdo.tn\/fr\/wp-content\/uploads\/2014\/03\/iphone-5s.jpg","width":200,"height":223,"caption":"Vers une razzia de l\u2019iPhone 5S en attendant l\u2019arriv\u00e9e du 6 !"},{"@type":"BreadcrumbList","@id":"https:\/\/www.webdo.tn\/fr\/actualite\/mobile\/vers-razzia-liphone-5s-en-attendant-larrivee-du-6-2\/173896\/#breadcrumb","itemListElement":[{"@type":"ListItem","position":1,"name":"Accueil","item":"https:\/\/www.webdo.tn\/fr\/"},{"@type":"ListItem","position":2,"name":"Vers une razzia de l\u2019iPhone 5S en attendant l\u2019arriv\u00e9e du 6 !"}]},{"@type":"WebSite","@id":"https:\/\/www.webdo.tn\/fr\/#website","url":"https:\/\/www.webdo.tn\/fr\/","name":"webdo","description":"Tunisie - News en Tunisie et \u00e0 l&#039;international sur Webdo.tn","publisher":{"@id":"https:\/\/www.webdo.tn\/fr\/#organization"},"potentialAction":[{"@type":"SearchAction","target":{"@type":"EntryPoint","urlTemplate":"https:\/\/www.webdo.tn\/fr\/?s={search_term_string}"},"query-input":{"@type":"PropertyValueSpecification","valueRequired":true,"valueName":"search_term_string"}}],"inLanguage":"fr-FR"},{"@type":"Organization","@id":"https:\/\/www.webdo.tn\/fr\/#organization","name":"Webdo","alternateName":"Webdo.tn","url":"https:\/\/www.webdo.tn\/fr\/","logo":{"@type":"ImageObject","inLanguage":"fr-FR","@id":"https:\/\/www.webdo.tn\/fr\/#\/schema\/logo\/image\/","url":"https:\/\/www.webdo.tn\/fr\/wp-content\/uploads\/2025\/06\/Webdo-Tunisie_168377.jpg","contentUrl":"https:\/\/www.webdo.tn\/fr\/wp-content\/uploads\/2025\/06\/Webdo-Tunisie_168377.jpg","width":301,"height":301,"caption":"Webdo"},"image":{"@id":"https:\/\/www.webdo.tn\/fr\/#\/schema\/logo\/image\/"},"sameAs":["https:\/\/www.facebook.com\/webdotn","https:\/\/x.com\/webdo_tn"],"description":"Webdo est un m\u00e9dia num\u00e9rique tunisien fond\u00e9 en 2010, sp\u00e9cialis\u00e9 dans l\u2019actualit\u00e9 nationale et internationale, l\u2019\u00e9conomie, la soci\u00e9t\u00e9 et les analyses politiques. Le site s\u2019adresse \u00e0 un large public francophone et couvre l\u2019information tunisienne en temps r\u00e9el.","email":"redac@webdo.tn","legalName":"YNJ SARL","foundingDate":"2010-09-06","numberOfEmployees":{"@type":"QuantitativeValue","minValue":"11","maxValue":"50"}},{"@type":"Person","@id":"https:\/\/www.webdo.tn\/fr\/#\/schema\/person\/9a9c6118d687c117df8ef3cc36a4d175","name":"webdo.tn","image":{"@type":"ImageObject","inLanguage":"fr-FR","@id":"https:\/\/secure.gravatar.com\/avatar\/7ce1f28c0c3bbac99ff550b85ef8e44a6950c6ee24514fb6a5489e51d06f0298?s=96&d=mm&r=g","url":"https:\/\/secure.gravatar.com\/avatar\/7ce1f28c0c3bbac99ff550b85ef8e44a6950c6ee24514fb6a5489e51d06f0298?s=96&d=mm&r=g","contentUrl":"https:\/\/secure.gravatar.com\/avatar\/7ce1f28c0c3bbac99ff550b85ef8e44a6950c6ee24514fb6a5489e51d06f0298?s=96&d=mm&r=g","caption":"webdo.tn"},"url":"https:\/\/www.webdo.tn\/fr\/actualite\/author\/webdotn\/"}]}},"_links":{"self":[{"href":"https:\/\/www.webdo.tn\/fr\/wp-json\/wp\/v2\/posts\/173896","targetHints":{"allow":["GET"]}}],"collection":[{"href":"https:\/\/www.webdo.tn\/fr\/wp-json\/wp\/v2\/posts"}],"about":[{"href":"https:\/\/www.webdo.tn\/fr\/wp-json\/wp\/v2\/types\/post"}],"author":[{"embeddable":true,"href":"https:\/\/www.webdo.tn\/fr\/wp-json\/wp\/v2\/users\/3222"}],"replies":[{"embeddable":true,"href":"https:\/\/www.webdo.tn\/fr\/wp-json\/wp\/v2\/comments?post=173896"}],"version-history":[{"count":0,"href":"https:\/\/www.webdo.tn\/fr\/wp-json\/wp\/v2\/posts\/173896\/revisions"}],"wp:featuredmedia":[{"embeddable":true,"href":"https:\/\/www.webdo.tn\/fr\/wp-json\/wp\/v2\/media\/332324"}],"wp:attachment":[{"href":"https:\/\/www.webdo.tn\/fr\/wp-json\/wp\/v2\/media?parent=173896"}],"wp:term":[{"taxonomy":"category","embeddable":true,"href":"https:\/\/www.webdo.tn\/fr\/wp-json\/wp\/v2\/categories?post=173896"},{"taxonomy":"post_tag","embeddable":true,"href":"https:\/\/www.webdo.tn\/fr\/wp-json\/wp\/v2\/tags?post=173896"}],"curies":[{"name":"wp","href":"https:\/\/api.w.org\/{rel}","templated":true}]}}