{"id":173891,"date":"2014-04-09T10:40:00","date_gmt":"2014-04-09T08:40:00","guid":{"rendered":"https:\/\/www.webdo.tn\/fr\/actualite\/mobile\/les-eurodeputes-votent-neutralite-du-net-fin-frais-roaming\/173891"},"modified":"2014-04-09T10:40:00","modified_gmt":"2014-04-09T08:40:00","slug":"les-eurodeputes-votent-neutralite-du-net-fin-frais-roaming","status":"publish","type":"post","link":"https:\/\/www.webdo.tn\/fr\/actualite\/mobile\/les-eurodeputes-votent-neutralite-du-net-fin-frais-roaming\/173891\/","title":{"rendered":"Les eurod\u00e9put\u00e9s votent la neutralit\u00e9 du Net et la fin des frais de \u00ab\u00a0roaming\u00a0\u00bb"},"content":{"rendered":"<p>Un nouveau bras de fer opposera le Parlement europ\u00e9en avec les gouvernements des Etats membres sur deux dossiers sensibles pour les consommateurs en l\u2019occurrence la suppression des frais d&rsquo;itin\u00e9rance et la \u00abneutralit\u00e9 du Net\u00bb.<\/p>\n<p>Les eurod\u00e9put\u00e9s ont vot\u00e9 pour la suppression du \u00abroaming\u00bb (frais d&rsquo;itin\u00e9rance) au sein de l&rsquo;Union europ\u00e9enne \u00e0 partir du 15 d\u00e9cembre 2015. Si ce projet aboutit, ce sera la fin g\u00e9n\u00e9ralis\u00e9e du surco\u00fbt impos\u00e9 aux usagers d\u00e8s qu&rsquo;ils utilisent leur t\u00e9l\u00e9phone portable dans un autre pays europ\u00e9en que le leur.<\/p>\n<p>En outre, les eurod\u00e9put\u00e9s ont mis en avant la n\u00e9cessit\u00e9 d&rsquo;aller plus loin sur la neutralit\u00e9 du Net, en votant une d\u00e9finition claire et sans ambigu\u00eft\u00e9 : \u00abL&rsquo;ensemble du trafic Internet est trait\u00e9 de fa\u00e7on \u00e9gale, sans discrimination, limitation ni interf\u00e9rence, ind\u00e9pendamment de l&rsquo;exp\u00e9diteur, du destinataire, du type, du contenu, de l&rsquo;appareil, du service ou de l&rsquo;application\u00bb.<\/p>\n<p>Toutefois, cette r\u00e9forme du march\u00e9 unique des t\u00e9l\u00e9communications ne pla\u00eet gu\u00e8re aux Etats membres, soucieux de prot\u00e9ger leurs op\u00e9rateurs historiques. La Commission Europ\u00e9enne envisageait, quant \u00e0 elle, plusieurs exceptions \u00e0 la neutralit\u00e9 du Net pour permettre aux fournisseurs d&rsquo;acc\u00e8s Internet d&rsquo;offrir des services sp\u00e9cialis\u00e9s sur un r\u00e9seau plus rapide.<\/p>\n<p>Malgr\u00e9 ce premier vote, la bataille est loin d\u2019\u00eatre gagn\u00e9e. Si le parlement l\u2019a adopt\u00e9, le texte doit \u00eatre vot\u00e9 par les 28 pays membres du Conseil europ\u00e9en. Et, en cas d\u2019adoption, il repassera ensuite devant le Parlement europ\u00e9en.<\/p>\n<p>Peut-on s\u2019attendre \u00e0 de pareilles d\u00e9cisions en Tunisie afin de promouvoir davantage l\u2019impact des TIC sous nos cieux ?<\/p>\n","protected":false},"excerpt":{"rendered":"<p>Un nouveau bras de fer opposera le Parlement europ\u00e9en avec les gouvernements des Etats membres sur deux dossiers sensibles pour les consommateurs en l\u2019o<\/p>\n","protected":false},"author":3222,"featured_media":373996,"comment_status":"open","ping_status":"open","sticky":false,"template":"","format":"standard","meta":{"footnotes":""},"categories":[11339],"tags":[],"class_list":["post-173891","post","type-post","status-publish","format-standard","has-post-thumbnail","hentry","category-mobile"],"yoast_head":"<!-- This site is optimized with the Yoast SEO Premium plugin v27.5 (Yoast SEO v27.5) - https:\/\/yoast.com\/product\/yoast-seo-premium-wordpress\/ -->\n<title>Les eurod\u00e9put\u00e9s votent la neutralit\u00e9 du Net et la fin des frais de roaming<\/title>\n<meta name=\"description\" content=\"Les eurod\u00e9put\u00e9s votent la neutralit\u00e9 du Net et la fin des frais de roaming\" \/>\n<link rel=\"canonical\" href=\"https:\/\/www.webdo.tn\/fr\/actualite\/mobile\/les-eurodeputes-votent-neutralite-du-net-fin-frais-roaming\/173891\/\" \/>\n<meta property=\"og:locale\" content=\"fr_FR\" \/>\n<meta property=\"og:type\" content=\"article\" \/>\n<meta property=\"og:title\" content=\"Les eurod\u00e9put\u00e9s votent la neutralit\u00e9 du Net et la fin des frais de &quot;roaming&quot;\" \/>\n<meta property=\"og:description\" content=\"Les eurod\u00e9put\u00e9s votent la neutralit\u00e9 du Net et la fin des frais de roaming\" \/>\n<meta property=\"og:url\" content=\"https:\/\/www.webdo.tn\/fr\/actualite\/mobile\/les-eurodeputes-votent-neutralite-du-net-fin-frais-roaming\/173891\/\" \/>\n<meta property=\"og:site_name\" content=\"webdo\" \/>\n<meta property=\"article:publisher\" content=\"https:\/\/www.facebook.com\/webdotn\" \/>\n<meta property=\"article:published_time\" content=\"2014-04-09T08:40:00+00:00\" \/>\n<meta property=\"og:image\" content=\"https:\/\/www.webdo.tn\/fr\/wp-content\/uploads\/2025\/06\/europephone_173891.jpg\" \/>\n\t<meta property=\"og:image:width\" content=\"340\" \/>\n\t<meta property=\"og:image:height\" content=\"280\" \/>\n\t<meta property=\"og:image:type\" content=\"image\/jpeg\" \/>\n<meta name=\"author\" content=\"webdo.tn\" \/>\n<meta name=\"twitter:card\" content=\"summary_large_image\" \/>\n<meta name=\"twitter:creator\" content=\"@webdo_tn\" \/>\n<meta name=\"twitter:site\" content=\"@webdo_tn\" \/>\n<meta name=\"twitter:label1\" content=\"\u00c9crit par\" \/>\n\t<meta name=\"twitter:data1\" content=\"webdo.tn\" \/>\n\t<meta name=\"twitter:label2\" content=\"Dur\u00e9e de lecture estim\u00e9e\" \/>\n\t<meta name=\"twitter:data2\" content=\"1 minute\" \/>\n<script type=\"application\/ld+json\" class=\"yoast-schema-graph\">{\"@context\":\"https:\\\/\\\/schema.org\",\"@graph\":[{\"@type\":\"NewsArticle\",\"@id\":\"https:\\\/\\\/www.webdo.tn\\\/fr\\\/actualite\\\/mobile\\\/les-eurodeputes-votent-neutralite-du-net-fin-frais-roaming\\\/173891\\\/#article\",\"isPartOf\":{\"@id\":\"https:\\\/\\\/www.webdo.tn\\\/fr\\\/actualite\\\/mobile\\\/les-eurodeputes-votent-neutralite-du-net-fin-frais-roaming\\\/173891\\\/\"},\"author\":{\"name\":\"webdo.tn\",\"@id\":\"https:\\\/\\\/www.webdo.tn\\\/fr\\\/#\\\/schema\\\/person\\\/9a9c6118d687c117df8ef3cc36a4d175\"},\"headline\":\"Les eurod\u00e9put\u00e9s votent la neutralit\u00e9 du Net et la fin des frais de \u00ab\u00a0roaming\u00a0\u00bb\",\"datePublished\":\"2014-04-09T08:40:00+00:00\",\"mainEntityOfPage\":{\"@id\":\"https:\\\/\\\/www.webdo.tn\\\/fr\\\/actualite\\\/mobile\\\/les-eurodeputes-votent-neutralite-du-net-fin-frais-roaming\\\/173891\\\/\"},\"wordCount\":312,\"commentCount\":0,\"publisher\":{\"@id\":\"https:\\\/\\\/www.webdo.tn\\\/fr\\\/#organization\"},\"image\":{\"@id\":\"https:\\\/\\\/www.webdo.tn\\\/fr\\\/actualite\\\/mobile\\\/les-eurodeputes-votent-neutralite-du-net-fin-frais-roaming\\\/173891\\\/#primaryimage\"},\"thumbnailUrl\":\"https:\\\/\\\/www.webdo.tn\\\/fr\\\/wp-content\\\/uploads\\\/2025\\\/06\\\/europephone_173891.jpg\",\"articleSection\":[\"Mobile\"],\"inLanguage\":\"fr-FR\"},{\"@type\":\"WebPage\",\"@id\":\"https:\\\/\\\/www.webdo.tn\\\/fr\\\/actualite\\\/mobile\\\/les-eurodeputes-votent-neutralite-du-net-fin-frais-roaming\\\/173891\\\/\",\"url\":\"https:\\\/\\\/www.webdo.tn\\\/fr\\\/actualite\\\/mobile\\\/les-eurodeputes-votent-neutralite-du-net-fin-frais-roaming\\\/173891\\\/\",\"name\":\"Les eurod\u00e9put\u00e9s votent la neutralit\u00e9 du Net et la fin des frais de roaming\",\"isPartOf\":{\"@id\":\"https:\\\/\\\/www.webdo.tn\\\/fr\\\/#website\"},\"primaryImageOfPage\":{\"@id\":\"https:\\\/\\\/www.webdo.tn\\\/fr\\\/actualite\\\/mobile\\\/les-eurodeputes-votent-neutralite-du-net-fin-frais-roaming\\\/173891\\\/#primaryimage\"},\"image\":{\"@id\":\"https:\\\/\\\/www.webdo.tn\\\/fr\\\/actualite\\\/mobile\\\/les-eurodeputes-votent-neutralite-du-net-fin-frais-roaming\\\/173891\\\/#primaryimage\"},\"thumbnailUrl\":\"https:\\\/\\\/www.webdo.tn\\\/fr\\\/wp-content\\\/uploads\\\/2025\\\/06\\\/europephone_173891.jpg\",\"datePublished\":\"2014-04-09T08:40:00+00:00\",\"description\":\"Les eurod\u00e9put\u00e9s votent la neutralit\u00e9 du Net et la fin des frais de roaming\",\"breadcrumb\":{\"@id\":\"https:\\\/\\\/www.webdo.tn\\\/fr\\\/actualite\\\/mobile\\\/les-eurodeputes-votent-neutralite-du-net-fin-frais-roaming\\\/173891\\\/#breadcrumb\"},\"inLanguage\":\"fr-FR\",\"potentialAction\":[{\"@type\":\"ReadAction\",\"target\":[\"https:\\\/\\\/www.webdo.tn\\\/fr\\\/actualite\\\/mobile\\\/les-eurodeputes-votent-neutralite-du-net-fin-frais-roaming\\\/173891\\\/\"]}]},{\"@type\":\"ImageObject\",\"inLanguage\":\"fr-FR\",\"@id\":\"https:\\\/\\\/www.webdo.tn\\\/fr\\\/actualite\\\/mobile\\\/les-eurodeputes-votent-neutralite-du-net-fin-frais-roaming\\\/173891\\\/#primaryimage\",\"url\":\"https:\\\/\\\/www.webdo.tn\\\/fr\\\/wp-content\\\/uploads\\\/2025\\\/06\\\/europephone_173891.jpg\",\"contentUrl\":\"https:\\\/\\\/www.webdo.tn\\\/fr\\\/wp-content\\\/uploads\\\/2025\\\/06\\\/europephone_173891.jpg\",\"width\":340,\"height\":280,\"caption\":\"Les eurod\u00e9put\u00e9s votent la neutralit\u00e9 du Net et la fin des frais de \\\"roaming\\\"\"},{\"@type\":\"BreadcrumbList\",\"@id\":\"https:\\\/\\\/www.webdo.tn\\\/fr\\\/actualite\\\/mobile\\\/les-eurodeputes-votent-neutralite-du-net-fin-frais-roaming\\\/173891\\\/#breadcrumb\",\"itemListElement\":[{\"@type\":\"ListItem\",\"position\":1,\"name\":\"Accueil\",\"item\":\"https:\\\/\\\/www.webdo.tn\\\/fr\\\/\"},{\"@type\":\"ListItem\",\"position\":2,\"name\":\"Les eurod\u00e9put\u00e9s votent la neutralit\u00e9 du Net et la fin des frais de \u00ab\u00a0roaming\u00a0\u00bb\"}]},{\"@type\":\"WebSite\",\"@id\":\"https:\\\/\\\/www.webdo.tn\\\/fr\\\/#website\",\"url\":\"https:\\\/\\\/www.webdo.tn\\\/fr\\\/\",\"name\":\"webdo\",\"description\":\"Tunisie - News en Tunisie et \u00e0 l&#039;international sur Webdo.tn\",\"publisher\":{\"@id\":\"https:\\\/\\\/www.webdo.tn\\\/fr\\\/#organization\"},\"potentialAction\":[{\"@type\":\"SearchAction\",\"target\":{\"@type\":\"EntryPoint\",\"urlTemplate\":\"https:\\\/\\\/www.webdo.tn\\\/fr\\\/?s={search_term_string}\"},\"query-input\":{\"@type\":\"PropertyValueSpecification\",\"valueRequired\":true,\"valueName\":\"search_term_string\"}}],\"inLanguage\":\"fr-FR\"},{\"@type\":\"Organization\",\"@id\":\"https:\\\/\\\/www.webdo.tn\\\/fr\\\/#organization\",\"name\":\"Webdo\",\"alternateName\":\"Webdo.tn\",\"url\":\"https:\\\/\\\/www.webdo.tn\\\/fr\\\/\",\"logo\":{\"@type\":\"ImageObject\",\"inLanguage\":\"fr-FR\",\"@id\":\"https:\\\/\\\/www.webdo.tn\\\/fr\\\/#\\\/schema\\\/logo\\\/image\\\/\",\"url\":\"https:\\\/\\\/www.webdo.tn\\\/fr\\\/wp-content\\\/uploads\\\/2025\\\/06\\\/Webdo-Tunisie_168377.jpg\",\"contentUrl\":\"https:\\\/\\\/www.webdo.tn\\\/fr\\\/wp-content\\\/uploads\\\/2025\\\/06\\\/Webdo-Tunisie_168377.jpg\",\"width\":301,\"height\":301,\"caption\":\"Webdo\"},\"image\":{\"@id\":\"https:\\\/\\\/www.webdo.tn\\\/fr\\\/#\\\/schema\\\/logo\\\/image\\\/\"},\"sameAs\":[\"https:\\\/\\\/www.facebook.com\\\/webdotn\",\"https:\\\/\\\/x.com\\\/webdo_tn\"],\"description\":\"Webdo est un m\u00e9dia num\u00e9rique tunisien fond\u00e9 en 2010, sp\u00e9cialis\u00e9 dans l\u2019actualit\u00e9 nationale et internationale, l\u2019\u00e9conomie, la soci\u00e9t\u00e9 et les analyses politiques. Le site s\u2019adresse \u00e0 un large public francophone et couvre l\u2019information tunisienne en temps r\u00e9el.\",\"email\":\"redac@webdo.tn\",\"legalName\":\"YNJ SARL\",\"foundingDate\":\"2010-09-06\",\"numberOfEmployees\":{\"@type\":\"QuantitativeValue\",\"minValue\":\"11\",\"maxValue\":\"50\"}},{\"@type\":\"Person\",\"@id\":\"https:\\\/\\\/www.webdo.tn\\\/fr\\\/#\\\/schema\\\/person\\\/9a9c6118d687c117df8ef3cc36a4d175\",\"name\":\"webdo.tn\",\"image\":{\"@type\":\"ImageObject\",\"inLanguage\":\"fr-FR\",\"@id\":\"https:\\\/\\\/secure.gravatar.com\\\/avatar\\\/7ce1f28c0c3bbac99ff550b85ef8e44a6950c6ee24514fb6a5489e51d06f0298?s=96&d=mm&r=g\",\"url\":\"https:\\\/\\\/secure.gravatar.com\\\/avatar\\\/7ce1f28c0c3bbac99ff550b85ef8e44a6950c6ee24514fb6a5489e51d06f0298?s=96&d=mm&r=g\",\"contentUrl\":\"https:\\\/\\\/secure.gravatar.com\\\/avatar\\\/7ce1f28c0c3bbac99ff550b85ef8e44a6950c6ee24514fb6a5489e51d06f0298?s=96&d=mm&r=g\",\"caption\":\"webdo.tn\"},\"url\":\"https:\\\/\\\/www.webdo.tn\\\/fr\\\/actualite\\\/author\\\/webdotn\\\/\"}]}<\/script>\n<!-- \/ Yoast SEO Premium plugin. -->","yoast_head_json":{"title":"Les eurod\u00e9put\u00e9s votent la neutralit\u00e9 du Net et la fin des frais de roaming","description":"Les eurod\u00e9put\u00e9s votent la neutralit\u00e9 du Net et la fin des frais de roaming","canonical":"https:\/\/www.webdo.tn\/fr\/actualite\/mobile\/les-eurodeputes-votent-neutralite-du-net-fin-frais-roaming\/173891\/","og_locale":"fr_FR","og_type":"article","og_title":"Les eurod\u00e9put\u00e9s votent la neutralit\u00e9 du Net et la fin des frais de \"roaming\"","og_description":"Les eurod\u00e9put\u00e9s votent la neutralit\u00e9 du Net et la fin des frais de roaming","og_url":"https:\/\/www.webdo.tn\/fr\/actualite\/mobile\/les-eurodeputes-votent-neutralite-du-net-fin-frais-roaming\/173891\/","og_site_name":"webdo","article_publisher":"https:\/\/www.facebook.com\/webdotn","article_published_time":"2014-04-09T08:40:00+00:00","og_image":[{"width":340,"height":280,"url":"https:\/\/www.webdo.tn\/fr\/wp-content\/uploads\/2025\/06\/europephone_173891.jpg","type":"image\/jpeg"}],"author":"webdo.tn","twitter_card":"summary_large_image","twitter_creator":"@webdo_tn","twitter_site":"@webdo_tn","twitter_misc":{"\u00c9crit par":"webdo.tn","Dur\u00e9e de lecture estim\u00e9e":"1 minute"},"schema":{"@context":"https:\/\/schema.org","@graph":[{"@type":"NewsArticle","@id":"https:\/\/www.webdo.tn\/fr\/actualite\/mobile\/les-eurodeputes-votent-neutralite-du-net-fin-frais-roaming\/173891\/#article","isPartOf":{"@id":"https:\/\/www.webdo.tn\/fr\/actualite\/mobile\/les-eurodeputes-votent-neutralite-du-net-fin-frais-roaming\/173891\/"},"author":{"name":"webdo.tn","@id":"https:\/\/www.webdo.tn\/fr\/#\/schema\/person\/9a9c6118d687c117df8ef3cc36a4d175"},"headline":"Les eurod\u00e9put\u00e9s votent la neutralit\u00e9 du Net et la fin des frais de \u00ab\u00a0roaming\u00a0\u00bb","datePublished":"2014-04-09T08:40:00+00:00","mainEntityOfPage":{"@id":"https:\/\/www.webdo.tn\/fr\/actualite\/mobile\/les-eurodeputes-votent-neutralite-du-net-fin-frais-roaming\/173891\/"},"wordCount":312,"commentCount":0,"publisher":{"@id":"https:\/\/www.webdo.tn\/fr\/#organization"},"image":{"@id":"https:\/\/www.webdo.tn\/fr\/actualite\/mobile\/les-eurodeputes-votent-neutralite-du-net-fin-frais-roaming\/173891\/#primaryimage"},"thumbnailUrl":"https:\/\/www.webdo.tn\/fr\/wp-content\/uploads\/2025\/06\/europephone_173891.jpg","articleSection":["Mobile"],"inLanguage":"fr-FR"},{"@type":"WebPage","@id":"https:\/\/www.webdo.tn\/fr\/actualite\/mobile\/les-eurodeputes-votent-neutralite-du-net-fin-frais-roaming\/173891\/","url":"https:\/\/www.webdo.tn\/fr\/actualite\/mobile\/les-eurodeputes-votent-neutralite-du-net-fin-frais-roaming\/173891\/","name":"Les eurod\u00e9put\u00e9s votent la neutralit\u00e9 du Net et la fin des frais de roaming","isPartOf":{"@id":"https:\/\/www.webdo.tn\/fr\/#website"},"primaryImageOfPage":{"@id":"https:\/\/www.webdo.tn\/fr\/actualite\/mobile\/les-eurodeputes-votent-neutralite-du-net-fin-frais-roaming\/173891\/#primaryimage"},"image":{"@id":"https:\/\/www.webdo.tn\/fr\/actualite\/mobile\/les-eurodeputes-votent-neutralite-du-net-fin-frais-roaming\/173891\/#primaryimage"},"thumbnailUrl":"https:\/\/www.webdo.tn\/fr\/wp-content\/uploads\/2025\/06\/europephone_173891.jpg","datePublished":"2014-04-09T08:40:00+00:00","description":"Les eurod\u00e9put\u00e9s votent la neutralit\u00e9 du Net et la fin des frais de roaming","breadcrumb":{"@id":"https:\/\/www.webdo.tn\/fr\/actualite\/mobile\/les-eurodeputes-votent-neutralite-du-net-fin-frais-roaming\/173891\/#breadcrumb"},"inLanguage":"fr-FR","potentialAction":[{"@type":"ReadAction","target":["https:\/\/www.webdo.tn\/fr\/actualite\/mobile\/les-eurodeputes-votent-neutralite-du-net-fin-frais-roaming\/173891\/"]}]},{"@type":"ImageObject","inLanguage":"fr-FR","@id":"https:\/\/www.webdo.tn\/fr\/actualite\/mobile\/les-eurodeputes-votent-neutralite-du-net-fin-frais-roaming\/173891\/#primaryimage","url":"https:\/\/www.webdo.tn\/fr\/wp-content\/uploads\/2025\/06\/europephone_173891.jpg","contentUrl":"https:\/\/www.webdo.tn\/fr\/wp-content\/uploads\/2025\/06\/europephone_173891.jpg","width":340,"height":280,"caption":"Les eurod\u00e9put\u00e9s votent la neutralit\u00e9 du Net et la fin des frais de \"roaming\""},{"@type":"BreadcrumbList","@id":"https:\/\/www.webdo.tn\/fr\/actualite\/mobile\/les-eurodeputes-votent-neutralite-du-net-fin-frais-roaming\/173891\/#breadcrumb","itemListElement":[{"@type":"ListItem","position":1,"name":"Accueil","item":"https:\/\/www.webdo.tn\/fr\/"},{"@type":"ListItem","position":2,"name":"Les eurod\u00e9put\u00e9s votent la neutralit\u00e9 du Net et la fin des frais de \u00ab\u00a0roaming\u00a0\u00bb"}]},{"@type":"WebSite","@id":"https:\/\/www.webdo.tn\/fr\/#website","url":"https:\/\/www.webdo.tn\/fr\/","name":"webdo","description":"Tunisie - News en Tunisie et \u00e0 l&#039;international sur Webdo.tn","publisher":{"@id":"https:\/\/www.webdo.tn\/fr\/#organization"},"potentialAction":[{"@type":"SearchAction","target":{"@type":"EntryPoint","urlTemplate":"https:\/\/www.webdo.tn\/fr\/?s={search_term_string}"},"query-input":{"@type":"PropertyValueSpecification","valueRequired":true,"valueName":"search_term_string"}}],"inLanguage":"fr-FR"},{"@type":"Organization","@id":"https:\/\/www.webdo.tn\/fr\/#organization","name":"Webdo","alternateName":"Webdo.tn","url":"https:\/\/www.webdo.tn\/fr\/","logo":{"@type":"ImageObject","inLanguage":"fr-FR","@id":"https:\/\/www.webdo.tn\/fr\/#\/schema\/logo\/image\/","url":"https:\/\/www.webdo.tn\/fr\/wp-content\/uploads\/2025\/06\/Webdo-Tunisie_168377.jpg","contentUrl":"https:\/\/www.webdo.tn\/fr\/wp-content\/uploads\/2025\/06\/Webdo-Tunisie_168377.jpg","width":301,"height":301,"caption":"Webdo"},"image":{"@id":"https:\/\/www.webdo.tn\/fr\/#\/schema\/logo\/image\/"},"sameAs":["https:\/\/www.facebook.com\/webdotn","https:\/\/x.com\/webdo_tn"],"description":"Webdo est un m\u00e9dia num\u00e9rique tunisien fond\u00e9 en 2010, sp\u00e9cialis\u00e9 dans l\u2019actualit\u00e9 nationale et internationale, l\u2019\u00e9conomie, la soci\u00e9t\u00e9 et les analyses politiques. Le site s\u2019adresse \u00e0 un large public francophone et couvre l\u2019information tunisienne en temps r\u00e9el.","email":"redac@webdo.tn","legalName":"YNJ SARL","foundingDate":"2010-09-06","numberOfEmployees":{"@type":"QuantitativeValue","minValue":"11","maxValue":"50"}},{"@type":"Person","@id":"https:\/\/www.webdo.tn\/fr\/#\/schema\/person\/9a9c6118d687c117df8ef3cc36a4d175","name":"webdo.tn","image":{"@type":"ImageObject","inLanguage":"fr-FR","@id":"https:\/\/secure.gravatar.com\/avatar\/7ce1f28c0c3bbac99ff550b85ef8e44a6950c6ee24514fb6a5489e51d06f0298?s=96&d=mm&r=g","url":"https:\/\/secure.gravatar.com\/avatar\/7ce1f28c0c3bbac99ff550b85ef8e44a6950c6ee24514fb6a5489e51d06f0298?s=96&d=mm&r=g","contentUrl":"https:\/\/secure.gravatar.com\/avatar\/7ce1f28c0c3bbac99ff550b85ef8e44a6950c6ee24514fb6a5489e51d06f0298?s=96&d=mm&r=g","caption":"webdo.tn"},"url":"https:\/\/www.webdo.tn\/fr\/actualite\/author\/webdotn\/"}]}},"_links":{"self":[{"href":"https:\/\/www.webdo.tn\/fr\/wp-json\/wp\/v2\/posts\/173891","targetHints":{"allow":["GET"]}}],"collection":[{"href":"https:\/\/www.webdo.tn\/fr\/wp-json\/wp\/v2\/posts"}],"about":[{"href":"https:\/\/www.webdo.tn\/fr\/wp-json\/wp\/v2\/types\/post"}],"author":[{"embeddable":true,"href":"https:\/\/www.webdo.tn\/fr\/wp-json\/wp\/v2\/users\/3222"}],"replies":[{"embeddable":true,"href":"https:\/\/www.webdo.tn\/fr\/wp-json\/wp\/v2\/comments?post=173891"}],"version-history":[{"count":0,"href":"https:\/\/www.webdo.tn\/fr\/wp-json\/wp\/v2\/posts\/173891\/revisions"}],"wp:featuredmedia":[{"embeddable":true,"href":"https:\/\/www.webdo.tn\/fr\/wp-json\/wp\/v2\/media\/373996"}],"wp:attachment":[{"href":"https:\/\/www.webdo.tn\/fr\/wp-json\/wp\/v2\/media?parent=173891"}],"wp:term":[{"taxonomy":"category","embeddable":true,"href":"https:\/\/www.webdo.tn\/fr\/wp-json\/wp\/v2\/categories?post=173891"},{"taxonomy":"post_tag","embeddable":true,"href":"https:\/\/www.webdo.tn\/fr\/wp-json\/wp\/v2\/tags?post=173891"}],"curies":[{"name":"wp","href":"https:\/\/api.w.org\/{rel}","templated":true}]}}