{"id":173889,"date":"2014-04-22T09:41:00","date_gmt":"2014-04-22T09:41:00","guid":{"rendered":"https:\/\/www.webdo.tn\/fr\/blog\/les-telephones-portables-facilitent-lacces-lecture\/173889\/"},"modified":"2025-06-04T18:28:19","modified_gmt":"2025-06-04T18:28:19","slug":"les-telephones-portables-facilitent-lacces-lecture","status":"publish","type":"post","link":"https:\/\/www.webdo.tn\/fr\/actualite\/mobile\/les-telephones-portables-facilitent-lacces-lecture\/173889\/","title":{"rendered":"Les t\u00e9l\u00e9phones portables facilitent l\u2019acc\u00e8s \u00e0 la lecture"},"content":{"rendered":"<p>L\u2019UNESCO \u00e9tudie actuellement comment la technologie, et plus particuli\u00e8rement les t\u00e9l\u00e9phones portables \u00e9l\u00e9mentaires, peuvent am\u00e9liorer l\u2019acc\u00e8s au texte \u00e9crit. Aujourd\u2019hui, les t\u00e9l\u00e9phones portables sont tr\u00e8s r\u00e9pandus dans des r\u00e9gions o\u00f9 les livres sont rares. Les Nations Unies estiment que 6 milliards de personnes ont acc\u00e8s \u00e0 un t\u00e9l\u00e9phone portable alors que seulement 4,5 milliards ont acc\u00e8s \u00e0 des toilettes.<\/p>\n<p>La progression consid\u00e9rable de l\u2019alphab\u00e9tisation au cours du quart de si\u00e8cle \u00e9coul\u00e9 s\u2019est progressivement ralentie ces derni\u00e8res ann\u00e9es. Entre 1990 et 2000, le nombre d\u2019analphab\u00e8tes a connu une diminution remarquable de 12%. Depuis 2000, elle n\u2019a baiss\u00e9 que de 1%, rel\u00e8ve l\u2019UNESCO.<\/p>\n<p>Cette d\u00e9c\u00e9l\u00e9ration s\u2019explique par diverses raisons, dont l\u2019incapacit\u00e9 \u00e0 acheminer des supports de lecture dans les endroits qui en ont le plus besoin. Des \u00e9tudes reconnues r\u00e9v\u00e8lent qu\u2019un grand nombre de personnes en Afrique sub-saharienne ainsi qu\u2019en Asie du Sud n\u2019ont acc\u00e8s \u00e0 aucun livre. Un sondage dans 16 pays d\u2019Afrique sub-saharienne a conclu que la majorit\u00e9 des \u00e9coles primaires a peu ou pas de livres. Cette p\u00e9nurie constitue un frein majeur \u00e0 l\u2019alphab\u00e9tisation.<\/p>\n<p>Les recherches de l\u2019UNESCO indiquent que des milliers de personnes dans des pays tels que le Nig\u00e9ria, l\u2019\u00c9thiopie ou le Pakistan lisent des livres entiers sur leurs portables, y compris sur des appareils disposant de petits \u00e9crans monochromes. Cette tendance est prometteuse puisqu\u2019elle r\u00e9v\u00e8le la possibilit\u00e9 d\u2019un nouveau portail durable d\u2019acc\u00e8s au texte pour les gens les plus pauvres de la plan\u00e8te.<\/p>\n<p>L\u2019UNESCO a r\u00e9cemment r\u00e9alis\u00e9 une \u00e9tude sur une ann\u00e9e pour conna\u00eetre les habitudes, pr\u00e9f\u00e9rences et profils d\u00e9mographiques des personnes qui lisent des livres sur leur portable dans sept pays en d\u00e9veloppement. La publication qui en r\u00e9sulte, Lire \u00e0 l\u2019\u00e8re du mobile, d\u00e9crit des strat\u00e9gies qui visent mieux mettre \u00e0 profit les technologies mobiles peu ch\u00e8res afin de favoriser la lecture dans les pays o\u00f9 les taux d\u2019alphab\u00e9tisation sont bas.<\/p>\n<p>De la cr\u00e9ation du papier \u00e0 l\u2019invention de l\u2019imprimerie, la technologie a toujours jou\u00e9 un r\u00f4le important dans le partage des textes \u00e9crits pour atteindre toujours un plus grand nombre de personnes. L\u2019UNESCO travaille \u00e0 garantir que la technologie continue de tenir cette promesse et, \u00e0 terme, fasse de l\u2019analphab\u00e9tisme une relique du pass\u00e9.<\/p>\n","protected":false},"excerpt":{"rendered":"<p>Les t\u00e9l\u00e9phones portables facilitent l\u2019acc\u00e8s \u00e0 la lecture<\/p>\n","protected":false},"author":3222,"featured_media":321588,"comment_status":"open","ping_status":"closed","sticky":false,"template":"","format":"standard","meta":{"footnotes":""},"categories":[11339],"tags":[],"class_list":["post-173889","post","type-post","status-publish","format-standard","has-post-thumbnail","hentry","category-mobile"],"yoast_head":"<!-- This site is optimized with the Yoast SEO Premium plugin v27.5 (Yoast SEO v27.5) - https:\/\/yoast.com\/product\/yoast-seo-premium-wordpress\/ -->\n<title>Les t\u00e9l\u00e9phones portables facilitent l\u2019acc\u00e8s \u00e0 la lecture<\/title>\n<meta name=\"description\" content=\"Les t\u00e9l\u00e9phones portables facilitent l\u2019acc\u00e8s \u00e0 la lecture\" \/>\n<link rel=\"canonical\" href=\"https:\/\/www.webdo.tn\/fr\/actualite\/blog\/les-telephones-portables-facilitent-lacces-lecture\/173889\/\" \/>\n<meta property=\"og:locale\" content=\"fr_FR\" \/>\n<meta property=\"og:type\" content=\"article\" \/>\n<meta property=\"og:title\" content=\"Les t\u00e9l\u00e9phones portables facilitent l\u2019acc\u00e8s \u00e0 la lecture\" \/>\n<meta property=\"og:description\" content=\"Les t\u00e9l\u00e9phones portables facilitent l\u2019acc\u00e8s \u00e0 la lecture\" \/>\n<meta property=\"og:url\" content=\"https:\/\/www.webdo.tn\/fr\/actualite\/blog\/les-telephones-portables-facilitent-lacces-lecture\/173889\/\" \/>\n<meta property=\"og:site_name\" content=\"webdo\" \/>\n<meta property=\"article:publisher\" content=\"https:\/\/www.facebook.com\/webdotn\" \/>\n<meta property=\"article:published_time\" content=\"2014-04-22T09:41:00+00:00\" \/>\n<meta property=\"article:modified_time\" content=\"2025-06-04T18:28:19+00:00\" \/>\n<meta property=\"og:image\" content=\"https:\/\/www.webdo.tn\/fr\/wp-content\/uploads\/2014\/04\/jeunes-et-mobiles1.jpg\" \/>\n\t<meta property=\"og:image:width\" content=\"300\" \/>\n\t<meta property=\"og:image:height\" content=\"200\" \/>\n\t<meta property=\"og:image:type\" content=\"image\/jpeg\" \/>\n<meta name=\"author\" content=\"webdo.tn\" \/>\n<meta name=\"twitter:card\" content=\"summary_large_image\" \/>\n<meta name=\"twitter:creator\" content=\"@webdo_tn\" \/>\n<meta name=\"twitter:site\" content=\"@webdo_tn\" \/>\n<meta name=\"twitter:label1\" content=\"\u00c9crit par\" \/>\n\t<meta name=\"twitter:data1\" content=\"webdo.tn\" \/>\n\t<meta name=\"twitter:label2\" content=\"Dur\u00e9e de lecture estim\u00e9e\" \/>\n\t<meta name=\"twitter:data2\" content=\"2 minutes\" \/>\n<script type=\"application\/ld+json\" class=\"yoast-schema-graph\">{\"@context\":\"https:\\\/\\\/schema.org\",\"@graph\":[{\"@type\":\"NewsArticle\",\"@id\":\"https:\\\/\\\/www.webdo.tn\\\/fr\\\/actualite\\\/blog\\\/les-telephones-portables-facilitent-lacces-lecture\\\/173889\\\/#article\",\"isPartOf\":{\"@id\":\"https:\\\/\\\/www.webdo.tn\\\/fr\\\/actualite\\\/blog\\\/les-telephones-portables-facilitent-lacces-lecture\\\/173889\\\/\"},\"author\":{\"name\":\"webdo.tn\",\"@id\":\"https:\\\/\\\/www.webdo.tn\\\/fr\\\/#\\\/schema\\\/person\\\/9a9c6118d687c117df8ef3cc36a4d175\"},\"headline\":\"Les t\u00e9l\u00e9phones portables facilitent l\u2019acc\u00e8s \u00e0 la lecture\",\"datePublished\":\"2014-04-22T09:41:00+00:00\",\"dateModified\":\"2025-06-04T18:28:19+00:00\",\"mainEntityOfPage\":{\"@id\":\"https:\\\/\\\/www.webdo.tn\\\/fr\\\/actualite\\\/blog\\\/les-telephones-portables-facilitent-lacces-lecture\\\/173889\\\/\"},\"wordCount\":431,\"commentCount\":0,\"publisher\":{\"@id\":\"https:\\\/\\\/www.webdo.tn\\\/fr\\\/#organization\"},\"image\":{\"@id\":\"https:\\\/\\\/www.webdo.tn\\\/fr\\\/actualite\\\/blog\\\/les-telephones-portables-facilitent-lacces-lecture\\\/173889\\\/#primaryimage\"},\"thumbnailUrl\":\"https:\\\/\\\/www.webdo.tn\\\/fr\\\/wp-content\\\/uploads\\\/2014\\\/04\\\/jeunes-et-mobiles1.jpg\",\"articleSection\":[\"Mobile\"],\"inLanguage\":\"fr-FR\"},{\"@type\":\"WebPage\",\"@id\":\"https:\\\/\\\/www.webdo.tn\\\/fr\\\/actualite\\\/blog\\\/les-telephones-portables-facilitent-lacces-lecture\\\/173889\\\/\",\"url\":\"https:\\\/\\\/www.webdo.tn\\\/fr\\\/actualite\\\/blog\\\/les-telephones-portables-facilitent-lacces-lecture\\\/173889\\\/\",\"name\":\"Les t\u00e9l\u00e9phones portables facilitent l\u2019acc\u00e8s \u00e0 la lecture\",\"isPartOf\":{\"@id\":\"https:\\\/\\\/www.webdo.tn\\\/fr\\\/#website\"},\"primaryImageOfPage\":{\"@id\":\"https:\\\/\\\/www.webdo.tn\\\/fr\\\/actualite\\\/blog\\\/les-telephones-portables-facilitent-lacces-lecture\\\/173889\\\/#primaryimage\"},\"image\":{\"@id\":\"https:\\\/\\\/www.webdo.tn\\\/fr\\\/actualite\\\/blog\\\/les-telephones-portables-facilitent-lacces-lecture\\\/173889\\\/#primaryimage\"},\"thumbnailUrl\":\"https:\\\/\\\/www.webdo.tn\\\/fr\\\/wp-content\\\/uploads\\\/2014\\\/04\\\/jeunes-et-mobiles1.jpg\",\"datePublished\":\"2014-04-22T09:41:00+00:00\",\"dateModified\":\"2025-06-04T18:28:19+00:00\",\"description\":\"Les t\u00e9l\u00e9phones portables facilitent l\u2019acc\u00e8s \u00e0 la lecture\",\"breadcrumb\":{\"@id\":\"https:\\\/\\\/www.webdo.tn\\\/fr\\\/actualite\\\/blog\\\/les-telephones-portables-facilitent-lacces-lecture\\\/173889\\\/#breadcrumb\"},\"inLanguage\":\"fr-FR\",\"potentialAction\":[{\"@type\":\"ReadAction\",\"target\":[\"https:\\\/\\\/www.webdo.tn\\\/fr\\\/actualite\\\/blog\\\/les-telephones-portables-facilitent-lacces-lecture\\\/173889\\\/\"]}]},{\"@type\":\"ImageObject\",\"inLanguage\":\"fr-FR\",\"@id\":\"https:\\\/\\\/www.webdo.tn\\\/fr\\\/actualite\\\/blog\\\/les-telephones-portables-facilitent-lacces-lecture\\\/173889\\\/#primaryimage\",\"url\":\"https:\\\/\\\/www.webdo.tn\\\/fr\\\/wp-content\\\/uploads\\\/2014\\\/04\\\/jeunes-et-mobiles1.jpg\",\"contentUrl\":\"https:\\\/\\\/www.webdo.tn\\\/fr\\\/wp-content\\\/uploads\\\/2014\\\/04\\\/jeunes-et-mobiles1.jpg\",\"width\":300,\"height\":200,\"caption\":\"Les t\u00e9l\u00e9phones portables facilitent l\u2019acc\u00e8s \u00e0 la lecture\"},{\"@type\":\"BreadcrumbList\",\"@id\":\"https:\\\/\\\/www.webdo.tn\\\/fr\\\/actualite\\\/blog\\\/les-telephones-portables-facilitent-lacces-lecture\\\/173889\\\/#breadcrumb\",\"itemListElement\":[{\"@type\":\"ListItem\",\"position\":1,\"name\":\"Accueil\",\"item\":\"https:\\\/\\\/www.webdo.tn\\\/fr\\\/\"},{\"@type\":\"ListItem\",\"position\":2,\"name\":\"Les t\u00e9l\u00e9phones portables facilitent l\u2019acc\u00e8s \u00e0 la lecture\"}]},{\"@type\":\"WebSite\",\"@id\":\"https:\\\/\\\/www.webdo.tn\\\/fr\\\/#website\",\"url\":\"https:\\\/\\\/www.webdo.tn\\\/fr\\\/\",\"name\":\"webdo\",\"description\":\"Tunisie - News en Tunisie et \u00e0 l&#039;international sur Webdo.tn\",\"publisher\":{\"@id\":\"https:\\\/\\\/www.webdo.tn\\\/fr\\\/#organization\"},\"potentialAction\":[{\"@type\":\"SearchAction\",\"target\":{\"@type\":\"EntryPoint\",\"urlTemplate\":\"https:\\\/\\\/www.webdo.tn\\\/fr\\\/?s={search_term_string}\"},\"query-input\":{\"@type\":\"PropertyValueSpecification\",\"valueRequired\":true,\"valueName\":\"search_term_string\"}}],\"inLanguage\":\"fr-FR\"},{\"@type\":\"Organization\",\"@id\":\"https:\\\/\\\/www.webdo.tn\\\/fr\\\/#organization\",\"name\":\"Webdo\",\"alternateName\":\"Webdo.tn\",\"url\":\"https:\\\/\\\/www.webdo.tn\\\/fr\\\/\",\"logo\":{\"@type\":\"ImageObject\",\"inLanguage\":\"fr-FR\",\"@id\":\"https:\\\/\\\/www.webdo.tn\\\/fr\\\/#\\\/schema\\\/logo\\\/image\\\/\",\"url\":\"https:\\\/\\\/www.webdo.tn\\\/fr\\\/wp-content\\\/uploads\\\/2025\\\/06\\\/Webdo-Tunisie_168377.jpg\",\"contentUrl\":\"https:\\\/\\\/www.webdo.tn\\\/fr\\\/wp-content\\\/uploads\\\/2025\\\/06\\\/Webdo-Tunisie_168377.jpg\",\"width\":301,\"height\":301,\"caption\":\"Webdo\"},\"image\":{\"@id\":\"https:\\\/\\\/www.webdo.tn\\\/fr\\\/#\\\/schema\\\/logo\\\/image\\\/\"},\"sameAs\":[\"https:\\\/\\\/www.facebook.com\\\/webdotn\",\"https:\\\/\\\/x.com\\\/webdo_tn\"],\"description\":\"Webdo est un m\u00e9dia num\u00e9rique tunisien fond\u00e9 en 2010, sp\u00e9cialis\u00e9 dans l\u2019actualit\u00e9 nationale et internationale, l\u2019\u00e9conomie, la soci\u00e9t\u00e9 et les analyses politiques. Le site s\u2019adresse \u00e0 un large public francophone et couvre l\u2019information tunisienne en temps r\u00e9el.\",\"email\":\"redac@webdo.tn\",\"legalName\":\"YNJ SARL\",\"foundingDate\":\"2010-09-06\",\"numberOfEmployees\":{\"@type\":\"QuantitativeValue\",\"minValue\":\"11\",\"maxValue\":\"50\"}},{\"@type\":\"Person\",\"@id\":\"https:\\\/\\\/www.webdo.tn\\\/fr\\\/#\\\/schema\\\/person\\\/9a9c6118d687c117df8ef3cc36a4d175\",\"name\":\"webdo.tn\",\"image\":{\"@type\":\"ImageObject\",\"inLanguage\":\"fr-FR\",\"@id\":\"https:\\\/\\\/secure.gravatar.com\\\/avatar\\\/7ce1f28c0c3bbac99ff550b85ef8e44a6950c6ee24514fb6a5489e51d06f0298?s=96&d=mm&r=g\",\"url\":\"https:\\\/\\\/secure.gravatar.com\\\/avatar\\\/7ce1f28c0c3bbac99ff550b85ef8e44a6950c6ee24514fb6a5489e51d06f0298?s=96&d=mm&r=g\",\"contentUrl\":\"https:\\\/\\\/secure.gravatar.com\\\/avatar\\\/7ce1f28c0c3bbac99ff550b85ef8e44a6950c6ee24514fb6a5489e51d06f0298?s=96&d=mm&r=g\",\"caption\":\"webdo.tn\"},\"url\":\"https:\\\/\\\/www.webdo.tn\\\/fr\\\/actualite\\\/author\\\/webdotn\\\/\"}]}<\/script>\n<!-- \/ Yoast SEO Premium plugin. -->","yoast_head_json":{"title":"Les t\u00e9l\u00e9phones portables facilitent l\u2019acc\u00e8s \u00e0 la lecture","description":"Les t\u00e9l\u00e9phones portables facilitent l\u2019acc\u00e8s \u00e0 la lecture","canonical":"https:\/\/www.webdo.tn\/fr\/actualite\/blog\/les-telephones-portables-facilitent-lacces-lecture\/173889\/","og_locale":"fr_FR","og_type":"article","og_title":"Les t\u00e9l\u00e9phones portables facilitent l\u2019acc\u00e8s \u00e0 la lecture","og_description":"Les t\u00e9l\u00e9phones portables facilitent l\u2019acc\u00e8s \u00e0 la lecture","og_url":"https:\/\/www.webdo.tn\/fr\/actualite\/blog\/les-telephones-portables-facilitent-lacces-lecture\/173889\/","og_site_name":"webdo","article_publisher":"https:\/\/www.facebook.com\/webdotn","article_published_time":"2014-04-22T09:41:00+00:00","article_modified_time":"2025-06-04T18:28:19+00:00","og_image":[{"width":300,"height":200,"url":"https:\/\/www.webdo.tn\/fr\/wp-content\/uploads\/2014\/04\/jeunes-et-mobiles1.jpg","type":"image\/jpeg"}],"author":"webdo.tn","twitter_card":"summary_large_image","twitter_creator":"@webdo_tn","twitter_site":"@webdo_tn","twitter_misc":{"\u00c9crit par":"webdo.tn","Dur\u00e9e de lecture estim\u00e9e":"2 minutes"},"schema":{"@context":"https:\/\/schema.org","@graph":[{"@type":"NewsArticle","@id":"https:\/\/www.webdo.tn\/fr\/actualite\/blog\/les-telephones-portables-facilitent-lacces-lecture\/173889\/#article","isPartOf":{"@id":"https:\/\/www.webdo.tn\/fr\/actualite\/blog\/les-telephones-portables-facilitent-lacces-lecture\/173889\/"},"author":{"name":"webdo.tn","@id":"https:\/\/www.webdo.tn\/fr\/#\/schema\/person\/9a9c6118d687c117df8ef3cc36a4d175"},"headline":"Les t\u00e9l\u00e9phones portables facilitent l\u2019acc\u00e8s \u00e0 la lecture","datePublished":"2014-04-22T09:41:00+00:00","dateModified":"2025-06-04T18:28:19+00:00","mainEntityOfPage":{"@id":"https:\/\/www.webdo.tn\/fr\/actualite\/blog\/les-telephones-portables-facilitent-lacces-lecture\/173889\/"},"wordCount":431,"commentCount":0,"publisher":{"@id":"https:\/\/www.webdo.tn\/fr\/#organization"},"image":{"@id":"https:\/\/www.webdo.tn\/fr\/actualite\/blog\/les-telephones-portables-facilitent-lacces-lecture\/173889\/#primaryimage"},"thumbnailUrl":"https:\/\/www.webdo.tn\/fr\/wp-content\/uploads\/2014\/04\/jeunes-et-mobiles1.jpg","articleSection":["Mobile"],"inLanguage":"fr-FR"},{"@type":"WebPage","@id":"https:\/\/www.webdo.tn\/fr\/actualite\/blog\/les-telephones-portables-facilitent-lacces-lecture\/173889\/","url":"https:\/\/www.webdo.tn\/fr\/actualite\/blog\/les-telephones-portables-facilitent-lacces-lecture\/173889\/","name":"Les t\u00e9l\u00e9phones portables facilitent l\u2019acc\u00e8s \u00e0 la lecture","isPartOf":{"@id":"https:\/\/www.webdo.tn\/fr\/#website"},"primaryImageOfPage":{"@id":"https:\/\/www.webdo.tn\/fr\/actualite\/blog\/les-telephones-portables-facilitent-lacces-lecture\/173889\/#primaryimage"},"image":{"@id":"https:\/\/www.webdo.tn\/fr\/actualite\/blog\/les-telephones-portables-facilitent-lacces-lecture\/173889\/#primaryimage"},"thumbnailUrl":"https:\/\/www.webdo.tn\/fr\/wp-content\/uploads\/2014\/04\/jeunes-et-mobiles1.jpg","datePublished":"2014-04-22T09:41:00+00:00","dateModified":"2025-06-04T18:28:19+00:00","description":"Les t\u00e9l\u00e9phones portables facilitent l\u2019acc\u00e8s \u00e0 la lecture","breadcrumb":{"@id":"https:\/\/www.webdo.tn\/fr\/actualite\/blog\/les-telephones-portables-facilitent-lacces-lecture\/173889\/#breadcrumb"},"inLanguage":"fr-FR","potentialAction":[{"@type":"ReadAction","target":["https:\/\/www.webdo.tn\/fr\/actualite\/blog\/les-telephones-portables-facilitent-lacces-lecture\/173889\/"]}]},{"@type":"ImageObject","inLanguage":"fr-FR","@id":"https:\/\/www.webdo.tn\/fr\/actualite\/blog\/les-telephones-portables-facilitent-lacces-lecture\/173889\/#primaryimage","url":"https:\/\/www.webdo.tn\/fr\/wp-content\/uploads\/2014\/04\/jeunes-et-mobiles1.jpg","contentUrl":"https:\/\/www.webdo.tn\/fr\/wp-content\/uploads\/2014\/04\/jeunes-et-mobiles1.jpg","width":300,"height":200,"caption":"Les t\u00e9l\u00e9phones portables facilitent l\u2019acc\u00e8s \u00e0 la lecture"},{"@type":"BreadcrumbList","@id":"https:\/\/www.webdo.tn\/fr\/actualite\/blog\/les-telephones-portables-facilitent-lacces-lecture\/173889\/#breadcrumb","itemListElement":[{"@type":"ListItem","position":1,"name":"Accueil","item":"https:\/\/www.webdo.tn\/fr\/"},{"@type":"ListItem","position":2,"name":"Les t\u00e9l\u00e9phones portables facilitent l\u2019acc\u00e8s \u00e0 la lecture"}]},{"@type":"WebSite","@id":"https:\/\/www.webdo.tn\/fr\/#website","url":"https:\/\/www.webdo.tn\/fr\/","name":"webdo","description":"Tunisie - News en Tunisie et \u00e0 l&#039;international sur Webdo.tn","publisher":{"@id":"https:\/\/www.webdo.tn\/fr\/#organization"},"potentialAction":[{"@type":"SearchAction","target":{"@type":"EntryPoint","urlTemplate":"https:\/\/www.webdo.tn\/fr\/?s={search_term_string}"},"query-input":{"@type":"PropertyValueSpecification","valueRequired":true,"valueName":"search_term_string"}}],"inLanguage":"fr-FR"},{"@type":"Organization","@id":"https:\/\/www.webdo.tn\/fr\/#organization","name":"Webdo","alternateName":"Webdo.tn","url":"https:\/\/www.webdo.tn\/fr\/","logo":{"@type":"ImageObject","inLanguage":"fr-FR","@id":"https:\/\/www.webdo.tn\/fr\/#\/schema\/logo\/image\/","url":"https:\/\/www.webdo.tn\/fr\/wp-content\/uploads\/2025\/06\/Webdo-Tunisie_168377.jpg","contentUrl":"https:\/\/www.webdo.tn\/fr\/wp-content\/uploads\/2025\/06\/Webdo-Tunisie_168377.jpg","width":301,"height":301,"caption":"Webdo"},"image":{"@id":"https:\/\/www.webdo.tn\/fr\/#\/schema\/logo\/image\/"},"sameAs":["https:\/\/www.facebook.com\/webdotn","https:\/\/x.com\/webdo_tn"],"description":"Webdo est un m\u00e9dia num\u00e9rique tunisien fond\u00e9 en 2010, sp\u00e9cialis\u00e9 dans l\u2019actualit\u00e9 nationale et internationale, l\u2019\u00e9conomie, la soci\u00e9t\u00e9 et les analyses politiques. Le site s\u2019adresse \u00e0 un large public francophone et couvre l\u2019information tunisienne en temps r\u00e9el.","email":"redac@webdo.tn","legalName":"YNJ SARL","foundingDate":"2010-09-06","numberOfEmployees":{"@type":"QuantitativeValue","minValue":"11","maxValue":"50"}},{"@type":"Person","@id":"https:\/\/www.webdo.tn\/fr\/#\/schema\/person\/9a9c6118d687c117df8ef3cc36a4d175","name":"webdo.tn","image":{"@type":"ImageObject","inLanguage":"fr-FR","@id":"https:\/\/secure.gravatar.com\/avatar\/7ce1f28c0c3bbac99ff550b85ef8e44a6950c6ee24514fb6a5489e51d06f0298?s=96&d=mm&r=g","url":"https:\/\/secure.gravatar.com\/avatar\/7ce1f28c0c3bbac99ff550b85ef8e44a6950c6ee24514fb6a5489e51d06f0298?s=96&d=mm&r=g","contentUrl":"https:\/\/secure.gravatar.com\/avatar\/7ce1f28c0c3bbac99ff550b85ef8e44a6950c6ee24514fb6a5489e51d06f0298?s=96&d=mm&r=g","caption":"webdo.tn"},"url":"https:\/\/www.webdo.tn\/fr\/actualite\/author\/webdotn\/"}]}},"_links":{"self":[{"href":"https:\/\/www.webdo.tn\/fr\/wp-json\/wp\/v2\/posts\/173889","targetHints":{"allow":["GET"]}}],"collection":[{"href":"https:\/\/www.webdo.tn\/fr\/wp-json\/wp\/v2\/posts"}],"about":[{"href":"https:\/\/www.webdo.tn\/fr\/wp-json\/wp\/v2\/types\/post"}],"author":[{"embeddable":true,"href":"https:\/\/www.webdo.tn\/fr\/wp-json\/wp\/v2\/users\/3222"}],"replies":[{"embeddable":true,"href":"https:\/\/www.webdo.tn\/fr\/wp-json\/wp\/v2\/comments?post=173889"}],"version-history":[{"count":0,"href":"https:\/\/www.webdo.tn\/fr\/wp-json\/wp\/v2\/posts\/173889\/revisions"}],"wp:featuredmedia":[{"embeddable":true,"href":"https:\/\/www.webdo.tn\/fr\/wp-json\/wp\/v2\/media\/321588"}],"wp:attachment":[{"href":"https:\/\/www.webdo.tn\/fr\/wp-json\/wp\/v2\/media?parent=173889"}],"wp:term":[{"taxonomy":"category","embeddable":true,"href":"https:\/\/www.webdo.tn\/fr\/wp-json\/wp\/v2\/categories?post=173889"},{"taxonomy":"post_tag","embeddable":true,"href":"https:\/\/www.webdo.tn\/fr\/wp-json\/wp\/v2\/tags?post=173889"}],"curies":[{"name":"wp","href":"https:\/\/api.w.org\/{rel}","templated":true}]}}