{"id":173884,"date":"2014-05-21T12:09:00","date_gmt":"2014-05-21T10:09:00","guid":{"rendered":"https:\/\/www.webdo.tn\/fr\/actualite\/mobile\/tunisie-telecom-dote-le-sahara-tunisien-des-reseaux-2-et-3g-et-etend-sa-couverture\/173884"},"modified":"2025-06-04T18:26:06","modified_gmt":"2025-06-04T18:26:06","slug":"tunisie-telecom-dote-le-sahara-tunisien-des-reseaux-2-et-3g-et-etend-sa-couverture-2","status":"publish","type":"post","link":"https:\/\/www.webdo.tn\/fr\/actualite\/mobile\/tunisie-telecom-dote-le-sahara-tunisien-des-reseaux-2-et-3g-et-etend-sa-couverture-2\/173884\/","title":{"rendered":"Tunisie Telecom dote le Sahara tunisien des r\u00e9seaux 2 et 3G et \u00e9tend sa couverture"},"content":{"rendered":"<p>En tant qu\u2019op\u00e9rateur historique, Tunisie Telecom \u00abse devait\u00bb d\u2019\u00eatre au rendez-vous, \u00e0 savoir doter l\u2019extr\u00eame sud du pays des r\u00e9seaux 2 et 3G de la t\u00e9l\u00e9phonie mobile. C\u2019est d\u00e9sormais fait\u2026 au grand bonheur des habitants de la r\u00e9gion !En termes de rentabilit\u00e9, ce ne sera pas l\u2019eldorado pour Tunisie Telecom, mais en sa qualit\u00e9 d\u2019op\u00e9rateur national, couvrir cette zone recul\u00e9e du pays \u00e9tait une obligation. Le projet r\u00e9alis\u00e9 par Tunisie Telecom pour couvrir la zone de Borj El Khadhra situ\u00e9e dans le gouvernorat de Tataouine, est d\u00e9sormais achev\u00e9.<\/p>\n<p>Le ministre de l&rsquo;Enseignement sup\u00e9rieur, de la recherche scientifique et des technologies de l&rsquo;information et de la communication, M. Taoufik Jelassi, a d\u2019ailleurs fait le d\u00e9placement, mardi 20 mai 2014, pour s\u2019en rendre compte par lui-m\u00eame et prendre connaissance des composantes de ce projet.Techniquement, il s\u2019agissait pour Tunisie Telecom de couvrir la zone de Borj El Khadhra et la doter d\u2019une connexion 2 et 3G \u00e0 travers un grand nombre de stations mobile. Zone, situ\u00e9e \u00e0 la fronti\u00e8re conjointe entre la Tunisie, l&rsquo;Alg\u00e9rie et la Libye, constituant ainsi un nouvel axe de t\u00e9l\u00e9communications qui couvre les villes de Tataouine, Remada, Dhhiba, Jbel Angar, Sangar, El Borma, Ain Skhouna, Tiarat et Borj Elkhadra.<\/p>\n<p>Ces zones sont peu peupl\u00e9es mais comme le souligne le PDG de Tunisie Telecom, M. Mokhtar Mnakri, \u00abl\u2019op\u00e9rateur historique se doit d\u2019\u0153uvrer avec un esprit citoyen pour \u00e9tendre la couverture de son r\u00e9seau \u00e0 toutes les r\u00e9gions de la Tunisie, y compris les moins peupl\u00e9es, pour garantir \u00e0 tous les Tunisiens l\u2019acc\u00e8s aux facilit\u00e9s fournies par les nouvelles technologies de l\u2019information et de la communication, gr\u00e2ce notamment \u00e0 la t\u00e9l\u00e9phonie mobile et \u00e0 l\u2019internet mobile 3G++\u00bb.<\/p>\n<p>Partant de l\u00e0, la rentabilit\u00e9 n\u2019est pas \u00e0 l\u2019ordre du jour au vu des sommes investies et des efforts d\u00e9ploy\u00e9s dans ce projet. Mais sur un autre plan, l\u2019\u00e9largissement de la couverture conforte le positionnement du r\u00e9seau de Tunisie Telecom \u00e0 la premi\u00e8re place au niveau national.<\/p>\n<p>\u00abIl est \u00e9vident que seul TT pouvait s\u2019investir dans cette r\u00e9gion o\u00f9 ne r\u00e9sident que six familles et des entreprises p\u00e9troli\u00e8res et o\u00f9 une zone touristique commence \u00e0 prendre forme, insiste un responsable de l\u2019entreprise, ajoutant qu\u2019en l\u2019absence de rentabilit\u00e9, les concurrents ne daignent pas (pour l\u2019instant) s\u2019investir l\u00e0-bas\u00bb.<\/p>\n<p> Un bon point pour l\u2019op\u00e9rateur qui a su mettre en avant cet aspect-l\u00e0. Les habitants des zones sahariennes vont d\u00e9sormais profiter des services de la t\u00e9l\u00e9phonie mobile et de l\u2019internet mobile. Cela peut paraitre anodin, mais dans une r\u00e9gion o\u00f9 les conditions g\u00e9ographiques sont parfois difficiles, un tel projet va faciliter la vie quotidienne des citoyens et autres travailleurs.<\/p>\n<p>Ils pourront ainsi communiquer entre eux et avec les soci\u00e9t\u00e9s et organismes nationaux et internationaux, plus facilement comme ils pourront d\u00e9sormais \u00abavoir de plus grandes chances de b\u00e9n\u00e9ficier des TICs afin d\u2019adh\u00e9rer pleinement au processus de d\u00e9veloppement durable de notre pays, surtout que le potentiel touristique de la r\u00e9gion est tr\u00e8s grand et que des entreprises du secteur p\u00e9trolier y sont install\u00e9es\u00bb, a pr\u00e9cis\u00e9 M. Taoufik Jelassi.<\/p>\n","protected":false},"excerpt":{"rendered":"<p>Tunisie Telecom dote le Sahara tunisien des r\u00e9seaux 2 et 3G et \u00e9tend sa couverture<\/p>\n","protected":false},"author":3222,"featured_media":374916,"comment_status":"open","ping_status":"open","sticky":false,"template":"","format":"standard","meta":{"footnotes":""},"categories":[11339],"tags":[],"class_list":["post-173884","post","type-post","status-publish","format-standard","has-post-thumbnail","hentry","category-mobile"],"yoast_head":"<!-- This site is optimized with the Yoast SEO Premium plugin v27.5 (Yoast SEO v27.5) - https:\/\/yoast.com\/product\/yoast-seo-premium-wordpress\/ -->\n<title>Tunisie Telecom dote le Sahara tunisien des r\u00e9seaux 2 et 3G et \u00e9tend sa couverture<\/title>\n<meta name=\"description\" content=\"Tunisie Telecom dote le Sahara tunisien des r\u00e9seaux 2 et 3G et \u00e9tend sa couverture\" \/>\n<link rel=\"canonical\" href=\"https:\/\/www.webdo.tn\/fr\/actualite\/mobile\/tunisie-telecom-dote-le-sahara-tunisien-des-reseaux-2-et-3g-et-etend-sa-couverture-2\/173884\/\" \/>\n<meta property=\"og:locale\" content=\"fr_FR\" \/>\n<meta property=\"og:type\" content=\"article\" \/>\n<meta property=\"og:title\" content=\"Tunisie Telecom dote le Sahara tunisien des r\u00e9seaux 2 et 3G et \u00e9tend sa couverture\" \/>\n<meta property=\"og:description\" content=\"Tunisie Telecom dote le Sahara tunisien des r\u00e9seaux 2 et 3G et \u00e9tend sa couverture\" \/>\n<meta property=\"og:url\" content=\"https:\/\/www.webdo.tn\/fr\/actualite\/mobile\/tunisie-telecom-dote-le-sahara-tunisien-des-reseaux-2-et-3g-et-etend-sa-couverture-2\/173884\/\" \/>\n<meta property=\"og:site_name\" content=\"webdo\" \/>\n<meta property=\"article:publisher\" content=\"https:\/\/www.facebook.com\/webdotn\" \/>\n<meta property=\"article:published_time\" content=\"2014-05-21T10:09:00+00:00\" \/>\n<meta property=\"article:modified_time\" content=\"2025-06-04T18:26:06+00:00\" \/>\n<meta name=\"author\" content=\"webdo.tn\" \/>\n<meta name=\"twitter:card\" content=\"summary_large_image\" \/>\n<meta name=\"twitter:creator\" content=\"@webdo_tn\" \/>\n<meta name=\"twitter:site\" content=\"@webdo_tn\" \/>\n<meta name=\"twitter:label1\" content=\"\u00c9crit par\" \/>\n\t<meta name=\"twitter:data1\" content=\"webdo.tn\" \/>\n\t<meta name=\"twitter:label2\" content=\"Dur\u00e9e de lecture estim\u00e9e\" \/>\n\t<meta name=\"twitter:data2\" content=\"3 minutes\" \/>\n<script type=\"application\/ld+json\" class=\"yoast-schema-graph\">{\"@context\":\"https:\\\/\\\/schema.org\",\"@graph\":[{\"@type\":\"NewsArticle\",\"@id\":\"https:\\\/\\\/www.webdo.tn\\\/fr\\\/actualite\\\/mobile\\\/tunisie-telecom-dote-le-sahara-tunisien-des-reseaux-2-et-3g-et-etend-sa-couverture-2\\\/173884\\\/#article\",\"isPartOf\":{\"@id\":\"https:\\\/\\\/www.webdo.tn\\\/fr\\\/actualite\\\/mobile\\\/tunisie-telecom-dote-le-sahara-tunisien-des-reseaux-2-et-3g-et-etend-sa-couverture-2\\\/173884\\\/\"},\"author\":{\"name\":\"webdo.tn\",\"@id\":\"https:\\\/\\\/www.webdo.tn\\\/fr\\\/#\\\/schema\\\/person\\\/9a9c6118d687c117df8ef3cc36a4d175\"},\"headline\":\"Tunisie Telecom dote le Sahara tunisien des r\u00e9seaux 2 et 3G et \u00e9tend sa couverture\",\"datePublished\":\"2014-05-21T10:09:00+00:00\",\"dateModified\":\"2025-06-04T18:26:06+00:00\",\"mainEntityOfPage\":{\"@id\":\"https:\\\/\\\/www.webdo.tn\\\/fr\\\/actualite\\\/mobile\\\/tunisie-telecom-dote-le-sahara-tunisien-des-reseaux-2-et-3g-et-etend-sa-couverture-2\\\/173884\\\/\"},\"wordCount\":587,\"commentCount\":0,\"publisher\":{\"@id\":\"https:\\\/\\\/www.webdo.tn\\\/fr\\\/#organization\"},\"image\":{\"@id\":\"https:\\\/\\\/www.webdo.tn\\\/fr\\\/actualite\\\/mobile\\\/tunisie-telecom-dote-le-sahara-tunisien-des-reseaux-2-et-3g-et-etend-sa-couverture-2\\\/173884\\\/#primaryimage\"},\"thumbnailUrl\":\"https:\\\/\\\/www.webdo.tn\\\/fr\\\/wp-content\\\/uploads\\\/2025\\\/06\\\/citoyens-borj-elkhadhra_173884.jpg\",\"articleSection\":[\"Mobile\"],\"inLanguage\":\"fr-FR\"},{\"@type\":\"WebPage\",\"@id\":\"https:\\\/\\\/www.webdo.tn\\\/fr\\\/actualite\\\/mobile\\\/tunisie-telecom-dote-le-sahara-tunisien-des-reseaux-2-et-3g-et-etend-sa-couverture-2\\\/173884\\\/\",\"url\":\"https:\\\/\\\/www.webdo.tn\\\/fr\\\/actualite\\\/mobile\\\/tunisie-telecom-dote-le-sahara-tunisien-des-reseaux-2-et-3g-et-etend-sa-couverture-2\\\/173884\\\/\",\"name\":\"Tunisie Telecom dote le Sahara tunisien des r\u00e9seaux 2 et 3G et \u00e9tend sa couverture\",\"isPartOf\":{\"@id\":\"https:\\\/\\\/www.webdo.tn\\\/fr\\\/#website\"},\"primaryImageOfPage\":{\"@id\":\"https:\\\/\\\/www.webdo.tn\\\/fr\\\/actualite\\\/mobile\\\/tunisie-telecom-dote-le-sahara-tunisien-des-reseaux-2-et-3g-et-etend-sa-couverture-2\\\/173884\\\/#primaryimage\"},\"image\":{\"@id\":\"https:\\\/\\\/www.webdo.tn\\\/fr\\\/actualite\\\/mobile\\\/tunisie-telecom-dote-le-sahara-tunisien-des-reseaux-2-et-3g-et-etend-sa-couverture-2\\\/173884\\\/#primaryimage\"},\"thumbnailUrl\":\"https:\\\/\\\/www.webdo.tn\\\/fr\\\/wp-content\\\/uploads\\\/2025\\\/06\\\/citoyens-borj-elkhadhra_173884.jpg\",\"datePublished\":\"2014-05-21T10:09:00+00:00\",\"dateModified\":\"2025-06-04T18:26:06+00:00\",\"description\":\"Tunisie Telecom dote le Sahara tunisien des r\u00e9seaux 2 et 3G et \u00e9tend sa couverture\",\"breadcrumb\":{\"@id\":\"https:\\\/\\\/www.webdo.tn\\\/fr\\\/actualite\\\/mobile\\\/tunisie-telecom-dote-le-sahara-tunisien-des-reseaux-2-et-3g-et-etend-sa-couverture-2\\\/173884\\\/#breadcrumb\"},\"inLanguage\":\"fr-FR\",\"potentialAction\":[{\"@type\":\"ReadAction\",\"target\":[\"https:\\\/\\\/www.webdo.tn\\\/fr\\\/actualite\\\/mobile\\\/tunisie-telecom-dote-le-sahara-tunisien-des-reseaux-2-et-3g-et-etend-sa-couverture-2\\\/173884\\\/\"]}]},{\"@type\":\"ImageObject\",\"inLanguage\":\"fr-FR\",\"@id\":\"https:\\\/\\\/www.webdo.tn\\\/fr\\\/actualite\\\/mobile\\\/tunisie-telecom-dote-le-sahara-tunisien-des-reseaux-2-et-3g-et-etend-sa-couverture-2\\\/173884\\\/#primaryimage\",\"url\":\"https:\\\/\\\/www.webdo.tn\\\/fr\\\/wp-content\\\/uploads\\\/2025\\\/06\\\/citoyens-borj-elkhadhra_173884.jpg\",\"contentUrl\":\"https:\\\/\\\/www.webdo.tn\\\/fr\\\/wp-content\\\/uploads\\\/2025\\\/06\\\/citoyens-borj-elkhadhra_173884.jpg\",\"width\":500,\"height\":375,\"caption\":\"Tunisie Telecom dote le Sahara tunisien des r\u00e9seaux 2 et 3G et \u00e9tend sa couverture\"},{\"@type\":\"BreadcrumbList\",\"@id\":\"https:\\\/\\\/www.webdo.tn\\\/fr\\\/actualite\\\/mobile\\\/tunisie-telecom-dote-le-sahara-tunisien-des-reseaux-2-et-3g-et-etend-sa-couverture-2\\\/173884\\\/#breadcrumb\",\"itemListElement\":[{\"@type\":\"ListItem\",\"position\":1,\"name\":\"Accueil\",\"item\":\"https:\\\/\\\/www.webdo.tn\\\/fr\\\/\"},{\"@type\":\"ListItem\",\"position\":2,\"name\":\"Tunisie Telecom dote le Sahara tunisien des r\u00e9seaux 2 et 3G et \u00e9tend sa couverture\"}]},{\"@type\":\"WebSite\",\"@id\":\"https:\\\/\\\/www.webdo.tn\\\/fr\\\/#website\",\"url\":\"https:\\\/\\\/www.webdo.tn\\\/fr\\\/\",\"name\":\"webdo\",\"description\":\"Tunisie - News en Tunisie et \u00e0 l&#039;international sur Webdo.tn\",\"publisher\":{\"@id\":\"https:\\\/\\\/www.webdo.tn\\\/fr\\\/#organization\"},\"potentialAction\":[{\"@type\":\"SearchAction\",\"target\":{\"@type\":\"EntryPoint\",\"urlTemplate\":\"https:\\\/\\\/www.webdo.tn\\\/fr\\\/?s={search_term_string}\"},\"query-input\":{\"@type\":\"PropertyValueSpecification\",\"valueRequired\":true,\"valueName\":\"search_term_string\"}}],\"inLanguage\":\"fr-FR\"},{\"@type\":\"Organization\",\"@id\":\"https:\\\/\\\/www.webdo.tn\\\/fr\\\/#organization\",\"name\":\"Webdo\",\"alternateName\":\"Webdo.tn\",\"url\":\"https:\\\/\\\/www.webdo.tn\\\/fr\\\/\",\"logo\":{\"@type\":\"ImageObject\",\"inLanguage\":\"fr-FR\",\"@id\":\"https:\\\/\\\/www.webdo.tn\\\/fr\\\/#\\\/schema\\\/logo\\\/image\\\/\",\"url\":\"https:\\\/\\\/www.webdo.tn\\\/fr\\\/wp-content\\\/uploads\\\/2025\\\/06\\\/Webdo-Tunisie_168377.jpg\",\"contentUrl\":\"https:\\\/\\\/www.webdo.tn\\\/fr\\\/wp-content\\\/uploads\\\/2025\\\/06\\\/Webdo-Tunisie_168377.jpg\",\"width\":301,\"height\":301,\"caption\":\"Webdo\"},\"image\":{\"@id\":\"https:\\\/\\\/www.webdo.tn\\\/fr\\\/#\\\/schema\\\/logo\\\/image\\\/\"},\"sameAs\":[\"https:\\\/\\\/www.facebook.com\\\/webdotn\",\"https:\\\/\\\/x.com\\\/webdo_tn\"],\"description\":\"Webdo est un m\u00e9dia num\u00e9rique tunisien fond\u00e9 en 2010, sp\u00e9cialis\u00e9 dans l\u2019actualit\u00e9 nationale et internationale, l\u2019\u00e9conomie, la soci\u00e9t\u00e9 et les analyses politiques. Le site s\u2019adresse \u00e0 un large public francophone et couvre l\u2019information tunisienne en temps r\u00e9el.\",\"email\":\"redac@webdo.tn\",\"legalName\":\"YNJ SARL\",\"foundingDate\":\"2010-09-06\",\"numberOfEmployees\":{\"@type\":\"QuantitativeValue\",\"minValue\":\"11\",\"maxValue\":\"50\"}},{\"@type\":\"Person\",\"@id\":\"https:\\\/\\\/www.webdo.tn\\\/fr\\\/#\\\/schema\\\/person\\\/9a9c6118d687c117df8ef3cc36a4d175\",\"name\":\"webdo.tn\",\"image\":{\"@type\":\"ImageObject\",\"inLanguage\":\"fr-FR\",\"@id\":\"https:\\\/\\\/secure.gravatar.com\\\/avatar\\\/7ce1f28c0c3bbac99ff550b85ef8e44a6950c6ee24514fb6a5489e51d06f0298?s=96&d=mm&r=g\",\"url\":\"https:\\\/\\\/secure.gravatar.com\\\/avatar\\\/7ce1f28c0c3bbac99ff550b85ef8e44a6950c6ee24514fb6a5489e51d06f0298?s=96&d=mm&r=g\",\"contentUrl\":\"https:\\\/\\\/secure.gravatar.com\\\/avatar\\\/7ce1f28c0c3bbac99ff550b85ef8e44a6950c6ee24514fb6a5489e51d06f0298?s=96&d=mm&r=g\",\"caption\":\"webdo.tn\"},\"url\":\"https:\\\/\\\/www.webdo.tn\\\/fr\\\/actualite\\\/author\\\/webdotn\\\/\"}]}<\/script>\n<!-- \/ Yoast SEO Premium plugin. -->","yoast_head_json":{"title":"Tunisie Telecom dote le Sahara tunisien des r\u00e9seaux 2 et 3G et \u00e9tend sa couverture","description":"Tunisie Telecom dote le Sahara tunisien des r\u00e9seaux 2 et 3G et \u00e9tend sa couverture","canonical":"https:\/\/www.webdo.tn\/fr\/actualite\/mobile\/tunisie-telecom-dote-le-sahara-tunisien-des-reseaux-2-et-3g-et-etend-sa-couverture-2\/173884\/","og_locale":"fr_FR","og_type":"article","og_title":"Tunisie Telecom dote le Sahara tunisien des r\u00e9seaux 2 et 3G et \u00e9tend sa couverture","og_description":"Tunisie Telecom dote le Sahara tunisien des r\u00e9seaux 2 et 3G et \u00e9tend sa couverture","og_url":"https:\/\/www.webdo.tn\/fr\/actualite\/mobile\/tunisie-telecom-dote-le-sahara-tunisien-des-reseaux-2-et-3g-et-etend-sa-couverture-2\/173884\/","og_site_name":"webdo","article_publisher":"https:\/\/www.facebook.com\/webdotn","article_published_time":"2014-05-21T10:09:00+00:00","article_modified_time":"2025-06-04T18:26:06+00:00","author":"webdo.tn","twitter_card":"summary_large_image","twitter_creator":"@webdo_tn","twitter_site":"@webdo_tn","twitter_misc":{"\u00c9crit par":"webdo.tn","Dur\u00e9e de lecture estim\u00e9e":"3 minutes"},"schema":{"@context":"https:\/\/schema.org","@graph":[{"@type":"NewsArticle","@id":"https:\/\/www.webdo.tn\/fr\/actualite\/mobile\/tunisie-telecom-dote-le-sahara-tunisien-des-reseaux-2-et-3g-et-etend-sa-couverture-2\/173884\/#article","isPartOf":{"@id":"https:\/\/www.webdo.tn\/fr\/actualite\/mobile\/tunisie-telecom-dote-le-sahara-tunisien-des-reseaux-2-et-3g-et-etend-sa-couverture-2\/173884\/"},"author":{"name":"webdo.tn","@id":"https:\/\/www.webdo.tn\/fr\/#\/schema\/person\/9a9c6118d687c117df8ef3cc36a4d175"},"headline":"Tunisie Telecom dote le Sahara tunisien des r\u00e9seaux 2 et 3G et \u00e9tend sa couverture","datePublished":"2014-05-21T10:09:00+00:00","dateModified":"2025-06-04T18:26:06+00:00","mainEntityOfPage":{"@id":"https:\/\/www.webdo.tn\/fr\/actualite\/mobile\/tunisie-telecom-dote-le-sahara-tunisien-des-reseaux-2-et-3g-et-etend-sa-couverture-2\/173884\/"},"wordCount":587,"commentCount":0,"publisher":{"@id":"https:\/\/www.webdo.tn\/fr\/#organization"},"image":{"@id":"https:\/\/www.webdo.tn\/fr\/actualite\/mobile\/tunisie-telecom-dote-le-sahara-tunisien-des-reseaux-2-et-3g-et-etend-sa-couverture-2\/173884\/#primaryimage"},"thumbnailUrl":"https:\/\/www.webdo.tn\/fr\/wp-content\/uploads\/2025\/06\/citoyens-borj-elkhadhra_173884.jpg","articleSection":["Mobile"],"inLanguage":"fr-FR"},{"@type":"WebPage","@id":"https:\/\/www.webdo.tn\/fr\/actualite\/mobile\/tunisie-telecom-dote-le-sahara-tunisien-des-reseaux-2-et-3g-et-etend-sa-couverture-2\/173884\/","url":"https:\/\/www.webdo.tn\/fr\/actualite\/mobile\/tunisie-telecom-dote-le-sahara-tunisien-des-reseaux-2-et-3g-et-etend-sa-couverture-2\/173884\/","name":"Tunisie Telecom dote le Sahara tunisien des r\u00e9seaux 2 et 3G et \u00e9tend sa couverture","isPartOf":{"@id":"https:\/\/www.webdo.tn\/fr\/#website"},"primaryImageOfPage":{"@id":"https:\/\/www.webdo.tn\/fr\/actualite\/mobile\/tunisie-telecom-dote-le-sahara-tunisien-des-reseaux-2-et-3g-et-etend-sa-couverture-2\/173884\/#primaryimage"},"image":{"@id":"https:\/\/www.webdo.tn\/fr\/actualite\/mobile\/tunisie-telecom-dote-le-sahara-tunisien-des-reseaux-2-et-3g-et-etend-sa-couverture-2\/173884\/#primaryimage"},"thumbnailUrl":"https:\/\/www.webdo.tn\/fr\/wp-content\/uploads\/2025\/06\/citoyens-borj-elkhadhra_173884.jpg","datePublished":"2014-05-21T10:09:00+00:00","dateModified":"2025-06-04T18:26:06+00:00","description":"Tunisie Telecom dote le Sahara tunisien des r\u00e9seaux 2 et 3G et \u00e9tend sa couverture","breadcrumb":{"@id":"https:\/\/www.webdo.tn\/fr\/actualite\/mobile\/tunisie-telecom-dote-le-sahara-tunisien-des-reseaux-2-et-3g-et-etend-sa-couverture-2\/173884\/#breadcrumb"},"inLanguage":"fr-FR","potentialAction":[{"@type":"ReadAction","target":["https:\/\/www.webdo.tn\/fr\/actualite\/mobile\/tunisie-telecom-dote-le-sahara-tunisien-des-reseaux-2-et-3g-et-etend-sa-couverture-2\/173884\/"]}]},{"@type":"ImageObject","inLanguage":"fr-FR","@id":"https:\/\/www.webdo.tn\/fr\/actualite\/mobile\/tunisie-telecom-dote-le-sahara-tunisien-des-reseaux-2-et-3g-et-etend-sa-couverture-2\/173884\/#primaryimage","url":"https:\/\/www.webdo.tn\/fr\/wp-content\/uploads\/2025\/06\/citoyens-borj-elkhadhra_173884.jpg","contentUrl":"https:\/\/www.webdo.tn\/fr\/wp-content\/uploads\/2025\/06\/citoyens-borj-elkhadhra_173884.jpg","width":500,"height":375,"caption":"Tunisie Telecom dote le Sahara tunisien des r\u00e9seaux 2 et 3G et \u00e9tend sa couverture"},{"@type":"BreadcrumbList","@id":"https:\/\/www.webdo.tn\/fr\/actualite\/mobile\/tunisie-telecom-dote-le-sahara-tunisien-des-reseaux-2-et-3g-et-etend-sa-couverture-2\/173884\/#breadcrumb","itemListElement":[{"@type":"ListItem","position":1,"name":"Accueil","item":"https:\/\/www.webdo.tn\/fr\/"},{"@type":"ListItem","position":2,"name":"Tunisie Telecom dote le Sahara tunisien des r\u00e9seaux 2 et 3G et \u00e9tend sa couverture"}]},{"@type":"WebSite","@id":"https:\/\/www.webdo.tn\/fr\/#website","url":"https:\/\/www.webdo.tn\/fr\/","name":"webdo","description":"Tunisie - News en Tunisie et \u00e0 l&#039;international sur Webdo.tn","publisher":{"@id":"https:\/\/www.webdo.tn\/fr\/#organization"},"potentialAction":[{"@type":"SearchAction","target":{"@type":"EntryPoint","urlTemplate":"https:\/\/www.webdo.tn\/fr\/?s={search_term_string}"},"query-input":{"@type":"PropertyValueSpecification","valueRequired":true,"valueName":"search_term_string"}}],"inLanguage":"fr-FR"},{"@type":"Organization","@id":"https:\/\/www.webdo.tn\/fr\/#organization","name":"Webdo","alternateName":"Webdo.tn","url":"https:\/\/www.webdo.tn\/fr\/","logo":{"@type":"ImageObject","inLanguage":"fr-FR","@id":"https:\/\/www.webdo.tn\/fr\/#\/schema\/logo\/image\/","url":"https:\/\/www.webdo.tn\/fr\/wp-content\/uploads\/2025\/06\/Webdo-Tunisie_168377.jpg","contentUrl":"https:\/\/www.webdo.tn\/fr\/wp-content\/uploads\/2025\/06\/Webdo-Tunisie_168377.jpg","width":301,"height":301,"caption":"Webdo"},"image":{"@id":"https:\/\/www.webdo.tn\/fr\/#\/schema\/logo\/image\/"},"sameAs":["https:\/\/www.facebook.com\/webdotn","https:\/\/x.com\/webdo_tn"],"description":"Webdo est un m\u00e9dia num\u00e9rique tunisien fond\u00e9 en 2010, sp\u00e9cialis\u00e9 dans l\u2019actualit\u00e9 nationale et internationale, l\u2019\u00e9conomie, la soci\u00e9t\u00e9 et les analyses politiques. Le site s\u2019adresse \u00e0 un large public francophone et couvre l\u2019information tunisienne en temps r\u00e9el.","email":"redac@webdo.tn","legalName":"YNJ SARL","foundingDate":"2010-09-06","numberOfEmployees":{"@type":"QuantitativeValue","minValue":"11","maxValue":"50"}},{"@type":"Person","@id":"https:\/\/www.webdo.tn\/fr\/#\/schema\/person\/9a9c6118d687c117df8ef3cc36a4d175","name":"webdo.tn","image":{"@type":"ImageObject","inLanguage":"fr-FR","@id":"https:\/\/secure.gravatar.com\/avatar\/7ce1f28c0c3bbac99ff550b85ef8e44a6950c6ee24514fb6a5489e51d06f0298?s=96&d=mm&r=g","url":"https:\/\/secure.gravatar.com\/avatar\/7ce1f28c0c3bbac99ff550b85ef8e44a6950c6ee24514fb6a5489e51d06f0298?s=96&d=mm&r=g","contentUrl":"https:\/\/secure.gravatar.com\/avatar\/7ce1f28c0c3bbac99ff550b85ef8e44a6950c6ee24514fb6a5489e51d06f0298?s=96&d=mm&r=g","caption":"webdo.tn"},"url":"https:\/\/www.webdo.tn\/fr\/actualite\/author\/webdotn\/"}]}},"_links":{"self":[{"href":"https:\/\/www.webdo.tn\/fr\/wp-json\/wp\/v2\/posts\/173884","targetHints":{"allow":["GET"]}}],"collection":[{"href":"https:\/\/www.webdo.tn\/fr\/wp-json\/wp\/v2\/posts"}],"about":[{"href":"https:\/\/www.webdo.tn\/fr\/wp-json\/wp\/v2\/types\/post"}],"author":[{"embeddable":true,"href":"https:\/\/www.webdo.tn\/fr\/wp-json\/wp\/v2\/users\/3222"}],"replies":[{"embeddable":true,"href":"https:\/\/www.webdo.tn\/fr\/wp-json\/wp\/v2\/comments?post=173884"}],"version-history":[{"count":0,"href":"https:\/\/www.webdo.tn\/fr\/wp-json\/wp\/v2\/posts\/173884\/revisions"}],"wp:featuredmedia":[{"embeddable":true,"href":"https:\/\/www.webdo.tn\/fr\/wp-json\/wp\/v2\/media\/374916"}],"wp:attachment":[{"href":"https:\/\/www.webdo.tn\/fr\/wp-json\/wp\/v2\/media?parent=173884"}],"wp:term":[{"taxonomy":"category","embeddable":true,"href":"https:\/\/www.webdo.tn\/fr\/wp-json\/wp\/v2\/categories?post=173884"},{"taxonomy":"post_tag","embeddable":true,"href":"https:\/\/www.webdo.tn\/fr\/wp-json\/wp\/v2\/tags?post=173884"}],"curies":[{"name":"wp","href":"https:\/\/api.w.org\/{rel}","templated":true}]}}