{"id":173874,"date":"2014-07-08T16:07:00","date_gmt":"2014-07-08T14:07:00","guid":{"rendered":"https:\/\/www.webdo.tn\/fr\/actualite\/mobile\/el-bresil-fel-houma-coupe-du-monde\/173874"},"modified":"2014-07-08T16:07:00","modified_gmt":"2014-07-08T14:07:00","slug":"el-bresil-fel-houma-coupe-du-monde","status":"publish","type":"post","link":"https:\/\/www.webdo.tn\/fr\/actualite\/mobile\/el-bresil-fel-houma-coupe-du-monde\/173874\/","title":{"rendered":"\u00abEl Br\u00e9sil Fel Houma\u00bb, la Coupe du monde pour tous"},"content":{"rendered":"<p>La Coupe du monde de football fait vibrer les gens et le Mondial qui se d\u00e9roule actuellement au Br\u00e9sil ne fait pas exception. Durant un mois, la plan\u00e8te toute enti\u00e8re vit au rythme du ballon rond, des matches, des stades, des supporters, des joies, des buts\u2026 Tout \u00e7a \u00e0 la t\u00e9l\u00e9vision, faisant du Mondial un \u00e9v\u00e9nement incontournable.<\/p>\n<p>En Tunisie, la fi\u00e8vre du Mondial est rest\u00e9e intacte bien que les canaux diffusant les matches de Coupe du monde ne sont pas toujours \u00e0 la port\u00e9e des Tunisiens. Tunisie Telecom a, ici, jou\u00e9 son r\u00f4le habituel d\u2019entreprise citoyenne en encourageant activement le sport et surtout en se souciant des passionn\u00e9s du football d\u00e9sirant suivre les matches du Mondial br\u00e9silien. C\u2019est ainsi que Tunisie Telecom, a mis en place une s\u00e9rie d&rsquo;actions in\u00e9dites pour faire vivre cette Coupe du monde aux Tunisiens.<\/p>\n<p>Elle a d\u2019abord instaur\u00e9 une tradition d\u00e9j\u00e0 pr\u00e9sente en Europe en diffusant les matches de Coupe du monde sur diff\u00e9rents sites. Il s\u2019agit de la manifestation \u00abEl Br\u00e9sil Fel Houma\u00bb, qui a connu un succ\u00e8s \u00e9vident. A travers la diffusion de tous les matchs du Mondial gratuitement via 29 sites de projection, implant\u00e9s dans diverses r\u00e9gions du pays, Tunisie Telecom a permis \u00e0 de nombreux Tunisiens de suivre les matches de Coupe du monde dans une ambiance toujours conviviale.<\/p>\n<p>L\u2019exp\u00e9rience a \u00e9t\u00e9 faite, vendredi 4 juin dernier. Un site de projection de Tunisie Telecom aux berges du Lac I, d\u00e9di\u00e9 \u00e0 la diffusion du quart de finale Br\u00e9sil \u2013 Colombie a \u00e9t\u00e9 l\u2019occasion de participer \u00e0 l\u2019action \u00abEl Br\u00e9sil Fel Houma\u00bb avec en prime, la pr\u00e9sence du PDG de Tunisie Telecom, M. Mokhtar Mnakri.<\/p>\n<p> Se gardant de donner un pronostic ou d\u2019afficher ses pr\u00e9f\u00e9rences entre le br\u00e9sil ou la Colombie, M. Mnakri a surtout soulign\u00e9 qu\u2019\u00e0 travers ce genre d\u2019op\u00e9ration, Tunisie Telecom participe avec fiert\u00e9 au soutien des sportifs et des athl\u00e8tes tunisiens dans diverses disciplines, et des jeunes talents \u00e0 travers tout le territoire national.<\/p>\n<p>En plus de la manifestation \u00abEl Br\u00e9sil Fel Houma\u00bb, Tunisie Telecom a lanc\u00e9 depuis le 17 juin \u00e9coul\u00e9, et ce pour la 1\u00e8re fois en Tunisie, \u00abFreestili\u00bb, un concours de footBall Freestyle afin de permettre \u00e0 tout \u00ab Kaouarji \u00bb fan du football artistique de jongler en toute originalit\u00e9 et cr\u00e9ativit\u00e9 avec le ballon rond en vue de gagner un voyage en France pour y rencontrer \u00abGautier Fayolle\u00bb, le champion du monde de \u00ab Freestili \u00bb.<\/p>\n<p>De plus, et gr\u00e2ce \u00e0 l&rsquo;application \u00ab\u00a0TTCup 2014\u00a0\u00bb, les abonn\u00e9s TT passionn\u00e9s du football sont inform\u00e9s \u00e0 temps de toutes les informations relatives \u00e0 cette coupe du monde, que ce soit sur les terrains ou dans les coulisses. Cette application fonctionne sur les Smartphones et les tablettes sous Android et iOS, et est t\u00e9l\u00e9chargeable gratuitement sur \u00abGoogle play\u00bb et \u00abApp Store\u00bb.<\/p>\n<p>Tunisie Telecom s&rsquo;est adress\u00e9e \u00e9galement \u00e0 la client\u00e8le qui souhaite suivre le Mondial confortablement chez elle, en leur proposant le Pack TT Sp\u00e9cial Mondial, le plus comp\u00e9titif sur le march\u00e9 qui se compose d&rsquo;un d\u00e9codeur de type Humax avec le MOBI 50 avec engagement de 24 mois.<\/p>\n<p>Plus de d\u00e9tails sur ces actions \u00e9labor\u00e9es par Tunisie Telecom sont disponibles sur :<br \/>\nwww.tunisietelecom.tn et la page facebook : www.facebook.com\/TunisieTelecom.PageOfficielle<\/p>\n","protected":false},"excerpt":{"rendered":"<p>La Coupe du monde de football fait vibrer les gens et le Mondial qui se d\u00e9roule actuellement au Br\u00e9sil ne fait pas exception. Durant un mois, la plan\u00e8te<\/p>\n","protected":false},"author":3222,"featured_media":374930,"comment_status":"open","ping_status":"open","sticky":false,"template":"","format":"standard","meta":{"footnotes":""},"categories":[11339],"tags":[],"class_list":["post-173874","post","type-post","status-publish","format-standard","has-post-thumbnail","hentry","category-mobile"],"yoast_head":"<!-- This site is optimized with the Yoast SEO Premium plugin v27.5 (Yoast SEO v27.5) - https:\/\/yoast.com\/product\/yoast-seo-premium-wordpress\/ -->\n<title>\u00abEl Br\u00e9sil Fel Houma\u00bb, la Coupe du monde pour tous<\/title>\n<meta name=\"description\" content=\"\u00abEl Br\u00e9sil Fel Houma\u00bb, la Coupe du monde pour tous\" \/>\n<link rel=\"canonical\" href=\"https:\/\/www.webdo.tn\/fr\/actualite\/mobile\/el-bresil-fel-houma-coupe-du-monde\/173874\/\" \/>\n<meta property=\"og:locale\" content=\"fr_FR\" \/>\n<meta property=\"og:type\" content=\"article\" \/>\n<meta property=\"og:title\" content=\"\u00abEl Br\u00e9sil Fel Houma\u00bb, la Coupe du monde pour tous\" \/>\n<meta property=\"og:description\" content=\"\u00abEl Br\u00e9sil Fel Houma\u00bb, la Coupe du monde pour tous\" \/>\n<meta property=\"og:url\" content=\"https:\/\/www.webdo.tn\/fr\/actualite\/mobile\/el-bresil-fel-houma-coupe-du-monde\/173874\/\" \/>\n<meta property=\"og:site_name\" content=\"webdo\" \/>\n<meta property=\"article:publisher\" content=\"https:\/\/www.facebook.com\/webdotn\" \/>\n<meta property=\"article:published_time\" content=\"2014-07-08T14:07:00+00:00\" \/>\n<meta property=\"og:image\" content=\"https:\/\/www.webdo.tn\/fr\/wp-content\/uploads\/2025\/06\/3_173874.jpg\" \/>\n\t<meta property=\"og:image:width\" content=\"550\" \/>\n\t<meta property=\"og:image:height\" content=\"366\" \/>\n\t<meta property=\"og:image:type\" content=\"image\/jpeg\" \/>\n<meta name=\"author\" content=\"webdo.tn\" \/>\n<meta name=\"twitter:card\" content=\"summary_large_image\" \/>\n<meta name=\"twitter:creator\" content=\"@webdo_tn\" \/>\n<meta name=\"twitter:site\" content=\"@webdo_tn\" \/>\n<meta name=\"twitter:label1\" content=\"\u00c9crit par\" \/>\n\t<meta name=\"twitter:data1\" content=\"webdo.tn\" \/>\n\t<meta name=\"twitter:label2\" content=\"Dur\u00e9e de lecture estim\u00e9e\" \/>\n\t<meta name=\"twitter:data2\" content=\"3 minutes\" \/>\n<script type=\"application\/ld+json\" class=\"yoast-schema-graph\">{\"@context\":\"https:\\\/\\\/schema.org\",\"@graph\":[{\"@type\":\"NewsArticle\",\"@id\":\"https:\\\/\\\/www.webdo.tn\\\/fr\\\/actualite\\\/mobile\\\/el-bresil-fel-houma-coupe-du-monde\\\/173874\\\/#article\",\"isPartOf\":{\"@id\":\"https:\\\/\\\/www.webdo.tn\\\/fr\\\/actualite\\\/mobile\\\/el-bresil-fel-houma-coupe-du-monde\\\/173874\\\/\"},\"author\":{\"name\":\"webdo.tn\",\"@id\":\"https:\\\/\\\/www.webdo.tn\\\/fr\\\/#\\\/schema\\\/person\\\/9a9c6118d687c117df8ef3cc36a4d175\"},\"headline\":\"\u00abEl Br\u00e9sil Fel Houma\u00bb, la Coupe du monde pour tous\",\"datePublished\":\"2014-07-08T14:07:00+00:00\",\"mainEntityOfPage\":{\"@id\":\"https:\\\/\\\/www.webdo.tn\\\/fr\\\/actualite\\\/mobile\\\/el-bresil-fel-houma-coupe-du-monde\\\/173874\\\/\"},\"wordCount\":584,\"commentCount\":0,\"publisher\":{\"@id\":\"https:\\\/\\\/www.webdo.tn\\\/fr\\\/#organization\"},\"image\":{\"@id\":\"https:\\\/\\\/www.webdo.tn\\\/fr\\\/actualite\\\/mobile\\\/el-bresil-fel-houma-coupe-du-monde\\\/173874\\\/#primaryimage\"},\"thumbnailUrl\":\"https:\\\/\\\/www.webdo.tn\\\/fr\\\/wp-content\\\/uploads\\\/2025\\\/06\\\/3_173874.jpg\",\"articleSection\":[\"Mobile\"],\"inLanguage\":\"fr-FR\"},{\"@type\":\"WebPage\",\"@id\":\"https:\\\/\\\/www.webdo.tn\\\/fr\\\/actualite\\\/mobile\\\/el-bresil-fel-houma-coupe-du-monde\\\/173874\\\/\",\"url\":\"https:\\\/\\\/www.webdo.tn\\\/fr\\\/actualite\\\/mobile\\\/el-bresil-fel-houma-coupe-du-monde\\\/173874\\\/\",\"name\":\"\u00abEl Br\u00e9sil Fel Houma\u00bb, la Coupe du monde pour tous\",\"isPartOf\":{\"@id\":\"https:\\\/\\\/www.webdo.tn\\\/fr\\\/#website\"},\"primaryImageOfPage\":{\"@id\":\"https:\\\/\\\/www.webdo.tn\\\/fr\\\/actualite\\\/mobile\\\/el-bresil-fel-houma-coupe-du-monde\\\/173874\\\/#primaryimage\"},\"image\":{\"@id\":\"https:\\\/\\\/www.webdo.tn\\\/fr\\\/actualite\\\/mobile\\\/el-bresil-fel-houma-coupe-du-monde\\\/173874\\\/#primaryimage\"},\"thumbnailUrl\":\"https:\\\/\\\/www.webdo.tn\\\/fr\\\/wp-content\\\/uploads\\\/2025\\\/06\\\/3_173874.jpg\",\"datePublished\":\"2014-07-08T14:07:00+00:00\",\"description\":\"\u00abEl Br\u00e9sil Fel Houma\u00bb, la Coupe du monde pour tous\",\"breadcrumb\":{\"@id\":\"https:\\\/\\\/www.webdo.tn\\\/fr\\\/actualite\\\/mobile\\\/el-bresil-fel-houma-coupe-du-monde\\\/173874\\\/#breadcrumb\"},\"inLanguage\":\"fr-FR\",\"potentialAction\":[{\"@type\":\"ReadAction\",\"target\":[\"https:\\\/\\\/www.webdo.tn\\\/fr\\\/actualite\\\/mobile\\\/el-bresil-fel-houma-coupe-du-monde\\\/173874\\\/\"]}]},{\"@type\":\"ImageObject\",\"inLanguage\":\"fr-FR\",\"@id\":\"https:\\\/\\\/www.webdo.tn\\\/fr\\\/actualite\\\/mobile\\\/el-bresil-fel-houma-coupe-du-monde\\\/173874\\\/#primaryimage\",\"url\":\"https:\\\/\\\/www.webdo.tn\\\/fr\\\/wp-content\\\/uploads\\\/2025\\\/06\\\/3_173874.jpg\",\"contentUrl\":\"https:\\\/\\\/www.webdo.tn\\\/fr\\\/wp-content\\\/uploads\\\/2025\\\/06\\\/3_173874.jpg\",\"width\":550,\"height\":366,\"caption\":\"\u00abEl Br\u00e9sil Fel Houma\u00bb, la Coupe du monde pour tous\"},{\"@type\":\"BreadcrumbList\",\"@id\":\"https:\\\/\\\/www.webdo.tn\\\/fr\\\/actualite\\\/mobile\\\/el-bresil-fel-houma-coupe-du-monde\\\/173874\\\/#breadcrumb\",\"itemListElement\":[{\"@type\":\"ListItem\",\"position\":1,\"name\":\"Accueil\",\"item\":\"https:\\\/\\\/www.webdo.tn\\\/fr\\\/\"},{\"@type\":\"ListItem\",\"position\":2,\"name\":\"\u00abEl Br\u00e9sil Fel Houma\u00bb, la Coupe du monde pour tous\"}]},{\"@type\":\"WebSite\",\"@id\":\"https:\\\/\\\/www.webdo.tn\\\/fr\\\/#website\",\"url\":\"https:\\\/\\\/www.webdo.tn\\\/fr\\\/\",\"name\":\"webdo\",\"description\":\"Tunisie - News en Tunisie et \u00e0 l&#039;international sur Webdo.tn\",\"publisher\":{\"@id\":\"https:\\\/\\\/www.webdo.tn\\\/fr\\\/#organization\"},\"potentialAction\":[{\"@type\":\"SearchAction\",\"target\":{\"@type\":\"EntryPoint\",\"urlTemplate\":\"https:\\\/\\\/www.webdo.tn\\\/fr\\\/?s={search_term_string}\"},\"query-input\":{\"@type\":\"PropertyValueSpecification\",\"valueRequired\":true,\"valueName\":\"search_term_string\"}}],\"inLanguage\":\"fr-FR\"},{\"@type\":\"Organization\",\"@id\":\"https:\\\/\\\/www.webdo.tn\\\/fr\\\/#organization\",\"name\":\"Webdo\",\"alternateName\":\"Webdo.tn\",\"url\":\"https:\\\/\\\/www.webdo.tn\\\/fr\\\/\",\"logo\":{\"@type\":\"ImageObject\",\"inLanguage\":\"fr-FR\",\"@id\":\"https:\\\/\\\/www.webdo.tn\\\/fr\\\/#\\\/schema\\\/logo\\\/image\\\/\",\"url\":\"https:\\\/\\\/www.webdo.tn\\\/fr\\\/wp-content\\\/uploads\\\/2025\\\/06\\\/Webdo-Tunisie_168377.jpg\",\"contentUrl\":\"https:\\\/\\\/www.webdo.tn\\\/fr\\\/wp-content\\\/uploads\\\/2025\\\/06\\\/Webdo-Tunisie_168377.jpg\",\"width\":301,\"height\":301,\"caption\":\"Webdo\"},\"image\":{\"@id\":\"https:\\\/\\\/www.webdo.tn\\\/fr\\\/#\\\/schema\\\/logo\\\/image\\\/\"},\"sameAs\":[\"https:\\\/\\\/www.facebook.com\\\/webdotn\",\"https:\\\/\\\/x.com\\\/webdo_tn\"],\"description\":\"Webdo est un m\u00e9dia num\u00e9rique tunisien fond\u00e9 en 2010, sp\u00e9cialis\u00e9 dans l\u2019actualit\u00e9 nationale et internationale, l\u2019\u00e9conomie, la soci\u00e9t\u00e9 et les analyses politiques. Le site s\u2019adresse \u00e0 un large public francophone et couvre l\u2019information tunisienne en temps r\u00e9el.\",\"email\":\"redac@webdo.tn\",\"legalName\":\"YNJ SARL\",\"foundingDate\":\"2010-09-06\",\"numberOfEmployees\":{\"@type\":\"QuantitativeValue\",\"minValue\":\"11\",\"maxValue\":\"50\"}},{\"@type\":\"Person\",\"@id\":\"https:\\\/\\\/www.webdo.tn\\\/fr\\\/#\\\/schema\\\/person\\\/9a9c6118d687c117df8ef3cc36a4d175\",\"name\":\"webdo.tn\",\"image\":{\"@type\":\"ImageObject\",\"inLanguage\":\"fr-FR\",\"@id\":\"https:\\\/\\\/secure.gravatar.com\\\/avatar\\\/7ce1f28c0c3bbac99ff550b85ef8e44a6950c6ee24514fb6a5489e51d06f0298?s=96&d=mm&r=g\",\"url\":\"https:\\\/\\\/secure.gravatar.com\\\/avatar\\\/7ce1f28c0c3bbac99ff550b85ef8e44a6950c6ee24514fb6a5489e51d06f0298?s=96&d=mm&r=g\",\"contentUrl\":\"https:\\\/\\\/secure.gravatar.com\\\/avatar\\\/7ce1f28c0c3bbac99ff550b85ef8e44a6950c6ee24514fb6a5489e51d06f0298?s=96&d=mm&r=g\",\"caption\":\"webdo.tn\"},\"url\":\"https:\\\/\\\/www.webdo.tn\\\/fr\\\/actualite\\\/author\\\/webdotn\\\/\"}]}<\/script>\n<!-- \/ Yoast SEO Premium plugin. -->","yoast_head_json":{"title":"\u00abEl Br\u00e9sil Fel Houma\u00bb, la Coupe du monde pour tous","description":"\u00abEl Br\u00e9sil Fel Houma\u00bb, la Coupe du monde pour tous","canonical":"https:\/\/www.webdo.tn\/fr\/actualite\/mobile\/el-bresil-fel-houma-coupe-du-monde\/173874\/","og_locale":"fr_FR","og_type":"article","og_title":"\u00abEl Br\u00e9sil Fel Houma\u00bb, la Coupe du monde pour tous","og_description":"\u00abEl Br\u00e9sil Fel Houma\u00bb, la Coupe du monde pour tous","og_url":"https:\/\/www.webdo.tn\/fr\/actualite\/mobile\/el-bresil-fel-houma-coupe-du-monde\/173874\/","og_site_name":"webdo","article_publisher":"https:\/\/www.facebook.com\/webdotn","article_published_time":"2014-07-08T14:07:00+00:00","og_image":[{"width":550,"height":366,"url":"https:\/\/www.webdo.tn\/fr\/wp-content\/uploads\/2025\/06\/3_173874.jpg","type":"image\/jpeg"}],"author":"webdo.tn","twitter_card":"summary_large_image","twitter_creator":"@webdo_tn","twitter_site":"@webdo_tn","twitter_misc":{"\u00c9crit par":"webdo.tn","Dur\u00e9e de lecture estim\u00e9e":"3 minutes"},"schema":{"@context":"https:\/\/schema.org","@graph":[{"@type":"NewsArticle","@id":"https:\/\/www.webdo.tn\/fr\/actualite\/mobile\/el-bresil-fel-houma-coupe-du-monde\/173874\/#article","isPartOf":{"@id":"https:\/\/www.webdo.tn\/fr\/actualite\/mobile\/el-bresil-fel-houma-coupe-du-monde\/173874\/"},"author":{"name":"webdo.tn","@id":"https:\/\/www.webdo.tn\/fr\/#\/schema\/person\/9a9c6118d687c117df8ef3cc36a4d175"},"headline":"\u00abEl Br\u00e9sil Fel Houma\u00bb, la Coupe du monde pour tous","datePublished":"2014-07-08T14:07:00+00:00","mainEntityOfPage":{"@id":"https:\/\/www.webdo.tn\/fr\/actualite\/mobile\/el-bresil-fel-houma-coupe-du-monde\/173874\/"},"wordCount":584,"commentCount":0,"publisher":{"@id":"https:\/\/www.webdo.tn\/fr\/#organization"},"image":{"@id":"https:\/\/www.webdo.tn\/fr\/actualite\/mobile\/el-bresil-fel-houma-coupe-du-monde\/173874\/#primaryimage"},"thumbnailUrl":"https:\/\/www.webdo.tn\/fr\/wp-content\/uploads\/2025\/06\/3_173874.jpg","articleSection":["Mobile"],"inLanguage":"fr-FR"},{"@type":"WebPage","@id":"https:\/\/www.webdo.tn\/fr\/actualite\/mobile\/el-bresil-fel-houma-coupe-du-monde\/173874\/","url":"https:\/\/www.webdo.tn\/fr\/actualite\/mobile\/el-bresil-fel-houma-coupe-du-monde\/173874\/","name":"\u00abEl Br\u00e9sil Fel Houma\u00bb, la Coupe du monde pour tous","isPartOf":{"@id":"https:\/\/www.webdo.tn\/fr\/#website"},"primaryImageOfPage":{"@id":"https:\/\/www.webdo.tn\/fr\/actualite\/mobile\/el-bresil-fel-houma-coupe-du-monde\/173874\/#primaryimage"},"image":{"@id":"https:\/\/www.webdo.tn\/fr\/actualite\/mobile\/el-bresil-fel-houma-coupe-du-monde\/173874\/#primaryimage"},"thumbnailUrl":"https:\/\/www.webdo.tn\/fr\/wp-content\/uploads\/2025\/06\/3_173874.jpg","datePublished":"2014-07-08T14:07:00+00:00","description":"\u00abEl Br\u00e9sil Fel Houma\u00bb, la Coupe du monde pour tous","breadcrumb":{"@id":"https:\/\/www.webdo.tn\/fr\/actualite\/mobile\/el-bresil-fel-houma-coupe-du-monde\/173874\/#breadcrumb"},"inLanguage":"fr-FR","potentialAction":[{"@type":"ReadAction","target":["https:\/\/www.webdo.tn\/fr\/actualite\/mobile\/el-bresil-fel-houma-coupe-du-monde\/173874\/"]}]},{"@type":"ImageObject","inLanguage":"fr-FR","@id":"https:\/\/www.webdo.tn\/fr\/actualite\/mobile\/el-bresil-fel-houma-coupe-du-monde\/173874\/#primaryimage","url":"https:\/\/www.webdo.tn\/fr\/wp-content\/uploads\/2025\/06\/3_173874.jpg","contentUrl":"https:\/\/www.webdo.tn\/fr\/wp-content\/uploads\/2025\/06\/3_173874.jpg","width":550,"height":366,"caption":"\u00abEl Br\u00e9sil Fel Houma\u00bb, la Coupe du monde pour tous"},{"@type":"BreadcrumbList","@id":"https:\/\/www.webdo.tn\/fr\/actualite\/mobile\/el-bresil-fel-houma-coupe-du-monde\/173874\/#breadcrumb","itemListElement":[{"@type":"ListItem","position":1,"name":"Accueil","item":"https:\/\/www.webdo.tn\/fr\/"},{"@type":"ListItem","position":2,"name":"\u00abEl Br\u00e9sil Fel Houma\u00bb, la Coupe du monde pour tous"}]},{"@type":"WebSite","@id":"https:\/\/www.webdo.tn\/fr\/#website","url":"https:\/\/www.webdo.tn\/fr\/","name":"webdo","description":"Tunisie - News en Tunisie et \u00e0 l&#039;international sur Webdo.tn","publisher":{"@id":"https:\/\/www.webdo.tn\/fr\/#organization"},"potentialAction":[{"@type":"SearchAction","target":{"@type":"EntryPoint","urlTemplate":"https:\/\/www.webdo.tn\/fr\/?s={search_term_string}"},"query-input":{"@type":"PropertyValueSpecification","valueRequired":true,"valueName":"search_term_string"}}],"inLanguage":"fr-FR"},{"@type":"Organization","@id":"https:\/\/www.webdo.tn\/fr\/#organization","name":"Webdo","alternateName":"Webdo.tn","url":"https:\/\/www.webdo.tn\/fr\/","logo":{"@type":"ImageObject","inLanguage":"fr-FR","@id":"https:\/\/www.webdo.tn\/fr\/#\/schema\/logo\/image\/","url":"https:\/\/www.webdo.tn\/fr\/wp-content\/uploads\/2025\/06\/Webdo-Tunisie_168377.jpg","contentUrl":"https:\/\/www.webdo.tn\/fr\/wp-content\/uploads\/2025\/06\/Webdo-Tunisie_168377.jpg","width":301,"height":301,"caption":"Webdo"},"image":{"@id":"https:\/\/www.webdo.tn\/fr\/#\/schema\/logo\/image\/"},"sameAs":["https:\/\/www.facebook.com\/webdotn","https:\/\/x.com\/webdo_tn"],"description":"Webdo est un m\u00e9dia num\u00e9rique tunisien fond\u00e9 en 2010, sp\u00e9cialis\u00e9 dans l\u2019actualit\u00e9 nationale et internationale, l\u2019\u00e9conomie, la soci\u00e9t\u00e9 et les analyses politiques. Le site s\u2019adresse \u00e0 un large public francophone et couvre l\u2019information tunisienne en temps r\u00e9el.","email":"redac@webdo.tn","legalName":"YNJ SARL","foundingDate":"2010-09-06","numberOfEmployees":{"@type":"QuantitativeValue","minValue":"11","maxValue":"50"}},{"@type":"Person","@id":"https:\/\/www.webdo.tn\/fr\/#\/schema\/person\/9a9c6118d687c117df8ef3cc36a4d175","name":"webdo.tn","image":{"@type":"ImageObject","inLanguage":"fr-FR","@id":"https:\/\/secure.gravatar.com\/avatar\/7ce1f28c0c3bbac99ff550b85ef8e44a6950c6ee24514fb6a5489e51d06f0298?s=96&d=mm&r=g","url":"https:\/\/secure.gravatar.com\/avatar\/7ce1f28c0c3bbac99ff550b85ef8e44a6950c6ee24514fb6a5489e51d06f0298?s=96&d=mm&r=g","contentUrl":"https:\/\/secure.gravatar.com\/avatar\/7ce1f28c0c3bbac99ff550b85ef8e44a6950c6ee24514fb6a5489e51d06f0298?s=96&d=mm&r=g","caption":"webdo.tn"},"url":"https:\/\/www.webdo.tn\/fr\/actualite\/author\/webdotn\/"}]}},"_links":{"self":[{"href":"https:\/\/www.webdo.tn\/fr\/wp-json\/wp\/v2\/posts\/173874","targetHints":{"allow":["GET"]}}],"collection":[{"href":"https:\/\/www.webdo.tn\/fr\/wp-json\/wp\/v2\/posts"}],"about":[{"href":"https:\/\/www.webdo.tn\/fr\/wp-json\/wp\/v2\/types\/post"}],"author":[{"embeddable":true,"href":"https:\/\/www.webdo.tn\/fr\/wp-json\/wp\/v2\/users\/3222"}],"replies":[{"embeddable":true,"href":"https:\/\/www.webdo.tn\/fr\/wp-json\/wp\/v2\/comments?post=173874"}],"version-history":[{"count":0,"href":"https:\/\/www.webdo.tn\/fr\/wp-json\/wp\/v2\/posts\/173874\/revisions"}],"wp:featuredmedia":[{"embeddable":true,"href":"https:\/\/www.webdo.tn\/fr\/wp-json\/wp\/v2\/media\/374930"}],"wp:attachment":[{"href":"https:\/\/www.webdo.tn\/fr\/wp-json\/wp\/v2\/media?parent=173874"}],"wp:term":[{"taxonomy":"category","embeddable":true,"href":"https:\/\/www.webdo.tn\/fr\/wp-json\/wp\/v2\/categories?post=173874"},{"taxonomy":"post_tag","embeddable":true,"href":"https:\/\/www.webdo.tn\/fr\/wp-json\/wp\/v2\/tags?post=173874"}],"curies":[{"name":"wp","href":"https:\/\/api.w.org\/{rel}","templated":true}]}}