{"id":173872,"date":"2014-07-11T11:59:00","date_gmt":"2014-07-11T09:59:00","guid":{"rendered":"https:\/\/www.webdo.tn\/fr\/actualite\/mobile\/orange-relance-loffre-%d8%a5%d8%af%d9%88%d9%8b%d8%ae-prix-minute-moins-cher-du-marche\/173872"},"modified":"2014-07-11T11:59:00","modified_gmt":"2014-07-11T09:59:00","slug":"orange-relance-loffre-%d8%a5%d8%af%d9%88%d9%8b%d8%ae-prix-minute-moins-cher-du-marche","status":"publish","type":"post","link":"https:\/\/www.webdo.tn\/fr\/actualite\/mobile\/orange-relance-loffre-%d8%a5%d8%af%d9%88%d9%8b%d8%ae-prix-minute-moins-cher-du-marche\/173872\/","title":{"rendered":"Orange relance l\u2019offre \u00ab \u0625\u062f\u0648\u064b\u062e \u00bb avec le prix minute le moins cher du march\u00e9"},"content":{"rendered":"<p>A partir d&rsquo;aujourd&rsquo;hui, vendredi 11 juillet 2014, Orange commercialise \u00e0 nouveau l\u2019offre \u00ab \u0625\u062f\u0648\u064b\u062e \u00bb, l\u2019offre qui permet de b\u00e9n\u00e9ficier en exclusivit\u00e9 du prix minute le moins cher du march\u00e9 et d\u2019appeler vers tous les op\u00e9rateurs fixe et mobile en Tunisie \u00e0 seulement 40 millimes la minute 7j\/7 et 24h\/24.<\/p>\n<p>Cette offre permet \u00e9galement de profiter de 700Mo de bonus internet mobile 3G, chaque mois suite \u00e0 la consommation de 10dt par mois. Le prix minute et le bonus internet mobile de l\u2019offre \u00ab Edawa5 \u00bb sont valables \u00e0 vie.<\/p>\n<p>Par ailleurs, Orange continue \u00e0 offrir le meilleur tarif \u00e0 ses abonn\u00e9s \u00e0 seulement 40 millimes la minute avec toujours du bonus internet mobile 3G inclus dans toutes ses offres.<\/p>\n<p>Pour profiter de cette offre \u00ab Edawa5 \u00bb, il suffit de souscrire dans les plus brefs d\u00e9lais dans une des boutiques ou points de vente Orange, cette offre \u00e9tant valable dans la limite des stocks disponibles.<\/p>\n","protected":false},"excerpt":{"rendered":"<p>A partir d&rsquo;aujourd&rsquo;hui, vendredi 11 juillet 2014, Orange commercialise \u00e0 nouveau l\u2019offre \u00ab \u0625\u062f\u0648\u064b\u062e \u00bb, l\u2019offre qui permet de b\u00e9n\u00e9ficier en exclu<\/p>\n","protected":false},"author":3222,"featured_media":373899,"comment_status":"open","ping_status":"open","sticky":false,"template":"","format":"standard","meta":{"footnotes":""},"categories":[11339],"tags":[],"class_list":["post-173872","post","type-post","status-publish","format-standard","has-post-thumbnail","hentry","category-mobile"],"yoast_head":"<!-- This site is optimized with the Yoast SEO Premium plugin v27.5 (Yoast SEO v27.5) - https:\/\/yoast.com\/product\/yoast-seo-premium-wordpress\/ -->\n<title>Orange relance l\u2019offre \u00ab \u0625\u062f\u0648\u064b\u062e \u00bb avec le prix minute le moins cher du march\u00e9<\/title>\n<meta name=\"description\" content=\"Orange relance l\u2019offre \u00ab \u0625\u062f\u0648\u064b\u062e \u00bb avec le prix minute le moins cher du march\u00e9\" \/>\n<link rel=\"canonical\" href=\"https:\/\/www.webdo.tn\/fr\/actualite\/mobile\/orange-relance-loffre-\u0625\u062f\u0648\u064b\u062e-prix-minute-moins-cher-du-marche\/173872\/\" \/>\n<meta property=\"og:locale\" content=\"fr_FR\" \/>\n<meta property=\"og:type\" content=\"article\" \/>\n<meta property=\"og:title\" content=\"Orange relance l\u2019offre \u00ab \u0625\u062f\u0648\u064b\u062e \u00bb avec le prix minute le moins cher du march\u00e9\" \/>\n<meta property=\"og:description\" content=\"Orange relance l\u2019offre \u00ab \u0625\u062f\u0648\u064b\u062e \u00bb avec le prix minute le moins cher du march\u00e9\" \/>\n<meta property=\"og:url\" content=\"https:\/\/www.webdo.tn\/fr\/actualite\/mobile\/orange-relance-loffre-\u0625\u062f\u0648\u064b\u062e-prix-minute-moins-cher-du-marche\/173872\/\" \/>\n<meta property=\"og:site_name\" content=\"webdo\" \/>\n<meta property=\"article:publisher\" content=\"https:\/\/www.facebook.com\/webdotn\" \/>\n<meta property=\"article:published_time\" content=\"2014-07-11T09:59:00+00:00\" \/>\n<meta property=\"og:image\" content=\"https:\/\/www.webdo.tn\/fr\/wp-content\/uploads\/2025\/06\/logo-orange_173872.jpg\" \/>\n\t<meta property=\"og:image:width\" content=\"320\" \/>\n\t<meta property=\"og:image:height\" content=\"320\" \/>\n\t<meta property=\"og:image:type\" content=\"image\/jpeg\" \/>\n<meta name=\"author\" content=\"webdo.tn\" \/>\n<meta name=\"twitter:card\" content=\"summary_large_image\" \/>\n<meta name=\"twitter:creator\" content=\"@webdo_tn\" \/>\n<meta name=\"twitter:site\" content=\"@webdo_tn\" \/>\n<meta name=\"twitter:label1\" content=\"\u00c9crit par\" \/>\n\t<meta name=\"twitter:data1\" content=\"webdo.tn\" \/>\n\t<meta name=\"twitter:label2\" content=\"Dur\u00e9e de lecture estim\u00e9e\" \/>\n\t<meta name=\"twitter:data2\" content=\"1 minute\" \/>\n<script type=\"application\/ld+json\" class=\"yoast-schema-graph\">{\"@context\":\"https:\\\/\\\/schema.org\",\"@graph\":[{\"@type\":\"NewsArticle\",\"@id\":\"https:\\\/\\\/www.webdo.tn\\\/fr\\\/actualite\\\/mobile\\\/orange-relance-loffre-%d8%a5%d8%af%d9%88%d9%8b%d8%ae-prix-minute-moins-cher-du-marche\\\/173872\\\/#article\",\"isPartOf\":{\"@id\":\"https:\\\/\\\/www.webdo.tn\\\/fr\\\/actualite\\\/mobile\\\/orange-relance-loffre-%d8%a5%d8%af%d9%88%d9%8b%d8%ae-prix-minute-moins-cher-du-marche\\\/173872\\\/\"},\"author\":{\"name\":\"webdo.tn\",\"@id\":\"https:\\\/\\\/www.webdo.tn\\\/fr\\\/#\\\/schema\\\/person\\\/9a9c6118d687c117df8ef3cc36a4d175\"},\"headline\":\"Orange relance l\u2019offre \u00ab \u0625\u062f\u0648\u064b\u062e \u00bb avec le prix minute le moins cher du march\u00e9\",\"datePublished\":\"2014-07-11T09:59:00+00:00\",\"mainEntityOfPage\":{\"@id\":\"https:\\\/\\\/www.webdo.tn\\\/fr\\\/actualite\\\/mobile\\\/orange-relance-loffre-%d8%a5%d8%af%d9%88%d9%8b%d8%ae-prix-minute-moins-cher-du-marche\\\/173872\\\/\"},\"wordCount\":162,\"commentCount\":0,\"publisher\":{\"@id\":\"https:\\\/\\\/www.webdo.tn\\\/fr\\\/#organization\"},\"image\":{\"@id\":\"https:\\\/\\\/www.webdo.tn\\\/fr\\\/actualite\\\/mobile\\\/orange-relance-loffre-%d8%a5%d8%af%d9%88%d9%8b%d8%ae-prix-minute-moins-cher-du-marche\\\/173872\\\/#primaryimage\"},\"thumbnailUrl\":\"https:\\\/\\\/www.webdo.tn\\\/fr\\\/wp-content\\\/uploads\\\/2025\\\/06\\\/logo-orange_173872.jpg\",\"articleSection\":[\"Mobile\"],\"inLanguage\":\"fr-FR\"},{\"@type\":\"WebPage\",\"@id\":\"https:\\\/\\\/www.webdo.tn\\\/fr\\\/actualite\\\/mobile\\\/orange-relance-loffre-%d8%a5%d8%af%d9%88%d9%8b%d8%ae-prix-minute-moins-cher-du-marche\\\/173872\\\/\",\"url\":\"https:\\\/\\\/www.webdo.tn\\\/fr\\\/actualite\\\/mobile\\\/orange-relance-loffre-%d8%a5%d8%af%d9%88%d9%8b%d8%ae-prix-minute-moins-cher-du-marche\\\/173872\\\/\",\"name\":\"Orange relance l\u2019offre \u00ab \u0625\u062f\u0648\u064b\u062e \u00bb avec le prix minute le moins cher du march\u00e9\",\"isPartOf\":{\"@id\":\"https:\\\/\\\/www.webdo.tn\\\/fr\\\/#website\"},\"primaryImageOfPage\":{\"@id\":\"https:\\\/\\\/www.webdo.tn\\\/fr\\\/actualite\\\/mobile\\\/orange-relance-loffre-%d8%a5%d8%af%d9%88%d9%8b%d8%ae-prix-minute-moins-cher-du-marche\\\/173872\\\/#primaryimage\"},\"image\":{\"@id\":\"https:\\\/\\\/www.webdo.tn\\\/fr\\\/actualite\\\/mobile\\\/orange-relance-loffre-%d8%a5%d8%af%d9%88%d9%8b%d8%ae-prix-minute-moins-cher-du-marche\\\/173872\\\/#primaryimage\"},\"thumbnailUrl\":\"https:\\\/\\\/www.webdo.tn\\\/fr\\\/wp-content\\\/uploads\\\/2025\\\/06\\\/logo-orange_173872.jpg\",\"datePublished\":\"2014-07-11T09:59:00+00:00\",\"description\":\"Orange relance l\u2019offre \u00ab \u0625\u062f\u0648\u064b\u062e \u00bb avec le prix minute le moins cher du march\u00e9\",\"breadcrumb\":{\"@id\":\"https:\\\/\\\/www.webdo.tn\\\/fr\\\/actualite\\\/mobile\\\/orange-relance-loffre-%d8%a5%d8%af%d9%88%d9%8b%d8%ae-prix-minute-moins-cher-du-marche\\\/173872\\\/#breadcrumb\"},\"inLanguage\":\"fr-FR\",\"potentialAction\":[{\"@type\":\"ReadAction\",\"target\":[\"https:\\\/\\\/www.webdo.tn\\\/fr\\\/actualite\\\/mobile\\\/orange-relance-loffre-%d8%a5%d8%af%d9%88%d9%8b%d8%ae-prix-minute-moins-cher-du-marche\\\/173872\\\/\"]}]},{\"@type\":\"ImageObject\",\"inLanguage\":\"fr-FR\",\"@id\":\"https:\\\/\\\/www.webdo.tn\\\/fr\\\/actualite\\\/mobile\\\/orange-relance-loffre-%d8%a5%d8%af%d9%88%d9%8b%d8%ae-prix-minute-moins-cher-du-marche\\\/173872\\\/#primaryimage\",\"url\":\"https:\\\/\\\/www.webdo.tn\\\/fr\\\/wp-content\\\/uploads\\\/2025\\\/06\\\/logo-orange_173872.jpg\",\"contentUrl\":\"https:\\\/\\\/www.webdo.tn\\\/fr\\\/wp-content\\\/uploads\\\/2025\\\/06\\\/logo-orange_173872.jpg\",\"width\":320,\"height\":320,\"caption\":\"Orange relance l\u2019offre \u00ab \u0625\u062f\u0648\u064b\u062e \u00bb avec le prix minute le moins cher du march\u00e9\"},{\"@type\":\"BreadcrumbList\",\"@id\":\"https:\\\/\\\/www.webdo.tn\\\/fr\\\/actualite\\\/mobile\\\/orange-relance-loffre-%d8%a5%d8%af%d9%88%d9%8b%d8%ae-prix-minute-moins-cher-du-marche\\\/173872\\\/#breadcrumb\",\"itemListElement\":[{\"@type\":\"ListItem\",\"position\":1,\"name\":\"Accueil\",\"item\":\"https:\\\/\\\/www.webdo.tn\\\/fr\\\/\"},{\"@type\":\"ListItem\",\"position\":2,\"name\":\"Orange relance l\u2019offre \u00ab \u0625\u062f\u0648\u064b\u062e \u00bb avec le prix minute le moins cher du march\u00e9\"}]},{\"@type\":\"WebSite\",\"@id\":\"https:\\\/\\\/www.webdo.tn\\\/fr\\\/#website\",\"url\":\"https:\\\/\\\/www.webdo.tn\\\/fr\\\/\",\"name\":\"webdo\",\"description\":\"Tunisie - News en Tunisie et \u00e0 l&#039;international sur Webdo.tn\",\"publisher\":{\"@id\":\"https:\\\/\\\/www.webdo.tn\\\/fr\\\/#organization\"},\"potentialAction\":[{\"@type\":\"SearchAction\",\"target\":{\"@type\":\"EntryPoint\",\"urlTemplate\":\"https:\\\/\\\/www.webdo.tn\\\/fr\\\/?s={search_term_string}\"},\"query-input\":{\"@type\":\"PropertyValueSpecification\",\"valueRequired\":true,\"valueName\":\"search_term_string\"}}],\"inLanguage\":\"fr-FR\"},{\"@type\":\"Organization\",\"@id\":\"https:\\\/\\\/www.webdo.tn\\\/fr\\\/#organization\",\"name\":\"Webdo\",\"alternateName\":\"Webdo.tn\",\"url\":\"https:\\\/\\\/www.webdo.tn\\\/fr\\\/\",\"logo\":{\"@type\":\"ImageObject\",\"inLanguage\":\"fr-FR\",\"@id\":\"https:\\\/\\\/www.webdo.tn\\\/fr\\\/#\\\/schema\\\/logo\\\/image\\\/\",\"url\":\"https:\\\/\\\/www.webdo.tn\\\/fr\\\/wp-content\\\/uploads\\\/2025\\\/06\\\/Webdo-Tunisie_168377.jpg\",\"contentUrl\":\"https:\\\/\\\/www.webdo.tn\\\/fr\\\/wp-content\\\/uploads\\\/2025\\\/06\\\/Webdo-Tunisie_168377.jpg\",\"width\":301,\"height\":301,\"caption\":\"Webdo\"},\"image\":{\"@id\":\"https:\\\/\\\/www.webdo.tn\\\/fr\\\/#\\\/schema\\\/logo\\\/image\\\/\"},\"sameAs\":[\"https:\\\/\\\/www.facebook.com\\\/webdotn\",\"https:\\\/\\\/x.com\\\/webdo_tn\"],\"description\":\"Webdo est un m\u00e9dia num\u00e9rique tunisien fond\u00e9 en 2010, sp\u00e9cialis\u00e9 dans l\u2019actualit\u00e9 nationale et internationale, l\u2019\u00e9conomie, la soci\u00e9t\u00e9 et les analyses politiques. Le site s\u2019adresse \u00e0 un large public francophone et couvre l\u2019information tunisienne en temps r\u00e9el.\",\"email\":\"redac@webdo.tn\",\"legalName\":\"YNJ SARL\",\"foundingDate\":\"2010-09-06\",\"numberOfEmployees\":{\"@type\":\"QuantitativeValue\",\"minValue\":\"11\",\"maxValue\":\"50\"}},{\"@type\":\"Person\",\"@id\":\"https:\\\/\\\/www.webdo.tn\\\/fr\\\/#\\\/schema\\\/person\\\/9a9c6118d687c117df8ef3cc36a4d175\",\"name\":\"webdo.tn\",\"image\":{\"@type\":\"ImageObject\",\"inLanguage\":\"fr-FR\",\"@id\":\"https:\\\/\\\/secure.gravatar.com\\\/avatar\\\/7ce1f28c0c3bbac99ff550b85ef8e44a6950c6ee24514fb6a5489e51d06f0298?s=96&d=mm&r=g\",\"url\":\"https:\\\/\\\/secure.gravatar.com\\\/avatar\\\/7ce1f28c0c3bbac99ff550b85ef8e44a6950c6ee24514fb6a5489e51d06f0298?s=96&d=mm&r=g\",\"contentUrl\":\"https:\\\/\\\/secure.gravatar.com\\\/avatar\\\/7ce1f28c0c3bbac99ff550b85ef8e44a6950c6ee24514fb6a5489e51d06f0298?s=96&d=mm&r=g\",\"caption\":\"webdo.tn\"},\"url\":\"https:\\\/\\\/www.webdo.tn\\\/fr\\\/actualite\\\/author\\\/webdotn\\\/\"}]}<\/script>\n<!-- \/ Yoast SEO Premium plugin. -->","yoast_head_json":{"title":"Orange relance l\u2019offre \u00ab \u0625\u062f\u0648\u064b\u062e \u00bb avec le prix minute le moins cher du march\u00e9","description":"Orange relance l\u2019offre \u00ab \u0625\u062f\u0648\u064b\u062e \u00bb avec le prix minute le moins cher du march\u00e9","canonical":"https:\/\/www.webdo.tn\/fr\/actualite\/mobile\/orange-relance-loffre-\u0625\u062f\u0648\u064b\u062e-prix-minute-moins-cher-du-marche\/173872\/","og_locale":"fr_FR","og_type":"article","og_title":"Orange relance l\u2019offre \u00ab \u0625\u062f\u0648\u064b\u062e \u00bb avec le prix minute le moins cher du march\u00e9","og_description":"Orange relance l\u2019offre \u00ab \u0625\u062f\u0648\u064b\u062e \u00bb avec le prix minute le moins cher du march\u00e9","og_url":"https:\/\/www.webdo.tn\/fr\/actualite\/mobile\/orange-relance-loffre-\u0625\u062f\u0648\u064b\u062e-prix-minute-moins-cher-du-marche\/173872\/","og_site_name":"webdo","article_publisher":"https:\/\/www.facebook.com\/webdotn","article_published_time":"2014-07-11T09:59:00+00:00","og_image":[{"width":320,"height":320,"url":"https:\/\/www.webdo.tn\/fr\/wp-content\/uploads\/2025\/06\/logo-orange_173872.jpg","type":"image\/jpeg"}],"author":"webdo.tn","twitter_card":"summary_large_image","twitter_creator":"@webdo_tn","twitter_site":"@webdo_tn","twitter_misc":{"\u00c9crit par":"webdo.tn","Dur\u00e9e de lecture estim\u00e9e":"1 minute"},"schema":{"@context":"https:\/\/schema.org","@graph":[{"@type":"NewsArticle","@id":"https:\/\/www.webdo.tn\/fr\/actualite\/mobile\/orange-relance-loffre-%d8%a5%d8%af%d9%88%d9%8b%d8%ae-prix-minute-moins-cher-du-marche\/173872\/#article","isPartOf":{"@id":"https:\/\/www.webdo.tn\/fr\/actualite\/mobile\/orange-relance-loffre-%d8%a5%d8%af%d9%88%d9%8b%d8%ae-prix-minute-moins-cher-du-marche\/173872\/"},"author":{"name":"webdo.tn","@id":"https:\/\/www.webdo.tn\/fr\/#\/schema\/person\/9a9c6118d687c117df8ef3cc36a4d175"},"headline":"Orange relance l\u2019offre \u00ab \u0625\u062f\u0648\u064b\u062e \u00bb avec le prix minute le moins cher du march\u00e9","datePublished":"2014-07-11T09:59:00+00:00","mainEntityOfPage":{"@id":"https:\/\/www.webdo.tn\/fr\/actualite\/mobile\/orange-relance-loffre-%d8%a5%d8%af%d9%88%d9%8b%d8%ae-prix-minute-moins-cher-du-marche\/173872\/"},"wordCount":162,"commentCount":0,"publisher":{"@id":"https:\/\/www.webdo.tn\/fr\/#organization"},"image":{"@id":"https:\/\/www.webdo.tn\/fr\/actualite\/mobile\/orange-relance-loffre-%d8%a5%d8%af%d9%88%d9%8b%d8%ae-prix-minute-moins-cher-du-marche\/173872\/#primaryimage"},"thumbnailUrl":"https:\/\/www.webdo.tn\/fr\/wp-content\/uploads\/2025\/06\/logo-orange_173872.jpg","articleSection":["Mobile"],"inLanguage":"fr-FR"},{"@type":"WebPage","@id":"https:\/\/www.webdo.tn\/fr\/actualite\/mobile\/orange-relance-loffre-%d8%a5%d8%af%d9%88%d9%8b%d8%ae-prix-minute-moins-cher-du-marche\/173872\/","url":"https:\/\/www.webdo.tn\/fr\/actualite\/mobile\/orange-relance-loffre-%d8%a5%d8%af%d9%88%d9%8b%d8%ae-prix-minute-moins-cher-du-marche\/173872\/","name":"Orange relance l\u2019offre \u00ab \u0625\u062f\u0648\u064b\u062e \u00bb avec le prix minute le moins cher du march\u00e9","isPartOf":{"@id":"https:\/\/www.webdo.tn\/fr\/#website"},"primaryImageOfPage":{"@id":"https:\/\/www.webdo.tn\/fr\/actualite\/mobile\/orange-relance-loffre-%d8%a5%d8%af%d9%88%d9%8b%d8%ae-prix-minute-moins-cher-du-marche\/173872\/#primaryimage"},"image":{"@id":"https:\/\/www.webdo.tn\/fr\/actualite\/mobile\/orange-relance-loffre-%d8%a5%d8%af%d9%88%d9%8b%d8%ae-prix-minute-moins-cher-du-marche\/173872\/#primaryimage"},"thumbnailUrl":"https:\/\/www.webdo.tn\/fr\/wp-content\/uploads\/2025\/06\/logo-orange_173872.jpg","datePublished":"2014-07-11T09:59:00+00:00","description":"Orange relance l\u2019offre \u00ab \u0625\u062f\u0648\u064b\u062e \u00bb avec le prix minute le moins cher du march\u00e9","breadcrumb":{"@id":"https:\/\/www.webdo.tn\/fr\/actualite\/mobile\/orange-relance-loffre-%d8%a5%d8%af%d9%88%d9%8b%d8%ae-prix-minute-moins-cher-du-marche\/173872\/#breadcrumb"},"inLanguage":"fr-FR","potentialAction":[{"@type":"ReadAction","target":["https:\/\/www.webdo.tn\/fr\/actualite\/mobile\/orange-relance-loffre-%d8%a5%d8%af%d9%88%d9%8b%d8%ae-prix-minute-moins-cher-du-marche\/173872\/"]}]},{"@type":"ImageObject","inLanguage":"fr-FR","@id":"https:\/\/www.webdo.tn\/fr\/actualite\/mobile\/orange-relance-loffre-%d8%a5%d8%af%d9%88%d9%8b%d8%ae-prix-minute-moins-cher-du-marche\/173872\/#primaryimage","url":"https:\/\/www.webdo.tn\/fr\/wp-content\/uploads\/2025\/06\/logo-orange_173872.jpg","contentUrl":"https:\/\/www.webdo.tn\/fr\/wp-content\/uploads\/2025\/06\/logo-orange_173872.jpg","width":320,"height":320,"caption":"Orange relance l\u2019offre \u00ab \u0625\u062f\u0648\u064b\u062e \u00bb avec le prix minute le moins cher du march\u00e9"},{"@type":"BreadcrumbList","@id":"https:\/\/www.webdo.tn\/fr\/actualite\/mobile\/orange-relance-loffre-%d8%a5%d8%af%d9%88%d9%8b%d8%ae-prix-minute-moins-cher-du-marche\/173872\/#breadcrumb","itemListElement":[{"@type":"ListItem","position":1,"name":"Accueil","item":"https:\/\/www.webdo.tn\/fr\/"},{"@type":"ListItem","position":2,"name":"Orange relance l\u2019offre \u00ab \u0625\u062f\u0648\u064b\u062e \u00bb avec le prix minute le moins cher du march\u00e9"}]},{"@type":"WebSite","@id":"https:\/\/www.webdo.tn\/fr\/#website","url":"https:\/\/www.webdo.tn\/fr\/","name":"webdo","description":"Tunisie - News en Tunisie et \u00e0 l&#039;international sur Webdo.tn","publisher":{"@id":"https:\/\/www.webdo.tn\/fr\/#organization"},"potentialAction":[{"@type":"SearchAction","target":{"@type":"EntryPoint","urlTemplate":"https:\/\/www.webdo.tn\/fr\/?s={search_term_string}"},"query-input":{"@type":"PropertyValueSpecification","valueRequired":true,"valueName":"search_term_string"}}],"inLanguage":"fr-FR"},{"@type":"Organization","@id":"https:\/\/www.webdo.tn\/fr\/#organization","name":"Webdo","alternateName":"Webdo.tn","url":"https:\/\/www.webdo.tn\/fr\/","logo":{"@type":"ImageObject","inLanguage":"fr-FR","@id":"https:\/\/www.webdo.tn\/fr\/#\/schema\/logo\/image\/","url":"https:\/\/www.webdo.tn\/fr\/wp-content\/uploads\/2025\/06\/Webdo-Tunisie_168377.jpg","contentUrl":"https:\/\/www.webdo.tn\/fr\/wp-content\/uploads\/2025\/06\/Webdo-Tunisie_168377.jpg","width":301,"height":301,"caption":"Webdo"},"image":{"@id":"https:\/\/www.webdo.tn\/fr\/#\/schema\/logo\/image\/"},"sameAs":["https:\/\/www.facebook.com\/webdotn","https:\/\/x.com\/webdo_tn"],"description":"Webdo est un m\u00e9dia num\u00e9rique tunisien fond\u00e9 en 2010, sp\u00e9cialis\u00e9 dans l\u2019actualit\u00e9 nationale et internationale, l\u2019\u00e9conomie, la soci\u00e9t\u00e9 et les analyses politiques. Le site s\u2019adresse \u00e0 un large public francophone et couvre l\u2019information tunisienne en temps r\u00e9el.","email":"redac@webdo.tn","legalName":"YNJ SARL","foundingDate":"2010-09-06","numberOfEmployees":{"@type":"QuantitativeValue","minValue":"11","maxValue":"50"}},{"@type":"Person","@id":"https:\/\/www.webdo.tn\/fr\/#\/schema\/person\/9a9c6118d687c117df8ef3cc36a4d175","name":"webdo.tn","image":{"@type":"ImageObject","inLanguage":"fr-FR","@id":"https:\/\/secure.gravatar.com\/avatar\/7ce1f28c0c3bbac99ff550b85ef8e44a6950c6ee24514fb6a5489e51d06f0298?s=96&d=mm&r=g","url":"https:\/\/secure.gravatar.com\/avatar\/7ce1f28c0c3bbac99ff550b85ef8e44a6950c6ee24514fb6a5489e51d06f0298?s=96&d=mm&r=g","contentUrl":"https:\/\/secure.gravatar.com\/avatar\/7ce1f28c0c3bbac99ff550b85ef8e44a6950c6ee24514fb6a5489e51d06f0298?s=96&d=mm&r=g","caption":"webdo.tn"},"url":"https:\/\/www.webdo.tn\/fr\/actualite\/author\/webdotn\/"}]}},"_links":{"self":[{"href":"https:\/\/www.webdo.tn\/fr\/wp-json\/wp\/v2\/posts\/173872","targetHints":{"allow":["GET"]}}],"collection":[{"href":"https:\/\/www.webdo.tn\/fr\/wp-json\/wp\/v2\/posts"}],"about":[{"href":"https:\/\/www.webdo.tn\/fr\/wp-json\/wp\/v2\/types\/post"}],"author":[{"embeddable":true,"href":"https:\/\/www.webdo.tn\/fr\/wp-json\/wp\/v2\/users\/3222"}],"replies":[{"embeddable":true,"href":"https:\/\/www.webdo.tn\/fr\/wp-json\/wp\/v2\/comments?post=173872"}],"version-history":[{"count":0,"href":"https:\/\/www.webdo.tn\/fr\/wp-json\/wp\/v2\/posts\/173872\/revisions"}],"wp:featuredmedia":[{"embeddable":true,"href":"https:\/\/www.webdo.tn\/fr\/wp-json\/wp\/v2\/media\/373899"}],"wp:attachment":[{"href":"https:\/\/www.webdo.tn\/fr\/wp-json\/wp\/v2\/media?parent=173872"}],"wp:term":[{"taxonomy":"category","embeddable":true,"href":"https:\/\/www.webdo.tn\/fr\/wp-json\/wp\/v2\/categories?post=173872"},{"taxonomy":"post_tag","embeddable":true,"href":"https:\/\/www.webdo.tn\/fr\/wp-json\/wp\/v2\/tags?post=173872"}],"curies":[{"name":"wp","href":"https:\/\/api.w.org\/{rel}","templated":true}]}}