{"id":173871,"date":"2014-07-15T11:50:00","date_gmt":"2014-07-15T11:50:00","guid":{"rendered":"https:\/\/www.webdo.tn\/fr\/blog\/tunisie-telecom-nouveau-partenaire-privilegie-lun-syndicats-forces-surete-tunisiennes\/179851\/"},"modified":"2025-05-22T13:09:41","modified_gmt":"2025-05-22T13:09:41","slug":"tunisie-telecom-nouveau-partenaire-privilegie-lun-syndicats-forces-surete-tunisiennes","status":"publish","type":"post","link":"https:\/\/www.webdo.tn\/fr\/actualite\/mobile\/tunisie-telecom-nouveau-partenaire-privilegie-lun-syndicats-forces-surete-tunisiennes\/173871\/","title":{"rendered":"Tunisie Telecom a un nouveau partenaire privil\u00e9gi\u00e9 : l\u2019UN des Syndicats des Forces de S\u00fbret\u00e9 Tunisiennes"},"content":{"rendered":"<p>Tunisie Telecom et l\u2019Union Nationale des Syndicats des Forces de S\u00fbret\u00e9 Tunisiennes (UNSFST) ont sign\u00e9 une convention de partenariat commercial.Avec cette convention Tunisie Telecom voit sa liste de partenaires s\u2019allonger et se diversifier, touchant d\u00e9j\u00e0 de nombreux secteurs d\u2019activit\u00e9s et s\u2019associe d\u00e9sormais aux forces de la s\u00fbret\u00e9 nationale.<\/p>\n<p>Avec l\u2019UNSFST en tant que partenaire privil\u00e9gi\u00e9, Tunisie Telecom exprime et t\u00e9moigne ainsi \u00abson soutien naturel aux organisations de s\u00fbret\u00e9 nationale\u00bb comme l\u2019a soulign\u00e9 M. Fadhel Kraiem DGA de Tunisie Telecom lors de la signature de la convention qui porte sur la fourniture de services de t\u00e9l\u00e9communication.<\/p>\n<p>A travers celle-ci, Tunisie Telecom fera b\u00e9n\u00e9ficier l\u2019UNSFST d\u2019une multitude d\u2019offres Mobile et Internet permettant un confort d\u2019utilisation et une meilleure collaboration entre les adh\u00e9rents de l\u2019UNSFST.<\/p>\n<p>De son c\u00f4t\u00e9, M. Montassar Materi, Secr\u00e9taire G\u00e9n\u00e9ral de l\u2019Union Nationale des Syndicats des Forces de S\u00fbret\u00e9 Tunisiennes, a soulign\u00e9 que l\u2019accord conclu avec Tunisie Telecom, \u00abva leur permettre de tirer profit du savoir-faire de Tunisie Telecom en mati\u00e8re de produits et solutions entreprises\u00bb.<\/p>\n","protected":false},"excerpt":{"rendered":"<p>Tunisie Telecom a un nouveau partenaire privil\u00e9gi\u00e9 : l\u2019UN des Syndicats des Forces de S\u00fbret\u00e9 Tunisiennes<\/p>\n","protected":false},"author":3222,"featured_media":320977,"comment_status":"open","ping_status":"closed","sticky":false,"template":"","format":"standard","meta":{"footnotes":""},"categories":[11339],"tags":[],"class_list":["post-173871","post","type-post","status-publish","format-standard","has-post-thumbnail","hentry","category-mobile"],"yoast_head":"<!-- This site is optimized with the Yoast SEO Premium plugin v27.5 (Yoast SEO v27.5) - https:\/\/yoast.com\/product\/yoast-seo-premium-wordpress\/ -->\n<title>Tunisie Telecom a un nouveau partenaire privil\u00e9gi\u00e9 : l\u2019UN des Syndicats des Forces de S\u00fbret\u00e9 Tunisiennes<\/title>\n<meta name=\"description\" content=\"Tunisie Telecom a un nouveau partenaire privil\u00e9gi\u00e9 : l\u2019UN des Syndicats des Forces de S\u00fbret\u00e9 Tunisiennes\" \/>\n<link rel=\"canonical\" href=\"https:\/\/www.webdo.tn\/fr\/actualite\/mobile\/tunisie-telecom-nouveau-partenaire-privilegie-lun-syndicats-forces-surete-tunisiennes\/173871\/\" \/>\n<meta property=\"og:locale\" content=\"fr_FR\" \/>\n<meta property=\"og:type\" content=\"article\" \/>\n<meta property=\"og:title\" content=\"Tunisie Telecom a un nouveau partenaire privil\u00e9gi\u00e9 : l\u2019UN des Syndicats des Forces de S\u00fbret\u00e9 Tunisiennes\" \/>\n<meta property=\"og:description\" content=\"Tunisie Telecom a un nouveau partenaire privil\u00e9gi\u00e9 : l\u2019UN des Syndicats des Forces de S\u00fbret\u00e9 Tunisiennes\" \/>\n<meta property=\"og:url\" content=\"https:\/\/www.webdo.tn\/fr\/actualite\/mobile\/tunisie-telecom-nouveau-partenaire-privilegie-lun-syndicats-forces-surete-tunisiennes\/173871\/\" \/>\n<meta property=\"og:site_name\" content=\"webdo\" \/>\n<meta property=\"article:publisher\" content=\"https:\/\/www.facebook.com\/webdotn\" \/>\n<meta property=\"article:published_time\" content=\"2014-07-15T11:50:00+00:00\" \/>\n<meta property=\"article:modified_time\" content=\"2025-05-22T13:09:41+00:00\" \/>\n<meta property=\"og:image\" content=\"https:\/\/www.webdo.tn\/fr\/wp-content\/uploads\/2014\/07\/Tunisie-Telecom-Signature-de-convention-avec-le-syndicat-des-forces-de-l-ordre.jpg\" \/>\n\t<meta property=\"og:image:width\" content=\"550\" \/>\n\t<meta property=\"og:image:height\" content=\"364\" \/>\n\t<meta property=\"og:image:type\" content=\"image\/jpeg\" \/>\n<meta name=\"author\" content=\"webdo.tn\" \/>\n<meta name=\"twitter:card\" content=\"summary_large_image\" \/>\n<meta name=\"twitter:creator\" content=\"@webdo_tn\" \/>\n<meta name=\"twitter:site\" content=\"@webdo_tn\" \/>\n<meta name=\"twitter:label1\" content=\"\u00c9crit par\" \/>\n\t<meta name=\"twitter:data1\" content=\"webdo.tn\" \/>\n\t<meta name=\"twitter:label2\" content=\"Dur\u00e9e de lecture estim\u00e9e\" \/>\n\t<meta name=\"twitter:data2\" content=\"1 minute\" \/>\n<script type=\"application\/ld+json\" class=\"yoast-schema-graph\">{\"@context\":\"https:\\\/\\\/schema.org\",\"@graph\":[{\"@type\":\"NewsArticle\",\"@id\":\"https:\\\/\\\/www.webdo.tn\\\/fr\\\/actualite\\\/mobile\\\/tunisie-telecom-nouveau-partenaire-privilegie-lun-syndicats-forces-surete-tunisiennes\\\/173871\\\/#article\",\"isPartOf\":{\"@id\":\"https:\\\/\\\/www.webdo.tn\\\/fr\\\/actualite\\\/mobile\\\/tunisie-telecom-nouveau-partenaire-privilegie-lun-syndicats-forces-surete-tunisiennes\\\/173871\\\/\"},\"author\":{\"name\":\"webdo.tn\",\"@id\":\"https:\\\/\\\/www.webdo.tn\\\/fr\\\/#\\\/schema\\\/person\\\/9a9c6118d687c117df8ef3cc36a4d175\"},\"headline\":\"Tunisie Telecom a un nouveau partenaire privil\u00e9gi\u00e9 : l\u2019UN des Syndicats des Forces de S\u00fbret\u00e9 Tunisiennes\",\"datePublished\":\"2014-07-15T11:50:00+00:00\",\"dateModified\":\"2025-05-22T13:09:41+00:00\",\"mainEntityOfPage\":{\"@id\":\"https:\\\/\\\/www.webdo.tn\\\/fr\\\/actualite\\\/mobile\\\/tunisie-telecom-nouveau-partenaire-privilegie-lun-syndicats-forces-surete-tunisiennes\\\/173871\\\/\"},\"wordCount\":217,\"commentCount\":0,\"publisher\":{\"@id\":\"https:\\\/\\\/www.webdo.tn\\\/fr\\\/#organization\"},\"image\":{\"@id\":\"https:\\\/\\\/www.webdo.tn\\\/fr\\\/actualite\\\/mobile\\\/tunisie-telecom-nouveau-partenaire-privilegie-lun-syndicats-forces-surete-tunisiennes\\\/173871\\\/#primaryimage\"},\"thumbnailUrl\":\"https:\\\/\\\/www.webdo.tn\\\/fr\\\/wp-content\\\/uploads\\\/2014\\\/07\\\/Tunisie-Telecom-Signature-de-convention-avec-le-syndicat-des-forces-de-l-ordre.jpg\",\"articleSection\":[\"Mobile\"],\"inLanguage\":\"fr-FR\"},{\"@type\":\"WebPage\",\"@id\":\"https:\\\/\\\/www.webdo.tn\\\/fr\\\/actualite\\\/mobile\\\/tunisie-telecom-nouveau-partenaire-privilegie-lun-syndicats-forces-surete-tunisiennes\\\/173871\\\/\",\"url\":\"https:\\\/\\\/www.webdo.tn\\\/fr\\\/actualite\\\/mobile\\\/tunisie-telecom-nouveau-partenaire-privilegie-lun-syndicats-forces-surete-tunisiennes\\\/173871\\\/\",\"name\":\"Tunisie Telecom a un nouveau partenaire privil\u00e9gi\u00e9 : l\u2019UN des Syndicats des Forces de S\u00fbret\u00e9 Tunisiennes\",\"isPartOf\":{\"@id\":\"https:\\\/\\\/www.webdo.tn\\\/fr\\\/#website\"},\"primaryImageOfPage\":{\"@id\":\"https:\\\/\\\/www.webdo.tn\\\/fr\\\/actualite\\\/mobile\\\/tunisie-telecom-nouveau-partenaire-privilegie-lun-syndicats-forces-surete-tunisiennes\\\/173871\\\/#primaryimage\"},\"image\":{\"@id\":\"https:\\\/\\\/www.webdo.tn\\\/fr\\\/actualite\\\/mobile\\\/tunisie-telecom-nouveau-partenaire-privilegie-lun-syndicats-forces-surete-tunisiennes\\\/173871\\\/#primaryimage\"},\"thumbnailUrl\":\"https:\\\/\\\/www.webdo.tn\\\/fr\\\/wp-content\\\/uploads\\\/2014\\\/07\\\/Tunisie-Telecom-Signature-de-convention-avec-le-syndicat-des-forces-de-l-ordre.jpg\",\"datePublished\":\"2014-07-15T11:50:00+00:00\",\"dateModified\":\"2025-05-22T13:09:41+00:00\",\"description\":\"Tunisie Telecom a un nouveau partenaire privil\u00e9gi\u00e9 : l\u2019UN des Syndicats des Forces de S\u00fbret\u00e9 Tunisiennes\",\"breadcrumb\":{\"@id\":\"https:\\\/\\\/www.webdo.tn\\\/fr\\\/actualite\\\/mobile\\\/tunisie-telecom-nouveau-partenaire-privilegie-lun-syndicats-forces-surete-tunisiennes\\\/173871\\\/#breadcrumb\"},\"inLanguage\":\"fr-FR\",\"potentialAction\":[{\"@type\":\"ReadAction\",\"target\":[\"https:\\\/\\\/www.webdo.tn\\\/fr\\\/actualite\\\/mobile\\\/tunisie-telecom-nouveau-partenaire-privilegie-lun-syndicats-forces-surete-tunisiennes\\\/173871\\\/\"]}]},{\"@type\":\"ImageObject\",\"inLanguage\":\"fr-FR\",\"@id\":\"https:\\\/\\\/www.webdo.tn\\\/fr\\\/actualite\\\/mobile\\\/tunisie-telecom-nouveau-partenaire-privilegie-lun-syndicats-forces-surete-tunisiennes\\\/173871\\\/#primaryimage\",\"url\":\"https:\\\/\\\/www.webdo.tn\\\/fr\\\/wp-content\\\/uploads\\\/2014\\\/07\\\/Tunisie-Telecom-Signature-de-convention-avec-le-syndicat-des-forces-de-l-ordre.jpg\",\"contentUrl\":\"https:\\\/\\\/www.webdo.tn\\\/fr\\\/wp-content\\\/uploads\\\/2014\\\/07\\\/Tunisie-Telecom-Signature-de-convention-avec-le-syndicat-des-forces-de-l-ordre.jpg\",\"width\":550,\"height\":364,\"caption\":\"Tunisie Telecom a un nouveau partenaire privil\u00e9gi\u00e9 : l\u2019UN des Syndicats des Forces de S\u00fbret\u00e9 Tunisiennes\"},{\"@type\":\"BreadcrumbList\",\"@id\":\"https:\\\/\\\/www.webdo.tn\\\/fr\\\/actualite\\\/mobile\\\/tunisie-telecom-nouveau-partenaire-privilegie-lun-syndicats-forces-surete-tunisiennes\\\/173871\\\/#breadcrumb\",\"itemListElement\":[{\"@type\":\"ListItem\",\"position\":1,\"name\":\"Accueil\",\"item\":\"https:\\\/\\\/www.webdo.tn\\\/fr\\\/\"},{\"@type\":\"ListItem\",\"position\":2,\"name\":\"Tunisie Telecom a un nouveau partenaire privil\u00e9gi\u00e9 : l\u2019UN des Syndicats des Forces de S\u00fbret\u00e9 Tunisiennes\"}]},{\"@type\":\"WebSite\",\"@id\":\"https:\\\/\\\/www.webdo.tn\\\/fr\\\/#website\",\"url\":\"https:\\\/\\\/www.webdo.tn\\\/fr\\\/\",\"name\":\"webdo\",\"description\":\"Tunisie - News en Tunisie et \u00e0 l&#039;international sur Webdo.tn\",\"publisher\":{\"@id\":\"https:\\\/\\\/www.webdo.tn\\\/fr\\\/#organization\"},\"potentialAction\":[{\"@type\":\"SearchAction\",\"target\":{\"@type\":\"EntryPoint\",\"urlTemplate\":\"https:\\\/\\\/www.webdo.tn\\\/fr\\\/?s={search_term_string}\"},\"query-input\":{\"@type\":\"PropertyValueSpecification\",\"valueRequired\":true,\"valueName\":\"search_term_string\"}}],\"inLanguage\":\"fr-FR\"},{\"@type\":\"Organization\",\"@id\":\"https:\\\/\\\/www.webdo.tn\\\/fr\\\/#organization\",\"name\":\"Webdo\",\"alternateName\":\"Webdo.tn\",\"url\":\"https:\\\/\\\/www.webdo.tn\\\/fr\\\/\",\"logo\":{\"@type\":\"ImageObject\",\"inLanguage\":\"fr-FR\",\"@id\":\"https:\\\/\\\/www.webdo.tn\\\/fr\\\/#\\\/schema\\\/logo\\\/image\\\/\",\"url\":\"https:\\\/\\\/www.webdo.tn\\\/fr\\\/wp-content\\\/uploads\\\/2025\\\/06\\\/Webdo-Tunisie_168377.jpg\",\"contentUrl\":\"https:\\\/\\\/www.webdo.tn\\\/fr\\\/wp-content\\\/uploads\\\/2025\\\/06\\\/Webdo-Tunisie_168377.jpg\",\"width\":301,\"height\":301,\"caption\":\"Webdo\"},\"image\":{\"@id\":\"https:\\\/\\\/www.webdo.tn\\\/fr\\\/#\\\/schema\\\/logo\\\/image\\\/\"},\"sameAs\":[\"https:\\\/\\\/www.facebook.com\\\/webdotn\",\"https:\\\/\\\/x.com\\\/webdo_tn\"],\"description\":\"Webdo est un m\u00e9dia num\u00e9rique tunisien fond\u00e9 en 2010, sp\u00e9cialis\u00e9 dans l\u2019actualit\u00e9 nationale et internationale, l\u2019\u00e9conomie, la soci\u00e9t\u00e9 et les analyses politiques. Le site s\u2019adresse \u00e0 un large public francophone et couvre l\u2019information tunisienne en temps r\u00e9el.\",\"email\":\"redac@webdo.tn\",\"legalName\":\"YNJ SARL\",\"foundingDate\":\"2010-09-06\",\"numberOfEmployees\":{\"@type\":\"QuantitativeValue\",\"minValue\":\"11\",\"maxValue\":\"50\"}},{\"@type\":\"Person\",\"@id\":\"https:\\\/\\\/www.webdo.tn\\\/fr\\\/#\\\/schema\\\/person\\\/9a9c6118d687c117df8ef3cc36a4d175\",\"name\":\"webdo.tn\",\"image\":{\"@type\":\"ImageObject\",\"inLanguage\":\"fr-FR\",\"@id\":\"https:\\\/\\\/secure.gravatar.com\\\/avatar\\\/7ce1f28c0c3bbac99ff550b85ef8e44a6950c6ee24514fb6a5489e51d06f0298?s=96&d=mm&r=g\",\"url\":\"https:\\\/\\\/secure.gravatar.com\\\/avatar\\\/7ce1f28c0c3bbac99ff550b85ef8e44a6950c6ee24514fb6a5489e51d06f0298?s=96&d=mm&r=g\",\"contentUrl\":\"https:\\\/\\\/secure.gravatar.com\\\/avatar\\\/7ce1f28c0c3bbac99ff550b85ef8e44a6950c6ee24514fb6a5489e51d06f0298?s=96&d=mm&r=g\",\"caption\":\"webdo.tn\"},\"url\":\"https:\\\/\\\/www.webdo.tn\\\/fr\\\/actualite\\\/author\\\/webdotn\\\/\"}]}<\/script>\n<!-- \/ Yoast SEO Premium plugin. -->","yoast_head_json":{"title":"Tunisie Telecom a un nouveau partenaire privil\u00e9gi\u00e9 : l\u2019UN des Syndicats des Forces de S\u00fbret\u00e9 Tunisiennes","description":"Tunisie Telecom a un nouveau partenaire privil\u00e9gi\u00e9 : l\u2019UN des Syndicats des Forces de S\u00fbret\u00e9 Tunisiennes","canonical":"https:\/\/www.webdo.tn\/fr\/actualite\/mobile\/tunisie-telecom-nouveau-partenaire-privilegie-lun-syndicats-forces-surete-tunisiennes\/173871\/","og_locale":"fr_FR","og_type":"article","og_title":"Tunisie Telecom a un nouveau partenaire privil\u00e9gi\u00e9 : l\u2019UN des Syndicats des Forces de S\u00fbret\u00e9 Tunisiennes","og_description":"Tunisie Telecom a un nouveau partenaire privil\u00e9gi\u00e9 : l\u2019UN des Syndicats des Forces de S\u00fbret\u00e9 Tunisiennes","og_url":"https:\/\/www.webdo.tn\/fr\/actualite\/mobile\/tunisie-telecom-nouveau-partenaire-privilegie-lun-syndicats-forces-surete-tunisiennes\/173871\/","og_site_name":"webdo","article_publisher":"https:\/\/www.facebook.com\/webdotn","article_published_time":"2014-07-15T11:50:00+00:00","article_modified_time":"2025-05-22T13:09:41+00:00","og_image":[{"width":550,"height":364,"url":"https:\/\/www.webdo.tn\/fr\/wp-content\/uploads\/2014\/07\/Tunisie-Telecom-Signature-de-convention-avec-le-syndicat-des-forces-de-l-ordre.jpg","type":"image\/jpeg"}],"author":"webdo.tn","twitter_card":"summary_large_image","twitter_creator":"@webdo_tn","twitter_site":"@webdo_tn","twitter_misc":{"\u00c9crit par":"webdo.tn","Dur\u00e9e de lecture estim\u00e9e":"1 minute"},"schema":{"@context":"https:\/\/schema.org","@graph":[{"@type":"NewsArticle","@id":"https:\/\/www.webdo.tn\/fr\/actualite\/mobile\/tunisie-telecom-nouveau-partenaire-privilegie-lun-syndicats-forces-surete-tunisiennes\/173871\/#article","isPartOf":{"@id":"https:\/\/www.webdo.tn\/fr\/actualite\/mobile\/tunisie-telecom-nouveau-partenaire-privilegie-lun-syndicats-forces-surete-tunisiennes\/173871\/"},"author":{"name":"webdo.tn","@id":"https:\/\/www.webdo.tn\/fr\/#\/schema\/person\/9a9c6118d687c117df8ef3cc36a4d175"},"headline":"Tunisie Telecom a un nouveau partenaire privil\u00e9gi\u00e9 : l\u2019UN des Syndicats des Forces de S\u00fbret\u00e9 Tunisiennes","datePublished":"2014-07-15T11:50:00+00:00","dateModified":"2025-05-22T13:09:41+00:00","mainEntityOfPage":{"@id":"https:\/\/www.webdo.tn\/fr\/actualite\/mobile\/tunisie-telecom-nouveau-partenaire-privilegie-lun-syndicats-forces-surete-tunisiennes\/173871\/"},"wordCount":217,"commentCount":0,"publisher":{"@id":"https:\/\/www.webdo.tn\/fr\/#organization"},"image":{"@id":"https:\/\/www.webdo.tn\/fr\/actualite\/mobile\/tunisie-telecom-nouveau-partenaire-privilegie-lun-syndicats-forces-surete-tunisiennes\/173871\/#primaryimage"},"thumbnailUrl":"https:\/\/www.webdo.tn\/fr\/wp-content\/uploads\/2014\/07\/Tunisie-Telecom-Signature-de-convention-avec-le-syndicat-des-forces-de-l-ordre.jpg","articleSection":["Mobile"],"inLanguage":"fr-FR"},{"@type":"WebPage","@id":"https:\/\/www.webdo.tn\/fr\/actualite\/mobile\/tunisie-telecom-nouveau-partenaire-privilegie-lun-syndicats-forces-surete-tunisiennes\/173871\/","url":"https:\/\/www.webdo.tn\/fr\/actualite\/mobile\/tunisie-telecom-nouveau-partenaire-privilegie-lun-syndicats-forces-surete-tunisiennes\/173871\/","name":"Tunisie Telecom a un nouveau partenaire privil\u00e9gi\u00e9 : l\u2019UN des Syndicats des Forces de S\u00fbret\u00e9 Tunisiennes","isPartOf":{"@id":"https:\/\/www.webdo.tn\/fr\/#website"},"primaryImageOfPage":{"@id":"https:\/\/www.webdo.tn\/fr\/actualite\/mobile\/tunisie-telecom-nouveau-partenaire-privilegie-lun-syndicats-forces-surete-tunisiennes\/173871\/#primaryimage"},"image":{"@id":"https:\/\/www.webdo.tn\/fr\/actualite\/mobile\/tunisie-telecom-nouveau-partenaire-privilegie-lun-syndicats-forces-surete-tunisiennes\/173871\/#primaryimage"},"thumbnailUrl":"https:\/\/www.webdo.tn\/fr\/wp-content\/uploads\/2014\/07\/Tunisie-Telecom-Signature-de-convention-avec-le-syndicat-des-forces-de-l-ordre.jpg","datePublished":"2014-07-15T11:50:00+00:00","dateModified":"2025-05-22T13:09:41+00:00","description":"Tunisie Telecom a un nouveau partenaire privil\u00e9gi\u00e9 : l\u2019UN des Syndicats des Forces de S\u00fbret\u00e9 Tunisiennes","breadcrumb":{"@id":"https:\/\/www.webdo.tn\/fr\/actualite\/mobile\/tunisie-telecom-nouveau-partenaire-privilegie-lun-syndicats-forces-surete-tunisiennes\/173871\/#breadcrumb"},"inLanguage":"fr-FR","potentialAction":[{"@type":"ReadAction","target":["https:\/\/www.webdo.tn\/fr\/actualite\/mobile\/tunisie-telecom-nouveau-partenaire-privilegie-lun-syndicats-forces-surete-tunisiennes\/173871\/"]}]},{"@type":"ImageObject","inLanguage":"fr-FR","@id":"https:\/\/www.webdo.tn\/fr\/actualite\/mobile\/tunisie-telecom-nouveau-partenaire-privilegie-lun-syndicats-forces-surete-tunisiennes\/173871\/#primaryimage","url":"https:\/\/www.webdo.tn\/fr\/wp-content\/uploads\/2014\/07\/Tunisie-Telecom-Signature-de-convention-avec-le-syndicat-des-forces-de-l-ordre.jpg","contentUrl":"https:\/\/www.webdo.tn\/fr\/wp-content\/uploads\/2014\/07\/Tunisie-Telecom-Signature-de-convention-avec-le-syndicat-des-forces-de-l-ordre.jpg","width":550,"height":364,"caption":"Tunisie Telecom a un nouveau partenaire privil\u00e9gi\u00e9 : l\u2019UN des Syndicats des Forces de S\u00fbret\u00e9 Tunisiennes"},{"@type":"BreadcrumbList","@id":"https:\/\/www.webdo.tn\/fr\/actualite\/mobile\/tunisie-telecom-nouveau-partenaire-privilegie-lun-syndicats-forces-surete-tunisiennes\/173871\/#breadcrumb","itemListElement":[{"@type":"ListItem","position":1,"name":"Accueil","item":"https:\/\/www.webdo.tn\/fr\/"},{"@type":"ListItem","position":2,"name":"Tunisie Telecom a un nouveau partenaire privil\u00e9gi\u00e9 : l\u2019UN des Syndicats des Forces de S\u00fbret\u00e9 Tunisiennes"}]},{"@type":"WebSite","@id":"https:\/\/www.webdo.tn\/fr\/#website","url":"https:\/\/www.webdo.tn\/fr\/","name":"webdo","description":"Tunisie - News en Tunisie et \u00e0 l&#039;international sur Webdo.tn","publisher":{"@id":"https:\/\/www.webdo.tn\/fr\/#organization"},"potentialAction":[{"@type":"SearchAction","target":{"@type":"EntryPoint","urlTemplate":"https:\/\/www.webdo.tn\/fr\/?s={search_term_string}"},"query-input":{"@type":"PropertyValueSpecification","valueRequired":true,"valueName":"search_term_string"}}],"inLanguage":"fr-FR"},{"@type":"Organization","@id":"https:\/\/www.webdo.tn\/fr\/#organization","name":"Webdo","alternateName":"Webdo.tn","url":"https:\/\/www.webdo.tn\/fr\/","logo":{"@type":"ImageObject","inLanguage":"fr-FR","@id":"https:\/\/www.webdo.tn\/fr\/#\/schema\/logo\/image\/","url":"https:\/\/www.webdo.tn\/fr\/wp-content\/uploads\/2025\/06\/Webdo-Tunisie_168377.jpg","contentUrl":"https:\/\/www.webdo.tn\/fr\/wp-content\/uploads\/2025\/06\/Webdo-Tunisie_168377.jpg","width":301,"height":301,"caption":"Webdo"},"image":{"@id":"https:\/\/www.webdo.tn\/fr\/#\/schema\/logo\/image\/"},"sameAs":["https:\/\/www.facebook.com\/webdotn","https:\/\/x.com\/webdo_tn"],"description":"Webdo est un m\u00e9dia num\u00e9rique tunisien fond\u00e9 en 2010, sp\u00e9cialis\u00e9 dans l\u2019actualit\u00e9 nationale et internationale, l\u2019\u00e9conomie, la soci\u00e9t\u00e9 et les analyses politiques. Le site s\u2019adresse \u00e0 un large public francophone et couvre l\u2019information tunisienne en temps r\u00e9el.","email":"redac@webdo.tn","legalName":"YNJ SARL","foundingDate":"2010-09-06","numberOfEmployees":{"@type":"QuantitativeValue","minValue":"11","maxValue":"50"}},{"@type":"Person","@id":"https:\/\/www.webdo.tn\/fr\/#\/schema\/person\/9a9c6118d687c117df8ef3cc36a4d175","name":"webdo.tn","image":{"@type":"ImageObject","inLanguage":"fr-FR","@id":"https:\/\/secure.gravatar.com\/avatar\/7ce1f28c0c3bbac99ff550b85ef8e44a6950c6ee24514fb6a5489e51d06f0298?s=96&d=mm&r=g","url":"https:\/\/secure.gravatar.com\/avatar\/7ce1f28c0c3bbac99ff550b85ef8e44a6950c6ee24514fb6a5489e51d06f0298?s=96&d=mm&r=g","contentUrl":"https:\/\/secure.gravatar.com\/avatar\/7ce1f28c0c3bbac99ff550b85ef8e44a6950c6ee24514fb6a5489e51d06f0298?s=96&d=mm&r=g","caption":"webdo.tn"},"url":"https:\/\/www.webdo.tn\/fr\/actualite\/author\/webdotn\/"}]}},"_links":{"self":[{"href":"https:\/\/www.webdo.tn\/fr\/wp-json\/wp\/v2\/posts\/173871","targetHints":{"allow":["GET"]}}],"collection":[{"href":"https:\/\/www.webdo.tn\/fr\/wp-json\/wp\/v2\/posts"}],"about":[{"href":"https:\/\/www.webdo.tn\/fr\/wp-json\/wp\/v2\/types\/post"}],"author":[{"embeddable":true,"href":"https:\/\/www.webdo.tn\/fr\/wp-json\/wp\/v2\/users\/3222"}],"replies":[{"embeddable":true,"href":"https:\/\/www.webdo.tn\/fr\/wp-json\/wp\/v2\/comments?post=173871"}],"version-history":[{"count":0,"href":"https:\/\/www.webdo.tn\/fr\/wp-json\/wp\/v2\/posts\/173871\/revisions"}],"wp:featuredmedia":[{"embeddable":true,"href":"https:\/\/www.webdo.tn\/fr\/wp-json\/wp\/v2\/media\/320977"}],"wp:attachment":[{"href":"https:\/\/www.webdo.tn\/fr\/wp-json\/wp\/v2\/media?parent=173871"}],"wp:term":[{"taxonomy":"category","embeddable":true,"href":"https:\/\/www.webdo.tn\/fr\/wp-json\/wp\/v2\/categories?post=173871"},{"taxonomy":"post_tag","embeddable":true,"href":"https:\/\/www.webdo.tn\/fr\/wp-json\/wp\/v2\/tags?post=173871"}],"curies":[{"name":"wp","href":"https:\/\/api.w.org\/{rel}","templated":true}]}}