{"id":173858,"date":"2014-11-28T10:25:00","date_gmt":"2014-11-28T10:25:00","guid":{"rendered":"https:\/\/www.webdo.tn\/fr\/blog\/tunisie-telecom-mindshare-tunisie-remportent-silver-aux-effie-mena-awards-campagne-gardons-plages-propres\/173858\/"},"modified":"2025-05-22T13:23:07","modified_gmt":"2025-05-22T13:23:07","slug":"tunisie-telecom-mindshare-tunisie-remportent-silver-aux-effie-mena-awards-campagne-gardons-plages-propres","status":"publish","type":"post","link":"https:\/\/www.webdo.tn\/fr\/actualite\/mobile\/tunisie-telecom-mindshare-tunisie-remportent-silver-aux-effie-mena-awards-campagne-gardons-plages-propres\/173858\/","title":{"rendered":"Tunisie T\u00e9l\u00e9com et Mindshare Tunisie remportent un Silver aux Effie MENA Awards pour la campagne \u00ab Gardons Nos Plages Propres \u00bb"},"content":{"rendered":"<p>Tunisie T\u00e9l\u00e9com a remport\u00e9 un Silver dans la cat\u00e9gorie T\u00e9l\u00e9communication. Mobiles &amp; Internet lors de la derni\u00e8re \u00e9dition des\u00a0Effie MENA Awards pour la campagne \u00ab Gardons Nos Plages Propres \u00bb qui s&rsquo;est d\u00e9roul\u00e9e ce mercredi 19 novembre \u00e0 Duba\u00ef.<br \/>\nTunisie T\u00e9l\u00e9com a \u00e9t\u00e9 le seul annonceur\u00a0 Tunisien prim\u00e9 lors de ce festival qui r\u00e9compense les annonceurs et leur agence sur la base de l&rsquo;efficacit\u00e9 mesur\u00e9e et prouv\u00e9e de leur campagne de communication.<br \/>\n \u00a0<br \/>\n[quote_box_left]<br \/>\n\u00a0Pour rappel, Gardons Nos Plages Propres est une campagne citoyenne visant \u00e0 sensibiliser les baigneurs sur la protection du littoral Tunisien et le nettoyage des plages. Le \u00ab\u00a0TT Smart Converter\u00a0\u00bb, un dispositif technologique intelligent, est au c\u0153ur de cette campagne qui permet de transformer les d\u00e9chets en connexion Wi-Fi gratuite. Sur chaque kilo de d\u00e9chets ramass\u00e9 et mis dans le convertisseur, les baigneurs\u00a0 profitent d\u2019un Go d\u2019internet mobile 3G++.<br \/>\n[\/quote_box_left]<\/p>\n","protected":false},"excerpt":{"rendered":"<p>Tunisie T\u00e9l\u00e9com et Mindshare Tunisie remportent un Silver aux Effie MENA Awards pour la campagne \u00ab Gardons Nos Plages Propres \u00bb <\/p>\n","protected":false},"author":3222,"featured_media":375239,"comment_status":"open","ping_status":"closed","sticky":false,"template":"","format":"standard","meta":{"footnotes":""},"categories":[11339],"tags":[],"class_list":["post-173858","post","type-post","status-publish","format-standard","has-post-thumbnail","hentry","category-mobile"],"yoast_head":"<!-- This site is optimized with the Yoast SEO Premium plugin v27.5 (Yoast SEO v27.5) - https:\/\/yoast.com\/product\/yoast-seo-premium-wordpress\/ -->\n<title>Tunisie T\u00e9l\u00e9com et Mindshare Tunisie remportent un Silver aux Effie MENA Awards pour la campagne \u00ab Gardons Nos Plages Propres \u00bb<\/title>\n<meta name=\"description\" content=\"Tunisie T\u00e9l\u00e9com et Mindshare Tunisie remportent un Silver aux Effie MENA Awards pour la campagne \u00ab Gardons Nos Plages Propres \u00bb\" \/>\n<link rel=\"canonical\" href=\"https:\/\/www.webdo.tn\/fr\/actualite\/mobile\/tunisie-telecom-mindshare-tunisie-remportent-silver-aux-effie-mena-awards-campagne-gardons-plages-propres\/173858\/\" \/>\n<meta property=\"og:locale\" content=\"fr_FR\" \/>\n<meta property=\"og:type\" content=\"article\" \/>\n<meta property=\"og:title\" content=\"Tunisie T\u00e9l\u00e9com et Mindshare Tunisie remportent un Silver aux Effie MENA Awards pour la campagne \u00ab Gardons Nos Plages Propres \u00bb\" \/>\n<meta property=\"og:description\" content=\"Tunisie T\u00e9l\u00e9com et Mindshare Tunisie remportent un Silver aux Effie MENA Awards pour la campagne \u00ab Gardons Nos Plages Propres \u00bb\" \/>\n<meta property=\"og:url\" content=\"https:\/\/www.webdo.tn\/fr\/actualite\/mobile\/tunisie-telecom-mindshare-tunisie-remportent-silver-aux-effie-mena-awards-campagne-gardons-plages-propres\/173858\/\" \/>\n<meta property=\"og:site_name\" content=\"webdo\" \/>\n<meta property=\"article:publisher\" content=\"https:\/\/www.facebook.com\/webdotn\" \/>\n<meta property=\"article:published_time\" content=\"2014-11-28T10:25:00+00:00\" \/>\n<meta property=\"article:modified_time\" content=\"2025-05-22T13:23:07+00:00\" \/>\n<meta property=\"og:image\" content=\"https:\/\/www.webdo.tn\/fr\/wp-content\/uploads\/2025\/06\/Capture-decran-2014-11-28-a-10.18.55_173858.png\" \/>\n\t<meta property=\"og:image:width\" content=\"257\" \/>\n\t<meta property=\"og:image:height\" content=\"187\" \/>\n\t<meta property=\"og:image:type\" content=\"image\/png\" \/>\n<meta name=\"author\" content=\"webdo.tn\" \/>\n<meta name=\"twitter:card\" content=\"summary_large_image\" \/>\n<meta name=\"twitter:creator\" content=\"@webdo_tn\" \/>\n<meta name=\"twitter:site\" content=\"@webdo_tn\" \/>\n<meta name=\"twitter:label1\" content=\"\u00c9crit par\" \/>\n\t<meta name=\"twitter:data1\" content=\"webdo.tn\" \/>\n\t<meta name=\"twitter:label2\" content=\"Dur\u00e9e de lecture estim\u00e9e\" \/>\n\t<meta name=\"twitter:data2\" content=\"1 minute\" \/>\n<script type=\"application\/ld+json\" class=\"yoast-schema-graph\">{\"@context\":\"https:\\\/\\\/schema.org\",\"@graph\":[{\"@type\":\"NewsArticle\",\"@id\":\"https:\\\/\\\/www.webdo.tn\\\/fr\\\/actualite\\\/mobile\\\/tunisie-telecom-mindshare-tunisie-remportent-silver-aux-effie-mena-awards-campagne-gardons-plages-propres\\\/173858\\\/#article\",\"isPartOf\":{\"@id\":\"https:\\\/\\\/www.webdo.tn\\\/fr\\\/actualite\\\/mobile\\\/tunisie-telecom-mindshare-tunisie-remportent-silver-aux-effie-mena-awards-campagne-gardons-plages-propres\\\/173858\\\/\"},\"author\":{\"name\":\"webdo.tn\",\"@id\":\"https:\\\/\\\/www.webdo.tn\\\/fr\\\/#\\\/schema\\\/person\\\/9a9c6118d687c117df8ef3cc36a4d175\"},\"headline\":\"Tunisie T\u00e9l\u00e9com et Mindshare Tunisie remportent un Silver aux Effie MENA Awards pour la campagne \u00ab Gardons Nos Plages Propres \u00bb\",\"datePublished\":\"2014-11-28T10:25:00+00:00\",\"dateModified\":\"2025-05-22T13:23:07+00:00\",\"mainEntityOfPage\":{\"@id\":\"https:\\\/\\\/www.webdo.tn\\\/fr\\\/actualite\\\/mobile\\\/tunisie-telecom-mindshare-tunisie-remportent-silver-aux-effie-mena-awards-campagne-gardons-plages-propres\\\/173858\\\/\"},\"wordCount\":184,\"commentCount\":0,\"publisher\":{\"@id\":\"https:\\\/\\\/www.webdo.tn\\\/fr\\\/#organization\"},\"image\":{\"@id\":\"https:\\\/\\\/www.webdo.tn\\\/fr\\\/actualite\\\/mobile\\\/tunisie-telecom-mindshare-tunisie-remportent-silver-aux-effie-mena-awards-campagne-gardons-plages-propres\\\/173858\\\/#primaryimage\"},\"thumbnailUrl\":\"https:\\\/\\\/www.webdo.tn\\\/fr\\\/wp-content\\\/uploads\\\/2025\\\/06\\\/Capture-decran-2014-11-28-a-10.18.55_173858.png\",\"articleSection\":[\"Mobile\"],\"inLanguage\":\"fr-FR\"},{\"@type\":\"WebPage\",\"@id\":\"https:\\\/\\\/www.webdo.tn\\\/fr\\\/actualite\\\/mobile\\\/tunisie-telecom-mindshare-tunisie-remportent-silver-aux-effie-mena-awards-campagne-gardons-plages-propres\\\/173858\\\/\",\"url\":\"https:\\\/\\\/www.webdo.tn\\\/fr\\\/actualite\\\/mobile\\\/tunisie-telecom-mindshare-tunisie-remportent-silver-aux-effie-mena-awards-campagne-gardons-plages-propres\\\/173858\\\/\",\"name\":\"Tunisie T\u00e9l\u00e9com et Mindshare Tunisie remportent un Silver aux Effie MENA Awards pour la campagne \u00ab Gardons Nos Plages Propres \u00bb\",\"isPartOf\":{\"@id\":\"https:\\\/\\\/www.webdo.tn\\\/fr\\\/#website\"},\"primaryImageOfPage\":{\"@id\":\"https:\\\/\\\/www.webdo.tn\\\/fr\\\/actualite\\\/mobile\\\/tunisie-telecom-mindshare-tunisie-remportent-silver-aux-effie-mena-awards-campagne-gardons-plages-propres\\\/173858\\\/#primaryimage\"},\"image\":{\"@id\":\"https:\\\/\\\/www.webdo.tn\\\/fr\\\/actualite\\\/mobile\\\/tunisie-telecom-mindshare-tunisie-remportent-silver-aux-effie-mena-awards-campagne-gardons-plages-propres\\\/173858\\\/#primaryimage\"},\"thumbnailUrl\":\"https:\\\/\\\/www.webdo.tn\\\/fr\\\/wp-content\\\/uploads\\\/2025\\\/06\\\/Capture-decran-2014-11-28-a-10.18.55_173858.png\",\"datePublished\":\"2014-11-28T10:25:00+00:00\",\"dateModified\":\"2025-05-22T13:23:07+00:00\",\"description\":\"Tunisie T\u00e9l\u00e9com et Mindshare Tunisie remportent un Silver aux Effie MENA Awards pour la campagne \u00ab Gardons Nos Plages Propres \u00bb\",\"breadcrumb\":{\"@id\":\"https:\\\/\\\/www.webdo.tn\\\/fr\\\/actualite\\\/mobile\\\/tunisie-telecom-mindshare-tunisie-remportent-silver-aux-effie-mena-awards-campagne-gardons-plages-propres\\\/173858\\\/#breadcrumb\"},\"inLanguage\":\"fr-FR\",\"potentialAction\":[{\"@type\":\"ReadAction\",\"target\":[\"https:\\\/\\\/www.webdo.tn\\\/fr\\\/actualite\\\/mobile\\\/tunisie-telecom-mindshare-tunisie-remportent-silver-aux-effie-mena-awards-campagne-gardons-plages-propres\\\/173858\\\/\"]}]},{\"@type\":\"ImageObject\",\"inLanguage\":\"fr-FR\",\"@id\":\"https:\\\/\\\/www.webdo.tn\\\/fr\\\/actualite\\\/mobile\\\/tunisie-telecom-mindshare-tunisie-remportent-silver-aux-effie-mena-awards-campagne-gardons-plages-propres\\\/173858\\\/#primaryimage\",\"url\":\"https:\\\/\\\/www.webdo.tn\\\/fr\\\/wp-content\\\/uploads\\\/2025\\\/06\\\/Capture-decran-2014-11-28-a-10.18.55_173858.png\",\"contentUrl\":\"https:\\\/\\\/www.webdo.tn\\\/fr\\\/wp-content\\\/uploads\\\/2025\\\/06\\\/Capture-decran-2014-11-28-a-10.18.55_173858.png\",\"width\":257,\"height\":187,\"caption\":\"Tunisie T\u00e9l\u00e9com et Mindshare Tunisie remportent un Silver aux Effie MENA Awards pour la campagne \u00ab Gardons Nos Plages Propres \u00bb\"},{\"@type\":\"BreadcrumbList\",\"@id\":\"https:\\\/\\\/www.webdo.tn\\\/fr\\\/actualite\\\/mobile\\\/tunisie-telecom-mindshare-tunisie-remportent-silver-aux-effie-mena-awards-campagne-gardons-plages-propres\\\/173858\\\/#breadcrumb\",\"itemListElement\":[{\"@type\":\"ListItem\",\"position\":1,\"name\":\"Accueil\",\"item\":\"https:\\\/\\\/www.webdo.tn\\\/fr\\\/\"},{\"@type\":\"ListItem\",\"position\":2,\"name\":\"Tunisie T\u00e9l\u00e9com et Mindshare Tunisie remportent un Silver aux Effie MENA Awards pour la campagne \u00ab Gardons Nos Plages Propres \u00bb\"}]},{\"@type\":\"WebSite\",\"@id\":\"https:\\\/\\\/www.webdo.tn\\\/fr\\\/#website\",\"url\":\"https:\\\/\\\/www.webdo.tn\\\/fr\\\/\",\"name\":\"webdo\",\"description\":\"Tunisie - News en Tunisie et \u00e0 l&#039;international sur Webdo.tn\",\"publisher\":{\"@id\":\"https:\\\/\\\/www.webdo.tn\\\/fr\\\/#organization\"},\"potentialAction\":[{\"@type\":\"SearchAction\",\"target\":{\"@type\":\"EntryPoint\",\"urlTemplate\":\"https:\\\/\\\/www.webdo.tn\\\/fr\\\/?s={search_term_string}\"},\"query-input\":{\"@type\":\"PropertyValueSpecification\",\"valueRequired\":true,\"valueName\":\"search_term_string\"}}],\"inLanguage\":\"fr-FR\"},{\"@type\":\"Organization\",\"@id\":\"https:\\\/\\\/www.webdo.tn\\\/fr\\\/#organization\",\"name\":\"Webdo\",\"alternateName\":\"Webdo.tn\",\"url\":\"https:\\\/\\\/www.webdo.tn\\\/fr\\\/\",\"logo\":{\"@type\":\"ImageObject\",\"inLanguage\":\"fr-FR\",\"@id\":\"https:\\\/\\\/www.webdo.tn\\\/fr\\\/#\\\/schema\\\/logo\\\/image\\\/\",\"url\":\"https:\\\/\\\/www.webdo.tn\\\/fr\\\/wp-content\\\/uploads\\\/2025\\\/06\\\/Webdo-Tunisie_168377.jpg\",\"contentUrl\":\"https:\\\/\\\/www.webdo.tn\\\/fr\\\/wp-content\\\/uploads\\\/2025\\\/06\\\/Webdo-Tunisie_168377.jpg\",\"width\":301,\"height\":301,\"caption\":\"Webdo\"},\"image\":{\"@id\":\"https:\\\/\\\/www.webdo.tn\\\/fr\\\/#\\\/schema\\\/logo\\\/image\\\/\"},\"sameAs\":[\"https:\\\/\\\/www.facebook.com\\\/webdotn\",\"https:\\\/\\\/x.com\\\/webdo_tn\"],\"description\":\"Webdo est un m\u00e9dia num\u00e9rique tunisien fond\u00e9 en 2010, sp\u00e9cialis\u00e9 dans l\u2019actualit\u00e9 nationale et internationale, l\u2019\u00e9conomie, la soci\u00e9t\u00e9 et les analyses politiques. Le site s\u2019adresse \u00e0 un large public francophone et couvre l\u2019information tunisienne en temps r\u00e9el.\",\"email\":\"redac@webdo.tn\",\"legalName\":\"YNJ SARL\",\"foundingDate\":\"2010-09-06\",\"numberOfEmployees\":{\"@type\":\"QuantitativeValue\",\"minValue\":\"11\",\"maxValue\":\"50\"}},{\"@type\":\"Person\",\"@id\":\"https:\\\/\\\/www.webdo.tn\\\/fr\\\/#\\\/schema\\\/person\\\/9a9c6118d687c117df8ef3cc36a4d175\",\"name\":\"webdo.tn\",\"image\":{\"@type\":\"ImageObject\",\"inLanguage\":\"fr-FR\",\"@id\":\"https:\\\/\\\/secure.gravatar.com\\\/avatar\\\/7ce1f28c0c3bbac99ff550b85ef8e44a6950c6ee24514fb6a5489e51d06f0298?s=96&d=mm&r=g\",\"url\":\"https:\\\/\\\/secure.gravatar.com\\\/avatar\\\/7ce1f28c0c3bbac99ff550b85ef8e44a6950c6ee24514fb6a5489e51d06f0298?s=96&d=mm&r=g\",\"contentUrl\":\"https:\\\/\\\/secure.gravatar.com\\\/avatar\\\/7ce1f28c0c3bbac99ff550b85ef8e44a6950c6ee24514fb6a5489e51d06f0298?s=96&d=mm&r=g\",\"caption\":\"webdo.tn\"},\"url\":\"https:\\\/\\\/www.webdo.tn\\\/fr\\\/actualite\\\/author\\\/webdotn\\\/\"}]}<\/script>\n<!-- \/ Yoast SEO Premium plugin. -->","yoast_head_json":{"title":"Tunisie T\u00e9l\u00e9com et Mindshare Tunisie remportent un Silver aux Effie MENA Awards pour la campagne \u00ab Gardons Nos Plages Propres \u00bb","description":"Tunisie T\u00e9l\u00e9com et Mindshare Tunisie remportent un Silver aux Effie MENA Awards pour la campagne \u00ab Gardons Nos Plages Propres \u00bb","canonical":"https:\/\/www.webdo.tn\/fr\/actualite\/mobile\/tunisie-telecom-mindshare-tunisie-remportent-silver-aux-effie-mena-awards-campagne-gardons-plages-propres\/173858\/","og_locale":"fr_FR","og_type":"article","og_title":"Tunisie T\u00e9l\u00e9com et Mindshare Tunisie remportent un Silver aux Effie MENA Awards pour la campagne \u00ab Gardons Nos Plages Propres \u00bb","og_description":"Tunisie T\u00e9l\u00e9com et Mindshare Tunisie remportent un Silver aux Effie MENA Awards pour la campagne \u00ab Gardons Nos Plages Propres \u00bb","og_url":"https:\/\/www.webdo.tn\/fr\/actualite\/mobile\/tunisie-telecom-mindshare-tunisie-remportent-silver-aux-effie-mena-awards-campagne-gardons-plages-propres\/173858\/","og_site_name":"webdo","article_publisher":"https:\/\/www.facebook.com\/webdotn","article_published_time":"2014-11-28T10:25:00+00:00","article_modified_time":"2025-05-22T13:23:07+00:00","og_image":[{"width":257,"height":187,"url":"https:\/\/www.webdo.tn\/fr\/wp-content\/uploads\/2025\/06\/Capture-decran-2014-11-28-a-10.18.55_173858.png","type":"image\/png"}],"author":"webdo.tn","twitter_card":"summary_large_image","twitter_creator":"@webdo_tn","twitter_site":"@webdo_tn","twitter_misc":{"\u00c9crit par":"webdo.tn","Dur\u00e9e de lecture estim\u00e9e":"1 minute"},"schema":{"@context":"https:\/\/schema.org","@graph":[{"@type":"NewsArticle","@id":"https:\/\/www.webdo.tn\/fr\/actualite\/mobile\/tunisie-telecom-mindshare-tunisie-remportent-silver-aux-effie-mena-awards-campagne-gardons-plages-propres\/173858\/#article","isPartOf":{"@id":"https:\/\/www.webdo.tn\/fr\/actualite\/mobile\/tunisie-telecom-mindshare-tunisie-remportent-silver-aux-effie-mena-awards-campagne-gardons-plages-propres\/173858\/"},"author":{"name":"webdo.tn","@id":"https:\/\/www.webdo.tn\/fr\/#\/schema\/person\/9a9c6118d687c117df8ef3cc36a4d175"},"headline":"Tunisie T\u00e9l\u00e9com et Mindshare Tunisie remportent un Silver aux Effie MENA Awards pour la campagne \u00ab Gardons Nos Plages Propres \u00bb","datePublished":"2014-11-28T10:25:00+00:00","dateModified":"2025-05-22T13:23:07+00:00","mainEntityOfPage":{"@id":"https:\/\/www.webdo.tn\/fr\/actualite\/mobile\/tunisie-telecom-mindshare-tunisie-remportent-silver-aux-effie-mena-awards-campagne-gardons-plages-propres\/173858\/"},"wordCount":184,"commentCount":0,"publisher":{"@id":"https:\/\/www.webdo.tn\/fr\/#organization"},"image":{"@id":"https:\/\/www.webdo.tn\/fr\/actualite\/mobile\/tunisie-telecom-mindshare-tunisie-remportent-silver-aux-effie-mena-awards-campagne-gardons-plages-propres\/173858\/#primaryimage"},"thumbnailUrl":"https:\/\/www.webdo.tn\/fr\/wp-content\/uploads\/2025\/06\/Capture-decran-2014-11-28-a-10.18.55_173858.png","articleSection":["Mobile"],"inLanguage":"fr-FR"},{"@type":"WebPage","@id":"https:\/\/www.webdo.tn\/fr\/actualite\/mobile\/tunisie-telecom-mindshare-tunisie-remportent-silver-aux-effie-mena-awards-campagne-gardons-plages-propres\/173858\/","url":"https:\/\/www.webdo.tn\/fr\/actualite\/mobile\/tunisie-telecom-mindshare-tunisie-remportent-silver-aux-effie-mena-awards-campagne-gardons-plages-propres\/173858\/","name":"Tunisie T\u00e9l\u00e9com et Mindshare Tunisie remportent un Silver aux Effie MENA Awards pour la campagne \u00ab Gardons Nos Plages Propres \u00bb","isPartOf":{"@id":"https:\/\/www.webdo.tn\/fr\/#website"},"primaryImageOfPage":{"@id":"https:\/\/www.webdo.tn\/fr\/actualite\/mobile\/tunisie-telecom-mindshare-tunisie-remportent-silver-aux-effie-mena-awards-campagne-gardons-plages-propres\/173858\/#primaryimage"},"image":{"@id":"https:\/\/www.webdo.tn\/fr\/actualite\/mobile\/tunisie-telecom-mindshare-tunisie-remportent-silver-aux-effie-mena-awards-campagne-gardons-plages-propres\/173858\/#primaryimage"},"thumbnailUrl":"https:\/\/www.webdo.tn\/fr\/wp-content\/uploads\/2025\/06\/Capture-decran-2014-11-28-a-10.18.55_173858.png","datePublished":"2014-11-28T10:25:00+00:00","dateModified":"2025-05-22T13:23:07+00:00","description":"Tunisie T\u00e9l\u00e9com et Mindshare Tunisie remportent un Silver aux Effie MENA Awards pour la campagne \u00ab Gardons Nos Plages Propres \u00bb","breadcrumb":{"@id":"https:\/\/www.webdo.tn\/fr\/actualite\/mobile\/tunisie-telecom-mindshare-tunisie-remportent-silver-aux-effie-mena-awards-campagne-gardons-plages-propres\/173858\/#breadcrumb"},"inLanguage":"fr-FR","potentialAction":[{"@type":"ReadAction","target":["https:\/\/www.webdo.tn\/fr\/actualite\/mobile\/tunisie-telecom-mindshare-tunisie-remportent-silver-aux-effie-mena-awards-campagne-gardons-plages-propres\/173858\/"]}]},{"@type":"ImageObject","inLanguage":"fr-FR","@id":"https:\/\/www.webdo.tn\/fr\/actualite\/mobile\/tunisie-telecom-mindshare-tunisie-remportent-silver-aux-effie-mena-awards-campagne-gardons-plages-propres\/173858\/#primaryimage","url":"https:\/\/www.webdo.tn\/fr\/wp-content\/uploads\/2025\/06\/Capture-decran-2014-11-28-a-10.18.55_173858.png","contentUrl":"https:\/\/www.webdo.tn\/fr\/wp-content\/uploads\/2025\/06\/Capture-decran-2014-11-28-a-10.18.55_173858.png","width":257,"height":187,"caption":"Tunisie T\u00e9l\u00e9com et Mindshare Tunisie remportent un Silver aux Effie MENA Awards pour la campagne \u00ab Gardons Nos Plages Propres \u00bb"},{"@type":"BreadcrumbList","@id":"https:\/\/www.webdo.tn\/fr\/actualite\/mobile\/tunisie-telecom-mindshare-tunisie-remportent-silver-aux-effie-mena-awards-campagne-gardons-plages-propres\/173858\/#breadcrumb","itemListElement":[{"@type":"ListItem","position":1,"name":"Accueil","item":"https:\/\/www.webdo.tn\/fr\/"},{"@type":"ListItem","position":2,"name":"Tunisie T\u00e9l\u00e9com et Mindshare Tunisie remportent un Silver aux Effie MENA Awards pour la campagne \u00ab Gardons Nos Plages Propres \u00bb"}]},{"@type":"WebSite","@id":"https:\/\/www.webdo.tn\/fr\/#website","url":"https:\/\/www.webdo.tn\/fr\/","name":"webdo","description":"Tunisie - News en Tunisie et \u00e0 l&#039;international sur Webdo.tn","publisher":{"@id":"https:\/\/www.webdo.tn\/fr\/#organization"},"potentialAction":[{"@type":"SearchAction","target":{"@type":"EntryPoint","urlTemplate":"https:\/\/www.webdo.tn\/fr\/?s={search_term_string}"},"query-input":{"@type":"PropertyValueSpecification","valueRequired":true,"valueName":"search_term_string"}}],"inLanguage":"fr-FR"},{"@type":"Organization","@id":"https:\/\/www.webdo.tn\/fr\/#organization","name":"Webdo","alternateName":"Webdo.tn","url":"https:\/\/www.webdo.tn\/fr\/","logo":{"@type":"ImageObject","inLanguage":"fr-FR","@id":"https:\/\/www.webdo.tn\/fr\/#\/schema\/logo\/image\/","url":"https:\/\/www.webdo.tn\/fr\/wp-content\/uploads\/2025\/06\/Webdo-Tunisie_168377.jpg","contentUrl":"https:\/\/www.webdo.tn\/fr\/wp-content\/uploads\/2025\/06\/Webdo-Tunisie_168377.jpg","width":301,"height":301,"caption":"Webdo"},"image":{"@id":"https:\/\/www.webdo.tn\/fr\/#\/schema\/logo\/image\/"},"sameAs":["https:\/\/www.facebook.com\/webdotn","https:\/\/x.com\/webdo_tn"],"description":"Webdo est un m\u00e9dia num\u00e9rique tunisien fond\u00e9 en 2010, sp\u00e9cialis\u00e9 dans l\u2019actualit\u00e9 nationale et internationale, l\u2019\u00e9conomie, la soci\u00e9t\u00e9 et les analyses politiques. Le site s\u2019adresse \u00e0 un large public francophone et couvre l\u2019information tunisienne en temps r\u00e9el.","email":"redac@webdo.tn","legalName":"YNJ SARL","foundingDate":"2010-09-06","numberOfEmployees":{"@type":"QuantitativeValue","minValue":"11","maxValue":"50"}},{"@type":"Person","@id":"https:\/\/www.webdo.tn\/fr\/#\/schema\/person\/9a9c6118d687c117df8ef3cc36a4d175","name":"webdo.tn","image":{"@type":"ImageObject","inLanguage":"fr-FR","@id":"https:\/\/secure.gravatar.com\/avatar\/7ce1f28c0c3bbac99ff550b85ef8e44a6950c6ee24514fb6a5489e51d06f0298?s=96&d=mm&r=g","url":"https:\/\/secure.gravatar.com\/avatar\/7ce1f28c0c3bbac99ff550b85ef8e44a6950c6ee24514fb6a5489e51d06f0298?s=96&d=mm&r=g","contentUrl":"https:\/\/secure.gravatar.com\/avatar\/7ce1f28c0c3bbac99ff550b85ef8e44a6950c6ee24514fb6a5489e51d06f0298?s=96&d=mm&r=g","caption":"webdo.tn"},"url":"https:\/\/www.webdo.tn\/fr\/actualite\/author\/webdotn\/"}]}},"_links":{"self":[{"href":"https:\/\/www.webdo.tn\/fr\/wp-json\/wp\/v2\/posts\/173858","targetHints":{"allow":["GET"]}}],"collection":[{"href":"https:\/\/www.webdo.tn\/fr\/wp-json\/wp\/v2\/posts"}],"about":[{"href":"https:\/\/www.webdo.tn\/fr\/wp-json\/wp\/v2\/types\/post"}],"author":[{"embeddable":true,"href":"https:\/\/www.webdo.tn\/fr\/wp-json\/wp\/v2\/users\/3222"}],"replies":[{"embeddable":true,"href":"https:\/\/www.webdo.tn\/fr\/wp-json\/wp\/v2\/comments?post=173858"}],"version-history":[{"count":0,"href":"https:\/\/www.webdo.tn\/fr\/wp-json\/wp\/v2\/posts\/173858\/revisions"}],"wp:featuredmedia":[{"embeddable":true,"href":"https:\/\/www.webdo.tn\/fr\/wp-json\/wp\/v2\/media\/375239"}],"wp:attachment":[{"href":"https:\/\/www.webdo.tn\/fr\/wp-json\/wp\/v2\/media?parent=173858"}],"wp:term":[{"taxonomy":"category","embeddable":true,"href":"https:\/\/www.webdo.tn\/fr\/wp-json\/wp\/v2\/categories?post=173858"},{"taxonomy":"post_tag","embeddable":true,"href":"https:\/\/www.webdo.tn\/fr\/wp-json\/wp\/v2\/tags?post=173858"}],"curies":[{"name":"wp","href":"https:\/\/api.w.org\/{rel}","templated":true}]}}