{"id":173853,"date":"2014-12-25T00:15:00","date_gmt":"2014-12-24T23:15:00","guid":{"rendered":"https:\/\/www.webdo.tn\/fr\/actualite\/mobile\/tunisie-orange-developer-center-propose-aux-jeunes-des-ateliers-pendant-les-vacances-dhiver\/173853"},"modified":"2014-12-25T00:15:00","modified_gmt":"2014-12-24T23:15:00","slug":"tunisie-orange-developer-center-propose-aux-jeunes-des-ateliers-pendant-les-vacances-dhiver","status":"publish","type":"post","link":"https:\/\/www.webdo.tn\/fr\/actualite\/mobile\/tunisie-orange-developer-center-propose-aux-jeunes-des-ateliers-pendant-les-vacances-dhiver\/173853\/","title":{"rendered":"Orange Developer Center propose aux jeunes des ateliers pendant les vacances d\u2019hiver"},"content":{"rendered":"<p>Dans le cadre de son Programme D\u00e9veloppeurs, Orange Tunisie offre des formations gratuites d\u00e9di\u00e9es aux jeunes de 13 \u00e0 17 ans sur le d\u00e9veloppement mobile, annonce un communiqu\u00e9 de l&rsquo;op\u00e9rateur.<\/p>\n<p>Orange Developer Center (ODC), devenu leader dans la formation et l\u2019animation autour du d\u00e9veloppement mobile, invite les coll\u00e9giens et les lyc\u00e9ens \u00e0 d\u00e9couvrir son espace high-tech et leur offre une opportunit\u00e9 unique de d\u00e9couvrir le monde de la programmation.<\/p>\n<p>Toujours dans une logique de responsabilit\u00e9 sociale, l\u2019op\u00e9rateur souhaite mettre son savoir-faire et son expertise num\u00e9rique au service d\u2019un public plus large.<\/p>\n<p>L\u2019id\u00e9e est de se focaliser sur la nouvelle g\u00e9n\u00e9ration et de former ces geeks en herbe aux nouvelles technologies de d\u00e9veloppement avec les derni\u00e8res nouveaut\u00e9s telle que la programmation \u00ab scratch \u00bb, un langage r\u00e9volutionnaire invent\u00e9 par la prestigieuse MIT (Massachussetts Institute of Technology).<\/p>\n<p>S\u00e9lectionn\u00e9s parmi les \u00e9l\u00e8ves les plus brillants, les futurs d\u00e9veloppeurs assisteront \u00e0 un cours qui se r\u00e9pand dans le monde \u00e0 une vitesse ph\u00e9nom\u00e9nale. Le but est d\u2019initier les jeunes le plus t\u00f4t possible au monde du d\u00e9veloppement et de leur faire d\u00e9couvrir les bases du langage informatique sous un format simple et ludique.<\/p>\n<p>Initi\u00e9s en d\u00e9but d\u2019ann\u00e9e, les \u00e9v\u00e9nements \u00ab Sp\u00e9cial ados \u00bb ont \u00e9t\u00e9 si bien appr\u00e9ci\u00e9s par les jeunes, les parents et le cadre \u00e9ducatif, que l\u2019ODC a d\u00e9cid\u00e9 de continuer dans sa d\u00e9marche avec un projet plus ambitieux afin d\u2019inclure un plus grand nombre de jeunes.<\/p>\n<p>Un programme complet a \u00e9t\u00e9 mis en place \u00e0 cet effet, avec une large panoplie d\u2019activit\u00e9s de formation ludiques et innovantes :<\/p>\n<p>\tODC Kids , tous les samedis matins : Des workshop organis\u00e9s pour l\u2019initiation et la familiarisation \u00e0 la programmation,<br \/>\n\tBoot camp : une semaine intensive de formation \u00ab Scratch \u00bb et l\u2019outil \u00ab App Inventor \u00bb qui se termine par un petit concours entre stagiaires,<br \/>\n\tDes formations dans les maisons de jeunes avec des journ\u00e9es d\u2019initiation sur le langage \u00ab Scratch \u00bb et \u00ab App Inventor \u00bb.<br \/>\n\tAteliers de d\u00e9veloppement \u00ab sp\u00e9cial Ados \u00bb : La motivation et l\u2019engouement de ces jeunes ainsi que le retour tr\u00e8s positif des parents et du cadre \u00e9ducatif ont pouss\u00e9 l\u2019\u00e9quipe de l\u2019Orange Developer Center \u00e0 organiser 3 jours entiers d\u2019ateliers de d\u00e9veloppement d\u00e9di\u00e9e aux adolescents et ce, du 29 au 31 d\u00e9cembre 2014 \u00e0 l\u2019ODC.<br \/>\n\tAu programme : formation, d\u00e9veloppement d\u2019applications, tests sur smartphones, jeux, quizz\u2026.et de nombreuses surprises !<\/p>\n<p>Donc si on est coll\u00e9gien ou lyc\u00e9en, si on est passionn\u00e9(e) par le monde du high-tech, et si on veut profiter de ses vacances scolaires pour d\u00e9couvrir les secrets du d\u00e9veloppement mobile, on peut rejoindre le programme de la semaine et r\u00e9server sa place sur le site d\u00e9veloppeurs.<\/p>\n<p>Toutes les formations sont gratuites et ouvertes \u00e0 tous ! Les places sont limit\u00e9es !<\/p>\n<p>Pour suivre toutes les activit\u00e9s du Programme D\u00e9veloppeurs, consultez notre site web : http:\/\/www.developpeur.orange.tn<\/p>\n","protected":false},"excerpt":{"rendered":"<p>Dans le cadre de son Programme D\u00e9veloppeurs, Orange Tunisie offre des formations gratuites d\u00e9di\u00e9es aux jeunes de 13 \u00e0 17 ans sur le d\u00e9veloppement mobi<\/p>\n","protected":false},"author":3222,"featured_media":375257,"comment_status":"open","ping_status":"open","sticky":false,"template":"","format":"standard","meta":{"footnotes":""},"categories":[11339],"tags":[],"class_list":["post-173853","post","type-post","status-publish","format-standard","has-post-thumbnail","hentry","category-mobile"],"yoast_head":"<!-- This site is optimized with the Yoast SEO Premium plugin v27.5 (Yoast SEO v27.5) - https:\/\/yoast.com\/product\/yoast-seo-premium-wordpress\/ -->\n<title>Orange Developer Center propose aux jeunes des ateliers pendant les vacances d\u2019hiver<\/title>\n<meta name=\"description\" content=\"Orange Developer Center propose aux jeunes des ateliers pendant les vacances d\u2019hiver\" \/>\n<link rel=\"canonical\" href=\"https:\/\/www.webdo.tn\/fr\/actualite\/mobile\/tunisie-orange-developer-center-propose-aux-jeunes-des-ateliers-pendant-les-vacances-dhiver\/173853\/\" \/>\n<meta property=\"og:locale\" content=\"fr_FR\" \/>\n<meta property=\"og:type\" content=\"article\" \/>\n<meta property=\"og:title\" content=\"Orange Developer Center propose aux jeunes des ateliers pendant les vacances d\u2019hiver\" \/>\n<meta property=\"og:description\" content=\"Orange Developer Center propose aux jeunes des ateliers pendant les vacances d\u2019hiver\" \/>\n<meta property=\"og:url\" content=\"https:\/\/www.webdo.tn\/fr\/actualite\/mobile\/tunisie-orange-developer-center-propose-aux-jeunes-des-ateliers-pendant-les-vacances-dhiver\/173853\/\" \/>\n<meta property=\"og:site_name\" content=\"webdo\" \/>\n<meta property=\"article:publisher\" content=\"https:\/\/www.facebook.com\/webdotn\" \/>\n<meta property=\"article:published_time\" content=\"2014-12-24T23:15:00+00:00\" \/>\n<meta property=\"og:image\" content=\"https:\/\/www.webdo.tn\/fr\/wp-content\/uploads\/2025\/06\/Orange-Developer_173853.jpg\" \/>\n\t<meta property=\"og:image:width\" content=\"600\" \/>\n\t<meta property=\"og:image:height\" content=\"237\" \/>\n\t<meta property=\"og:image:type\" content=\"image\/jpeg\" \/>\n<meta name=\"author\" content=\"webdo.tn\" \/>\n<meta name=\"twitter:card\" content=\"summary_large_image\" \/>\n<meta name=\"twitter:creator\" content=\"@webdo_tn\" \/>\n<meta name=\"twitter:site\" content=\"@webdo_tn\" \/>\n<meta name=\"twitter:label1\" content=\"\u00c9crit par\" \/>\n\t<meta name=\"twitter:data1\" content=\"webdo.tn\" \/>\n\t<meta name=\"twitter:label2\" content=\"Dur\u00e9e de lecture estim\u00e9e\" \/>\n\t<meta name=\"twitter:data2\" content=\"3 minutes\" \/>\n<script type=\"application\/ld+json\" class=\"yoast-schema-graph\">{\"@context\":\"https:\\\/\\\/schema.org\",\"@graph\":[{\"@type\":\"NewsArticle\",\"@id\":\"https:\\\/\\\/www.webdo.tn\\\/fr\\\/actualite\\\/mobile\\\/tunisie-orange-developer-center-propose-aux-jeunes-des-ateliers-pendant-les-vacances-dhiver\\\/173853\\\/#article\",\"isPartOf\":{\"@id\":\"https:\\\/\\\/www.webdo.tn\\\/fr\\\/actualite\\\/mobile\\\/tunisie-orange-developer-center-propose-aux-jeunes-des-ateliers-pendant-les-vacances-dhiver\\\/173853\\\/\"},\"author\":{\"name\":\"webdo.tn\",\"@id\":\"https:\\\/\\\/www.webdo.tn\\\/fr\\\/#\\\/schema\\\/person\\\/9a9c6118d687c117df8ef3cc36a4d175\"},\"headline\":\"Orange Developer Center propose aux jeunes des ateliers pendant les vacances d\u2019hiver\",\"datePublished\":\"2014-12-24T23:15:00+00:00\",\"mainEntityOfPage\":{\"@id\":\"https:\\\/\\\/www.webdo.tn\\\/fr\\\/actualite\\\/mobile\\\/tunisie-orange-developer-center-propose-aux-jeunes-des-ateliers-pendant-les-vacances-dhiver\\\/173853\\\/\"},\"wordCount\":528,\"commentCount\":0,\"publisher\":{\"@id\":\"https:\\\/\\\/www.webdo.tn\\\/fr\\\/#organization\"},\"image\":{\"@id\":\"https:\\\/\\\/www.webdo.tn\\\/fr\\\/actualite\\\/mobile\\\/tunisie-orange-developer-center-propose-aux-jeunes-des-ateliers-pendant-les-vacances-dhiver\\\/173853\\\/#primaryimage\"},\"thumbnailUrl\":\"https:\\\/\\\/www.webdo.tn\\\/fr\\\/wp-content\\\/uploads\\\/2025\\\/06\\\/Orange-Developer_173853.jpg\",\"articleSection\":[\"Mobile\"],\"inLanguage\":\"fr-FR\"},{\"@type\":\"WebPage\",\"@id\":\"https:\\\/\\\/www.webdo.tn\\\/fr\\\/actualite\\\/mobile\\\/tunisie-orange-developer-center-propose-aux-jeunes-des-ateliers-pendant-les-vacances-dhiver\\\/173853\\\/\",\"url\":\"https:\\\/\\\/www.webdo.tn\\\/fr\\\/actualite\\\/mobile\\\/tunisie-orange-developer-center-propose-aux-jeunes-des-ateliers-pendant-les-vacances-dhiver\\\/173853\\\/\",\"name\":\"Orange Developer Center propose aux jeunes des ateliers pendant les vacances d\u2019hiver\",\"isPartOf\":{\"@id\":\"https:\\\/\\\/www.webdo.tn\\\/fr\\\/#website\"},\"primaryImageOfPage\":{\"@id\":\"https:\\\/\\\/www.webdo.tn\\\/fr\\\/actualite\\\/mobile\\\/tunisie-orange-developer-center-propose-aux-jeunes-des-ateliers-pendant-les-vacances-dhiver\\\/173853\\\/#primaryimage\"},\"image\":{\"@id\":\"https:\\\/\\\/www.webdo.tn\\\/fr\\\/actualite\\\/mobile\\\/tunisie-orange-developer-center-propose-aux-jeunes-des-ateliers-pendant-les-vacances-dhiver\\\/173853\\\/#primaryimage\"},\"thumbnailUrl\":\"https:\\\/\\\/www.webdo.tn\\\/fr\\\/wp-content\\\/uploads\\\/2025\\\/06\\\/Orange-Developer_173853.jpg\",\"datePublished\":\"2014-12-24T23:15:00+00:00\",\"description\":\"Orange Developer Center propose aux jeunes des ateliers pendant les vacances d\u2019hiver\",\"breadcrumb\":{\"@id\":\"https:\\\/\\\/www.webdo.tn\\\/fr\\\/actualite\\\/mobile\\\/tunisie-orange-developer-center-propose-aux-jeunes-des-ateliers-pendant-les-vacances-dhiver\\\/173853\\\/#breadcrumb\"},\"inLanguage\":\"fr-FR\",\"potentialAction\":[{\"@type\":\"ReadAction\",\"target\":[\"https:\\\/\\\/www.webdo.tn\\\/fr\\\/actualite\\\/mobile\\\/tunisie-orange-developer-center-propose-aux-jeunes-des-ateliers-pendant-les-vacances-dhiver\\\/173853\\\/\"]}]},{\"@type\":\"ImageObject\",\"inLanguage\":\"fr-FR\",\"@id\":\"https:\\\/\\\/www.webdo.tn\\\/fr\\\/actualite\\\/mobile\\\/tunisie-orange-developer-center-propose-aux-jeunes-des-ateliers-pendant-les-vacances-dhiver\\\/173853\\\/#primaryimage\",\"url\":\"https:\\\/\\\/www.webdo.tn\\\/fr\\\/wp-content\\\/uploads\\\/2025\\\/06\\\/Orange-Developer_173853.jpg\",\"contentUrl\":\"https:\\\/\\\/www.webdo.tn\\\/fr\\\/wp-content\\\/uploads\\\/2025\\\/06\\\/Orange-Developer_173853.jpg\",\"width\":600,\"height\":237,\"caption\":\"Orange Developer Center propose aux jeunes des ateliers pendant les vacances d\u2019hiver\"},{\"@type\":\"BreadcrumbList\",\"@id\":\"https:\\\/\\\/www.webdo.tn\\\/fr\\\/actualite\\\/mobile\\\/tunisie-orange-developer-center-propose-aux-jeunes-des-ateliers-pendant-les-vacances-dhiver\\\/173853\\\/#breadcrumb\",\"itemListElement\":[{\"@type\":\"ListItem\",\"position\":1,\"name\":\"Accueil\",\"item\":\"https:\\\/\\\/www.webdo.tn\\\/fr\\\/\"},{\"@type\":\"ListItem\",\"position\":2,\"name\":\"Orange Developer Center propose aux jeunes des ateliers pendant les vacances d\u2019hiver\"}]},{\"@type\":\"WebSite\",\"@id\":\"https:\\\/\\\/www.webdo.tn\\\/fr\\\/#website\",\"url\":\"https:\\\/\\\/www.webdo.tn\\\/fr\\\/\",\"name\":\"webdo\",\"description\":\"Tunisie - News en Tunisie et \u00e0 l&#039;international sur Webdo.tn\",\"publisher\":{\"@id\":\"https:\\\/\\\/www.webdo.tn\\\/fr\\\/#organization\"},\"potentialAction\":[{\"@type\":\"SearchAction\",\"target\":{\"@type\":\"EntryPoint\",\"urlTemplate\":\"https:\\\/\\\/www.webdo.tn\\\/fr\\\/?s={search_term_string}\"},\"query-input\":{\"@type\":\"PropertyValueSpecification\",\"valueRequired\":true,\"valueName\":\"search_term_string\"}}],\"inLanguage\":\"fr-FR\"},{\"@type\":\"Organization\",\"@id\":\"https:\\\/\\\/www.webdo.tn\\\/fr\\\/#organization\",\"name\":\"Webdo\",\"alternateName\":\"Webdo.tn\",\"url\":\"https:\\\/\\\/www.webdo.tn\\\/fr\\\/\",\"logo\":{\"@type\":\"ImageObject\",\"inLanguage\":\"fr-FR\",\"@id\":\"https:\\\/\\\/www.webdo.tn\\\/fr\\\/#\\\/schema\\\/logo\\\/image\\\/\",\"url\":\"https:\\\/\\\/www.webdo.tn\\\/fr\\\/wp-content\\\/uploads\\\/2025\\\/06\\\/Webdo-Tunisie_168377.jpg\",\"contentUrl\":\"https:\\\/\\\/www.webdo.tn\\\/fr\\\/wp-content\\\/uploads\\\/2025\\\/06\\\/Webdo-Tunisie_168377.jpg\",\"width\":301,\"height\":301,\"caption\":\"Webdo\"},\"image\":{\"@id\":\"https:\\\/\\\/www.webdo.tn\\\/fr\\\/#\\\/schema\\\/logo\\\/image\\\/\"},\"sameAs\":[\"https:\\\/\\\/www.facebook.com\\\/webdotn\",\"https:\\\/\\\/x.com\\\/webdo_tn\"],\"description\":\"Webdo est un m\u00e9dia num\u00e9rique tunisien fond\u00e9 en 2010, sp\u00e9cialis\u00e9 dans l\u2019actualit\u00e9 nationale et internationale, l\u2019\u00e9conomie, la soci\u00e9t\u00e9 et les analyses politiques. Le site s\u2019adresse \u00e0 un large public francophone et couvre l\u2019information tunisienne en temps r\u00e9el.\",\"email\":\"redac@webdo.tn\",\"legalName\":\"YNJ SARL\",\"foundingDate\":\"2010-09-06\",\"numberOfEmployees\":{\"@type\":\"QuantitativeValue\",\"minValue\":\"11\",\"maxValue\":\"50\"}},{\"@type\":\"Person\",\"@id\":\"https:\\\/\\\/www.webdo.tn\\\/fr\\\/#\\\/schema\\\/person\\\/9a9c6118d687c117df8ef3cc36a4d175\",\"name\":\"webdo.tn\",\"image\":{\"@type\":\"ImageObject\",\"inLanguage\":\"fr-FR\",\"@id\":\"https:\\\/\\\/secure.gravatar.com\\\/avatar\\\/7ce1f28c0c3bbac99ff550b85ef8e44a6950c6ee24514fb6a5489e51d06f0298?s=96&d=mm&r=g\",\"url\":\"https:\\\/\\\/secure.gravatar.com\\\/avatar\\\/7ce1f28c0c3bbac99ff550b85ef8e44a6950c6ee24514fb6a5489e51d06f0298?s=96&d=mm&r=g\",\"contentUrl\":\"https:\\\/\\\/secure.gravatar.com\\\/avatar\\\/7ce1f28c0c3bbac99ff550b85ef8e44a6950c6ee24514fb6a5489e51d06f0298?s=96&d=mm&r=g\",\"caption\":\"webdo.tn\"},\"url\":\"https:\\\/\\\/www.webdo.tn\\\/fr\\\/actualite\\\/author\\\/webdotn\\\/\"}]}<\/script>\n<!-- \/ Yoast SEO Premium plugin. -->","yoast_head_json":{"title":"Orange Developer Center propose aux jeunes des ateliers pendant les vacances d\u2019hiver","description":"Orange Developer Center propose aux jeunes des ateliers pendant les vacances d\u2019hiver","canonical":"https:\/\/www.webdo.tn\/fr\/actualite\/mobile\/tunisie-orange-developer-center-propose-aux-jeunes-des-ateliers-pendant-les-vacances-dhiver\/173853\/","og_locale":"fr_FR","og_type":"article","og_title":"Orange Developer Center propose aux jeunes des ateliers pendant les vacances d\u2019hiver","og_description":"Orange Developer Center propose aux jeunes des ateliers pendant les vacances d\u2019hiver","og_url":"https:\/\/www.webdo.tn\/fr\/actualite\/mobile\/tunisie-orange-developer-center-propose-aux-jeunes-des-ateliers-pendant-les-vacances-dhiver\/173853\/","og_site_name":"webdo","article_publisher":"https:\/\/www.facebook.com\/webdotn","article_published_time":"2014-12-24T23:15:00+00:00","og_image":[{"width":600,"height":237,"url":"https:\/\/www.webdo.tn\/fr\/wp-content\/uploads\/2025\/06\/Orange-Developer_173853.jpg","type":"image\/jpeg"}],"author":"webdo.tn","twitter_card":"summary_large_image","twitter_creator":"@webdo_tn","twitter_site":"@webdo_tn","twitter_misc":{"\u00c9crit par":"webdo.tn","Dur\u00e9e de lecture estim\u00e9e":"3 minutes"},"schema":{"@context":"https:\/\/schema.org","@graph":[{"@type":"NewsArticle","@id":"https:\/\/www.webdo.tn\/fr\/actualite\/mobile\/tunisie-orange-developer-center-propose-aux-jeunes-des-ateliers-pendant-les-vacances-dhiver\/173853\/#article","isPartOf":{"@id":"https:\/\/www.webdo.tn\/fr\/actualite\/mobile\/tunisie-orange-developer-center-propose-aux-jeunes-des-ateliers-pendant-les-vacances-dhiver\/173853\/"},"author":{"name":"webdo.tn","@id":"https:\/\/www.webdo.tn\/fr\/#\/schema\/person\/9a9c6118d687c117df8ef3cc36a4d175"},"headline":"Orange Developer Center propose aux jeunes des ateliers pendant les vacances d\u2019hiver","datePublished":"2014-12-24T23:15:00+00:00","mainEntityOfPage":{"@id":"https:\/\/www.webdo.tn\/fr\/actualite\/mobile\/tunisie-orange-developer-center-propose-aux-jeunes-des-ateliers-pendant-les-vacances-dhiver\/173853\/"},"wordCount":528,"commentCount":0,"publisher":{"@id":"https:\/\/www.webdo.tn\/fr\/#organization"},"image":{"@id":"https:\/\/www.webdo.tn\/fr\/actualite\/mobile\/tunisie-orange-developer-center-propose-aux-jeunes-des-ateliers-pendant-les-vacances-dhiver\/173853\/#primaryimage"},"thumbnailUrl":"https:\/\/www.webdo.tn\/fr\/wp-content\/uploads\/2025\/06\/Orange-Developer_173853.jpg","articleSection":["Mobile"],"inLanguage":"fr-FR"},{"@type":"WebPage","@id":"https:\/\/www.webdo.tn\/fr\/actualite\/mobile\/tunisie-orange-developer-center-propose-aux-jeunes-des-ateliers-pendant-les-vacances-dhiver\/173853\/","url":"https:\/\/www.webdo.tn\/fr\/actualite\/mobile\/tunisie-orange-developer-center-propose-aux-jeunes-des-ateliers-pendant-les-vacances-dhiver\/173853\/","name":"Orange Developer Center propose aux jeunes des ateliers pendant les vacances d\u2019hiver","isPartOf":{"@id":"https:\/\/www.webdo.tn\/fr\/#website"},"primaryImageOfPage":{"@id":"https:\/\/www.webdo.tn\/fr\/actualite\/mobile\/tunisie-orange-developer-center-propose-aux-jeunes-des-ateliers-pendant-les-vacances-dhiver\/173853\/#primaryimage"},"image":{"@id":"https:\/\/www.webdo.tn\/fr\/actualite\/mobile\/tunisie-orange-developer-center-propose-aux-jeunes-des-ateliers-pendant-les-vacances-dhiver\/173853\/#primaryimage"},"thumbnailUrl":"https:\/\/www.webdo.tn\/fr\/wp-content\/uploads\/2025\/06\/Orange-Developer_173853.jpg","datePublished":"2014-12-24T23:15:00+00:00","description":"Orange Developer Center propose aux jeunes des ateliers pendant les vacances d\u2019hiver","breadcrumb":{"@id":"https:\/\/www.webdo.tn\/fr\/actualite\/mobile\/tunisie-orange-developer-center-propose-aux-jeunes-des-ateliers-pendant-les-vacances-dhiver\/173853\/#breadcrumb"},"inLanguage":"fr-FR","potentialAction":[{"@type":"ReadAction","target":["https:\/\/www.webdo.tn\/fr\/actualite\/mobile\/tunisie-orange-developer-center-propose-aux-jeunes-des-ateliers-pendant-les-vacances-dhiver\/173853\/"]}]},{"@type":"ImageObject","inLanguage":"fr-FR","@id":"https:\/\/www.webdo.tn\/fr\/actualite\/mobile\/tunisie-orange-developer-center-propose-aux-jeunes-des-ateliers-pendant-les-vacances-dhiver\/173853\/#primaryimage","url":"https:\/\/www.webdo.tn\/fr\/wp-content\/uploads\/2025\/06\/Orange-Developer_173853.jpg","contentUrl":"https:\/\/www.webdo.tn\/fr\/wp-content\/uploads\/2025\/06\/Orange-Developer_173853.jpg","width":600,"height":237,"caption":"Orange Developer Center propose aux jeunes des ateliers pendant les vacances d\u2019hiver"},{"@type":"BreadcrumbList","@id":"https:\/\/www.webdo.tn\/fr\/actualite\/mobile\/tunisie-orange-developer-center-propose-aux-jeunes-des-ateliers-pendant-les-vacances-dhiver\/173853\/#breadcrumb","itemListElement":[{"@type":"ListItem","position":1,"name":"Accueil","item":"https:\/\/www.webdo.tn\/fr\/"},{"@type":"ListItem","position":2,"name":"Orange Developer Center propose aux jeunes des ateliers pendant les vacances d\u2019hiver"}]},{"@type":"WebSite","@id":"https:\/\/www.webdo.tn\/fr\/#website","url":"https:\/\/www.webdo.tn\/fr\/","name":"webdo","description":"Tunisie - News en Tunisie et \u00e0 l&#039;international sur Webdo.tn","publisher":{"@id":"https:\/\/www.webdo.tn\/fr\/#organization"},"potentialAction":[{"@type":"SearchAction","target":{"@type":"EntryPoint","urlTemplate":"https:\/\/www.webdo.tn\/fr\/?s={search_term_string}"},"query-input":{"@type":"PropertyValueSpecification","valueRequired":true,"valueName":"search_term_string"}}],"inLanguage":"fr-FR"},{"@type":"Organization","@id":"https:\/\/www.webdo.tn\/fr\/#organization","name":"Webdo","alternateName":"Webdo.tn","url":"https:\/\/www.webdo.tn\/fr\/","logo":{"@type":"ImageObject","inLanguage":"fr-FR","@id":"https:\/\/www.webdo.tn\/fr\/#\/schema\/logo\/image\/","url":"https:\/\/www.webdo.tn\/fr\/wp-content\/uploads\/2025\/06\/Webdo-Tunisie_168377.jpg","contentUrl":"https:\/\/www.webdo.tn\/fr\/wp-content\/uploads\/2025\/06\/Webdo-Tunisie_168377.jpg","width":301,"height":301,"caption":"Webdo"},"image":{"@id":"https:\/\/www.webdo.tn\/fr\/#\/schema\/logo\/image\/"},"sameAs":["https:\/\/www.facebook.com\/webdotn","https:\/\/x.com\/webdo_tn"],"description":"Webdo est un m\u00e9dia num\u00e9rique tunisien fond\u00e9 en 2010, sp\u00e9cialis\u00e9 dans l\u2019actualit\u00e9 nationale et internationale, l\u2019\u00e9conomie, la soci\u00e9t\u00e9 et les analyses politiques. Le site s\u2019adresse \u00e0 un large public francophone et couvre l\u2019information tunisienne en temps r\u00e9el.","email":"redac@webdo.tn","legalName":"YNJ SARL","foundingDate":"2010-09-06","numberOfEmployees":{"@type":"QuantitativeValue","minValue":"11","maxValue":"50"}},{"@type":"Person","@id":"https:\/\/www.webdo.tn\/fr\/#\/schema\/person\/9a9c6118d687c117df8ef3cc36a4d175","name":"webdo.tn","image":{"@type":"ImageObject","inLanguage":"fr-FR","@id":"https:\/\/secure.gravatar.com\/avatar\/7ce1f28c0c3bbac99ff550b85ef8e44a6950c6ee24514fb6a5489e51d06f0298?s=96&d=mm&r=g","url":"https:\/\/secure.gravatar.com\/avatar\/7ce1f28c0c3bbac99ff550b85ef8e44a6950c6ee24514fb6a5489e51d06f0298?s=96&d=mm&r=g","contentUrl":"https:\/\/secure.gravatar.com\/avatar\/7ce1f28c0c3bbac99ff550b85ef8e44a6950c6ee24514fb6a5489e51d06f0298?s=96&d=mm&r=g","caption":"webdo.tn"},"url":"https:\/\/www.webdo.tn\/fr\/actualite\/author\/webdotn\/"}]}},"_links":{"self":[{"href":"https:\/\/www.webdo.tn\/fr\/wp-json\/wp\/v2\/posts\/173853","targetHints":{"allow":["GET"]}}],"collection":[{"href":"https:\/\/www.webdo.tn\/fr\/wp-json\/wp\/v2\/posts"}],"about":[{"href":"https:\/\/www.webdo.tn\/fr\/wp-json\/wp\/v2\/types\/post"}],"author":[{"embeddable":true,"href":"https:\/\/www.webdo.tn\/fr\/wp-json\/wp\/v2\/users\/3222"}],"replies":[{"embeddable":true,"href":"https:\/\/www.webdo.tn\/fr\/wp-json\/wp\/v2\/comments?post=173853"}],"version-history":[{"count":0,"href":"https:\/\/www.webdo.tn\/fr\/wp-json\/wp\/v2\/posts\/173853\/revisions"}],"wp:featuredmedia":[{"embeddable":true,"href":"https:\/\/www.webdo.tn\/fr\/wp-json\/wp\/v2\/media\/375257"}],"wp:attachment":[{"href":"https:\/\/www.webdo.tn\/fr\/wp-json\/wp\/v2\/media?parent=173853"}],"wp:term":[{"taxonomy":"category","embeddable":true,"href":"https:\/\/www.webdo.tn\/fr\/wp-json\/wp\/v2\/categories?post=173853"},{"taxonomy":"post_tag","embeddable":true,"href":"https:\/\/www.webdo.tn\/fr\/wp-json\/wp\/v2\/tags?post=173853"}],"curies":[{"name":"wp","href":"https:\/\/api.w.org\/{rel}","templated":true}]}}