{"id":173852,"date":"2014-12-25T01:58:00","date_gmt":"2014-12-25T01:58:00","guid":{"rendered":"https:\/\/www.webdo.tn\/fr\/blog\/tunisie-telecom-recompense-160-laureats-lors-journee-du-savoir\/173852\/"},"modified":"2014-12-25T01:58:00","modified_gmt":"2014-12-25T01:58:00","slug":"tunisie-telecom-recompense-160-laureats-lors-journee-du-savoir","status":"publish","type":"post","link":"https:\/\/www.webdo.tn\/fr\/actualite\/mobile\/tunisie-telecom-recompense-160-laureats-lors-journee-du-savoir\/173852\/","title":{"rendered":"Tunisie Telecom r\u00e9compense 160 laur\u00e9ats lors de la journ\u00e9e du Savoir"},"content":{"rendered":"<p>Tunisie Telecom a organis\u00e9, ce mercredi 24 d\u00e9cembre, sa traditionnelle journ\u00e9e du Savoir. Une journ\u00e9e au cours de laquelle sont r\u00e9compens\u00e9s les enfants des agents de l&rsquo;op\u00e9rateur, laur\u00e9ats de l&rsquo;enseignement primaire, les bacheliers et ceux de l&rsquo;enseignement universitaire pour l&rsquo;ann\u00e9e 2014.<\/p>\n<p>Cette journ\u00e9e organis\u00e9e \u00e0 l&rsquo;amphith\u00e9\u00e2tre du centre de d\u00e9veloppement de Tunisie Telecom au p\u00f4le technologique de Ghazala a \u00e9t\u00e9 caract\u00e9ris\u00e9e par une c\u00e9r\u00e9monie de remise des cadeaux aux laur\u00e9ats en pr\u00e9sence du Pr\u00e9sident Directeur G\u00e9n\u00e9ral de Tunisie Telecom, M. Salah Jarraya.<br \/>\n160 laur\u00e9ats<br \/>\nA cette occasion, il a inaugur\u00e9 la c\u00e9r\u00e9monie en souhaitant la bienvenue \u00e0 tous les laur\u00e9ats et \u00e0 leurs parents. \u00ab\u00a0Je voudrais remercier les femmes au sein de Tunisie Telecom, parce que la r\u00e9ussite des enfants d\u00e9pend de la leur. je suis tr\u00e8s heureux d&rsquo;\u00eatre parmi vous pour r\u00e9compenser les laur\u00e9ats\u00a0\u00bb, a-t-il dit.<\/p>\n<p>Ce sont 160 jeunes qui ont \u00e9t\u00e9 r\u00e9compens\u00e9s par Tunisie Telecom en recevant en cadeau un ordinateur HP. Parmi eux, 13 sont dipl\u00f4m\u00e9s de l&rsquo;enseignement de base (9\u00e8me ann\u00e9e) ; 77 ont eu leur bac avec m\u00e9rite ; et 70 ont achev\u00e9 leur cursus universitaire (Ma\u00eetrise).<\/p>\n<p>Le fonds social de Tunisie Telecom<br \/>\nCette journ\u00e9e du savoir qui a lieu tous les ans depuis une dizaine d&rsquo;ann\u00e9es, est parrain\u00e9e par le fonds social de Tunisie Telecom. Il s&rsquo;agit d&rsquo;un fonds qui a plusieurs attributions.<\/p>\n<p>\u00ab\u00a0Le fonds social octroie des cr\u00e9dits, des aides sociales, organise des activit\u00e9s socio-culturelles et ce, en faveur des quelque 8500 agents titulaires de Tunisie Telecom\u00a0\u00bb, pr\u00e9cise M. Mounir Ben Dhieb, chef de Division du fonds social.<\/p>\n<p>\u00ab\u00a0C&rsquo;est un fonds qui octroie des pr\u00eats, mais notamment des aides lors des rentr\u00e9es scolaires et qui organise des activit\u00e9s culturelles en aidant les agents \u00e0 aller en vacances\u00a0\u00bb, ajoute M. Okba Moussa, Tr\u00e9sorier du fonds social.<\/p>\n<p>Le budget du fonds en question est de l&rsquo;ordre de 10 millions de dinars dont 1 million sert \u00e0 financer, chaque ann\u00e9e, les aides scolaires et la journ\u00e9e du Savoir.<\/p>\n","protected":false},"excerpt":{"rendered":"<p>Tunisie Telecom r\u00e9compense 160 laur\u00e9ats lors de la journ\u00e9e du Savoir<\/p>\n","protected":false},"author":3222,"featured_media":335359,"comment_status":"open","ping_status":"closed","sticky":false,"template":"","format":"standard","meta":{"footnotes":""},"categories":[11339],"tags":[2600],"class_list":["post-173852","post","type-post","status-publish","format-standard","has-post-thumbnail","hentry","category-mobile","tag-guerre"],"yoast_head":"<!-- This site is optimized with the Yoast SEO Premium plugin v27.5 (Yoast SEO v27.5) - https:\/\/yoast.com\/product\/yoast-seo-premium-wordpress\/ -->\n<title>Tunisie Telecom r\u00e9compense 160 laur\u00e9ats lors de la journ\u00e9e du Savoir<\/title>\n<meta name=\"description\" content=\"Tunisie Telecom r\u00e9compense 160 laur\u00e9ats lors de la journ\u00e9e du Savoir\" \/>\n<link rel=\"canonical\" href=\"https:\/\/www.webdo.tn\/fr\/actualite\/mobile\/tunisie-telecom-recompense-160-laureats-lors-journee-du-savoir\/173852\/\" \/>\n<meta property=\"og:locale\" content=\"fr_FR\" \/>\n<meta property=\"og:type\" content=\"article\" \/>\n<meta property=\"og:title\" content=\"Tunisie Telecom r\u00e9compense 160 laur\u00e9ats lors de la journ\u00e9e du Savoir\" \/>\n<meta property=\"og:description\" content=\"Tunisie Telecom r\u00e9compense 160 laur\u00e9ats lors de la journ\u00e9e du Savoir\" \/>\n<meta property=\"og:url\" content=\"https:\/\/www.webdo.tn\/fr\/actualite\/mobile\/tunisie-telecom-recompense-160-laureats-lors-journee-du-savoir\/173852\/\" \/>\n<meta property=\"og:site_name\" content=\"webdo\" \/>\n<meta property=\"article:publisher\" content=\"https:\/\/www.facebook.com\/webdotn\" \/>\n<meta property=\"article:published_time\" content=\"2014-12-25T01:58:00+00:00\" \/>\n<meta property=\"og:image\" content=\"https:\/\/www.webdo.tn\/fr\/wp-content\/uploads\/2014\/12\/Le-PDG-de-TT-journee-du-savoir-2.jpg\" \/>\n\t<meta property=\"og:image:width\" content=\"600\" \/>\n\t<meta property=\"og:image:height\" content=\"495\" \/>\n\t<meta property=\"og:image:type\" content=\"image\/jpeg\" \/>\n<meta name=\"author\" content=\"webdo.tn\" \/>\n<meta name=\"twitter:card\" content=\"summary_large_image\" \/>\n<meta name=\"twitter:creator\" content=\"@webdo_tn\" \/>\n<meta name=\"twitter:site\" content=\"@webdo_tn\" \/>\n<meta name=\"twitter:label1\" content=\"\u00c9crit par\" \/>\n\t<meta name=\"twitter:data1\" content=\"webdo.tn\" \/>\n\t<meta name=\"twitter:label2\" content=\"Dur\u00e9e de lecture estim\u00e9e\" \/>\n\t<meta name=\"twitter:data2\" content=\"2 minutes\" \/>\n<script type=\"application\/ld+json\" class=\"yoast-schema-graph\">{\"@context\":\"https:\\\/\\\/schema.org\",\"@graph\":[{\"@type\":\"NewsArticle\",\"@id\":\"https:\\\/\\\/www.webdo.tn\\\/fr\\\/actualite\\\/mobile\\\/tunisie-telecom-recompense-160-laureats-lors-journee-du-savoir\\\/173852\\\/#article\",\"isPartOf\":{\"@id\":\"https:\\\/\\\/www.webdo.tn\\\/fr\\\/actualite\\\/mobile\\\/tunisie-telecom-recompense-160-laureats-lors-journee-du-savoir\\\/173852\\\/\"},\"author\":{\"name\":\"webdo.tn\",\"@id\":\"https:\\\/\\\/www.webdo.tn\\\/fr\\\/#\\\/schema\\\/person\\\/9a9c6118d687c117df8ef3cc36a4d175\"},\"headline\":\"Tunisie Telecom r\u00e9compense 160 laur\u00e9ats lors de la journ\u00e9e du Savoir\",\"datePublished\":\"2014-12-25T01:58:00+00:00\",\"mainEntityOfPage\":{\"@id\":\"https:\\\/\\\/www.webdo.tn\\\/fr\\\/actualite\\\/mobile\\\/tunisie-telecom-recompense-160-laureats-lors-journee-du-savoir\\\/173852\\\/\"},\"wordCount\":381,\"commentCount\":0,\"publisher\":{\"@id\":\"https:\\\/\\\/www.webdo.tn\\\/fr\\\/#organization\"},\"image\":{\"@id\":\"https:\\\/\\\/www.webdo.tn\\\/fr\\\/actualite\\\/mobile\\\/tunisie-telecom-recompense-160-laureats-lors-journee-du-savoir\\\/173852\\\/#primaryimage\"},\"thumbnailUrl\":\"https:\\\/\\\/www.webdo.tn\\\/fr\\\/wp-content\\\/uploads\\\/2014\\\/12\\\/Le-PDG-de-TT-journee-du-savoir-2.jpg\",\"keywords\":[\"guerre\"],\"articleSection\":[\"Mobile\"],\"inLanguage\":\"fr-FR\"},{\"@type\":\"WebPage\",\"@id\":\"https:\\\/\\\/www.webdo.tn\\\/fr\\\/actualite\\\/mobile\\\/tunisie-telecom-recompense-160-laureats-lors-journee-du-savoir\\\/173852\\\/\",\"url\":\"https:\\\/\\\/www.webdo.tn\\\/fr\\\/actualite\\\/mobile\\\/tunisie-telecom-recompense-160-laureats-lors-journee-du-savoir\\\/173852\\\/\",\"name\":\"Tunisie Telecom r\u00e9compense 160 laur\u00e9ats lors de la journ\u00e9e du Savoir\",\"isPartOf\":{\"@id\":\"https:\\\/\\\/www.webdo.tn\\\/fr\\\/#website\"},\"primaryImageOfPage\":{\"@id\":\"https:\\\/\\\/www.webdo.tn\\\/fr\\\/actualite\\\/mobile\\\/tunisie-telecom-recompense-160-laureats-lors-journee-du-savoir\\\/173852\\\/#primaryimage\"},\"image\":{\"@id\":\"https:\\\/\\\/www.webdo.tn\\\/fr\\\/actualite\\\/mobile\\\/tunisie-telecom-recompense-160-laureats-lors-journee-du-savoir\\\/173852\\\/#primaryimage\"},\"thumbnailUrl\":\"https:\\\/\\\/www.webdo.tn\\\/fr\\\/wp-content\\\/uploads\\\/2014\\\/12\\\/Le-PDG-de-TT-journee-du-savoir-2.jpg\",\"datePublished\":\"2014-12-25T01:58:00+00:00\",\"description\":\"Tunisie Telecom r\u00e9compense 160 laur\u00e9ats lors de la journ\u00e9e du Savoir\",\"breadcrumb\":{\"@id\":\"https:\\\/\\\/www.webdo.tn\\\/fr\\\/actualite\\\/mobile\\\/tunisie-telecom-recompense-160-laureats-lors-journee-du-savoir\\\/173852\\\/#breadcrumb\"},\"inLanguage\":\"fr-FR\",\"potentialAction\":[{\"@type\":\"ReadAction\",\"target\":[\"https:\\\/\\\/www.webdo.tn\\\/fr\\\/actualite\\\/mobile\\\/tunisie-telecom-recompense-160-laureats-lors-journee-du-savoir\\\/173852\\\/\"]}]},{\"@type\":\"ImageObject\",\"inLanguage\":\"fr-FR\",\"@id\":\"https:\\\/\\\/www.webdo.tn\\\/fr\\\/actualite\\\/mobile\\\/tunisie-telecom-recompense-160-laureats-lors-journee-du-savoir\\\/173852\\\/#primaryimage\",\"url\":\"https:\\\/\\\/www.webdo.tn\\\/fr\\\/wp-content\\\/uploads\\\/2014\\\/12\\\/Le-PDG-de-TT-journee-du-savoir-2.jpg\",\"contentUrl\":\"https:\\\/\\\/www.webdo.tn\\\/fr\\\/wp-content\\\/uploads\\\/2014\\\/12\\\/Le-PDG-de-TT-journee-du-savoir-2.jpg\",\"width\":600,\"height\":495,\"caption\":\"Tunisie Telecom r\u00e9compense 160 laur\u00e9ats lors de la journ\u00e9e du Savoir\"},{\"@type\":\"BreadcrumbList\",\"@id\":\"https:\\\/\\\/www.webdo.tn\\\/fr\\\/actualite\\\/mobile\\\/tunisie-telecom-recompense-160-laureats-lors-journee-du-savoir\\\/173852\\\/#breadcrumb\",\"itemListElement\":[{\"@type\":\"ListItem\",\"position\":1,\"name\":\"Accueil\",\"item\":\"https:\\\/\\\/www.webdo.tn\\\/fr\\\/\"},{\"@type\":\"ListItem\",\"position\":2,\"name\":\"Tunisie Telecom r\u00e9compense 160 laur\u00e9ats lors de la journ\u00e9e du Savoir\"}]},{\"@type\":\"WebSite\",\"@id\":\"https:\\\/\\\/www.webdo.tn\\\/fr\\\/#website\",\"url\":\"https:\\\/\\\/www.webdo.tn\\\/fr\\\/\",\"name\":\"webdo\",\"description\":\"Tunisie - News en Tunisie et \u00e0 l&#039;international sur Webdo.tn\",\"publisher\":{\"@id\":\"https:\\\/\\\/www.webdo.tn\\\/fr\\\/#organization\"},\"potentialAction\":[{\"@type\":\"SearchAction\",\"target\":{\"@type\":\"EntryPoint\",\"urlTemplate\":\"https:\\\/\\\/www.webdo.tn\\\/fr\\\/?s={search_term_string}\"},\"query-input\":{\"@type\":\"PropertyValueSpecification\",\"valueRequired\":true,\"valueName\":\"search_term_string\"}}],\"inLanguage\":\"fr-FR\"},{\"@type\":\"Organization\",\"@id\":\"https:\\\/\\\/www.webdo.tn\\\/fr\\\/#organization\",\"name\":\"Webdo\",\"alternateName\":\"Webdo.tn\",\"url\":\"https:\\\/\\\/www.webdo.tn\\\/fr\\\/\",\"logo\":{\"@type\":\"ImageObject\",\"inLanguage\":\"fr-FR\",\"@id\":\"https:\\\/\\\/www.webdo.tn\\\/fr\\\/#\\\/schema\\\/logo\\\/image\\\/\",\"url\":\"https:\\\/\\\/www.webdo.tn\\\/fr\\\/wp-content\\\/uploads\\\/2025\\\/06\\\/Webdo-Tunisie_168377.jpg\",\"contentUrl\":\"https:\\\/\\\/www.webdo.tn\\\/fr\\\/wp-content\\\/uploads\\\/2025\\\/06\\\/Webdo-Tunisie_168377.jpg\",\"width\":301,\"height\":301,\"caption\":\"Webdo\"},\"image\":{\"@id\":\"https:\\\/\\\/www.webdo.tn\\\/fr\\\/#\\\/schema\\\/logo\\\/image\\\/\"},\"sameAs\":[\"https:\\\/\\\/www.facebook.com\\\/webdotn\",\"https:\\\/\\\/x.com\\\/webdo_tn\"],\"description\":\"Webdo est un m\u00e9dia num\u00e9rique tunisien fond\u00e9 en 2010, sp\u00e9cialis\u00e9 dans l\u2019actualit\u00e9 nationale et internationale, l\u2019\u00e9conomie, la soci\u00e9t\u00e9 et les analyses politiques. Le site s\u2019adresse \u00e0 un large public francophone et couvre l\u2019information tunisienne en temps r\u00e9el.\",\"email\":\"redac@webdo.tn\",\"legalName\":\"YNJ SARL\",\"foundingDate\":\"2010-09-06\",\"numberOfEmployees\":{\"@type\":\"QuantitativeValue\",\"minValue\":\"11\",\"maxValue\":\"50\"}},{\"@type\":\"Person\",\"@id\":\"https:\\\/\\\/www.webdo.tn\\\/fr\\\/#\\\/schema\\\/person\\\/9a9c6118d687c117df8ef3cc36a4d175\",\"name\":\"webdo.tn\",\"image\":{\"@type\":\"ImageObject\",\"inLanguage\":\"fr-FR\",\"@id\":\"https:\\\/\\\/secure.gravatar.com\\\/avatar\\\/7ce1f28c0c3bbac99ff550b85ef8e44a6950c6ee24514fb6a5489e51d06f0298?s=96&d=mm&r=g\",\"url\":\"https:\\\/\\\/secure.gravatar.com\\\/avatar\\\/7ce1f28c0c3bbac99ff550b85ef8e44a6950c6ee24514fb6a5489e51d06f0298?s=96&d=mm&r=g\",\"contentUrl\":\"https:\\\/\\\/secure.gravatar.com\\\/avatar\\\/7ce1f28c0c3bbac99ff550b85ef8e44a6950c6ee24514fb6a5489e51d06f0298?s=96&d=mm&r=g\",\"caption\":\"webdo.tn\"},\"url\":\"https:\\\/\\\/www.webdo.tn\\\/fr\\\/actualite\\\/author\\\/webdotn\\\/\"}]}<\/script>\n<!-- \/ Yoast SEO Premium plugin. -->","yoast_head_json":{"title":"Tunisie Telecom r\u00e9compense 160 laur\u00e9ats lors de la journ\u00e9e du Savoir","description":"Tunisie Telecom r\u00e9compense 160 laur\u00e9ats lors de la journ\u00e9e du Savoir","canonical":"https:\/\/www.webdo.tn\/fr\/actualite\/mobile\/tunisie-telecom-recompense-160-laureats-lors-journee-du-savoir\/173852\/","og_locale":"fr_FR","og_type":"article","og_title":"Tunisie Telecom r\u00e9compense 160 laur\u00e9ats lors de la journ\u00e9e du Savoir","og_description":"Tunisie Telecom r\u00e9compense 160 laur\u00e9ats lors de la journ\u00e9e du Savoir","og_url":"https:\/\/www.webdo.tn\/fr\/actualite\/mobile\/tunisie-telecom-recompense-160-laureats-lors-journee-du-savoir\/173852\/","og_site_name":"webdo","article_publisher":"https:\/\/www.facebook.com\/webdotn","article_published_time":"2014-12-25T01:58:00+00:00","og_image":[{"width":600,"height":495,"url":"https:\/\/www.webdo.tn\/fr\/wp-content\/uploads\/2014\/12\/Le-PDG-de-TT-journee-du-savoir-2.jpg","type":"image\/jpeg"}],"author":"webdo.tn","twitter_card":"summary_large_image","twitter_creator":"@webdo_tn","twitter_site":"@webdo_tn","twitter_misc":{"\u00c9crit par":"webdo.tn","Dur\u00e9e de lecture estim\u00e9e":"2 minutes"},"schema":{"@context":"https:\/\/schema.org","@graph":[{"@type":"NewsArticle","@id":"https:\/\/www.webdo.tn\/fr\/actualite\/mobile\/tunisie-telecom-recompense-160-laureats-lors-journee-du-savoir\/173852\/#article","isPartOf":{"@id":"https:\/\/www.webdo.tn\/fr\/actualite\/mobile\/tunisie-telecom-recompense-160-laureats-lors-journee-du-savoir\/173852\/"},"author":{"name":"webdo.tn","@id":"https:\/\/www.webdo.tn\/fr\/#\/schema\/person\/9a9c6118d687c117df8ef3cc36a4d175"},"headline":"Tunisie Telecom r\u00e9compense 160 laur\u00e9ats lors de la journ\u00e9e du Savoir","datePublished":"2014-12-25T01:58:00+00:00","mainEntityOfPage":{"@id":"https:\/\/www.webdo.tn\/fr\/actualite\/mobile\/tunisie-telecom-recompense-160-laureats-lors-journee-du-savoir\/173852\/"},"wordCount":381,"commentCount":0,"publisher":{"@id":"https:\/\/www.webdo.tn\/fr\/#organization"},"image":{"@id":"https:\/\/www.webdo.tn\/fr\/actualite\/mobile\/tunisie-telecom-recompense-160-laureats-lors-journee-du-savoir\/173852\/#primaryimage"},"thumbnailUrl":"https:\/\/www.webdo.tn\/fr\/wp-content\/uploads\/2014\/12\/Le-PDG-de-TT-journee-du-savoir-2.jpg","keywords":["guerre"],"articleSection":["Mobile"],"inLanguage":"fr-FR"},{"@type":"WebPage","@id":"https:\/\/www.webdo.tn\/fr\/actualite\/mobile\/tunisie-telecom-recompense-160-laureats-lors-journee-du-savoir\/173852\/","url":"https:\/\/www.webdo.tn\/fr\/actualite\/mobile\/tunisie-telecom-recompense-160-laureats-lors-journee-du-savoir\/173852\/","name":"Tunisie Telecom r\u00e9compense 160 laur\u00e9ats lors de la journ\u00e9e du Savoir","isPartOf":{"@id":"https:\/\/www.webdo.tn\/fr\/#website"},"primaryImageOfPage":{"@id":"https:\/\/www.webdo.tn\/fr\/actualite\/mobile\/tunisie-telecom-recompense-160-laureats-lors-journee-du-savoir\/173852\/#primaryimage"},"image":{"@id":"https:\/\/www.webdo.tn\/fr\/actualite\/mobile\/tunisie-telecom-recompense-160-laureats-lors-journee-du-savoir\/173852\/#primaryimage"},"thumbnailUrl":"https:\/\/www.webdo.tn\/fr\/wp-content\/uploads\/2014\/12\/Le-PDG-de-TT-journee-du-savoir-2.jpg","datePublished":"2014-12-25T01:58:00+00:00","description":"Tunisie Telecom r\u00e9compense 160 laur\u00e9ats lors de la journ\u00e9e du Savoir","breadcrumb":{"@id":"https:\/\/www.webdo.tn\/fr\/actualite\/mobile\/tunisie-telecom-recompense-160-laureats-lors-journee-du-savoir\/173852\/#breadcrumb"},"inLanguage":"fr-FR","potentialAction":[{"@type":"ReadAction","target":["https:\/\/www.webdo.tn\/fr\/actualite\/mobile\/tunisie-telecom-recompense-160-laureats-lors-journee-du-savoir\/173852\/"]}]},{"@type":"ImageObject","inLanguage":"fr-FR","@id":"https:\/\/www.webdo.tn\/fr\/actualite\/mobile\/tunisie-telecom-recompense-160-laureats-lors-journee-du-savoir\/173852\/#primaryimage","url":"https:\/\/www.webdo.tn\/fr\/wp-content\/uploads\/2014\/12\/Le-PDG-de-TT-journee-du-savoir-2.jpg","contentUrl":"https:\/\/www.webdo.tn\/fr\/wp-content\/uploads\/2014\/12\/Le-PDG-de-TT-journee-du-savoir-2.jpg","width":600,"height":495,"caption":"Tunisie Telecom r\u00e9compense 160 laur\u00e9ats lors de la journ\u00e9e du Savoir"},{"@type":"BreadcrumbList","@id":"https:\/\/www.webdo.tn\/fr\/actualite\/mobile\/tunisie-telecom-recompense-160-laureats-lors-journee-du-savoir\/173852\/#breadcrumb","itemListElement":[{"@type":"ListItem","position":1,"name":"Accueil","item":"https:\/\/www.webdo.tn\/fr\/"},{"@type":"ListItem","position":2,"name":"Tunisie Telecom r\u00e9compense 160 laur\u00e9ats lors de la journ\u00e9e du Savoir"}]},{"@type":"WebSite","@id":"https:\/\/www.webdo.tn\/fr\/#website","url":"https:\/\/www.webdo.tn\/fr\/","name":"webdo","description":"Tunisie - News en Tunisie et \u00e0 l&#039;international sur Webdo.tn","publisher":{"@id":"https:\/\/www.webdo.tn\/fr\/#organization"},"potentialAction":[{"@type":"SearchAction","target":{"@type":"EntryPoint","urlTemplate":"https:\/\/www.webdo.tn\/fr\/?s={search_term_string}"},"query-input":{"@type":"PropertyValueSpecification","valueRequired":true,"valueName":"search_term_string"}}],"inLanguage":"fr-FR"},{"@type":"Organization","@id":"https:\/\/www.webdo.tn\/fr\/#organization","name":"Webdo","alternateName":"Webdo.tn","url":"https:\/\/www.webdo.tn\/fr\/","logo":{"@type":"ImageObject","inLanguage":"fr-FR","@id":"https:\/\/www.webdo.tn\/fr\/#\/schema\/logo\/image\/","url":"https:\/\/www.webdo.tn\/fr\/wp-content\/uploads\/2025\/06\/Webdo-Tunisie_168377.jpg","contentUrl":"https:\/\/www.webdo.tn\/fr\/wp-content\/uploads\/2025\/06\/Webdo-Tunisie_168377.jpg","width":301,"height":301,"caption":"Webdo"},"image":{"@id":"https:\/\/www.webdo.tn\/fr\/#\/schema\/logo\/image\/"},"sameAs":["https:\/\/www.facebook.com\/webdotn","https:\/\/x.com\/webdo_tn"],"description":"Webdo est un m\u00e9dia num\u00e9rique tunisien fond\u00e9 en 2010, sp\u00e9cialis\u00e9 dans l\u2019actualit\u00e9 nationale et internationale, l\u2019\u00e9conomie, la soci\u00e9t\u00e9 et les analyses politiques. Le site s\u2019adresse \u00e0 un large public francophone et couvre l\u2019information tunisienne en temps r\u00e9el.","email":"redac@webdo.tn","legalName":"YNJ SARL","foundingDate":"2010-09-06","numberOfEmployees":{"@type":"QuantitativeValue","minValue":"11","maxValue":"50"}},{"@type":"Person","@id":"https:\/\/www.webdo.tn\/fr\/#\/schema\/person\/9a9c6118d687c117df8ef3cc36a4d175","name":"webdo.tn","image":{"@type":"ImageObject","inLanguage":"fr-FR","@id":"https:\/\/secure.gravatar.com\/avatar\/7ce1f28c0c3bbac99ff550b85ef8e44a6950c6ee24514fb6a5489e51d06f0298?s=96&d=mm&r=g","url":"https:\/\/secure.gravatar.com\/avatar\/7ce1f28c0c3bbac99ff550b85ef8e44a6950c6ee24514fb6a5489e51d06f0298?s=96&d=mm&r=g","contentUrl":"https:\/\/secure.gravatar.com\/avatar\/7ce1f28c0c3bbac99ff550b85ef8e44a6950c6ee24514fb6a5489e51d06f0298?s=96&d=mm&r=g","caption":"webdo.tn"},"url":"https:\/\/www.webdo.tn\/fr\/actualite\/author\/webdotn\/"}]}},"_links":{"self":[{"href":"https:\/\/www.webdo.tn\/fr\/wp-json\/wp\/v2\/posts\/173852","targetHints":{"allow":["GET"]}}],"collection":[{"href":"https:\/\/www.webdo.tn\/fr\/wp-json\/wp\/v2\/posts"}],"about":[{"href":"https:\/\/www.webdo.tn\/fr\/wp-json\/wp\/v2\/types\/post"}],"author":[{"embeddable":true,"href":"https:\/\/www.webdo.tn\/fr\/wp-json\/wp\/v2\/users\/3222"}],"replies":[{"embeddable":true,"href":"https:\/\/www.webdo.tn\/fr\/wp-json\/wp\/v2\/comments?post=173852"}],"version-history":[{"count":0,"href":"https:\/\/www.webdo.tn\/fr\/wp-json\/wp\/v2\/posts\/173852\/revisions"}],"wp:featuredmedia":[{"embeddable":true,"href":"https:\/\/www.webdo.tn\/fr\/wp-json\/wp\/v2\/media\/335359"}],"wp:attachment":[{"href":"https:\/\/www.webdo.tn\/fr\/wp-json\/wp\/v2\/media?parent=173852"}],"wp:term":[{"taxonomy":"category","embeddable":true,"href":"https:\/\/www.webdo.tn\/fr\/wp-json\/wp\/v2\/categories?post=173852"},{"taxonomy":"post_tag","embeddable":true,"href":"https:\/\/www.webdo.tn\/fr\/wp-json\/wp\/v2\/tags?post=173852"}],"curies":[{"name":"wp","href":"https:\/\/api.w.org\/{rel}","templated":true}]}}