{"id":173851,"date":"2015-02-03T12:42:00","date_gmt":"2015-02-03T12:42:00","guid":{"rendered":"https:\/\/www.webdo.tn\/fr\/blog\/tunisie-telecom-ooredoo-et-orange-aucune-augmentation-pour-la-tarification-de-la-recharge\/173851\/"},"modified":"2015-02-03T12:42:00","modified_gmt":"2015-02-03T12:42:00","slug":"tunisie-telecom-ooredoo-et-orange-aucune-augmentation-pour-la-tarification-de-la-recharge","status":"publish","type":"post","link":"https:\/\/www.webdo.tn\/fr\/actualite\/mobile\/tunisie-telecom-ooredoo-et-orange-aucune-augmentation-pour-la-tarification-de-la-recharge\/173851\/","title":{"rendered":"Tunisie Telecom, Ooredoo et Orange : Aucune augmentation pour la tarification de la recharge"},"content":{"rendered":"<p>Les trois op\u00e9rateurs t\u00e9l\u00e9phoniques Tunisie Telecom, Ooredoo Tunisie et Orange Tunisie, informent, dans un communiqu\u00e9 commun publi\u00e9 ce mardi 3 f\u00e9vrier, leurs clients qu\u2019aucun changement tarifaire n\u2019a \u00e9t\u00e9 op\u00e9r\u00e9 sur les recharges \u00e9lectroniques ou \u00e0 carte.<\/p>\n<p>Ce rappel vient suite \u00e0 la d\u00e9cision prise par plusieurs points de vente priv\u00e9s pour l\u2019augmentation injustifi\u00e9e des tarifs de recharge du solde t\u00e9l\u00e9phonique mobile.<\/p>\n<p>Pour \u00e9viter tout \u00e9ventuels abus ou confusion, Tunisie Telecom, Ooredoo et Orange mettent une grille tarifaire de r\u00e9f\u00e9rence \u00e0 la disposition de leurs clients.<\/p>\n","protected":false},"excerpt":{"rendered":"<p>Tunisie Telecom, Ooredoo et Orange : Aucune augmentation pour la tarification de la recharge<\/p>\n","protected":false},"author":3222,"featured_media":335510,"comment_status":"open","ping_status":"closed","sticky":false,"template":"","format":"standard","meta":{"footnotes":""},"categories":[11339],"tags":[2600],"class_list":["post-173851","post","type-post","status-publish","format-standard","has-post-thumbnail","hentry","category-mobile","tag-guerre"],"yoast_head":"<!-- This site is optimized with the Yoast SEO Premium plugin v27.5 (Yoast SEO v27.5) - https:\/\/yoast.com\/product\/yoast-seo-premium-wordpress\/ -->\n<title>Tunisie Telecom, Ooredoo et Orange : Aucune augmentation pour la tarification de la recharge<\/title>\n<meta name=\"description\" content=\"Tunisie Telecom, Ooredoo et Orange : Aucune augmentation pour la tarification de la recharge\" \/>\n<link rel=\"canonical\" href=\"https:\/\/www.webdo.tn\/fr\/actualite\/mobile\/tunisie-telecom-ooredoo-et-orange-aucune-augmentation-pour-la-tarification-de-la-recharge\/173851\/\" \/>\n<meta property=\"og:locale\" content=\"fr_FR\" \/>\n<meta property=\"og:type\" content=\"article\" \/>\n<meta property=\"og:title\" content=\"Tunisie Telecom, Ooredoo et Orange : Aucune augmentation pour la tarification de la recharge\" \/>\n<meta property=\"og:description\" content=\"Tunisie Telecom, Ooredoo et Orange : Aucune augmentation pour la tarification de la recharge\" \/>\n<meta property=\"og:url\" content=\"https:\/\/www.webdo.tn\/fr\/actualite\/mobile\/tunisie-telecom-ooredoo-et-orange-aucune-augmentation-pour-la-tarification-de-la-recharge\/173851\/\" \/>\n<meta property=\"og:site_name\" content=\"webdo\" \/>\n<meta property=\"article:publisher\" content=\"https:\/\/www.facebook.com\/webdotn\" \/>\n<meta property=\"article:published_time\" content=\"2015-02-03T12:42:00+00:00\" \/>\n<meta property=\"og:image\" content=\"https:\/\/www.webdo.tn\/fr\/wp-content\/uploads\/2015\/02\/TT-Ooredoo-Orange.png\" \/>\n\t<meta property=\"og:image:width\" content=\"600\" \/>\n\t<meta property=\"og:image:height\" content=\"149\" \/>\n\t<meta property=\"og:image:type\" content=\"image\/png\" \/>\n<meta name=\"author\" content=\"webdo.tn\" \/>\n<meta name=\"twitter:card\" content=\"summary_large_image\" \/>\n<meta name=\"twitter:creator\" content=\"@webdo_tn\" \/>\n<meta name=\"twitter:site\" content=\"@webdo_tn\" \/>\n<meta name=\"twitter:label1\" content=\"\u00c9crit par\" \/>\n\t<meta name=\"twitter:data1\" content=\"webdo.tn\" \/>\n<script type=\"application\/ld+json\" class=\"yoast-schema-graph\">{\"@context\":\"https:\\\/\\\/schema.org\",\"@graph\":[{\"@type\":\"NewsArticle\",\"@id\":\"https:\\\/\\\/www.webdo.tn\\\/fr\\\/actualite\\\/mobile\\\/tunisie-telecom-ooredoo-et-orange-aucune-augmentation-pour-la-tarification-de-la-recharge\\\/173851\\\/#article\",\"isPartOf\":{\"@id\":\"https:\\\/\\\/www.webdo.tn\\\/fr\\\/actualite\\\/mobile\\\/tunisie-telecom-ooredoo-et-orange-aucune-augmentation-pour-la-tarification-de-la-recharge\\\/173851\\\/\"},\"author\":{\"name\":\"webdo.tn\",\"@id\":\"https:\\\/\\\/www.webdo.tn\\\/fr\\\/#\\\/schema\\\/person\\\/9a9c6118d687c117df8ef3cc36a4d175\"},\"headline\":\"Tunisie Telecom, Ooredoo et Orange : Aucune augmentation pour la tarification de la recharge\",\"datePublished\":\"2015-02-03T12:42:00+00:00\",\"mainEntityOfPage\":{\"@id\":\"https:\\\/\\\/www.webdo.tn\\\/fr\\\/actualite\\\/mobile\\\/tunisie-telecom-ooredoo-et-orange-aucune-augmentation-pour-la-tarification-de-la-recharge\\\/173851\\\/\"},\"wordCount\":109,\"commentCount\":0,\"publisher\":{\"@id\":\"https:\\\/\\\/www.webdo.tn\\\/fr\\\/#organization\"},\"image\":{\"@id\":\"https:\\\/\\\/www.webdo.tn\\\/fr\\\/actualite\\\/mobile\\\/tunisie-telecom-ooredoo-et-orange-aucune-augmentation-pour-la-tarification-de-la-recharge\\\/173851\\\/#primaryimage\"},\"thumbnailUrl\":\"https:\\\/\\\/www.webdo.tn\\\/fr\\\/wp-content\\\/uploads\\\/2015\\\/02\\\/TT-Ooredoo-Orange.png\",\"keywords\":[\"guerre\"],\"articleSection\":[\"Mobile\"],\"inLanguage\":\"fr-FR\"},{\"@type\":\"WebPage\",\"@id\":\"https:\\\/\\\/www.webdo.tn\\\/fr\\\/actualite\\\/mobile\\\/tunisie-telecom-ooredoo-et-orange-aucune-augmentation-pour-la-tarification-de-la-recharge\\\/173851\\\/\",\"url\":\"https:\\\/\\\/www.webdo.tn\\\/fr\\\/actualite\\\/mobile\\\/tunisie-telecom-ooredoo-et-orange-aucune-augmentation-pour-la-tarification-de-la-recharge\\\/173851\\\/\",\"name\":\"Tunisie Telecom, Ooredoo et Orange : Aucune augmentation pour la tarification de la recharge\",\"isPartOf\":{\"@id\":\"https:\\\/\\\/www.webdo.tn\\\/fr\\\/#website\"},\"primaryImageOfPage\":{\"@id\":\"https:\\\/\\\/www.webdo.tn\\\/fr\\\/actualite\\\/mobile\\\/tunisie-telecom-ooredoo-et-orange-aucune-augmentation-pour-la-tarification-de-la-recharge\\\/173851\\\/#primaryimage\"},\"image\":{\"@id\":\"https:\\\/\\\/www.webdo.tn\\\/fr\\\/actualite\\\/mobile\\\/tunisie-telecom-ooredoo-et-orange-aucune-augmentation-pour-la-tarification-de-la-recharge\\\/173851\\\/#primaryimage\"},\"thumbnailUrl\":\"https:\\\/\\\/www.webdo.tn\\\/fr\\\/wp-content\\\/uploads\\\/2015\\\/02\\\/TT-Ooredoo-Orange.png\",\"datePublished\":\"2015-02-03T12:42:00+00:00\",\"description\":\"Tunisie Telecom, Ooredoo et Orange : Aucune augmentation pour la tarification de la recharge\",\"breadcrumb\":{\"@id\":\"https:\\\/\\\/www.webdo.tn\\\/fr\\\/actualite\\\/mobile\\\/tunisie-telecom-ooredoo-et-orange-aucune-augmentation-pour-la-tarification-de-la-recharge\\\/173851\\\/#breadcrumb\"},\"inLanguage\":\"fr-FR\",\"potentialAction\":[{\"@type\":\"ReadAction\",\"target\":[\"https:\\\/\\\/www.webdo.tn\\\/fr\\\/actualite\\\/mobile\\\/tunisie-telecom-ooredoo-et-orange-aucune-augmentation-pour-la-tarification-de-la-recharge\\\/173851\\\/\"]}]},{\"@type\":\"ImageObject\",\"inLanguage\":\"fr-FR\",\"@id\":\"https:\\\/\\\/www.webdo.tn\\\/fr\\\/actualite\\\/mobile\\\/tunisie-telecom-ooredoo-et-orange-aucune-augmentation-pour-la-tarification-de-la-recharge\\\/173851\\\/#primaryimage\",\"url\":\"https:\\\/\\\/www.webdo.tn\\\/fr\\\/wp-content\\\/uploads\\\/2015\\\/02\\\/TT-Ooredoo-Orange.png\",\"contentUrl\":\"https:\\\/\\\/www.webdo.tn\\\/fr\\\/wp-content\\\/uploads\\\/2015\\\/02\\\/TT-Ooredoo-Orange.png\",\"width\":600,\"height\":149,\"caption\":\"Tunisie Telecom, Ooredoo et Orange : Aucune augmentation pour la tarification de la recharge\"},{\"@type\":\"BreadcrumbList\",\"@id\":\"https:\\\/\\\/www.webdo.tn\\\/fr\\\/actualite\\\/mobile\\\/tunisie-telecom-ooredoo-et-orange-aucune-augmentation-pour-la-tarification-de-la-recharge\\\/173851\\\/#breadcrumb\",\"itemListElement\":[{\"@type\":\"ListItem\",\"position\":1,\"name\":\"Accueil\",\"item\":\"https:\\\/\\\/www.webdo.tn\\\/fr\\\/\"},{\"@type\":\"ListItem\",\"position\":2,\"name\":\"Tunisie Telecom, Ooredoo et Orange : Aucune augmentation pour la tarification de la recharge\"}]},{\"@type\":\"WebSite\",\"@id\":\"https:\\\/\\\/www.webdo.tn\\\/fr\\\/#website\",\"url\":\"https:\\\/\\\/www.webdo.tn\\\/fr\\\/\",\"name\":\"webdo\",\"description\":\"Tunisie - News en Tunisie et \u00e0 l&#039;international sur Webdo.tn\",\"publisher\":{\"@id\":\"https:\\\/\\\/www.webdo.tn\\\/fr\\\/#organization\"},\"potentialAction\":[{\"@type\":\"SearchAction\",\"target\":{\"@type\":\"EntryPoint\",\"urlTemplate\":\"https:\\\/\\\/www.webdo.tn\\\/fr\\\/?s={search_term_string}\"},\"query-input\":{\"@type\":\"PropertyValueSpecification\",\"valueRequired\":true,\"valueName\":\"search_term_string\"}}],\"inLanguage\":\"fr-FR\"},{\"@type\":\"Organization\",\"@id\":\"https:\\\/\\\/www.webdo.tn\\\/fr\\\/#organization\",\"name\":\"Webdo\",\"alternateName\":\"Webdo.tn\",\"url\":\"https:\\\/\\\/www.webdo.tn\\\/fr\\\/\",\"logo\":{\"@type\":\"ImageObject\",\"inLanguage\":\"fr-FR\",\"@id\":\"https:\\\/\\\/www.webdo.tn\\\/fr\\\/#\\\/schema\\\/logo\\\/image\\\/\",\"url\":\"https:\\\/\\\/www.webdo.tn\\\/fr\\\/wp-content\\\/uploads\\\/2025\\\/06\\\/Webdo-Tunisie_168377.jpg\",\"contentUrl\":\"https:\\\/\\\/www.webdo.tn\\\/fr\\\/wp-content\\\/uploads\\\/2025\\\/06\\\/Webdo-Tunisie_168377.jpg\",\"width\":301,\"height\":301,\"caption\":\"Webdo\"},\"image\":{\"@id\":\"https:\\\/\\\/www.webdo.tn\\\/fr\\\/#\\\/schema\\\/logo\\\/image\\\/\"},\"sameAs\":[\"https:\\\/\\\/www.facebook.com\\\/webdotn\",\"https:\\\/\\\/x.com\\\/webdo_tn\"],\"description\":\"Webdo est un m\u00e9dia num\u00e9rique tunisien fond\u00e9 en 2010, sp\u00e9cialis\u00e9 dans l\u2019actualit\u00e9 nationale et internationale, l\u2019\u00e9conomie, la soci\u00e9t\u00e9 et les analyses politiques. Le site s\u2019adresse \u00e0 un large public francophone et couvre l\u2019information tunisienne en temps r\u00e9el.\",\"email\":\"redac@webdo.tn\",\"legalName\":\"YNJ SARL\",\"foundingDate\":\"2010-09-06\",\"numberOfEmployees\":{\"@type\":\"QuantitativeValue\",\"minValue\":\"11\",\"maxValue\":\"50\"}},{\"@type\":\"Person\",\"@id\":\"https:\\\/\\\/www.webdo.tn\\\/fr\\\/#\\\/schema\\\/person\\\/9a9c6118d687c117df8ef3cc36a4d175\",\"name\":\"webdo.tn\",\"image\":{\"@type\":\"ImageObject\",\"inLanguage\":\"fr-FR\",\"@id\":\"https:\\\/\\\/secure.gravatar.com\\\/avatar\\\/7ce1f28c0c3bbac99ff550b85ef8e44a6950c6ee24514fb6a5489e51d06f0298?s=96&d=mm&r=g\",\"url\":\"https:\\\/\\\/secure.gravatar.com\\\/avatar\\\/7ce1f28c0c3bbac99ff550b85ef8e44a6950c6ee24514fb6a5489e51d06f0298?s=96&d=mm&r=g\",\"contentUrl\":\"https:\\\/\\\/secure.gravatar.com\\\/avatar\\\/7ce1f28c0c3bbac99ff550b85ef8e44a6950c6ee24514fb6a5489e51d06f0298?s=96&d=mm&r=g\",\"caption\":\"webdo.tn\"},\"url\":\"https:\\\/\\\/www.webdo.tn\\\/fr\\\/actualite\\\/author\\\/webdotn\\\/\"}]}<\/script>\n<!-- \/ Yoast SEO Premium plugin. -->","yoast_head_json":{"title":"Tunisie Telecom, Ooredoo et Orange : Aucune augmentation pour la tarification de la recharge","description":"Tunisie Telecom, Ooredoo et Orange : Aucune augmentation pour la tarification de la recharge","canonical":"https:\/\/www.webdo.tn\/fr\/actualite\/mobile\/tunisie-telecom-ooredoo-et-orange-aucune-augmentation-pour-la-tarification-de-la-recharge\/173851\/","og_locale":"fr_FR","og_type":"article","og_title":"Tunisie Telecom, Ooredoo et Orange : Aucune augmentation pour la tarification de la recharge","og_description":"Tunisie Telecom, Ooredoo et Orange : Aucune augmentation pour la tarification de la recharge","og_url":"https:\/\/www.webdo.tn\/fr\/actualite\/mobile\/tunisie-telecom-ooredoo-et-orange-aucune-augmentation-pour-la-tarification-de-la-recharge\/173851\/","og_site_name":"webdo","article_publisher":"https:\/\/www.facebook.com\/webdotn","article_published_time":"2015-02-03T12:42:00+00:00","og_image":[{"width":600,"height":149,"url":"https:\/\/www.webdo.tn\/fr\/wp-content\/uploads\/2015\/02\/TT-Ooredoo-Orange.png","type":"image\/png"}],"author":"webdo.tn","twitter_card":"summary_large_image","twitter_creator":"@webdo_tn","twitter_site":"@webdo_tn","twitter_misc":{"\u00c9crit par":"webdo.tn"},"schema":{"@context":"https:\/\/schema.org","@graph":[{"@type":"NewsArticle","@id":"https:\/\/www.webdo.tn\/fr\/actualite\/mobile\/tunisie-telecom-ooredoo-et-orange-aucune-augmentation-pour-la-tarification-de-la-recharge\/173851\/#article","isPartOf":{"@id":"https:\/\/www.webdo.tn\/fr\/actualite\/mobile\/tunisie-telecom-ooredoo-et-orange-aucune-augmentation-pour-la-tarification-de-la-recharge\/173851\/"},"author":{"name":"webdo.tn","@id":"https:\/\/www.webdo.tn\/fr\/#\/schema\/person\/9a9c6118d687c117df8ef3cc36a4d175"},"headline":"Tunisie Telecom, Ooredoo et Orange : Aucune augmentation pour la tarification de la recharge","datePublished":"2015-02-03T12:42:00+00:00","mainEntityOfPage":{"@id":"https:\/\/www.webdo.tn\/fr\/actualite\/mobile\/tunisie-telecom-ooredoo-et-orange-aucune-augmentation-pour-la-tarification-de-la-recharge\/173851\/"},"wordCount":109,"commentCount":0,"publisher":{"@id":"https:\/\/www.webdo.tn\/fr\/#organization"},"image":{"@id":"https:\/\/www.webdo.tn\/fr\/actualite\/mobile\/tunisie-telecom-ooredoo-et-orange-aucune-augmentation-pour-la-tarification-de-la-recharge\/173851\/#primaryimage"},"thumbnailUrl":"https:\/\/www.webdo.tn\/fr\/wp-content\/uploads\/2015\/02\/TT-Ooredoo-Orange.png","keywords":["guerre"],"articleSection":["Mobile"],"inLanguage":"fr-FR"},{"@type":"WebPage","@id":"https:\/\/www.webdo.tn\/fr\/actualite\/mobile\/tunisie-telecom-ooredoo-et-orange-aucune-augmentation-pour-la-tarification-de-la-recharge\/173851\/","url":"https:\/\/www.webdo.tn\/fr\/actualite\/mobile\/tunisie-telecom-ooredoo-et-orange-aucune-augmentation-pour-la-tarification-de-la-recharge\/173851\/","name":"Tunisie Telecom, Ooredoo et Orange : Aucune augmentation pour la tarification de la recharge","isPartOf":{"@id":"https:\/\/www.webdo.tn\/fr\/#website"},"primaryImageOfPage":{"@id":"https:\/\/www.webdo.tn\/fr\/actualite\/mobile\/tunisie-telecom-ooredoo-et-orange-aucune-augmentation-pour-la-tarification-de-la-recharge\/173851\/#primaryimage"},"image":{"@id":"https:\/\/www.webdo.tn\/fr\/actualite\/mobile\/tunisie-telecom-ooredoo-et-orange-aucune-augmentation-pour-la-tarification-de-la-recharge\/173851\/#primaryimage"},"thumbnailUrl":"https:\/\/www.webdo.tn\/fr\/wp-content\/uploads\/2015\/02\/TT-Ooredoo-Orange.png","datePublished":"2015-02-03T12:42:00+00:00","description":"Tunisie Telecom, Ooredoo et Orange : Aucune augmentation pour la tarification de la recharge","breadcrumb":{"@id":"https:\/\/www.webdo.tn\/fr\/actualite\/mobile\/tunisie-telecom-ooredoo-et-orange-aucune-augmentation-pour-la-tarification-de-la-recharge\/173851\/#breadcrumb"},"inLanguage":"fr-FR","potentialAction":[{"@type":"ReadAction","target":["https:\/\/www.webdo.tn\/fr\/actualite\/mobile\/tunisie-telecom-ooredoo-et-orange-aucune-augmentation-pour-la-tarification-de-la-recharge\/173851\/"]}]},{"@type":"ImageObject","inLanguage":"fr-FR","@id":"https:\/\/www.webdo.tn\/fr\/actualite\/mobile\/tunisie-telecom-ooredoo-et-orange-aucune-augmentation-pour-la-tarification-de-la-recharge\/173851\/#primaryimage","url":"https:\/\/www.webdo.tn\/fr\/wp-content\/uploads\/2015\/02\/TT-Ooredoo-Orange.png","contentUrl":"https:\/\/www.webdo.tn\/fr\/wp-content\/uploads\/2015\/02\/TT-Ooredoo-Orange.png","width":600,"height":149,"caption":"Tunisie Telecom, Ooredoo et Orange : Aucune augmentation pour la tarification de la recharge"},{"@type":"BreadcrumbList","@id":"https:\/\/www.webdo.tn\/fr\/actualite\/mobile\/tunisie-telecom-ooredoo-et-orange-aucune-augmentation-pour-la-tarification-de-la-recharge\/173851\/#breadcrumb","itemListElement":[{"@type":"ListItem","position":1,"name":"Accueil","item":"https:\/\/www.webdo.tn\/fr\/"},{"@type":"ListItem","position":2,"name":"Tunisie Telecom, Ooredoo et Orange : Aucune augmentation pour la tarification de la recharge"}]},{"@type":"WebSite","@id":"https:\/\/www.webdo.tn\/fr\/#website","url":"https:\/\/www.webdo.tn\/fr\/","name":"webdo","description":"Tunisie - News en Tunisie et \u00e0 l&#039;international sur Webdo.tn","publisher":{"@id":"https:\/\/www.webdo.tn\/fr\/#organization"},"potentialAction":[{"@type":"SearchAction","target":{"@type":"EntryPoint","urlTemplate":"https:\/\/www.webdo.tn\/fr\/?s={search_term_string}"},"query-input":{"@type":"PropertyValueSpecification","valueRequired":true,"valueName":"search_term_string"}}],"inLanguage":"fr-FR"},{"@type":"Organization","@id":"https:\/\/www.webdo.tn\/fr\/#organization","name":"Webdo","alternateName":"Webdo.tn","url":"https:\/\/www.webdo.tn\/fr\/","logo":{"@type":"ImageObject","inLanguage":"fr-FR","@id":"https:\/\/www.webdo.tn\/fr\/#\/schema\/logo\/image\/","url":"https:\/\/www.webdo.tn\/fr\/wp-content\/uploads\/2025\/06\/Webdo-Tunisie_168377.jpg","contentUrl":"https:\/\/www.webdo.tn\/fr\/wp-content\/uploads\/2025\/06\/Webdo-Tunisie_168377.jpg","width":301,"height":301,"caption":"Webdo"},"image":{"@id":"https:\/\/www.webdo.tn\/fr\/#\/schema\/logo\/image\/"},"sameAs":["https:\/\/www.facebook.com\/webdotn","https:\/\/x.com\/webdo_tn"],"description":"Webdo est un m\u00e9dia num\u00e9rique tunisien fond\u00e9 en 2010, sp\u00e9cialis\u00e9 dans l\u2019actualit\u00e9 nationale et internationale, l\u2019\u00e9conomie, la soci\u00e9t\u00e9 et les analyses politiques. Le site s\u2019adresse \u00e0 un large public francophone et couvre l\u2019information tunisienne en temps r\u00e9el.","email":"redac@webdo.tn","legalName":"YNJ SARL","foundingDate":"2010-09-06","numberOfEmployees":{"@type":"QuantitativeValue","minValue":"11","maxValue":"50"}},{"@type":"Person","@id":"https:\/\/www.webdo.tn\/fr\/#\/schema\/person\/9a9c6118d687c117df8ef3cc36a4d175","name":"webdo.tn","image":{"@type":"ImageObject","inLanguage":"fr-FR","@id":"https:\/\/secure.gravatar.com\/avatar\/7ce1f28c0c3bbac99ff550b85ef8e44a6950c6ee24514fb6a5489e51d06f0298?s=96&d=mm&r=g","url":"https:\/\/secure.gravatar.com\/avatar\/7ce1f28c0c3bbac99ff550b85ef8e44a6950c6ee24514fb6a5489e51d06f0298?s=96&d=mm&r=g","contentUrl":"https:\/\/secure.gravatar.com\/avatar\/7ce1f28c0c3bbac99ff550b85ef8e44a6950c6ee24514fb6a5489e51d06f0298?s=96&d=mm&r=g","caption":"webdo.tn"},"url":"https:\/\/www.webdo.tn\/fr\/actualite\/author\/webdotn\/"}]}},"_links":{"self":[{"href":"https:\/\/www.webdo.tn\/fr\/wp-json\/wp\/v2\/posts\/173851","targetHints":{"allow":["GET"]}}],"collection":[{"href":"https:\/\/www.webdo.tn\/fr\/wp-json\/wp\/v2\/posts"}],"about":[{"href":"https:\/\/www.webdo.tn\/fr\/wp-json\/wp\/v2\/types\/post"}],"author":[{"embeddable":true,"href":"https:\/\/www.webdo.tn\/fr\/wp-json\/wp\/v2\/users\/3222"}],"replies":[{"embeddable":true,"href":"https:\/\/www.webdo.tn\/fr\/wp-json\/wp\/v2\/comments?post=173851"}],"version-history":[{"count":0,"href":"https:\/\/www.webdo.tn\/fr\/wp-json\/wp\/v2\/posts\/173851\/revisions"}],"wp:featuredmedia":[{"embeddable":true,"href":"https:\/\/www.webdo.tn\/fr\/wp-json\/wp\/v2\/media\/335510"}],"wp:attachment":[{"href":"https:\/\/www.webdo.tn\/fr\/wp-json\/wp\/v2\/media?parent=173851"}],"wp:term":[{"taxonomy":"category","embeddable":true,"href":"https:\/\/www.webdo.tn\/fr\/wp-json\/wp\/v2\/categories?post=173851"},{"taxonomy":"post_tag","embeddable":true,"href":"https:\/\/www.webdo.tn\/fr\/wp-json\/wp\/v2\/tags?post=173851"}],"curies":[{"name":"wp","href":"https:\/\/api.w.org\/{rel}","templated":true}]}}