{"id":173850,"date":"2015-03-14T07:10:00","date_gmt":"2015-03-14T07:10:00","guid":{"rendered":"https:\/\/www.webdo.tn\/fr\/blog\/orange-tunisie-relance-son-offre-%d8%a5-%d8%af%d9%88%d9%8b%d8%ae-a-36-millimes-la-minute-vers-tous-les-operateurs\/173850\/"},"modified":"2015-03-14T07:10:00","modified_gmt":"2015-03-14T07:10:00","slug":"orange-tunisie-relance-son-offre-%d8%a5-%d8%af%d9%88%d9%8b%d8%ae-a-36-millimes-la-minute-vers-tous-les-operateurs","status":"publish","type":"post","link":"https:\/\/www.webdo.tn\/fr\/actualite\/mobile\/orange-tunisie-relance-son-offre-%d8%a5-%d8%af%d9%88%d9%8b%d8%ae-a-36-millimes-la-minute-vers-tous-les-operateurs\/173850\/","title":{"rendered":"Orange Tunisie relance son offre \u00ab \u0625 \u062f\u0648\u064b\u062e \u00bb \u00e0 36 millimes la minute vers tous les op\u00e9rateurs"},"content":{"rendered":"<p>Orange Tunisie relance, \u00e0 partir de ce samedi 14 mars, son offre pr\u00e9pay\u00e9e \u00ab\u0625\u062f\u0648\u064b\u062e\u00bb, avec pour principal avantage de b\u00e9n\u00e9ficier en exclusivit\u00e9 du prix minute le moins cher du march\u00e9 et d\u2019appeler vers tous les op\u00e9rateurs fixes et mobiles en Tunisie \u00e0 seulement 36 millimes la minute 7 jours sur 7 et 24 heures sur 24.<\/p>\n<p>Orange Tunisie continue \u00e9galement \u00e0 offrir \u00e0 tous ses abonn\u00e9s de l\u2019offre \u00ab\u0625\u062f\u0648\u064b\u062e\u00bb le meilleur tarif, \u00e0 36 millimes la minute, valable vers tous les op\u00e9rateurs et \u00e0 vie.<\/p>\n<p>L\u2019offre \u00ab\u0625\u062f\u0648\u064b\u062e\u00bb peut \u00eatre souscrite dans une des boutiques ou points de vente Orange mais est toutefois valable dans la limite des stocks disponibles.<\/p>\n","protected":false},"excerpt":{"rendered":"<p>Orange Tunisie relance son offre \u00ab \u0625 \u062f\u0648\u064b\u062e \u00bb \u00e0 36 millimes la minute vers tous les op\u00e9rateurs<\/p>\n","protected":false},"author":3222,"featured_media":335633,"comment_status":"open","ping_status":"closed","sticky":false,"template":"","format":"standard","meta":{"footnotes":""},"categories":[11339],"tags":[2600],"class_list":["post-173850","post","type-post","status-publish","format-standard","has-post-thumbnail","hentry","category-mobile","tag-guerre"],"yoast_head":"<!-- This site is optimized with the Yoast SEO Premium plugin v27.5 (Yoast SEO v27.5) - https:\/\/yoast.com\/product\/yoast-seo-premium-wordpress\/ -->\n<title>Orange Tunisie relance son offre \u00ab \u0625 \u062f\u0648\u064b\u062e \u00bb \u00e0 36 millimes la minute vers tous les op\u00e9rateurs<\/title>\n<meta name=\"description\" content=\"Orange Tunisie relance son offre \u00ab \u0625 \u062f\u0648\u064b\u062e \u00bb \u00e0 36 millimes la minute vers tous les op\u00e9rateurs\" \/>\n<link rel=\"canonical\" href=\"https:\/\/www.webdo.tn\/fr\/actualite\/mobile\/orange-tunisie-relance-son-offre-\u0625-\u062f\u0648\u064b\u062e-a-36-millimes-la-minute-vers-tous-les-operateurs\/173850\/\" \/>\n<meta property=\"og:locale\" content=\"fr_FR\" \/>\n<meta property=\"og:type\" content=\"article\" \/>\n<meta property=\"og:title\" content=\"Orange Tunisie relance son offre \u00ab \u0625 \u062f\u0648\u064b\u062e \u00bb \u00e0 36 millimes la minute vers tous les op\u00e9rateurs\" \/>\n<meta property=\"og:description\" content=\"Orange Tunisie relance son offre \u00ab \u0625 \u062f\u0648\u064b\u062e \u00bb \u00e0 36 millimes la minute vers tous les op\u00e9rateurs\" \/>\n<meta property=\"og:url\" content=\"https:\/\/www.webdo.tn\/fr\/actualite\/mobile\/orange-tunisie-relance-son-offre-\u0625-\u062f\u0648\u064b\u062e-a-36-millimes-la-minute-vers-tous-les-operateurs\/173850\/\" \/>\n<meta property=\"og:site_name\" content=\"webdo\" \/>\n<meta property=\"article:publisher\" content=\"https:\/\/www.facebook.com\/webdotn\" \/>\n<meta property=\"article:published_time\" content=\"2015-03-14T07:10:00+00:00\" \/>\n<meta property=\"og:image\" content=\"https:\/\/www.webdo.tn\/fr\/wp-content\/uploads\/2015\/03\/Orange-eddawe5.jpg\" \/>\n\t<meta property=\"og:image:width\" content=\"596\" \/>\n\t<meta property=\"og:image:height\" content=\"236\" \/>\n\t<meta property=\"og:image:type\" content=\"image\/jpeg\" \/>\n<meta name=\"author\" content=\"webdo.tn\" \/>\n<meta name=\"twitter:card\" content=\"summary_large_image\" \/>\n<meta name=\"twitter:creator\" content=\"@webdo_tn\" \/>\n<meta name=\"twitter:site\" content=\"@webdo_tn\" \/>\n<meta name=\"twitter:label1\" content=\"\u00c9crit par\" \/>\n\t<meta name=\"twitter:data1\" content=\"webdo.tn\" \/>\n\t<meta name=\"twitter:label2\" content=\"Dur\u00e9e de lecture estim\u00e9e\" \/>\n\t<meta name=\"twitter:data2\" content=\"1 minute\" \/>\n<script type=\"application\/ld+json\" class=\"yoast-schema-graph\">{\"@context\":\"https:\\\/\\\/schema.org\",\"@graph\":[{\"@type\":\"NewsArticle\",\"@id\":\"https:\\\/\\\/www.webdo.tn\\\/fr\\\/actualite\\\/mobile\\\/orange-tunisie-relance-son-offre-%d8%a5-%d8%af%d9%88%d9%8b%d8%ae-a-36-millimes-la-minute-vers-tous-les-operateurs\\\/173850\\\/#article\",\"isPartOf\":{\"@id\":\"https:\\\/\\\/www.webdo.tn\\\/fr\\\/actualite\\\/mobile\\\/orange-tunisie-relance-son-offre-%d8%a5-%d8%af%d9%88%d9%8b%d8%ae-a-36-millimes-la-minute-vers-tous-les-operateurs\\\/173850\\\/\"},\"author\":{\"name\":\"webdo.tn\",\"@id\":\"https:\\\/\\\/www.webdo.tn\\\/fr\\\/#\\\/schema\\\/person\\\/9a9c6118d687c117df8ef3cc36a4d175\"},\"headline\":\"Orange Tunisie relance son offre \u00ab \u0625 \u062f\u0648\u064b\u062e \u00bb \u00e0 36 millimes la minute vers tous les op\u00e9rateurs\",\"datePublished\":\"2015-03-14T07:10:00+00:00\",\"mainEntityOfPage\":{\"@id\":\"https:\\\/\\\/www.webdo.tn\\\/fr\\\/actualite\\\/mobile\\\/orange-tunisie-relance-son-offre-%d8%a5-%d8%af%d9%88%d9%8b%d8%ae-a-36-millimes-la-minute-vers-tous-les-operateurs\\\/173850\\\/\"},\"wordCount\":116,\"commentCount\":0,\"publisher\":{\"@id\":\"https:\\\/\\\/www.webdo.tn\\\/fr\\\/#organization\"},\"image\":{\"@id\":\"https:\\\/\\\/www.webdo.tn\\\/fr\\\/actualite\\\/mobile\\\/orange-tunisie-relance-son-offre-%d8%a5-%d8%af%d9%88%d9%8b%d8%ae-a-36-millimes-la-minute-vers-tous-les-operateurs\\\/173850\\\/#primaryimage\"},\"thumbnailUrl\":\"https:\\\/\\\/www.webdo.tn\\\/fr\\\/wp-content\\\/uploads\\\/2015\\\/03\\\/Orange-eddawe5.jpg\",\"keywords\":[\"guerre\"],\"articleSection\":[\"Mobile\"],\"inLanguage\":\"fr-FR\"},{\"@type\":\"WebPage\",\"@id\":\"https:\\\/\\\/www.webdo.tn\\\/fr\\\/actualite\\\/mobile\\\/orange-tunisie-relance-son-offre-%d8%a5-%d8%af%d9%88%d9%8b%d8%ae-a-36-millimes-la-minute-vers-tous-les-operateurs\\\/173850\\\/\",\"url\":\"https:\\\/\\\/www.webdo.tn\\\/fr\\\/actualite\\\/mobile\\\/orange-tunisie-relance-son-offre-%d8%a5-%d8%af%d9%88%d9%8b%d8%ae-a-36-millimes-la-minute-vers-tous-les-operateurs\\\/173850\\\/\",\"name\":\"Orange Tunisie relance son offre \u00ab \u0625 \u062f\u0648\u064b\u062e \u00bb \u00e0 36 millimes la minute vers tous les op\u00e9rateurs\",\"isPartOf\":{\"@id\":\"https:\\\/\\\/www.webdo.tn\\\/fr\\\/#website\"},\"primaryImageOfPage\":{\"@id\":\"https:\\\/\\\/www.webdo.tn\\\/fr\\\/actualite\\\/mobile\\\/orange-tunisie-relance-son-offre-%d8%a5-%d8%af%d9%88%d9%8b%d8%ae-a-36-millimes-la-minute-vers-tous-les-operateurs\\\/173850\\\/#primaryimage\"},\"image\":{\"@id\":\"https:\\\/\\\/www.webdo.tn\\\/fr\\\/actualite\\\/mobile\\\/orange-tunisie-relance-son-offre-%d8%a5-%d8%af%d9%88%d9%8b%d8%ae-a-36-millimes-la-minute-vers-tous-les-operateurs\\\/173850\\\/#primaryimage\"},\"thumbnailUrl\":\"https:\\\/\\\/www.webdo.tn\\\/fr\\\/wp-content\\\/uploads\\\/2015\\\/03\\\/Orange-eddawe5.jpg\",\"datePublished\":\"2015-03-14T07:10:00+00:00\",\"description\":\"Orange Tunisie relance son offre \u00ab \u0625 \u062f\u0648\u064b\u062e \u00bb \u00e0 36 millimes la minute vers tous les op\u00e9rateurs\",\"breadcrumb\":{\"@id\":\"https:\\\/\\\/www.webdo.tn\\\/fr\\\/actualite\\\/mobile\\\/orange-tunisie-relance-son-offre-%d8%a5-%d8%af%d9%88%d9%8b%d8%ae-a-36-millimes-la-minute-vers-tous-les-operateurs\\\/173850\\\/#breadcrumb\"},\"inLanguage\":\"fr-FR\",\"potentialAction\":[{\"@type\":\"ReadAction\",\"target\":[\"https:\\\/\\\/www.webdo.tn\\\/fr\\\/actualite\\\/mobile\\\/orange-tunisie-relance-son-offre-%d8%a5-%d8%af%d9%88%d9%8b%d8%ae-a-36-millimes-la-minute-vers-tous-les-operateurs\\\/173850\\\/\"]}]},{\"@type\":\"ImageObject\",\"inLanguage\":\"fr-FR\",\"@id\":\"https:\\\/\\\/www.webdo.tn\\\/fr\\\/actualite\\\/mobile\\\/orange-tunisie-relance-son-offre-%d8%a5-%d8%af%d9%88%d9%8b%d8%ae-a-36-millimes-la-minute-vers-tous-les-operateurs\\\/173850\\\/#primaryimage\",\"url\":\"https:\\\/\\\/www.webdo.tn\\\/fr\\\/wp-content\\\/uploads\\\/2015\\\/03\\\/Orange-eddawe5.jpg\",\"contentUrl\":\"https:\\\/\\\/www.webdo.tn\\\/fr\\\/wp-content\\\/uploads\\\/2015\\\/03\\\/Orange-eddawe5.jpg\",\"width\":596,\"height\":236,\"caption\":\"Orange Tunisie relance son offre \u00ab \u0625 \u062f\u0648\u064b\u062e \u00bb \u00e0 36 millimes la minute vers tous les op\u00e9rateurs\"},{\"@type\":\"BreadcrumbList\",\"@id\":\"https:\\\/\\\/www.webdo.tn\\\/fr\\\/actualite\\\/mobile\\\/orange-tunisie-relance-son-offre-%d8%a5-%d8%af%d9%88%d9%8b%d8%ae-a-36-millimes-la-minute-vers-tous-les-operateurs\\\/173850\\\/#breadcrumb\",\"itemListElement\":[{\"@type\":\"ListItem\",\"position\":1,\"name\":\"Accueil\",\"item\":\"https:\\\/\\\/www.webdo.tn\\\/fr\\\/\"},{\"@type\":\"ListItem\",\"position\":2,\"name\":\"Orange Tunisie relance son offre \u00ab \u0625 \u062f\u0648\u064b\u062e \u00bb \u00e0 36 millimes la minute vers tous les op\u00e9rateurs\"}]},{\"@type\":\"WebSite\",\"@id\":\"https:\\\/\\\/www.webdo.tn\\\/fr\\\/#website\",\"url\":\"https:\\\/\\\/www.webdo.tn\\\/fr\\\/\",\"name\":\"webdo\",\"description\":\"Tunisie - News en Tunisie et \u00e0 l&#039;international sur Webdo.tn\",\"publisher\":{\"@id\":\"https:\\\/\\\/www.webdo.tn\\\/fr\\\/#organization\"},\"potentialAction\":[{\"@type\":\"SearchAction\",\"target\":{\"@type\":\"EntryPoint\",\"urlTemplate\":\"https:\\\/\\\/www.webdo.tn\\\/fr\\\/?s={search_term_string}\"},\"query-input\":{\"@type\":\"PropertyValueSpecification\",\"valueRequired\":true,\"valueName\":\"search_term_string\"}}],\"inLanguage\":\"fr-FR\"},{\"@type\":\"Organization\",\"@id\":\"https:\\\/\\\/www.webdo.tn\\\/fr\\\/#organization\",\"name\":\"Webdo\",\"alternateName\":\"Webdo.tn\",\"url\":\"https:\\\/\\\/www.webdo.tn\\\/fr\\\/\",\"logo\":{\"@type\":\"ImageObject\",\"inLanguage\":\"fr-FR\",\"@id\":\"https:\\\/\\\/www.webdo.tn\\\/fr\\\/#\\\/schema\\\/logo\\\/image\\\/\",\"url\":\"https:\\\/\\\/www.webdo.tn\\\/fr\\\/wp-content\\\/uploads\\\/2025\\\/06\\\/Webdo-Tunisie_168377.jpg\",\"contentUrl\":\"https:\\\/\\\/www.webdo.tn\\\/fr\\\/wp-content\\\/uploads\\\/2025\\\/06\\\/Webdo-Tunisie_168377.jpg\",\"width\":301,\"height\":301,\"caption\":\"Webdo\"},\"image\":{\"@id\":\"https:\\\/\\\/www.webdo.tn\\\/fr\\\/#\\\/schema\\\/logo\\\/image\\\/\"},\"sameAs\":[\"https:\\\/\\\/www.facebook.com\\\/webdotn\",\"https:\\\/\\\/x.com\\\/webdo_tn\"],\"description\":\"Webdo est un m\u00e9dia num\u00e9rique tunisien fond\u00e9 en 2010, sp\u00e9cialis\u00e9 dans l\u2019actualit\u00e9 nationale et internationale, l\u2019\u00e9conomie, la soci\u00e9t\u00e9 et les analyses politiques. Le site s\u2019adresse \u00e0 un large public francophone et couvre l\u2019information tunisienne en temps r\u00e9el.\",\"email\":\"redac@webdo.tn\",\"legalName\":\"YNJ SARL\",\"foundingDate\":\"2010-09-06\",\"numberOfEmployees\":{\"@type\":\"QuantitativeValue\",\"minValue\":\"11\",\"maxValue\":\"50\"}},{\"@type\":\"Person\",\"@id\":\"https:\\\/\\\/www.webdo.tn\\\/fr\\\/#\\\/schema\\\/person\\\/9a9c6118d687c117df8ef3cc36a4d175\",\"name\":\"webdo.tn\",\"image\":{\"@type\":\"ImageObject\",\"inLanguage\":\"fr-FR\",\"@id\":\"https:\\\/\\\/secure.gravatar.com\\\/avatar\\\/7ce1f28c0c3bbac99ff550b85ef8e44a6950c6ee24514fb6a5489e51d06f0298?s=96&d=mm&r=g\",\"url\":\"https:\\\/\\\/secure.gravatar.com\\\/avatar\\\/7ce1f28c0c3bbac99ff550b85ef8e44a6950c6ee24514fb6a5489e51d06f0298?s=96&d=mm&r=g\",\"contentUrl\":\"https:\\\/\\\/secure.gravatar.com\\\/avatar\\\/7ce1f28c0c3bbac99ff550b85ef8e44a6950c6ee24514fb6a5489e51d06f0298?s=96&d=mm&r=g\",\"caption\":\"webdo.tn\"},\"url\":\"https:\\\/\\\/www.webdo.tn\\\/fr\\\/actualite\\\/author\\\/webdotn\\\/\"}]}<\/script>\n<!-- \/ Yoast SEO Premium plugin. -->","yoast_head_json":{"title":"Orange Tunisie relance son offre \u00ab \u0625 \u062f\u0648\u064b\u062e \u00bb \u00e0 36 millimes la minute vers tous les op\u00e9rateurs","description":"Orange Tunisie relance son offre \u00ab \u0625 \u062f\u0648\u064b\u062e \u00bb \u00e0 36 millimes la minute vers tous les op\u00e9rateurs","canonical":"https:\/\/www.webdo.tn\/fr\/actualite\/mobile\/orange-tunisie-relance-son-offre-\u0625-\u062f\u0648\u064b\u062e-a-36-millimes-la-minute-vers-tous-les-operateurs\/173850\/","og_locale":"fr_FR","og_type":"article","og_title":"Orange Tunisie relance son offre \u00ab \u0625 \u062f\u0648\u064b\u062e \u00bb \u00e0 36 millimes la minute vers tous les op\u00e9rateurs","og_description":"Orange Tunisie relance son offre \u00ab \u0625 \u062f\u0648\u064b\u062e \u00bb \u00e0 36 millimes la minute vers tous les op\u00e9rateurs","og_url":"https:\/\/www.webdo.tn\/fr\/actualite\/mobile\/orange-tunisie-relance-son-offre-\u0625-\u062f\u0648\u064b\u062e-a-36-millimes-la-minute-vers-tous-les-operateurs\/173850\/","og_site_name":"webdo","article_publisher":"https:\/\/www.facebook.com\/webdotn","article_published_time":"2015-03-14T07:10:00+00:00","og_image":[{"width":596,"height":236,"url":"https:\/\/www.webdo.tn\/fr\/wp-content\/uploads\/2015\/03\/Orange-eddawe5.jpg","type":"image\/jpeg"}],"author":"webdo.tn","twitter_card":"summary_large_image","twitter_creator":"@webdo_tn","twitter_site":"@webdo_tn","twitter_misc":{"\u00c9crit par":"webdo.tn","Dur\u00e9e de lecture estim\u00e9e":"1 minute"},"schema":{"@context":"https:\/\/schema.org","@graph":[{"@type":"NewsArticle","@id":"https:\/\/www.webdo.tn\/fr\/actualite\/mobile\/orange-tunisie-relance-son-offre-%d8%a5-%d8%af%d9%88%d9%8b%d8%ae-a-36-millimes-la-minute-vers-tous-les-operateurs\/173850\/#article","isPartOf":{"@id":"https:\/\/www.webdo.tn\/fr\/actualite\/mobile\/orange-tunisie-relance-son-offre-%d8%a5-%d8%af%d9%88%d9%8b%d8%ae-a-36-millimes-la-minute-vers-tous-les-operateurs\/173850\/"},"author":{"name":"webdo.tn","@id":"https:\/\/www.webdo.tn\/fr\/#\/schema\/person\/9a9c6118d687c117df8ef3cc36a4d175"},"headline":"Orange Tunisie relance son offre \u00ab \u0625 \u062f\u0648\u064b\u062e \u00bb \u00e0 36 millimes la minute vers tous les op\u00e9rateurs","datePublished":"2015-03-14T07:10:00+00:00","mainEntityOfPage":{"@id":"https:\/\/www.webdo.tn\/fr\/actualite\/mobile\/orange-tunisie-relance-son-offre-%d8%a5-%d8%af%d9%88%d9%8b%d8%ae-a-36-millimes-la-minute-vers-tous-les-operateurs\/173850\/"},"wordCount":116,"commentCount":0,"publisher":{"@id":"https:\/\/www.webdo.tn\/fr\/#organization"},"image":{"@id":"https:\/\/www.webdo.tn\/fr\/actualite\/mobile\/orange-tunisie-relance-son-offre-%d8%a5-%d8%af%d9%88%d9%8b%d8%ae-a-36-millimes-la-minute-vers-tous-les-operateurs\/173850\/#primaryimage"},"thumbnailUrl":"https:\/\/www.webdo.tn\/fr\/wp-content\/uploads\/2015\/03\/Orange-eddawe5.jpg","keywords":["guerre"],"articleSection":["Mobile"],"inLanguage":"fr-FR"},{"@type":"WebPage","@id":"https:\/\/www.webdo.tn\/fr\/actualite\/mobile\/orange-tunisie-relance-son-offre-%d8%a5-%d8%af%d9%88%d9%8b%d8%ae-a-36-millimes-la-minute-vers-tous-les-operateurs\/173850\/","url":"https:\/\/www.webdo.tn\/fr\/actualite\/mobile\/orange-tunisie-relance-son-offre-%d8%a5-%d8%af%d9%88%d9%8b%d8%ae-a-36-millimes-la-minute-vers-tous-les-operateurs\/173850\/","name":"Orange Tunisie relance son offre \u00ab \u0625 \u062f\u0648\u064b\u062e \u00bb \u00e0 36 millimes la minute vers tous les op\u00e9rateurs","isPartOf":{"@id":"https:\/\/www.webdo.tn\/fr\/#website"},"primaryImageOfPage":{"@id":"https:\/\/www.webdo.tn\/fr\/actualite\/mobile\/orange-tunisie-relance-son-offre-%d8%a5-%d8%af%d9%88%d9%8b%d8%ae-a-36-millimes-la-minute-vers-tous-les-operateurs\/173850\/#primaryimage"},"image":{"@id":"https:\/\/www.webdo.tn\/fr\/actualite\/mobile\/orange-tunisie-relance-son-offre-%d8%a5-%d8%af%d9%88%d9%8b%d8%ae-a-36-millimes-la-minute-vers-tous-les-operateurs\/173850\/#primaryimage"},"thumbnailUrl":"https:\/\/www.webdo.tn\/fr\/wp-content\/uploads\/2015\/03\/Orange-eddawe5.jpg","datePublished":"2015-03-14T07:10:00+00:00","description":"Orange Tunisie relance son offre \u00ab \u0625 \u062f\u0648\u064b\u062e \u00bb \u00e0 36 millimes la minute vers tous les op\u00e9rateurs","breadcrumb":{"@id":"https:\/\/www.webdo.tn\/fr\/actualite\/mobile\/orange-tunisie-relance-son-offre-%d8%a5-%d8%af%d9%88%d9%8b%d8%ae-a-36-millimes-la-minute-vers-tous-les-operateurs\/173850\/#breadcrumb"},"inLanguage":"fr-FR","potentialAction":[{"@type":"ReadAction","target":["https:\/\/www.webdo.tn\/fr\/actualite\/mobile\/orange-tunisie-relance-son-offre-%d8%a5-%d8%af%d9%88%d9%8b%d8%ae-a-36-millimes-la-minute-vers-tous-les-operateurs\/173850\/"]}]},{"@type":"ImageObject","inLanguage":"fr-FR","@id":"https:\/\/www.webdo.tn\/fr\/actualite\/mobile\/orange-tunisie-relance-son-offre-%d8%a5-%d8%af%d9%88%d9%8b%d8%ae-a-36-millimes-la-minute-vers-tous-les-operateurs\/173850\/#primaryimage","url":"https:\/\/www.webdo.tn\/fr\/wp-content\/uploads\/2015\/03\/Orange-eddawe5.jpg","contentUrl":"https:\/\/www.webdo.tn\/fr\/wp-content\/uploads\/2015\/03\/Orange-eddawe5.jpg","width":596,"height":236,"caption":"Orange Tunisie relance son offre \u00ab \u0625 \u062f\u0648\u064b\u062e \u00bb \u00e0 36 millimes la minute vers tous les op\u00e9rateurs"},{"@type":"BreadcrumbList","@id":"https:\/\/www.webdo.tn\/fr\/actualite\/mobile\/orange-tunisie-relance-son-offre-%d8%a5-%d8%af%d9%88%d9%8b%d8%ae-a-36-millimes-la-minute-vers-tous-les-operateurs\/173850\/#breadcrumb","itemListElement":[{"@type":"ListItem","position":1,"name":"Accueil","item":"https:\/\/www.webdo.tn\/fr\/"},{"@type":"ListItem","position":2,"name":"Orange Tunisie relance son offre \u00ab \u0625 \u062f\u0648\u064b\u062e \u00bb \u00e0 36 millimes la minute vers tous les op\u00e9rateurs"}]},{"@type":"WebSite","@id":"https:\/\/www.webdo.tn\/fr\/#website","url":"https:\/\/www.webdo.tn\/fr\/","name":"webdo","description":"Tunisie - News en Tunisie et \u00e0 l&#039;international sur Webdo.tn","publisher":{"@id":"https:\/\/www.webdo.tn\/fr\/#organization"},"potentialAction":[{"@type":"SearchAction","target":{"@type":"EntryPoint","urlTemplate":"https:\/\/www.webdo.tn\/fr\/?s={search_term_string}"},"query-input":{"@type":"PropertyValueSpecification","valueRequired":true,"valueName":"search_term_string"}}],"inLanguage":"fr-FR"},{"@type":"Organization","@id":"https:\/\/www.webdo.tn\/fr\/#organization","name":"Webdo","alternateName":"Webdo.tn","url":"https:\/\/www.webdo.tn\/fr\/","logo":{"@type":"ImageObject","inLanguage":"fr-FR","@id":"https:\/\/www.webdo.tn\/fr\/#\/schema\/logo\/image\/","url":"https:\/\/www.webdo.tn\/fr\/wp-content\/uploads\/2025\/06\/Webdo-Tunisie_168377.jpg","contentUrl":"https:\/\/www.webdo.tn\/fr\/wp-content\/uploads\/2025\/06\/Webdo-Tunisie_168377.jpg","width":301,"height":301,"caption":"Webdo"},"image":{"@id":"https:\/\/www.webdo.tn\/fr\/#\/schema\/logo\/image\/"},"sameAs":["https:\/\/www.facebook.com\/webdotn","https:\/\/x.com\/webdo_tn"],"description":"Webdo est un m\u00e9dia num\u00e9rique tunisien fond\u00e9 en 2010, sp\u00e9cialis\u00e9 dans l\u2019actualit\u00e9 nationale et internationale, l\u2019\u00e9conomie, la soci\u00e9t\u00e9 et les analyses politiques. Le site s\u2019adresse \u00e0 un large public francophone et couvre l\u2019information tunisienne en temps r\u00e9el.","email":"redac@webdo.tn","legalName":"YNJ SARL","foundingDate":"2010-09-06","numberOfEmployees":{"@type":"QuantitativeValue","minValue":"11","maxValue":"50"}},{"@type":"Person","@id":"https:\/\/www.webdo.tn\/fr\/#\/schema\/person\/9a9c6118d687c117df8ef3cc36a4d175","name":"webdo.tn","image":{"@type":"ImageObject","inLanguage":"fr-FR","@id":"https:\/\/secure.gravatar.com\/avatar\/7ce1f28c0c3bbac99ff550b85ef8e44a6950c6ee24514fb6a5489e51d06f0298?s=96&d=mm&r=g","url":"https:\/\/secure.gravatar.com\/avatar\/7ce1f28c0c3bbac99ff550b85ef8e44a6950c6ee24514fb6a5489e51d06f0298?s=96&d=mm&r=g","contentUrl":"https:\/\/secure.gravatar.com\/avatar\/7ce1f28c0c3bbac99ff550b85ef8e44a6950c6ee24514fb6a5489e51d06f0298?s=96&d=mm&r=g","caption":"webdo.tn"},"url":"https:\/\/www.webdo.tn\/fr\/actualite\/author\/webdotn\/"}]}},"_links":{"self":[{"href":"https:\/\/www.webdo.tn\/fr\/wp-json\/wp\/v2\/posts\/173850","targetHints":{"allow":["GET"]}}],"collection":[{"href":"https:\/\/www.webdo.tn\/fr\/wp-json\/wp\/v2\/posts"}],"about":[{"href":"https:\/\/www.webdo.tn\/fr\/wp-json\/wp\/v2\/types\/post"}],"author":[{"embeddable":true,"href":"https:\/\/www.webdo.tn\/fr\/wp-json\/wp\/v2\/users\/3222"}],"replies":[{"embeddable":true,"href":"https:\/\/www.webdo.tn\/fr\/wp-json\/wp\/v2\/comments?post=173850"}],"version-history":[{"count":0,"href":"https:\/\/www.webdo.tn\/fr\/wp-json\/wp\/v2\/posts\/173850\/revisions"}],"wp:featuredmedia":[{"embeddable":true,"href":"https:\/\/www.webdo.tn\/fr\/wp-json\/wp\/v2\/media\/335633"}],"wp:attachment":[{"href":"https:\/\/www.webdo.tn\/fr\/wp-json\/wp\/v2\/media?parent=173850"}],"wp:term":[{"taxonomy":"category","embeddable":true,"href":"https:\/\/www.webdo.tn\/fr\/wp-json\/wp\/v2\/categories?post=173850"},{"taxonomy":"post_tag","embeddable":true,"href":"https:\/\/www.webdo.tn\/fr\/wp-json\/wp\/v2\/tags?post=173850"}],"curies":[{"name":"wp","href":"https:\/\/api.w.org\/{rel}","templated":true}]}}