{"id":173842,"date":"2015-05-16T12:06:00","date_gmt":"2015-05-16T12:06:00","guid":{"rendered":"https:\/\/www.webdo.tn\/fr\/blog\/orange-lance-en-avant-premiere-le-1er-smartphone-3g-firefox-os-en-tunisie\/173842\/"},"modified":"2025-05-19T10:16:13","modified_gmt":"2025-05-19T10:16:13","slug":"orange-lance-en-avant-premiere-le-1er-smartphone-3g-firefox-os-en-tunisie","status":"publish","type":"post","link":"https:\/\/www.webdo.tn\/fr\/actualite\/mobile\/orange-lance-en-avant-premiere-le-1er-smartphone-3g-firefox-os-en-tunisie\/173842\/","title":{"rendered":"Orange lance en avant-premi\u00e8re le 1er Smartphone 3G Firefox OS en Tunisie"},"content":{"rendered":"<p>Il ne co\u00fbte que 99 dinars et est le fruit d&rsquo;un partenariat entre Orange et la fondation Mozilla, c\u00e9l\u00e8bre pour avoir lanc\u00e9 le navigateur Firefox. Ce Smartphone 3G a \u00e9t\u00e9 pr\u00e9sent\u00e9 en exclusivit\u00e9, vendredi 15 mai lors d&rsquo;une conf\u00e9rence de presse au Centre de d\u00e9veloppement d&rsquo;Orange.<br \/>\nC&rsquo;est lors de ce point de presse qu&rsquo;a \u00e9t\u00e9 officiellement annonc\u00e9 le lancement d&rsquo;Orange Klif, premier Smartphone avec un syst\u00e8me d&rsquo;exploitation Firefox OS en pr\u00e9sence du directeur technique de Firefox OS, Andreas Gal.<\/p>\n<p>Offre packag\u00e9e la moins ch\u00e8re du marche<br \/>\nOrange Tunisie commercialisera ce nouveau Smartphone en pack pr\u00e9pay\u00e9, pour un prix de 99 dinars. Cette offre comprend un Smartphone 3G double SIM Firefox OS, \u00ab\u00a0le moins cher du march\u00e9\u00a0\u00bb, annonce Orange.<\/p>\n<p>Il faut y ajouter un bonus de 5Go internet mobile durant 5 mois, un bonus de 50 dinars de communications valables vers tous les op\u00e9rateurs durant 5 mois, et une SIM pr\u00e9pay\u00e9e \u00ab\u00a0Boouj\u00a0\u00bb offerte incluant l\u2019ensemble de ces avantages.<br \/>\nCe t\u00e9l\u00e9phone dot\u00e9 de la derni\u00e8re version du syst\u00e8me d&rsquo;exploitation Firefox OS, est dot\u00e9 d&rsquo;un large \u00e9cran HVGA de 3,5 pouces, d&rsquo;un appareil photo de 2 m\u00e9gapixels, et d&rsquo;une batterie de 1300 mAh et 810 heures d&rsquo;autonomie en veille.T\u00e9l\u00e9phones low-cost<br \/>\nCette initiative d\u2019Orange et Mozilla vise \u00e0 proposer des t\u00e9l\u00e9phones low-cost pour offrir des forfaits internet \u00e0 des populations qui n\u2019ont pas les moyens d\u2019acqu\u00e9rir un Smartphone haut de gamme.<\/p>\n<p>Dans ce contexte, Andreas Gal a notamment d\u00e9clar\u00e9 que \u00ab\u00a0Mozilla \u00e9tait ravis de s&rsquo;associer avec Orange pour proposer l&rsquo;Internet mobile aux utilisateurs dans un nombre important de<br \/>\nnouveaux march\u00e9s \u00e9mergents en Afrique et au Moyen-Orient\u00a0\u00bb.<br \/>\n[pull_quote_center]Je suis heureux d&rsquo;\u00eatre pr\u00e9sent au lancement d&rsquo;Orange Klif. Mozilla est une organisation \u00e0 but non lucratif cr\u00e9\u00e9e pour promouvoir les technologies. Dans ce contexte, quand Mozilla a \u00e9t\u00e9 lanc\u00e9 il y a plus de 15 ans, c&rsquo;\u00e9tait avec l&rsquo;id\u00e9e de cr\u00e9er les meilleures fonctionnalit\u00e9s pour un navigateur (Firefox). Mozilla n&rsquo;est pas une entreprise mais a \u00e9t\u00e9 cr\u00e9\u00e9 par une large communaut\u00e9 de contributeurs. Orange a \u00e9t\u00e9 un grand contributeur pour Firefox OS. Nous avons d&rsquo;ailleurs la m\u00eame vision et nous travaillons pour que plus de gens se connectent \u00e0 Internet.[\/pull_quote_center]Au cours du lancement du 1er Smartphone 3G Firefox OS, la communaut\u00e9 Mozilla en Tunisie \u00e9tait pr\u00e9sente. Une des membres, Malek Jebnoun, a d\u00e9clar\u00e9, au nom de cette communaut\u00e9 que \u00ab\u00a0Firefox OS et la Tunisie, c&rsquo;est une histoire qui a d\u00e9but\u00e9 en 2012\u00a0\u00bb.<br \/>\n[pull_quote_center]On attend depuis longtemps que Firefox OS soit lanc\u00e9 en Tunisie sur t\u00e9l\u00e9phone. C&rsquo;est chose faite.[\/pull_quote_center]Formation gratuite sur Firefox<br \/>\nA l&rsquo;occasion de ce lancement, a \u00e9galement annonc\u00e9 le d\u00e9marrage d&rsquo;une formation gratuite sur Firefox pour les jeunes d\u00e9veloppeurs. Cette formation sera assur\u00e9e au centre de d\u00e9veloppement d&rsquo;Orange.<br \/>\nD\u00e9mocratisation d&rsquo;Internet en Tunisie<br \/>\nAvec ses 3 millions de clients (servis par 1200 collaborateurs) et une communaut\u00e9 Firefox assez d\u00e9velopp\u00e9e en Tunisie (15%), Orange et Mozilla comptent bien acc\u00e9l\u00e9rer la d\u00e9mocratisation d&rsquo;Internet en Tunisie.<\/p>\n<p>\u00ab\u00a0Les Tunisiens vont pouvoir avoir acc\u00e8s \u00e0 Internet sur mobile \u00e0 des prix tr\u00e8s raisonnables\u00a0\u00bb, annonce-t-on du c\u00f4t\u00e9 d&rsquo;Orange Tunisie&#8230; \u00ab\u00a0Et la communaut\u00e9 Firefox va se d\u00e9velopper en Tunisie\u00a0\u00bb, annonce pour sa part Mozilla.<\/p>\n","protected":false},"excerpt":{"rendered":"<p>Orange lance en avant-premi\u00e8re le 1er Smartphone 3G Firefox OS en Tunisie<\/p>\n","protected":false},"author":3222,"featured_media":330110,"comment_status":"open","ping_status":"closed","sticky":false,"template":"","format":"standard","meta":{"footnotes":""},"categories":[11339],"tags":[2600],"class_list":["post-173842","post","type-post","status-publish","format-standard","has-post-thumbnail","hentry","category-mobile","tag-guerre"],"yoast_head":"<!-- This site is optimized with the Yoast SEO Premium plugin v27.5 (Yoast SEO v27.5) - https:\/\/yoast.com\/product\/yoast-seo-premium-wordpress\/ -->\n<title>Orange lance en avant-premi\u00e8re le 1er Smartphone 3G Firefox OS en Tunisie<\/title>\n<meta name=\"description\" content=\"Orange lance en avant-premi\u00e8re le 1er Smartphone 3G Firefox OS en Tunisie\" \/>\n<link rel=\"canonical\" href=\"https:\/\/www.webdo.tn\/fr\/actualite\/mobile\/orange-lance-en-avant-premiere-le-1er-smartphone-3g-firefox-os-en-tunisie\/173842\/\" \/>\n<meta property=\"og:locale\" content=\"fr_FR\" \/>\n<meta property=\"og:type\" content=\"article\" \/>\n<meta property=\"og:title\" content=\"Orange lance en avant-premi\u00e8re le 1er Smartphone 3G Firefox OS en Tunisie\" \/>\n<meta property=\"og:description\" content=\"Orange lance en avant-premi\u00e8re le 1er Smartphone 3G Firefox OS en Tunisie\" \/>\n<meta property=\"og:url\" content=\"https:\/\/www.webdo.tn\/fr\/actualite\/mobile\/orange-lance-en-avant-premiere-le-1er-smartphone-3g-firefox-os-en-tunisie\/173842\/\" \/>\n<meta property=\"og:site_name\" content=\"webdo\" \/>\n<meta property=\"article:publisher\" content=\"https:\/\/www.facebook.com\/webdotn\" \/>\n<meta property=\"article:published_time\" content=\"2015-05-16T12:06:00+00:00\" \/>\n<meta property=\"article:modified_time\" content=\"2025-05-19T10:16:13+00:00\" \/>\n<meta property=\"og:image\" content=\"https:\/\/www.webdo.tn\/fr\/wp-content\/uploads\/2015\/05\/Orange-Klif-3G-300x254-1.jpg\" \/>\n\t<meta property=\"og:image:width\" content=\"300\" \/>\n\t<meta property=\"og:image:height\" content=\"254\" \/>\n\t<meta property=\"og:image:type\" content=\"image\/jpeg\" \/>\n<meta name=\"author\" content=\"webdo.tn\" \/>\n<meta name=\"twitter:card\" content=\"summary_large_image\" \/>\n<meta name=\"twitter:creator\" content=\"@webdo_tn\" \/>\n<meta name=\"twitter:site\" content=\"@webdo_tn\" \/>\n<meta name=\"twitter:label1\" content=\"\u00c9crit par\" \/>\n\t<meta name=\"twitter:data1\" content=\"webdo.tn\" \/>\n\t<meta name=\"twitter:label2\" content=\"Dur\u00e9e de lecture estim\u00e9e\" \/>\n\t<meta name=\"twitter:data2\" content=\"3 minutes\" \/>\n<script type=\"application\/ld+json\" class=\"yoast-schema-graph\">{\"@context\":\"https:\\\/\\\/schema.org\",\"@graph\":[{\"@type\":\"NewsArticle\",\"@id\":\"https:\\\/\\\/www.webdo.tn\\\/fr\\\/actualite\\\/mobile\\\/orange-lance-en-avant-premiere-le-1er-smartphone-3g-firefox-os-en-tunisie\\\/173842\\\/#article\",\"isPartOf\":{\"@id\":\"https:\\\/\\\/www.webdo.tn\\\/fr\\\/actualite\\\/mobile\\\/orange-lance-en-avant-premiere-le-1er-smartphone-3g-firefox-os-en-tunisie\\\/173842\\\/\"},\"author\":{\"name\":\"webdo.tn\",\"@id\":\"https:\\\/\\\/www.webdo.tn\\\/fr\\\/#\\\/schema\\\/person\\\/9a9c6118d687c117df8ef3cc36a4d175\"},\"headline\":\"Orange lance en avant-premi\u00e8re le 1er Smartphone 3G Firefox OS en Tunisie\",\"datePublished\":\"2015-05-16T12:06:00+00:00\",\"dateModified\":\"2025-05-19T10:16:13+00:00\",\"mainEntityOfPage\":{\"@id\":\"https:\\\/\\\/www.webdo.tn\\\/fr\\\/actualite\\\/mobile\\\/orange-lance-en-avant-premiere-le-1er-smartphone-3g-firefox-os-en-tunisie\\\/173842\\\/\"},\"wordCount\":600,\"commentCount\":0,\"publisher\":{\"@id\":\"https:\\\/\\\/www.webdo.tn\\\/fr\\\/#organization\"},\"image\":{\"@id\":\"https:\\\/\\\/www.webdo.tn\\\/fr\\\/actualite\\\/mobile\\\/orange-lance-en-avant-premiere-le-1er-smartphone-3g-firefox-os-en-tunisie\\\/173842\\\/#primaryimage\"},\"thumbnailUrl\":\"https:\\\/\\\/www.webdo.tn\\\/fr\\\/wp-content\\\/uploads\\\/2015\\\/05\\\/Orange-Klif-3G-300x254-1.jpg\",\"keywords\":[\"guerre\"],\"articleSection\":[\"Mobile\"],\"inLanguage\":\"fr-FR\"},{\"@type\":\"WebPage\",\"@id\":\"https:\\\/\\\/www.webdo.tn\\\/fr\\\/actualite\\\/mobile\\\/orange-lance-en-avant-premiere-le-1er-smartphone-3g-firefox-os-en-tunisie\\\/173842\\\/\",\"url\":\"https:\\\/\\\/www.webdo.tn\\\/fr\\\/actualite\\\/mobile\\\/orange-lance-en-avant-premiere-le-1er-smartphone-3g-firefox-os-en-tunisie\\\/173842\\\/\",\"name\":\"Orange lance en avant-premi\u00e8re le 1er Smartphone 3G Firefox OS en Tunisie\",\"isPartOf\":{\"@id\":\"https:\\\/\\\/www.webdo.tn\\\/fr\\\/#website\"},\"primaryImageOfPage\":{\"@id\":\"https:\\\/\\\/www.webdo.tn\\\/fr\\\/actualite\\\/mobile\\\/orange-lance-en-avant-premiere-le-1er-smartphone-3g-firefox-os-en-tunisie\\\/173842\\\/#primaryimage\"},\"image\":{\"@id\":\"https:\\\/\\\/www.webdo.tn\\\/fr\\\/actualite\\\/mobile\\\/orange-lance-en-avant-premiere-le-1er-smartphone-3g-firefox-os-en-tunisie\\\/173842\\\/#primaryimage\"},\"thumbnailUrl\":\"https:\\\/\\\/www.webdo.tn\\\/fr\\\/wp-content\\\/uploads\\\/2015\\\/05\\\/Orange-Klif-3G-300x254-1.jpg\",\"datePublished\":\"2015-05-16T12:06:00+00:00\",\"dateModified\":\"2025-05-19T10:16:13+00:00\",\"description\":\"Orange lance en avant-premi\u00e8re le 1er Smartphone 3G Firefox OS en Tunisie\",\"breadcrumb\":{\"@id\":\"https:\\\/\\\/www.webdo.tn\\\/fr\\\/actualite\\\/mobile\\\/orange-lance-en-avant-premiere-le-1er-smartphone-3g-firefox-os-en-tunisie\\\/173842\\\/#breadcrumb\"},\"inLanguage\":\"fr-FR\",\"potentialAction\":[{\"@type\":\"ReadAction\",\"target\":[\"https:\\\/\\\/www.webdo.tn\\\/fr\\\/actualite\\\/mobile\\\/orange-lance-en-avant-premiere-le-1er-smartphone-3g-firefox-os-en-tunisie\\\/173842\\\/\"]}]},{\"@type\":\"ImageObject\",\"inLanguage\":\"fr-FR\",\"@id\":\"https:\\\/\\\/www.webdo.tn\\\/fr\\\/actualite\\\/mobile\\\/orange-lance-en-avant-premiere-le-1er-smartphone-3g-firefox-os-en-tunisie\\\/173842\\\/#primaryimage\",\"url\":\"https:\\\/\\\/www.webdo.tn\\\/fr\\\/wp-content\\\/uploads\\\/2015\\\/05\\\/Orange-Klif-3G-300x254-1.jpg\",\"contentUrl\":\"https:\\\/\\\/www.webdo.tn\\\/fr\\\/wp-content\\\/uploads\\\/2015\\\/05\\\/Orange-Klif-3G-300x254-1.jpg\",\"width\":300,\"height\":254,\"caption\":\"Orange lance en avant-premi\u00e8re le 1er Smartphone 3G Firefox OS en Tunisie\"},{\"@type\":\"BreadcrumbList\",\"@id\":\"https:\\\/\\\/www.webdo.tn\\\/fr\\\/actualite\\\/mobile\\\/orange-lance-en-avant-premiere-le-1er-smartphone-3g-firefox-os-en-tunisie\\\/173842\\\/#breadcrumb\",\"itemListElement\":[{\"@type\":\"ListItem\",\"position\":1,\"name\":\"Accueil\",\"item\":\"https:\\\/\\\/www.webdo.tn\\\/fr\\\/\"},{\"@type\":\"ListItem\",\"position\":2,\"name\":\"Orange lance en avant-premi\u00e8re le 1er Smartphone 3G Firefox OS en Tunisie\"}]},{\"@type\":\"WebSite\",\"@id\":\"https:\\\/\\\/www.webdo.tn\\\/fr\\\/#website\",\"url\":\"https:\\\/\\\/www.webdo.tn\\\/fr\\\/\",\"name\":\"webdo\",\"description\":\"Tunisie - News en Tunisie et \u00e0 l&#039;international sur Webdo.tn\",\"publisher\":{\"@id\":\"https:\\\/\\\/www.webdo.tn\\\/fr\\\/#organization\"},\"potentialAction\":[{\"@type\":\"SearchAction\",\"target\":{\"@type\":\"EntryPoint\",\"urlTemplate\":\"https:\\\/\\\/www.webdo.tn\\\/fr\\\/?s={search_term_string}\"},\"query-input\":{\"@type\":\"PropertyValueSpecification\",\"valueRequired\":true,\"valueName\":\"search_term_string\"}}],\"inLanguage\":\"fr-FR\"},{\"@type\":\"Organization\",\"@id\":\"https:\\\/\\\/www.webdo.tn\\\/fr\\\/#organization\",\"name\":\"Webdo\",\"alternateName\":\"Webdo.tn\",\"url\":\"https:\\\/\\\/www.webdo.tn\\\/fr\\\/\",\"logo\":{\"@type\":\"ImageObject\",\"inLanguage\":\"fr-FR\",\"@id\":\"https:\\\/\\\/www.webdo.tn\\\/fr\\\/#\\\/schema\\\/logo\\\/image\\\/\",\"url\":\"https:\\\/\\\/www.webdo.tn\\\/fr\\\/wp-content\\\/uploads\\\/2025\\\/06\\\/Webdo-Tunisie_168377.jpg\",\"contentUrl\":\"https:\\\/\\\/www.webdo.tn\\\/fr\\\/wp-content\\\/uploads\\\/2025\\\/06\\\/Webdo-Tunisie_168377.jpg\",\"width\":301,\"height\":301,\"caption\":\"Webdo\"},\"image\":{\"@id\":\"https:\\\/\\\/www.webdo.tn\\\/fr\\\/#\\\/schema\\\/logo\\\/image\\\/\"},\"sameAs\":[\"https:\\\/\\\/www.facebook.com\\\/webdotn\",\"https:\\\/\\\/x.com\\\/webdo_tn\"],\"description\":\"Webdo est un m\u00e9dia num\u00e9rique tunisien fond\u00e9 en 2010, sp\u00e9cialis\u00e9 dans l\u2019actualit\u00e9 nationale et internationale, l\u2019\u00e9conomie, la soci\u00e9t\u00e9 et les analyses politiques. Le site s\u2019adresse \u00e0 un large public francophone et couvre l\u2019information tunisienne en temps r\u00e9el.\",\"email\":\"redac@webdo.tn\",\"legalName\":\"YNJ SARL\",\"foundingDate\":\"2010-09-06\",\"numberOfEmployees\":{\"@type\":\"QuantitativeValue\",\"minValue\":\"11\",\"maxValue\":\"50\"}},{\"@type\":\"Person\",\"@id\":\"https:\\\/\\\/www.webdo.tn\\\/fr\\\/#\\\/schema\\\/person\\\/9a9c6118d687c117df8ef3cc36a4d175\",\"name\":\"webdo.tn\",\"image\":{\"@type\":\"ImageObject\",\"inLanguage\":\"fr-FR\",\"@id\":\"https:\\\/\\\/secure.gravatar.com\\\/avatar\\\/7ce1f28c0c3bbac99ff550b85ef8e44a6950c6ee24514fb6a5489e51d06f0298?s=96&d=mm&r=g\",\"url\":\"https:\\\/\\\/secure.gravatar.com\\\/avatar\\\/7ce1f28c0c3bbac99ff550b85ef8e44a6950c6ee24514fb6a5489e51d06f0298?s=96&d=mm&r=g\",\"contentUrl\":\"https:\\\/\\\/secure.gravatar.com\\\/avatar\\\/7ce1f28c0c3bbac99ff550b85ef8e44a6950c6ee24514fb6a5489e51d06f0298?s=96&d=mm&r=g\",\"caption\":\"webdo.tn\"},\"url\":\"https:\\\/\\\/www.webdo.tn\\\/fr\\\/actualite\\\/author\\\/webdotn\\\/\"}]}<\/script>\n<!-- \/ Yoast SEO Premium plugin. -->","yoast_head_json":{"title":"Orange lance en avant-premi\u00e8re le 1er Smartphone 3G Firefox OS en Tunisie","description":"Orange lance en avant-premi\u00e8re le 1er Smartphone 3G Firefox OS en Tunisie","canonical":"https:\/\/www.webdo.tn\/fr\/actualite\/mobile\/orange-lance-en-avant-premiere-le-1er-smartphone-3g-firefox-os-en-tunisie\/173842\/","og_locale":"fr_FR","og_type":"article","og_title":"Orange lance en avant-premi\u00e8re le 1er Smartphone 3G Firefox OS en Tunisie","og_description":"Orange lance en avant-premi\u00e8re le 1er Smartphone 3G Firefox OS en Tunisie","og_url":"https:\/\/www.webdo.tn\/fr\/actualite\/mobile\/orange-lance-en-avant-premiere-le-1er-smartphone-3g-firefox-os-en-tunisie\/173842\/","og_site_name":"webdo","article_publisher":"https:\/\/www.facebook.com\/webdotn","article_published_time":"2015-05-16T12:06:00+00:00","article_modified_time":"2025-05-19T10:16:13+00:00","og_image":[{"width":300,"height":254,"url":"https:\/\/www.webdo.tn\/fr\/wp-content\/uploads\/2015\/05\/Orange-Klif-3G-300x254-1.jpg","type":"image\/jpeg"}],"author":"webdo.tn","twitter_card":"summary_large_image","twitter_creator":"@webdo_tn","twitter_site":"@webdo_tn","twitter_misc":{"\u00c9crit par":"webdo.tn","Dur\u00e9e de lecture estim\u00e9e":"3 minutes"},"schema":{"@context":"https:\/\/schema.org","@graph":[{"@type":"NewsArticle","@id":"https:\/\/www.webdo.tn\/fr\/actualite\/mobile\/orange-lance-en-avant-premiere-le-1er-smartphone-3g-firefox-os-en-tunisie\/173842\/#article","isPartOf":{"@id":"https:\/\/www.webdo.tn\/fr\/actualite\/mobile\/orange-lance-en-avant-premiere-le-1er-smartphone-3g-firefox-os-en-tunisie\/173842\/"},"author":{"name":"webdo.tn","@id":"https:\/\/www.webdo.tn\/fr\/#\/schema\/person\/9a9c6118d687c117df8ef3cc36a4d175"},"headline":"Orange lance en avant-premi\u00e8re le 1er Smartphone 3G Firefox OS en Tunisie","datePublished":"2015-05-16T12:06:00+00:00","dateModified":"2025-05-19T10:16:13+00:00","mainEntityOfPage":{"@id":"https:\/\/www.webdo.tn\/fr\/actualite\/mobile\/orange-lance-en-avant-premiere-le-1er-smartphone-3g-firefox-os-en-tunisie\/173842\/"},"wordCount":600,"commentCount":0,"publisher":{"@id":"https:\/\/www.webdo.tn\/fr\/#organization"},"image":{"@id":"https:\/\/www.webdo.tn\/fr\/actualite\/mobile\/orange-lance-en-avant-premiere-le-1er-smartphone-3g-firefox-os-en-tunisie\/173842\/#primaryimage"},"thumbnailUrl":"https:\/\/www.webdo.tn\/fr\/wp-content\/uploads\/2015\/05\/Orange-Klif-3G-300x254-1.jpg","keywords":["guerre"],"articleSection":["Mobile"],"inLanguage":"fr-FR"},{"@type":"WebPage","@id":"https:\/\/www.webdo.tn\/fr\/actualite\/mobile\/orange-lance-en-avant-premiere-le-1er-smartphone-3g-firefox-os-en-tunisie\/173842\/","url":"https:\/\/www.webdo.tn\/fr\/actualite\/mobile\/orange-lance-en-avant-premiere-le-1er-smartphone-3g-firefox-os-en-tunisie\/173842\/","name":"Orange lance en avant-premi\u00e8re le 1er Smartphone 3G Firefox OS en Tunisie","isPartOf":{"@id":"https:\/\/www.webdo.tn\/fr\/#website"},"primaryImageOfPage":{"@id":"https:\/\/www.webdo.tn\/fr\/actualite\/mobile\/orange-lance-en-avant-premiere-le-1er-smartphone-3g-firefox-os-en-tunisie\/173842\/#primaryimage"},"image":{"@id":"https:\/\/www.webdo.tn\/fr\/actualite\/mobile\/orange-lance-en-avant-premiere-le-1er-smartphone-3g-firefox-os-en-tunisie\/173842\/#primaryimage"},"thumbnailUrl":"https:\/\/www.webdo.tn\/fr\/wp-content\/uploads\/2015\/05\/Orange-Klif-3G-300x254-1.jpg","datePublished":"2015-05-16T12:06:00+00:00","dateModified":"2025-05-19T10:16:13+00:00","description":"Orange lance en avant-premi\u00e8re le 1er Smartphone 3G Firefox OS en Tunisie","breadcrumb":{"@id":"https:\/\/www.webdo.tn\/fr\/actualite\/mobile\/orange-lance-en-avant-premiere-le-1er-smartphone-3g-firefox-os-en-tunisie\/173842\/#breadcrumb"},"inLanguage":"fr-FR","potentialAction":[{"@type":"ReadAction","target":["https:\/\/www.webdo.tn\/fr\/actualite\/mobile\/orange-lance-en-avant-premiere-le-1er-smartphone-3g-firefox-os-en-tunisie\/173842\/"]}]},{"@type":"ImageObject","inLanguage":"fr-FR","@id":"https:\/\/www.webdo.tn\/fr\/actualite\/mobile\/orange-lance-en-avant-premiere-le-1er-smartphone-3g-firefox-os-en-tunisie\/173842\/#primaryimage","url":"https:\/\/www.webdo.tn\/fr\/wp-content\/uploads\/2015\/05\/Orange-Klif-3G-300x254-1.jpg","contentUrl":"https:\/\/www.webdo.tn\/fr\/wp-content\/uploads\/2015\/05\/Orange-Klif-3G-300x254-1.jpg","width":300,"height":254,"caption":"Orange lance en avant-premi\u00e8re le 1er Smartphone 3G Firefox OS en Tunisie"},{"@type":"BreadcrumbList","@id":"https:\/\/www.webdo.tn\/fr\/actualite\/mobile\/orange-lance-en-avant-premiere-le-1er-smartphone-3g-firefox-os-en-tunisie\/173842\/#breadcrumb","itemListElement":[{"@type":"ListItem","position":1,"name":"Accueil","item":"https:\/\/www.webdo.tn\/fr\/"},{"@type":"ListItem","position":2,"name":"Orange lance en avant-premi\u00e8re le 1er Smartphone 3G Firefox OS en Tunisie"}]},{"@type":"WebSite","@id":"https:\/\/www.webdo.tn\/fr\/#website","url":"https:\/\/www.webdo.tn\/fr\/","name":"webdo","description":"Tunisie - News en Tunisie et \u00e0 l&#039;international sur Webdo.tn","publisher":{"@id":"https:\/\/www.webdo.tn\/fr\/#organization"},"potentialAction":[{"@type":"SearchAction","target":{"@type":"EntryPoint","urlTemplate":"https:\/\/www.webdo.tn\/fr\/?s={search_term_string}"},"query-input":{"@type":"PropertyValueSpecification","valueRequired":true,"valueName":"search_term_string"}}],"inLanguage":"fr-FR"},{"@type":"Organization","@id":"https:\/\/www.webdo.tn\/fr\/#organization","name":"Webdo","alternateName":"Webdo.tn","url":"https:\/\/www.webdo.tn\/fr\/","logo":{"@type":"ImageObject","inLanguage":"fr-FR","@id":"https:\/\/www.webdo.tn\/fr\/#\/schema\/logo\/image\/","url":"https:\/\/www.webdo.tn\/fr\/wp-content\/uploads\/2025\/06\/Webdo-Tunisie_168377.jpg","contentUrl":"https:\/\/www.webdo.tn\/fr\/wp-content\/uploads\/2025\/06\/Webdo-Tunisie_168377.jpg","width":301,"height":301,"caption":"Webdo"},"image":{"@id":"https:\/\/www.webdo.tn\/fr\/#\/schema\/logo\/image\/"},"sameAs":["https:\/\/www.facebook.com\/webdotn","https:\/\/x.com\/webdo_tn"],"description":"Webdo est un m\u00e9dia num\u00e9rique tunisien fond\u00e9 en 2010, sp\u00e9cialis\u00e9 dans l\u2019actualit\u00e9 nationale et internationale, l\u2019\u00e9conomie, la soci\u00e9t\u00e9 et les analyses politiques. Le site s\u2019adresse \u00e0 un large public francophone et couvre l\u2019information tunisienne en temps r\u00e9el.","email":"redac@webdo.tn","legalName":"YNJ SARL","foundingDate":"2010-09-06","numberOfEmployees":{"@type":"QuantitativeValue","minValue":"11","maxValue":"50"}},{"@type":"Person","@id":"https:\/\/www.webdo.tn\/fr\/#\/schema\/person\/9a9c6118d687c117df8ef3cc36a4d175","name":"webdo.tn","image":{"@type":"ImageObject","inLanguage":"fr-FR","@id":"https:\/\/secure.gravatar.com\/avatar\/7ce1f28c0c3bbac99ff550b85ef8e44a6950c6ee24514fb6a5489e51d06f0298?s=96&d=mm&r=g","url":"https:\/\/secure.gravatar.com\/avatar\/7ce1f28c0c3bbac99ff550b85ef8e44a6950c6ee24514fb6a5489e51d06f0298?s=96&d=mm&r=g","contentUrl":"https:\/\/secure.gravatar.com\/avatar\/7ce1f28c0c3bbac99ff550b85ef8e44a6950c6ee24514fb6a5489e51d06f0298?s=96&d=mm&r=g","caption":"webdo.tn"},"url":"https:\/\/www.webdo.tn\/fr\/actualite\/author\/webdotn\/"}]}},"_links":{"self":[{"href":"https:\/\/www.webdo.tn\/fr\/wp-json\/wp\/v2\/posts\/173842","targetHints":{"allow":["GET"]}}],"collection":[{"href":"https:\/\/www.webdo.tn\/fr\/wp-json\/wp\/v2\/posts"}],"about":[{"href":"https:\/\/www.webdo.tn\/fr\/wp-json\/wp\/v2\/types\/post"}],"author":[{"embeddable":true,"href":"https:\/\/www.webdo.tn\/fr\/wp-json\/wp\/v2\/users\/3222"}],"replies":[{"embeddable":true,"href":"https:\/\/www.webdo.tn\/fr\/wp-json\/wp\/v2\/comments?post=173842"}],"version-history":[{"count":0,"href":"https:\/\/www.webdo.tn\/fr\/wp-json\/wp\/v2\/posts\/173842\/revisions"}],"wp:featuredmedia":[{"embeddable":true,"href":"https:\/\/www.webdo.tn\/fr\/wp-json\/wp\/v2\/media\/330110"}],"wp:attachment":[{"href":"https:\/\/www.webdo.tn\/fr\/wp-json\/wp\/v2\/media?parent=173842"}],"wp:term":[{"taxonomy":"category","embeddable":true,"href":"https:\/\/www.webdo.tn\/fr\/wp-json\/wp\/v2\/categories?post=173842"},{"taxonomy":"post_tag","embeddable":true,"href":"https:\/\/www.webdo.tn\/fr\/wp-json\/wp\/v2\/tags?post=173842"}],"curies":[{"name":"wp","href":"https:\/\/api.w.org\/{rel}","templated":true}]}}