{"id":173708,"date":"2011-03-07T09:17:00","date_gmt":"2011-03-07T09:17:00","guid":{"rendered":"https:\/\/www.webdo.tn\/fr\/actualite\/blog\/quand-les-reseaux-sengagent-les-dictateurs-degagent\/173708\/"},"modified":"2011-03-07T09:17:00","modified_gmt":"2011-03-07T09:17:00","slug":"quand-les-reseaux-sengagent-les-dictateurs-degagent","status":"publish","type":"post","link":"https:\/\/www.webdo.tn\/fr\/actualite\/tunis-hebdo\/quand-les-reseaux-sengagent-les-dictateurs-degagent\/173708\/","title":{"rendered":"Quand les r\u00e9seaux s\u2019engagent, les dictateurs d\u00e9gagent"},"content":{"rendered":"<p>En d\u00e9pit de la censure et des nombreuses tentations poussant \u00e0 l\u2019abrutissement, la jeunesse tunisienne a pu prouver au monde entier qu\u2019elle avait son mot \u00e0 dire et qu\u2019elle pouvait encore \u00eatre \u00e0 la t\u00eate d\u2019une singuli\u00e8re r\u00e9volution: celle de la paix, de l\u2019expression et de la technologie.<\/p>\n<p>Jusque-l\u00e0, dans le monde entier, Facebook a toujours \u00e9t\u00e9 synonyme de contre-productivit\u00e9 et d\u2019oisivet\u00e9. Et voil\u00e0 que la Tunisie en a fait la plate forme de la libert\u00e9.<\/p>\n<p>Jusque-l\u00e0, dans le monde entier, les parents bl\u00e2maient leurs enfants pour passer trop de temps sur les r\u00e9seaux sociaux. Et voil\u00e0 qu\u2019apr\u00e8s le 14 Janvier, une famille \u00e9gyptienne choisit d\u2019appeler sa fille Facebook en hommage \u00e0 cette arme redoutable qui a fait fuir des dictateurs qu\u2019on croyait ind\u00e9boulonnables. Ph\u00e9nom\u00e8ne nord-africain ? Pas certain\u2026<\/p>\n<p>Une plate forme mondiale de la v\u00e9rit\u00e9<br \/>\nDe la Libye \u00e0 Bahre\u00efn, de l\u2019Alg\u00e9rie \u00e0 l\u2019Iran, en passant par le Maroc, le Y\u00e9men, la Jordanie et m\u00eame la lointaine Chine, la contestation via les m\u00e9dias sociaux semble toucher m\u00eame le continent am\u00e9ricain. Citons l\u2019exemple du Wisconsin qui s\u2019organise entre autres gr\u00e2ce au r\u00e9seau, pour riposter contre la loi limitant les droits syndicaux ou celui de l\u2019Illinois o\u00f9 la page de la coalition contre la peine de mort a fait avancer un projet de loi portant sur l\u2019abolition jusqu\u2019au bureau du gouverneur : une page sur laquelle la volont\u00e9 tunisienne de se d\u00e9barrasser de ce ch\u00e2timent d\u2019un autre \u00e2ge a \u00e9t\u00e9 \u00e9voqu\u00e9e.<\/p>\n<p>Et si les manifestants ont troqu\u00e9 b\u00e2tons et pierres contre connexion et clavier, c\u2019est qu\u2019il y a une bonne raison. En effet, les arguments et les images frappent plus que les coups de poings, sans pour autant inciter \u00e0 la violence physique. Et les r\u00e9seaux sociaux donnent justement les conditions id\u00e9ales pour le combat d\u2019id\u00e9es. Ils d\u00e9clenchent des mouvements pour la paix, la d\u00e9mocratie et la libert\u00e9 dans une r\u00e9gion du monde o\u00f9 toute alternative au pouvoir en place \u00e9tait assimil\u00e9e \u00e0 un groupe de terroristes. Ce qui, paradoxalement, a rendu service \u00e0 ces derniers. Ce n\u2019est que dans le d\u00e9bat ouvert sur les r\u00e9seaux sociaux qu\u2019on a pu distinguer la bonne graine de l\u2019ivraie. C\u2019est gr\u00e2ce aux r\u00e9seaux sociaux que des citoyens ordinaires n\u2019ayant d\u2019autre parti que celui de la V\u00e9rit\u00e9 ont pu diffuser les \u00e9v\u00e9nements directement dans le monde entier.<\/p>\n<p>En Libye, la presse \u00e9trang\u00e8re se fonde presque exclusivement sur les journalistes citoyens pour leurs t\u00e9moignages.<\/p>\n<p>A Bahre\u00efn, les vid\u00e9os de YouTube montrent la cons\u00e9quence de la tentative de l&rsquo;arm\u00e9e pour r\u00e9primer les manifestations en ouvrant le feu.<\/p>\n<p>En Chine\u2026 ah, oui, il reste la Chine. Parmi les prochains candidats \u00e0 la retraite anticip\u00e9e en Arabie Saoudite, les autorit\u00e9s de ce pays devraient vraiment s\u2019inqui\u00e9ter. Les timides d\u00e9buts d\u2019une r\u00e9volution du jasmin en Chine ont suscit\u00e9 une vague de r\u00e9pression sans pr\u00e9c\u00e9dent. Les mots \u00abr\u00e9volution du jasmin \u00bb ont \u00e9t\u00e9 bloqu\u00e9s sur les services de Twitter en Chine, mais certains utilisateurs ont trouv\u00e9 le moyen de parler de protestations en utilisant des mots de code.<\/p>\n<p>Cependant, n\u2019oublions pas que la Chine s&rsquo;est r\u00e9v\u00e9l\u00e9e particuli\u00e8rement habile \u00e0 d\u00e9capiter les mouvements de protestation et \u00e0 faire de la r\u00e9pression sur Internet quand le gouvernement per\u00e7oit une menace. C&rsquo;est peut-\u00eatre la raison pour laquelle les protestations ont \u00e9t\u00e9 si faibles jusqu&rsquo;\u00e0 pr\u00e9sent. Mais jusqu\u2019\u00e0 quand?&#8230; Car il suffit de quelques sbires, \u00e7a et l\u00e0, pour disperser une manifestation et dissuader les gens \u00e0 se rassembler et \u00e0 s\u2019exprimer : deux activit\u00e9s qui donnent du fil \u00e0 retordre aux adeptes de l\u2019opinion unique. Or, comment faire quand l\u2019espace d\u00e9passe ce que les malabars peuvent quadriller ? Il faut, alors, s\u2019adapter\u2026 ou d\u00e9gager.<\/p>\n<p>Pourquoi les dictateurs ne se sont-ils pas adapt\u00e9s ?<br \/>\nMais alors pourquoi les dictateurs n\u2019ont-ils rien fait pour mettre leur pouvoir \u00e0 l\u2019abri du Net ?<br \/>\nCette question est assez complexe, dans la mesure o\u00f9, \u00e0 ce stade, nous avons peu d\u2019informations sur la ma\u00eetrise r\u00e9elle du r\u00e9seau par ces autocrates qui se croyaient \u00e9ternels.<\/p>\n<p>Peut-\u00eatre, s\u2019\u00e9tant progressivement \u00e9loign\u00e9s de leurs peuples, ils ne percevaient pas l\u2019impact que le Net pouvait avoir sur l\u2019ensemble de la population.<\/p>\n<p>Peut-\u00eatre que, issus d\u2019une g\u00e9n\u00e9ration qui se rappelle du monde sans t\u00e9l\u00e9vision, ils n\u2019ont pas su s\u2019adapter pleinement \u00e0 l\u2019interactivit\u00e9 qu\u2019offre Internet: en effet, aussi bien la pr\u00e9sidence tunisienne que le RCD avaient des sites hauts en couleur mais ressemblant plus \u00e0 de beaux d\u00e9pliants qu\u2019\u00e0 un espace de d\u00e9bat.<\/p>\n<p>Censurer ? Pourquoi pas\u2026 Seulement, il est facile de mettre un \u00e9cran bleu, quand une cha\u00eene de t\u00e9l\u00e9vision diffuse sur le r\u00e9seau hertzien quelque chose qui ne plait pas aux autorit\u00e9s. Il est beaucoup plus difficile de limiter l\u2019acc\u00e8s \u00e0 une cha\u00eene diffus\u00e9e par satellite. Mais comment faire quand il s\u2019agit d\u2019Internet distribu\u00e9 sur les r\u00e9seaux t\u00e9l\u00e9phoniques ? Et quand avec chaque site censur\u00e9 apparaissent les proxys qui permettent de contourner l\u2019interdiction ?<\/p>\n<p>Ce qui est s\u00fbr, c\u2019est qu\u2019ils ont compris que couper les communications n\u2019est pas une solution \u00e0 long terme. La br\u00e8ve exp\u00e9rience de Moubarak n\u2019a fait qu\u2019acc\u00e9l\u00e9rer son d\u00e9part. Et il en sera de m\u00eame pour tous ceux qui essaieront de contr\u00f4ler les sources d\u2019information ou l\u2019expression des gens. En ce sens, nous pouvons dire que les r\u00e9seaux sociaux, en particulier, et Internet, en g\u00e9n\u00e9ral, ont r\u00e9alis\u00e9 un vieux r\u00eave de l\u2019humanit\u00e9 : celui de pouvoir voir, entendre et dire tout, sans censure et sans tabous.<\/p>\n<p>Sur le Net, il n\u2019y a pas de matraques, pas de snipers, pas de ge\u00f4les. Il n\u2019y a que la force de l\u2019information, des arguments et de la logique, bref, bien peu de choses dont pourrait profiter un r\u00e9gime dictatorial.<\/p>\n<p>La seconde d\u00e9cennie du vingt-et-uni\u00e8me si\u00e8cle restera certainement dans l\u2019histoire comme le plus grand moment des m\u00e9dias sociaux qui ont montr\u00e9 que quand les r\u00e9seaux s\u2019engagent, les dictateurs d\u00e9gagent. Alors, pourquoi ne pas songer au Prix Nobel de la Paix pour Internet, cette ann\u00e9e ?<\/p>\n","protected":false},"excerpt":{"rendered":"<p>Quand les r\u00e9seaux s\u2019engagent, les dictateurs d\u00e9gagent <\/p>\n","protected":false},"author":3222,"featured_media":376290,"comment_status":"open","ping_status":"closed","sticky":false,"template":"","format":"standard","meta":{"footnotes":""},"categories":[7653],"tags":[],"class_list":["post-173708","post","type-post","status-publish","format-standard","has-post-thumbnail","hentry","category-tunis-hebdo"],"yoast_head":"<!-- This site is optimized with the Yoast SEO Premium plugin v27.4 (Yoast SEO v27.4) - https:\/\/yoast.com\/product\/yoast-seo-premium-wordpress\/ -->\n<title>Quand les r\u00e9seaux s\u2019engagent, les dictateurs d\u00e9gagent<\/title>\n<meta name=\"description\" content=\"Quand les r\u00e9seaux s\u2019engagent, les dictateurs d\u00e9gagent\" \/>\n<link rel=\"canonical\" href=\"https:\/\/www.webdo.tn\/fr\/actualite\/tunis-hebdo\/quand-les-reseaux-sengagent-les-dictateurs-degagent\/173708\/\" \/>\n<meta property=\"og:locale\" content=\"fr_FR\" \/>\n<meta property=\"og:type\" content=\"article\" \/>\n<meta property=\"og:title\" content=\"Quand les r\u00e9seaux s\u2019engagent, les dictateurs d\u00e9gagent\" \/>\n<meta property=\"og:description\" content=\"Quand les r\u00e9seaux s\u2019engagent, les dictateurs d\u00e9gagent\" \/>\n<meta property=\"og:url\" content=\"https:\/\/www.webdo.tn\/fr\/actualite\/tunis-hebdo\/quand-les-reseaux-sengagent-les-dictateurs-degagent\/173708\/\" \/>\n<meta property=\"og:site_name\" content=\"webdo\" \/>\n<meta property=\"article:publisher\" content=\"https:\/\/www.facebook.com\/webdotn\" \/>\n<meta property=\"article:published_time\" content=\"2011-03-07T09:17:00+00:00\" \/>\n<meta name=\"author\" content=\"webdo.tn\" \/>\n<meta name=\"twitter:card\" content=\"summary_large_image\" \/>\n<meta name=\"twitter:creator\" content=\"@webdo_tn\" \/>\n<meta name=\"twitter:site\" content=\"@webdo_tn\" \/>\n<meta name=\"twitter:label1\" content=\"\u00c9crit par\" \/>\n\t<meta name=\"twitter:data1\" content=\"webdo.tn\" \/>\n\t<meta name=\"twitter:label2\" content=\"Dur\u00e9e de lecture estim\u00e9e\" \/>\n\t<meta name=\"twitter:data2\" content=\"6 minutes\" \/>\n<script type=\"application\/ld+json\" class=\"yoast-schema-graph\">{\"@context\":\"https:\\\/\\\/schema.org\",\"@graph\":[{\"@type\":\"NewsArticle\",\"@id\":\"https:\\\/\\\/www.webdo.tn\\\/fr\\\/actualite\\\/tunis-hebdo\\\/quand-les-reseaux-sengagent-les-dictateurs-degagent\\\/173708\\\/#article\",\"isPartOf\":{\"@id\":\"https:\\\/\\\/www.webdo.tn\\\/fr\\\/actualite\\\/tunis-hebdo\\\/quand-les-reseaux-sengagent-les-dictateurs-degagent\\\/173708\\\/\"},\"author\":{\"name\":\"webdo.tn\",\"@id\":\"https:\\\/\\\/www.webdo.tn\\\/fr\\\/#\\\/schema\\\/person\\\/9a9c6118d687c117df8ef3cc36a4d175\"},\"headline\":\"Quand les r\u00e9seaux s\u2019engagent, les dictateurs d\u00e9gagent\",\"datePublished\":\"2011-03-07T09:17:00+00:00\",\"mainEntityOfPage\":{\"@id\":\"https:\\\/\\\/www.webdo.tn\\\/fr\\\/actualite\\\/tunis-hebdo\\\/quand-les-reseaux-sengagent-les-dictateurs-degagent\\\/173708\\\/\"},\"wordCount\":1124,\"commentCount\":0,\"publisher\":{\"@id\":\"https:\\\/\\\/www.webdo.tn\\\/fr\\\/#organization\"},\"image\":{\"@id\":\"https:\\\/\\\/www.webdo.tn\\\/fr\\\/actualite\\\/tunis-hebdo\\\/quand-les-reseaux-sengagent-les-dictateurs-degagent\\\/173708\\\/#primaryimage\"},\"thumbnailUrl\":\"https:\\\/\\\/www.webdo.tn\\\/fr\\\/wp-content\\\/uploads\\\/2025\\\/06\\\/FireShot-Capture-1063-webdo_default-53-750x375.jpg-750\u00d7375-www.webdo_.tn_.png\",\"articleSection\":[\"Tunis-Hebdo\"],\"inLanguage\":\"fr-FR\"},{\"@type\":\"WebPage\",\"@id\":\"https:\\\/\\\/www.webdo.tn\\\/fr\\\/actualite\\\/tunis-hebdo\\\/quand-les-reseaux-sengagent-les-dictateurs-degagent\\\/173708\\\/\",\"url\":\"https:\\\/\\\/www.webdo.tn\\\/fr\\\/actualite\\\/tunis-hebdo\\\/quand-les-reseaux-sengagent-les-dictateurs-degagent\\\/173708\\\/\",\"name\":\"Quand les r\u00e9seaux s\u2019engagent, les dictateurs d\u00e9gagent\",\"isPartOf\":{\"@id\":\"https:\\\/\\\/www.webdo.tn\\\/fr\\\/#website\"},\"primaryImageOfPage\":{\"@id\":\"https:\\\/\\\/www.webdo.tn\\\/fr\\\/actualite\\\/tunis-hebdo\\\/quand-les-reseaux-sengagent-les-dictateurs-degagent\\\/173708\\\/#primaryimage\"},\"image\":{\"@id\":\"https:\\\/\\\/www.webdo.tn\\\/fr\\\/actualite\\\/tunis-hebdo\\\/quand-les-reseaux-sengagent-les-dictateurs-degagent\\\/173708\\\/#primaryimage\"},\"thumbnailUrl\":\"https:\\\/\\\/www.webdo.tn\\\/fr\\\/wp-content\\\/uploads\\\/2025\\\/06\\\/FireShot-Capture-1063-webdo_default-53-750x375.jpg-750\u00d7375-www.webdo_.tn_.png\",\"datePublished\":\"2011-03-07T09:17:00+00:00\",\"description\":\"Quand les r\u00e9seaux s\u2019engagent, les dictateurs d\u00e9gagent\",\"breadcrumb\":{\"@id\":\"https:\\\/\\\/www.webdo.tn\\\/fr\\\/actualite\\\/tunis-hebdo\\\/quand-les-reseaux-sengagent-les-dictateurs-degagent\\\/173708\\\/#breadcrumb\"},\"inLanguage\":\"fr-FR\",\"potentialAction\":[{\"@type\":\"ReadAction\",\"target\":[\"https:\\\/\\\/www.webdo.tn\\\/fr\\\/actualite\\\/tunis-hebdo\\\/quand-les-reseaux-sengagent-les-dictateurs-degagent\\\/173708\\\/\"]}]},{\"@type\":\"ImageObject\",\"inLanguage\":\"fr-FR\",\"@id\":\"https:\\\/\\\/www.webdo.tn\\\/fr\\\/actualite\\\/tunis-hebdo\\\/quand-les-reseaux-sengagent-les-dictateurs-degagent\\\/173708\\\/#primaryimage\",\"url\":\"https:\\\/\\\/www.webdo.tn\\\/fr\\\/wp-content\\\/uploads\\\/2025\\\/06\\\/FireShot-Capture-1063-webdo_default-53-750x375.jpg-750\u00d7375-www.webdo_.tn_.png\",\"contentUrl\":\"https:\\\/\\\/www.webdo.tn\\\/fr\\\/wp-content\\\/uploads\\\/2025\\\/06\\\/FireShot-Capture-1063-webdo_default-53-750x375.jpg-750\u00d7375-www.webdo_.tn_.png\",\"width\":746,\"height\":371},{\"@type\":\"BreadcrumbList\",\"@id\":\"https:\\\/\\\/www.webdo.tn\\\/fr\\\/actualite\\\/tunis-hebdo\\\/quand-les-reseaux-sengagent-les-dictateurs-degagent\\\/173708\\\/#breadcrumb\",\"itemListElement\":[{\"@type\":\"ListItem\",\"position\":1,\"name\":\"Accueil\",\"item\":\"https:\\\/\\\/www.webdo.tn\\\/fr\\\/\"},{\"@type\":\"ListItem\",\"position\":2,\"name\":\"Quand les r\u00e9seaux s\u2019engagent, les dictateurs d\u00e9gagent\"}]},{\"@type\":\"WebSite\",\"@id\":\"https:\\\/\\\/www.webdo.tn\\\/fr\\\/#website\",\"url\":\"https:\\\/\\\/www.webdo.tn\\\/fr\\\/\",\"name\":\"webdo\",\"description\":\"Tunisie - News en Tunisie et \u00e0 l&#039;international sur Webdo.tn\",\"publisher\":{\"@id\":\"https:\\\/\\\/www.webdo.tn\\\/fr\\\/#organization\"},\"potentialAction\":[{\"@type\":\"SearchAction\",\"target\":{\"@type\":\"EntryPoint\",\"urlTemplate\":\"https:\\\/\\\/www.webdo.tn\\\/fr\\\/?s={search_term_string}\"},\"query-input\":{\"@type\":\"PropertyValueSpecification\",\"valueRequired\":true,\"valueName\":\"search_term_string\"}}],\"inLanguage\":\"fr-FR\"},{\"@type\":\"Organization\",\"@id\":\"https:\\\/\\\/www.webdo.tn\\\/fr\\\/#organization\",\"name\":\"Webdo\",\"alternateName\":\"Webdo.tn\",\"url\":\"https:\\\/\\\/www.webdo.tn\\\/fr\\\/\",\"logo\":{\"@type\":\"ImageObject\",\"inLanguage\":\"fr-FR\",\"@id\":\"https:\\\/\\\/www.webdo.tn\\\/fr\\\/#\\\/schema\\\/logo\\\/image\\\/\",\"url\":\"https:\\\/\\\/www.webdo.tn\\\/fr\\\/wp-content\\\/uploads\\\/2025\\\/06\\\/Webdo-Tunisie_168377.jpg\",\"contentUrl\":\"https:\\\/\\\/www.webdo.tn\\\/fr\\\/wp-content\\\/uploads\\\/2025\\\/06\\\/Webdo-Tunisie_168377.jpg\",\"width\":301,\"height\":301,\"caption\":\"Webdo\"},\"image\":{\"@id\":\"https:\\\/\\\/www.webdo.tn\\\/fr\\\/#\\\/schema\\\/logo\\\/image\\\/\"},\"sameAs\":[\"https:\\\/\\\/www.facebook.com\\\/webdotn\",\"https:\\\/\\\/x.com\\\/webdo_tn\"],\"description\":\"Webdo est un m\u00e9dia num\u00e9rique tunisien fond\u00e9 en 2010, sp\u00e9cialis\u00e9 dans l\u2019actualit\u00e9 nationale et internationale, l\u2019\u00e9conomie, la soci\u00e9t\u00e9 et les analyses politiques. Le site s\u2019adresse \u00e0 un large public francophone et couvre l\u2019information tunisienne en temps r\u00e9el.\",\"email\":\"redac@webdo.tn\",\"legalName\":\"YNJ SARL\",\"foundingDate\":\"2010-09-06\",\"numberOfEmployees\":{\"@type\":\"QuantitativeValue\",\"minValue\":\"11\",\"maxValue\":\"50\"}},{\"@type\":\"Person\",\"@id\":\"https:\\\/\\\/www.webdo.tn\\\/fr\\\/#\\\/schema\\\/person\\\/9a9c6118d687c117df8ef3cc36a4d175\",\"name\":\"webdo.tn\",\"image\":{\"@type\":\"ImageObject\",\"inLanguage\":\"fr-FR\",\"@id\":\"https:\\\/\\\/secure.gravatar.com\\\/avatar\\\/7ce1f28c0c3bbac99ff550b85ef8e44a6950c6ee24514fb6a5489e51d06f0298?s=96&d=mm&r=g\",\"url\":\"https:\\\/\\\/secure.gravatar.com\\\/avatar\\\/7ce1f28c0c3bbac99ff550b85ef8e44a6950c6ee24514fb6a5489e51d06f0298?s=96&d=mm&r=g\",\"contentUrl\":\"https:\\\/\\\/secure.gravatar.com\\\/avatar\\\/7ce1f28c0c3bbac99ff550b85ef8e44a6950c6ee24514fb6a5489e51d06f0298?s=96&d=mm&r=g\",\"caption\":\"webdo.tn\"},\"url\":\"https:\\\/\\\/www.webdo.tn\\\/fr\\\/actualite\\\/author\\\/webdotn\\\/\"}]}<\/script>\n<!-- \/ Yoast SEO Premium plugin. -->","yoast_head_json":{"title":"Quand les r\u00e9seaux s\u2019engagent, les dictateurs d\u00e9gagent","description":"Quand les r\u00e9seaux s\u2019engagent, les dictateurs d\u00e9gagent","canonical":"https:\/\/www.webdo.tn\/fr\/actualite\/tunis-hebdo\/quand-les-reseaux-sengagent-les-dictateurs-degagent\/173708\/","og_locale":"fr_FR","og_type":"article","og_title":"Quand les r\u00e9seaux s\u2019engagent, les dictateurs d\u00e9gagent","og_description":"Quand les r\u00e9seaux s\u2019engagent, les dictateurs d\u00e9gagent","og_url":"https:\/\/www.webdo.tn\/fr\/actualite\/tunis-hebdo\/quand-les-reseaux-sengagent-les-dictateurs-degagent\/173708\/","og_site_name":"webdo","article_publisher":"https:\/\/www.facebook.com\/webdotn","article_published_time":"2011-03-07T09:17:00+00:00","author":"webdo.tn","twitter_card":"summary_large_image","twitter_creator":"@webdo_tn","twitter_site":"@webdo_tn","twitter_misc":{"\u00c9crit par":"webdo.tn","Dur\u00e9e de lecture estim\u00e9e":"6 minutes"},"schema":{"@context":"https:\/\/schema.org","@graph":[{"@type":"NewsArticle","@id":"https:\/\/www.webdo.tn\/fr\/actualite\/tunis-hebdo\/quand-les-reseaux-sengagent-les-dictateurs-degagent\/173708\/#article","isPartOf":{"@id":"https:\/\/www.webdo.tn\/fr\/actualite\/tunis-hebdo\/quand-les-reseaux-sengagent-les-dictateurs-degagent\/173708\/"},"author":{"name":"webdo.tn","@id":"https:\/\/www.webdo.tn\/fr\/#\/schema\/person\/9a9c6118d687c117df8ef3cc36a4d175"},"headline":"Quand les r\u00e9seaux s\u2019engagent, les dictateurs d\u00e9gagent","datePublished":"2011-03-07T09:17:00+00:00","mainEntityOfPage":{"@id":"https:\/\/www.webdo.tn\/fr\/actualite\/tunis-hebdo\/quand-les-reseaux-sengagent-les-dictateurs-degagent\/173708\/"},"wordCount":1124,"commentCount":0,"publisher":{"@id":"https:\/\/www.webdo.tn\/fr\/#organization"},"image":{"@id":"https:\/\/www.webdo.tn\/fr\/actualite\/tunis-hebdo\/quand-les-reseaux-sengagent-les-dictateurs-degagent\/173708\/#primaryimage"},"thumbnailUrl":"https:\/\/www.webdo.tn\/fr\/wp-content\/uploads\/2025\/06\/FireShot-Capture-1063-webdo_default-53-750x375.jpg-750\u00d7375-www.webdo_.tn_.png","articleSection":["Tunis-Hebdo"],"inLanguage":"fr-FR"},{"@type":"WebPage","@id":"https:\/\/www.webdo.tn\/fr\/actualite\/tunis-hebdo\/quand-les-reseaux-sengagent-les-dictateurs-degagent\/173708\/","url":"https:\/\/www.webdo.tn\/fr\/actualite\/tunis-hebdo\/quand-les-reseaux-sengagent-les-dictateurs-degagent\/173708\/","name":"Quand les r\u00e9seaux s\u2019engagent, les dictateurs d\u00e9gagent","isPartOf":{"@id":"https:\/\/www.webdo.tn\/fr\/#website"},"primaryImageOfPage":{"@id":"https:\/\/www.webdo.tn\/fr\/actualite\/tunis-hebdo\/quand-les-reseaux-sengagent-les-dictateurs-degagent\/173708\/#primaryimage"},"image":{"@id":"https:\/\/www.webdo.tn\/fr\/actualite\/tunis-hebdo\/quand-les-reseaux-sengagent-les-dictateurs-degagent\/173708\/#primaryimage"},"thumbnailUrl":"https:\/\/www.webdo.tn\/fr\/wp-content\/uploads\/2025\/06\/FireShot-Capture-1063-webdo_default-53-750x375.jpg-750\u00d7375-www.webdo_.tn_.png","datePublished":"2011-03-07T09:17:00+00:00","description":"Quand les r\u00e9seaux s\u2019engagent, les dictateurs d\u00e9gagent","breadcrumb":{"@id":"https:\/\/www.webdo.tn\/fr\/actualite\/tunis-hebdo\/quand-les-reseaux-sengagent-les-dictateurs-degagent\/173708\/#breadcrumb"},"inLanguage":"fr-FR","potentialAction":[{"@type":"ReadAction","target":["https:\/\/www.webdo.tn\/fr\/actualite\/tunis-hebdo\/quand-les-reseaux-sengagent-les-dictateurs-degagent\/173708\/"]}]},{"@type":"ImageObject","inLanguage":"fr-FR","@id":"https:\/\/www.webdo.tn\/fr\/actualite\/tunis-hebdo\/quand-les-reseaux-sengagent-les-dictateurs-degagent\/173708\/#primaryimage","url":"https:\/\/www.webdo.tn\/fr\/wp-content\/uploads\/2025\/06\/FireShot-Capture-1063-webdo_default-53-750x375.jpg-750\u00d7375-www.webdo_.tn_.png","contentUrl":"https:\/\/www.webdo.tn\/fr\/wp-content\/uploads\/2025\/06\/FireShot-Capture-1063-webdo_default-53-750x375.jpg-750\u00d7375-www.webdo_.tn_.png","width":746,"height":371},{"@type":"BreadcrumbList","@id":"https:\/\/www.webdo.tn\/fr\/actualite\/tunis-hebdo\/quand-les-reseaux-sengagent-les-dictateurs-degagent\/173708\/#breadcrumb","itemListElement":[{"@type":"ListItem","position":1,"name":"Accueil","item":"https:\/\/www.webdo.tn\/fr\/"},{"@type":"ListItem","position":2,"name":"Quand les r\u00e9seaux s\u2019engagent, les dictateurs d\u00e9gagent"}]},{"@type":"WebSite","@id":"https:\/\/www.webdo.tn\/fr\/#website","url":"https:\/\/www.webdo.tn\/fr\/","name":"webdo","description":"Tunisie - News en Tunisie et \u00e0 l&#039;international sur Webdo.tn","publisher":{"@id":"https:\/\/www.webdo.tn\/fr\/#organization"},"potentialAction":[{"@type":"SearchAction","target":{"@type":"EntryPoint","urlTemplate":"https:\/\/www.webdo.tn\/fr\/?s={search_term_string}"},"query-input":{"@type":"PropertyValueSpecification","valueRequired":true,"valueName":"search_term_string"}}],"inLanguage":"fr-FR"},{"@type":"Organization","@id":"https:\/\/www.webdo.tn\/fr\/#organization","name":"Webdo","alternateName":"Webdo.tn","url":"https:\/\/www.webdo.tn\/fr\/","logo":{"@type":"ImageObject","inLanguage":"fr-FR","@id":"https:\/\/www.webdo.tn\/fr\/#\/schema\/logo\/image\/","url":"https:\/\/www.webdo.tn\/fr\/wp-content\/uploads\/2025\/06\/Webdo-Tunisie_168377.jpg","contentUrl":"https:\/\/www.webdo.tn\/fr\/wp-content\/uploads\/2025\/06\/Webdo-Tunisie_168377.jpg","width":301,"height":301,"caption":"Webdo"},"image":{"@id":"https:\/\/www.webdo.tn\/fr\/#\/schema\/logo\/image\/"},"sameAs":["https:\/\/www.facebook.com\/webdotn","https:\/\/x.com\/webdo_tn"],"description":"Webdo est un m\u00e9dia num\u00e9rique tunisien fond\u00e9 en 2010, sp\u00e9cialis\u00e9 dans l\u2019actualit\u00e9 nationale et internationale, l\u2019\u00e9conomie, la soci\u00e9t\u00e9 et les analyses politiques. Le site s\u2019adresse \u00e0 un large public francophone et couvre l\u2019information tunisienne en temps r\u00e9el.","email":"redac@webdo.tn","legalName":"YNJ SARL","foundingDate":"2010-09-06","numberOfEmployees":{"@type":"QuantitativeValue","minValue":"11","maxValue":"50"}},{"@type":"Person","@id":"https:\/\/www.webdo.tn\/fr\/#\/schema\/person\/9a9c6118d687c117df8ef3cc36a4d175","name":"webdo.tn","image":{"@type":"ImageObject","inLanguage":"fr-FR","@id":"https:\/\/secure.gravatar.com\/avatar\/7ce1f28c0c3bbac99ff550b85ef8e44a6950c6ee24514fb6a5489e51d06f0298?s=96&d=mm&r=g","url":"https:\/\/secure.gravatar.com\/avatar\/7ce1f28c0c3bbac99ff550b85ef8e44a6950c6ee24514fb6a5489e51d06f0298?s=96&d=mm&r=g","contentUrl":"https:\/\/secure.gravatar.com\/avatar\/7ce1f28c0c3bbac99ff550b85ef8e44a6950c6ee24514fb6a5489e51d06f0298?s=96&d=mm&r=g","caption":"webdo.tn"},"url":"https:\/\/www.webdo.tn\/fr\/actualite\/author\/webdotn\/"}]}},"_links":{"self":[{"href":"https:\/\/www.webdo.tn\/fr\/wp-json\/wp\/v2\/posts\/173708","targetHints":{"allow":["GET"]}}],"collection":[{"href":"https:\/\/www.webdo.tn\/fr\/wp-json\/wp\/v2\/posts"}],"about":[{"href":"https:\/\/www.webdo.tn\/fr\/wp-json\/wp\/v2\/types\/post"}],"author":[{"embeddable":true,"href":"https:\/\/www.webdo.tn\/fr\/wp-json\/wp\/v2\/users\/3222"}],"replies":[{"embeddable":true,"href":"https:\/\/www.webdo.tn\/fr\/wp-json\/wp\/v2\/comments?post=173708"}],"version-history":[{"count":0,"href":"https:\/\/www.webdo.tn\/fr\/wp-json\/wp\/v2\/posts\/173708\/revisions"}],"wp:featuredmedia":[{"embeddable":true,"href":"https:\/\/www.webdo.tn\/fr\/wp-json\/wp\/v2\/media\/376290"}],"wp:attachment":[{"href":"https:\/\/www.webdo.tn\/fr\/wp-json\/wp\/v2\/media?parent=173708"}],"wp:term":[{"taxonomy":"category","embeddable":true,"href":"https:\/\/www.webdo.tn\/fr\/wp-json\/wp\/v2\/categories?post=173708"},{"taxonomy":"post_tag","embeddable":true,"href":"https:\/\/www.webdo.tn\/fr\/wp-json\/wp\/v2\/tags?post=173708"}],"curies":[{"name":"wp","href":"https:\/\/api.w.org\/{rel}","templated":true}]}}