{"id":173695,"date":"2011-05-16T17:04:00","date_gmt":"2011-05-16T17:04:00","guid":{"rendered":"https:\/\/www.webdo.tn\/fr\/actualite\/blog\/et-imed-trabelsima-menacee-a-cause-de-mariah-carey\/173695\/"},"modified":"2011-05-16T17:04:00","modified_gmt":"2011-05-16T17:04:00","slug":"et-imed-trabelsima-menacee-a-cause-de-mariah-carey","status":"publish","type":"post","link":"https:\/\/www.webdo.tn\/fr\/actualite\/tunis-hebdo\/et-imed-trabelsima-menacee-a-cause-de-mariah-carey\/173695\/","title":{"rendered":"Et Imed Trabelsi m&rsquo;a menac\u00e9e \u00e0 cause de Mariah Carey !"},"content":{"rendered":"<p>Trabelsi avait la main sur les concerts de Mariah Carey, du 22 et 24 juillet 2006. \u00c7a tout le monde le savait. Issam Allani, l'\u00a0\u00bborganisateur\u00a0\u00bb de l&rsquo;\u00e9poque, n&rsquo;\u00e9tait en fait juste qu&rsquo;un pr\u00eate-nom. Voil\u00e0 que maintenant, on met en exergue le fait que 500 mille dinars auraient \u00e9t\u00e9 d\u00e9bours\u00e9s pour la location de l&rsquo;avion dans lequel la \u00ab\u00a0star\u00a0\u00bb s&rsquo;est d\u00e9plac\u00e9e. Le probl\u00e8me est que j&rsquo;en avais d\u00e9j\u00e0 parl\u00e9 dans le num\u00e9ro de Tunis-Hebdo du 10 juillet&#8230; 2006. Et \u00e0 cause de cette v\u00e9rit\u00e9, Imed Trabelsi m&rsquo;a menac\u00e9e&#8230;<\/p>\n<p>\u00ab\u00a0Historique !\u00a0\u00bb avaient exult\u00e9 les organisateurs. Mariah Carey, celle qu&rsquo;on appelle la Diva, avait accept\u00e9 de venir chanter \u00e0 Tunis avant sa tourn\u00e9e estivale en Am\u00e9rique du Nord. Elle nous faisait l&rsquo;insigne honneur de commencer par notre petit pays, non pas en solidarit\u00e9 avec un peuple arabe mais s\u00fbrement parce qu&rsquo;on lui avait fait miroiter monnaie sonnante et tr\u00e9buchante ; comme on lui a fait miroiter monts et merveilles pour qu&rsquo;elle chante devant la famille Kadhafi (ce qu&rsquo;elle regrette mais c&rsquo;est trop tard !). En tout cas, elle n&rsquo;a pas regrett\u00e9 d&rsquo;avoir chant\u00e9 \u00e0 Tunis puisque tous ses caprices ont \u00e9t\u00e9 assouvis !<\/p>\n<p>500 mille euros&#8230;<br \/>\nD&rsquo;ailleurs, nous avons \u00e9crit un article, quelque temps avant sa venue, dans le num\u00e9ro de Tunis-Hebdo n\u00b01645, du 10 au 16 juillet 2006, et intitul\u00e9 \u00ab\u00a0Mariah Carey : Les caprices d&rsquo;une petite Miss\u00a0\u00bb : \u00ab\u00a0\u00c7a y est ! Nous savons la liste de caprices de la petite (de taille) Miss, Mariah Carey. (\u2026) Ce qui n&rsquo;a pas \u00e9t\u00e9 d\u00e9voil\u00e9 lors de cette conf\u00e9rence de presse, c&rsquo;est que la star am\u00e9ricaine a demand\u00e9 que pour sa venue en Tunisie elle voyage dans un jet style gros transporteur, en insistant \u00e0 ce que les toilettes soient s\u00e9par\u00e9es de la salle de bains ou de la douche. Ce tr\u00e8s gros caprice pourrait co\u00fbter, pour le r\u00e9am\u00e9nagement de l&rsquo;appareil, la bagatelle de 500 mille euros aux \u00ab\u00a0organisateurs\u00a0\u00bb ! Cinq cent mille euros, \u00e7a pourrait en construire des dispensaires, des \u00e9coles, des logements etc. chez nous ! Et dire que cela va partir en l&rsquo;air, c&rsquo;est bien le cas de l&rsquo;\u00e9crire !\u00a0\u00bb. 500 mille euros pour que cette capricieuse starlette d\u00e9barque chez nous \u00e0 partir des Etats-Unis dans un avion affr\u00e9t\u00e9 au&#8230; Canada, avec 100 tonnes de matos et un staff compos\u00e9 de 50 personnes !<\/p>\n<p>La seule chose que je ne savais pas c&rsquo;est que trois ministres avaient \u00e9t\u00e9 impliqu\u00e9s de force dans cette histoire. A l&rsquo;\u00e9poque, je savais, pertinemment, comme toute personne sachant cogiter, que c&rsquo;\u00e9taient les Trabelsi qui avaient la mainmise sur cette affaire, m\u00eame si on nous a fait croire le contraire, surtout avec un pseudo-organisateur, Issam Allani, qui en tirait tous les dividendes, et une charg\u00e9e de communication, dont je tairais le nom car elle ne m\u00e9rite m\u00eame pas que je la cite, qui essayait de mettre les journalistes dans sa poche, et qui a continu\u00e9 \u00e0 travailler avec les Trabelsi en jouant les \u00ab\u00a0larbins\u00a0\u00bb&#8230;<\/p>\n<p>Le coup de fil&#8230;<br \/>\nCette mainmise des Trabelsi a \u00e9t\u00e9 confirm\u00e9e par le coup de fil que j&rsquo;ai re\u00e7u de la part de&#8230; Imed Trabelsi. Quand l&rsquo;article est paru, en ce lundi 10 juillet 2006, je m&rsquo;en souviens comme si c&rsquo;\u00e9tait la veille, une de nos anciennes secr\u00e9taires m&rsquo;a appel\u00e9e pour me dire qu&rsquo;il y avait un certain Imed Trabelsi qui demandait \u00e0 avoir mon num\u00e9ro de t\u00e9l\u00e9phone et si elle devait le lui donner. Pour moi le lundi c&rsquo;est sacr\u00e9 ! C&rsquo;est mon jour de repos hebdomadaire ! Pas question que quiconque vienne me le mettre en l&rsquo;air. Ma r\u00e9ponse a \u00e9t\u00e9 bien \u00e9videmment n\u00e9gative !<\/p>\n<p>Mais comme c&rsquo;\u00e9tait un Trabelsi, il a eu mon num\u00e9ro par un autre moyen. Il m\u2019a appel\u00e9 et a commenc\u00e9 \u00e0 me raconter une histoire comme quoi je serais venue le voir \u00e0 son bureau pendant qu\u2019il n\u2019\u00e9tait pas l\u00e0. Je lui ai demand\u00e9 : \u00ab\u00a0D\u2019abord vous \u00eates qui ?\u00a0\u00bb. Il me dit (avec pr\u00e9tention) : \u00ab\u00a0Imed Trabelsi\u00a0\u00bb. Je lui r\u00e9ponds \u00ab\u00a0Chkoun Imed Trabelsi (Qui est Imed Trabelsi) ? Qu\u2019est-ce que vous faites dans la vie ?\u00a0\u00bb. Il est rest\u00e9 coinc\u00e9 avant de reprendre : \u00ab\u00a0C\u2019est quoi ces questions ?\u00a0\u00bb. Et moi de lui r\u00e9torquer : \u00ab\u00a0Ben oui car je ne vous connais pas et je ne sais pas ce que j\u2019aurais \u00e9t\u00e9 faire dans votre bureau. C\u2019\u00e9tait quel jour et \u00e0 quelle heure ?\u00a0\u00bb. Il m&rsquo;a r\u00e9pondu : \u00ab\u00a0Vendredi \u00e0 11h00\u00a0\u00bb. Je lui ai dit \u00ab\u00a0Vendredi \u00e0 11h00. Ce n\u2019est pas possible ! J\u2019\u00e9tais au journal\u00a0\u00bb. Il me r\u00e9pond : \u00ab\u00a0Mon bureau est au Lac, donc tu pouvais t\u2019y rendre et revenir vite !\u00a0\u00bb. Et moi : \u00ab\u00a0Cela m\u2019\u00e9tonnerait avec tous les embouteillages. Et j&rsquo;ai quarante personnes qui peuvent t\u00e9moigner\u00a0\u00bb. Il me dit : \u00ab\u00a0En tout cas, ma secr\u00e9taire m\u2019a dit qu\u2019une certaine Zouhour Harbaoui \u00e9tait venue me voir\u00a0\u00bb. Et l\u00e0 j\u2019ai commenc\u00e9 \u00e0 p\u00e9ter un plomb au t\u00e9l\u00e9phone (en sachant tr\u00e8s bien qu\u2019il a invent\u00e9 juste l\u2019histoire pour que j&rsquo;aille le voir) : \u00ab\u00a0Eh ben, si je mets la main sur celle qui se fait passer pour moi, je lui casse la gueule\u00a0\u00bb. Et lui : \u00ab\u00a0Quelle \u00e9ducation ?\u00a0\u00bb. Et moi : \u00ab\u00a0Oui ! Et si c\u2019est n\u00e9cessaire, j\u2019irais me plaindre au pr\u00e9sident de la r\u00e9publique pour usurpation d\u2019identit\u00e9 car la prochaine fois elle ira vendre de la drogue et se fera passer pour moi. Bonne journ\u00e9e et au revoir\u00a0\u00bb. Et j\u2019ai raccroch\u00e9.<\/p>\n<p>L\u2019histoire n\u2019est pas encore termin\u00e9e. Le lendemain, comme l&rsquo;histoire s&rsquo;\u00e9tait \u00e9bruit\u00e9e que j&rsquo;avais tenu t\u00eate \u00e0 Imed Trabelsi au t\u00e9l\u00e9phone, on a voulu me faire fuir en France, ce que j\u2019ai refus\u00e9. Je suis rest\u00e9e en Tunisie. D\u2019autre part, les Trabelsi m\u2019ont envoy\u00e9 un message par une coll\u00e8gue travaillant \u00e0 la radio et \u00e0 la t\u00e9l\u00e9 en me demandant de me calmer (sous-entendu de faire attention \u00e0 moi !). Eh bien, je ne me suis pas calm\u00e9e pour autant car j\u2019ai fait passer des messages dans certains de mes articles \u00e0 leur intention. Mais vu qu&rsquo;ils n&rsquo;\u00e9taient pas tr\u00e8s port\u00e9s sur la lecture ni au premier ni au second degr\u00e9, ils n&rsquo;ont rien capt\u00e9 ! Et, gr\u00e2ce \u00e0 Dieu, je suis toujours vivante ! La preuve, je viens de vous raconter ce qui s&rsquo;est pass\u00e9 ! Eh oui, Imed Trabelsi m&rsquo;a menac\u00e9e \u00e0 cause de Mariah Carey.<br \/>\nZouhour Harbaoui (Tunis-Hebdo)<br \/>\n\u00a0<br \/>\n\u00a0<br \/>\nL&rsquo;article en question dans le num\u00e9ro de Tunis-Hebdo du 10 juillet 2006<\/p>\n","protected":false},"excerpt":{"rendered":"<p>Et Imed Trabelsi m&rsquo;a menac\u00e9e \u00e0 cause de Mariah Carey ! <\/p>\n","protected":false},"author":3222,"featured_media":365376,"comment_status":"open","ping_status":"closed","sticky":false,"template":"","format":"standard","meta":{"footnotes":""},"categories":[7653],"tags":[],"class_list":["post-173695","post","type-post","status-publish","format-standard","has-post-thumbnail","hentry","category-tunis-hebdo"],"yoast_head":"<!-- This site is optimized with the Yoast SEO Premium plugin v27.4 (Yoast SEO v27.5) - https:\/\/yoast.com\/product\/yoast-seo-premium-wordpress\/ -->\n<title>Et Imed Trabelsi m&#039;a menac\u00e9e \u00e0 cause de Mariah Carey !<\/title>\n<meta name=\"description\" content=\"Et Imed Trabelsi m&#039;a menac\u00e9e \u00e0 cause de Mariah Carey !\" \/>\n<link rel=\"canonical\" href=\"https:\/\/www.webdo.tn\/fr\/actualite\/tunis-hebdo\/et-imed-trabelsima-menacee-a-cause-de-mariah-carey\/173695\/\" \/>\n<meta property=\"og:locale\" content=\"fr_FR\" \/>\n<meta property=\"og:type\" content=\"article\" \/>\n<meta property=\"og:title\" content=\"Et Imed Trabelsi m&#039;a menac\u00e9e \u00e0 cause de Mariah Carey !\" \/>\n<meta property=\"og:description\" content=\"Et Imed Trabelsi m&#039;a menac\u00e9e \u00e0 cause de Mariah Carey !\" \/>\n<meta property=\"og:url\" content=\"https:\/\/www.webdo.tn\/fr\/actualite\/tunis-hebdo\/et-imed-trabelsima-menacee-a-cause-de-mariah-carey\/173695\/\" \/>\n<meta property=\"og:site_name\" content=\"webdo\" \/>\n<meta property=\"article:publisher\" content=\"https:\/\/www.facebook.com\/webdotn\" \/>\n<meta property=\"article:published_time\" content=\"2011-05-16T17:04:00+00:00\" \/>\n<meta property=\"og:image\" content=\"https:\/\/www.webdo.tn\/fr\/wp-content\/uploads\/2011\/05\/Mariah-Carey.jpg\" \/>\n\t<meta property=\"og:image:width\" content=\"256\" \/>\n\t<meta property=\"og:image:height\" content=\"256\" \/>\n\t<meta property=\"og:image:type\" content=\"image\/jpeg\" \/>\n<meta name=\"author\" content=\"webdo.tn\" \/>\n<meta name=\"twitter:card\" content=\"summary_large_image\" \/>\n<meta name=\"twitter:creator\" content=\"@webdo_tn\" \/>\n<meta name=\"twitter:site\" content=\"@webdo_tn\" \/>\n<meta name=\"twitter:label1\" content=\"\u00c9crit par\" \/>\n\t<meta name=\"twitter:data1\" content=\"webdo.tn\" \/>\n\t<meta name=\"twitter:label2\" content=\"Dur\u00e9e de lecture estim\u00e9e\" \/>\n\t<meta name=\"twitter:data2\" content=\"5 minutes\" \/>\n<script type=\"application\/ld+json\" class=\"yoast-schema-graph\">{\"@context\":\"https:\\\/\\\/schema.org\",\"@graph\":[{\"@type\":\"NewsArticle\",\"@id\":\"https:\\\/\\\/www.webdo.tn\\\/fr\\\/actualite\\\/tunis-hebdo\\\/et-imed-trabelsima-menacee-a-cause-de-mariah-carey\\\/173695\\\/#article\",\"isPartOf\":{\"@id\":\"https:\\\/\\\/www.webdo.tn\\\/fr\\\/actualite\\\/tunis-hebdo\\\/et-imed-trabelsima-menacee-a-cause-de-mariah-carey\\\/173695\\\/\"},\"author\":{\"name\":\"webdo.tn\",\"@id\":\"https:\\\/\\\/www.webdo.tn\\\/fr\\\/#\\\/schema\\\/person\\\/9a9c6118d687c117df8ef3cc36a4d175\"},\"headline\":\"Et Imed Trabelsi m&rsquo;a menac\u00e9e \u00e0 cause de Mariah Carey !\",\"datePublished\":\"2011-05-16T17:04:00+00:00\",\"mainEntityOfPage\":{\"@id\":\"https:\\\/\\\/www.webdo.tn\\\/fr\\\/actualite\\\/tunis-hebdo\\\/et-imed-trabelsima-menacee-a-cause-de-mariah-carey\\\/173695\\\/\"},\"wordCount\":1132,\"commentCount\":0,\"publisher\":{\"@id\":\"https:\\\/\\\/www.webdo.tn\\\/fr\\\/#organization\"},\"image\":{\"@id\":\"https:\\\/\\\/www.webdo.tn\\\/fr\\\/actualite\\\/tunis-hebdo\\\/et-imed-trabelsima-menacee-a-cause-de-mariah-carey\\\/173695\\\/#primaryimage\"},\"thumbnailUrl\":\"https:\\\/\\\/www.webdo.tn\\\/fr\\\/wp-content\\\/uploads\\\/2011\\\/05\\\/Mariah-Carey.jpg\",\"articleSection\":[\"Tunis-Hebdo\"],\"inLanguage\":\"fr-FR\"},{\"@type\":\"WebPage\",\"@id\":\"https:\\\/\\\/www.webdo.tn\\\/fr\\\/actualite\\\/tunis-hebdo\\\/et-imed-trabelsima-menacee-a-cause-de-mariah-carey\\\/173695\\\/\",\"url\":\"https:\\\/\\\/www.webdo.tn\\\/fr\\\/actualite\\\/tunis-hebdo\\\/et-imed-trabelsima-menacee-a-cause-de-mariah-carey\\\/173695\\\/\",\"name\":\"Et Imed Trabelsi m'a menac\u00e9e \u00e0 cause de Mariah Carey !\",\"isPartOf\":{\"@id\":\"https:\\\/\\\/www.webdo.tn\\\/fr\\\/#website\"},\"primaryImageOfPage\":{\"@id\":\"https:\\\/\\\/www.webdo.tn\\\/fr\\\/actualite\\\/tunis-hebdo\\\/et-imed-trabelsima-menacee-a-cause-de-mariah-carey\\\/173695\\\/#primaryimage\"},\"image\":{\"@id\":\"https:\\\/\\\/www.webdo.tn\\\/fr\\\/actualite\\\/tunis-hebdo\\\/et-imed-trabelsima-menacee-a-cause-de-mariah-carey\\\/173695\\\/#primaryimage\"},\"thumbnailUrl\":\"https:\\\/\\\/www.webdo.tn\\\/fr\\\/wp-content\\\/uploads\\\/2011\\\/05\\\/Mariah-Carey.jpg\",\"datePublished\":\"2011-05-16T17:04:00+00:00\",\"description\":\"Et Imed Trabelsi m'a menac\u00e9e \u00e0 cause de Mariah Carey !\",\"breadcrumb\":{\"@id\":\"https:\\\/\\\/www.webdo.tn\\\/fr\\\/actualite\\\/tunis-hebdo\\\/et-imed-trabelsima-menacee-a-cause-de-mariah-carey\\\/173695\\\/#breadcrumb\"},\"inLanguage\":\"fr-FR\",\"potentialAction\":[{\"@type\":\"ReadAction\",\"target\":[\"https:\\\/\\\/www.webdo.tn\\\/fr\\\/actualite\\\/tunis-hebdo\\\/et-imed-trabelsima-menacee-a-cause-de-mariah-carey\\\/173695\\\/\"]}]},{\"@type\":\"ImageObject\",\"inLanguage\":\"fr-FR\",\"@id\":\"https:\\\/\\\/www.webdo.tn\\\/fr\\\/actualite\\\/tunis-hebdo\\\/et-imed-trabelsima-menacee-a-cause-de-mariah-carey\\\/173695\\\/#primaryimage\",\"url\":\"https:\\\/\\\/www.webdo.tn\\\/fr\\\/wp-content\\\/uploads\\\/2011\\\/05\\\/Mariah-Carey.jpg\",\"contentUrl\":\"https:\\\/\\\/www.webdo.tn\\\/fr\\\/wp-content\\\/uploads\\\/2011\\\/05\\\/Mariah-Carey.jpg\",\"width\":256,\"height\":256,\"caption\":\"Et Imed Trabelsi m'a menac\u00e9e \u00e0 cause de Mariah Carey !\"},{\"@type\":\"BreadcrumbList\",\"@id\":\"https:\\\/\\\/www.webdo.tn\\\/fr\\\/actualite\\\/tunis-hebdo\\\/et-imed-trabelsima-menacee-a-cause-de-mariah-carey\\\/173695\\\/#breadcrumb\",\"itemListElement\":[{\"@type\":\"ListItem\",\"position\":1,\"name\":\"Accueil\",\"item\":\"https:\\\/\\\/www.webdo.tn\\\/fr\\\/\"},{\"@type\":\"ListItem\",\"position\":2,\"name\":\"Et Imed Trabelsi m&rsquo;a menac\u00e9e \u00e0 cause de Mariah Carey !\"}]},{\"@type\":\"WebSite\",\"@id\":\"https:\\\/\\\/www.webdo.tn\\\/fr\\\/#website\",\"url\":\"https:\\\/\\\/www.webdo.tn\\\/fr\\\/\",\"name\":\"webdo\",\"description\":\"Tunisie - News en Tunisie et \u00e0 l&#039;international sur Webdo.tn\",\"publisher\":{\"@id\":\"https:\\\/\\\/www.webdo.tn\\\/fr\\\/#organization\"},\"potentialAction\":[{\"@type\":\"SearchAction\",\"target\":{\"@type\":\"EntryPoint\",\"urlTemplate\":\"https:\\\/\\\/www.webdo.tn\\\/fr\\\/?s={search_term_string}\"},\"query-input\":{\"@type\":\"PropertyValueSpecification\",\"valueRequired\":true,\"valueName\":\"search_term_string\"}}],\"inLanguage\":\"fr-FR\"},{\"@type\":\"Organization\",\"@id\":\"https:\\\/\\\/www.webdo.tn\\\/fr\\\/#organization\",\"name\":\"Webdo\",\"alternateName\":\"Webdo.tn\",\"url\":\"https:\\\/\\\/www.webdo.tn\\\/fr\\\/\",\"logo\":{\"@type\":\"ImageObject\",\"inLanguage\":\"fr-FR\",\"@id\":\"https:\\\/\\\/www.webdo.tn\\\/fr\\\/#\\\/schema\\\/logo\\\/image\\\/\",\"url\":\"https:\\\/\\\/www.webdo.tn\\\/fr\\\/wp-content\\\/uploads\\\/2025\\\/06\\\/Webdo-Tunisie_168377.jpg\",\"contentUrl\":\"https:\\\/\\\/www.webdo.tn\\\/fr\\\/wp-content\\\/uploads\\\/2025\\\/06\\\/Webdo-Tunisie_168377.jpg\",\"width\":301,\"height\":301,\"caption\":\"Webdo\"},\"image\":{\"@id\":\"https:\\\/\\\/www.webdo.tn\\\/fr\\\/#\\\/schema\\\/logo\\\/image\\\/\"},\"sameAs\":[\"https:\\\/\\\/www.facebook.com\\\/webdotn\",\"https:\\\/\\\/x.com\\\/webdo_tn\"],\"description\":\"Webdo est un m\u00e9dia num\u00e9rique tunisien fond\u00e9 en 2010, sp\u00e9cialis\u00e9 dans l\u2019actualit\u00e9 nationale et internationale, l\u2019\u00e9conomie, la soci\u00e9t\u00e9 et les analyses politiques. Le site s\u2019adresse \u00e0 un large public francophone et couvre l\u2019information tunisienne en temps r\u00e9el.\",\"email\":\"redac@webdo.tn\",\"legalName\":\"YNJ SARL\",\"foundingDate\":\"2010-09-06\",\"numberOfEmployees\":{\"@type\":\"QuantitativeValue\",\"minValue\":\"11\",\"maxValue\":\"50\"}},{\"@type\":\"Person\",\"@id\":\"https:\\\/\\\/www.webdo.tn\\\/fr\\\/#\\\/schema\\\/person\\\/9a9c6118d687c117df8ef3cc36a4d175\",\"name\":\"webdo.tn\",\"image\":{\"@type\":\"ImageObject\",\"inLanguage\":\"fr-FR\",\"@id\":\"https:\\\/\\\/secure.gravatar.com\\\/avatar\\\/7ce1f28c0c3bbac99ff550b85ef8e44a6950c6ee24514fb6a5489e51d06f0298?s=96&d=mm&r=g\",\"url\":\"https:\\\/\\\/secure.gravatar.com\\\/avatar\\\/7ce1f28c0c3bbac99ff550b85ef8e44a6950c6ee24514fb6a5489e51d06f0298?s=96&d=mm&r=g\",\"contentUrl\":\"https:\\\/\\\/secure.gravatar.com\\\/avatar\\\/7ce1f28c0c3bbac99ff550b85ef8e44a6950c6ee24514fb6a5489e51d06f0298?s=96&d=mm&r=g\",\"caption\":\"webdo.tn\"},\"url\":\"https:\\\/\\\/www.webdo.tn\\\/fr\\\/actualite\\\/author\\\/webdotn\\\/\"}]}<\/script>\n<!-- \/ Yoast SEO Premium plugin. -->","yoast_head_json":{"title":"Et Imed Trabelsi m'a menac\u00e9e \u00e0 cause de Mariah Carey !","description":"Et Imed Trabelsi m'a menac\u00e9e \u00e0 cause de Mariah Carey !","canonical":"https:\/\/www.webdo.tn\/fr\/actualite\/tunis-hebdo\/et-imed-trabelsima-menacee-a-cause-de-mariah-carey\/173695\/","og_locale":"fr_FR","og_type":"article","og_title":"Et Imed Trabelsi m'a menac\u00e9e \u00e0 cause de Mariah Carey !","og_description":"Et Imed Trabelsi m'a menac\u00e9e \u00e0 cause de Mariah Carey !","og_url":"https:\/\/www.webdo.tn\/fr\/actualite\/tunis-hebdo\/et-imed-trabelsima-menacee-a-cause-de-mariah-carey\/173695\/","og_site_name":"webdo","article_publisher":"https:\/\/www.facebook.com\/webdotn","article_published_time":"2011-05-16T17:04:00+00:00","og_image":[{"width":256,"height":256,"url":"https:\/\/www.webdo.tn\/fr\/wp-content\/uploads\/2011\/05\/Mariah-Carey.jpg","type":"image\/jpeg"}],"author":"webdo.tn","twitter_card":"summary_large_image","twitter_creator":"@webdo_tn","twitter_site":"@webdo_tn","twitter_misc":{"\u00c9crit par":"webdo.tn","Dur\u00e9e de lecture estim\u00e9e":"5 minutes"},"schema":{"@context":"https:\/\/schema.org","@graph":[{"@type":"NewsArticle","@id":"https:\/\/www.webdo.tn\/fr\/actualite\/tunis-hebdo\/et-imed-trabelsima-menacee-a-cause-de-mariah-carey\/173695\/#article","isPartOf":{"@id":"https:\/\/www.webdo.tn\/fr\/actualite\/tunis-hebdo\/et-imed-trabelsima-menacee-a-cause-de-mariah-carey\/173695\/"},"author":{"name":"webdo.tn","@id":"https:\/\/www.webdo.tn\/fr\/#\/schema\/person\/9a9c6118d687c117df8ef3cc36a4d175"},"headline":"Et Imed Trabelsi m&rsquo;a menac\u00e9e \u00e0 cause de Mariah Carey !","datePublished":"2011-05-16T17:04:00+00:00","mainEntityOfPage":{"@id":"https:\/\/www.webdo.tn\/fr\/actualite\/tunis-hebdo\/et-imed-trabelsima-menacee-a-cause-de-mariah-carey\/173695\/"},"wordCount":1132,"commentCount":0,"publisher":{"@id":"https:\/\/www.webdo.tn\/fr\/#organization"},"image":{"@id":"https:\/\/www.webdo.tn\/fr\/actualite\/tunis-hebdo\/et-imed-trabelsima-menacee-a-cause-de-mariah-carey\/173695\/#primaryimage"},"thumbnailUrl":"https:\/\/www.webdo.tn\/fr\/wp-content\/uploads\/2011\/05\/Mariah-Carey.jpg","articleSection":["Tunis-Hebdo"],"inLanguage":"fr-FR"},{"@type":"WebPage","@id":"https:\/\/www.webdo.tn\/fr\/actualite\/tunis-hebdo\/et-imed-trabelsima-menacee-a-cause-de-mariah-carey\/173695\/","url":"https:\/\/www.webdo.tn\/fr\/actualite\/tunis-hebdo\/et-imed-trabelsima-menacee-a-cause-de-mariah-carey\/173695\/","name":"Et Imed Trabelsi m'a menac\u00e9e \u00e0 cause de Mariah Carey !","isPartOf":{"@id":"https:\/\/www.webdo.tn\/fr\/#website"},"primaryImageOfPage":{"@id":"https:\/\/www.webdo.tn\/fr\/actualite\/tunis-hebdo\/et-imed-trabelsima-menacee-a-cause-de-mariah-carey\/173695\/#primaryimage"},"image":{"@id":"https:\/\/www.webdo.tn\/fr\/actualite\/tunis-hebdo\/et-imed-trabelsima-menacee-a-cause-de-mariah-carey\/173695\/#primaryimage"},"thumbnailUrl":"https:\/\/www.webdo.tn\/fr\/wp-content\/uploads\/2011\/05\/Mariah-Carey.jpg","datePublished":"2011-05-16T17:04:00+00:00","description":"Et Imed Trabelsi m'a menac\u00e9e \u00e0 cause de Mariah Carey !","breadcrumb":{"@id":"https:\/\/www.webdo.tn\/fr\/actualite\/tunis-hebdo\/et-imed-trabelsima-menacee-a-cause-de-mariah-carey\/173695\/#breadcrumb"},"inLanguage":"fr-FR","potentialAction":[{"@type":"ReadAction","target":["https:\/\/www.webdo.tn\/fr\/actualite\/tunis-hebdo\/et-imed-trabelsima-menacee-a-cause-de-mariah-carey\/173695\/"]}]},{"@type":"ImageObject","inLanguage":"fr-FR","@id":"https:\/\/www.webdo.tn\/fr\/actualite\/tunis-hebdo\/et-imed-trabelsima-menacee-a-cause-de-mariah-carey\/173695\/#primaryimage","url":"https:\/\/www.webdo.tn\/fr\/wp-content\/uploads\/2011\/05\/Mariah-Carey.jpg","contentUrl":"https:\/\/www.webdo.tn\/fr\/wp-content\/uploads\/2011\/05\/Mariah-Carey.jpg","width":256,"height":256,"caption":"Et Imed Trabelsi m'a menac\u00e9e \u00e0 cause de Mariah Carey !"},{"@type":"BreadcrumbList","@id":"https:\/\/www.webdo.tn\/fr\/actualite\/tunis-hebdo\/et-imed-trabelsima-menacee-a-cause-de-mariah-carey\/173695\/#breadcrumb","itemListElement":[{"@type":"ListItem","position":1,"name":"Accueil","item":"https:\/\/www.webdo.tn\/fr\/"},{"@type":"ListItem","position":2,"name":"Et Imed Trabelsi m&rsquo;a menac\u00e9e \u00e0 cause de Mariah Carey !"}]},{"@type":"WebSite","@id":"https:\/\/www.webdo.tn\/fr\/#website","url":"https:\/\/www.webdo.tn\/fr\/","name":"webdo","description":"Tunisie - News en Tunisie et \u00e0 l&#039;international sur Webdo.tn","publisher":{"@id":"https:\/\/www.webdo.tn\/fr\/#organization"},"potentialAction":[{"@type":"SearchAction","target":{"@type":"EntryPoint","urlTemplate":"https:\/\/www.webdo.tn\/fr\/?s={search_term_string}"},"query-input":{"@type":"PropertyValueSpecification","valueRequired":true,"valueName":"search_term_string"}}],"inLanguage":"fr-FR"},{"@type":"Organization","@id":"https:\/\/www.webdo.tn\/fr\/#organization","name":"Webdo","alternateName":"Webdo.tn","url":"https:\/\/www.webdo.tn\/fr\/","logo":{"@type":"ImageObject","inLanguage":"fr-FR","@id":"https:\/\/www.webdo.tn\/fr\/#\/schema\/logo\/image\/","url":"https:\/\/www.webdo.tn\/fr\/wp-content\/uploads\/2025\/06\/Webdo-Tunisie_168377.jpg","contentUrl":"https:\/\/www.webdo.tn\/fr\/wp-content\/uploads\/2025\/06\/Webdo-Tunisie_168377.jpg","width":301,"height":301,"caption":"Webdo"},"image":{"@id":"https:\/\/www.webdo.tn\/fr\/#\/schema\/logo\/image\/"},"sameAs":["https:\/\/www.facebook.com\/webdotn","https:\/\/x.com\/webdo_tn"],"description":"Webdo est un m\u00e9dia num\u00e9rique tunisien fond\u00e9 en 2010, sp\u00e9cialis\u00e9 dans l\u2019actualit\u00e9 nationale et internationale, l\u2019\u00e9conomie, la soci\u00e9t\u00e9 et les analyses politiques. Le site s\u2019adresse \u00e0 un large public francophone et couvre l\u2019information tunisienne en temps r\u00e9el.","email":"redac@webdo.tn","legalName":"YNJ SARL","foundingDate":"2010-09-06","numberOfEmployees":{"@type":"QuantitativeValue","minValue":"11","maxValue":"50"}},{"@type":"Person","@id":"https:\/\/www.webdo.tn\/fr\/#\/schema\/person\/9a9c6118d687c117df8ef3cc36a4d175","name":"webdo.tn","image":{"@type":"ImageObject","inLanguage":"fr-FR","@id":"https:\/\/secure.gravatar.com\/avatar\/7ce1f28c0c3bbac99ff550b85ef8e44a6950c6ee24514fb6a5489e51d06f0298?s=96&d=mm&r=g","url":"https:\/\/secure.gravatar.com\/avatar\/7ce1f28c0c3bbac99ff550b85ef8e44a6950c6ee24514fb6a5489e51d06f0298?s=96&d=mm&r=g","contentUrl":"https:\/\/secure.gravatar.com\/avatar\/7ce1f28c0c3bbac99ff550b85ef8e44a6950c6ee24514fb6a5489e51d06f0298?s=96&d=mm&r=g","caption":"webdo.tn"},"url":"https:\/\/www.webdo.tn\/fr\/actualite\/author\/webdotn\/"}]}},"_links":{"self":[{"href":"https:\/\/www.webdo.tn\/fr\/wp-json\/wp\/v2\/posts\/173695","targetHints":{"allow":["GET"]}}],"collection":[{"href":"https:\/\/www.webdo.tn\/fr\/wp-json\/wp\/v2\/posts"}],"about":[{"href":"https:\/\/www.webdo.tn\/fr\/wp-json\/wp\/v2\/types\/post"}],"author":[{"embeddable":true,"href":"https:\/\/www.webdo.tn\/fr\/wp-json\/wp\/v2\/users\/3222"}],"replies":[{"embeddable":true,"href":"https:\/\/www.webdo.tn\/fr\/wp-json\/wp\/v2\/comments?post=173695"}],"version-history":[{"count":0,"href":"https:\/\/www.webdo.tn\/fr\/wp-json\/wp\/v2\/posts\/173695\/revisions"}],"wp:featuredmedia":[{"embeddable":true,"href":"https:\/\/www.webdo.tn\/fr\/wp-json\/wp\/v2\/media\/365376"}],"wp:attachment":[{"href":"https:\/\/www.webdo.tn\/fr\/wp-json\/wp\/v2\/media?parent=173695"}],"wp:term":[{"taxonomy":"category","embeddable":true,"href":"https:\/\/www.webdo.tn\/fr\/wp-json\/wp\/v2\/categories?post=173695"},{"taxonomy":"post_tag","embeddable":true,"href":"https:\/\/www.webdo.tn\/fr\/wp-json\/wp\/v2\/tags?post=173695"}],"curies":[{"name":"wp","href":"https:\/\/api.w.org\/{rel}","templated":true}]}}