{"id":173690,"date":"2011-06-20T11:27:00","date_gmt":"2011-06-20T11:27:00","guid":{"rendered":"https:\/\/www.webdo.tn\/fr\/actualite\/blog\/la-censure-change-de-camp\/173690\/"},"modified":"2011-06-20T11:27:00","modified_gmt":"2011-06-20T11:27:00","slug":"la-censure-change-de-camp","status":"publish","type":"post","link":"https:\/\/www.webdo.tn\/fr\/actualite\/tunis-hebdo\/la-censure-change-de-camp\/173690\/","title":{"rendered":"La censure change de camp ?"},"content":{"rendered":"<p>Un juge a ordonn\u00e9 \u00e0 l&rsquo;ATI de censurer les sites pornographiques en urgence. Un moindre mal a \u00e9t\u00e9 choisi pour \u00ab prot\u00e9ger \u00bb nos enfants traumatis\u00e9s sans chercher \u00e0 savoir que ce n\u2019est pas l\u2019objet de la censure (site X) qui pose un probl\u00e8me mais la censure tout court et la fa\u00e7on subjective avec laquelle a \u00e9t\u00e9 prise cette d\u00e9cision.<\/p>\n<p>La jeunesse tunisienne est en danger !<br \/>\nTout a commenc\u00e9 avec cette plainte d\u00e9pos\u00e9e en mai par trois avocats contre l\u2019ATI afin de bloquer l\u2019acc\u00e8s aux sites pour adultes et qui \u00ab pr\u00e9sentaient un danger pour la jeunesse et \u00e9taient contraires aux valeurs musulmanes \u00bb.<\/p>\n<p>L&rsquo;ATI avait alors fait appel du jugement. \u00ab Je ne veux plus filtrer les pages web et je ne veux plus avoir des \u00e9quipements de censure chez moi \u00bb, avait d\u00e9clar\u00e9 le PDG de l&rsquo;ATI, Moez Chakchouk, lors d\u2019une conf\u00e9rence de presse.<\/p>\n<p>Cette d\u00e9cision de la justice s\u2019apparente plus \u00e0 une atteinte aux libert\u00e9s individuelles et \u00e0 la propri\u00e9t\u00e9 intellectuelle. Les solutions techniques pour limiter l\u2019acc\u00e8s au web par les enfants sont disponibles aussi bien en ligne que chez les fournisseurs de services Internet. Il fallait juste formuler une demande et faire un effort de sensibilisation chez les parents.<\/p>\n<p>On se pose aussi la question de savoir comment le juge a pu rendre son jugement sans se baser sur une \u00e9tude m\u00e9dicale qui montre, comme le veut faire croire la partie plaignante, que les sites X   pouvaient avoir un effet n\u00e9faste sur l&rsquo;\u00e9tat mental des enfants.<\/p>\n<p>Et puis tout devient facile quand le jugement se fait par contumace et donc absence des arguments de la d\u00e9fense et que le juge se prend pour le d\u00e9fenseur supr\u00eame de la morale publique et de l\u2019\u00e9thique sociale au lieu de se baser sur des fondements et des articles de loi.<\/p>\n<p>Avocats mousquetaires et r\u00e9elle hypocrisie<br \/>\nPartant du principe que c\u2019est le web qui est libre et que c\u2019est aux FSI de fournir des services de limitation d\u2019acc\u00e8s \u00e0 certains sites pornographiques ou autres, on se retrouve dans une situation invraisemblable. Encore plus bizarre apr\u00e8s la r\u00e9volution et le concept \u00ab Open Governance \u00bb qui sera appliqu\u00e9 par 3 minist\u00e8res d\u2019ici le 23 octobre et qui pr\u00e9conise une transparence totale quant \u00e0 la publication des donn\u00e9es et un acc\u00e8s \u00e0 toute information.<\/p>\n<p>Doit-on donc interdire les paraboles ? Refuser toute nouvelle demande de station radio ou cha\u00eene t\u00e9l\u00e9 qui pourrait pr\u00e9senter un danger pour la jeunesse et \u00eatre contraire aux valeurs musulmanes d\u00e9cid\u00e9es par 3 avocats et 1 juge ? Va-t-on interdire les pauses publicitaires interminables du mois de ramadan qui visent les enfants et leurs facult\u00e9s \u00e0 harceler leurs parents ?<\/p>\n<p>Ne serait-il pas plus int\u00e9ressant d\u2019ouvrir le dossier \u00f4 combien important de l\u2019\u00e9ducation des jeunes et moins jeunes, dans les foyers mais aussi dans les \u00e9coles ?<\/p>\n<p>Du tac au tac<br \/>\nLe 13 juin, le juge de la Cour d\u2019appel refuse la demande de l\u2019ATI concernant la suspension du jugement en r\u00e9f\u00e9r\u00e9 du Tribunal de premi\u00e8re instance de Tunis.<\/p>\n<p>Le lendemain, l\u2019ATI a publi\u00e9 un communiqu\u00e9 o\u00f9 elle exprimait son respect pour la d\u00e9cision de la justice 5 mois apr\u00e8s l\u2019ouverture de tous les sites web d\u00e9cid\u00e9e par \u00ab Ben a fui \u00bb, entendez donc par l\u00e0 la d\u00e9cision de la justice de reprendre avec une \u00e9poque pas lointaine qui encourageait la censure.<\/p>\n<p>L\u2019ATI a tenu \u00e0 pr\u00e9venir que la r\u00e9activation des filtres aura un effet n\u00e9gatif sur la qualit\u00e9 de service et donc de la navigation web et qu\u2019il faudra du temps pour que \u00e7ela soit effectif vu que les \u00e9quipements de filtrage n\u2019ont pas \u00e9t\u00e9 mis \u00e0 jour depuis le 14 janvier.<\/p>\n<p>Le 15 juin, l\u2019Agence Tunisienne de  l\u2019Internet publie un deuxi\u00e8me communiqu\u00e9 pour insister sur le besoin en temps et en d\u00e9lai afin d\u2019ex\u00e9cuter la d\u00e9cision de la justice (affaire n\u00b0 2011\/99325 en date du 26 mai 2011)<\/p>\n<p>A travers sa conf\u00e9rence de presse, ses diff\u00e9rents communiqu\u00e9s et son envie de s\u2019expliquer en toute transparence, l\u2019Agence Tunisienne d\u2019Internet tente de redorer son blason et de se positionner en tant que r\u00e9el et futur prestataire de services web neutre ; pour se d\u00e9tacher ainsi de cette mauvaise image de censeur impos\u00e9 par le r\u00e9gime d\u00e9chu.<\/p>\n<p>Et si cette d\u00e9cision venait \u00e0 se confirmer lors de la premi\u00e8re s\u00e9ance en appel le 4 juillet 2011, on assistera alors \u00e0 un pr\u00e9c\u00e9dent juridique et \u00e0 un retour en arri\u00e8re en ce qui concerne la communaut\u00e9 web qui a milit\u00e9 durant des ann\u00e9es contre toute forme de censure.<\/p>\n<p>Un nouveau r\u00f4le pour l\u2019ATI ?<br \/>\nL\u2019Agence Tunisienne de l\u2019Internet a voulu rompre toute relation la liant avec le pass\u00e9 de Ammar404, elle s\u2019est d\u00e9finie comme un Point d\u2019\u00e9change Internet (IXP), et  s\u2019est fix\u00e9 pour principale mission d\u2019assurer le d\u00e9veloppement d\u2019Internet en Tunisie en toute transparence, une d\u00e9cision f\u00e9licit\u00e9e tr\u00e8s  r\u00e9cemment par le critique Reporters Sans Fronti\u00e8res.<\/p>\n<p>Le PDG de l\u2019agence avait aussi exprim\u00e9 le souhait d\u2019un dialogue national pour constituer un code de l\u2019Internet Responsable et S\u00e9curis\u00e9, un ensemble de mesures qui serviraient \u00e0 redorer l\u2019image de cet acteur majeur des TIC en Tunisie.<\/p>\n<p>Mais seulement voil\u00e0 ce r\u00f4le est aujourd\u2019hui menac\u00e9, voire impossible \u00e0 r\u00e9aliser, avec cette d\u00e9cision d\u2019une justice \u00ab  Ind\u00e9pendante \u00bb. La Cour d&rsquo;appel doit examiner la question sur le fond \u00e0 partir du 4 juillet prochain. La bataille pour la consolidation des droits individuels pour l\u2019acc\u00e8s \u00e0 l\u2019information ne fait que commencer.<\/p>\n<p>Que peut donc faire l\u2019ATI pour garder le bon cap de ses ambitions, tout en respectant la souverainet\u00e9 de la justice ? Quels r\u00f4les pourrait jouer la mobilisation des internautes, bloggeurs, cyber activistes et  fervents  d\u00e9fenseurs  de la libert\u00e9 ? Cette jeunesse  qui a contribu\u00e9 \u00e0 faire tomber un dictateur, criera-t-elle encore halte \u00e0 la censure ? Nous sommes tous concern\u00e9s !<\/p>\n<p>Et comme disait L\u00e9onard de Vinci \u00ab Louer ou censurer ce que tu ne comprends pas peut causer pr\u00e9judice \u00bb.<\/p>\n","protected":false},"excerpt":{"rendered":"<p>La censure change de camp ? <\/p>\n","protected":false},"author":3222,"featured_media":376290,"comment_status":"open","ping_status":"closed","sticky":false,"template":"","format":"standard","meta":{"footnotes":""},"categories":[7653],"tags":[],"class_list":["post-173690","post","type-post","status-publish","format-standard","has-post-thumbnail","hentry","category-tunis-hebdo"],"yoast_head":"<!-- This site is optimized with the Yoast SEO Premium plugin v27.4 (Yoast SEO v27.5) - https:\/\/yoast.com\/product\/yoast-seo-premium-wordpress\/ -->\n<title>La censure change de camp ?<\/title>\n<meta name=\"description\" content=\"La censure change de camp ?\" \/>\n<link rel=\"canonical\" href=\"https:\/\/www.webdo.tn\/fr\/actualite\/tunis-hebdo\/la-censure-change-de-camp\/173690\/\" \/>\n<meta property=\"og:locale\" content=\"fr_FR\" \/>\n<meta property=\"og:type\" content=\"article\" \/>\n<meta property=\"og:title\" content=\"La censure change de camp ?\" \/>\n<meta property=\"og:description\" content=\"La censure change de camp ?\" \/>\n<meta property=\"og:url\" content=\"https:\/\/www.webdo.tn\/fr\/actualite\/tunis-hebdo\/la-censure-change-de-camp\/173690\/\" \/>\n<meta property=\"og:site_name\" content=\"webdo\" \/>\n<meta property=\"article:publisher\" content=\"https:\/\/www.facebook.com\/webdotn\" \/>\n<meta property=\"article:published_time\" content=\"2011-06-20T11:27:00+00:00\" \/>\n<meta name=\"author\" content=\"webdo.tn\" \/>\n<meta name=\"twitter:card\" content=\"summary_large_image\" \/>\n<meta name=\"twitter:creator\" content=\"@webdo_tn\" \/>\n<meta name=\"twitter:site\" content=\"@webdo_tn\" \/>\n<meta name=\"twitter:label1\" content=\"\u00c9crit par\" \/>\n\t<meta name=\"twitter:data1\" content=\"webdo.tn\" \/>\n\t<meta name=\"twitter:label2\" content=\"Dur\u00e9e de lecture estim\u00e9e\" \/>\n\t<meta name=\"twitter:data2\" content=\"5 minutes\" \/>\n<script type=\"application\/ld+json\" class=\"yoast-schema-graph\">{\"@context\":\"https:\\\/\\\/schema.org\",\"@graph\":[{\"@type\":\"NewsArticle\",\"@id\":\"https:\\\/\\\/www.webdo.tn\\\/fr\\\/actualite\\\/tunis-hebdo\\\/la-censure-change-de-camp\\\/173690\\\/#article\",\"isPartOf\":{\"@id\":\"https:\\\/\\\/www.webdo.tn\\\/fr\\\/actualite\\\/tunis-hebdo\\\/la-censure-change-de-camp\\\/173690\\\/\"},\"author\":{\"name\":\"webdo.tn\",\"@id\":\"https:\\\/\\\/www.webdo.tn\\\/fr\\\/#\\\/schema\\\/person\\\/9a9c6118d687c117df8ef3cc36a4d175\"},\"headline\":\"La censure change de camp ?\",\"datePublished\":\"2011-06-20T11:27:00+00:00\",\"mainEntityOfPage\":{\"@id\":\"https:\\\/\\\/www.webdo.tn\\\/fr\\\/actualite\\\/tunis-hebdo\\\/la-censure-change-de-camp\\\/173690\\\/\"},\"wordCount\":1058,\"commentCount\":0,\"publisher\":{\"@id\":\"https:\\\/\\\/www.webdo.tn\\\/fr\\\/#organization\"},\"image\":{\"@id\":\"https:\\\/\\\/www.webdo.tn\\\/fr\\\/actualite\\\/tunis-hebdo\\\/la-censure-change-de-camp\\\/173690\\\/#primaryimage\"},\"thumbnailUrl\":\"https:\\\/\\\/www.webdo.tn\\\/fr\\\/wp-content\\\/uploads\\\/2025\\\/06\\\/FireShot-Capture-1063-webdo_default-53-750x375.jpg-750\u00d7375-www.webdo_.tn_.png\",\"articleSection\":[\"Tunis-Hebdo\"],\"inLanguage\":\"fr-FR\"},{\"@type\":\"WebPage\",\"@id\":\"https:\\\/\\\/www.webdo.tn\\\/fr\\\/actualite\\\/tunis-hebdo\\\/la-censure-change-de-camp\\\/173690\\\/\",\"url\":\"https:\\\/\\\/www.webdo.tn\\\/fr\\\/actualite\\\/tunis-hebdo\\\/la-censure-change-de-camp\\\/173690\\\/\",\"name\":\"La censure change de camp ?\",\"isPartOf\":{\"@id\":\"https:\\\/\\\/www.webdo.tn\\\/fr\\\/#website\"},\"primaryImageOfPage\":{\"@id\":\"https:\\\/\\\/www.webdo.tn\\\/fr\\\/actualite\\\/tunis-hebdo\\\/la-censure-change-de-camp\\\/173690\\\/#primaryimage\"},\"image\":{\"@id\":\"https:\\\/\\\/www.webdo.tn\\\/fr\\\/actualite\\\/tunis-hebdo\\\/la-censure-change-de-camp\\\/173690\\\/#primaryimage\"},\"thumbnailUrl\":\"https:\\\/\\\/www.webdo.tn\\\/fr\\\/wp-content\\\/uploads\\\/2025\\\/06\\\/FireShot-Capture-1063-webdo_default-53-750x375.jpg-750\u00d7375-www.webdo_.tn_.png\",\"datePublished\":\"2011-06-20T11:27:00+00:00\",\"description\":\"La censure change de camp ?\",\"breadcrumb\":{\"@id\":\"https:\\\/\\\/www.webdo.tn\\\/fr\\\/actualite\\\/tunis-hebdo\\\/la-censure-change-de-camp\\\/173690\\\/#breadcrumb\"},\"inLanguage\":\"fr-FR\",\"potentialAction\":[{\"@type\":\"ReadAction\",\"target\":[\"https:\\\/\\\/www.webdo.tn\\\/fr\\\/actualite\\\/tunis-hebdo\\\/la-censure-change-de-camp\\\/173690\\\/\"]}]},{\"@type\":\"ImageObject\",\"inLanguage\":\"fr-FR\",\"@id\":\"https:\\\/\\\/www.webdo.tn\\\/fr\\\/actualite\\\/tunis-hebdo\\\/la-censure-change-de-camp\\\/173690\\\/#primaryimage\",\"url\":\"https:\\\/\\\/www.webdo.tn\\\/fr\\\/wp-content\\\/uploads\\\/2025\\\/06\\\/FireShot-Capture-1063-webdo_default-53-750x375.jpg-750\u00d7375-www.webdo_.tn_.png\",\"contentUrl\":\"https:\\\/\\\/www.webdo.tn\\\/fr\\\/wp-content\\\/uploads\\\/2025\\\/06\\\/FireShot-Capture-1063-webdo_default-53-750x375.jpg-750\u00d7375-www.webdo_.tn_.png\",\"width\":746,\"height\":371},{\"@type\":\"BreadcrumbList\",\"@id\":\"https:\\\/\\\/www.webdo.tn\\\/fr\\\/actualite\\\/tunis-hebdo\\\/la-censure-change-de-camp\\\/173690\\\/#breadcrumb\",\"itemListElement\":[{\"@type\":\"ListItem\",\"position\":1,\"name\":\"Accueil\",\"item\":\"https:\\\/\\\/www.webdo.tn\\\/fr\\\/\"},{\"@type\":\"ListItem\",\"position\":2,\"name\":\"La censure change de camp ?\"}]},{\"@type\":\"WebSite\",\"@id\":\"https:\\\/\\\/www.webdo.tn\\\/fr\\\/#website\",\"url\":\"https:\\\/\\\/www.webdo.tn\\\/fr\\\/\",\"name\":\"webdo\",\"description\":\"Tunisie - News en Tunisie et \u00e0 l&#039;international sur Webdo.tn\",\"publisher\":{\"@id\":\"https:\\\/\\\/www.webdo.tn\\\/fr\\\/#organization\"},\"potentialAction\":[{\"@type\":\"SearchAction\",\"target\":{\"@type\":\"EntryPoint\",\"urlTemplate\":\"https:\\\/\\\/www.webdo.tn\\\/fr\\\/?s={search_term_string}\"},\"query-input\":{\"@type\":\"PropertyValueSpecification\",\"valueRequired\":true,\"valueName\":\"search_term_string\"}}],\"inLanguage\":\"fr-FR\"},{\"@type\":\"Organization\",\"@id\":\"https:\\\/\\\/www.webdo.tn\\\/fr\\\/#organization\",\"name\":\"Webdo\",\"alternateName\":\"Webdo.tn\",\"url\":\"https:\\\/\\\/www.webdo.tn\\\/fr\\\/\",\"logo\":{\"@type\":\"ImageObject\",\"inLanguage\":\"fr-FR\",\"@id\":\"https:\\\/\\\/www.webdo.tn\\\/fr\\\/#\\\/schema\\\/logo\\\/image\\\/\",\"url\":\"https:\\\/\\\/www.webdo.tn\\\/fr\\\/wp-content\\\/uploads\\\/2025\\\/06\\\/Webdo-Tunisie_168377.jpg\",\"contentUrl\":\"https:\\\/\\\/www.webdo.tn\\\/fr\\\/wp-content\\\/uploads\\\/2025\\\/06\\\/Webdo-Tunisie_168377.jpg\",\"width\":301,\"height\":301,\"caption\":\"Webdo\"},\"image\":{\"@id\":\"https:\\\/\\\/www.webdo.tn\\\/fr\\\/#\\\/schema\\\/logo\\\/image\\\/\"},\"sameAs\":[\"https:\\\/\\\/www.facebook.com\\\/webdotn\",\"https:\\\/\\\/x.com\\\/webdo_tn\"],\"description\":\"Webdo est un m\u00e9dia num\u00e9rique tunisien fond\u00e9 en 2010, sp\u00e9cialis\u00e9 dans l\u2019actualit\u00e9 nationale et internationale, l\u2019\u00e9conomie, la soci\u00e9t\u00e9 et les analyses politiques. Le site s\u2019adresse \u00e0 un large public francophone et couvre l\u2019information tunisienne en temps r\u00e9el.\",\"email\":\"redac@webdo.tn\",\"legalName\":\"YNJ SARL\",\"foundingDate\":\"2010-09-06\",\"numberOfEmployees\":{\"@type\":\"QuantitativeValue\",\"minValue\":\"11\",\"maxValue\":\"50\"}},{\"@type\":\"Person\",\"@id\":\"https:\\\/\\\/www.webdo.tn\\\/fr\\\/#\\\/schema\\\/person\\\/9a9c6118d687c117df8ef3cc36a4d175\",\"name\":\"webdo.tn\",\"image\":{\"@type\":\"ImageObject\",\"inLanguage\":\"fr-FR\",\"@id\":\"https:\\\/\\\/secure.gravatar.com\\\/avatar\\\/7ce1f28c0c3bbac99ff550b85ef8e44a6950c6ee24514fb6a5489e51d06f0298?s=96&d=mm&r=g\",\"url\":\"https:\\\/\\\/secure.gravatar.com\\\/avatar\\\/7ce1f28c0c3bbac99ff550b85ef8e44a6950c6ee24514fb6a5489e51d06f0298?s=96&d=mm&r=g\",\"contentUrl\":\"https:\\\/\\\/secure.gravatar.com\\\/avatar\\\/7ce1f28c0c3bbac99ff550b85ef8e44a6950c6ee24514fb6a5489e51d06f0298?s=96&d=mm&r=g\",\"caption\":\"webdo.tn\"},\"url\":\"https:\\\/\\\/www.webdo.tn\\\/fr\\\/actualite\\\/author\\\/webdotn\\\/\"}]}<\/script>\n<!-- \/ Yoast SEO Premium plugin. -->","yoast_head_json":{"title":"La censure change de camp ?","description":"La censure change de camp ?","canonical":"https:\/\/www.webdo.tn\/fr\/actualite\/tunis-hebdo\/la-censure-change-de-camp\/173690\/","og_locale":"fr_FR","og_type":"article","og_title":"La censure change de camp ?","og_description":"La censure change de camp ?","og_url":"https:\/\/www.webdo.tn\/fr\/actualite\/tunis-hebdo\/la-censure-change-de-camp\/173690\/","og_site_name":"webdo","article_publisher":"https:\/\/www.facebook.com\/webdotn","article_published_time":"2011-06-20T11:27:00+00:00","author":"webdo.tn","twitter_card":"summary_large_image","twitter_creator":"@webdo_tn","twitter_site":"@webdo_tn","twitter_misc":{"\u00c9crit par":"webdo.tn","Dur\u00e9e de lecture estim\u00e9e":"5 minutes"},"schema":{"@context":"https:\/\/schema.org","@graph":[{"@type":"NewsArticle","@id":"https:\/\/www.webdo.tn\/fr\/actualite\/tunis-hebdo\/la-censure-change-de-camp\/173690\/#article","isPartOf":{"@id":"https:\/\/www.webdo.tn\/fr\/actualite\/tunis-hebdo\/la-censure-change-de-camp\/173690\/"},"author":{"name":"webdo.tn","@id":"https:\/\/www.webdo.tn\/fr\/#\/schema\/person\/9a9c6118d687c117df8ef3cc36a4d175"},"headline":"La censure change de camp ?","datePublished":"2011-06-20T11:27:00+00:00","mainEntityOfPage":{"@id":"https:\/\/www.webdo.tn\/fr\/actualite\/tunis-hebdo\/la-censure-change-de-camp\/173690\/"},"wordCount":1058,"commentCount":0,"publisher":{"@id":"https:\/\/www.webdo.tn\/fr\/#organization"},"image":{"@id":"https:\/\/www.webdo.tn\/fr\/actualite\/tunis-hebdo\/la-censure-change-de-camp\/173690\/#primaryimage"},"thumbnailUrl":"https:\/\/www.webdo.tn\/fr\/wp-content\/uploads\/2025\/06\/FireShot-Capture-1063-webdo_default-53-750x375.jpg-750\u00d7375-www.webdo_.tn_.png","articleSection":["Tunis-Hebdo"],"inLanguage":"fr-FR"},{"@type":"WebPage","@id":"https:\/\/www.webdo.tn\/fr\/actualite\/tunis-hebdo\/la-censure-change-de-camp\/173690\/","url":"https:\/\/www.webdo.tn\/fr\/actualite\/tunis-hebdo\/la-censure-change-de-camp\/173690\/","name":"La censure change de camp ?","isPartOf":{"@id":"https:\/\/www.webdo.tn\/fr\/#website"},"primaryImageOfPage":{"@id":"https:\/\/www.webdo.tn\/fr\/actualite\/tunis-hebdo\/la-censure-change-de-camp\/173690\/#primaryimage"},"image":{"@id":"https:\/\/www.webdo.tn\/fr\/actualite\/tunis-hebdo\/la-censure-change-de-camp\/173690\/#primaryimage"},"thumbnailUrl":"https:\/\/www.webdo.tn\/fr\/wp-content\/uploads\/2025\/06\/FireShot-Capture-1063-webdo_default-53-750x375.jpg-750\u00d7375-www.webdo_.tn_.png","datePublished":"2011-06-20T11:27:00+00:00","description":"La censure change de camp ?","breadcrumb":{"@id":"https:\/\/www.webdo.tn\/fr\/actualite\/tunis-hebdo\/la-censure-change-de-camp\/173690\/#breadcrumb"},"inLanguage":"fr-FR","potentialAction":[{"@type":"ReadAction","target":["https:\/\/www.webdo.tn\/fr\/actualite\/tunis-hebdo\/la-censure-change-de-camp\/173690\/"]}]},{"@type":"ImageObject","inLanguage":"fr-FR","@id":"https:\/\/www.webdo.tn\/fr\/actualite\/tunis-hebdo\/la-censure-change-de-camp\/173690\/#primaryimage","url":"https:\/\/www.webdo.tn\/fr\/wp-content\/uploads\/2025\/06\/FireShot-Capture-1063-webdo_default-53-750x375.jpg-750\u00d7375-www.webdo_.tn_.png","contentUrl":"https:\/\/www.webdo.tn\/fr\/wp-content\/uploads\/2025\/06\/FireShot-Capture-1063-webdo_default-53-750x375.jpg-750\u00d7375-www.webdo_.tn_.png","width":746,"height":371},{"@type":"BreadcrumbList","@id":"https:\/\/www.webdo.tn\/fr\/actualite\/tunis-hebdo\/la-censure-change-de-camp\/173690\/#breadcrumb","itemListElement":[{"@type":"ListItem","position":1,"name":"Accueil","item":"https:\/\/www.webdo.tn\/fr\/"},{"@type":"ListItem","position":2,"name":"La censure change de camp ?"}]},{"@type":"WebSite","@id":"https:\/\/www.webdo.tn\/fr\/#website","url":"https:\/\/www.webdo.tn\/fr\/","name":"webdo","description":"Tunisie - News en Tunisie et \u00e0 l&#039;international sur Webdo.tn","publisher":{"@id":"https:\/\/www.webdo.tn\/fr\/#organization"},"potentialAction":[{"@type":"SearchAction","target":{"@type":"EntryPoint","urlTemplate":"https:\/\/www.webdo.tn\/fr\/?s={search_term_string}"},"query-input":{"@type":"PropertyValueSpecification","valueRequired":true,"valueName":"search_term_string"}}],"inLanguage":"fr-FR"},{"@type":"Organization","@id":"https:\/\/www.webdo.tn\/fr\/#organization","name":"Webdo","alternateName":"Webdo.tn","url":"https:\/\/www.webdo.tn\/fr\/","logo":{"@type":"ImageObject","inLanguage":"fr-FR","@id":"https:\/\/www.webdo.tn\/fr\/#\/schema\/logo\/image\/","url":"https:\/\/www.webdo.tn\/fr\/wp-content\/uploads\/2025\/06\/Webdo-Tunisie_168377.jpg","contentUrl":"https:\/\/www.webdo.tn\/fr\/wp-content\/uploads\/2025\/06\/Webdo-Tunisie_168377.jpg","width":301,"height":301,"caption":"Webdo"},"image":{"@id":"https:\/\/www.webdo.tn\/fr\/#\/schema\/logo\/image\/"},"sameAs":["https:\/\/www.facebook.com\/webdotn","https:\/\/x.com\/webdo_tn"],"description":"Webdo est un m\u00e9dia num\u00e9rique tunisien fond\u00e9 en 2010, sp\u00e9cialis\u00e9 dans l\u2019actualit\u00e9 nationale et internationale, l\u2019\u00e9conomie, la soci\u00e9t\u00e9 et les analyses politiques. Le site s\u2019adresse \u00e0 un large public francophone et couvre l\u2019information tunisienne en temps r\u00e9el.","email":"redac@webdo.tn","legalName":"YNJ SARL","foundingDate":"2010-09-06","numberOfEmployees":{"@type":"QuantitativeValue","minValue":"11","maxValue":"50"}},{"@type":"Person","@id":"https:\/\/www.webdo.tn\/fr\/#\/schema\/person\/9a9c6118d687c117df8ef3cc36a4d175","name":"webdo.tn","image":{"@type":"ImageObject","inLanguage":"fr-FR","@id":"https:\/\/secure.gravatar.com\/avatar\/7ce1f28c0c3bbac99ff550b85ef8e44a6950c6ee24514fb6a5489e51d06f0298?s=96&d=mm&r=g","url":"https:\/\/secure.gravatar.com\/avatar\/7ce1f28c0c3bbac99ff550b85ef8e44a6950c6ee24514fb6a5489e51d06f0298?s=96&d=mm&r=g","contentUrl":"https:\/\/secure.gravatar.com\/avatar\/7ce1f28c0c3bbac99ff550b85ef8e44a6950c6ee24514fb6a5489e51d06f0298?s=96&d=mm&r=g","caption":"webdo.tn"},"url":"https:\/\/www.webdo.tn\/fr\/actualite\/author\/webdotn\/"}]}},"_links":{"self":[{"href":"https:\/\/www.webdo.tn\/fr\/wp-json\/wp\/v2\/posts\/173690","targetHints":{"allow":["GET"]}}],"collection":[{"href":"https:\/\/www.webdo.tn\/fr\/wp-json\/wp\/v2\/posts"}],"about":[{"href":"https:\/\/www.webdo.tn\/fr\/wp-json\/wp\/v2\/types\/post"}],"author":[{"embeddable":true,"href":"https:\/\/www.webdo.tn\/fr\/wp-json\/wp\/v2\/users\/3222"}],"replies":[{"embeddable":true,"href":"https:\/\/www.webdo.tn\/fr\/wp-json\/wp\/v2\/comments?post=173690"}],"version-history":[{"count":0,"href":"https:\/\/www.webdo.tn\/fr\/wp-json\/wp\/v2\/posts\/173690\/revisions"}],"wp:featuredmedia":[{"embeddable":true,"href":"https:\/\/www.webdo.tn\/fr\/wp-json\/wp\/v2\/media\/376290"}],"wp:attachment":[{"href":"https:\/\/www.webdo.tn\/fr\/wp-json\/wp\/v2\/media?parent=173690"}],"wp:term":[{"taxonomy":"category","embeddable":true,"href":"https:\/\/www.webdo.tn\/fr\/wp-json\/wp\/v2\/categories?post=173690"},{"taxonomy":"post_tag","embeddable":true,"href":"https:\/\/www.webdo.tn\/fr\/wp-json\/wp\/v2\/tags?post=173690"}],"curies":[{"name":"wp","href":"https:\/\/api.w.org\/{rel}","templated":true}]}}