{"id":173666,"date":"2011-12-12T11:06:00","date_gmt":"2011-12-12T10:06:00","guid":{"rendered":"https:\/\/www.webdo.tn\/fr\/actualite\/tunis-hebdo\/quand-zaba-parle-via-son-avocat-de-coup-d-etat\/173666"},"modified":"2011-12-12T11:06:00","modified_gmt":"2011-12-12T10:06:00","slug":"quand-zaba-parle-via-son-avocat-de-coup-d-etat","status":"publish","type":"post","link":"https:\/\/www.webdo.tn\/fr\/actualite\/tunis-hebdo\/quand-zaba-parle-via-son-avocat-de-coup-d-etat\/173666\/","title":{"rendered":"Quand ZABA parle via son avocat de \u00abcoup d\u2019\u00c9tat\u00bb"},"content":{"rendered":"<p>Le site \u00e9lectronique fran\u00e7ais \u00abMediapart\u00bb vient de publier un texte \u00e9manant de l\u2019avocat du pr\u00e9sident d\u00e9chu, le Libanais Akram Azoury, en guise de droit de r\u00e9ponse \u00e0 un article publi\u00e9 par ce m\u00eame site le 10 novembre 2011, et dans lequel il retrace les circonstances et les mobiles qui ont oblig\u00e9 ZABA \u00e0 fuir le pays.<\/p>\n<p>Dans sa \u00abmise au point\u00bb, l\u2019avocat libanais affirme que son client n\u2019a jamais fui la Tunisie, mais qu\u2019il a \u00e9t\u00e9 \u00abvictime d\u2019un coup d\u2019\u00c9tat mont\u00e9 de toutes pi\u00e8ces\u00bb. Il accuse en particulier l\u2019ancien Directeur G\u00e9n\u00e9ral charg\u00e9 de la S\u00e9curit\u00e9 Pr\u00e9sidentielle, en l\u2019occurrence Ali Siriati, qui aurait oblig\u00e9 le pr\u00e9sident d\u00e9chu \u00e0 quitter avec sa famille le pays en cet apr\u00e8s-midi du 14 janvier 2011, en lui faisant croire que la situation dans la capitale s\u2019\u00e9tait gravement d\u00e9t\u00e9rior\u00e9e et \u00e9tait devenue \u00abincontr\u00f4lable\u00bb, que le Palais de Carthage et la r\u00e9sidence de Sidi Bou Sa\u00efd \u00e9taient encercl\u00e9s par des \u00e9l\u00e9ments hostiles des forces de S\u00e9curit\u00e9. Il lui aurait m\u00eame montr\u00e9 du doigt deux vedettes qui sillonnaient la mer entre le Palais et la R\u00e9sidence de Sidi Bou Sa\u00efd ainsi qu\u2019un h\u00e9licopt\u00e8re qui survolait la zone.<\/p>\n<p>Ma\u00eetre Azouri pr\u00e9tend que son client \u00e9tait d\u00e9cid\u00e9 \u00e0 rentrer en Tunisie le 15 janvier, c\u2019est-\u00e0-dire le lendemain, mais que l\u2019avion qui devait le ramener s\u2019\u00e9tait \u00e9clips\u00e9.<\/p>\n<p>L\u2019avocat de Zaba affirme aussi que celui-ci n\u2019a pas demand\u00e9 au ministre de la D\u00e9fense d\u2019abattre les agents de la brigade antiterroriste et prend \u00e0 t\u00e9moin les diverses communications que son client a eues avec les divers responsables s\u00e9curitaires du pays, affirmant que toutes les communications t\u00e9l\u00e9phoniques sont enregistr\u00e9es.<\/p>\n<p>Selon Ma\u00eetre Azoury, l\u2019interrogatoire des membres de l\u2019\u00e9quipage de l\u2019avion pr\u00e9sidentiel et le proc\u00e8s du g\u00e9n\u00e9ral Ali Siriati r\u00e9v\u00e9leront la \u00abr\u00e9alit\u00e9 des faits\u00bb.<\/p>\n","protected":false},"excerpt":{"rendered":"<p>Le site \u00e9lectronique fran\u00e7ais \u00abMediapart\u00bb vient de publier un texte \u00e9manant de l\u2019avocat du pr\u00e9sident d\u00e9chu, le Libanais Akram Azoury, en guise de <\/p>\n","protected":false},"author":3222,"featured_media":374584,"comment_status":"open","ping_status":"open","sticky":false,"template":"","format":"standard","meta":{"footnotes":""},"categories":[7653],"tags":[],"class_list":["post-173666","post","type-post","status-publish","format-standard","has-post-thumbnail","hentry","category-tunis-hebdo"],"yoast_head":"<!-- This site is optimized with the Yoast SEO Premium plugin v27.5 (Yoast SEO v27.5) - https:\/\/yoast.com\/product\/yoast-seo-premium-wordpress\/ -->\n<title>Quand ZABA parle via son avocat de \u00abcoup d\u2019\u00c9tat\u00bb<\/title>\n<meta name=\"description\" content=\"Quand ZABA parle via son avocat de \u00abcoup d\u2019\u00c9tat\u00bb\" \/>\n<link rel=\"canonical\" href=\"https:\/\/www.webdo.tn\/fr\/actualite\/tunis-hebdo\/quand-zaba-parle-via-son-avocat-de-coup-d-etat\/173666\/\" \/>\n<meta property=\"og:locale\" content=\"fr_FR\" \/>\n<meta property=\"og:type\" content=\"article\" \/>\n<meta property=\"og:title\" content=\"Quand ZABA parle via son avocat de \u00abcoup d\u2019\u00c9tat\u00bb\" \/>\n<meta property=\"og:description\" content=\"Quand ZABA parle via son avocat de \u00abcoup d\u2019\u00c9tat\u00bb\" \/>\n<meta property=\"og:url\" content=\"https:\/\/www.webdo.tn\/fr\/actualite\/tunis-hebdo\/quand-zaba-parle-via-son-avocat-de-coup-d-etat\/173666\/\" \/>\n<meta property=\"og:site_name\" content=\"webdo\" \/>\n<meta property=\"article:publisher\" content=\"https:\/\/www.facebook.com\/webdotn\" \/>\n<meta property=\"article:published_time\" content=\"2011-12-12T10:06:00+00:00\" \/>\n<meta property=\"og:image\" content=\"https:\/\/www.webdo.tn\/fr\/wp-content\/uploads\/2025\/06\/Zine-el-Abidine-Ben-Ali-et-Akram-Azoury_173666.jpg\" \/>\n\t<meta property=\"og:image:width\" content=\"272\" \/>\n\t<meta property=\"og:image:height\" content=\"130\" \/>\n\t<meta property=\"og:image:type\" content=\"image\/jpeg\" \/>\n<meta name=\"author\" content=\"webdo.tn\" \/>\n<meta name=\"twitter:card\" content=\"summary_large_image\" \/>\n<meta name=\"twitter:creator\" content=\"@webdo_tn\" \/>\n<meta name=\"twitter:site\" content=\"@webdo_tn\" \/>\n<meta name=\"twitter:label1\" content=\"\u00c9crit par\" \/>\n\t<meta name=\"twitter:data1\" content=\"webdo.tn\" \/>\n\t<meta name=\"twitter:label2\" content=\"Dur\u00e9e de lecture estim\u00e9e\" \/>\n\t<meta name=\"twitter:data2\" content=\"2 minutes\" \/>\n<script type=\"application\/ld+json\" class=\"yoast-schema-graph\">{\"@context\":\"https:\\\/\\\/schema.org\",\"@graph\":[{\"@type\":\"NewsArticle\",\"@id\":\"https:\\\/\\\/www.webdo.tn\\\/fr\\\/actualite\\\/tunis-hebdo\\\/quand-zaba-parle-via-son-avocat-de-coup-d-etat\\\/173666\\\/#article\",\"isPartOf\":{\"@id\":\"https:\\\/\\\/www.webdo.tn\\\/fr\\\/actualite\\\/tunis-hebdo\\\/quand-zaba-parle-via-son-avocat-de-coup-d-etat\\\/173666\\\/\"},\"author\":{\"name\":\"webdo.tn\",\"@id\":\"https:\\\/\\\/www.webdo.tn\\\/fr\\\/#\\\/schema\\\/person\\\/9a9c6118d687c117df8ef3cc36a4d175\"},\"headline\":\"Quand ZABA parle via son avocat de \u00abcoup d\u2019\u00c9tat\u00bb\",\"datePublished\":\"2011-12-12T10:06:00+00:00\",\"mainEntityOfPage\":{\"@id\":\"https:\\\/\\\/www.webdo.tn\\\/fr\\\/actualite\\\/tunis-hebdo\\\/quand-zaba-parle-via-son-avocat-de-coup-d-etat\\\/173666\\\/\"},\"wordCount\":352,\"commentCount\":0,\"publisher\":{\"@id\":\"https:\\\/\\\/www.webdo.tn\\\/fr\\\/#organization\"},\"image\":{\"@id\":\"https:\\\/\\\/www.webdo.tn\\\/fr\\\/actualite\\\/tunis-hebdo\\\/quand-zaba-parle-via-son-avocat-de-coup-d-etat\\\/173666\\\/#primaryimage\"},\"thumbnailUrl\":\"https:\\\/\\\/www.webdo.tn\\\/fr\\\/wp-content\\\/uploads\\\/2025\\\/06\\\/Zine-el-Abidine-Ben-Ali-et-Akram-Azoury_173666.jpg\",\"articleSection\":[\"Tunis-Hebdo\"],\"inLanguage\":\"fr-FR\"},{\"@type\":\"WebPage\",\"@id\":\"https:\\\/\\\/www.webdo.tn\\\/fr\\\/actualite\\\/tunis-hebdo\\\/quand-zaba-parle-via-son-avocat-de-coup-d-etat\\\/173666\\\/\",\"url\":\"https:\\\/\\\/www.webdo.tn\\\/fr\\\/actualite\\\/tunis-hebdo\\\/quand-zaba-parle-via-son-avocat-de-coup-d-etat\\\/173666\\\/\",\"name\":\"Quand ZABA parle via son avocat de \u00abcoup d\u2019\u00c9tat\u00bb\",\"isPartOf\":{\"@id\":\"https:\\\/\\\/www.webdo.tn\\\/fr\\\/#website\"},\"primaryImageOfPage\":{\"@id\":\"https:\\\/\\\/www.webdo.tn\\\/fr\\\/actualite\\\/tunis-hebdo\\\/quand-zaba-parle-via-son-avocat-de-coup-d-etat\\\/173666\\\/#primaryimage\"},\"image\":{\"@id\":\"https:\\\/\\\/www.webdo.tn\\\/fr\\\/actualite\\\/tunis-hebdo\\\/quand-zaba-parle-via-son-avocat-de-coup-d-etat\\\/173666\\\/#primaryimage\"},\"thumbnailUrl\":\"https:\\\/\\\/www.webdo.tn\\\/fr\\\/wp-content\\\/uploads\\\/2025\\\/06\\\/Zine-el-Abidine-Ben-Ali-et-Akram-Azoury_173666.jpg\",\"datePublished\":\"2011-12-12T10:06:00+00:00\",\"description\":\"Quand ZABA parle via son avocat de \u00abcoup d\u2019\u00c9tat\u00bb\",\"breadcrumb\":{\"@id\":\"https:\\\/\\\/www.webdo.tn\\\/fr\\\/actualite\\\/tunis-hebdo\\\/quand-zaba-parle-via-son-avocat-de-coup-d-etat\\\/173666\\\/#breadcrumb\"},\"inLanguage\":\"fr-FR\",\"potentialAction\":[{\"@type\":\"ReadAction\",\"target\":[\"https:\\\/\\\/www.webdo.tn\\\/fr\\\/actualite\\\/tunis-hebdo\\\/quand-zaba-parle-via-son-avocat-de-coup-d-etat\\\/173666\\\/\"]}]},{\"@type\":\"ImageObject\",\"inLanguage\":\"fr-FR\",\"@id\":\"https:\\\/\\\/www.webdo.tn\\\/fr\\\/actualite\\\/tunis-hebdo\\\/quand-zaba-parle-via-son-avocat-de-coup-d-etat\\\/173666\\\/#primaryimage\",\"url\":\"https:\\\/\\\/www.webdo.tn\\\/fr\\\/wp-content\\\/uploads\\\/2025\\\/06\\\/Zine-el-Abidine-Ben-Ali-et-Akram-Azoury_173666.jpg\",\"contentUrl\":\"https:\\\/\\\/www.webdo.tn\\\/fr\\\/wp-content\\\/uploads\\\/2025\\\/06\\\/Zine-el-Abidine-Ben-Ali-et-Akram-Azoury_173666.jpg\",\"width\":272,\"height\":130,\"caption\":\"Quand ZABA parle via son avocat de \u00abcoup d\u2019\u00c9tat\u00bb\"},{\"@type\":\"BreadcrumbList\",\"@id\":\"https:\\\/\\\/www.webdo.tn\\\/fr\\\/actualite\\\/tunis-hebdo\\\/quand-zaba-parle-via-son-avocat-de-coup-d-etat\\\/173666\\\/#breadcrumb\",\"itemListElement\":[{\"@type\":\"ListItem\",\"position\":1,\"name\":\"Accueil\",\"item\":\"https:\\\/\\\/www.webdo.tn\\\/fr\\\/\"},{\"@type\":\"ListItem\",\"position\":2,\"name\":\"Quand ZABA parle via son avocat de \u00abcoup d\u2019\u00c9tat\u00bb\"}]},{\"@type\":\"WebSite\",\"@id\":\"https:\\\/\\\/www.webdo.tn\\\/fr\\\/#website\",\"url\":\"https:\\\/\\\/www.webdo.tn\\\/fr\\\/\",\"name\":\"webdo\",\"description\":\"Tunisie - News en Tunisie et \u00e0 l&#039;international sur Webdo.tn\",\"publisher\":{\"@id\":\"https:\\\/\\\/www.webdo.tn\\\/fr\\\/#organization\"},\"potentialAction\":[{\"@type\":\"SearchAction\",\"target\":{\"@type\":\"EntryPoint\",\"urlTemplate\":\"https:\\\/\\\/www.webdo.tn\\\/fr\\\/?s={search_term_string}\"},\"query-input\":{\"@type\":\"PropertyValueSpecification\",\"valueRequired\":true,\"valueName\":\"search_term_string\"}}],\"inLanguage\":\"fr-FR\"},{\"@type\":\"Organization\",\"@id\":\"https:\\\/\\\/www.webdo.tn\\\/fr\\\/#organization\",\"name\":\"Webdo\",\"alternateName\":\"Webdo.tn\",\"url\":\"https:\\\/\\\/www.webdo.tn\\\/fr\\\/\",\"logo\":{\"@type\":\"ImageObject\",\"inLanguage\":\"fr-FR\",\"@id\":\"https:\\\/\\\/www.webdo.tn\\\/fr\\\/#\\\/schema\\\/logo\\\/image\\\/\",\"url\":\"https:\\\/\\\/www.webdo.tn\\\/fr\\\/wp-content\\\/uploads\\\/2025\\\/06\\\/Webdo-Tunisie_168377.jpg\",\"contentUrl\":\"https:\\\/\\\/www.webdo.tn\\\/fr\\\/wp-content\\\/uploads\\\/2025\\\/06\\\/Webdo-Tunisie_168377.jpg\",\"width\":301,\"height\":301,\"caption\":\"Webdo\"},\"image\":{\"@id\":\"https:\\\/\\\/www.webdo.tn\\\/fr\\\/#\\\/schema\\\/logo\\\/image\\\/\"},\"sameAs\":[\"https:\\\/\\\/www.facebook.com\\\/webdotn\",\"https:\\\/\\\/x.com\\\/webdo_tn\"],\"description\":\"Webdo est un m\u00e9dia num\u00e9rique tunisien fond\u00e9 en 2010, sp\u00e9cialis\u00e9 dans l\u2019actualit\u00e9 nationale et internationale, l\u2019\u00e9conomie, la soci\u00e9t\u00e9 et les analyses politiques. Le site s\u2019adresse \u00e0 un large public francophone et couvre l\u2019information tunisienne en temps r\u00e9el.\",\"email\":\"redac@webdo.tn\",\"legalName\":\"YNJ SARL\",\"foundingDate\":\"2010-09-06\",\"numberOfEmployees\":{\"@type\":\"QuantitativeValue\",\"minValue\":\"11\",\"maxValue\":\"50\"}},{\"@type\":\"Person\",\"@id\":\"https:\\\/\\\/www.webdo.tn\\\/fr\\\/#\\\/schema\\\/person\\\/9a9c6118d687c117df8ef3cc36a4d175\",\"name\":\"webdo.tn\",\"image\":{\"@type\":\"ImageObject\",\"inLanguage\":\"fr-FR\",\"@id\":\"https:\\\/\\\/secure.gravatar.com\\\/avatar\\\/7ce1f28c0c3bbac99ff550b85ef8e44a6950c6ee24514fb6a5489e51d06f0298?s=96&d=mm&r=g\",\"url\":\"https:\\\/\\\/secure.gravatar.com\\\/avatar\\\/7ce1f28c0c3bbac99ff550b85ef8e44a6950c6ee24514fb6a5489e51d06f0298?s=96&d=mm&r=g\",\"contentUrl\":\"https:\\\/\\\/secure.gravatar.com\\\/avatar\\\/7ce1f28c0c3bbac99ff550b85ef8e44a6950c6ee24514fb6a5489e51d06f0298?s=96&d=mm&r=g\",\"caption\":\"webdo.tn\"},\"url\":\"https:\\\/\\\/www.webdo.tn\\\/fr\\\/actualite\\\/author\\\/webdotn\\\/\"}]}<\/script>\n<!-- \/ Yoast SEO Premium plugin. -->","yoast_head_json":{"title":"Quand ZABA parle via son avocat de \u00abcoup d\u2019\u00c9tat\u00bb","description":"Quand ZABA parle via son avocat de \u00abcoup d\u2019\u00c9tat\u00bb","canonical":"https:\/\/www.webdo.tn\/fr\/actualite\/tunis-hebdo\/quand-zaba-parle-via-son-avocat-de-coup-d-etat\/173666\/","og_locale":"fr_FR","og_type":"article","og_title":"Quand ZABA parle via son avocat de \u00abcoup d\u2019\u00c9tat\u00bb","og_description":"Quand ZABA parle via son avocat de \u00abcoup d\u2019\u00c9tat\u00bb","og_url":"https:\/\/www.webdo.tn\/fr\/actualite\/tunis-hebdo\/quand-zaba-parle-via-son-avocat-de-coup-d-etat\/173666\/","og_site_name":"webdo","article_publisher":"https:\/\/www.facebook.com\/webdotn","article_published_time":"2011-12-12T10:06:00+00:00","og_image":[{"width":272,"height":130,"url":"https:\/\/www.webdo.tn\/fr\/wp-content\/uploads\/2025\/06\/Zine-el-Abidine-Ben-Ali-et-Akram-Azoury_173666.jpg","type":"image\/jpeg"}],"author":"webdo.tn","twitter_card":"summary_large_image","twitter_creator":"@webdo_tn","twitter_site":"@webdo_tn","twitter_misc":{"\u00c9crit par":"webdo.tn","Dur\u00e9e de lecture estim\u00e9e":"2 minutes"},"schema":{"@context":"https:\/\/schema.org","@graph":[{"@type":"NewsArticle","@id":"https:\/\/www.webdo.tn\/fr\/actualite\/tunis-hebdo\/quand-zaba-parle-via-son-avocat-de-coup-d-etat\/173666\/#article","isPartOf":{"@id":"https:\/\/www.webdo.tn\/fr\/actualite\/tunis-hebdo\/quand-zaba-parle-via-son-avocat-de-coup-d-etat\/173666\/"},"author":{"name":"webdo.tn","@id":"https:\/\/www.webdo.tn\/fr\/#\/schema\/person\/9a9c6118d687c117df8ef3cc36a4d175"},"headline":"Quand ZABA parle via son avocat de \u00abcoup d\u2019\u00c9tat\u00bb","datePublished":"2011-12-12T10:06:00+00:00","mainEntityOfPage":{"@id":"https:\/\/www.webdo.tn\/fr\/actualite\/tunis-hebdo\/quand-zaba-parle-via-son-avocat-de-coup-d-etat\/173666\/"},"wordCount":352,"commentCount":0,"publisher":{"@id":"https:\/\/www.webdo.tn\/fr\/#organization"},"image":{"@id":"https:\/\/www.webdo.tn\/fr\/actualite\/tunis-hebdo\/quand-zaba-parle-via-son-avocat-de-coup-d-etat\/173666\/#primaryimage"},"thumbnailUrl":"https:\/\/www.webdo.tn\/fr\/wp-content\/uploads\/2025\/06\/Zine-el-Abidine-Ben-Ali-et-Akram-Azoury_173666.jpg","articleSection":["Tunis-Hebdo"],"inLanguage":"fr-FR"},{"@type":"WebPage","@id":"https:\/\/www.webdo.tn\/fr\/actualite\/tunis-hebdo\/quand-zaba-parle-via-son-avocat-de-coup-d-etat\/173666\/","url":"https:\/\/www.webdo.tn\/fr\/actualite\/tunis-hebdo\/quand-zaba-parle-via-son-avocat-de-coup-d-etat\/173666\/","name":"Quand ZABA parle via son avocat de \u00abcoup d\u2019\u00c9tat\u00bb","isPartOf":{"@id":"https:\/\/www.webdo.tn\/fr\/#website"},"primaryImageOfPage":{"@id":"https:\/\/www.webdo.tn\/fr\/actualite\/tunis-hebdo\/quand-zaba-parle-via-son-avocat-de-coup-d-etat\/173666\/#primaryimage"},"image":{"@id":"https:\/\/www.webdo.tn\/fr\/actualite\/tunis-hebdo\/quand-zaba-parle-via-son-avocat-de-coup-d-etat\/173666\/#primaryimage"},"thumbnailUrl":"https:\/\/www.webdo.tn\/fr\/wp-content\/uploads\/2025\/06\/Zine-el-Abidine-Ben-Ali-et-Akram-Azoury_173666.jpg","datePublished":"2011-12-12T10:06:00+00:00","description":"Quand ZABA parle via son avocat de \u00abcoup d\u2019\u00c9tat\u00bb","breadcrumb":{"@id":"https:\/\/www.webdo.tn\/fr\/actualite\/tunis-hebdo\/quand-zaba-parle-via-son-avocat-de-coup-d-etat\/173666\/#breadcrumb"},"inLanguage":"fr-FR","potentialAction":[{"@type":"ReadAction","target":["https:\/\/www.webdo.tn\/fr\/actualite\/tunis-hebdo\/quand-zaba-parle-via-son-avocat-de-coup-d-etat\/173666\/"]}]},{"@type":"ImageObject","inLanguage":"fr-FR","@id":"https:\/\/www.webdo.tn\/fr\/actualite\/tunis-hebdo\/quand-zaba-parle-via-son-avocat-de-coup-d-etat\/173666\/#primaryimage","url":"https:\/\/www.webdo.tn\/fr\/wp-content\/uploads\/2025\/06\/Zine-el-Abidine-Ben-Ali-et-Akram-Azoury_173666.jpg","contentUrl":"https:\/\/www.webdo.tn\/fr\/wp-content\/uploads\/2025\/06\/Zine-el-Abidine-Ben-Ali-et-Akram-Azoury_173666.jpg","width":272,"height":130,"caption":"Quand ZABA parle via son avocat de \u00abcoup d\u2019\u00c9tat\u00bb"},{"@type":"BreadcrumbList","@id":"https:\/\/www.webdo.tn\/fr\/actualite\/tunis-hebdo\/quand-zaba-parle-via-son-avocat-de-coup-d-etat\/173666\/#breadcrumb","itemListElement":[{"@type":"ListItem","position":1,"name":"Accueil","item":"https:\/\/www.webdo.tn\/fr\/"},{"@type":"ListItem","position":2,"name":"Quand ZABA parle via son avocat de \u00abcoup d\u2019\u00c9tat\u00bb"}]},{"@type":"WebSite","@id":"https:\/\/www.webdo.tn\/fr\/#website","url":"https:\/\/www.webdo.tn\/fr\/","name":"webdo","description":"Tunisie - News en Tunisie et \u00e0 l&#039;international sur Webdo.tn","publisher":{"@id":"https:\/\/www.webdo.tn\/fr\/#organization"},"potentialAction":[{"@type":"SearchAction","target":{"@type":"EntryPoint","urlTemplate":"https:\/\/www.webdo.tn\/fr\/?s={search_term_string}"},"query-input":{"@type":"PropertyValueSpecification","valueRequired":true,"valueName":"search_term_string"}}],"inLanguage":"fr-FR"},{"@type":"Organization","@id":"https:\/\/www.webdo.tn\/fr\/#organization","name":"Webdo","alternateName":"Webdo.tn","url":"https:\/\/www.webdo.tn\/fr\/","logo":{"@type":"ImageObject","inLanguage":"fr-FR","@id":"https:\/\/www.webdo.tn\/fr\/#\/schema\/logo\/image\/","url":"https:\/\/www.webdo.tn\/fr\/wp-content\/uploads\/2025\/06\/Webdo-Tunisie_168377.jpg","contentUrl":"https:\/\/www.webdo.tn\/fr\/wp-content\/uploads\/2025\/06\/Webdo-Tunisie_168377.jpg","width":301,"height":301,"caption":"Webdo"},"image":{"@id":"https:\/\/www.webdo.tn\/fr\/#\/schema\/logo\/image\/"},"sameAs":["https:\/\/www.facebook.com\/webdotn","https:\/\/x.com\/webdo_tn"],"description":"Webdo est un m\u00e9dia num\u00e9rique tunisien fond\u00e9 en 2010, sp\u00e9cialis\u00e9 dans l\u2019actualit\u00e9 nationale et internationale, l\u2019\u00e9conomie, la soci\u00e9t\u00e9 et les analyses politiques. Le site s\u2019adresse \u00e0 un large public francophone et couvre l\u2019information tunisienne en temps r\u00e9el.","email":"redac@webdo.tn","legalName":"YNJ SARL","foundingDate":"2010-09-06","numberOfEmployees":{"@type":"QuantitativeValue","minValue":"11","maxValue":"50"}},{"@type":"Person","@id":"https:\/\/www.webdo.tn\/fr\/#\/schema\/person\/9a9c6118d687c117df8ef3cc36a4d175","name":"webdo.tn","image":{"@type":"ImageObject","inLanguage":"fr-FR","@id":"https:\/\/secure.gravatar.com\/avatar\/7ce1f28c0c3bbac99ff550b85ef8e44a6950c6ee24514fb6a5489e51d06f0298?s=96&d=mm&r=g","url":"https:\/\/secure.gravatar.com\/avatar\/7ce1f28c0c3bbac99ff550b85ef8e44a6950c6ee24514fb6a5489e51d06f0298?s=96&d=mm&r=g","contentUrl":"https:\/\/secure.gravatar.com\/avatar\/7ce1f28c0c3bbac99ff550b85ef8e44a6950c6ee24514fb6a5489e51d06f0298?s=96&d=mm&r=g","caption":"webdo.tn"},"url":"https:\/\/www.webdo.tn\/fr\/actualite\/author\/webdotn\/"}]}},"_links":{"self":[{"href":"https:\/\/www.webdo.tn\/fr\/wp-json\/wp\/v2\/posts\/173666","targetHints":{"allow":["GET"]}}],"collection":[{"href":"https:\/\/www.webdo.tn\/fr\/wp-json\/wp\/v2\/posts"}],"about":[{"href":"https:\/\/www.webdo.tn\/fr\/wp-json\/wp\/v2\/types\/post"}],"author":[{"embeddable":true,"href":"https:\/\/www.webdo.tn\/fr\/wp-json\/wp\/v2\/users\/3222"}],"replies":[{"embeddable":true,"href":"https:\/\/www.webdo.tn\/fr\/wp-json\/wp\/v2\/comments?post=173666"}],"version-history":[{"count":0,"href":"https:\/\/www.webdo.tn\/fr\/wp-json\/wp\/v2\/posts\/173666\/revisions"}],"wp:featuredmedia":[{"embeddable":true,"href":"https:\/\/www.webdo.tn\/fr\/wp-json\/wp\/v2\/media\/374584"}],"wp:attachment":[{"href":"https:\/\/www.webdo.tn\/fr\/wp-json\/wp\/v2\/media?parent=173666"}],"wp:term":[{"taxonomy":"category","embeddable":true,"href":"https:\/\/www.webdo.tn\/fr\/wp-json\/wp\/v2\/categories?post=173666"},{"taxonomy":"post_tag","embeddable":true,"href":"https:\/\/www.webdo.tn\/fr\/wp-json\/wp\/v2\/tags?post=173666"}],"curies":[{"name":"wp","href":"https:\/\/api.w.org\/{rel}","templated":true}]}}