{"id":173347,"date":"2019-01-02T10:35:00","date_gmt":"2019-01-02T10:35:00","guid":{"rendered":"https:\/\/www.webdo.tn\/fr\/blog\/le-simulacre-de-carthage\/173347\/"},"modified":"2025-05-18T23:12:04","modified_gmt":"2025-05-18T23:12:04","slug":"le-simulacre-de-carthage","status":"publish","type":"post","link":"https:\/\/www.webdo.tn\/fr\/actualite\/tunis-hebdo\/le-simulacre-de-carthage\/173347\/","title":{"rendered":"Le simulacre de Carthage"},"content":{"rendered":"<p>La d\u00e9t\u00e9rioration de la situation sociale et \u00e9conomique et l\u2019impuissance du gouvernement et de la majorit\u00e9 parlementaire \u00e0 la juguler ont donn\u00e9 au pr\u00e9sident Beji Caid Essebsi l\u2019occasion de confirmer son retour au premier plan et de se poser de nouveau comme l\u2019ultime recours pour la sauvegarde de la stabilit\u00e9 et de la s\u00e9curit\u00e9 du pays.<\/p>\n<p>Sa convocation en extr\u00eame urgence des principaux protagonistes socio-\u00e9conomiques (UGTT et UTICA) du Chef du gouvernement et de ses alli\u00e9s politiques (Ennahdha, sa nouvelle coalition parlementaire et Machrou\u2019u Toun\u00e8s) devait avoir pour principal objectif l\u2019esquisse d\u2019\u00e9ventuelles solutions afin d\u2019all\u00e9ger la tension qui pr\u00e9vaut actuellement dans le pays et de dessiner de possibles issues \u00e0 la crise.<\/p>\n<p>Le Chef de l\u2019Etat a fait deux constats amers. D\u2019abord, il a relev\u00e9 que sur le plan \u00e9conomique, le gouvernement n\u2019est pas parvenu \u00e0 trouver la parade pour redresser la barre ou, au moins, l\u2019enrayer. Sur le plan social, la situation est inqui\u00e9tante avec une gr\u00e8ve g\u00e9n\u00e9rale qui pointe \u00e0 l\u2019horizon et des manifestations qui risquent de prendre chaque jour une tournure encore plus violente.Ensuite, il a fait assumer la responsabilit\u00e9 politique de cette situation \u00e0 la majorit\u00e9 parlementaire et \u00e0 Y.C.<\/p>\n<p>A notre avis, BCE a r\u00e9ussi d\u2019une pierre plusieurs coups. D\u2019abord, il a sorti les Islamistes de leur position et de l\u2019image d\u2019irresponsabilit\u00e9 politique qu\u2019ils essayent d\u2019entretenir au sein de l\u2019opinion publique, eux qui gouvernent tout en refusant d\u2019en assumer les cons\u00e9quences.<\/p>\n<p>En deuxi\u00e8me lieu, il a tanc\u00e9 la majorit\u00e9 parlementaire dans son ensemble, visant surtout son ancien disciple Mohsen Marzouk et la coalition \u00ab chahidienne \u00bb, incapable jusque-l\u00e0 de concr\u00e9tiser une politique claire (par exemple son \u00e9chec cuisant \u00e0 faire passer la nouvelle loi sur les retraites avec, pourtant, une majorit\u00e9 tr\u00e8s confortable).<\/p>\n<p>Enfin, il a donn\u00e9 une impression r\u00e9ductrice du Chef du gouvernement, un jeune sans aucune exp\u00e9rience politique dans la mesure o\u00f9 il ne semble pas mesurer les graves dangers d\u2019une gr\u00e8ve g\u00e9n\u00e9rale.<\/p>\n<p>Si le Chef de l\u2019Etat marque des points sur le plan politique vis-\u00e0-vis de ceux qui sont, d\u00e9sormais, les adversaires \u00e0 abattre, du moins \u00e0 affaiblir, (Y.C et Ennahdha), la r\u00e9union n\u2019a pas, en revanche, permis de sortir avec des pr\u00e9mices de solutions pour le pays. En fait, elle s\u2019est limit\u00e9e \u00e0 confirmer la tenue d\u2019une nouvelle r\u00e9union entre le gouvernement et l\u2019UGTT pour tenter de trouver un compromis sur les salaires au sein de la fonction publique.<\/p>\n<p>Elle n\u2019a \u00e9t\u00e9, finalement, qu\u2019un nouvel \u00e9pisode des tiraillements qui continuent d\u2019empoisonner la vie politique et une nouvelle preuve de l\u2019incapacit\u00e9 des d\u00e9cideurs actuels d\u2019imaginer des solutions salutaires. C\u2019est tout le mal dont souffre notre pays en ce tout d\u00e9but d\u2019une ann\u00e9e qui s\u2019annonce tr\u00e8s chaude \u00e0 bien des \u00e9gards\u2026<br \/>\nLotfi LARGUET<br \/>\nTunis-Hebdo du 31\/12\/2018<\/p>\n","protected":false},"excerpt":{"rendered":"<p>Le simulacre de Carthage<\/p>\n","protected":false},"author":3222,"featured_media":296689,"comment_status":"open","ping_status":"closed","sticky":false,"template":"","format":"standard","meta":{"footnotes":""},"categories":[7653],"tags":[2600],"class_list":["post-173347","post","type-post","status-publish","format-standard","has-post-thumbnail","hentry","category-tunis-hebdo","tag-guerre"],"yoast_head":"<!-- This site is optimized with the Yoast SEO Premium plugin v27.4 (Yoast SEO v27.4) - https:\/\/yoast.com\/product\/yoast-seo-premium-wordpress\/ -->\n<title>Le simulacre de Carthage<\/title>\n<meta name=\"description\" content=\"Le simulacre de Carthage\" \/>\n<link rel=\"canonical\" href=\"https:\/\/www.webdo.tn\/fr\/actualite\/tunis-hebdo\/le-simulacre-de-carthage\/173347\/\" \/>\n<meta property=\"og:locale\" content=\"fr_FR\" \/>\n<meta property=\"og:type\" content=\"article\" \/>\n<meta property=\"og:title\" content=\"Le simulacre de Carthage\" \/>\n<meta property=\"og:description\" content=\"Le simulacre de Carthage\" \/>\n<meta property=\"og:url\" content=\"https:\/\/www.webdo.tn\/fr\/actualite\/tunis-hebdo\/le-simulacre-de-carthage\/173347\/\" \/>\n<meta property=\"og:site_name\" content=\"webdo\" \/>\n<meta property=\"article:publisher\" content=\"https:\/\/www.facebook.com\/webdotn\" \/>\n<meta property=\"article:published_time\" content=\"2019-01-02T10:35:00+00:00\" \/>\n<meta property=\"article:modified_time\" content=\"2025-05-18T23:12:04+00:00\" \/>\n<meta property=\"og:image\" content=\"https:\/\/www.webdo.tn\/fr\/wp-content\/uploads\/2019\/01\/benhamida1-31-12-2018-1024x761-1.jpg\" \/>\n\t<meta property=\"og:image:width\" content=\"1024\" \/>\n\t<meta property=\"og:image:height\" content=\"761\" \/>\n\t<meta property=\"og:image:type\" content=\"image\/jpeg\" \/>\n<meta name=\"author\" content=\"webdo.tn\" \/>\n<meta name=\"twitter:card\" content=\"summary_large_image\" \/>\n<meta name=\"twitter:creator\" content=\"@webdo_tn\" \/>\n<meta name=\"twitter:site\" content=\"@webdo_tn\" \/>\n<meta name=\"twitter:label1\" content=\"\u00c9crit par\" \/>\n\t<meta name=\"twitter:data1\" content=\"webdo.tn\" \/>\n\t<meta name=\"twitter:label2\" content=\"Dur\u00e9e de lecture estim\u00e9e\" \/>\n\t<meta name=\"twitter:data2\" content=\"3 minutes\" \/>\n<script type=\"application\/ld+json\" class=\"yoast-schema-graph\">{\"@context\":\"https:\\\/\\\/schema.org\",\"@graph\":[{\"@type\":\"NewsArticle\",\"@id\":\"https:\\\/\\\/www.webdo.tn\\\/fr\\\/actualite\\\/tunis-hebdo\\\/le-simulacre-de-carthage\\\/173347\\\/#article\",\"isPartOf\":{\"@id\":\"https:\\\/\\\/www.webdo.tn\\\/fr\\\/actualite\\\/tunis-hebdo\\\/le-simulacre-de-carthage\\\/173347\\\/\"},\"author\":{\"name\":\"webdo.tn\",\"@id\":\"https:\\\/\\\/www.webdo.tn\\\/fr\\\/#\\\/schema\\\/person\\\/9a9c6118d687c117df8ef3cc36a4d175\"},\"headline\":\"Le simulacre de Carthage\",\"datePublished\":\"2019-01-02T10:35:00+00:00\",\"dateModified\":\"2025-05-18T23:12:04+00:00\",\"mainEntityOfPage\":{\"@id\":\"https:\\\/\\\/www.webdo.tn\\\/fr\\\/actualite\\\/tunis-hebdo\\\/le-simulacre-de-carthage\\\/173347\\\/\"},\"wordCount\":514,\"commentCount\":0,\"publisher\":{\"@id\":\"https:\\\/\\\/www.webdo.tn\\\/fr\\\/#organization\"},\"image\":{\"@id\":\"https:\\\/\\\/www.webdo.tn\\\/fr\\\/actualite\\\/tunis-hebdo\\\/le-simulacre-de-carthage\\\/173347\\\/#primaryimage\"},\"thumbnailUrl\":\"https:\\\/\\\/www.webdo.tn\\\/fr\\\/wp-content\\\/uploads\\\/2019\\\/01\\\/benhamida1-31-12-2018-1024x761-1.jpg\",\"keywords\":[\"guerre\"],\"articleSection\":[\"Tunis-Hebdo\"],\"inLanguage\":\"fr-FR\"},{\"@type\":\"WebPage\",\"@id\":\"https:\\\/\\\/www.webdo.tn\\\/fr\\\/actualite\\\/tunis-hebdo\\\/le-simulacre-de-carthage\\\/173347\\\/\",\"url\":\"https:\\\/\\\/www.webdo.tn\\\/fr\\\/actualite\\\/tunis-hebdo\\\/le-simulacre-de-carthage\\\/173347\\\/\",\"name\":\"Le simulacre de Carthage\",\"isPartOf\":{\"@id\":\"https:\\\/\\\/www.webdo.tn\\\/fr\\\/#website\"},\"primaryImageOfPage\":{\"@id\":\"https:\\\/\\\/www.webdo.tn\\\/fr\\\/actualite\\\/tunis-hebdo\\\/le-simulacre-de-carthage\\\/173347\\\/#primaryimage\"},\"image\":{\"@id\":\"https:\\\/\\\/www.webdo.tn\\\/fr\\\/actualite\\\/tunis-hebdo\\\/le-simulacre-de-carthage\\\/173347\\\/#primaryimage\"},\"thumbnailUrl\":\"https:\\\/\\\/www.webdo.tn\\\/fr\\\/wp-content\\\/uploads\\\/2019\\\/01\\\/benhamida1-31-12-2018-1024x761-1.jpg\",\"datePublished\":\"2019-01-02T10:35:00+00:00\",\"dateModified\":\"2025-05-18T23:12:04+00:00\",\"description\":\"Le simulacre de Carthage\",\"breadcrumb\":{\"@id\":\"https:\\\/\\\/www.webdo.tn\\\/fr\\\/actualite\\\/tunis-hebdo\\\/le-simulacre-de-carthage\\\/173347\\\/#breadcrumb\"},\"inLanguage\":\"fr-FR\",\"potentialAction\":[{\"@type\":\"ReadAction\",\"target\":[\"https:\\\/\\\/www.webdo.tn\\\/fr\\\/actualite\\\/tunis-hebdo\\\/le-simulacre-de-carthage\\\/173347\\\/\"]}]},{\"@type\":\"ImageObject\",\"inLanguage\":\"fr-FR\",\"@id\":\"https:\\\/\\\/www.webdo.tn\\\/fr\\\/actualite\\\/tunis-hebdo\\\/le-simulacre-de-carthage\\\/173347\\\/#primaryimage\",\"url\":\"https:\\\/\\\/www.webdo.tn\\\/fr\\\/wp-content\\\/uploads\\\/2019\\\/01\\\/benhamida1-31-12-2018-1024x761-1.jpg\",\"contentUrl\":\"https:\\\/\\\/www.webdo.tn\\\/fr\\\/wp-content\\\/uploads\\\/2019\\\/01\\\/benhamida1-31-12-2018-1024x761-1.jpg\",\"width\":1024,\"height\":761,\"caption\":\"Le simulacre de Carthage\"},{\"@type\":\"BreadcrumbList\",\"@id\":\"https:\\\/\\\/www.webdo.tn\\\/fr\\\/actualite\\\/tunis-hebdo\\\/le-simulacre-de-carthage\\\/173347\\\/#breadcrumb\",\"itemListElement\":[{\"@type\":\"ListItem\",\"position\":1,\"name\":\"Accueil\",\"item\":\"https:\\\/\\\/www.webdo.tn\\\/fr\\\/\"},{\"@type\":\"ListItem\",\"position\":2,\"name\":\"Le simulacre de Carthage\"}]},{\"@type\":\"WebSite\",\"@id\":\"https:\\\/\\\/www.webdo.tn\\\/fr\\\/#website\",\"url\":\"https:\\\/\\\/www.webdo.tn\\\/fr\\\/\",\"name\":\"webdo\",\"description\":\"Tunisie - News en Tunisie et \u00e0 l&#039;international sur Webdo.tn\",\"publisher\":{\"@id\":\"https:\\\/\\\/www.webdo.tn\\\/fr\\\/#organization\"},\"potentialAction\":[{\"@type\":\"SearchAction\",\"target\":{\"@type\":\"EntryPoint\",\"urlTemplate\":\"https:\\\/\\\/www.webdo.tn\\\/fr\\\/?s={search_term_string}\"},\"query-input\":{\"@type\":\"PropertyValueSpecification\",\"valueRequired\":true,\"valueName\":\"search_term_string\"}}],\"inLanguage\":\"fr-FR\"},{\"@type\":\"Organization\",\"@id\":\"https:\\\/\\\/www.webdo.tn\\\/fr\\\/#organization\",\"name\":\"Webdo\",\"alternateName\":\"Webdo.tn\",\"url\":\"https:\\\/\\\/www.webdo.tn\\\/fr\\\/\",\"logo\":{\"@type\":\"ImageObject\",\"inLanguage\":\"fr-FR\",\"@id\":\"https:\\\/\\\/www.webdo.tn\\\/fr\\\/#\\\/schema\\\/logo\\\/image\\\/\",\"url\":\"https:\\\/\\\/www.webdo.tn\\\/fr\\\/wp-content\\\/uploads\\\/2025\\\/06\\\/Webdo-Tunisie_168377.jpg\",\"contentUrl\":\"https:\\\/\\\/www.webdo.tn\\\/fr\\\/wp-content\\\/uploads\\\/2025\\\/06\\\/Webdo-Tunisie_168377.jpg\",\"width\":301,\"height\":301,\"caption\":\"Webdo\"},\"image\":{\"@id\":\"https:\\\/\\\/www.webdo.tn\\\/fr\\\/#\\\/schema\\\/logo\\\/image\\\/\"},\"sameAs\":[\"https:\\\/\\\/www.facebook.com\\\/webdotn\",\"https:\\\/\\\/x.com\\\/webdo_tn\"],\"description\":\"Webdo est un m\u00e9dia num\u00e9rique tunisien fond\u00e9 en 2010, sp\u00e9cialis\u00e9 dans l\u2019actualit\u00e9 nationale et internationale, l\u2019\u00e9conomie, la soci\u00e9t\u00e9 et les analyses politiques. Le site s\u2019adresse \u00e0 un large public francophone et couvre l\u2019information tunisienne en temps r\u00e9el.\",\"email\":\"redac@webdo.tn\",\"legalName\":\"YNJ SARL\",\"foundingDate\":\"2010-09-06\",\"numberOfEmployees\":{\"@type\":\"QuantitativeValue\",\"minValue\":\"11\",\"maxValue\":\"50\"}},{\"@type\":\"Person\",\"@id\":\"https:\\\/\\\/www.webdo.tn\\\/fr\\\/#\\\/schema\\\/person\\\/9a9c6118d687c117df8ef3cc36a4d175\",\"name\":\"webdo.tn\",\"image\":{\"@type\":\"ImageObject\",\"inLanguage\":\"fr-FR\",\"@id\":\"https:\\\/\\\/secure.gravatar.com\\\/avatar\\\/7ce1f28c0c3bbac99ff550b85ef8e44a6950c6ee24514fb6a5489e51d06f0298?s=96&d=mm&r=g\",\"url\":\"https:\\\/\\\/secure.gravatar.com\\\/avatar\\\/7ce1f28c0c3bbac99ff550b85ef8e44a6950c6ee24514fb6a5489e51d06f0298?s=96&d=mm&r=g\",\"contentUrl\":\"https:\\\/\\\/secure.gravatar.com\\\/avatar\\\/7ce1f28c0c3bbac99ff550b85ef8e44a6950c6ee24514fb6a5489e51d06f0298?s=96&d=mm&r=g\",\"caption\":\"webdo.tn\"},\"url\":\"https:\\\/\\\/www.webdo.tn\\\/fr\\\/actualite\\\/author\\\/webdotn\\\/\"}]}<\/script>\n<!-- \/ Yoast SEO Premium plugin. -->","yoast_head_json":{"title":"Le simulacre de Carthage","description":"Le simulacre de Carthage","canonical":"https:\/\/www.webdo.tn\/fr\/actualite\/tunis-hebdo\/le-simulacre-de-carthage\/173347\/","og_locale":"fr_FR","og_type":"article","og_title":"Le simulacre de Carthage","og_description":"Le simulacre de Carthage","og_url":"https:\/\/www.webdo.tn\/fr\/actualite\/tunis-hebdo\/le-simulacre-de-carthage\/173347\/","og_site_name":"webdo","article_publisher":"https:\/\/www.facebook.com\/webdotn","article_published_time":"2019-01-02T10:35:00+00:00","article_modified_time":"2025-05-18T23:12:04+00:00","og_image":[{"width":1024,"height":761,"url":"https:\/\/www.webdo.tn\/fr\/wp-content\/uploads\/2019\/01\/benhamida1-31-12-2018-1024x761-1.jpg","type":"image\/jpeg"}],"author":"webdo.tn","twitter_card":"summary_large_image","twitter_creator":"@webdo_tn","twitter_site":"@webdo_tn","twitter_misc":{"\u00c9crit par":"webdo.tn","Dur\u00e9e de lecture estim\u00e9e":"3 minutes"},"schema":{"@context":"https:\/\/schema.org","@graph":[{"@type":"NewsArticle","@id":"https:\/\/www.webdo.tn\/fr\/actualite\/tunis-hebdo\/le-simulacre-de-carthage\/173347\/#article","isPartOf":{"@id":"https:\/\/www.webdo.tn\/fr\/actualite\/tunis-hebdo\/le-simulacre-de-carthage\/173347\/"},"author":{"name":"webdo.tn","@id":"https:\/\/www.webdo.tn\/fr\/#\/schema\/person\/9a9c6118d687c117df8ef3cc36a4d175"},"headline":"Le simulacre de Carthage","datePublished":"2019-01-02T10:35:00+00:00","dateModified":"2025-05-18T23:12:04+00:00","mainEntityOfPage":{"@id":"https:\/\/www.webdo.tn\/fr\/actualite\/tunis-hebdo\/le-simulacre-de-carthage\/173347\/"},"wordCount":514,"commentCount":0,"publisher":{"@id":"https:\/\/www.webdo.tn\/fr\/#organization"},"image":{"@id":"https:\/\/www.webdo.tn\/fr\/actualite\/tunis-hebdo\/le-simulacre-de-carthage\/173347\/#primaryimage"},"thumbnailUrl":"https:\/\/www.webdo.tn\/fr\/wp-content\/uploads\/2019\/01\/benhamida1-31-12-2018-1024x761-1.jpg","keywords":["guerre"],"articleSection":["Tunis-Hebdo"],"inLanguage":"fr-FR"},{"@type":"WebPage","@id":"https:\/\/www.webdo.tn\/fr\/actualite\/tunis-hebdo\/le-simulacre-de-carthage\/173347\/","url":"https:\/\/www.webdo.tn\/fr\/actualite\/tunis-hebdo\/le-simulacre-de-carthage\/173347\/","name":"Le simulacre de Carthage","isPartOf":{"@id":"https:\/\/www.webdo.tn\/fr\/#website"},"primaryImageOfPage":{"@id":"https:\/\/www.webdo.tn\/fr\/actualite\/tunis-hebdo\/le-simulacre-de-carthage\/173347\/#primaryimage"},"image":{"@id":"https:\/\/www.webdo.tn\/fr\/actualite\/tunis-hebdo\/le-simulacre-de-carthage\/173347\/#primaryimage"},"thumbnailUrl":"https:\/\/www.webdo.tn\/fr\/wp-content\/uploads\/2019\/01\/benhamida1-31-12-2018-1024x761-1.jpg","datePublished":"2019-01-02T10:35:00+00:00","dateModified":"2025-05-18T23:12:04+00:00","description":"Le simulacre de Carthage","breadcrumb":{"@id":"https:\/\/www.webdo.tn\/fr\/actualite\/tunis-hebdo\/le-simulacre-de-carthage\/173347\/#breadcrumb"},"inLanguage":"fr-FR","potentialAction":[{"@type":"ReadAction","target":["https:\/\/www.webdo.tn\/fr\/actualite\/tunis-hebdo\/le-simulacre-de-carthage\/173347\/"]}]},{"@type":"ImageObject","inLanguage":"fr-FR","@id":"https:\/\/www.webdo.tn\/fr\/actualite\/tunis-hebdo\/le-simulacre-de-carthage\/173347\/#primaryimage","url":"https:\/\/www.webdo.tn\/fr\/wp-content\/uploads\/2019\/01\/benhamida1-31-12-2018-1024x761-1.jpg","contentUrl":"https:\/\/www.webdo.tn\/fr\/wp-content\/uploads\/2019\/01\/benhamida1-31-12-2018-1024x761-1.jpg","width":1024,"height":761,"caption":"Le simulacre de Carthage"},{"@type":"BreadcrumbList","@id":"https:\/\/www.webdo.tn\/fr\/actualite\/tunis-hebdo\/le-simulacre-de-carthage\/173347\/#breadcrumb","itemListElement":[{"@type":"ListItem","position":1,"name":"Accueil","item":"https:\/\/www.webdo.tn\/fr\/"},{"@type":"ListItem","position":2,"name":"Le simulacre de Carthage"}]},{"@type":"WebSite","@id":"https:\/\/www.webdo.tn\/fr\/#website","url":"https:\/\/www.webdo.tn\/fr\/","name":"webdo","description":"Tunisie - News en Tunisie et \u00e0 l&#039;international sur Webdo.tn","publisher":{"@id":"https:\/\/www.webdo.tn\/fr\/#organization"},"potentialAction":[{"@type":"SearchAction","target":{"@type":"EntryPoint","urlTemplate":"https:\/\/www.webdo.tn\/fr\/?s={search_term_string}"},"query-input":{"@type":"PropertyValueSpecification","valueRequired":true,"valueName":"search_term_string"}}],"inLanguage":"fr-FR"},{"@type":"Organization","@id":"https:\/\/www.webdo.tn\/fr\/#organization","name":"Webdo","alternateName":"Webdo.tn","url":"https:\/\/www.webdo.tn\/fr\/","logo":{"@type":"ImageObject","inLanguage":"fr-FR","@id":"https:\/\/www.webdo.tn\/fr\/#\/schema\/logo\/image\/","url":"https:\/\/www.webdo.tn\/fr\/wp-content\/uploads\/2025\/06\/Webdo-Tunisie_168377.jpg","contentUrl":"https:\/\/www.webdo.tn\/fr\/wp-content\/uploads\/2025\/06\/Webdo-Tunisie_168377.jpg","width":301,"height":301,"caption":"Webdo"},"image":{"@id":"https:\/\/www.webdo.tn\/fr\/#\/schema\/logo\/image\/"},"sameAs":["https:\/\/www.facebook.com\/webdotn","https:\/\/x.com\/webdo_tn"],"description":"Webdo est un m\u00e9dia num\u00e9rique tunisien fond\u00e9 en 2010, sp\u00e9cialis\u00e9 dans l\u2019actualit\u00e9 nationale et internationale, l\u2019\u00e9conomie, la soci\u00e9t\u00e9 et les analyses politiques. Le site s\u2019adresse \u00e0 un large public francophone et couvre l\u2019information tunisienne en temps r\u00e9el.","email":"redac@webdo.tn","legalName":"YNJ SARL","foundingDate":"2010-09-06","numberOfEmployees":{"@type":"QuantitativeValue","minValue":"11","maxValue":"50"}},{"@type":"Person","@id":"https:\/\/www.webdo.tn\/fr\/#\/schema\/person\/9a9c6118d687c117df8ef3cc36a4d175","name":"webdo.tn","image":{"@type":"ImageObject","inLanguage":"fr-FR","@id":"https:\/\/secure.gravatar.com\/avatar\/7ce1f28c0c3bbac99ff550b85ef8e44a6950c6ee24514fb6a5489e51d06f0298?s=96&d=mm&r=g","url":"https:\/\/secure.gravatar.com\/avatar\/7ce1f28c0c3bbac99ff550b85ef8e44a6950c6ee24514fb6a5489e51d06f0298?s=96&d=mm&r=g","contentUrl":"https:\/\/secure.gravatar.com\/avatar\/7ce1f28c0c3bbac99ff550b85ef8e44a6950c6ee24514fb6a5489e51d06f0298?s=96&d=mm&r=g","caption":"webdo.tn"},"url":"https:\/\/www.webdo.tn\/fr\/actualite\/author\/webdotn\/"}]}},"_links":{"self":[{"href":"https:\/\/www.webdo.tn\/fr\/wp-json\/wp\/v2\/posts\/173347","targetHints":{"allow":["GET"]}}],"collection":[{"href":"https:\/\/www.webdo.tn\/fr\/wp-json\/wp\/v2\/posts"}],"about":[{"href":"https:\/\/www.webdo.tn\/fr\/wp-json\/wp\/v2\/types\/post"}],"author":[{"embeddable":true,"href":"https:\/\/www.webdo.tn\/fr\/wp-json\/wp\/v2\/users\/3222"}],"replies":[{"embeddable":true,"href":"https:\/\/www.webdo.tn\/fr\/wp-json\/wp\/v2\/comments?post=173347"}],"version-history":[{"count":0,"href":"https:\/\/www.webdo.tn\/fr\/wp-json\/wp\/v2\/posts\/173347\/revisions"}],"wp:featuredmedia":[{"embeddable":true,"href":"https:\/\/www.webdo.tn\/fr\/wp-json\/wp\/v2\/media\/296689"}],"wp:attachment":[{"href":"https:\/\/www.webdo.tn\/fr\/wp-json\/wp\/v2\/media?parent=173347"}],"wp:term":[{"taxonomy":"category","embeddable":true,"href":"https:\/\/www.webdo.tn\/fr\/wp-json\/wp\/v2\/categories?post=173347"},{"taxonomy":"post_tag","embeddable":true,"href":"https:\/\/www.webdo.tn\/fr\/wp-json\/wp\/v2\/tags?post=173347"}],"curies":[{"name":"wp","href":"https:\/\/api.w.org\/{rel}","templated":true}]}}