{"id":173345,"date":"2019-01-02T11:12:00","date_gmt":"2019-01-02T11:12:00","guid":{"rendered":"https:\/\/www.webdo.tn\/fr\/blog\/ils-sont-progressistes-je-suis-guevara\/173345\/"},"modified":"2019-01-02T11:12:00","modified_gmt":"2019-01-02T11:12:00","slug":"ils-sont-progressistes-je-suis-guevara","status":"publish","type":"post","link":"https:\/\/www.webdo.tn\/fr\/actualite\/tunis-hebdo\/ils-sont-progressistes-je-suis-guevara\/173345\/","title":{"rendered":"Ils sont \u00ab\u00a0progressistes\u00a0\u00bb,  je suis Guevara"},"content":{"rendered":"<p>Certains \u00abpoliticiens\u00bb, tout s\u00e9rieux qu\u2019ils veulent appara\u00eetre aux yeux du public, me font rire malgr\u00e9 moi, alors que je n\u2019en ai nullement envie et que la situation dramatique du pays ne pr\u00eate pas en tout au rire, comme vous n\u2019\u00eates pas loin de l\u2019ignorer. Mais parfois, c\u2019est plus fort que vous, et vous ne pouvez pas vous emp\u00eacher de retenir votre hilarit\u00e9.<\/p>\n<p>Et comment peut-on freiner son envie de rire, lorsque, \u00e0 des intervalles r\u00e9guliers, des membres de la \u00abkotla\u00bb parlementaire qui soutient le pr\u00e9sident du gouvernement, viennent, tour \u00e0 tour, \u00e0 la radio comme \u00e0 la t\u00e9l\u00e9vision, qualifier leur groupe de \u00abprogressiste\u00bb. Progressistes, les partisans de Chahed\u00a0? Si c\u2019est ainsi, moi alors, je suis Che Guevara en personne\u00a0! Fin de la blague. Passons \u00e0 la suivante\u00a0!<\/p>\n<p>Un autre membre de cette m\u00eame \u00abkotla\u00bb, s\u2019il n\u2019en est le chef apparent et provisoire, assure de son c\u00f4t\u00e9 qu\u2019il suffit \u00e0 son patron supr\u00eame (le vrai chef) de r\u00e9quisitionner un ou deux camions pour \u00abramasser\u00bb tous les barons de la contrebande, une fois pour toutes. Rien de plus facile\u00a0!<\/p>\n<p>Pourquoi alors Chahed n\u2019y va-t-il pas\u00a0? Si ce sont les camions qui lui manquent (et non point l\u2019audace), je me porte volontaire, avec beaucoup de Tunisiens d\u2019ailleurs, pour assurer les moyens de transport ad\u00e9quats, et un bus touristique s\u2019il le faut, pour ne pas avoir les d\u00e9fenseurs des droits de l\u2019homme sur le dos. Fin de la deuxi\u00e8me blague. Voyons la troisi\u00e8me\u00a0!<\/p>\n<p>Un des leadeurs de cette m\u00eame \u00abkotla\u00bb, ex-gauchiste, ex-nida\u00efste et bient\u00f4t ex-machrouiste, est venu, l\u2019autre jour, \u00e0 la radio (je ne sais plus laquelle) nous donner une belle le\u00e7on de d\u00e9mocratie \u00abgaucho-nidao-machrouiste\u00bb\u00a0: Il faut que les opposants se taisent s\u2019ils n\u2019ont rien \u00e0 proposer\u00a0! Ou c\u2019est du moins, ce que j\u2019ai compris de son intervention o\u00f9 il a tir\u00e9 \u00e0 boulets rouges sur tout ce qui bouge, ou compte bouger, contre le gouvernement qu\u2019il soutient et son chef.<\/p>\n<p>C\u2019est \u00e0 peine s\u2019il n\u2019accuse pas les opposants de complot contre la s\u00e9curit\u00e9 de l\u2019Etat ou de haute trahison, ou encore de recours \u00e0 la violence\u00a0! Le tout sur un fond d\u2019avertissement apocalyptique \u00e0 propos du chaos g\u00e9n\u00e9ralis\u00e9 qui nous attend si le gouvernement tombe, comme le souhaitent certains. Conclusion (tout \u00e0 fait personnelle)\u00a0: \u00abC\u2019est Chahed ou c\u2019est le chaos\u00a0!\u00bb. Fin de la troisi\u00e8me et derni\u00e8re blague.<\/p>\n<p>Contrairement \u00e0 ce que vous pourriez croire, je n\u2019ai rien contre la \u00abkotla\u00bb de Chahed, sauf que certains de ses membres me forcent au rire, alors que le temps n\u2019est pas \u00e0 la rigolade, et que d\u2019autres me font peur lorsque je pense qu\u2019ils pourraient, un jour, prendre le pouvoir.<br \/>\nAdel LAHMAR<br \/>\nTunis-Hebdo du 31\/12\/2018<\/p>\n","protected":false},"excerpt":{"rendered":"<p>Ils sont  progressistes ,  je suis Guevara<\/p>\n","protected":false},"author":3222,"featured_media":342153,"comment_status":"open","ping_status":"closed","sticky":false,"template":"","format":"standard","meta":{"footnotes":""},"categories":[7653],"tags":[2600],"class_list":["post-173345","post","type-post","status-publish","format-standard","has-post-thumbnail","hentry","category-tunis-hebdo","tag-guerre"],"yoast_head":"<!-- This site is optimized with the Yoast SEO Premium plugin v27.4 (Yoast SEO v27.4) - https:\/\/yoast.com\/product\/yoast-seo-premium-wordpress\/ -->\n<title>Ils sont progressistes , je suis Guevara<\/title>\n<meta name=\"description\" content=\"Ils sont progressistes , je suis Guevara\" \/>\n<link rel=\"canonical\" href=\"https:\/\/www.webdo.tn\/fr\/actualite\/tunis-hebdo\/ils-sont-progressistes-je-suis-guevara\/173345\/\" \/>\n<meta property=\"og:locale\" content=\"fr_FR\" \/>\n<meta property=\"og:type\" content=\"article\" \/>\n<meta property=\"og:title\" content=\"Ils sont &quot;progressistes&quot;, je suis Guevara\" \/>\n<meta property=\"og:description\" content=\"Ils sont progressistes , je suis Guevara\" \/>\n<meta property=\"og:url\" content=\"https:\/\/www.webdo.tn\/fr\/actualite\/tunis-hebdo\/ils-sont-progressistes-je-suis-guevara\/173345\/\" \/>\n<meta property=\"og:site_name\" content=\"webdo\" \/>\n<meta property=\"article:publisher\" content=\"https:\/\/www.facebook.com\/webdotn\" \/>\n<meta property=\"article:published_time\" content=\"2019-01-02T11:12:00+00:00\" \/>\n<meta property=\"og:image\" content=\"https:\/\/www.webdo.tn\/fr\/wp-content\/uploads\/2019\/01\/arp_des_altercations_ont_eclate_1521888923.jpg\" \/>\n\t<meta property=\"og:image:width\" content=\"800\" \/>\n\t<meta property=\"og:image:height\" content=\"450\" \/>\n\t<meta property=\"og:image:type\" content=\"image\/jpeg\" \/>\n<meta name=\"author\" content=\"webdo.tn\" \/>\n<meta name=\"twitter:card\" content=\"summary_large_image\" \/>\n<meta name=\"twitter:creator\" content=\"@webdo_tn\" \/>\n<meta name=\"twitter:site\" content=\"@webdo_tn\" \/>\n<meta name=\"twitter:label1\" content=\"\u00c9crit par\" \/>\n\t<meta name=\"twitter:data1\" content=\"webdo.tn\" \/>\n\t<meta name=\"twitter:label2\" content=\"Dur\u00e9e de lecture estim\u00e9e\" \/>\n\t<meta name=\"twitter:data2\" content=\"2 minutes\" \/>\n<script type=\"application\/ld+json\" class=\"yoast-schema-graph\">{\"@context\":\"https:\\\/\\\/schema.org\",\"@graph\":[{\"@type\":\"NewsArticle\",\"@id\":\"https:\\\/\\\/www.webdo.tn\\\/fr\\\/actualite\\\/tunis-hebdo\\\/ils-sont-progressistes-je-suis-guevara\\\/173345\\\/#article\",\"isPartOf\":{\"@id\":\"https:\\\/\\\/www.webdo.tn\\\/fr\\\/actualite\\\/tunis-hebdo\\\/ils-sont-progressistes-je-suis-guevara\\\/173345\\\/\"},\"author\":{\"name\":\"webdo.tn\",\"@id\":\"https:\\\/\\\/www.webdo.tn\\\/fr\\\/#\\\/schema\\\/person\\\/9a9c6118d687c117df8ef3cc36a4d175\"},\"headline\":\"Ils sont \u00ab\u00a0progressistes\u00a0\u00bb, je suis Guevara\",\"datePublished\":\"2019-01-02T11:12:00+00:00\",\"mainEntityOfPage\":{\"@id\":\"https:\\\/\\\/www.webdo.tn\\\/fr\\\/actualite\\\/tunis-hebdo\\\/ils-sont-progressistes-je-suis-guevara\\\/173345\\\/\"},\"wordCount\":486,\"commentCount\":0,\"publisher\":{\"@id\":\"https:\\\/\\\/www.webdo.tn\\\/fr\\\/#organization\"},\"image\":{\"@id\":\"https:\\\/\\\/www.webdo.tn\\\/fr\\\/actualite\\\/tunis-hebdo\\\/ils-sont-progressistes-je-suis-guevara\\\/173345\\\/#primaryimage\"},\"thumbnailUrl\":\"https:\\\/\\\/www.webdo.tn\\\/fr\\\/wp-content\\\/uploads\\\/2019\\\/01\\\/arp_des_altercations_ont_eclate_1521888923.jpg\",\"keywords\":[\"guerre\"],\"articleSection\":[\"Tunis-Hebdo\"],\"inLanguage\":\"fr-FR\"},{\"@type\":\"WebPage\",\"@id\":\"https:\\\/\\\/www.webdo.tn\\\/fr\\\/actualite\\\/tunis-hebdo\\\/ils-sont-progressistes-je-suis-guevara\\\/173345\\\/\",\"url\":\"https:\\\/\\\/www.webdo.tn\\\/fr\\\/actualite\\\/tunis-hebdo\\\/ils-sont-progressistes-je-suis-guevara\\\/173345\\\/\",\"name\":\"Ils sont progressistes , je suis Guevara\",\"isPartOf\":{\"@id\":\"https:\\\/\\\/www.webdo.tn\\\/fr\\\/#website\"},\"primaryImageOfPage\":{\"@id\":\"https:\\\/\\\/www.webdo.tn\\\/fr\\\/actualite\\\/tunis-hebdo\\\/ils-sont-progressistes-je-suis-guevara\\\/173345\\\/#primaryimage\"},\"image\":{\"@id\":\"https:\\\/\\\/www.webdo.tn\\\/fr\\\/actualite\\\/tunis-hebdo\\\/ils-sont-progressistes-je-suis-guevara\\\/173345\\\/#primaryimage\"},\"thumbnailUrl\":\"https:\\\/\\\/www.webdo.tn\\\/fr\\\/wp-content\\\/uploads\\\/2019\\\/01\\\/arp_des_altercations_ont_eclate_1521888923.jpg\",\"datePublished\":\"2019-01-02T11:12:00+00:00\",\"description\":\"Ils sont progressistes , je suis Guevara\",\"breadcrumb\":{\"@id\":\"https:\\\/\\\/www.webdo.tn\\\/fr\\\/actualite\\\/tunis-hebdo\\\/ils-sont-progressistes-je-suis-guevara\\\/173345\\\/#breadcrumb\"},\"inLanguage\":\"fr-FR\",\"potentialAction\":[{\"@type\":\"ReadAction\",\"target\":[\"https:\\\/\\\/www.webdo.tn\\\/fr\\\/actualite\\\/tunis-hebdo\\\/ils-sont-progressistes-je-suis-guevara\\\/173345\\\/\"]}]},{\"@type\":\"ImageObject\",\"inLanguage\":\"fr-FR\",\"@id\":\"https:\\\/\\\/www.webdo.tn\\\/fr\\\/actualite\\\/tunis-hebdo\\\/ils-sont-progressistes-je-suis-guevara\\\/173345\\\/#primaryimage\",\"url\":\"https:\\\/\\\/www.webdo.tn\\\/fr\\\/wp-content\\\/uploads\\\/2019\\\/01\\\/arp_des_altercations_ont_eclate_1521888923.jpg\",\"contentUrl\":\"https:\\\/\\\/www.webdo.tn\\\/fr\\\/wp-content\\\/uploads\\\/2019\\\/01\\\/arp_des_altercations_ont_eclate_1521888923.jpg\",\"width\":800,\"height\":450,\"caption\":\"Ils sont \\\"progressistes\\\", je suis Guevara\"},{\"@type\":\"BreadcrumbList\",\"@id\":\"https:\\\/\\\/www.webdo.tn\\\/fr\\\/actualite\\\/tunis-hebdo\\\/ils-sont-progressistes-je-suis-guevara\\\/173345\\\/#breadcrumb\",\"itemListElement\":[{\"@type\":\"ListItem\",\"position\":1,\"name\":\"Accueil\",\"item\":\"https:\\\/\\\/www.webdo.tn\\\/fr\\\/\"},{\"@type\":\"ListItem\",\"position\":2,\"name\":\"Ils sont \u00ab\u00a0progressistes\u00a0\u00bb, je suis Guevara\"}]},{\"@type\":\"WebSite\",\"@id\":\"https:\\\/\\\/www.webdo.tn\\\/fr\\\/#website\",\"url\":\"https:\\\/\\\/www.webdo.tn\\\/fr\\\/\",\"name\":\"webdo\",\"description\":\"Tunisie - News en Tunisie et \u00e0 l&#039;international sur Webdo.tn\",\"publisher\":{\"@id\":\"https:\\\/\\\/www.webdo.tn\\\/fr\\\/#organization\"},\"potentialAction\":[{\"@type\":\"SearchAction\",\"target\":{\"@type\":\"EntryPoint\",\"urlTemplate\":\"https:\\\/\\\/www.webdo.tn\\\/fr\\\/?s={search_term_string}\"},\"query-input\":{\"@type\":\"PropertyValueSpecification\",\"valueRequired\":true,\"valueName\":\"search_term_string\"}}],\"inLanguage\":\"fr-FR\"},{\"@type\":\"Organization\",\"@id\":\"https:\\\/\\\/www.webdo.tn\\\/fr\\\/#organization\",\"name\":\"Webdo\",\"alternateName\":\"Webdo.tn\",\"url\":\"https:\\\/\\\/www.webdo.tn\\\/fr\\\/\",\"logo\":{\"@type\":\"ImageObject\",\"inLanguage\":\"fr-FR\",\"@id\":\"https:\\\/\\\/www.webdo.tn\\\/fr\\\/#\\\/schema\\\/logo\\\/image\\\/\",\"url\":\"https:\\\/\\\/www.webdo.tn\\\/fr\\\/wp-content\\\/uploads\\\/2025\\\/06\\\/Webdo-Tunisie_168377.jpg\",\"contentUrl\":\"https:\\\/\\\/www.webdo.tn\\\/fr\\\/wp-content\\\/uploads\\\/2025\\\/06\\\/Webdo-Tunisie_168377.jpg\",\"width\":301,\"height\":301,\"caption\":\"Webdo\"},\"image\":{\"@id\":\"https:\\\/\\\/www.webdo.tn\\\/fr\\\/#\\\/schema\\\/logo\\\/image\\\/\"},\"sameAs\":[\"https:\\\/\\\/www.facebook.com\\\/webdotn\",\"https:\\\/\\\/x.com\\\/webdo_tn\"],\"description\":\"Webdo est un m\u00e9dia num\u00e9rique tunisien fond\u00e9 en 2010, sp\u00e9cialis\u00e9 dans l\u2019actualit\u00e9 nationale et internationale, l\u2019\u00e9conomie, la soci\u00e9t\u00e9 et les analyses politiques. Le site s\u2019adresse \u00e0 un large public francophone et couvre l\u2019information tunisienne en temps r\u00e9el.\",\"email\":\"redac@webdo.tn\",\"legalName\":\"YNJ SARL\",\"foundingDate\":\"2010-09-06\",\"numberOfEmployees\":{\"@type\":\"QuantitativeValue\",\"minValue\":\"11\",\"maxValue\":\"50\"}},{\"@type\":\"Person\",\"@id\":\"https:\\\/\\\/www.webdo.tn\\\/fr\\\/#\\\/schema\\\/person\\\/9a9c6118d687c117df8ef3cc36a4d175\",\"name\":\"webdo.tn\",\"image\":{\"@type\":\"ImageObject\",\"inLanguage\":\"fr-FR\",\"@id\":\"https:\\\/\\\/secure.gravatar.com\\\/avatar\\\/7ce1f28c0c3bbac99ff550b85ef8e44a6950c6ee24514fb6a5489e51d06f0298?s=96&d=mm&r=g\",\"url\":\"https:\\\/\\\/secure.gravatar.com\\\/avatar\\\/7ce1f28c0c3bbac99ff550b85ef8e44a6950c6ee24514fb6a5489e51d06f0298?s=96&d=mm&r=g\",\"contentUrl\":\"https:\\\/\\\/secure.gravatar.com\\\/avatar\\\/7ce1f28c0c3bbac99ff550b85ef8e44a6950c6ee24514fb6a5489e51d06f0298?s=96&d=mm&r=g\",\"caption\":\"webdo.tn\"},\"url\":\"https:\\\/\\\/www.webdo.tn\\\/fr\\\/actualite\\\/author\\\/webdotn\\\/\"}]}<\/script>\n<!-- \/ Yoast SEO Premium plugin. -->","yoast_head_json":{"title":"Ils sont progressistes , je suis Guevara","description":"Ils sont progressistes , je suis Guevara","canonical":"https:\/\/www.webdo.tn\/fr\/actualite\/tunis-hebdo\/ils-sont-progressistes-je-suis-guevara\/173345\/","og_locale":"fr_FR","og_type":"article","og_title":"Ils sont \"progressistes\", je suis Guevara","og_description":"Ils sont progressistes , je suis Guevara","og_url":"https:\/\/www.webdo.tn\/fr\/actualite\/tunis-hebdo\/ils-sont-progressistes-je-suis-guevara\/173345\/","og_site_name":"webdo","article_publisher":"https:\/\/www.facebook.com\/webdotn","article_published_time":"2019-01-02T11:12:00+00:00","og_image":[{"width":800,"height":450,"url":"https:\/\/www.webdo.tn\/fr\/wp-content\/uploads\/2019\/01\/arp_des_altercations_ont_eclate_1521888923.jpg","type":"image\/jpeg"}],"author":"webdo.tn","twitter_card":"summary_large_image","twitter_creator":"@webdo_tn","twitter_site":"@webdo_tn","twitter_misc":{"\u00c9crit par":"webdo.tn","Dur\u00e9e de lecture estim\u00e9e":"2 minutes"},"schema":{"@context":"https:\/\/schema.org","@graph":[{"@type":"NewsArticle","@id":"https:\/\/www.webdo.tn\/fr\/actualite\/tunis-hebdo\/ils-sont-progressistes-je-suis-guevara\/173345\/#article","isPartOf":{"@id":"https:\/\/www.webdo.tn\/fr\/actualite\/tunis-hebdo\/ils-sont-progressistes-je-suis-guevara\/173345\/"},"author":{"name":"webdo.tn","@id":"https:\/\/www.webdo.tn\/fr\/#\/schema\/person\/9a9c6118d687c117df8ef3cc36a4d175"},"headline":"Ils sont \u00ab\u00a0progressistes\u00a0\u00bb, je suis Guevara","datePublished":"2019-01-02T11:12:00+00:00","mainEntityOfPage":{"@id":"https:\/\/www.webdo.tn\/fr\/actualite\/tunis-hebdo\/ils-sont-progressistes-je-suis-guevara\/173345\/"},"wordCount":486,"commentCount":0,"publisher":{"@id":"https:\/\/www.webdo.tn\/fr\/#organization"},"image":{"@id":"https:\/\/www.webdo.tn\/fr\/actualite\/tunis-hebdo\/ils-sont-progressistes-je-suis-guevara\/173345\/#primaryimage"},"thumbnailUrl":"https:\/\/www.webdo.tn\/fr\/wp-content\/uploads\/2019\/01\/arp_des_altercations_ont_eclate_1521888923.jpg","keywords":["guerre"],"articleSection":["Tunis-Hebdo"],"inLanguage":"fr-FR"},{"@type":"WebPage","@id":"https:\/\/www.webdo.tn\/fr\/actualite\/tunis-hebdo\/ils-sont-progressistes-je-suis-guevara\/173345\/","url":"https:\/\/www.webdo.tn\/fr\/actualite\/tunis-hebdo\/ils-sont-progressistes-je-suis-guevara\/173345\/","name":"Ils sont progressistes , je suis Guevara","isPartOf":{"@id":"https:\/\/www.webdo.tn\/fr\/#website"},"primaryImageOfPage":{"@id":"https:\/\/www.webdo.tn\/fr\/actualite\/tunis-hebdo\/ils-sont-progressistes-je-suis-guevara\/173345\/#primaryimage"},"image":{"@id":"https:\/\/www.webdo.tn\/fr\/actualite\/tunis-hebdo\/ils-sont-progressistes-je-suis-guevara\/173345\/#primaryimage"},"thumbnailUrl":"https:\/\/www.webdo.tn\/fr\/wp-content\/uploads\/2019\/01\/arp_des_altercations_ont_eclate_1521888923.jpg","datePublished":"2019-01-02T11:12:00+00:00","description":"Ils sont progressistes , je suis Guevara","breadcrumb":{"@id":"https:\/\/www.webdo.tn\/fr\/actualite\/tunis-hebdo\/ils-sont-progressistes-je-suis-guevara\/173345\/#breadcrumb"},"inLanguage":"fr-FR","potentialAction":[{"@type":"ReadAction","target":["https:\/\/www.webdo.tn\/fr\/actualite\/tunis-hebdo\/ils-sont-progressistes-je-suis-guevara\/173345\/"]}]},{"@type":"ImageObject","inLanguage":"fr-FR","@id":"https:\/\/www.webdo.tn\/fr\/actualite\/tunis-hebdo\/ils-sont-progressistes-je-suis-guevara\/173345\/#primaryimage","url":"https:\/\/www.webdo.tn\/fr\/wp-content\/uploads\/2019\/01\/arp_des_altercations_ont_eclate_1521888923.jpg","contentUrl":"https:\/\/www.webdo.tn\/fr\/wp-content\/uploads\/2019\/01\/arp_des_altercations_ont_eclate_1521888923.jpg","width":800,"height":450,"caption":"Ils sont \"progressistes\", je suis Guevara"},{"@type":"BreadcrumbList","@id":"https:\/\/www.webdo.tn\/fr\/actualite\/tunis-hebdo\/ils-sont-progressistes-je-suis-guevara\/173345\/#breadcrumb","itemListElement":[{"@type":"ListItem","position":1,"name":"Accueil","item":"https:\/\/www.webdo.tn\/fr\/"},{"@type":"ListItem","position":2,"name":"Ils sont \u00ab\u00a0progressistes\u00a0\u00bb, je suis Guevara"}]},{"@type":"WebSite","@id":"https:\/\/www.webdo.tn\/fr\/#website","url":"https:\/\/www.webdo.tn\/fr\/","name":"webdo","description":"Tunisie - News en Tunisie et \u00e0 l&#039;international sur Webdo.tn","publisher":{"@id":"https:\/\/www.webdo.tn\/fr\/#organization"},"potentialAction":[{"@type":"SearchAction","target":{"@type":"EntryPoint","urlTemplate":"https:\/\/www.webdo.tn\/fr\/?s={search_term_string}"},"query-input":{"@type":"PropertyValueSpecification","valueRequired":true,"valueName":"search_term_string"}}],"inLanguage":"fr-FR"},{"@type":"Organization","@id":"https:\/\/www.webdo.tn\/fr\/#organization","name":"Webdo","alternateName":"Webdo.tn","url":"https:\/\/www.webdo.tn\/fr\/","logo":{"@type":"ImageObject","inLanguage":"fr-FR","@id":"https:\/\/www.webdo.tn\/fr\/#\/schema\/logo\/image\/","url":"https:\/\/www.webdo.tn\/fr\/wp-content\/uploads\/2025\/06\/Webdo-Tunisie_168377.jpg","contentUrl":"https:\/\/www.webdo.tn\/fr\/wp-content\/uploads\/2025\/06\/Webdo-Tunisie_168377.jpg","width":301,"height":301,"caption":"Webdo"},"image":{"@id":"https:\/\/www.webdo.tn\/fr\/#\/schema\/logo\/image\/"},"sameAs":["https:\/\/www.facebook.com\/webdotn","https:\/\/x.com\/webdo_tn"],"description":"Webdo est un m\u00e9dia num\u00e9rique tunisien fond\u00e9 en 2010, sp\u00e9cialis\u00e9 dans l\u2019actualit\u00e9 nationale et internationale, l\u2019\u00e9conomie, la soci\u00e9t\u00e9 et les analyses politiques. Le site s\u2019adresse \u00e0 un large public francophone et couvre l\u2019information tunisienne en temps r\u00e9el.","email":"redac@webdo.tn","legalName":"YNJ SARL","foundingDate":"2010-09-06","numberOfEmployees":{"@type":"QuantitativeValue","minValue":"11","maxValue":"50"}},{"@type":"Person","@id":"https:\/\/www.webdo.tn\/fr\/#\/schema\/person\/9a9c6118d687c117df8ef3cc36a4d175","name":"webdo.tn","image":{"@type":"ImageObject","inLanguage":"fr-FR","@id":"https:\/\/secure.gravatar.com\/avatar\/7ce1f28c0c3bbac99ff550b85ef8e44a6950c6ee24514fb6a5489e51d06f0298?s=96&d=mm&r=g","url":"https:\/\/secure.gravatar.com\/avatar\/7ce1f28c0c3bbac99ff550b85ef8e44a6950c6ee24514fb6a5489e51d06f0298?s=96&d=mm&r=g","contentUrl":"https:\/\/secure.gravatar.com\/avatar\/7ce1f28c0c3bbac99ff550b85ef8e44a6950c6ee24514fb6a5489e51d06f0298?s=96&d=mm&r=g","caption":"webdo.tn"},"url":"https:\/\/www.webdo.tn\/fr\/actualite\/author\/webdotn\/"}]}},"_links":{"self":[{"href":"https:\/\/www.webdo.tn\/fr\/wp-json\/wp\/v2\/posts\/173345","targetHints":{"allow":["GET"]}}],"collection":[{"href":"https:\/\/www.webdo.tn\/fr\/wp-json\/wp\/v2\/posts"}],"about":[{"href":"https:\/\/www.webdo.tn\/fr\/wp-json\/wp\/v2\/types\/post"}],"author":[{"embeddable":true,"href":"https:\/\/www.webdo.tn\/fr\/wp-json\/wp\/v2\/users\/3222"}],"replies":[{"embeddable":true,"href":"https:\/\/www.webdo.tn\/fr\/wp-json\/wp\/v2\/comments?post=173345"}],"version-history":[{"count":0,"href":"https:\/\/www.webdo.tn\/fr\/wp-json\/wp\/v2\/posts\/173345\/revisions"}],"wp:featuredmedia":[{"embeddable":true,"href":"https:\/\/www.webdo.tn\/fr\/wp-json\/wp\/v2\/media\/342153"}],"wp:attachment":[{"href":"https:\/\/www.webdo.tn\/fr\/wp-json\/wp\/v2\/media?parent=173345"}],"wp:term":[{"taxonomy":"category","embeddable":true,"href":"https:\/\/www.webdo.tn\/fr\/wp-json\/wp\/v2\/categories?post=173345"},{"taxonomy":"post_tag","embeddable":true,"href":"https:\/\/www.webdo.tn\/fr\/wp-json\/wp\/v2\/tags?post=173345"}],"curies":[{"name":"wp","href":"https:\/\/api.w.org\/{rel}","templated":true}]}}