{"id":173344,"date":"2019-01-05T12:09:00","date_gmt":"2019-01-05T12:09:00","guid":{"rendered":"https:\/\/www.webdo.tn\/fr\/blog\/a-lage-du-braquage\/173344\/"},"modified":"2025-05-18T23:11:07","modified_gmt":"2025-05-18T23:11:07","slug":"a-lage-du-braquage","status":"publish","type":"post","link":"https:\/\/www.webdo.tn\/fr\/actualite\/tunis-hebdo\/a-lage-du-braquage\/173344\/","title":{"rendered":"A l\u2019\u00e2ge du braquage\u00a0!"},"content":{"rendered":"<p>Les Arabes, ceux de la p\u00e9ninsule arabique et ses environs vivaient en majeure partie du brigandage, ils survivaient gr\u00e2ce aux butins r\u00e9colt\u00e9s lors de razzias ou d\u2019assauts sur les caravanes de commer\u00e7ants.<\/p>\n<p>Les M\u00e9diterran\u00e9ens du sud, par contre, Berb\u00e8res ou autres peuplades de territoires conquis par les Arabes, n\u2019ont aucune tradition en la mati\u00e8re, ils \u00e9taient artisans, bergers, commer\u00e7ants, bons n\u00e9gociants et m\u00eame de redoutables guerriers, mais pas des brigands.<\/p>\n<p>En Tunisie, de tout temps, le brigandage \u00e9tait un m\u00e9fait plut\u00f4t rare, jusqu\u2019\u00e0 une \u00e9poque tr\u00e8s r\u00e9cente nos voleurs \u00e9taient essentiellement des pick pockets ou des cambrioleurs, ils pr\u00e9f\u00e9raient exercer \u00e0 l\u2019insu des regards, en toute finesse.<\/p>\n<p>Aujourd\u2019hui, nous avons affaire \u00e0 des brigands, des braqueurs si vous pr\u00e9f\u00e9rerez, des \u00e9nergum\u00e8nes enti\u00e8rement barbares pr\u00eats \u00e0 taillader leur prochain ou \u00e0 l\u2019\u00e9triper pour une poign\u00e9e de millimes. Des crapules innommables surgies d\u2019on ne sait o\u00f9 et qui se multiplient comme les larves d\u2019une lucilie Boch\u00e8re qui ronge la chair m\u00eame du corps social.<\/p>\n<p>Ces gredins d\u2019un autre \u00e2ge, sans foi ni loi, dont la propagation s\u2019est faite de pair avec l\u2019id\u00e9ologie extr\u00e9miste cultiv\u00e9e dans ces m\u00eames p\u00e9ninsules arabiques dont les malmelles historiques sont le terrorisme, au nom de la religion, et le brigandage.<\/p>\n<p>Comment en est-on arriv\u00e9 l\u00e0 quand on sait qu\u2019anthropologiquement la Tunisie ne compte que 4% de bip\u00e8des d\u2019origine arabe, selon les \u00e9tudes les plus s\u00e9rieuses\u00a0? Pourquoi alors le brigandage alias le braquage a-t-il pu se r\u00e9pandre \u00e0 ce rythme vertigineux.<\/p>\n<p>Le quotidien du Tunisien est fait de terreur, on ne sait pas du tout ce qui peut nous arriver m\u00eame dans des art\u00e8res fr\u00e9quent\u00e9es, et sous haute surveillance polici\u00e8re. Un malfrat peut sortir de nulle part, vous menacer avec un couteau et vous prendre tout ce que vous avez.<\/p>\n<p>Il peut l\u2019obtenir \u00e9galement en vous arrachant un bien tout en \u00e9tant \u00e0 moto, une sacoche contenant un Laptop, un smartphone, un sac. Ces malfrats n\u2019h\u00e9sitent pas \u00e0 vous agresser et \u00e0 vous poignarder.<\/p>\n<p>Le pr\u00e9sident de l\u2019Association des Ivoiriens de Tunisie, Falikou Coulibaly, 33 ans, en a fait les frais, une bande de braqueurs organis\u00e9s, l\u2019a attaqu\u00e9 le soir du 23 d\u00e9cembre \u00e0 Najemtar, Dar Fadhal, La Soukra. Il n\u2019a pas surv\u00e9cu aux coups de couteau et son meurtre n\u2019est pas sans teinte raciste quoi qu\u2019on dise.<\/p>\n<p>Deux jours plus tard, une jeune fille a failli conna\u00eetre le m\u00eame sort \u00e0 El Menzah 6 , deux racailles en Vespa lui ont arrach\u00e9 le sac et lac\u00e9r\u00e9 la nuque avec un rasoir comme pour l\u2019\u00e9gorger.<\/p>\n<p>Plus r\u00e9cemment, vendredi 28 au soir, un imam est sorti de la mosqu\u00e9e \u00abSobhan Allah\u00bb \u00e0 Bab Souika, apr\u00e8s avoir accompli la pri\u00e8re d\u2019El Icha. Il est attaqu\u00e9 par des brigants qui l\u2019ont bless\u00e9 avant de le dilester de ses biens personnels, entre argent et t\u00e9l\u00e9phone.<\/p>\n<p>O\u00f9 va-t-on\u00a0? Nulle part, si l\u2019on ajoute les hold-up ou braquages de banques. La cadence est d\u2019une v\u00e9locit\u00e9 \u00e0 toute \u00e9preuve, c\u2019est carr\u00e9ment du survolt\u00e9 qui ne pr\u00e9sage rien de bon. Bient\u00f4t les braqueurs d\u00e9ambuleront dans vos foyers comme n\u2019importe quel membre de votre famille.<br \/>\nImed Ben Hamida<br \/>\nTunis-Hebdo du 31\/12\/2018<\/p>\n","protected":false},"excerpt":{"rendered":"<p>A l\u2019\u00e2ge du braquage\u00a0!<\/p>\n","protected":false},"author":3222,"featured_media":296629,"comment_status":"open","ping_status":"closed","sticky":false,"template":"","format":"standard","meta":{"footnotes":""},"categories":[7653],"tags":[2600],"class_list":["post-173344","post","type-post","status-publish","format-standard","has-post-thumbnail","hentry","category-tunis-hebdo","tag-guerre"],"yoast_head":"<!-- This site is optimized with the Yoast SEO Premium plugin v27.4 (Yoast SEO v27.4) - https:\/\/yoast.com\/product\/yoast-seo-premium-wordpress\/ -->\n<title>A l\u2019\u00e2ge du braquage\u00a0!<\/title>\n<meta name=\"description\" content=\"A l\u2019\u00e2ge du braquage\u00a0!\" \/>\n<link rel=\"canonical\" href=\"https:\/\/www.webdo.tn\/fr\/actualite\/tunis-hebdo\/a-lage-du-braquage\/173344\/\" \/>\n<meta property=\"og:locale\" content=\"fr_FR\" \/>\n<meta property=\"og:type\" content=\"article\" \/>\n<meta property=\"og:title\" content=\"A l\u2019\u00e2ge du braquage\u00a0!\" \/>\n<meta property=\"og:description\" content=\"A l\u2019\u00e2ge du braquage\u00a0!\" \/>\n<meta property=\"og:url\" content=\"https:\/\/www.webdo.tn\/fr\/actualite\/tunis-hebdo\/a-lage-du-braquage\/173344\/\" \/>\n<meta property=\"og:site_name\" content=\"webdo\" \/>\n<meta property=\"article:publisher\" content=\"https:\/\/www.facebook.com\/webdotn\" \/>\n<meta property=\"article:published_time\" content=\"2019-01-05T12:09:00+00:00\" \/>\n<meta property=\"article:modified_time\" content=\"2025-05-18T23:11:07+00:00\" \/>\n<meta property=\"og:image\" content=\"https:\/\/www.webdo.tn\/fr\/wp-content\/uploads\/2019\/01\/benhamida31-12-2018-1024x872-1.jpg\" \/>\n\t<meta property=\"og:image:width\" content=\"1024\" \/>\n\t<meta property=\"og:image:height\" content=\"872\" \/>\n\t<meta property=\"og:image:type\" content=\"image\/jpeg\" \/>\n<meta name=\"author\" content=\"webdo.tn\" \/>\n<meta name=\"twitter:card\" content=\"summary_large_image\" \/>\n<meta name=\"twitter:creator\" content=\"@webdo_tn\" \/>\n<meta name=\"twitter:site\" content=\"@webdo_tn\" \/>\n<meta name=\"twitter:label1\" content=\"\u00c9crit par\" \/>\n\t<meta name=\"twitter:data1\" content=\"webdo.tn\" \/>\n\t<meta name=\"twitter:label2\" content=\"Dur\u00e9e de lecture estim\u00e9e\" \/>\n\t<meta name=\"twitter:data2\" content=\"3 minutes\" \/>\n<script type=\"application\/ld+json\" class=\"yoast-schema-graph\">{\"@context\":\"https:\\\/\\\/schema.org\",\"@graph\":[{\"@type\":\"NewsArticle\",\"@id\":\"https:\\\/\\\/www.webdo.tn\\\/fr\\\/actualite\\\/tunis-hebdo\\\/a-lage-du-braquage\\\/173344\\\/#article\",\"isPartOf\":{\"@id\":\"https:\\\/\\\/www.webdo.tn\\\/fr\\\/actualite\\\/tunis-hebdo\\\/a-lage-du-braquage\\\/173344\\\/\"},\"author\":{\"name\":\"webdo.tn\",\"@id\":\"https:\\\/\\\/www.webdo.tn\\\/fr\\\/#\\\/schema\\\/person\\\/9a9c6118d687c117df8ef3cc36a4d175\"},\"headline\":\"A l\u2019\u00e2ge du braquage\u00a0!\",\"datePublished\":\"2019-01-05T12:09:00+00:00\",\"dateModified\":\"2025-05-18T23:11:07+00:00\",\"mainEntityOfPage\":{\"@id\":\"https:\\\/\\\/www.webdo.tn\\\/fr\\\/actualite\\\/tunis-hebdo\\\/a-lage-du-braquage\\\/173344\\\/\"},\"wordCount\":583,\"commentCount\":0,\"publisher\":{\"@id\":\"https:\\\/\\\/www.webdo.tn\\\/fr\\\/#organization\"},\"image\":{\"@id\":\"https:\\\/\\\/www.webdo.tn\\\/fr\\\/actualite\\\/tunis-hebdo\\\/a-lage-du-braquage\\\/173344\\\/#primaryimage\"},\"thumbnailUrl\":\"https:\\\/\\\/www.webdo.tn\\\/fr\\\/wp-content\\\/uploads\\\/2019\\\/01\\\/benhamida31-12-2018-1024x872-1.jpg\",\"keywords\":[\"guerre\"],\"articleSection\":[\"Tunis-Hebdo\"],\"inLanguage\":\"fr-FR\"},{\"@type\":\"WebPage\",\"@id\":\"https:\\\/\\\/www.webdo.tn\\\/fr\\\/actualite\\\/tunis-hebdo\\\/a-lage-du-braquage\\\/173344\\\/\",\"url\":\"https:\\\/\\\/www.webdo.tn\\\/fr\\\/actualite\\\/tunis-hebdo\\\/a-lage-du-braquage\\\/173344\\\/\",\"name\":\"A l\u2019\u00e2ge du braquage\u00a0!\",\"isPartOf\":{\"@id\":\"https:\\\/\\\/www.webdo.tn\\\/fr\\\/#website\"},\"primaryImageOfPage\":{\"@id\":\"https:\\\/\\\/www.webdo.tn\\\/fr\\\/actualite\\\/tunis-hebdo\\\/a-lage-du-braquage\\\/173344\\\/#primaryimage\"},\"image\":{\"@id\":\"https:\\\/\\\/www.webdo.tn\\\/fr\\\/actualite\\\/tunis-hebdo\\\/a-lage-du-braquage\\\/173344\\\/#primaryimage\"},\"thumbnailUrl\":\"https:\\\/\\\/www.webdo.tn\\\/fr\\\/wp-content\\\/uploads\\\/2019\\\/01\\\/benhamida31-12-2018-1024x872-1.jpg\",\"datePublished\":\"2019-01-05T12:09:00+00:00\",\"dateModified\":\"2025-05-18T23:11:07+00:00\",\"description\":\"A l\u2019\u00e2ge du braquage\u00a0!\",\"breadcrumb\":{\"@id\":\"https:\\\/\\\/www.webdo.tn\\\/fr\\\/actualite\\\/tunis-hebdo\\\/a-lage-du-braquage\\\/173344\\\/#breadcrumb\"},\"inLanguage\":\"fr-FR\",\"potentialAction\":[{\"@type\":\"ReadAction\",\"target\":[\"https:\\\/\\\/www.webdo.tn\\\/fr\\\/actualite\\\/tunis-hebdo\\\/a-lage-du-braquage\\\/173344\\\/\"]}]},{\"@type\":\"ImageObject\",\"inLanguage\":\"fr-FR\",\"@id\":\"https:\\\/\\\/www.webdo.tn\\\/fr\\\/actualite\\\/tunis-hebdo\\\/a-lage-du-braquage\\\/173344\\\/#primaryimage\",\"url\":\"https:\\\/\\\/www.webdo.tn\\\/fr\\\/wp-content\\\/uploads\\\/2019\\\/01\\\/benhamida31-12-2018-1024x872-1.jpg\",\"contentUrl\":\"https:\\\/\\\/www.webdo.tn\\\/fr\\\/wp-content\\\/uploads\\\/2019\\\/01\\\/benhamida31-12-2018-1024x872-1.jpg\",\"width\":1024,\"height\":872,\"caption\":\"A l\u2019\u00e2ge du braquage\u00a0!\"},{\"@type\":\"BreadcrumbList\",\"@id\":\"https:\\\/\\\/www.webdo.tn\\\/fr\\\/actualite\\\/tunis-hebdo\\\/a-lage-du-braquage\\\/173344\\\/#breadcrumb\",\"itemListElement\":[{\"@type\":\"ListItem\",\"position\":1,\"name\":\"Accueil\",\"item\":\"https:\\\/\\\/www.webdo.tn\\\/fr\\\/\"},{\"@type\":\"ListItem\",\"position\":2,\"name\":\"A l\u2019\u00e2ge du braquage\u00a0!\"}]},{\"@type\":\"WebSite\",\"@id\":\"https:\\\/\\\/www.webdo.tn\\\/fr\\\/#website\",\"url\":\"https:\\\/\\\/www.webdo.tn\\\/fr\\\/\",\"name\":\"webdo\",\"description\":\"Tunisie - News en Tunisie et \u00e0 l&#039;international sur Webdo.tn\",\"publisher\":{\"@id\":\"https:\\\/\\\/www.webdo.tn\\\/fr\\\/#organization\"},\"potentialAction\":[{\"@type\":\"SearchAction\",\"target\":{\"@type\":\"EntryPoint\",\"urlTemplate\":\"https:\\\/\\\/www.webdo.tn\\\/fr\\\/?s={search_term_string}\"},\"query-input\":{\"@type\":\"PropertyValueSpecification\",\"valueRequired\":true,\"valueName\":\"search_term_string\"}}],\"inLanguage\":\"fr-FR\"},{\"@type\":\"Organization\",\"@id\":\"https:\\\/\\\/www.webdo.tn\\\/fr\\\/#organization\",\"name\":\"Webdo\",\"alternateName\":\"Webdo.tn\",\"url\":\"https:\\\/\\\/www.webdo.tn\\\/fr\\\/\",\"logo\":{\"@type\":\"ImageObject\",\"inLanguage\":\"fr-FR\",\"@id\":\"https:\\\/\\\/www.webdo.tn\\\/fr\\\/#\\\/schema\\\/logo\\\/image\\\/\",\"url\":\"https:\\\/\\\/www.webdo.tn\\\/fr\\\/wp-content\\\/uploads\\\/2025\\\/06\\\/Webdo-Tunisie_168377.jpg\",\"contentUrl\":\"https:\\\/\\\/www.webdo.tn\\\/fr\\\/wp-content\\\/uploads\\\/2025\\\/06\\\/Webdo-Tunisie_168377.jpg\",\"width\":301,\"height\":301,\"caption\":\"Webdo\"},\"image\":{\"@id\":\"https:\\\/\\\/www.webdo.tn\\\/fr\\\/#\\\/schema\\\/logo\\\/image\\\/\"},\"sameAs\":[\"https:\\\/\\\/www.facebook.com\\\/webdotn\",\"https:\\\/\\\/x.com\\\/webdo_tn\"],\"description\":\"Webdo est un m\u00e9dia num\u00e9rique tunisien fond\u00e9 en 2010, sp\u00e9cialis\u00e9 dans l\u2019actualit\u00e9 nationale et internationale, l\u2019\u00e9conomie, la soci\u00e9t\u00e9 et les analyses politiques. Le site s\u2019adresse \u00e0 un large public francophone et couvre l\u2019information tunisienne en temps r\u00e9el.\",\"email\":\"redac@webdo.tn\",\"legalName\":\"YNJ SARL\",\"foundingDate\":\"2010-09-06\",\"numberOfEmployees\":{\"@type\":\"QuantitativeValue\",\"minValue\":\"11\",\"maxValue\":\"50\"}},{\"@type\":\"Person\",\"@id\":\"https:\\\/\\\/www.webdo.tn\\\/fr\\\/#\\\/schema\\\/person\\\/9a9c6118d687c117df8ef3cc36a4d175\",\"name\":\"webdo.tn\",\"image\":{\"@type\":\"ImageObject\",\"inLanguage\":\"fr-FR\",\"@id\":\"https:\\\/\\\/secure.gravatar.com\\\/avatar\\\/7ce1f28c0c3bbac99ff550b85ef8e44a6950c6ee24514fb6a5489e51d06f0298?s=96&d=mm&r=g\",\"url\":\"https:\\\/\\\/secure.gravatar.com\\\/avatar\\\/7ce1f28c0c3bbac99ff550b85ef8e44a6950c6ee24514fb6a5489e51d06f0298?s=96&d=mm&r=g\",\"contentUrl\":\"https:\\\/\\\/secure.gravatar.com\\\/avatar\\\/7ce1f28c0c3bbac99ff550b85ef8e44a6950c6ee24514fb6a5489e51d06f0298?s=96&d=mm&r=g\",\"caption\":\"webdo.tn\"},\"url\":\"https:\\\/\\\/www.webdo.tn\\\/fr\\\/actualite\\\/author\\\/webdotn\\\/\"}]}<\/script>\n<!-- \/ Yoast SEO Premium plugin. -->","yoast_head_json":{"title":"A l\u2019\u00e2ge du braquage\u00a0!","description":"A l\u2019\u00e2ge du braquage\u00a0!","canonical":"https:\/\/www.webdo.tn\/fr\/actualite\/tunis-hebdo\/a-lage-du-braquage\/173344\/","og_locale":"fr_FR","og_type":"article","og_title":"A l\u2019\u00e2ge du braquage\u00a0!","og_description":"A l\u2019\u00e2ge du braquage\u00a0!","og_url":"https:\/\/www.webdo.tn\/fr\/actualite\/tunis-hebdo\/a-lage-du-braquage\/173344\/","og_site_name":"webdo","article_publisher":"https:\/\/www.facebook.com\/webdotn","article_published_time":"2019-01-05T12:09:00+00:00","article_modified_time":"2025-05-18T23:11:07+00:00","og_image":[{"width":1024,"height":872,"url":"https:\/\/www.webdo.tn\/fr\/wp-content\/uploads\/2019\/01\/benhamida31-12-2018-1024x872-1.jpg","type":"image\/jpeg"}],"author":"webdo.tn","twitter_card":"summary_large_image","twitter_creator":"@webdo_tn","twitter_site":"@webdo_tn","twitter_misc":{"\u00c9crit par":"webdo.tn","Dur\u00e9e de lecture estim\u00e9e":"3 minutes"},"schema":{"@context":"https:\/\/schema.org","@graph":[{"@type":"NewsArticle","@id":"https:\/\/www.webdo.tn\/fr\/actualite\/tunis-hebdo\/a-lage-du-braquage\/173344\/#article","isPartOf":{"@id":"https:\/\/www.webdo.tn\/fr\/actualite\/tunis-hebdo\/a-lage-du-braquage\/173344\/"},"author":{"name":"webdo.tn","@id":"https:\/\/www.webdo.tn\/fr\/#\/schema\/person\/9a9c6118d687c117df8ef3cc36a4d175"},"headline":"A l\u2019\u00e2ge du braquage\u00a0!","datePublished":"2019-01-05T12:09:00+00:00","dateModified":"2025-05-18T23:11:07+00:00","mainEntityOfPage":{"@id":"https:\/\/www.webdo.tn\/fr\/actualite\/tunis-hebdo\/a-lage-du-braquage\/173344\/"},"wordCount":583,"commentCount":0,"publisher":{"@id":"https:\/\/www.webdo.tn\/fr\/#organization"},"image":{"@id":"https:\/\/www.webdo.tn\/fr\/actualite\/tunis-hebdo\/a-lage-du-braquage\/173344\/#primaryimage"},"thumbnailUrl":"https:\/\/www.webdo.tn\/fr\/wp-content\/uploads\/2019\/01\/benhamida31-12-2018-1024x872-1.jpg","keywords":["guerre"],"articleSection":["Tunis-Hebdo"],"inLanguage":"fr-FR"},{"@type":"WebPage","@id":"https:\/\/www.webdo.tn\/fr\/actualite\/tunis-hebdo\/a-lage-du-braquage\/173344\/","url":"https:\/\/www.webdo.tn\/fr\/actualite\/tunis-hebdo\/a-lage-du-braquage\/173344\/","name":"A l\u2019\u00e2ge du braquage\u00a0!","isPartOf":{"@id":"https:\/\/www.webdo.tn\/fr\/#website"},"primaryImageOfPage":{"@id":"https:\/\/www.webdo.tn\/fr\/actualite\/tunis-hebdo\/a-lage-du-braquage\/173344\/#primaryimage"},"image":{"@id":"https:\/\/www.webdo.tn\/fr\/actualite\/tunis-hebdo\/a-lage-du-braquage\/173344\/#primaryimage"},"thumbnailUrl":"https:\/\/www.webdo.tn\/fr\/wp-content\/uploads\/2019\/01\/benhamida31-12-2018-1024x872-1.jpg","datePublished":"2019-01-05T12:09:00+00:00","dateModified":"2025-05-18T23:11:07+00:00","description":"A l\u2019\u00e2ge du braquage\u00a0!","breadcrumb":{"@id":"https:\/\/www.webdo.tn\/fr\/actualite\/tunis-hebdo\/a-lage-du-braquage\/173344\/#breadcrumb"},"inLanguage":"fr-FR","potentialAction":[{"@type":"ReadAction","target":["https:\/\/www.webdo.tn\/fr\/actualite\/tunis-hebdo\/a-lage-du-braquage\/173344\/"]}]},{"@type":"ImageObject","inLanguage":"fr-FR","@id":"https:\/\/www.webdo.tn\/fr\/actualite\/tunis-hebdo\/a-lage-du-braquage\/173344\/#primaryimage","url":"https:\/\/www.webdo.tn\/fr\/wp-content\/uploads\/2019\/01\/benhamida31-12-2018-1024x872-1.jpg","contentUrl":"https:\/\/www.webdo.tn\/fr\/wp-content\/uploads\/2019\/01\/benhamida31-12-2018-1024x872-1.jpg","width":1024,"height":872,"caption":"A l\u2019\u00e2ge du braquage\u00a0!"},{"@type":"BreadcrumbList","@id":"https:\/\/www.webdo.tn\/fr\/actualite\/tunis-hebdo\/a-lage-du-braquage\/173344\/#breadcrumb","itemListElement":[{"@type":"ListItem","position":1,"name":"Accueil","item":"https:\/\/www.webdo.tn\/fr\/"},{"@type":"ListItem","position":2,"name":"A l\u2019\u00e2ge du braquage\u00a0!"}]},{"@type":"WebSite","@id":"https:\/\/www.webdo.tn\/fr\/#website","url":"https:\/\/www.webdo.tn\/fr\/","name":"webdo","description":"Tunisie - News en Tunisie et \u00e0 l&#039;international sur Webdo.tn","publisher":{"@id":"https:\/\/www.webdo.tn\/fr\/#organization"},"potentialAction":[{"@type":"SearchAction","target":{"@type":"EntryPoint","urlTemplate":"https:\/\/www.webdo.tn\/fr\/?s={search_term_string}"},"query-input":{"@type":"PropertyValueSpecification","valueRequired":true,"valueName":"search_term_string"}}],"inLanguage":"fr-FR"},{"@type":"Organization","@id":"https:\/\/www.webdo.tn\/fr\/#organization","name":"Webdo","alternateName":"Webdo.tn","url":"https:\/\/www.webdo.tn\/fr\/","logo":{"@type":"ImageObject","inLanguage":"fr-FR","@id":"https:\/\/www.webdo.tn\/fr\/#\/schema\/logo\/image\/","url":"https:\/\/www.webdo.tn\/fr\/wp-content\/uploads\/2025\/06\/Webdo-Tunisie_168377.jpg","contentUrl":"https:\/\/www.webdo.tn\/fr\/wp-content\/uploads\/2025\/06\/Webdo-Tunisie_168377.jpg","width":301,"height":301,"caption":"Webdo"},"image":{"@id":"https:\/\/www.webdo.tn\/fr\/#\/schema\/logo\/image\/"},"sameAs":["https:\/\/www.facebook.com\/webdotn","https:\/\/x.com\/webdo_tn"],"description":"Webdo est un m\u00e9dia num\u00e9rique tunisien fond\u00e9 en 2010, sp\u00e9cialis\u00e9 dans l\u2019actualit\u00e9 nationale et internationale, l\u2019\u00e9conomie, la soci\u00e9t\u00e9 et les analyses politiques. Le site s\u2019adresse \u00e0 un large public francophone et couvre l\u2019information tunisienne en temps r\u00e9el.","email":"redac@webdo.tn","legalName":"YNJ SARL","foundingDate":"2010-09-06","numberOfEmployees":{"@type":"QuantitativeValue","minValue":"11","maxValue":"50"}},{"@type":"Person","@id":"https:\/\/www.webdo.tn\/fr\/#\/schema\/person\/9a9c6118d687c117df8ef3cc36a4d175","name":"webdo.tn","image":{"@type":"ImageObject","inLanguage":"fr-FR","@id":"https:\/\/secure.gravatar.com\/avatar\/7ce1f28c0c3bbac99ff550b85ef8e44a6950c6ee24514fb6a5489e51d06f0298?s=96&d=mm&r=g","url":"https:\/\/secure.gravatar.com\/avatar\/7ce1f28c0c3bbac99ff550b85ef8e44a6950c6ee24514fb6a5489e51d06f0298?s=96&d=mm&r=g","contentUrl":"https:\/\/secure.gravatar.com\/avatar\/7ce1f28c0c3bbac99ff550b85ef8e44a6950c6ee24514fb6a5489e51d06f0298?s=96&d=mm&r=g","caption":"webdo.tn"},"url":"https:\/\/www.webdo.tn\/fr\/actualite\/author\/webdotn\/"}]}},"_links":{"self":[{"href":"https:\/\/www.webdo.tn\/fr\/wp-json\/wp\/v2\/posts\/173344","targetHints":{"allow":["GET"]}}],"collection":[{"href":"https:\/\/www.webdo.tn\/fr\/wp-json\/wp\/v2\/posts"}],"about":[{"href":"https:\/\/www.webdo.tn\/fr\/wp-json\/wp\/v2\/types\/post"}],"author":[{"embeddable":true,"href":"https:\/\/www.webdo.tn\/fr\/wp-json\/wp\/v2\/users\/3222"}],"replies":[{"embeddable":true,"href":"https:\/\/www.webdo.tn\/fr\/wp-json\/wp\/v2\/comments?post=173344"}],"version-history":[{"count":0,"href":"https:\/\/www.webdo.tn\/fr\/wp-json\/wp\/v2\/posts\/173344\/revisions"}],"wp:featuredmedia":[{"embeddable":true,"href":"https:\/\/www.webdo.tn\/fr\/wp-json\/wp\/v2\/media\/296629"}],"wp:attachment":[{"href":"https:\/\/www.webdo.tn\/fr\/wp-json\/wp\/v2\/media?parent=173344"}],"wp:term":[{"taxonomy":"category","embeddable":true,"href":"https:\/\/www.webdo.tn\/fr\/wp-json\/wp\/v2\/categories?post=173344"},{"taxonomy":"post_tag","embeddable":true,"href":"https:\/\/www.webdo.tn\/fr\/wp-json\/wp\/v2\/tags?post=173344"}],"curies":[{"name":"wp","href":"https:\/\/api.w.org\/{rel}","templated":true}]}}