{"id":173341,"date":"2019-01-09T12:04:00","date_gmt":"2019-01-09T12:04:00","guid":{"rendered":"https:\/\/www.webdo.tn\/fr\/blog\/safaa-cherif-les-sites-classes-au-patrimoine-mondial-ne-lont-jamais-ete-a-lechelle-nationale\/173341\/"},"modified":"2025-05-19T14:42:04","modified_gmt":"2025-05-19T14:42:04","slug":"safaa-cherif-les-sites-classes-au-patrimoine-mondial-ne-lont-jamais-ete-a-lechelle-nationale","status":"publish","type":"post","link":"https:\/\/www.webdo.tn\/fr\/actualite\/tunis-hebdo\/safaa-cherif-les-sites-classes-au-patrimoine-mondial-ne-lont-jamais-ete-a-lechelle-nationale\/173341\/","title":{"rendered":"Safaa Cherif : \u00ab\u00a0Les sites class\u00e9s au patrimoine mondial ne l&rsquo;ont jamais \u00e9t\u00e9 \u00e0 l&rsquo;\u00e9chelle nationale !\u00a0\u00bb"},"content":{"rendered":"<p>Les intemp\u00e9ries, qui ont touch\u00e9 le pays et d\u00e9truit en septembre de nombreux foyers faisant des dizaines de victimes, ont r\u00e9v\u00e9l\u00e9 au grand jour l&rsquo;\u00e9tat d\u00e9plorable dans lequel se trouve notre patrimoine historique. Des aqueducs, des remparts, des b\u00e2tisses mill\u00e9naires et m\u00eame des ouvrages contemporains se sont litt\u00e9ralement \u00e9croul\u00e9s sous la force des eaux. Point\u00e9s du doigt par l&rsquo;opinion publique, les architectes tunisiens sont la cible de virulentes critiques qui remettent en cause leurs comp\u00e9tences et leurs aptitudes \u00e0 construire ou \u00e0 restaurer convenablement nos \u00e9difices. L&rsquo;association \u00c9difices et M\u00e9moires (E&amp;M) a bien voulu nous \u00e9clairer \u00e0 ce sujet par l&rsquo;interm\u00e9diaire de l&rsquo;un de ses membres, l&rsquo;architecte Safaa Cherif : Entretien&#8230;<br \/>\nUn ksar \u00e0 M\u00e9denine, une arche \u00e0 Ghar el Melh, une partie des remparts de Kairouan, pourquoi notre patrimoine tombe soudainement en ruine ?<\/p>\n<p>La destruction et les saccages que notre patrimoine a subis ces derniers temps ne sont pas une premi\u00e8re ! Les Tunisiens commencent \u00e0 se rendre compte de l&rsquo;ampleur du d\u00e9sastre gr\u00e2ce, entre autres, aux images et vid\u00e9os qui circulent sur les r\u00e9seaux sociaux mais surtout aux efforts d&rsquo;une soci\u00e9t\u00e9 civile active et vigilante \u00e0 l&rsquo;image de l&rsquo;association \u00c9difices et M\u00e9moires.<\/p>\n<p>Il est vrai qu&rsquo;on a pu assister, ces derniers temps, \u00e0 une aggravation exponentielle de ce ph\u00e9nom\u00e8ne. Cela est d\u00fb, selon nous, \u00e0 l\u2019absence de vision globale vis-\u00e0-vis de la gestion du patrimoine. Voil\u00e0 pourquoi nous sommes sans cesse sur le qui-vive.<\/p>\n<p>L&rsquo;absence de documents strat\u00e9giques de gestion du patrimoine est la principale cause de la situation catastrophique actuelle. Le code du patrimoine tunisien n&rsquo;a jamais \u00e9t\u00e9 appliqu\u00e9 en mati\u00e8re de cr\u00e9ation de secteurs sauvegard\u00e9s.<\/p>\n<p>Par exemple, aucun plan de sauvegarde et de mise en valeur (Psmv) n&rsquo;a \u00e9t\u00e9 \u00e9labor\u00e9 depuis 1993, m\u00eame les ensembles historiques class\u00e9s au patrimoine mondial (Tunis, Sousse, Kairouan) n&rsquo;ont jamais \u00e9t\u00e9 class\u00e9s \u00e0 l&rsquo;\u00e9chelle nationale !<br \/>\n\u00ab\u00a0On ne forme pas d&rsquo;architectes du patrimoine en Tunisie !\u00a0\u00bb<br \/>\nOn ne devrait pas non plus nier la difficult\u00e9 que rencontre l&rsquo;administration centralis\u00e9e en mati\u00e8re de gestion des permis de b\u00e2tir et de r\u00e9vision des plans d&rsquo;am\u00e9nagement urbains ou territoriaux. Ces derniers se voient bloqu\u00e9s au sein des \u00e9tablissements charg\u00e9s du patrimoine pour des raisons d&rsquo;absence d&rsquo;un inventaire pr\u00e9cis et complet du patrimoine tunisien.<\/p>\n<p>En d&rsquo;autres termes, il n&rsquo;y a aucune vision claire, ni de strat\u00e9gies \u00e0 court, moyen et long terme. Par cons\u00e9quent, les localit\u00e9s, les r\u00e9gions et le minist\u00e8re de l&rsquo;\u00c9quipement, de l&rsquo;Habitat et de l&rsquo;Am\u00e9nagement du territoire se trouvent, parfois, dans l&rsquo;obligation de passer outre afin de r\u00e9pondre \u00e0 des besoins urgents sociaux ou \u00e9conomiques.<\/p>\n<p>Quel est le principal obstacle \u00e0 la pr\u00e9servation de nos monuments ?<\/p>\n<p>Les obstacles sont d&rsquo;ordre institutionnel et administratif. Les organismes charg\u00e9s du patrimoine n&rsquo;ont aucune juridiction leur permettant d&rsquo;agir sur le terrain en vue de stopper une agression sur un bien d&rsquo;int\u00e9r\u00eat historique. Ces organismes ne peuvent que porter plainte ou alerter les concern\u00e9s.<\/p>\n<p>Sachez aussi que l&rsquo;absence d&rsquo;outils juridiques efficaces et flexibles en mati\u00e8re de gestion du territoire \u00e0 int\u00e9r\u00eat historique et culturel contribue \u00e0 une mutation incontr\u00f4l\u00e9e du territoire. Il n&rsquo;y a pas eu non plus d&rsquo;exp\u00e9riences s\u00e9rieuses visant \u00e0 int\u00e9grer le patrimoine b\u00e2ti dans la dynamique \u00e9conomique et touristique afin qu&rsquo;il se transforme en vecteur de d\u00e9veloppement durable, et ce, pour des raisons fonci\u00e8res.<\/p>\n<p>On a r\u00e9cemment mis en cause les comp\u00e9tences professionnelles des restaurateurs, qu&rsquo;en est-il r\u00e9ellement ?<\/p>\n<p>On a, effectivement, constat\u00e9 que certains types de d\u00e9t\u00e9rioration touchant nos b\u00e2tisses historiques sont le fruit d&rsquo;anciennes interventions humaines rat\u00e9es. Il y a quelques ann\u00e9es, on utilisait des mat\u00e9riaux inad\u00e9quats et des techniques de restauration inefficaces, voire n\u00e9fastes. On en paie le prix fort aujourd&rsquo;hui !<\/p>\n<p>Cela est principalement d\u00fb au manque de formation et d&rsquo;absence de sp\u00e9cialisation dans le domaine architectural. Il n&rsquo;existe pas, en Tunisie, une formation orient\u00e9e \u00e0 l&rsquo;\u00e9gard des architectes du patrimoine !Certains disent que les constructions de l&rsquo;\u00e9poque sont plus solides que celles de maintenant&#8230;<\/p>\n<p>Ce n&rsquo;est pas toujours vrai. Je pense que c&rsquo;est une allusion au fait que les constructions en pierre, typique de l&rsquo;\u00e9poque antique et m\u00e9di\u00e9vale, sont g\u00e9n\u00e9ralement stables et \u00e9ternelles si on respecte les techniques de montage et les propri\u00e9t\u00e9s physico-chimiques des mat\u00e9riaux. On remarque n\u00e9anmoins que des immeubles du centre-ville de Tunis datant du 19\u00e8me ou du d\u00e9but du 20\u00e8me si\u00e8cle tombent plus rapidement en ruine que des \u00e9difices centenaires.<br \/>\n\u00ab\u00a0La R\u00e9volution de 2011 a permis de nous r\u00e9concilier avec notre pass\u00e9\u00a0\u00bb<br \/>\nAvec l&rsquo;urbanisation \u00e0 grande \u00e9chelle, on construit \u00e0 une vitesse faramineuse et dans n&rsquo;importe quel endroit. M\u00eame si les techniques de construction ont \u00e9volu\u00e9 avec le temps, on a du mal \u00e0 les adapter aux conditions g\u00e9ologiques et climatiques. Construire un b\u00e2timent en b\u00e9ton arm\u00e9 sur un terrain vaseux et mar\u00e9cageux n&rsquo;est pas un choix judicieux et pourtant, c&rsquo;est monnaie courante dans ce pays.<\/p>\n<p>Quels sont les principaux organismes charg\u00e9s de la restauration du patrimoine tunisien ?<\/p>\n<p>Les organismes cens\u00e9s g\u00e9rer le patrimoine b\u00e2ti sont le minist\u00e8re de la Culture ainsi que ses deux institutions, \u00e0 savoir l&rsquo;Institut National du Patrimoine charg\u00e9 des \u00e9tudes scientifiques et techniques et de l&rsquo;inventaire ainsi que de la gestion administrative et l&rsquo;Agence de mise en valeur du patrimoine et de promotion culturelle qui est un r\u00e9gisseur s&rsquo;occupant des structures d&rsquo;accueil des sites et des monuments ouverts \u00e0 la visite.<\/p>\n<p>En revanche, le nouveau code des collectivit\u00e9s locales incite chaque municipalit\u00e9 et r\u00e9gion \u00e0 assurer le suivi et la gestion du patrimoine b\u00e2ti dans le respect du code du patrimoine et du code de l&rsquo;urbanisme.<\/p>\n<p>Avez-vous senti, depuis la R\u00e9volution, un regain d&rsquo;int\u00e9r\u00eat de l&rsquo;Etat vis-\u00e0-vis du patrimoine ?<\/p>\n<p>En souhaitant rompre avec le pass\u00e9 beylical depuis sa prise de pouvoir en 1957, Bourguiba a entra\u00een\u00e9 la d\u00e9molition de plusieurs \u00e9difices du r\u00e8gne pr\u00e9c\u00e9dent tel que Dar al-Taj \u00e0 La Marsa ou le palais beylical d&rsquo;Hammam-Lif.<\/p>\n<p>Lorsqu&rsquo;il a destitu\u00e9 Bourguiba, Ben Ali a fait de m\u00eame en modifiant et en n\u00e9gligeant plusieurs symboles rappelant le premier pr\u00e9sident tunisien. Le remplacement de la statue de Bourguiba par une horloge en plein centre de la capitale en fut le parfait exemple.<\/p>\n<p>Apr\u00e8s la R\u00e9volution, la statue de Bourguiba a \u00e9t\u00e9 remise \u00e0 sa place initiale sur l&rsquo;avenue \u00e9ponyme \u00e0 Tunis sans que la grande horloge du temps de Ben Ali ne soit enlev\u00e9e. Cet acte pourrait \u00eatre consid\u00e9r\u00e9 comme un signe de r\u00e9conciliation avec l&rsquo;Histoire.<\/p>\n<p>Nous avons donc v\u00e9cu pendant pr\u00e8s de 55 ans d&rsquo;histoires fa\u00e7onn\u00e9es par les diff\u00e9rents protagonistes de ce pays. Les \u00e9v\u00e9nements de 2011 ont permis de nous questionner sur notre pass\u00e9 \u00e0 travers notre architecture.<\/p>\n<p>Aujourd&rsquo;hui, l&rsquo;Etat se trouve en face d&rsquo;une soci\u00e9t\u00e9 civile active et d\u00e9vou\u00e9e qui n&rsquo;a de cesse de pr\u00e9server son patrimoine. Bien qu&rsquo;il ait r\u00e9agi, \u00e0 maintes reprises, face \u00e0 certaines agressions, l&rsquo;Etat n&rsquo;a pas montr\u00e9 une politique claire dans le but de valoriser ce patrimoine et de l&rsquo;int\u00e9grer dans le circuit socio\u00e9conomique.<\/p>\n<p>Interview r\u00e9alis\u00e9e par Mohamed Habib LADJIMI<\/p>\n","protected":false},"excerpt":{"rendered":"<p>Safaa Cherif :  Les sites class\u00e9s au patrimoine mondial ne l&rsquo;ont jamais \u00e9t\u00e9 \u00e0 l&rsquo;\u00e9chelle nationale !<\/p>\n","protected":false},"author":3222,"featured_media":296604,"comment_status":"open","ping_status":"closed","sticky":false,"template":"","format":"standard","meta":{"footnotes":""},"categories":[7653],"tags":[2600],"class_list":["post-173341","post","type-post","status-publish","format-standard","has-post-thumbnail","hentry","category-tunis-hebdo","tag-guerre"],"yoast_head":"<!-- This site is optimized with the Yoast SEO Premium plugin v27.4 (Yoast SEO v27.4) - https:\/\/yoast.com\/product\/yoast-seo-premium-wordpress\/ -->\n<title>Safaa Cherif : Les sites class\u00e9s au patrimoine mondial ne l&#039;ont jamais \u00e9t\u00e9 \u00e0 l&#039;\u00e9chelle nationale !<\/title>\n<meta name=\"description\" content=\"Safaa Cherif : Les sites class\u00e9s au patrimoine mondial ne l&#039;ont jamais \u00e9t\u00e9 \u00e0 l&#039;\u00e9chelle nationale !\" \/>\n<link rel=\"canonical\" href=\"https:\/\/www.webdo.tn\/fr\/actualite\/tunis-hebdo\/safaa-cherif-les-sites-classes-au-patrimoine-mondial-ne-lont-jamais-ete-a-lechelle-nationale\/173341\/\" \/>\n<meta property=\"og:locale\" content=\"fr_FR\" \/>\n<meta property=\"og:type\" content=\"article\" \/>\n<meta property=\"og:title\" content=\"Safaa Cherif : &quot;Les sites class\u00e9s au patrimoine mondial ne l&#039;ont jamais \u00e9t\u00e9 \u00e0 l&#039;\u00e9chelle nationale !&quot;\" \/>\n<meta property=\"og:description\" content=\"Safaa Cherif : Les sites class\u00e9s au patrimoine mondial ne l&#039;ont jamais \u00e9t\u00e9 \u00e0 l&#039;\u00e9chelle nationale !\" \/>\n<meta property=\"og:url\" content=\"https:\/\/www.webdo.tn\/fr\/actualite\/tunis-hebdo\/safaa-cherif-les-sites-classes-au-patrimoine-mondial-ne-lont-jamais-ete-a-lechelle-nationale\/173341\/\" \/>\n<meta property=\"og:site_name\" content=\"webdo\" \/>\n<meta property=\"article:publisher\" content=\"https:\/\/www.facebook.com\/webdotn\" \/>\n<meta property=\"article:published_time\" content=\"2019-01-09T12:04:00+00:00\" \/>\n<meta property=\"article:modified_time\" content=\"2025-05-19T14:42:04+00:00\" \/>\n<meta property=\"og:image\" content=\"https:\/\/www.webdo.tn\/fr\/wp-content\/uploads\/2019\/01\/P10-Safaa-2.jpg\" \/>\n\t<meta property=\"og:image:width\" content=\"960\" \/>\n\t<meta property=\"og:image:height\" content=\"960\" \/>\n\t<meta property=\"og:image:type\" content=\"image\/jpeg\" \/>\n<meta name=\"author\" content=\"webdo.tn\" \/>\n<meta name=\"twitter:card\" content=\"summary_large_image\" \/>\n<meta name=\"twitter:creator\" content=\"@webdo_tn\" \/>\n<meta name=\"twitter:site\" content=\"@webdo_tn\" \/>\n<meta name=\"twitter:label1\" content=\"\u00c9crit par\" \/>\n\t<meta name=\"twitter:data1\" content=\"webdo.tn\" \/>\n\t<meta name=\"twitter:label2\" content=\"Dur\u00e9e de lecture estim\u00e9e\" \/>\n\t<meta name=\"twitter:data2\" content=\"6 minutes\" \/>\n<script type=\"application\/ld+json\" class=\"yoast-schema-graph\">{\"@context\":\"https:\\\/\\\/schema.org\",\"@graph\":[{\"@type\":\"NewsArticle\",\"@id\":\"https:\\\/\\\/www.webdo.tn\\\/fr\\\/actualite\\\/tunis-hebdo\\\/safaa-cherif-les-sites-classes-au-patrimoine-mondial-ne-lont-jamais-ete-a-lechelle-nationale\\\/173341\\\/#article\",\"isPartOf\":{\"@id\":\"https:\\\/\\\/www.webdo.tn\\\/fr\\\/actualite\\\/tunis-hebdo\\\/safaa-cherif-les-sites-classes-au-patrimoine-mondial-ne-lont-jamais-ete-a-lechelle-nationale\\\/173341\\\/\"},\"author\":{\"name\":\"webdo.tn\",\"@id\":\"https:\\\/\\\/www.webdo.tn\\\/fr\\\/#\\\/schema\\\/person\\\/9a9c6118d687c117df8ef3cc36a4d175\"},\"headline\":\"Safaa Cherif : \u00ab\u00a0Les sites class\u00e9s au patrimoine mondial ne l&rsquo;ont jamais \u00e9t\u00e9 \u00e0 l&rsquo;\u00e9chelle nationale !\u00a0\u00bb\",\"datePublished\":\"2019-01-09T12:04:00+00:00\",\"dateModified\":\"2025-05-19T14:42:04+00:00\",\"mainEntityOfPage\":{\"@id\":\"https:\\\/\\\/www.webdo.tn\\\/fr\\\/actualite\\\/tunis-hebdo\\\/safaa-cherif-les-sites-classes-au-patrimoine-mondial-ne-lont-jamais-ete-a-lechelle-nationale\\\/173341\\\/\"},\"wordCount\":1320,\"commentCount\":0,\"publisher\":{\"@id\":\"https:\\\/\\\/www.webdo.tn\\\/fr\\\/#organization\"},\"image\":{\"@id\":\"https:\\\/\\\/www.webdo.tn\\\/fr\\\/actualite\\\/tunis-hebdo\\\/safaa-cherif-les-sites-classes-au-patrimoine-mondial-ne-lont-jamais-ete-a-lechelle-nationale\\\/173341\\\/#primaryimage\"},\"thumbnailUrl\":\"https:\\\/\\\/www.webdo.tn\\\/fr\\\/wp-content\\\/uploads\\\/2019\\\/01\\\/P10-Safaa-2.jpg\",\"keywords\":[\"guerre\"],\"articleSection\":[\"Tunis-Hebdo\"],\"inLanguage\":\"fr-FR\"},{\"@type\":\"WebPage\",\"@id\":\"https:\\\/\\\/www.webdo.tn\\\/fr\\\/actualite\\\/tunis-hebdo\\\/safaa-cherif-les-sites-classes-au-patrimoine-mondial-ne-lont-jamais-ete-a-lechelle-nationale\\\/173341\\\/\",\"url\":\"https:\\\/\\\/www.webdo.tn\\\/fr\\\/actualite\\\/tunis-hebdo\\\/safaa-cherif-les-sites-classes-au-patrimoine-mondial-ne-lont-jamais-ete-a-lechelle-nationale\\\/173341\\\/\",\"name\":\"Safaa Cherif : Les sites class\u00e9s au patrimoine mondial ne l'ont jamais \u00e9t\u00e9 \u00e0 l'\u00e9chelle nationale !\",\"isPartOf\":{\"@id\":\"https:\\\/\\\/www.webdo.tn\\\/fr\\\/#website\"},\"primaryImageOfPage\":{\"@id\":\"https:\\\/\\\/www.webdo.tn\\\/fr\\\/actualite\\\/tunis-hebdo\\\/safaa-cherif-les-sites-classes-au-patrimoine-mondial-ne-lont-jamais-ete-a-lechelle-nationale\\\/173341\\\/#primaryimage\"},\"image\":{\"@id\":\"https:\\\/\\\/www.webdo.tn\\\/fr\\\/actualite\\\/tunis-hebdo\\\/safaa-cherif-les-sites-classes-au-patrimoine-mondial-ne-lont-jamais-ete-a-lechelle-nationale\\\/173341\\\/#primaryimage\"},\"thumbnailUrl\":\"https:\\\/\\\/www.webdo.tn\\\/fr\\\/wp-content\\\/uploads\\\/2019\\\/01\\\/P10-Safaa-2.jpg\",\"datePublished\":\"2019-01-09T12:04:00+00:00\",\"dateModified\":\"2025-05-19T14:42:04+00:00\",\"description\":\"Safaa Cherif : Les sites class\u00e9s au patrimoine mondial ne l'ont jamais \u00e9t\u00e9 \u00e0 l'\u00e9chelle nationale !\",\"breadcrumb\":{\"@id\":\"https:\\\/\\\/www.webdo.tn\\\/fr\\\/actualite\\\/tunis-hebdo\\\/safaa-cherif-les-sites-classes-au-patrimoine-mondial-ne-lont-jamais-ete-a-lechelle-nationale\\\/173341\\\/#breadcrumb\"},\"inLanguage\":\"fr-FR\",\"potentialAction\":[{\"@type\":\"ReadAction\",\"target\":[\"https:\\\/\\\/www.webdo.tn\\\/fr\\\/actualite\\\/tunis-hebdo\\\/safaa-cherif-les-sites-classes-au-patrimoine-mondial-ne-lont-jamais-ete-a-lechelle-nationale\\\/173341\\\/\"]}]},{\"@type\":\"ImageObject\",\"inLanguage\":\"fr-FR\",\"@id\":\"https:\\\/\\\/www.webdo.tn\\\/fr\\\/actualite\\\/tunis-hebdo\\\/safaa-cherif-les-sites-classes-au-patrimoine-mondial-ne-lont-jamais-ete-a-lechelle-nationale\\\/173341\\\/#primaryimage\",\"url\":\"https:\\\/\\\/www.webdo.tn\\\/fr\\\/wp-content\\\/uploads\\\/2019\\\/01\\\/P10-Safaa-2.jpg\",\"contentUrl\":\"https:\\\/\\\/www.webdo.tn\\\/fr\\\/wp-content\\\/uploads\\\/2019\\\/01\\\/P10-Safaa-2.jpg\",\"width\":960,\"height\":960,\"caption\":\"Safaa Cherif : \\\"Les sites class\u00e9s au patrimoine mondial ne l'ont jamais \u00e9t\u00e9 \u00e0 l'\u00e9chelle nationale !\\\"\"},{\"@type\":\"BreadcrumbList\",\"@id\":\"https:\\\/\\\/www.webdo.tn\\\/fr\\\/actualite\\\/tunis-hebdo\\\/safaa-cherif-les-sites-classes-au-patrimoine-mondial-ne-lont-jamais-ete-a-lechelle-nationale\\\/173341\\\/#breadcrumb\",\"itemListElement\":[{\"@type\":\"ListItem\",\"position\":1,\"name\":\"Accueil\",\"item\":\"https:\\\/\\\/www.webdo.tn\\\/fr\\\/\"},{\"@type\":\"ListItem\",\"position\":2,\"name\":\"Safaa Cherif : \u00ab\u00a0Les sites class\u00e9s au patrimoine mondial ne l&rsquo;ont jamais \u00e9t\u00e9 \u00e0 l&rsquo;\u00e9chelle nationale !\u00a0\u00bb\"}]},{\"@type\":\"WebSite\",\"@id\":\"https:\\\/\\\/www.webdo.tn\\\/fr\\\/#website\",\"url\":\"https:\\\/\\\/www.webdo.tn\\\/fr\\\/\",\"name\":\"webdo\",\"description\":\"Tunisie - News en Tunisie et \u00e0 l&#039;international sur Webdo.tn\",\"publisher\":{\"@id\":\"https:\\\/\\\/www.webdo.tn\\\/fr\\\/#organization\"},\"potentialAction\":[{\"@type\":\"SearchAction\",\"target\":{\"@type\":\"EntryPoint\",\"urlTemplate\":\"https:\\\/\\\/www.webdo.tn\\\/fr\\\/?s={search_term_string}\"},\"query-input\":{\"@type\":\"PropertyValueSpecification\",\"valueRequired\":true,\"valueName\":\"search_term_string\"}}],\"inLanguage\":\"fr-FR\"},{\"@type\":\"Organization\",\"@id\":\"https:\\\/\\\/www.webdo.tn\\\/fr\\\/#organization\",\"name\":\"Webdo\",\"alternateName\":\"Webdo.tn\",\"url\":\"https:\\\/\\\/www.webdo.tn\\\/fr\\\/\",\"logo\":{\"@type\":\"ImageObject\",\"inLanguage\":\"fr-FR\",\"@id\":\"https:\\\/\\\/www.webdo.tn\\\/fr\\\/#\\\/schema\\\/logo\\\/image\\\/\",\"url\":\"https:\\\/\\\/www.webdo.tn\\\/fr\\\/wp-content\\\/uploads\\\/2025\\\/06\\\/Webdo-Tunisie_168377.jpg\",\"contentUrl\":\"https:\\\/\\\/www.webdo.tn\\\/fr\\\/wp-content\\\/uploads\\\/2025\\\/06\\\/Webdo-Tunisie_168377.jpg\",\"width\":301,\"height\":301,\"caption\":\"Webdo\"},\"image\":{\"@id\":\"https:\\\/\\\/www.webdo.tn\\\/fr\\\/#\\\/schema\\\/logo\\\/image\\\/\"},\"sameAs\":[\"https:\\\/\\\/www.facebook.com\\\/webdotn\",\"https:\\\/\\\/x.com\\\/webdo_tn\"],\"description\":\"Webdo est un m\u00e9dia num\u00e9rique tunisien fond\u00e9 en 2010, sp\u00e9cialis\u00e9 dans l\u2019actualit\u00e9 nationale et internationale, l\u2019\u00e9conomie, la soci\u00e9t\u00e9 et les analyses politiques. Le site s\u2019adresse \u00e0 un large public francophone et couvre l\u2019information tunisienne en temps r\u00e9el.\",\"email\":\"redac@webdo.tn\",\"legalName\":\"YNJ SARL\",\"foundingDate\":\"2010-09-06\",\"numberOfEmployees\":{\"@type\":\"QuantitativeValue\",\"minValue\":\"11\",\"maxValue\":\"50\"}},{\"@type\":\"Person\",\"@id\":\"https:\\\/\\\/www.webdo.tn\\\/fr\\\/#\\\/schema\\\/person\\\/9a9c6118d687c117df8ef3cc36a4d175\",\"name\":\"webdo.tn\",\"image\":{\"@type\":\"ImageObject\",\"inLanguage\":\"fr-FR\",\"@id\":\"https:\\\/\\\/secure.gravatar.com\\\/avatar\\\/7ce1f28c0c3bbac99ff550b85ef8e44a6950c6ee24514fb6a5489e51d06f0298?s=96&d=mm&r=g\",\"url\":\"https:\\\/\\\/secure.gravatar.com\\\/avatar\\\/7ce1f28c0c3bbac99ff550b85ef8e44a6950c6ee24514fb6a5489e51d06f0298?s=96&d=mm&r=g\",\"contentUrl\":\"https:\\\/\\\/secure.gravatar.com\\\/avatar\\\/7ce1f28c0c3bbac99ff550b85ef8e44a6950c6ee24514fb6a5489e51d06f0298?s=96&d=mm&r=g\",\"caption\":\"webdo.tn\"},\"url\":\"https:\\\/\\\/www.webdo.tn\\\/fr\\\/actualite\\\/author\\\/webdotn\\\/\"}]}<\/script>\n<!-- \/ Yoast SEO Premium plugin. -->","yoast_head_json":{"title":"Safaa Cherif : Les sites class\u00e9s au patrimoine mondial ne l'ont jamais \u00e9t\u00e9 \u00e0 l'\u00e9chelle nationale !","description":"Safaa Cherif : Les sites class\u00e9s au patrimoine mondial ne l'ont jamais \u00e9t\u00e9 \u00e0 l'\u00e9chelle nationale !","canonical":"https:\/\/www.webdo.tn\/fr\/actualite\/tunis-hebdo\/safaa-cherif-les-sites-classes-au-patrimoine-mondial-ne-lont-jamais-ete-a-lechelle-nationale\/173341\/","og_locale":"fr_FR","og_type":"article","og_title":"Safaa Cherif : \"Les sites class\u00e9s au patrimoine mondial ne l'ont jamais \u00e9t\u00e9 \u00e0 l'\u00e9chelle nationale !\"","og_description":"Safaa Cherif : Les sites class\u00e9s au patrimoine mondial ne l'ont jamais \u00e9t\u00e9 \u00e0 l'\u00e9chelle nationale !","og_url":"https:\/\/www.webdo.tn\/fr\/actualite\/tunis-hebdo\/safaa-cherif-les-sites-classes-au-patrimoine-mondial-ne-lont-jamais-ete-a-lechelle-nationale\/173341\/","og_site_name":"webdo","article_publisher":"https:\/\/www.facebook.com\/webdotn","article_published_time":"2019-01-09T12:04:00+00:00","article_modified_time":"2025-05-19T14:42:04+00:00","og_image":[{"width":960,"height":960,"url":"https:\/\/www.webdo.tn\/fr\/wp-content\/uploads\/2019\/01\/P10-Safaa-2.jpg","type":"image\/jpeg"}],"author":"webdo.tn","twitter_card":"summary_large_image","twitter_creator":"@webdo_tn","twitter_site":"@webdo_tn","twitter_misc":{"\u00c9crit par":"webdo.tn","Dur\u00e9e de lecture estim\u00e9e":"6 minutes"},"schema":{"@context":"https:\/\/schema.org","@graph":[{"@type":"NewsArticle","@id":"https:\/\/www.webdo.tn\/fr\/actualite\/tunis-hebdo\/safaa-cherif-les-sites-classes-au-patrimoine-mondial-ne-lont-jamais-ete-a-lechelle-nationale\/173341\/#article","isPartOf":{"@id":"https:\/\/www.webdo.tn\/fr\/actualite\/tunis-hebdo\/safaa-cherif-les-sites-classes-au-patrimoine-mondial-ne-lont-jamais-ete-a-lechelle-nationale\/173341\/"},"author":{"name":"webdo.tn","@id":"https:\/\/www.webdo.tn\/fr\/#\/schema\/person\/9a9c6118d687c117df8ef3cc36a4d175"},"headline":"Safaa Cherif : \u00ab\u00a0Les sites class\u00e9s au patrimoine mondial ne l&rsquo;ont jamais \u00e9t\u00e9 \u00e0 l&rsquo;\u00e9chelle nationale !\u00a0\u00bb","datePublished":"2019-01-09T12:04:00+00:00","dateModified":"2025-05-19T14:42:04+00:00","mainEntityOfPage":{"@id":"https:\/\/www.webdo.tn\/fr\/actualite\/tunis-hebdo\/safaa-cherif-les-sites-classes-au-patrimoine-mondial-ne-lont-jamais-ete-a-lechelle-nationale\/173341\/"},"wordCount":1320,"commentCount":0,"publisher":{"@id":"https:\/\/www.webdo.tn\/fr\/#organization"},"image":{"@id":"https:\/\/www.webdo.tn\/fr\/actualite\/tunis-hebdo\/safaa-cherif-les-sites-classes-au-patrimoine-mondial-ne-lont-jamais-ete-a-lechelle-nationale\/173341\/#primaryimage"},"thumbnailUrl":"https:\/\/www.webdo.tn\/fr\/wp-content\/uploads\/2019\/01\/P10-Safaa-2.jpg","keywords":["guerre"],"articleSection":["Tunis-Hebdo"],"inLanguage":"fr-FR"},{"@type":"WebPage","@id":"https:\/\/www.webdo.tn\/fr\/actualite\/tunis-hebdo\/safaa-cherif-les-sites-classes-au-patrimoine-mondial-ne-lont-jamais-ete-a-lechelle-nationale\/173341\/","url":"https:\/\/www.webdo.tn\/fr\/actualite\/tunis-hebdo\/safaa-cherif-les-sites-classes-au-patrimoine-mondial-ne-lont-jamais-ete-a-lechelle-nationale\/173341\/","name":"Safaa Cherif : Les sites class\u00e9s au patrimoine mondial ne l'ont jamais \u00e9t\u00e9 \u00e0 l'\u00e9chelle nationale !","isPartOf":{"@id":"https:\/\/www.webdo.tn\/fr\/#website"},"primaryImageOfPage":{"@id":"https:\/\/www.webdo.tn\/fr\/actualite\/tunis-hebdo\/safaa-cherif-les-sites-classes-au-patrimoine-mondial-ne-lont-jamais-ete-a-lechelle-nationale\/173341\/#primaryimage"},"image":{"@id":"https:\/\/www.webdo.tn\/fr\/actualite\/tunis-hebdo\/safaa-cherif-les-sites-classes-au-patrimoine-mondial-ne-lont-jamais-ete-a-lechelle-nationale\/173341\/#primaryimage"},"thumbnailUrl":"https:\/\/www.webdo.tn\/fr\/wp-content\/uploads\/2019\/01\/P10-Safaa-2.jpg","datePublished":"2019-01-09T12:04:00+00:00","dateModified":"2025-05-19T14:42:04+00:00","description":"Safaa Cherif : Les sites class\u00e9s au patrimoine mondial ne l'ont jamais \u00e9t\u00e9 \u00e0 l'\u00e9chelle nationale !","breadcrumb":{"@id":"https:\/\/www.webdo.tn\/fr\/actualite\/tunis-hebdo\/safaa-cherif-les-sites-classes-au-patrimoine-mondial-ne-lont-jamais-ete-a-lechelle-nationale\/173341\/#breadcrumb"},"inLanguage":"fr-FR","potentialAction":[{"@type":"ReadAction","target":["https:\/\/www.webdo.tn\/fr\/actualite\/tunis-hebdo\/safaa-cherif-les-sites-classes-au-patrimoine-mondial-ne-lont-jamais-ete-a-lechelle-nationale\/173341\/"]}]},{"@type":"ImageObject","inLanguage":"fr-FR","@id":"https:\/\/www.webdo.tn\/fr\/actualite\/tunis-hebdo\/safaa-cherif-les-sites-classes-au-patrimoine-mondial-ne-lont-jamais-ete-a-lechelle-nationale\/173341\/#primaryimage","url":"https:\/\/www.webdo.tn\/fr\/wp-content\/uploads\/2019\/01\/P10-Safaa-2.jpg","contentUrl":"https:\/\/www.webdo.tn\/fr\/wp-content\/uploads\/2019\/01\/P10-Safaa-2.jpg","width":960,"height":960,"caption":"Safaa Cherif : \"Les sites class\u00e9s au patrimoine mondial ne l'ont jamais \u00e9t\u00e9 \u00e0 l'\u00e9chelle nationale !\""},{"@type":"BreadcrumbList","@id":"https:\/\/www.webdo.tn\/fr\/actualite\/tunis-hebdo\/safaa-cherif-les-sites-classes-au-patrimoine-mondial-ne-lont-jamais-ete-a-lechelle-nationale\/173341\/#breadcrumb","itemListElement":[{"@type":"ListItem","position":1,"name":"Accueil","item":"https:\/\/www.webdo.tn\/fr\/"},{"@type":"ListItem","position":2,"name":"Safaa Cherif : \u00ab\u00a0Les sites class\u00e9s au patrimoine mondial ne l&rsquo;ont jamais \u00e9t\u00e9 \u00e0 l&rsquo;\u00e9chelle nationale !\u00a0\u00bb"}]},{"@type":"WebSite","@id":"https:\/\/www.webdo.tn\/fr\/#website","url":"https:\/\/www.webdo.tn\/fr\/","name":"webdo","description":"Tunisie - News en Tunisie et \u00e0 l&#039;international sur Webdo.tn","publisher":{"@id":"https:\/\/www.webdo.tn\/fr\/#organization"},"potentialAction":[{"@type":"SearchAction","target":{"@type":"EntryPoint","urlTemplate":"https:\/\/www.webdo.tn\/fr\/?s={search_term_string}"},"query-input":{"@type":"PropertyValueSpecification","valueRequired":true,"valueName":"search_term_string"}}],"inLanguage":"fr-FR"},{"@type":"Organization","@id":"https:\/\/www.webdo.tn\/fr\/#organization","name":"Webdo","alternateName":"Webdo.tn","url":"https:\/\/www.webdo.tn\/fr\/","logo":{"@type":"ImageObject","inLanguage":"fr-FR","@id":"https:\/\/www.webdo.tn\/fr\/#\/schema\/logo\/image\/","url":"https:\/\/www.webdo.tn\/fr\/wp-content\/uploads\/2025\/06\/Webdo-Tunisie_168377.jpg","contentUrl":"https:\/\/www.webdo.tn\/fr\/wp-content\/uploads\/2025\/06\/Webdo-Tunisie_168377.jpg","width":301,"height":301,"caption":"Webdo"},"image":{"@id":"https:\/\/www.webdo.tn\/fr\/#\/schema\/logo\/image\/"},"sameAs":["https:\/\/www.facebook.com\/webdotn","https:\/\/x.com\/webdo_tn"],"description":"Webdo est un m\u00e9dia num\u00e9rique tunisien fond\u00e9 en 2010, sp\u00e9cialis\u00e9 dans l\u2019actualit\u00e9 nationale et internationale, l\u2019\u00e9conomie, la soci\u00e9t\u00e9 et les analyses politiques. Le site s\u2019adresse \u00e0 un large public francophone et couvre l\u2019information tunisienne en temps r\u00e9el.","email":"redac@webdo.tn","legalName":"YNJ SARL","foundingDate":"2010-09-06","numberOfEmployees":{"@type":"QuantitativeValue","minValue":"11","maxValue":"50"}},{"@type":"Person","@id":"https:\/\/www.webdo.tn\/fr\/#\/schema\/person\/9a9c6118d687c117df8ef3cc36a4d175","name":"webdo.tn","image":{"@type":"ImageObject","inLanguage":"fr-FR","@id":"https:\/\/secure.gravatar.com\/avatar\/7ce1f28c0c3bbac99ff550b85ef8e44a6950c6ee24514fb6a5489e51d06f0298?s=96&d=mm&r=g","url":"https:\/\/secure.gravatar.com\/avatar\/7ce1f28c0c3bbac99ff550b85ef8e44a6950c6ee24514fb6a5489e51d06f0298?s=96&d=mm&r=g","contentUrl":"https:\/\/secure.gravatar.com\/avatar\/7ce1f28c0c3bbac99ff550b85ef8e44a6950c6ee24514fb6a5489e51d06f0298?s=96&d=mm&r=g","caption":"webdo.tn"},"url":"https:\/\/www.webdo.tn\/fr\/actualite\/author\/webdotn\/"}]}},"_links":{"self":[{"href":"https:\/\/www.webdo.tn\/fr\/wp-json\/wp\/v2\/posts\/173341","targetHints":{"allow":["GET"]}}],"collection":[{"href":"https:\/\/www.webdo.tn\/fr\/wp-json\/wp\/v2\/posts"}],"about":[{"href":"https:\/\/www.webdo.tn\/fr\/wp-json\/wp\/v2\/types\/post"}],"author":[{"embeddable":true,"href":"https:\/\/www.webdo.tn\/fr\/wp-json\/wp\/v2\/users\/3222"}],"replies":[{"embeddable":true,"href":"https:\/\/www.webdo.tn\/fr\/wp-json\/wp\/v2\/comments?post=173341"}],"version-history":[{"count":0,"href":"https:\/\/www.webdo.tn\/fr\/wp-json\/wp\/v2\/posts\/173341\/revisions"}],"wp:featuredmedia":[{"embeddable":true,"href":"https:\/\/www.webdo.tn\/fr\/wp-json\/wp\/v2\/media\/296604"}],"wp:attachment":[{"href":"https:\/\/www.webdo.tn\/fr\/wp-json\/wp\/v2\/media?parent=173341"}],"wp:term":[{"taxonomy":"category","embeddable":true,"href":"https:\/\/www.webdo.tn\/fr\/wp-json\/wp\/v2\/categories?post=173341"},{"taxonomy":"post_tag","embeddable":true,"href":"https:\/\/www.webdo.tn\/fr\/wp-json\/wp\/v2\/tags?post=173341"}],"curies":[{"name":"wp","href":"https:\/\/api.w.org\/{rel}","templated":true}]}}