{"id":173339,"date":"2019-01-11T11:13:00","date_gmt":"2019-01-11T10:13:00","guid":{"rendered":"https:\/\/www.webdo.tn\/fr\/actualite\/tunis-hebdo\/coupes-africaines-attention-a-la-marche\/173339"},"modified":"2019-01-11T11:13:00","modified_gmt":"2019-01-11T10:13:00","slug":"coupes-africaines-attention-a-la-marche","status":"publish","type":"post","link":"https:\/\/www.webdo.tn\/fr\/actualite\/tunis-hebdo\/coupes-africaines-attention-a-la-marche\/173339\/","title":{"rendered":"Coupes africaines : Attention \u00e0 la marche !"},"content":{"rendered":"<p>L\u2019\u00e9dition 2019-2020 des Coupes africaines sera boucl\u00e9e en six mois \u00e0 l\u2019instar de ce qui se passe en Europe. L\u2019EST et le CA en Ligue des Champions, et le CSS qui joue l\u2019ultime tour de la Coupe de la CAF qualificatif \u00e0 la phase des poules, savent \u00e0 quoi s\u2019en tenir.<br \/>\nLes choses s\u00e9rieuses commencent. Ce week-end, l\u2019EST, qualifi\u00e9e directement \u00e0 la phase des poules, \u00e9tant le tenant du titre, entamera son aventure africaine au Guin\u00e9e chez le champion local, Horoya Conakry.<br \/>\nR\u00e9\u00e9diter la performance de 2018<br \/>\nLe champion en titre de la LDC remettra vendredi son titre en jeu. Dans un Gr. B qui comprend FC Platinum du Zimbabwe, Orlando Pirates de l\u2019Afrique du Sud et Horoya Coankry de Guin\u00e9e, l\u2019Esp\u00e9rance part avec les faveurs des pronostics pour occuper l\u2019une des deux premi\u00e8res places qualificatives aux quarts de finale de la comp\u00e9tition.<\/p>\n<p>Pour leur entr\u00e9e en lice, les co\u00e9quipiers de Chammam ne seront pas toutefois sur du velours \u00e0 Conakry face un adversaire rompu \u00e0 ce genre de comp\u00e9tition. De plus, ce sont les \u00e9quipes cens\u00e9es \u00eatre intrins\u00e8quement inf\u00e9rieures \u00e0 nos repr\u00e9sentants qui nous ont le plus pos\u00e9s de probl\u00e8mes, que ce soit \u00e0 l\u2019ext\u00e9rieur ou m\u00eame sur nos bases.<\/p>\n<p>Les \u00ab Sang et Or \u00bb doivent rester prudents et ne pas aller vite en besogne. Un point ramen\u00e9 de Conakry serait un bon r\u00e9sultat dans l\u2019\u00e9tat actuel des choses, la victoire serait la cerise sur le g\u00e2teau.<br \/>\nLe CA veut r\u00e9\u00e9crire l\u2019histoire !<br \/>\nApr\u00e8s 21 ans d\u2019absence de la phase des poules de la Ligue des Champions, nous pensons que le CA va faire son come-back dans une atmosph\u00e8re d\u2019euphorie doubl\u00e9e d\u2019une appr\u00e9hension, l\u00e9gitime du reste. Les joueurs de l\u2019effectif actuel du CA, qui ont d\u00e9j\u00e0 jou\u00e9 des matches de la LDC dans ses tours pr\u00e9liminaires, se comptent sur les doigts.<\/p>\n<p>A part Yahia, Dhaouadi et Iffa, tous les autres sont novices. Et c\u2019est l\u00e0, peut-\u00eatre, o\u00f9 se r\u00e9sume le r\u00f4le que doivent jouer les v\u00e9t\u00e9rans, Belbouli et Derragi, en l\u2019occurrence, des habitu\u00e9s de la comp\u00e9tition et d\u00e9j\u00e0 vainqueurs de cette m\u00eame \u00e9preuve avec leurs anciens clubs.<\/p>\n<p>Dans un Gr. C tr\u00e8s relev\u00e9 (Mazembe, Ismaily, Constantine), la t\u00e2che des Clubistes para\u00eet difficile surtout que le nombre de joueurs inscrits sur la liste africaine est tr\u00e8s limit\u00e9e sans oublier l\u2019interdiction de recrutement dont le club de Bab Djedid est l\u2019objet.<\/p>\n<p>Ce samedi, face \u00e0 l\u2019\u00e9quipe alg\u00e9rienne de Constantine, il y a \u00e0 esp\u00e9rer un CA bien ses jambes pour d\u00e9marrer la phase des poules sur les chapeaux de roue. C\u2019est d\u2019ailleurs le v\u0153u de tous les fans clubistes, sevr\u00e9s, il est vrai, de titres africains depuis 1991, date de la premi\u00e8re (et derni\u00e8re) victoire du club dans une comp\u00e9tition continentale.<br \/>\nDans les cordes du CSS<br \/>\nMoins rude sera la t\u00e2che du CSS face au repr\u00e9sentant ougandais, le Vipers FC. Tenus de jouer les seizi\u00e8mes de finale bis de la Coupe de la CAF pour esp\u00e9rer joindre la phase des poules de cette comp\u00e9tition (l\u2019ESS \u00e9tant qualifi\u00e9e d\u2019office), les Sfaxiens se mesureront en aller et retour \u00e0 une \u00e9quipe ougandaise, m\u00e9connue du public.<\/p>\n<p>Loin de tout triomphalisme, le CSS part largement favori pour passer. Toujours est-il que les joueurs doivent faire preuve d\u2019humilit\u00e9. A bon entendeur, salut.<br \/>\nLe programme<br \/>\nLigue des champions (11 janvier 2019)<br \/>\nHoroya Conakry-EST<br \/>\nCA-Constantine<\/p>\n<p>Coupe de la CAF (12 janvier)<br \/>\nVipers FC-CSS<br \/>\nChahir CHAKROUN<br \/>\nTunis-Hebdo<\/p>\n","protected":false},"excerpt":{"rendered":"<p>L\u2019\u00e9dition 2019-2020 des Coupes africaines sera boucl\u00e9e en six mois \u00e0 l\u2019instar de ce qui se passe en Europe. L\u2019EST et le CA en Ligue des Champions,<\/p>\n","protected":false},"author":3222,"featured_media":376174,"comment_status":"open","ping_status":"open","sticky":false,"template":"","format":"standard","meta":{"footnotes":""},"categories":[7653],"tags":[],"class_list":["post-173339","post","type-post","status-publish","format-standard","has-post-thumbnail","hentry","category-tunis-hebdo"],"yoast_head":"<!-- This site is optimized with the Yoast SEO Premium plugin v27.4 (Yoast SEO v27.4) - https:\/\/yoast.com\/product\/yoast-seo-premium-wordpress\/ -->\n<title>Coupes africaines : Attention \u00e0 la marche !<\/title>\n<meta name=\"description\" content=\"Coupes africaines : Attention \u00e0 la marche !\" \/>\n<link rel=\"canonical\" href=\"https:\/\/www.webdo.tn\/fr\/actualite\/tunis-hebdo\/coupes-africaines-attention-a-la-marche\/173339\/\" \/>\n<meta property=\"og:locale\" content=\"fr_FR\" \/>\n<meta property=\"og:type\" content=\"article\" \/>\n<meta property=\"og:title\" content=\"Coupes africaines : Attention \u00e0 la marche !\" \/>\n<meta property=\"og:description\" content=\"Coupes africaines : Attention \u00e0 la marche !\" \/>\n<meta property=\"og:url\" content=\"https:\/\/www.webdo.tn\/fr\/actualite\/tunis-hebdo\/coupes-africaines-attention-a-la-marche\/173339\/\" \/>\n<meta property=\"og:site_name\" content=\"webdo\" \/>\n<meta property=\"article:publisher\" content=\"https:\/\/www.facebook.com\/webdotn\" \/>\n<meta property=\"article:published_time\" content=\"2019-01-11T10:13:00+00:00\" \/>\n<meta property=\"og:image\" content=\"https:\/\/www.webdo.tn\/fr\/wp-content\/uploads\/2025\/06\/EST-LDC_173339.jpg\" \/>\n\t<meta property=\"og:image:width\" content=\"675\" \/>\n\t<meta property=\"og:image:height\" content=\"422\" \/>\n\t<meta property=\"og:image:type\" content=\"image\/jpeg\" \/>\n<meta name=\"author\" content=\"webdo.tn\" \/>\n<meta name=\"twitter:card\" content=\"summary_large_image\" \/>\n<meta name=\"twitter:creator\" content=\"@webdo_tn\" \/>\n<meta name=\"twitter:site\" content=\"@webdo_tn\" \/>\n<meta name=\"twitter:label1\" content=\"\u00c9crit par\" \/>\n\t<meta name=\"twitter:data1\" content=\"webdo.tn\" \/>\n\t<meta name=\"twitter:label2\" content=\"Dur\u00e9e de lecture estim\u00e9e\" \/>\n\t<meta name=\"twitter:data2\" content=\"3 minutes\" \/>\n<script type=\"application\/ld+json\" class=\"yoast-schema-graph\">{\"@context\":\"https:\\\/\\\/schema.org\",\"@graph\":[{\"@type\":\"NewsArticle\",\"@id\":\"https:\\\/\\\/www.webdo.tn\\\/fr\\\/actualite\\\/tunis-hebdo\\\/coupes-africaines-attention-a-la-marche\\\/173339\\\/#article\",\"isPartOf\":{\"@id\":\"https:\\\/\\\/www.webdo.tn\\\/fr\\\/actualite\\\/tunis-hebdo\\\/coupes-africaines-attention-a-la-marche\\\/173339\\\/\"},\"author\":{\"name\":\"webdo.tn\",\"@id\":\"https:\\\/\\\/www.webdo.tn\\\/fr\\\/#\\\/schema\\\/person\\\/9a9c6118d687c117df8ef3cc36a4d175\"},\"headline\":\"Coupes africaines : Attention \u00e0 la marche !\",\"datePublished\":\"2019-01-11T10:13:00+00:00\",\"mainEntityOfPage\":{\"@id\":\"https:\\\/\\\/www.webdo.tn\\\/fr\\\/actualite\\\/tunis-hebdo\\\/coupes-africaines-attention-a-la-marche\\\/173339\\\/\"},\"wordCount\":629,\"commentCount\":0,\"publisher\":{\"@id\":\"https:\\\/\\\/www.webdo.tn\\\/fr\\\/#organization\"},\"image\":{\"@id\":\"https:\\\/\\\/www.webdo.tn\\\/fr\\\/actualite\\\/tunis-hebdo\\\/coupes-africaines-attention-a-la-marche\\\/173339\\\/#primaryimage\"},\"thumbnailUrl\":\"https:\\\/\\\/www.webdo.tn\\\/fr\\\/wp-content\\\/uploads\\\/2025\\\/06\\\/EST-LDC_173339.jpg\",\"articleSection\":[\"Tunis-Hebdo\"],\"inLanguage\":\"fr-FR\"},{\"@type\":\"WebPage\",\"@id\":\"https:\\\/\\\/www.webdo.tn\\\/fr\\\/actualite\\\/tunis-hebdo\\\/coupes-africaines-attention-a-la-marche\\\/173339\\\/\",\"url\":\"https:\\\/\\\/www.webdo.tn\\\/fr\\\/actualite\\\/tunis-hebdo\\\/coupes-africaines-attention-a-la-marche\\\/173339\\\/\",\"name\":\"Coupes africaines : Attention \u00e0 la marche !\",\"isPartOf\":{\"@id\":\"https:\\\/\\\/www.webdo.tn\\\/fr\\\/#website\"},\"primaryImageOfPage\":{\"@id\":\"https:\\\/\\\/www.webdo.tn\\\/fr\\\/actualite\\\/tunis-hebdo\\\/coupes-africaines-attention-a-la-marche\\\/173339\\\/#primaryimage\"},\"image\":{\"@id\":\"https:\\\/\\\/www.webdo.tn\\\/fr\\\/actualite\\\/tunis-hebdo\\\/coupes-africaines-attention-a-la-marche\\\/173339\\\/#primaryimage\"},\"thumbnailUrl\":\"https:\\\/\\\/www.webdo.tn\\\/fr\\\/wp-content\\\/uploads\\\/2025\\\/06\\\/EST-LDC_173339.jpg\",\"datePublished\":\"2019-01-11T10:13:00+00:00\",\"description\":\"Coupes africaines : Attention \u00e0 la marche !\",\"breadcrumb\":{\"@id\":\"https:\\\/\\\/www.webdo.tn\\\/fr\\\/actualite\\\/tunis-hebdo\\\/coupes-africaines-attention-a-la-marche\\\/173339\\\/#breadcrumb\"},\"inLanguage\":\"fr-FR\",\"potentialAction\":[{\"@type\":\"ReadAction\",\"target\":[\"https:\\\/\\\/www.webdo.tn\\\/fr\\\/actualite\\\/tunis-hebdo\\\/coupes-africaines-attention-a-la-marche\\\/173339\\\/\"]}]},{\"@type\":\"ImageObject\",\"inLanguage\":\"fr-FR\",\"@id\":\"https:\\\/\\\/www.webdo.tn\\\/fr\\\/actualite\\\/tunis-hebdo\\\/coupes-africaines-attention-a-la-marche\\\/173339\\\/#primaryimage\",\"url\":\"https:\\\/\\\/www.webdo.tn\\\/fr\\\/wp-content\\\/uploads\\\/2025\\\/06\\\/EST-LDC_173339.jpg\",\"contentUrl\":\"https:\\\/\\\/www.webdo.tn\\\/fr\\\/wp-content\\\/uploads\\\/2025\\\/06\\\/EST-LDC_173339.jpg\",\"width\":675,\"height\":422,\"caption\":\"Coupes africaines : Attention \u00e0 la marche !\"},{\"@type\":\"BreadcrumbList\",\"@id\":\"https:\\\/\\\/www.webdo.tn\\\/fr\\\/actualite\\\/tunis-hebdo\\\/coupes-africaines-attention-a-la-marche\\\/173339\\\/#breadcrumb\",\"itemListElement\":[{\"@type\":\"ListItem\",\"position\":1,\"name\":\"Accueil\",\"item\":\"https:\\\/\\\/www.webdo.tn\\\/fr\\\/\"},{\"@type\":\"ListItem\",\"position\":2,\"name\":\"Coupes africaines : Attention \u00e0 la marche !\"}]},{\"@type\":\"WebSite\",\"@id\":\"https:\\\/\\\/www.webdo.tn\\\/fr\\\/#website\",\"url\":\"https:\\\/\\\/www.webdo.tn\\\/fr\\\/\",\"name\":\"webdo\",\"description\":\"Tunisie - News en Tunisie et \u00e0 l&#039;international sur Webdo.tn\",\"publisher\":{\"@id\":\"https:\\\/\\\/www.webdo.tn\\\/fr\\\/#organization\"},\"potentialAction\":[{\"@type\":\"SearchAction\",\"target\":{\"@type\":\"EntryPoint\",\"urlTemplate\":\"https:\\\/\\\/www.webdo.tn\\\/fr\\\/?s={search_term_string}\"},\"query-input\":{\"@type\":\"PropertyValueSpecification\",\"valueRequired\":true,\"valueName\":\"search_term_string\"}}],\"inLanguage\":\"fr-FR\"},{\"@type\":\"Organization\",\"@id\":\"https:\\\/\\\/www.webdo.tn\\\/fr\\\/#organization\",\"name\":\"Webdo\",\"alternateName\":\"Webdo.tn\",\"url\":\"https:\\\/\\\/www.webdo.tn\\\/fr\\\/\",\"logo\":{\"@type\":\"ImageObject\",\"inLanguage\":\"fr-FR\",\"@id\":\"https:\\\/\\\/www.webdo.tn\\\/fr\\\/#\\\/schema\\\/logo\\\/image\\\/\",\"url\":\"https:\\\/\\\/www.webdo.tn\\\/fr\\\/wp-content\\\/uploads\\\/2025\\\/06\\\/Webdo-Tunisie_168377.jpg\",\"contentUrl\":\"https:\\\/\\\/www.webdo.tn\\\/fr\\\/wp-content\\\/uploads\\\/2025\\\/06\\\/Webdo-Tunisie_168377.jpg\",\"width\":301,\"height\":301,\"caption\":\"Webdo\"},\"image\":{\"@id\":\"https:\\\/\\\/www.webdo.tn\\\/fr\\\/#\\\/schema\\\/logo\\\/image\\\/\"},\"sameAs\":[\"https:\\\/\\\/www.facebook.com\\\/webdotn\",\"https:\\\/\\\/x.com\\\/webdo_tn\"],\"description\":\"Webdo est un m\u00e9dia num\u00e9rique tunisien fond\u00e9 en 2010, sp\u00e9cialis\u00e9 dans l\u2019actualit\u00e9 nationale et internationale, l\u2019\u00e9conomie, la soci\u00e9t\u00e9 et les analyses politiques. Le site s\u2019adresse \u00e0 un large public francophone et couvre l\u2019information tunisienne en temps r\u00e9el.\",\"email\":\"redac@webdo.tn\",\"legalName\":\"YNJ SARL\",\"foundingDate\":\"2010-09-06\",\"numberOfEmployees\":{\"@type\":\"QuantitativeValue\",\"minValue\":\"11\",\"maxValue\":\"50\"}},{\"@type\":\"Person\",\"@id\":\"https:\\\/\\\/www.webdo.tn\\\/fr\\\/#\\\/schema\\\/person\\\/9a9c6118d687c117df8ef3cc36a4d175\",\"name\":\"webdo.tn\",\"image\":{\"@type\":\"ImageObject\",\"inLanguage\":\"fr-FR\",\"@id\":\"https:\\\/\\\/secure.gravatar.com\\\/avatar\\\/7ce1f28c0c3bbac99ff550b85ef8e44a6950c6ee24514fb6a5489e51d06f0298?s=96&d=mm&r=g\",\"url\":\"https:\\\/\\\/secure.gravatar.com\\\/avatar\\\/7ce1f28c0c3bbac99ff550b85ef8e44a6950c6ee24514fb6a5489e51d06f0298?s=96&d=mm&r=g\",\"contentUrl\":\"https:\\\/\\\/secure.gravatar.com\\\/avatar\\\/7ce1f28c0c3bbac99ff550b85ef8e44a6950c6ee24514fb6a5489e51d06f0298?s=96&d=mm&r=g\",\"caption\":\"webdo.tn\"},\"url\":\"https:\\\/\\\/www.webdo.tn\\\/fr\\\/actualite\\\/author\\\/webdotn\\\/\"}]}<\/script>\n<!-- \/ Yoast SEO Premium plugin. -->","yoast_head_json":{"title":"Coupes africaines : Attention \u00e0 la marche !","description":"Coupes africaines : Attention \u00e0 la marche !","canonical":"https:\/\/www.webdo.tn\/fr\/actualite\/tunis-hebdo\/coupes-africaines-attention-a-la-marche\/173339\/","og_locale":"fr_FR","og_type":"article","og_title":"Coupes africaines : Attention \u00e0 la marche !","og_description":"Coupes africaines : Attention \u00e0 la marche !","og_url":"https:\/\/www.webdo.tn\/fr\/actualite\/tunis-hebdo\/coupes-africaines-attention-a-la-marche\/173339\/","og_site_name":"webdo","article_publisher":"https:\/\/www.facebook.com\/webdotn","article_published_time":"2019-01-11T10:13:00+00:00","og_image":[{"width":675,"height":422,"url":"https:\/\/www.webdo.tn\/fr\/wp-content\/uploads\/2025\/06\/EST-LDC_173339.jpg","type":"image\/jpeg"}],"author":"webdo.tn","twitter_card":"summary_large_image","twitter_creator":"@webdo_tn","twitter_site":"@webdo_tn","twitter_misc":{"\u00c9crit par":"webdo.tn","Dur\u00e9e de lecture estim\u00e9e":"3 minutes"},"schema":{"@context":"https:\/\/schema.org","@graph":[{"@type":"NewsArticle","@id":"https:\/\/www.webdo.tn\/fr\/actualite\/tunis-hebdo\/coupes-africaines-attention-a-la-marche\/173339\/#article","isPartOf":{"@id":"https:\/\/www.webdo.tn\/fr\/actualite\/tunis-hebdo\/coupes-africaines-attention-a-la-marche\/173339\/"},"author":{"name":"webdo.tn","@id":"https:\/\/www.webdo.tn\/fr\/#\/schema\/person\/9a9c6118d687c117df8ef3cc36a4d175"},"headline":"Coupes africaines : Attention \u00e0 la marche !","datePublished":"2019-01-11T10:13:00+00:00","mainEntityOfPage":{"@id":"https:\/\/www.webdo.tn\/fr\/actualite\/tunis-hebdo\/coupes-africaines-attention-a-la-marche\/173339\/"},"wordCount":629,"commentCount":0,"publisher":{"@id":"https:\/\/www.webdo.tn\/fr\/#organization"},"image":{"@id":"https:\/\/www.webdo.tn\/fr\/actualite\/tunis-hebdo\/coupes-africaines-attention-a-la-marche\/173339\/#primaryimage"},"thumbnailUrl":"https:\/\/www.webdo.tn\/fr\/wp-content\/uploads\/2025\/06\/EST-LDC_173339.jpg","articleSection":["Tunis-Hebdo"],"inLanguage":"fr-FR"},{"@type":"WebPage","@id":"https:\/\/www.webdo.tn\/fr\/actualite\/tunis-hebdo\/coupes-africaines-attention-a-la-marche\/173339\/","url":"https:\/\/www.webdo.tn\/fr\/actualite\/tunis-hebdo\/coupes-africaines-attention-a-la-marche\/173339\/","name":"Coupes africaines : Attention \u00e0 la marche !","isPartOf":{"@id":"https:\/\/www.webdo.tn\/fr\/#website"},"primaryImageOfPage":{"@id":"https:\/\/www.webdo.tn\/fr\/actualite\/tunis-hebdo\/coupes-africaines-attention-a-la-marche\/173339\/#primaryimage"},"image":{"@id":"https:\/\/www.webdo.tn\/fr\/actualite\/tunis-hebdo\/coupes-africaines-attention-a-la-marche\/173339\/#primaryimage"},"thumbnailUrl":"https:\/\/www.webdo.tn\/fr\/wp-content\/uploads\/2025\/06\/EST-LDC_173339.jpg","datePublished":"2019-01-11T10:13:00+00:00","description":"Coupes africaines : Attention \u00e0 la marche !","breadcrumb":{"@id":"https:\/\/www.webdo.tn\/fr\/actualite\/tunis-hebdo\/coupes-africaines-attention-a-la-marche\/173339\/#breadcrumb"},"inLanguage":"fr-FR","potentialAction":[{"@type":"ReadAction","target":["https:\/\/www.webdo.tn\/fr\/actualite\/tunis-hebdo\/coupes-africaines-attention-a-la-marche\/173339\/"]}]},{"@type":"ImageObject","inLanguage":"fr-FR","@id":"https:\/\/www.webdo.tn\/fr\/actualite\/tunis-hebdo\/coupes-africaines-attention-a-la-marche\/173339\/#primaryimage","url":"https:\/\/www.webdo.tn\/fr\/wp-content\/uploads\/2025\/06\/EST-LDC_173339.jpg","contentUrl":"https:\/\/www.webdo.tn\/fr\/wp-content\/uploads\/2025\/06\/EST-LDC_173339.jpg","width":675,"height":422,"caption":"Coupes africaines : Attention \u00e0 la marche !"},{"@type":"BreadcrumbList","@id":"https:\/\/www.webdo.tn\/fr\/actualite\/tunis-hebdo\/coupes-africaines-attention-a-la-marche\/173339\/#breadcrumb","itemListElement":[{"@type":"ListItem","position":1,"name":"Accueil","item":"https:\/\/www.webdo.tn\/fr\/"},{"@type":"ListItem","position":2,"name":"Coupes africaines : Attention \u00e0 la marche !"}]},{"@type":"WebSite","@id":"https:\/\/www.webdo.tn\/fr\/#website","url":"https:\/\/www.webdo.tn\/fr\/","name":"webdo","description":"Tunisie - News en Tunisie et \u00e0 l&#039;international sur Webdo.tn","publisher":{"@id":"https:\/\/www.webdo.tn\/fr\/#organization"},"potentialAction":[{"@type":"SearchAction","target":{"@type":"EntryPoint","urlTemplate":"https:\/\/www.webdo.tn\/fr\/?s={search_term_string}"},"query-input":{"@type":"PropertyValueSpecification","valueRequired":true,"valueName":"search_term_string"}}],"inLanguage":"fr-FR"},{"@type":"Organization","@id":"https:\/\/www.webdo.tn\/fr\/#organization","name":"Webdo","alternateName":"Webdo.tn","url":"https:\/\/www.webdo.tn\/fr\/","logo":{"@type":"ImageObject","inLanguage":"fr-FR","@id":"https:\/\/www.webdo.tn\/fr\/#\/schema\/logo\/image\/","url":"https:\/\/www.webdo.tn\/fr\/wp-content\/uploads\/2025\/06\/Webdo-Tunisie_168377.jpg","contentUrl":"https:\/\/www.webdo.tn\/fr\/wp-content\/uploads\/2025\/06\/Webdo-Tunisie_168377.jpg","width":301,"height":301,"caption":"Webdo"},"image":{"@id":"https:\/\/www.webdo.tn\/fr\/#\/schema\/logo\/image\/"},"sameAs":["https:\/\/www.facebook.com\/webdotn","https:\/\/x.com\/webdo_tn"],"description":"Webdo est un m\u00e9dia num\u00e9rique tunisien fond\u00e9 en 2010, sp\u00e9cialis\u00e9 dans l\u2019actualit\u00e9 nationale et internationale, l\u2019\u00e9conomie, la soci\u00e9t\u00e9 et les analyses politiques. Le site s\u2019adresse \u00e0 un large public francophone et couvre l\u2019information tunisienne en temps r\u00e9el.","email":"redac@webdo.tn","legalName":"YNJ SARL","foundingDate":"2010-09-06","numberOfEmployees":{"@type":"QuantitativeValue","minValue":"11","maxValue":"50"}},{"@type":"Person","@id":"https:\/\/www.webdo.tn\/fr\/#\/schema\/person\/9a9c6118d687c117df8ef3cc36a4d175","name":"webdo.tn","image":{"@type":"ImageObject","inLanguage":"fr-FR","@id":"https:\/\/secure.gravatar.com\/avatar\/7ce1f28c0c3bbac99ff550b85ef8e44a6950c6ee24514fb6a5489e51d06f0298?s=96&d=mm&r=g","url":"https:\/\/secure.gravatar.com\/avatar\/7ce1f28c0c3bbac99ff550b85ef8e44a6950c6ee24514fb6a5489e51d06f0298?s=96&d=mm&r=g","contentUrl":"https:\/\/secure.gravatar.com\/avatar\/7ce1f28c0c3bbac99ff550b85ef8e44a6950c6ee24514fb6a5489e51d06f0298?s=96&d=mm&r=g","caption":"webdo.tn"},"url":"https:\/\/www.webdo.tn\/fr\/actualite\/author\/webdotn\/"}]}},"_links":{"self":[{"href":"https:\/\/www.webdo.tn\/fr\/wp-json\/wp\/v2\/posts\/173339","targetHints":{"allow":["GET"]}}],"collection":[{"href":"https:\/\/www.webdo.tn\/fr\/wp-json\/wp\/v2\/posts"}],"about":[{"href":"https:\/\/www.webdo.tn\/fr\/wp-json\/wp\/v2\/types\/post"}],"author":[{"embeddable":true,"href":"https:\/\/www.webdo.tn\/fr\/wp-json\/wp\/v2\/users\/3222"}],"replies":[{"embeddable":true,"href":"https:\/\/www.webdo.tn\/fr\/wp-json\/wp\/v2\/comments?post=173339"}],"version-history":[{"count":0,"href":"https:\/\/www.webdo.tn\/fr\/wp-json\/wp\/v2\/posts\/173339\/revisions"}],"wp:featuredmedia":[{"embeddable":true,"href":"https:\/\/www.webdo.tn\/fr\/wp-json\/wp\/v2\/media\/376174"}],"wp:attachment":[{"href":"https:\/\/www.webdo.tn\/fr\/wp-json\/wp\/v2\/media?parent=173339"}],"wp:term":[{"taxonomy":"category","embeddable":true,"href":"https:\/\/www.webdo.tn\/fr\/wp-json\/wp\/v2\/categories?post=173339"},{"taxonomy":"post_tag","embeddable":true,"href":"https:\/\/www.webdo.tn\/fr\/wp-json\/wp\/v2\/tags?post=173339"}],"curies":[{"name":"wp","href":"https:\/\/api.w.org\/{rel}","templated":true}]}}