{"id":173337,"date":"2019-01-11T11:30:00","date_gmt":"2019-01-11T11:30:00","guid":{"rendered":"https:\/\/www.webdo.tn\/fr\/blog\/on-ne-fait-pas-de-crise-sans-casser-des-oeufs\/173337\/"},"modified":"2019-01-11T11:30:00","modified_gmt":"2019-01-11T11:30:00","slug":"on-ne-fait-pas-de-crise-sans-casser-des-oeufs","status":"publish","type":"post","link":"https:\/\/www.webdo.tn\/fr\/actualite\/tunis-hebdo\/on-ne-fait-pas-de-crise-sans-casser-des-oeufs\/173337\/","title":{"rendered":"On ne fait pas de crise sans casser des \u0153ufs !"},"content":{"rendered":"<p>\u2022 Hassib Fakhfakh (pr\u00e9sident de l&rsquo;Association tunisienne des producteurs d&rsquo;\u0153ufs de consommation) : \u00ab\u00a0Les \u00e9leveurs vendent des \u0153ufs \u00e0 perte depuis 2014 !\u00a0\u00bb<br \/>\n\u2022 Radhouane Ghorrafi (secr\u00e9taire g\u00e9n\u00e9ral \u00e0 l&rsquo;UTAP) : \u00ab\u00a0L&rsquo;Etat favorise le lobby des p\u00e2tissiers au d\u00e9triment des agriculteurs\u00a0\u00bb<br \/>\nAu m\u00eame titre que le secteur laitier et celui des viandes rouges, la fili\u00e8re des \u0153ufs traverse, elle aussi, des temps obscurs.<br \/>\nDepuis que le minist\u00e8re du Commerce a d\u00e9cid\u00e9 de revoir \u00e0 la baisse les prix de vente des \u0153ufs \u00e0 tous les niveaux du circuit de distribution, les professionnels du secteur ont exprim\u00e9 leur col\u00e8re et leur incompr\u00e9hension vis-\u00e0-vis d&rsquo;un Etat qui, visiblement, ne tient pas compte des contraintes \u00e9conomiques que rencontrent, au quotidien, nos \u00e9leveurs, grossistes et distributeurs.<\/p>\n<p>Allons-nous, in\u00e9luctablement, vers une p\u00e9nurie des \u0153ufs ou l&rsquo;Etat va-t-il, une fois de plus, recourir \u00e0 l&rsquo;importation ? Hassib Fakhfakh, pr\u00e9sident de l&rsquo;Association tunisienne des producteurs d&rsquo;\u0153ufs de consommation, a bien voulu nous clarifier la situation : \u00ab\u00a0Il n&rsquo;y a pas de p\u00e9nurie d&rsquo;\u0153ufs en Tunisie. Nous produisons, mensuellement, 150 millions d&rsquo;unit\u00e9s, c&rsquo;est suffisant pour r\u00e9pondre \u00e0 la demande nationale.<\/p>\n<p>Il est vrai que nous avions un surplus de production en 2012 qui a diminu\u00e9 au fil des ans parce que nous vendons de grandes quantit\u00e9s \u00e0 la Libye. Mais l&rsquo;augmentation des prix de l&rsquo;alimentation des volailles, des vaccins, du carburant et de l&rsquo;\u00e9lectricit\u00e9 a fait que la production a diminu\u00e9 de 13,83% entre 2015 et 2017 !\u00a0\u00bb<\/p>\n<p>Par rapport aux nouvelles tarifications instaur\u00e9es par le minist\u00e8re du Commerce, M. Fakhfakh a remis les pendules \u00e0 l&rsquo;heure : \u00ab\u00a0Le minist\u00e8re du Commerce prend des d\u00e9cisions sans nous consulter au pr\u00e9alable.<\/p>\n<p>Lorsque l&rsquo;Etat a fix\u00e9 les nouveaux prix de vente des \u0153ufs le 8 octobre dernier, \u00e0 savoir 195 millimes l&rsquo;unit\u00e9 au niveau de la production (780 millimes les 4 \u0153ufs) et 840 millimes les 4 \u0153ufs au niveau de la vente au public, le co\u00fbt de la nourriture des b\u00eates (ma\u00efs et soja import\u00e9s) a augment\u00e9 de 36 dinars la tonne le lendemain et, un mois plus tard, de 30 dinars la tonne.<\/p>\n<p>Par cons\u00e9quent, rien n&rsquo;a chang\u00e9 pour les \u00e9leveurs qui continuent de vendre \u00e0 perte depuis 2014. Sans oublier que nous avons eu le droit \u00e0 une descente de 800 agents arm\u00e9s jusqu&rsquo;aux dents en pleine nuit dans des entrep\u00f4ts de production \u00e0 Nabeul qui stockaient, en toute l\u00e9galit\u00e9, des \u0153ufs pour le mois de Ramadan. On n&rsquo;est pas des terroristes, bon sang !\u00a0\u00bb<\/p>\n<p>Hassib Fakhfah a voulu illustrer ses propos par un exemple concret : \u00ab\u00a0Si un producteur \u00e0 Sfax vend son \u0153uf \u00e0 195 millimes \u00e0 un grossiste de Tunis, il devra compter 5 millimes de frais de transport. Arriv\u00e9 \u00e0 Tunis, l&rsquo;\u0153uf est pass\u00e9 \u00e0 200 millimes.<\/p>\n<p>Le temps que le grossiste prenne en charge l&rsquo;\u0153uf et le livre au distributeur, son prix aura augment\u00e9 de 10 millimes, soit 210 millimes. L&rsquo;\u0153uf sera ensuite achet\u00e9 par le distributeur \u00e0 220 millimes avant d&rsquo;\u00eatre revendu au consommateur. En clair, on oblige le distributeur ou l&rsquo;\u00e9picier \u00e0 vendre les 4 \u0153ufs \u00e0 840 millimes alors qu&rsquo;ils les ach\u00e8tent au grossiste \u00e0 880 millimes.<\/p>\n<p>C&rsquo;est totalement ahurissant ! Du coup, les commer\u00e7ants ne veulent plus acheter d&rsquo;\u0153ufs et les producteurs sont oblig\u00e9s de vendre leurs \u0153ufs, en toute discr\u00e9tion, \u00e0 210 millimes pi\u00e8ce pour s&rsquo;en sortir. Aujourd&rsquo;hui, on a des \u00e9leveurs et des agriculteurs qui se sont r\u00e9fugi\u00e9s \u00e0 l&rsquo;\u00e9tranger, d&rsquo;autres sont en prison pour des ch\u00e8ques impay\u00e9s et d&rsquo;autres se sont vu saisir leur fermes.<\/p>\n<p>De son c\u00f4t\u00e9, Radhouane Ghorrafi, secr\u00e9taire g\u00e9n\u00e9ral \u00e0 l&rsquo;Union tunisienne de l&rsquo;agriculture et de la p\u00eache (UTAP), n&rsquo;a pas cach\u00e9 sa d\u00e9ception quant au refus du minist\u00e8re du Commerce de dialoguer avec les agriculteurs : \u00ab\u00a0Nous sommes ouverts au d\u00e9bat ! Nous ne sommes pas contre une diminution des prix de vente des \u0153ufs, bien au contraire, mais qu&rsquo;elle ne se fasse pas au d\u00e9triment des agriculteurs et des commer\u00e7ants.<\/p>\n<p>Le ministre du Commerce, Omar Behi, a \u00e9t\u00e9 convi\u00e9 \u00e0 plusieurs reprises par nos repr\u00e9sentants pour d\u00e9battre de la question, il a toujours refus\u00e9 l&rsquo;invitation. Si l&rsquo;on veut, v\u00e9ritablement, appliquer les nouveau tarifs, il faut que la nourriture pour les b\u00eates revient \u00e0 400 dinars la tonne au lieu de 1100 dinars aujourd&rsquo;hui\u00a0\u00bb.<\/p>\n<p>Pessimisme et incompr\u00e9hension, tels sont les deux sentiments qui ressortent des propos de M. Ghorrafi : \u00ab\u00a0On fixe le prix de l&rsquo;\u0153uf \u00e0 195 millimes alors que son co\u00fbt de revient est de 204 millimes. O\u00f9 est la logique dans tout \u00e7a ? Jusqu&rsquo;\u00e0 quand l&rsquo;Etat va fermer les yeux sur ce qui se passe en Tunisie et continuer \u00e0 subventionner les produis de premi\u00e8re n\u00e9cessit\u00e9 comme la farine, le lait et maintenant les \u0153ufs ?<\/p>\n<p>En refusant d&rsquo;accorder une augmentation de 100 millimes le litre de lait \u00e0 la production, l&rsquo;Etat a pr\u00e9f\u00e9r\u00e9 d\u00e9penser 700 millimes le litre pour en importer ! Le plus terrible dans toute cette affaire, c&rsquo;est que le minist\u00e8re a diminu\u00e9 les tarifs de vente des \u0153ufs deux mois avant les f\u00eates de fin d&rsquo;ann\u00e9e ?<\/p>\n<p>A qui profite cette d\u00e9cision selon vous si ce n&rsquo;est au lobby des p\u00e2tissiers qui vendent des g\u00e2teaux \u00e0 des prix exorbitants. Un simple citoyen peut-il se permettre d&rsquo;acheter un g\u00e2teau aujourd&rsquo;hui ? Certainement pas !\u00a0\u00bb<\/p>\n<p>Le secr\u00e9taire g\u00e9n\u00e9ral \u00e0 l&rsquo;UTAP a fini sur cette note de conclusion : \u00ab\u00a0L&rsquo;Etat n&rsquo;a pas conscience ou fait mine d&rsquo;ignorer la r\u00e9alit\u00e9 des prix. J&rsquo;ai l&rsquo;impression et c&rsquo;est l&rsquo;avis de tous les citoyens, que le gouvernement et le peuple ne vivent pas dans le m\u00eame pays. C&rsquo;est triste \u00e0 dire et je m&rsquo;en excuse, mais les chiffres le d\u00e9montrent, le secteur agricole n&rsquo;a jamais autant souffert que depuis la r\u00e9volution\u00a0\u00bb.<\/p>\n<p>Adel Ayachi, marchand de volailles \u00e0 Tunis, t\u00e9moigne : \u00ab\u00a0L&rsquo;Etat est \u00e0 c\u00f4t\u00e9 de la plaque et rejette la faute sur les commer\u00e7ants en les qualifiant de voleurs et d&rsquo;escrocs. La v\u00e9rit\u00e9, tout le monde la conna\u00eet, les 4 \u0153ufs ordinaires sont vendus \u00e0 1,000 dinar et les 4 \u0153ufs Omega 3 \u00e0 1,350 dinar. Ce n&rsquo;est pas du vol, c&rsquo;est de la survie !<\/p>\n<p>D&rsquo;ailleurs les consommateurs ne s&rsquo;en plaignent pas. Il est vrai que l&rsquo;on se doit de rendre 50 millimes \u00e0 l&rsquo;acheteur chaque fois qu&rsquo;il ach\u00e8te 4 \u0153ufs ordinaires car leur prix r\u00e9el est de 950 millimes, mais l&rsquo;acheteur ne les r\u00e9clame m\u00eame pas tellement il est d\u00e9sabus\u00e9 par le co\u00fbt des autres denr\u00e9es. A mon avis, l&rsquo;Etat cr\u00e9e un probl\u00e8me qu&rsquo;il n&rsquo;a pas lieu d&rsquo;\u00eatre !\u00a0\u00bb<br \/>\nMohamed Habib LADJIMI<br \/>\nTunis-Hebdo du 07\/01\/2019<\/p>\n","protected":false},"excerpt":{"rendered":"<p>On ne fait pas de crise sans casser des \u0153ufs !<\/p>\n","protected":false},"author":3222,"featured_media":342206,"comment_status":"open","ping_status":"closed","sticky":false,"template":"","format":"standard","meta":{"footnotes":""},"categories":[7653],"tags":[2600],"class_list":["post-173337","post","type-post","status-publish","format-standard","has-post-thumbnail","hentry","category-tunis-hebdo","tag-guerre"],"yoast_head":"<!-- This site is optimized with the Yoast SEO Premium plugin v27.4 (Yoast SEO v27.4) - https:\/\/yoast.com\/product\/yoast-seo-premium-wordpress\/ -->\n<title>On ne fait pas de crise sans casser des \u0153ufs !<\/title>\n<meta name=\"description\" content=\"On ne fait pas de crise sans casser des \u0153ufs !\" \/>\n<link rel=\"canonical\" href=\"https:\/\/www.webdo.tn\/fr\/actualite\/tunis-hebdo\/on-ne-fait-pas-de-crise-sans-casser-des-oeufs\/173337\/\" \/>\n<meta property=\"og:locale\" content=\"fr_FR\" \/>\n<meta property=\"og:type\" content=\"article\" \/>\n<meta property=\"og:title\" content=\"On ne fait pas de crise sans casser des \u0153ufs !\" \/>\n<meta property=\"og:description\" content=\"On ne fait pas de crise sans casser des \u0153ufs !\" \/>\n<meta property=\"og:url\" content=\"https:\/\/www.webdo.tn\/fr\/actualite\/tunis-hebdo\/on-ne-fait-pas-de-crise-sans-casser-des-oeufs\/173337\/\" \/>\n<meta property=\"og:site_name\" content=\"webdo\" \/>\n<meta property=\"article:publisher\" content=\"https:\/\/www.facebook.com\/webdotn\" \/>\n<meta property=\"article:published_time\" content=\"2019-01-11T11:30:00+00:00\" \/>\n<meta property=\"og:image\" content=\"https:\/\/www.webdo.tn\/fr\/wp-content\/uploads\/2019\/01\/P6-OEUFFF-300x169-1.jpg\" \/>\n\t<meta property=\"og:image:width\" content=\"300\" \/>\n\t<meta property=\"og:image:height\" content=\"169\" \/>\n\t<meta property=\"og:image:type\" content=\"image\/jpeg\" \/>\n<meta name=\"author\" content=\"webdo.tn\" \/>\n<meta name=\"twitter:card\" content=\"summary_large_image\" \/>\n<meta name=\"twitter:creator\" content=\"@webdo_tn\" \/>\n<meta name=\"twitter:site\" content=\"@webdo_tn\" \/>\n<meta name=\"twitter:label1\" content=\"\u00c9crit par\" \/>\n\t<meta name=\"twitter:data1\" content=\"webdo.tn\" \/>\n\t<meta name=\"twitter:label2\" content=\"Dur\u00e9e de lecture estim\u00e9e\" \/>\n\t<meta name=\"twitter:data2\" content=\"5 minutes\" \/>\n<script type=\"application\/ld+json\" class=\"yoast-schema-graph\">{\"@context\":\"https:\\\/\\\/schema.org\",\"@graph\":[{\"@type\":\"NewsArticle\",\"@id\":\"https:\\\/\\\/www.webdo.tn\\\/fr\\\/actualite\\\/tunis-hebdo\\\/on-ne-fait-pas-de-crise-sans-casser-des-oeufs\\\/173337\\\/#article\",\"isPartOf\":{\"@id\":\"https:\\\/\\\/www.webdo.tn\\\/fr\\\/actualite\\\/tunis-hebdo\\\/on-ne-fait-pas-de-crise-sans-casser-des-oeufs\\\/173337\\\/\"},\"author\":{\"name\":\"webdo.tn\",\"@id\":\"https:\\\/\\\/www.webdo.tn\\\/fr\\\/#\\\/schema\\\/person\\\/9a9c6118d687c117df8ef3cc36a4d175\"},\"headline\":\"On ne fait pas de crise sans casser des \u0153ufs !\",\"datePublished\":\"2019-01-11T11:30:00+00:00\",\"mainEntityOfPage\":{\"@id\":\"https:\\\/\\\/www.webdo.tn\\\/fr\\\/actualite\\\/tunis-hebdo\\\/on-ne-fait-pas-de-crise-sans-casser-des-oeufs\\\/173337\\\/\"},\"wordCount\":1151,\"commentCount\":0,\"publisher\":{\"@id\":\"https:\\\/\\\/www.webdo.tn\\\/fr\\\/#organization\"},\"image\":{\"@id\":\"https:\\\/\\\/www.webdo.tn\\\/fr\\\/actualite\\\/tunis-hebdo\\\/on-ne-fait-pas-de-crise-sans-casser-des-oeufs\\\/173337\\\/#primaryimage\"},\"thumbnailUrl\":\"https:\\\/\\\/www.webdo.tn\\\/fr\\\/wp-content\\\/uploads\\\/2019\\\/01\\\/P6-OEUFFF-300x169-1.jpg\",\"keywords\":[\"guerre\"],\"articleSection\":[\"Tunis-Hebdo\"],\"inLanguage\":\"fr-FR\"},{\"@type\":\"WebPage\",\"@id\":\"https:\\\/\\\/www.webdo.tn\\\/fr\\\/actualite\\\/tunis-hebdo\\\/on-ne-fait-pas-de-crise-sans-casser-des-oeufs\\\/173337\\\/\",\"url\":\"https:\\\/\\\/www.webdo.tn\\\/fr\\\/actualite\\\/tunis-hebdo\\\/on-ne-fait-pas-de-crise-sans-casser-des-oeufs\\\/173337\\\/\",\"name\":\"On ne fait pas de crise sans casser des \u0153ufs !\",\"isPartOf\":{\"@id\":\"https:\\\/\\\/www.webdo.tn\\\/fr\\\/#website\"},\"primaryImageOfPage\":{\"@id\":\"https:\\\/\\\/www.webdo.tn\\\/fr\\\/actualite\\\/tunis-hebdo\\\/on-ne-fait-pas-de-crise-sans-casser-des-oeufs\\\/173337\\\/#primaryimage\"},\"image\":{\"@id\":\"https:\\\/\\\/www.webdo.tn\\\/fr\\\/actualite\\\/tunis-hebdo\\\/on-ne-fait-pas-de-crise-sans-casser-des-oeufs\\\/173337\\\/#primaryimage\"},\"thumbnailUrl\":\"https:\\\/\\\/www.webdo.tn\\\/fr\\\/wp-content\\\/uploads\\\/2019\\\/01\\\/P6-OEUFFF-300x169-1.jpg\",\"datePublished\":\"2019-01-11T11:30:00+00:00\",\"description\":\"On ne fait pas de crise sans casser des \u0153ufs !\",\"breadcrumb\":{\"@id\":\"https:\\\/\\\/www.webdo.tn\\\/fr\\\/actualite\\\/tunis-hebdo\\\/on-ne-fait-pas-de-crise-sans-casser-des-oeufs\\\/173337\\\/#breadcrumb\"},\"inLanguage\":\"fr-FR\",\"potentialAction\":[{\"@type\":\"ReadAction\",\"target\":[\"https:\\\/\\\/www.webdo.tn\\\/fr\\\/actualite\\\/tunis-hebdo\\\/on-ne-fait-pas-de-crise-sans-casser-des-oeufs\\\/173337\\\/\"]}]},{\"@type\":\"ImageObject\",\"inLanguage\":\"fr-FR\",\"@id\":\"https:\\\/\\\/www.webdo.tn\\\/fr\\\/actualite\\\/tunis-hebdo\\\/on-ne-fait-pas-de-crise-sans-casser-des-oeufs\\\/173337\\\/#primaryimage\",\"url\":\"https:\\\/\\\/www.webdo.tn\\\/fr\\\/wp-content\\\/uploads\\\/2019\\\/01\\\/P6-OEUFFF-300x169-1.jpg\",\"contentUrl\":\"https:\\\/\\\/www.webdo.tn\\\/fr\\\/wp-content\\\/uploads\\\/2019\\\/01\\\/P6-OEUFFF-300x169-1.jpg\",\"width\":300,\"height\":169,\"caption\":\"On ne fait pas de crise sans casser des \u0153ufs !\"},{\"@type\":\"BreadcrumbList\",\"@id\":\"https:\\\/\\\/www.webdo.tn\\\/fr\\\/actualite\\\/tunis-hebdo\\\/on-ne-fait-pas-de-crise-sans-casser-des-oeufs\\\/173337\\\/#breadcrumb\",\"itemListElement\":[{\"@type\":\"ListItem\",\"position\":1,\"name\":\"Accueil\",\"item\":\"https:\\\/\\\/www.webdo.tn\\\/fr\\\/\"},{\"@type\":\"ListItem\",\"position\":2,\"name\":\"On ne fait pas de crise sans casser des \u0153ufs !\"}]},{\"@type\":\"WebSite\",\"@id\":\"https:\\\/\\\/www.webdo.tn\\\/fr\\\/#website\",\"url\":\"https:\\\/\\\/www.webdo.tn\\\/fr\\\/\",\"name\":\"webdo\",\"description\":\"Tunisie - News en Tunisie et \u00e0 l&#039;international sur Webdo.tn\",\"publisher\":{\"@id\":\"https:\\\/\\\/www.webdo.tn\\\/fr\\\/#organization\"},\"potentialAction\":[{\"@type\":\"SearchAction\",\"target\":{\"@type\":\"EntryPoint\",\"urlTemplate\":\"https:\\\/\\\/www.webdo.tn\\\/fr\\\/?s={search_term_string}\"},\"query-input\":{\"@type\":\"PropertyValueSpecification\",\"valueRequired\":true,\"valueName\":\"search_term_string\"}}],\"inLanguage\":\"fr-FR\"},{\"@type\":\"Organization\",\"@id\":\"https:\\\/\\\/www.webdo.tn\\\/fr\\\/#organization\",\"name\":\"Webdo\",\"alternateName\":\"Webdo.tn\",\"url\":\"https:\\\/\\\/www.webdo.tn\\\/fr\\\/\",\"logo\":{\"@type\":\"ImageObject\",\"inLanguage\":\"fr-FR\",\"@id\":\"https:\\\/\\\/www.webdo.tn\\\/fr\\\/#\\\/schema\\\/logo\\\/image\\\/\",\"url\":\"https:\\\/\\\/www.webdo.tn\\\/fr\\\/wp-content\\\/uploads\\\/2025\\\/06\\\/Webdo-Tunisie_168377.jpg\",\"contentUrl\":\"https:\\\/\\\/www.webdo.tn\\\/fr\\\/wp-content\\\/uploads\\\/2025\\\/06\\\/Webdo-Tunisie_168377.jpg\",\"width\":301,\"height\":301,\"caption\":\"Webdo\"},\"image\":{\"@id\":\"https:\\\/\\\/www.webdo.tn\\\/fr\\\/#\\\/schema\\\/logo\\\/image\\\/\"},\"sameAs\":[\"https:\\\/\\\/www.facebook.com\\\/webdotn\",\"https:\\\/\\\/x.com\\\/webdo_tn\"],\"description\":\"Webdo est un m\u00e9dia num\u00e9rique tunisien fond\u00e9 en 2010, sp\u00e9cialis\u00e9 dans l\u2019actualit\u00e9 nationale et internationale, l\u2019\u00e9conomie, la soci\u00e9t\u00e9 et les analyses politiques. Le site s\u2019adresse \u00e0 un large public francophone et couvre l\u2019information tunisienne en temps r\u00e9el.\",\"email\":\"redac@webdo.tn\",\"legalName\":\"YNJ SARL\",\"foundingDate\":\"2010-09-06\",\"numberOfEmployees\":{\"@type\":\"QuantitativeValue\",\"minValue\":\"11\",\"maxValue\":\"50\"}},{\"@type\":\"Person\",\"@id\":\"https:\\\/\\\/www.webdo.tn\\\/fr\\\/#\\\/schema\\\/person\\\/9a9c6118d687c117df8ef3cc36a4d175\",\"name\":\"webdo.tn\",\"image\":{\"@type\":\"ImageObject\",\"inLanguage\":\"fr-FR\",\"@id\":\"https:\\\/\\\/secure.gravatar.com\\\/avatar\\\/7ce1f28c0c3bbac99ff550b85ef8e44a6950c6ee24514fb6a5489e51d06f0298?s=96&d=mm&r=g\",\"url\":\"https:\\\/\\\/secure.gravatar.com\\\/avatar\\\/7ce1f28c0c3bbac99ff550b85ef8e44a6950c6ee24514fb6a5489e51d06f0298?s=96&d=mm&r=g\",\"contentUrl\":\"https:\\\/\\\/secure.gravatar.com\\\/avatar\\\/7ce1f28c0c3bbac99ff550b85ef8e44a6950c6ee24514fb6a5489e51d06f0298?s=96&d=mm&r=g\",\"caption\":\"webdo.tn\"},\"url\":\"https:\\\/\\\/www.webdo.tn\\\/fr\\\/actualite\\\/author\\\/webdotn\\\/\"}]}<\/script>\n<!-- \/ Yoast SEO Premium plugin. -->","yoast_head_json":{"title":"On ne fait pas de crise sans casser des \u0153ufs !","description":"On ne fait pas de crise sans casser des \u0153ufs !","canonical":"https:\/\/www.webdo.tn\/fr\/actualite\/tunis-hebdo\/on-ne-fait-pas-de-crise-sans-casser-des-oeufs\/173337\/","og_locale":"fr_FR","og_type":"article","og_title":"On ne fait pas de crise sans casser des \u0153ufs !","og_description":"On ne fait pas de crise sans casser des \u0153ufs !","og_url":"https:\/\/www.webdo.tn\/fr\/actualite\/tunis-hebdo\/on-ne-fait-pas-de-crise-sans-casser-des-oeufs\/173337\/","og_site_name":"webdo","article_publisher":"https:\/\/www.facebook.com\/webdotn","article_published_time":"2019-01-11T11:30:00+00:00","og_image":[{"width":300,"height":169,"url":"https:\/\/www.webdo.tn\/fr\/wp-content\/uploads\/2019\/01\/P6-OEUFFF-300x169-1.jpg","type":"image\/jpeg"}],"author":"webdo.tn","twitter_card":"summary_large_image","twitter_creator":"@webdo_tn","twitter_site":"@webdo_tn","twitter_misc":{"\u00c9crit par":"webdo.tn","Dur\u00e9e de lecture estim\u00e9e":"5 minutes"},"schema":{"@context":"https:\/\/schema.org","@graph":[{"@type":"NewsArticle","@id":"https:\/\/www.webdo.tn\/fr\/actualite\/tunis-hebdo\/on-ne-fait-pas-de-crise-sans-casser-des-oeufs\/173337\/#article","isPartOf":{"@id":"https:\/\/www.webdo.tn\/fr\/actualite\/tunis-hebdo\/on-ne-fait-pas-de-crise-sans-casser-des-oeufs\/173337\/"},"author":{"name":"webdo.tn","@id":"https:\/\/www.webdo.tn\/fr\/#\/schema\/person\/9a9c6118d687c117df8ef3cc36a4d175"},"headline":"On ne fait pas de crise sans casser des \u0153ufs !","datePublished":"2019-01-11T11:30:00+00:00","mainEntityOfPage":{"@id":"https:\/\/www.webdo.tn\/fr\/actualite\/tunis-hebdo\/on-ne-fait-pas-de-crise-sans-casser-des-oeufs\/173337\/"},"wordCount":1151,"commentCount":0,"publisher":{"@id":"https:\/\/www.webdo.tn\/fr\/#organization"},"image":{"@id":"https:\/\/www.webdo.tn\/fr\/actualite\/tunis-hebdo\/on-ne-fait-pas-de-crise-sans-casser-des-oeufs\/173337\/#primaryimage"},"thumbnailUrl":"https:\/\/www.webdo.tn\/fr\/wp-content\/uploads\/2019\/01\/P6-OEUFFF-300x169-1.jpg","keywords":["guerre"],"articleSection":["Tunis-Hebdo"],"inLanguage":"fr-FR"},{"@type":"WebPage","@id":"https:\/\/www.webdo.tn\/fr\/actualite\/tunis-hebdo\/on-ne-fait-pas-de-crise-sans-casser-des-oeufs\/173337\/","url":"https:\/\/www.webdo.tn\/fr\/actualite\/tunis-hebdo\/on-ne-fait-pas-de-crise-sans-casser-des-oeufs\/173337\/","name":"On ne fait pas de crise sans casser des \u0153ufs !","isPartOf":{"@id":"https:\/\/www.webdo.tn\/fr\/#website"},"primaryImageOfPage":{"@id":"https:\/\/www.webdo.tn\/fr\/actualite\/tunis-hebdo\/on-ne-fait-pas-de-crise-sans-casser-des-oeufs\/173337\/#primaryimage"},"image":{"@id":"https:\/\/www.webdo.tn\/fr\/actualite\/tunis-hebdo\/on-ne-fait-pas-de-crise-sans-casser-des-oeufs\/173337\/#primaryimage"},"thumbnailUrl":"https:\/\/www.webdo.tn\/fr\/wp-content\/uploads\/2019\/01\/P6-OEUFFF-300x169-1.jpg","datePublished":"2019-01-11T11:30:00+00:00","description":"On ne fait pas de crise sans casser des \u0153ufs !","breadcrumb":{"@id":"https:\/\/www.webdo.tn\/fr\/actualite\/tunis-hebdo\/on-ne-fait-pas-de-crise-sans-casser-des-oeufs\/173337\/#breadcrumb"},"inLanguage":"fr-FR","potentialAction":[{"@type":"ReadAction","target":["https:\/\/www.webdo.tn\/fr\/actualite\/tunis-hebdo\/on-ne-fait-pas-de-crise-sans-casser-des-oeufs\/173337\/"]}]},{"@type":"ImageObject","inLanguage":"fr-FR","@id":"https:\/\/www.webdo.tn\/fr\/actualite\/tunis-hebdo\/on-ne-fait-pas-de-crise-sans-casser-des-oeufs\/173337\/#primaryimage","url":"https:\/\/www.webdo.tn\/fr\/wp-content\/uploads\/2019\/01\/P6-OEUFFF-300x169-1.jpg","contentUrl":"https:\/\/www.webdo.tn\/fr\/wp-content\/uploads\/2019\/01\/P6-OEUFFF-300x169-1.jpg","width":300,"height":169,"caption":"On ne fait pas de crise sans casser des \u0153ufs !"},{"@type":"BreadcrumbList","@id":"https:\/\/www.webdo.tn\/fr\/actualite\/tunis-hebdo\/on-ne-fait-pas-de-crise-sans-casser-des-oeufs\/173337\/#breadcrumb","itemListElement":[{"@type":"ListItem","position":1,"name":"Accueil","item":"https:\/\/www.webdo.tn\/fr\/"},{"@type":"ListItem","position":2,"name":"On ne fait pas de crise sans casser des \u0153ufs !"}]},{"@type":"WebSite","@id":"https:\/\/www.webdo.tn\/fr\/#website","url":"https:\/\/www.webdo.tn\/fr\/","name":"webdo","description":"Tunisie - News en Tunisie et \u00e0 l&#039;international sur Webdo.tn","publisher":{"@id":"https:\/\/www.webdo.tn\/fr\/#organization"},"potentialAction":[{"@type":"SearchAction","target":{"@type":"EntryPoint","urlTemplate":"https:\/\/www.webdo.tn\/fr\/?s={search_term_string}"},"query-input":{"@type":"PropertyValueSpecification","valueRequired":true,"valueName":"search_term_string"}}],"inLanguage":"fr-FR"},{"@type":"Organization","@id":"https:\/\/www.webdo.tn\/fr\/#organization","name":"Webdo","alternateName":"Webdo.tn","url":"https:\/\/www.webdo.tn\/fr\/","logo":{"@type":"ImageObject","inLanguage":"fr-FR","@id":"https:\/\/www.webdo.tn\/fr\/#\/schema\/logo\/image\/","url":"https:\/\/www.webdo.tn\/fr\/wp-content\/uploads\/2025\/06\/Webdo-Tunisie_168377.jpg","contentUrl":"https:\/\/www.webdo.tn\/fr\/wp-content\/uploads\/2025\/06\/Webdo-Tunisie_168377.jpg","width":301,"height":301,"caption":"Webdo"},"image":{"@id":"https:\/\/www.webdo.tn\/fr\/#\/schema\/logo\/image\/"},"sameAs":["https:\/\/www.facebook.com\/webdotn","https:\/\/x.com\/webdo_tn"],"description":"Webdo est un m\u00e9dia num\u00e9rique tunisien fond\u00e9 en 2010, sp\u00e9cialis\u00e9 dans l\u2019actualit\u00e9 nationale et internationale, l\u2019\u00e9conomie, la soci\u00e9t\u00e9 et les analyses politiques. Le site s\u2019adresse \u00e0 un large public francophone et couvre l\u2019information tunisienne en temps r\u00e9el.","email":"redac@webdo.tn","legalName":"YNJ SARL","foundingDate":"2010-09-06","numberOfEmployees":{"@type":"QuantitativeValue","minValue":"11","maxValue":"50"}},{"@type":"Person","@id":"https:\/\/www.webdo.tn\/fr\/#\/schema\/person\/9a9c6118d687c117df8ef3cc36a4d175","name":"webdo.tn","image":{"@type":"ImageObject","inLanguage":"fr-FR","@id":"https:\/\/secure.gravatar.com\/avatar\/7ce1f28c0c3bbac99ff550b85ef8e44a6950c6ee24514fb6a5489e51d06f0298?s=96&d=mm&r=g","url":"https:\/\/secure.gravatar.com\/avatar\/7ce1f28c0c3bbac99ff550b85ef8e44a6950c6ee24514fb6a5489e51d06f0298?s=96&d=mm&r=g","contentUrl":"https:\/\/secure.gravatar.com\/avatar\/7ce1f28c0c3bbac99ff550b85ef8e44a6950c6ee24514fb6a5489e51d06f0298?s=96&d=mm&r=g","caption":"webdo.tn"},"url":"https:\/\/www.webdo.tn\/fr\/actualite\/author\/webdotn\/"}]}},"_links":{"self":[{"href":"https:\/\/www.webdo.tn\/fr\/wp-json\/wp\/v2\/posts\/173337","targetHints":{"allow":["GET"]}}],"collection":[{"href":"https:\/\/www.webdo.tn\/fr\/wp-json\/wp\/v2\/posts"}],"about":[{"href":"https:\/\/www.webdo.tn\/fr\/wp-json\/wp\/v2\/types\/post"}],"author":[{"embeddable":true,"href":"https:\/\/www.webdo.tn\/fr\/wp-json\/wp\/v2\/users\/3222"}],"replies":[{"embeddable":true,"href":"https:\/\/www.webdo.tn\/fr\/wp-json\/wp\/v2\/comments?post=173337"}],"version-history":[{"count":0,"href":"https:\/\/www.webdo.tn\/fr\/wp-json\/wp\/v2\/posts\/173337\/revisions"}],"wp:featuredmedia":[{"embeddable":true,"href":"https:\/\/www.webdo.tn\/fr\/wp-json\/wp\/v2\/media\/342206"}],"wp:attachment":[{"href":"https:\/\/www.webdo.tn\/fr\/wp-json\/wp\/v2\/media?parent=173337"}],"wp:term":[{"taxonomy":"category","embeddable":true,"href":"https:\/\/www.webdo.tn\/fr\/wp-json\/wp\/v2\/categories?post=173337"},{"taxonomy":"post_tag","embeddable":true,"href":"https:\/\/www.webdo.tn\/fr\/wp-json\/wp\/v2\/tags?post=173337"}],"curies":[{"name":"wp","href":"https:\/\/api.w.org\/{rel}","templated":true}]}}