{"id":173336,"date":"2019-01-11T11:40:00","date_gmt":"2019-01-11T11:40:00","guid":{"rendered":"https:\/\/www.webdo.tn\/fr\/blog\/point-dorgue-mes-voeux-pour-2019\/173336\/"},"modified":"2025-05-18T23:10:07","modified_gmt":"2025-05-18T23:10:07","slug":"point-dorgue-mes-voeux-pour-2019","status":"publish","type":"post","link":"https:\/\/www.webdo.tn\/fr\/actualite\/tunis-hebdo\/point-dorgue-mes-voeux-pour-2019\/173336\/","title":{"rendered":"Point d&rsquo;Orgue | Mes v\u0153ux pour 2019"},"content":{"rendered":"<p>1 &#8211; J\u2019attends le Messie<br \/>\nMais est-ce qu\u2019il viendra ?<br \/>\nJ\u2019attends le \u00abMahdi\u00bb<br \/>\nMais est-ce qu\u2019il viendra ?<br \/>\nJ\u2019attends un sauveur<br \/>\nMais est-ce qu\u2019il viendra ?<br \/>\nJ\u2019attends un meneur<br \/>\nMais est-ce qu\u2019il viendra ?<br \/>\nEt ce que je crains<br \/>\nC\u2019est de voir demain,<br \/>\nAu lieu d\u2019un leader,<br \/>\nDes bonimenteurs<br \/>\nEt de beaux parleurs<br \/>\nSinon des menteurs<br \/>\nMonter au cr\u00e9neau<br \/>\nSans cor ni drapeau.<\/p>\n<p>\u2013 o \u2013 \u2013 o \u2013<\/p>\n<p>2 &#8211; J\u2019attends des projets<br \/>\nMille et une id\u00e9es<br \/>\nPour que les contr\u00e9es<br \/>\nD\u00e9favoris\u00e9es<br \/>\nSoient enfin sauv\u00e9es<br \/>\nEt pour embaucher<br \/>\nDes jeunes d\u00e9laiss\u00e9s<br \/>\nEt sans lendemain<br \/>\nMais ce que je crains<br \/>\nC\u2019est de voir demain<br \/>\nR\u00e9p\u00e9ter sans cesse<br \/>\nLes m\u00eames promesses<br \/>\nToujours ajourn\u00e9es<br \/>\nD\u2019ann\u00e9e en ann\u00e9e.<\/p>\n<p>\u2013 o \u2013 \u2013 o \u2013<\/p>\n<p>3 &#8211; J\u2019attends des d\u00e9bats<br \/>\nEt beaucoup de lois<br \/>\nSur les grandes questions<br \/>\nQui sont pour de bon<br \/>\nAu c\u0153ur des soucis<br \/>\nDe la Tunisie<br \/>\nMais ce que je crains<br \/>\nC\u2019est de voir demain<br \/>\nRevenir soudain<br \/>\nLes querelles mesquines<br \/>\nLes phrases anodines<br \/>\nLe discours sans fond<br \/>\nEt qui tourne en rond.<\/p>\n<p>\u2013 o \u2013 \u2013 o \u2013<\/p>\n<p>4 &#8211; J\u2019attends un signal<br \/>\nUn geste banal<br \/>\nUn trou dans le noir<br \/>\nPour nourrir l\u2019espoir<br \/>\nOu une \u00e9claircie<br \/>\nDans le ciel si gris<br \/>\nDe notre pays<br \/>\nQui vient \u00e9gayer<br \/>\nNos c\u0153urs attrist\u00e9s<br \/>\nMais ce que je crains<br \/>\nC\u2019est d\u2019attendre en vain<br \/>\nQue changent les choses<br \/>\nM\u00eame \u00e0 petites doses.<\/p>\n<p>\u2013 o \u2013 \u2013 o \u2013<\/p>\n<p>5 &#8211; J\u2019attends tout cela<br \/>\nMais au fond de moi<br \/>\nJe suis comme celui<br \/>\nQui attend Godot<br \/>\nAvec son ami (*)<br \/>\nMais ils savent tr\u00e8s t\u00f4t<br \/>\nQue rien ne viendra<br \/>\nChanger le tableau<br \/>\nEt tout restera<br \/>\nDu domaine des v\u0153ux.<br \/>\n\u2026\u2026\u2026<br \/>\n(*) Je pense aux personnages de la pi\u00e8ce de Becket, \u00abEn attendant Godot\u00bb.<br \/>\nAdel LAHMAR<br \/>\nTunis-Hebdo du 07\/01\/2019<\/p>\n","protected":false},"excerpt":{"rendered":"<p>Point d&rsquo;Orgue | Mes v\u0153ux pour 2019<\/p>\n","protected":false},"author":3222,"featured_media":303043,"comment_status":"open","ping_status":"closed","sticky":false,"template":"","format":"standard","meta":{"footnotes":""},"categories":[7653],"tags":[2600],"class_list":["post-173336","post","type-post","status-publish","format-standard","has-post-thumbnail","hentry","category-tunis-hebdo","tag-guerre"],"yoast_head":"<!-- This site is optimized with the Yoast SEO Premium plugin v27.4 (Yoast SEO v27.4) - https:\/\/yoast.com\/product\/yoast-seo-premium-wordpress\/ -->\n<title>Point d&#039;Orgue | Mes v\u0153ux pour 2019<\/title>\n<meta name=\"description\" content=\"Point d&#039;Orgue | Mes v\u0153ux pour 2019\" \/>\n<link rel=\"canonical\" href=\"https:\/\/www.webdo.tn\/fr\/actualite\/tunis-hebdo\/point-dorgue-mes-voeux-pour-2019\/173336\/\" \/>\n<meta property=\"og:locale\" content=\"fr_FR\" \/>\n<meta property=\"og:type\" content=\"article\" \/>\n<meta property=\"og:title\" content=\"Point d&#039;Orgue | Mes v\u0153ux pour 2019\" \/>\n<meta property=\"og:description\" content=\"Point d&#039;Orgue | Mes v\u0153ux pour 2019\" \/>\n<meta property=\"og:url\" content=\"https:\/\/www.webdo.tn\/fr\/actualite\/tunis-hebdo\/point-dorgue-mes-voeux-pour-2019\/173336\/\" \/>\n<meta property=\"og:site_name\" content=\"webdo\" \/>\n<meta property=\"article:publisher\" content=\"https:\/\/www.facebook.com\/webdotn\" \/>\n<meta property=\"article:published_time\" content=\"2019-01-11T11:40:00+00:00\" \/>\n<meta property=\"article:modified_time\" content=\"2025-05-18T23:10:07+00:00\" \/>\n<meta property=\"og:image\" content=\"https:\/\/www.webdo.tn\/fr\/wp-content\/uploads\/2019\/01\/en_attendant_godot_r-300x200-1.jpg\" \/>\n\t<meta property=\"og:image:width\" content=\"300\" \/>\n\t<meta property=\"og:image:height\" content=\"200\" \/>\n\t<meta property=\"og:image:type\" content=\"image\/jpeg\" \/>\n<meta name=\"author\" content=\"webdo.tn\" \/>\n<meta name=\"twitter:card\" content=\"summary_large_image\" \/>\n<meta name=\"twitter:creator\" content=\"@webdo_tn\" \/>\n<meta name=\"twitter:site\" content=\"@webdo_tn\" \/>\n<meta name=\"twitter:label1\" content=\"\u00c9crit par\" \/>\n\t<meta name=\"twitter:data1\" content=\"webdo.tn\" \/>\n\t<meta name=\"twitter:label2\" content=\"Dur\u00e9e de lecture estim\u00e9e\" \/>\n\t<meta name=\"twitter:data2\" content=\"2 minutes\" \/>\n<script type=\"application\/ld+json\" class=\"yoast-schema-graph\">{\"@context\":\"https:\\\/\\\/schema.org\",\"@graph\":[{\"@type\":\"NewsArticle\",\"@id\":\"https:\\\/\\\/www.webdo.tn\\\/fr\\\/actualite\\\/tunis-hebdo\\\/point-dorgue-mes-voeux-pour-2019\\\/173336\\\/#article\",\"isPartOf\":{\"@id\":\"https:\\\/\\\/www.webdo.tn\\\/fr\\\/actualite\\\/tunis-hebdo\\\/point-dorgue-mes-voeux-pour-2019\\\/173336\\\/\"},\"author\":{\"name\":\"webdo.tn\",\"@id\":\"https:\\\/\\\/www.webdo.tn\\\/fr\\\/#\\\/schema\\\/person\\\/9a9c6118d687c117df8ef3cc36a4d175\"},\"headline\":\"Point d&rsquo;Orgue | Mes v\u0153ux pour 2019\",\"datePublished\":\"2019-01-11T11:40:00+00:00\",\"dateModified\":\"2025-05-18T23:10:07+00:00\",\"mainEntityOfPage\":{\"@id\":\"https:\\\/\\\/www.webdo.tn\\\/fr\\\/actualite\\\/tunis-hebdo\\\/point-dorgue-mes-voeux-pour-2019\\\/173336\\\/\"},\"wordCount\":313,\"commentCount\":0,\"publisher\":{\"@id\":\"https:\\\/\\\/www.webdo.tn\\\/fr\\\/#organization\"},\"image\":{\"@id\":\"https:\\\/\\\/www.webdo.tn\\\/fr\\\/actualite\\\/tunis-hebdo\\\/point-dorgue-mes-voeux-pour-2019\\\/173336\\\/#primaryimage\"},\"thumbnailUrl\":\"https:\\\/\\\/www.webdo.tn\\\/fr\\\/wp-content\\\/uploads\\\/2019\\\/01\\\/en_attendant_godot_r-300x200-1.jpg\",\"keywords\":[\"guerre\"],\"articleSection\":[\"Tunis-Hebdo\"],\"inLanguage\":\"fr-FR\"},{\"@type\":\"WebPage\",\"@id\":\"https:\\\/\\\/www.webdo.tn\\\/fr\\\/actualite\\\/tunis-hebdo\\\/point-dorgue-mes-voeux-pour-2019\\\/173336\\\/\",\"url\":\"https:\\\/\\\/www.webdo.tn\\\/fr\\\/actualite\\\/tunis-hebdo\\\/point-dorgue-mes-voeux-pour-2019\\\/173336\\\/\",\"name\":\"Point d'Orgue | Mes v\u0153ux pour 2019\",\"isPartOf\":{\"@id\":\"https:\\\/\\\/www.webdo.tn\\\/fr\\\/#website\"},\"primaryImageOfPage\":{\"@id\":\"https:\\\/\\\/www.webdo.tn\\\/fr\\\/actualite\\\/tunis-hebdo\\\/point-dorgue-mes-voeux-pour-2019\\\/173336\\\/#primaryimage\"},\"image\":{\"@id\":\"https:\\\/\\\/www.webdo.tn\\\/fr\\\/actualite\\\/tunis-hebdo\\\/point-dorgue-mes-voeux-pour-2019\\\/173336\\\/#primaryimage\"},\"thumbnailUrl\":\"https:\\\/\\\/www.webdo.tn\\\/fr\\\/wp-content\\\/uploads\\\/2019\\\/01\\\/en_attendant_godot_r-300x200-1.jpg\",\"datePublished\":\"2019-01-11T11:40:00+00:00\",\"dateModified\":\"2025-05-18T23:10:07+00:00\",\"description\":\"Point d'Orgue | Mes v\u0153ux pour 2019\",\"breadcrumb\":{\"@id\":\"https:\\\/\\\/www.webdo.tn\\\/fr\\\/actualite\\\/tunis-hebdo\\\/point-dorgue-mes-voeux-pour-2019\\\/173336\\\/#breadcrumb\"},\"inLanguage\":\"fr-FR\",\"potentialAction\":[{\"@type\":\"ReadAction\",\"target\":[\"https:\\\/\\\/www.webdo.tn\\\/fr\\\/actualite\\\/tunis-hebdo\\\/point-dorgue-mes-voeux-pour-2019\\\/173336\\\/\"]}]},{\"@type\":\"ImageObject\",\"inLanguage\":\"fr-FR\",\"@id\":\"https:\\\/\\\/www.webdo.tn\\\/fr\\\/actualite\\\/tunis-hebdo\\\/point-dorgue-mes-voeux-pour-2019\\\/173336\\\/#primaryimage\",\"url\":\"https:\\\/\\\/www.webdo.tn\\\/fr\\\/wp-content\\\/uploads\\\/2019\\\/01\\\/en_attendant_godot_r-300x200-1.jpg\",\"contentUrl\":\"https:\\\/\\\/www.webdo.tn\\\/fr\\\/wp-content\\\/uploads\\\/2019\\\/01\\\/en_attendant_godot_r-300x200-1.jpg\",\"width\":300,\"height\":200,\"caption\":\"Point d'Orgue | Mes v\u0153ux pour 2019\"},{\"@type\":\"BreadcrumbList\",\"@id\":\"https:\\\/\\\/www.webdo.tn\\\/fr\\\/actualite\\\/tunis-hebdo\\\/point-dorgue-mes-voeux-pour-2019\\\/173336\\\/#breadcrumb\",\"itemListElement\":[{\"@type\":\"ListItem\",\"position\":1,\"name\":\"Accueil\",\"item\":\"https:\\\/\\\/www.webdo.tn\\\/fr\\\/\"},{\"@type\":\"ListItem\",\"position\":2,\"name\":\"Point d&rsquo;Orgue | Mes v\u0153ux pour 2019\"}]},{\"@type\":\"WebSite\",\"@id\":\"https:\\\/\\\/www.webdo.tn\\\/fr\\\/#website\",\"url\":\"https:\\\/\\\/www.webdo.tn\\\/fr\\\/\",\"name\":\"webdo\",\"description\":\"Tunisie - News en Tunisie et \u00e0 l&#039;international sur Webdo.tn\",\"publisher\":{\"@id\":\"https:\\\/\\\/www.webdo.tn\\\/fr\\\/#organization\"},\"potentialAction\":[{\"@type\":\"SearchAction\",\"target\":{\"@type\":\"EntryPoint\",\"urlTemplate\":\"https:\\\/\\\/www.webdo.tn\\\/fr\\\/?s={search_term_string}\"},\"query-input\":{\"@type\":\"PropertyValueSpecification\",\"valueRequired\":true,\"valueName\":\"search_term_string\"}}],\"inLanguage\":\"fr-FR\"},{\"@type\":\"Organization\",\"@id\":\"https:\\\/\\\/www.webdo.tn\\\/fr\\\/#organization\",\"name\":\"Webdo\",\"alternateName\":\"Webdo.tn\",\"url\":\"https:\\\/\\\/www.webdo.tn\\\/fr\\\/\",\"logo\":{\"@type\":\"ImageObject\",\"inLanguage\":\"fr-FR\",\"@id\":\"https:\\\/\\\/www.webdo.tn\\\/fr\\\/#\\\/schema\\\/logo\\\/image\\\/\",\"url\":\"https:\\\/\\\/www.webdo.tn\\\/fr\\\/wp-content\\\/uploads\\\/2025\\\/06\\\/Webdo-Tunisie_168377.jpg\",\"contentUrl\":\"https:\\\/\\\/www.webdo.tn\\\/fr\\\/wp-content\\\/uploads\\\/2025\\\/06\\\/Webdo-Tunisie_168377.jpg\",\"width\":301,\"height\":301,\"caption\":\"Webdo\"},\"image\":{\"@id\":\"https:\\\/\\\/www.webdo.tn\\\/fr\\\/#\\\/schema\\\/logo\\\/image\\\/\"},\"sameAs\":[\"https:\\\/\\\/www.facebook.com\\\/webdotn\",\"https:\\\/\\\/x.com\\\/webdo_tn\"],\"description\":\"Webdo est un m\u00e9dia num\u00e9rique tunisien fond\u00e9 en 2010, sp\u00e9cialis\u00e9 dans l\u2019actualit\u00e9 nationale et internationale, l\u2019\u00e9conomie, la soci\u00e9t\u00e9 et les analyses politiques. Le site s\u2019adresse \u00e0 un large public francophone et couvre l\u2019information tunisienne en temps r\u00e9el.\",\"email\":\"redac@webdo.tn\",\"legalName\":\"YNJ SARL\",\"foundingDate\":\"2010-09-06\",\"numberOfEmployees\":{\"@type\":\"QuantitativeValue\",\"minValue\":\"11\",\"maxValue\":\"50\"}},{\"@type\":\"Person\",\"@id\":\"https:\\\/\\\/www.webdo.tn\\\/fr\\\/#\\\/schema\\\/person\\\/9a9c6118d687c117df8ef3cc36a4d175\",\"name\":\"webdo.tn\",\"image\":{\"@type\":\"ImageObject\",\"inLanguage\":\"fr-FR\",\"@id\":\"https:\\\/\\\/secure.gravatar.com\\\/avatar\\\/7ce1f28c0c3bbac99ff550b85ef8e44a6950c6ee24514fb6a5489e51d06f0298?s=96&d=mm&r=g\",\"url\":\"https:\\\/\\\/secure.gravatar.com\\\/avatar\\\/7ce1f28c0c3bbac99ff550b85ef8e44a6950c6ee24514fb6a5489e51d06f0298?s=96&d=mm&r=g\",\"contentUrl\":\"https:\\\/\\\/secure.gravatar.com\\\/avatar\\\/7ce1f28c0c3bbac99ff550b85ef8e44a6950c6ee24514fb6a5489e51d06f0298?s=96&d=mm&r=g\",\"caption\":\"webdo.tn\"},\"url\":\"https:\\\/\\\/www.webdo.tn\\\/fr\\\/actualite\\\/author\\\/webdotn\\\/\"}]}<\/script>\n<!-- \/ Yoast SEO Premium plugin. -->","yoast_head_json":{"title":"Point d'Orgue | Mes v\u0153ux pour 2019","description":"Point d'Orgue | Mes v\u0153ux pour 2019","canonical":"https:\/\/www.webdo.tn\/fr\/actualite\/tunis-hebdo\/point-dorgue-mes-voeux-pour-2019\/173336\/","og_locale":"fr_FR","og_type":"article","og_title":"Point d'Orgue | Mes v\u0153ux pour 2019","og_description":"Point d'Orgue | Mes v\u0153ux pour 2019","og_url":"https:\/\/www.webdo.tn\/fr\/actualite\/tunis-hebdo\/point-dorgue-mes-voeux-pour-2019\/173336\/","og_site_name":"webdo","article_publisher":"https:\/\/www.facebook.com\/webdotn","article_published_time":"2019-01-11T11:40:00+00:00","article_modified_time":"2025-05-18T23:10:07+00:00","og_image":[{"width":300,"height":200,"url":"https:\/\/www.webdo.tn\/fr\/wp-content\/uploads\/2019\/01\/en_attendant_godot_r-300x200-1.jpg","type":"image\/jpeg"}],"author":"webdo.tn","twitter_card":"summary_large_image","twitter_creator":"@webdo_tn","twitter_site":"@webdo_tn","twitter_misc":{"\u00c9crit par":"webdo.tn","Dur\u00e9e de lecture estim\u00e9e":"2 minutes"},"schema":{"@context":"https:\/\/schema.org","@graph":[{"@type":"NewsArticle","@id":"https:\/\/www.webdo.tn\/fr\/actualite\/tunis-hebdo\/point-dorgue-mes-voeux-pour-2019\/173336\/#article","isPartOf":{"@id":"https:\/\/www.webdo.tn\/fr\/actualite\/tunis-hebdo\/point-dorgue-mes-voeux-pour-2019\/173336\/"},"author":{"name":"webdo.tn","@id":"https:\/\/www.webdo.tn\/fr\/#\/schema\/person\/9a9c6118d687c117df8ef3cc36a4d175"},"headline":"Point d&rsquo;Orgue | Mes v\u0153ux pour 2019","datePublished":"2019-01-11T11:40:00+00:00","dateModified":"2025-05-18T23:10:07+00:00","mainEntityOfPage":{"@id":"https:\/\/www.webdo.tn\/fr\/actualite\/tunis-hebdo\/point-dorgue-mes-voeux-pour-2019\/173336\/"},"wordCount":313,"commentCount":0,"publisher":{"@id":"https:\/\/www.webdo.tn\/fr\/#organization"},"image":{"@id":"https:\/\/www.webdo.tn\/fr\/actualite\/tunis-hebdo\/point-dorgue-mes-voeux-pour-2019\/173336\/#primaryimage"},"thumbnailUrl":"https:\/\/www.webdo.tn\/fr\/wp-content\/uploads\/2019\/01\/en_attendant_godot_r-300x200-1.jpg","keywords":["guerre"],"articleSection":["Tunis-Hebdo"],"inLanguage":"fr-FR"},{"@type":"WebPage","@id":"https:\/\/www.webdo.tn\/fr\/actualite\/tunis-hebdo\/point-dorgue-mes-voeux-pour-2019\/173336\/","url":"https:\/\/www.webdo.tn\/fr\/actualite\/tunis-hebdo\/point-dorgue-mes-voeux-pour-2019\/173336\/","name":"Point d'Orgue | Mes v\u0153ux pour 2019","isPartOf":{"@id":"https:\/\/www.webdo.tn\/fr\/#website"},"primaryImageOfPage":{"@id":"https:\/\/www.webdo.tn\/fr\/actualite\/tunis-hebdo\/point-dorgue-mes-voeux-pour-2019\/173336\/#primaryimage"},"image":{"@id":"https:\/\/www.webdo.tn\/fr\/actualite\/tunis-hebdo\/point-dorgue-mes-voeux-pour-2019\/173336\/#primaryimage"},"thumbnailUrl":"https:\/\/www.webdo.tn\/fr\/wp-content\/uploads\/2019\/01\/en_attendant_godot_r-300x200-1.jpg","datePublished":"2019-01-11T11:40:00+00:00","dateModified":"2025-05-18T23:10:07+00:00","description":"Point d'Orgue | Mes v\u0153ux pour 2019","breadcrumb":{"@id":"https:\/\/www.webdo.tn\/fr\/actualite\/tunis-hebdo\/point-dorgue-mes-voeux-pour-2019\/173336\/#breadcrumb"},"inLanguage":"fr-FR","potentialAction":[{"@type":"ReadAction","target":["https:\/\/www.webdo.tn\/fr\/actualite\/tunis-hebdo\/point-dorgue-mes-voeux-pour-2019\/173336\/"]}]},{"@type":"ImageObject","inLanguage":"fr-FR","@id":"https:\/\/www.webdo.tn\/fr\/actualite\/tunis-hebdo\/point-dorgue-mes-voeux-pour-2019\/173336\/#primaryimage","url":"https:\/\/www.webdo.tn\/fr\/wp-content\/uploads\/2019\/01\/en_attendant_godot_r-300x200-1.jpg","contentUrl":"https:\/\/www.webdo.tn\/fr\/wp-content\/uploads\/2019\/01\/en_attendant_godot_r-300x200-1.jpg","width":300,"height":200,"caption":"Point d'Orgue | Mes v\u0153ux pour 2019"},{"@type":"BreadcrumbList","@id":"https:\/\/www.webdo.tn\/fr\/actualite\/tunis-hebdo\/point-dorgue-mes-voeux-pour-2019\/173336\/#breadcrumb","itemListElement":[{"@type":"ListItem","position":1,"name":"Accueil","item":"https:\/\/www.webdo.tn\/fr\/"},{"@type":"ListItem","position":2,"name":"Point d&rsquo;Orgue | Mes v\u0153ux pour 2019"}]},{"@type":"WebSite","@id":"https:\/\/www.webdo.tn\/fr\/#website","url":"https:\/\/www.webdo.tn\/fr\/","name":"webdo","description":"Tunisie - News en Tunisie et \u00e0 l&#039;international sur Webdo.tn","publisher":{"@id":"https:\/\/www.webdo.tn\/fr\/#organization"},"potentialAction":[{"@type":"SearchAction","target":{"@type":"EntryPoint","urlTemplate":"https:\/\/www.webdo.tn\/fr\/?s={search_term_string}"},"query-input":{"@type":"PropertyValueSpecification","valueRequired":true,"valueName":"search_term_string"}}],"inLanguage":"fr-FR"},{"@type":"Organization","@id":"https:\/\/www.webdo.tn\/fr\/#organization","name":"Webdo","alternateName":"Webdo.tn","url":"https:\/\/www.webdo.tn\/fr\/","logo":{"@type":"ImageObject","inLanguage":"fr-FR","@id":"https:\/\/www.webdo.tn\/fr\/#\/schema\/logo\/image\/","url":"https:\/\/www.webdo.tn\/fr\/wp-content\/uploads\/2025\/06\/Webdo-Tunisie_168377.jpg","contentUrl":"https:\/\/www.webdo.tn\/fr\/wp-content\/uploads\/2025\/06\/Webdo-Tunisie_168377.jpg","width":301,"height":301,"caption":"Webdo"},"image":{"@id":"https:\/\/www.webdo.tn\/fr\/#\/schema\/logo\/image\/"},"sameAs":["https:\/\/www.facebook.com\/webdotn","https:\/\/x.com\/webdo_tn"],"description":"Webdo est un m\u00e9dia num\u00e9rique tunisien fond\u00e9 en 2010, sp\u00e9cialis\u00e9 dans l\u2019actualit\u00e9 nationale et internationale, l\u2019\u00e9conomie, la soci\u00e9t\u00e9 et les analyses politiques. Le site s\u2019adresse \u00e0 un large public francophone et couvre l\u2019information tunisienne en temps r\u00e9el.","email":"redac@webdo.tn","legalName":"YNJ SARL","foundingDate":"2010-09-06","numberOfEmployees":{"@type":"QuantitativeValue","minValue":"11","maxValue":"50"}},{"@type":"Person","@id":"https:\/\/www.webdo.tn\/fr\/#\/schema\/person\/9a9c6118d687c117df8ef3cc36a4d175","name":"webdo.tn","image":{"@type":"ImageObject","inLanguage":"fr-FR","@id":"https:\/\/secure.gravatar.com\/avatar\/7ce1f28c0c3bbac99ff550b85ef8e44a6950c6ee24514fb6a5489e51d06f0298?s=96&d=mm&r=g","url":"https:\/\/secure.gravatar.com\/avatar\/7ce1f28c0c3bbac99ff550b85ef8e44a6950c6ee24514fb6a5489e51d06f0298?s=96&d=mm&r=g","contentUrl":"https:\/\/secure.gravatar.com\/avatar\/7ce1f28c0c3bbac99ff550b85ef8e44a6950c6ee24514fb6a5489e51d06f0298?s=96&d=mm&r=g","caption":"webdo.tn"},"url":"https:\/\/www.webdo.tn\/fr\/actualite\/author\/webdotn\/"}]}},"_links":{"self":[{"href":"https:\/\/www.webdo.tn\/fr\/wp-json\/wp\/v2\/posts\/173336","targetHints":{"allow":["GET"]}}],"collection":[{"href":"https:\/\/www.webdo.tn\/fr\/wp-json\/wp\/v2\/posts"}],"about":[{"href":"https:\/\/www.webdo.tn\/fr\/wp-json\/wp\/v2\/types\/post"}],"author":[{"embeddable":true,"href":"https:\/\/www.webdo.tn\/fr\/wp-json\/wp\/v2\/users\/3222"}],"replies":[{"embeddable":true,"href":"https:\/\/www.webdo.tn\/fr\/wp-json\/wp\/v2\/comments?post=173336"}],"version-history":[{"count":0,"href":"https:\/\/www.webdo.tn\/fr\/wp-json\/wp\/v2\/posts\/173336\/revisions"}],"wp:featuredmedia":[{"embeddable":true,"href":"https:\/\/www.webdo.tn\/fr\/wp-json\/wp\/v2\/media\/303043"}],"wp:attachment":[{"href":"https:\/\/www.webdo.tn\/fr\/wp-json\/wp\/v2\/media?parent=173336"}],"wp:term":[{"taxonomy":"category","embeddable":true,"href":"https:\/\/www.webdo.tn\/fr\/wp-json\/wp\/v2\/categories?post=173336"},{"taxonomy":"post_tag","embeddable":true,"href":"https:\/\/www.webdo.tn\/fr\/wp-json\/wp\/v2\/tags?post=173336"}],"curies":[{"name":"wp","href":"https:\/\/api.w.org\/{rel}","templated":true}]}}