{"id":173335,"date":"2019-01-29T10:54:00","date_gmt":"2019-01-29T10:54:00","guid":{"rendered":"https:\/\/www.webdo.tn\/fr\/blog\/la-tunisie-un-pole-estudiantin-en-sursis\/173335\/"},"modified":"2019-01-29T10:54:00","modified_gmt":"2019-01-29T10:54:00","slug":"la-tunisie-un-pole-estudiantin-en-sursis","status":"publish","type":"post","link":"https:\/\/www.webdo.tn\/fr\/actualite\/tunis-hebdo\/la-tunisie-un-pole-estudiantin-en-sursis\/173335\/","title":{"rendered":"La Tunisie, un p\u00f4le estudiantin en sursis !"},"content":{"rendered":"<p>La Tunisie a, de tout temps, \u00e9t\u00e9 cette terre d&rsquo;accueil pour les migrants du monde entier, en particulier ceux du bassin m\u00e9diterran\u00e9en. Mais malgr\u00e9 le marasme socio\u00e9conomique, voire m\u00eame identitaire, qui la gangr\u00e8ne depuis 2011, elle continue d&rsquo;attirer de jeunes \u00e9tudiants africains sans pour autant les s\u00e9duire.<br \/>\nAlors que notre enseignement sup\u00e9rieur est \u00e0 l&rsquo;agonie, des milliers de jeunes africains, originaires de pays francophones, viennent poursuivre leurs \u00e9tudes en Tunisie.<\/p>\n<p>Un tel engouement suscite l&rsquo;\u00e9tonnement puisque nos structures \u00e9tatiques sont en voie de disparition et s&rsquo;inscrire dans l&rsquo;un de nos \u00e9tablissements priv\u00e9s co\u00fbte une petite fortune. Sans compter que certains d&rsquo;entre eux ont acquis, tout r\u00e9cemment, une certaine r\u00e9putation de tire-au-flanc et de falsificateur de dipl\u00f4mes.<\/p>\n<p>Toutefois, d&rsquo;apr\u00e8s les r\u00e9cents chiffres d\u00e9livr\u00e9s par le minist\u00e8re des Affaires \u00e9trang\u00e8res, plus de 7000 \u00e9tudiants africains sont inscrits dans nos centres de formation professionnelle, nos universit\u00e9s publiques et priv\u00e9es.<\/p>\n<p>Le ministre des Affaires \u00e9trang\u00e8res, Khemaies Jhinaoui, a de plus ajout\u00e9 que la Tunisie compte tripler ce nombre pour atteindre les 20.000 \u00e9tudiants \u00e0 l&rsquo;horizon 2020. Une annonce impr\u00e9gn\u00e9e de trop d&rsquo;optimisme compte tenu de l&rsquo;instabilit\u00e9 de notre enseignement sup\u00e9rieur qui subit une s\u00e9rie de gr\u00e8ves \u00e0 la fran\u00e7aise saupoudr\u00e9e par une diarrh\u00e9e verbale st\u00e9rile \u00e9manant de nos chers syndicats.<\/p>\n<p>[pull_quote_center]Bien que souffrant de certains maux, notre enseignement sup\u00e9rieur demeure, en termes de moyens, un cran au-dessus par rapport \u00e0 celui de quelques pays d&rsquo;Afrique[\/pull_quote_center]<\/p>\n<p>Car rien au monde ne justifie que l&rsquo;on p\u00e9nalise nos jeunes pour quelques deniers de plus. Malheureusement, et c&rsquo;est bien l\u00e0 une triste v\u00e9rit\u00e9, depuis l&rsquo;application des r\u00e9formes instaur\u00e9es par feu Mohamed Mzali en mati\u00e8re d&rsquo;\u00e9ducation, le niveau de notre enseignement, du primaire au sup\u00e9rieur, s&rsquo;est litt\u00e9ralement effondr\u00e9, pour atteindre le fin fond des abysses sous l&rsquo;\u00e8re Ben Ali et continuer \u00e0 sombre sous l&rsquo;\u00e8re de Caid-Essebssi.<\/p>\n<p>Mais le pire dans toute cette histoire, c&rsquo;est que la Tunisie continue de former quelques esprits brillants qui ne sont pas r\u00e9compens\u00e9s \u00e0 leur juste valeur. Pour en venir \u00e0 cette diaspora estudiantine, force est de constater que la Tunisie constitue un tremplin, plus ou moins rouill\u00e9, pour l&rsquo;Europe.<\/p>\n<p>Car bien que souffrant de certains maux, notre enseignement sup\u00e9rieur demeure, en termes de moyens, un cran au-dessus par rapport \u00e0 celui de quelques pays d&rsquo;Afrique. Pour la simple et bonne raison que notre pays investit plus dans l&rsquo;\u00e9ducation nationale que ses homologues subsahariens.<\/p>\n<p>Alors que les Chinois sont en passe de s&rsquo;accaparer le pays en toute discr\u00e9tion, des milliers de Mauritaniens, Burkinab\u00e9s, Ivoiriens, Maliens, S\u00e9n\u00e9galais et Nig\u00e9riens essaient de d\u00e9crocher un prestigieux dipl\u00f4me pour esp\u00e9rer trouver un job et retourner au bercail la t\u00eate haute.<\/p>\n<p>Entre temps, nombre d&rsquo;entre eux, au m\u00eame titre que certains de nos compatriotes originaires du sud, sont confront\u00e9s quotidiennement \u00e0 la violence et \u00e0 la haine raciale qui puise ses origines dans le manque d&rsquo;\u00e9ducation et l&rsquo;absence de savoir-vivre. Une situation, tout bonnement, scandaleuse qui commence \u00e0 peine \u00e0 attiser la foudre de l&rsquo;opinion publique et \u00e0 alerter les plus hautes autorit\u00e9s.<br \/>\nMohamed Habib LADJIMI<br \/>\nTunis-Hebdo du 28\/01\/2019<\/p>\n","protected":false},"excerpt":{"rendered":"<p>La Tunisie, un p\u00f4le estudiantin en sursis !<\/p>\n","protected":false},"author":3222,"featured_media":342303,"comment_status":"open","ping_status":"closed","sticky":false,"template":"","format":"standard","meta":{"footnotes":""},"categories":[7653],"tags":[2600],"class_list":["post-173335","post","type-post","status-publish","format-standard","has-post-thumbnail","hentry","category-tunis-hebdo","tag-guerre"],"yoast_head":"<!-- This site is optimized with the Yoast SEO Premium plugin v27.4 (Yoast SEO v27.4) - https:\/\/yoast.com\/product\/yoast-seo-premium-wordpress\/ -->\n<title>La Tunisie, un p\u00f4le estudiantin en sursis !<\/title>\n<meta name=\"description\" content=\"La Tunisie, un p\u00f4le estudiantin en sursis !\" \/>\n<link rel=\"canonical\" href=\"https:\/\/www.webdo.tn\/fr\/actualite\/tunis-hebdo\/la-tunisie-un-pole-estudiantin-en-sursis\/173335\/\" \/>\n<meta property=\"og:locale\" content=\"fr_FR\" \/>\n<meta property=\"og:type\" content=\"article\" \/>\n<meta property=\"og:title\" content=\"La Tunisie, un p\u00f4le estudiantin en sursis !\" \/>\n<meta property=\"og:description\" content=\"La Tunisie, un p\u00f4le estudiantin en sursis !\" \/>\n<meta property=\"og:url\" content=\"https:\/\/www.webdo.tn\/fr\/actualite\/tunis-hebdo\/la-tunisie-un-pole-estudiantin-en-sursis\/173335\/\" \/>\n<meta property=\"og:site_name\" content=\"webdo\" \/>\n<meta property=\"article:publisher\" content=\"https:\/\/www.facebook.com\/webdotn\" \/>\n<meta property=\"article:published_time\" content=\"2019-01-29T10:54:00+00:00\" \/>\n<meta property=\"og:image\" content=\"https:\/\/www.webdo.tn\/fr\/wp-content\/uploads\/2019\/01\/P10-La-Tunisie.jpg\" \/>\n\t<meta property=\"og:image:width\" content=\"592\" \/>\n\t<meta property=\"og:image:height\" content=\"296\" \/>\n\t<meta property=\"og:image:type\" content=\"image\/jpeg\" \/>\n<meta name=\"author\" content=\"webdo.tn\" \/>\n<meta name=\"twitter:card\" content=\"summary_large_image\" \/>\n<meta name=\"twitter:creator\" content=\"@webdo_tn\" \/>\n<meta name=\"twitter:site\" content=\"@webdo_tn\" \/>\n<meta name=\"twitter:label1\" content=\"\u00c9crit par\" \/>\n\t<meta name=\"twitter:data1\" content=\"webdo.tn\" \/>\n\t<meta name=\"twitter:label2\" content=\"Dur\u00e9e de lecture estim\u00e9e\" \/>\n\t<meta name=\"twitter:data2\" content=\"3 minutes\" \/>\n<script type=\"application\/ld+json\" class=\"yoast-schema-graph\">{\"@context\":\"https:\\\/\\\/schema.org\",\"@graph\":[{\"@type\":\"NewsArticle\",\"@id\":\"https:\\\/\\\/www.webdo.tn\\\/fr\\\/actualite\\\/tunis-hebdo\\\/la-tunisie-un-pole-estudiantin-en-sursis\\\/173335\\\/#article\",\"isPartOf\":{\"@id\":\"https:\\\/\\\/www.webdo.tn\\\/fr\\\/actualite\\\/tunis-hebdo\\\/la-tunisie-un-pole-estudiantin-en-sursis\\\/173335\\\/\"},\"author\":{\"name\":\"webdo.tn\",\"@id\":\"https:\\\/\\\/www.webdo.tn\\\/fr\\\/#\\\/schema\\\/person\\\/9a9c6118d687c117df8ef3cc36a4d175\"},\"headline\":\"La Tunisie, un p\u00f4le estudiantin en sursis !\",\"datePublished\":\"2019-01-29T10:54:00+00:00\",\"mainEntityOfPage\":{\"@id\":\"https:\\\/\\\/www.webdo.tn\\\/fr\\\/actualite\\\/tunis-hebdo\\\/la-tunisie-un-pole-estudiantin-en-sursis\\\/173335\\\/\"},\"wordCount\":578,\"commentCount\":0,\"publisher\":{\"@id\":\"https:\\\/\\\/www.webdo.tn\\\/fr\\\/#organization\"},\"image\":{\"@id\":\"https:\\\/\\\/www.webdo.tn\\\/fr\\\/actualite\\\/tunis-hebdo\\\/la-tunisie-un-pole-estudiantin-en-sursis\\\/173335\\\/#primaryimage\"},\"thumbnailUrl\":\"https:\\\/\\\/www.webdo.tn\\\/fr\\\/wp-content\\\/uploads\\\/2019\\\/01\\\/P10-La-Tunisie.jpg\",\"keywords\":[\"guerre\"],\"articleSection\":[\"Tunis-Hebdo\"],\"inLanguage\":\"fr-FR\"},{\"@type\":\"WebPage\",\"@id\":\"https:\\\/\\\/www.webdo.tn\\\/fr\\\/actualite\\\/tunis-hebdo\\\/la-tunisie-un-pole-estudiantin-en-sursis\\\/173335\\\/\",\"url\":\"https:\\\/\\\/www.webdo.tn\\\/fr\\\/actualite\\\/tunis-hebdo\\\/la-tunisie-un-pole-estudiantin-en-sursis\\\/173335\\\/\",\"name\":\"La Tunisie, un p\u00f4le estudiantin en sursis !\",\"isPartOf\":{\"@id\":\"https:\\\/\\\/www.webdo.tn\\\/fr\\\/#website\"},\"primaryImageOfPage\":{\"@id\":\"https:\\\/\\\/www.webdo.tn\\\/fr\\\/actualite\\\/tunis-hebdo\\\/la-tunisie-un-pole-estudiantin-en-sursis\\\/173335\\\/#primaryimage\"},\"image\":{\"@id\":\"https:\\\/\\\/www.webdo.tn\\\/fr\\\/actualite\\\/tunis-hebdo\\\/la-tunisie-un-pole-estudiantin-en-sursis\\\/173335\\\/#primaryimage\"},\"thumbnailUrl\":\"https:\\\/\\\/www.webdo.tn\\\/fr\\\/wp-content\\\/uploads\\\/2019\\\/01\\\/P10-La-Tunisie.jpg\",\"datePublished\":\"2019-01-29T10:54:00+00:00\",\"description\":\"La Tunisie, un p\u00f4le estudiantin en sursis !\",\"breadcrumb\":{\"@id\":\"https:\\\/\\\/www.webdo.tn\\\/fr\\\/actualite\\\/tunis-hebdo\\\/la-tunisie-un-pole-estudiantin-en-sursis\\\/173335\\\/#breadcrumb\"},\"inLanguage\":\"fr-FR\",\"potentialAction\":[{\"@type\":\"ReadAction\",\"target\":[\"https:\\\/\\\/www.webdo.tn\\\/fr\\\/actualite\\\/tunis-hebdo\\\/la-tunisie-un-pole-estudiantin-en-sursis\\\/173335\\\/\"]}]},{\"@type\":\"ImageObject\",\"inLanguage\":\"fr-FR\",\"@id\":\"https:\\\/\\\/www.webdo.tn\\\/fr\\\/actualite\\\/tunis-hebdo\\\/la-tunisie-un-pole-estudiantin-en-sursis\\\/173335\\\/#primaryimage\",\"url\":\"https:\\\/\\\/www.webdo.tn\\\/fr\\\/wp-content\\\/uploads\\\/2019\\\/01\\\/P10-La-Tunisie.jpg\",\"contentUrl\":\"https:\\\/\\\/www.webdo.tn\\\/fr\\\/wp-content\\\/uploads\\\/2019\\\/01\\\/P10-La-Tunisie.jpg\",\"width\":592,\"height\":296,\"caption\":\"La Tunisie, un p\u00f4le estudiantin en sursis !\"},{\"@type\":\"BreadcrumbList\",\"@id\":\"https:\\\/\\\/www.webdo.tn\\\/fr\\\/actualite\\\/tunis-hebdo\\\/la-tunisie-un-pole-estudiantin-en-sursis\\\/173335\\\/#breadcrumb\",\"itemListElement\":[{\"@type\":\"ListItem\",\"position\":1,\"name\":\"Accueil\",\"item\":\"https:\\\/\\\/www.webdo.tn\\\/fr\\\/\"},{\"@type\":\"ListItem\",\"position\":2,\"name\":\"La Tunisie, un p\u00f4le estudiantin en sursis !\"}]},{\"@type\":\"WebSite\",\"@id\":\"https:\\\/\\\/www.webdo.tn\\\/fr\\\/#website\",\"url\":\"https:\\\/\\\/www.webdo.tn\\\/fr\\\/\",\"name\":\"webdo\",\"description\":\"Tunisie - News en Tunisie et \u00e0 l&#039;international sur Webdo.tn\",\"publisher\":{\"@id\":\"https:\\\/\\\/www.webdo.tn\\\/fr\\\/#organization\"},\"potentialAction\":[{\"@type\":\"SearchAction\",\"target\":{\"@type\":\"EntryPoint\",\"urlTemplate\":\"https:\\\/\\\/www.webdo.tn\\\/fr\\\/?s={search_term_string}\"},\"query-input\":{\"@type\":\"PropertyValueSpecification\",\"valueRequired\":true,\"valueName\":\"search_term_string\"}}],\"inLanguage\":\"fr-FR\"},{\"@type\":\"Organization\",\"@id\":\"https:\\\/\\\/www.webdo.tn\\\/fr\\\/#organization\",\"name\":\"Webdo\",\"alternateName\":\"Webdo.tn\",\"url\":\"https:\\\/\\\/www.webdo.tn\\\/fr\\\/\",\"logo\":{\"@type\":\"ImageObject\",\"inLanguage\":\"fr-FR\",\"@id\":\"https:\\\/\\\/www.webdo.tn\\\/fr\\\/#\\\/schema\\\/logo\\\/image\\\/\",\"url\":\"https:\\\/\\\/www.webdo.tn\\\/fr\\\/wp-content\\\/uploads\\\/2025\\\/06\\\/Webdo-Tunisie_168377.jpg\",\"contentUrl\":\"https:\\\/\\\/www.webdo.tn\\\/fr\\\/wp-content\\\/uploads\\\/2025\\\/06\\\/Webdo-Tunisie_168377.jpg\",\"width\":301,\"height\":301,\"caption\":\"Webdo\"},\"image\":{\"@id\":\"https:\\\/\\\/www.webdo.tn\\\/fr\\\/#\\\/schema\\\/logo\\\/image\\\/\"},\"sameAs\":[\"https:\\\/\\\/www.facebook.com\\\/webdotn\",\"https:\\\/\\\/x.com\\\/webdo_tn\"],\"description\":\"Webdo est un m\u00e9dia num\u00e9rique tunisien fond\u00e9 en 2010, sp\u00e9cialis\u00e9 dans l\u2019actualit\u00e9 nationale et internationale, l\u2019\u00e9conomie, la soci\u00e9t\u00e9 et les analyses politiques. Le site s\u2019adresse \u00e0 un large public francophone et couvre l\u2019information tunisienne en temps r\u00e9el.\",\"email\":\"redac@webdo.tn\",\"legalName\":\"YNJ SARL\",\"foundingDate\":\"2010-09-06\",\"numberOfEmployees\":{\"@type\":\"QuantitativeValue\",\"minValue\":\"11\",\"maxValue\":\"50\"}},{\"@type\":\"Person\",\"@id\":\"https:\\\/\\\/www.webdo.tn\\\/fr\\\/#\\\/schema\\\/person\\\/9a9c6118d687c117df8ef3cc36a4d175\",\"name\":\"webdo.tn\",\"image\":{\"@type\":\"ImageObject\",\"inLanguage\":\"fr-FR\",\"@id\":\"https:\\\/\\\/secure.gravatar.com\\\/avatar\\\/7ce1f28c0c3bbac99ff550b85ef8e44a6950c6ee24514fb6a5489e51d06f0298?s=96&d=mm&r=g\",\"url\":\"https:\\\/\\\/secure.gravatar.com\\\/avatar\\\/7ce1f28c0c3bbac99ff550b85ef8e44a6950c6ee24514fb6a5489e51d06f0298?s=96&d=mm&r=g\",\"contentUrl\":\"https:\\\/\\\/secure.gravatar.com\\\/avatar\\\/7ce1f28c0c3bbac99ff550b85ef8e44a6950c6ee24514fb6a5489e51d06f0298?s=96&d=mm&r=g\",\"caption\":\"webdo.tn\"},\"url\":\"https:\\\/\\\/www.webdo.tn\\\/fr\\\/actualite\\\/author\\\/webdotn\\\/\"}]}<\/script>\n<!-- \/ Yoast SEO Premium plugin. -->","yoast_head_json":{"title":"La Tunisie, un p\u00f4le estudiantin en sursis !","description":"La Tunisie, un p\u00f4le estudiantin en sursis !","canonical":"https:\/\/www.webdo.tn\/fr\/actualite\/tunis-hebdo\/la-tunisie-un-pole-estudiantin-en-sursis\/173335\/","og_locale":"fr_FR","og_type":"article","og_title":"La Tunisie, un p\u00f4le estudiantin en sursis !","og_description":"La Tunisie, un p\u00f4le estudiantin en sursis !","og_url":"https:\/\/www.webdo.tn\/fr\/actualite\/tunis-hebdo\/la-tunisie-un-pole-estudiantin-en-sursis\/173335\/","og_site_name":"webdo","article_publisher":"https:\/\/www.facebook.com\/webdotn","article_published_time":"2019-01-29T10:54:00+00:00","og_image":[{"width":592,"height":296,"url":"https:\/\/www.webdo.tn\/fr\/wp-content\/uploads\/2019\/01\/P10-La-Tunisie.jpg","type":"image\/jpeg"}],"author":"webdo.tn","twitter_card":"summary_large_image","twitter_creator":"@webdo_tn","twitter_site":"@webdo_tn","twitter_misc":{"\u00c9crit par":"webdo.tn","Dur\u00e9e de lecture estim\u00e9e":"3 minutes"},"schema":{"@context":"https:\/\/schema.org","@graph":[{"@type":"NewsArticle","@id":"https:\/\/www.webdo.tn\/fr\/actualite\/tunis-hebdo\/la-tunisie-un-pole-estudiantin-en-sursis\/173335\/#article","isPartOf":{"@id":"https:\/\/www.webdo.tn\/fr\/actualite\/tunis-hebdo\/la-tunisie-un-pole-estudiantin-en-sursis\/173335\/"},"author":{"name":"webdo.tn","@id":"https:\/\/www.webdo.tn\/fr\/#\/schema\/person\/9a9c6118d687c117df8ef3cc36a4d175"},"headline":"La Tunisie, un p\u00f4le estudiantin en sursis !","datePublished":"2019-01-29T10:54:00+00:00","mainEntityOfPage":{"@id":"https:\/\/www.webdo.tn\/fr\/actualite\/tunis-hebdo\/la-tunisie-un-pole-estudiantin-en-sursis\/173335\/"},"wordCount":578,"commentCount":0,"publisher":{"@id":"https:\/\/www.webdo.tn\/fr\/#organization"},"image":{"@id":"https:\/\/www.webdo.tn\/fr\/actualite\/tunis-hebdo\/la-tunisie-un-pole-estudiantin-en-sursis\/173335\/#primaryimage"},"thumbnailUrl":"https:\/\/www.webdo.tn\/fr\/wp-content\/uploads\/2019\/01\/P10-La-Tunisie.jpg","keywords":["guerre"],"articleSection":["Tunis-Hebdo"],"inLanguage":"fr-FR"},{"@type":"WebPage","@id":"https:\/\/www.webdo.tn\/fr\/actualite\/tunis-hebdo\/la-tunisie-un-pole-estudiantin-en-sursis\/173335\/","url":"https:\/\/www.webdo.tn\/fr\/actualite\/tunis-hebdo\/la-tunisie-un-pole-estudiantin-en-sursis\/173335\/","name":"La Tunisie, un p\u00f4le estudiantin en sursis !","isPartOf":{"@id":"https:\/\/www.webdo.tn\/fr\/#website"},"primaryImageOfPage":{"@id":"https:\/\/www.webdo.tn\/fr\/actualite\/tunis-hebdo\/la-tunisie-un-pole-estudiantin-en-sursis\/173335\/#primaryimage"},"image":{"@id":"https:\/\/www.webdo.tn\/fr\/actualite\/tunis-hebdo\/la-tunisie-un-pole-estudiantin-en-sursis\/173335\/#primaryimage"},"thumbnailUrl":"https:\/\/www.webdo.tn\/fr\/wp-content\/uploads\/2019\/01\/P10-La-Tunisie.jpg","datePublished":"2019-01-29T10:54:00+00:00","description":"La Tunisie, un p\u00f4le estudiantin en sursis !","breadcrumb":{"@id":"https:\/\/www.webdo.tn\/fr\/actualite\/tunis-hebdo\/la-tunisie-un-pole-estudiantin-en-sursis\/173335\/#breadcrumb"},"inLanguage":"fr-FR","potentialAction":[{"@type":"ReadAction","target":["https:\/\/www.webdo.tn\/fr\/actualite\/tunis-hebdo\/la-tunisie-un-pole-estudiantin-en-sursis\/173335\/"]}]},{"@type":"ImageObject","inLanguage":"fr-FR","@id":"https:\/\/www.webdo.tn\/fr\/actualite\/tunis-hebdo\/la-tunisie-un-pole-estudiantin-en-sursis\/173335\/#primaryimage","url":"https:\/\/www.webdo.tn\/fr\/wp-content\/uploads\/2019\/01\/P10-La-Tunisie.jpg","contentUrl":"https:\/\/www.webdo.tn\/fr\/wp-content\/uploads\/2019\/01\/P10-La-Tunisie.jpg","width":592,"height":296,"caption":"La Tunisie, un p\u00f4le estudiantin en sursis !"},{"@type":"BreadcrumbList","@id":"https:\/\/www.webdo.tn\/fr\/actualite\/tunis-hebdo\/la-tunisie-un-pole-estudiantin-en-sursis\/173335\/#breadcrumb","itemListElement":[{"@type":"ListItem","position":1,"name":"Accueil","item":"https:\/\/www.webdo.tn\/fr\/"},{"@type":"ListItem","position":2,"name":"La Tunisie, un p\u00f4le estudiantin en sursis !"}]},{"@type":"WebSite","@id":"https:\/\/www.webdo.tn\/fr\/#website","url":"https:\/\/www.webdo.tn\/fr\/","name":"webdo","description":"Tunisie - News en Tunisie et \u00e0 l&#039;international sur Webdo.tn","publisher":{"@id":"https:\/\/www.webdo.tn\/fr\/#organization"},"potentialAction":[{"@type":"SearchAction","target":{"@type":"EntryPoint","urlTemplate":"https:\/\/www.webdo.tn\/fr\/?s={search_term_string}"},"query-input":{"@type":"PropertyValueSpecification","valueRequired":true,"valueName":"search_term_string"}}],"inLanguage":"fr-FR"},{"@type":"Organization","@id":"https:\/\/www.webdo.tn\/fr\/#organization","name":"Webdo","alternateName":"Webdo.tn","url":"https:\/\/www.webdo.tn\/fr\/","logo":{"@type":"ImageObject","inLanguage":"fr-FR","@id":"https:\/\/www.webdo.tn\/fr\/#\/schema\/logo\/image\/","url":"https:\/\/www.webdo.tn\/fr\/wp-content\/uploads\/2025\/06\/Webdo-Tunisie_168377.jpg","contentUrl":"https:\/\/www.webdo.tn\/fr\/wp-content\/uploads\/2025\/06\/Webdo-Tunisie_168377.jpg","width":301,"height":301,"caption":"Webdo"},"image":{"@id":"https:\/\/www.webdo.tn\/fr\/#\/schema\/logo\/image\/"},"sameAs":["https:\/\/www.facebook.com\/webdotn","https:\/\/x.com\/webdo_tn"],"description":"Webdo est un m\u00e9dia num\u00e9rique tunisien fond\u00e9 en 2010, sp\u00e9cialis\u00e9 dans l\u2019actualit\u00e9 nationale et internationale, l\u2019\u00e9conomie, la soci\u00e9t\u00e9 et les analyses politiques. Le site s\u2019adresse \u00e0 un large public francophone et couvre l\u2019information tunisienne en temps r\u00e9el.","email":"redac@webdo.tn","legalName":"YNJ SARL","foundingDate":"2010-09-06","numberOfEmployees":{"@type":"QuantitativeValue","minValue":"11","maxValue":"50"}},{"@type":"Person","@id":"https:\/\/www.webdo.tn\/fr\/#\/schema\/person\/9a9c6118d687c117df8ef3cc36a4d175","name":"webdo.tn","image":{"@type":"ImageObject","inLanguage":"fr-FR","@id":"https:\/\/secure.gravatar.com\/avatar\/7ce1f28c0c3bbac99ff550b85ef8e44a6950c6ee24514fb6a5489e51d06f0298?s=96&d=mm&r=g","url":"https:\/\/secure.gravatar.com\/avatar\/7ce1f28c0c3bbac99ff550b85ef8e44a6950c6ee24514fb6a5489e51d06f0298?s=96&d=mm&r=g","contentUrl":"https:\/\/secure.gravatar.com\/avatar\/7ce1f28c0c3bbac99ff550b85ef8e44a6950c6ee24514fb6a5489e51d06f0298?s=96&d=mm&r=g","caption":"webdo.tn"},"url":"https:\/\/www.webdo.tn\/fr\/actualite\/author\/webdotn\/"}]}},"_links":{"self":[{"href":"https:\/\/www.webdo.tn\/fr\/wp-json\/wp\/v2\/posts\/173335","targetHints":{"allow":["GET"]}}],"collection":[{"href":"https:\/\/www.webdo.tn\/fr\/wp-json\/wp\/v2\/posts"}],"about":[{"href":"https:\/\/www.webdo.tn\/fr\/wp-json\/wp\/v2\/types\/post"}],"author":[{"embeddable":true,"href":"https:\/\/www.webdo.tn\/fr\/wp-json\/wp\/v2\/users\/3222"}],"replies":[{"embeddable":true,"href":"https:\/\/www.webdo.tn\/fr\/wp-json\/wp\/v2\/comments?post=173335"}],"version-history":[{"count":0,"href":"https:\/\/www.webdo.tn\/fr\/wp-json\/wp\/v2\/posts\/173335\/revisions"}],"wp:featuredmedia":[{"embeddable":true,"href":"https:\/\/www.webdo.tn\/fr\/wp-json\/wp\/v2\/media\/342303"}],"wp:attachment":[{"href":"https:\/\/www.webdo.tn\/fr\/wp-json\/wp\/v2\/media?parent=173335"}],"wp:term":[{"taxonomy":"category","embeddable":true,"href":"https:\/\/www.webdo.tn\/fr\/wp-json\/wp\/v2\/categories?post=173335"},{"taxonomy":"post_tag","embeddable":true,"href":"https:\/\/www.webdo.tn\/fr\/wp-json\/wp\/v2\/tags?post=173335"}],"curies":[{"name":"wp","href":"https:\/\/api.w.org\/{rel}","templated":true}]}}