{"id":173332,"date":"2019-01-29T11:55:00","date_gmt":"2019-01-29T11:55:00","guid":{"rendered":"https:\/\/www.webdo.tn\/fr\/blog\/quel-destin-au-projet-de-yc\/173332\/"},"modified":"2025-05-18T23:07:38","modified_gmt":"2025-05-18T23:07:38","slug":"quel-destin-au-projet-de-yc","status":"publish","type":"post","link":"https:\/\/www.webdo.tn\/fr\/actualite\/tunis-hebdo\/quel-destin-au-projet-de-yc\/173332\/","title":{"rendered":"Quel destin au projet de YC ?"},"content":{"rendered":"<p>C\u2019est dimanche, que le projet politique initi\u00e9 par le Chef du gouvernement, Youssef Chahed, est sorti au grand jour et a \u00e9t\u00e9 r\u00e9v\u00e9l\u00e9 \u00e0 l\u2019opinion publique.<\/p>\n<p>Ind\u00e9pendamment de son nom (Mouvement \u00ab Tahia Toun\u00e8s \u00bb) ou de son logo qui le feront distinguer des multiples autres formations qui se veulent centristes, quel sera son destin futur ?<\/p>\n<p>R\u00e9ussira-t-il, comme le souhaitent ses initiateurs, \u00e0 rassembler la majorit\u00e9 des Tunisiens qui avaient servi de troupes \u00e9lectorales pour le \u00ab d\u00e9funt \u00bb Nidaa Tounes ? Ou va-t-il subir le m\u00eame camouflet que ne cessent d\u2019encaisser ces \u00ab partis \u00bb politiques qui sont sortis (encore) des entrailles du \u00ab v\u00e9n\u00e9rable \u00bb Nidaa Tounes ? Aujourd\u2019hui, on compte pr\u00e8s de 215 partis politiques (excusez le peu !) en Tunisie.<\/p>\n<p>Aussi paradoxal que cela puisse para\u00eetre, toutes ces formations qui se disputent l\u2019h\u00e9ritage bourguibien, sans vraiment le respecter, et qui se veulent les d\u00e9fenseurs d\u2019un mod\u00e8le soci\u00e9tal moderniste et lib\u00e9ral, ont cette particularit\u00e9 de n\u2019\u00eatre, finalement, que des enfants \u00ab naturels \u00bb de Nidaa Toun\u00e8s.<\/p>\n<p>Car, ils sont pratiquement tous, sans exception, enclins \u00e0 suivre ses pas dans tous les domaines, de leur \u00ab programme \u00bb \u00e9conomique (s\u2019ils en ont !), jusqu\u2019\u00e0 leur collusion avec les Islamistes avec lesquels ils n\u2019auront aucun remord ou aucune g\u00eane de s\u2019acoquiner.<\/p>\n<p>En fait, le nouveau projet de YC m\u00e9rite le d\u00e9tour et l\u2019int\u00e9r\u00eat dans la mesure o\u00f9 c\u2019est, peut-\u00eatre, la premi\u00e8re fois, si je ne m\u2019abuse, dans l\u2019histoire politique universelle qu\u2019un chef de gouvernement cr\u00e9e un parti politique, alors qu\u2019il a acc\u00e9d\u00e9 \u00e0 sa fonction gr\u00e2ce \u00e0 un autre parti politique ! Encore une fois, l\u2019exception tunisienne fait des siennes !<\/p>\n<p>En effet, YC n\u2019\u00e9tait plus en odeur de saintet\u00e9 du c\u00f4t\u00e9 de Carthage, et par cons\u00e9quent du Lac, si\u00e8ge de Nidaa Toun\u00e8s. Il \u00e9tait m\u00eame devenu l\u2019homme \u00e0 abattre parce qu\u2019il n\u2019aurait plus souhait\u00e9 ob\u00e9ir aux injonctions qui lui parvenaient de ces deux centres du pouvoir, alors qu\u2019il les a accept\u00e9es lorsqu\u2019elles lui provenaient de Montplaisir, faisant des islamistes ses partenaires et ses alli\u00e9s strat\u00e9giques.<\/p>\n<p>Le chef du gouvernement \u2013 qui tenait \u00e0 demeurer en place contre vents et mar\u00e9es \u2013 \u00e9tait en r\u00e9alit\u00e9 dans l\u2019obligation de s\u2019allier avec les Ghannouchi and Co, tout en travaillant \u00e0 \u00ab d\u00e9tourner \u00bb ce qui restait des d\u00e9put\u00e9s de Nidaa Toun\u00e8s, certains l\u2019avaient d\u00e9j\u00e0 quitt\u00e9 pour le \u00ab Machrouu \u00bb ou de puiser parmi les d\u00e9put\u00e9s d\u2019autres partis qui n\u2019ont pas su, ou pu, retenir les leurs (Afek Toun\u00e8s) ou quelques ind\u00e9pendants.<\/p>\n<p>L\u2019objectif consistait \u00e0 cr\u00e9er un bloc parlementaire assez consistant de nature \u00e0 lui permettre d\u2019obtenir une majorit\u00e9 qui n\u2019est devenue possible qu\u2019apr\u00e8s le ralliement de Mohsen Marzouk.<\/p>\n<p>Ensuite, YC et son \u00e9quipe ont entrepris, \u00e0 la fois, leur travail de sape et de recrutement puisant toujours dans les effectifs de Nidaa Toun\u00e8s ou en faisant appel \u00e0 d\u2019anciens rcdistes (la nomination de Kamel Hadj Sassi servait probablement \u00e0 cela !).<\/p>\n<p>Les nouvelles recrues provenaient aussi des notabilit\u00e9s (les \u00e9lus municipaux), voire des cadres des administrations r\u00e9gionales ou locales. Maintenant, il s\u2019agit de conna\u00eetre le degr\u00e9 d\u2019engagement de ces recrues \u00e0 l\u2019\u00e9gard de la formation de YC.<\/p>\n<p>Sont-elles l\u00e0 pour d\u00e9fendre un projet si jamais il se cristallise ou bien l\u2019ont-elles fait par simple opportunisme parce que YC est, actuellement, le Chef de l\u2019ex\u00e9cutif ? Sa tourn\u00e9e dans la plupart des gouvernorats du pays a montr\u00e9 cette tendance de l\u2019\u00e9quipe de YC de recruter parmi les cadres et les notables des r\u00e9gions, c\u2019est-\u00e0-dire ceux qui pourraient constituer potentiellement des leaders d\u2019opinion dans leurs r\u00e9gions ou dans leurs localit\u00e9s<\/p>\n<p>Dans le jargon politico-constitutionnel, ce parti est connu comme \u00e9tant un parti de cadres, dot\u00e9 d\u2019une organisation souple et constituant une machine \u00e9lectorale. Car et en termes de projets, YC et son \u00e9quipe &#8211; ne pouvant se pr\u00e9valoir d\u2019un bilan de gouvernement positif &#8211; auraient bien du mal \u00e0 convaincre qu\u2019ils feront mieux \u00e0 l\u2019avenir avec leur propre formation d\u2019autant plus que l\u2019alliance avec les islamistes serait reconduite.<\/p>\n<p>C\u2019est pour cela, et sans vouloir jouer les oiseaux de mauvais augure, et une fois qu\u2019il quittera la Kasbah, YC pourrait faire le cruel constat d\u2019avoir fond\u00e9 une coquille vide, sans programme d\u2019avenir et sans ambition pour un peuple avide d\u2019un destin bien plus s\u00e9duisant, bien plus juste et ayant des chances de le sortir de la mis\u00e8re sociale et de la d\u00e9tresse \u00e9conomique dans laquelle il ne cesse de glisser inexorablement\u2026<br \/>\nLotfi LARGUET<br \/>\nTunis-Hebdo du 28\/01\/2019<\/p>\n","protected":false},"excerpt":{"rendered":"<p>Quel destin au projet de YC ?<\/p>\n","protected":false},"author":3222,"featured_media":296379,"comment_status":"open","ping_status":"closed","sticky":false,"template":"","format":"standard","meta":{"footnotes":""},"categories":[7653],"tags":[2600],"class_list":["post-173332","post","type-post","status-publish","format-standard","has-post-thumbnail","hentry","category-tunis-hebdo","tag-guerre"],"yoast_head":"<!-- This site is optimized with the Yoast SEO Premium plugin v27.4 (Yoast SEO v27.4) - https:\/\/yoast.com\/product\/yoast-seo-premium-wordpress\/ -->\n<title>Quel destin au projet de YC ?<\/title>\n<meta name=\"description\" content=\"Quel destin au projet de YC ?\" \/>\n<link rel=\"canonical\" href=\"https:\/\/www.webdo.tn\/fr\/actualite\/tunis-hebdo\/quel-destin-au-projet-de-yc\/173332\/\" \/>\n<meta property=\"og:locale\" content=\"fr_FR\" \/>\n<meta property=\"og:type\" content=\"article\" \/>\n<meta property=\"og:title\" content=\"Quel destin au projet de YC ?\" \/>\n<meta property=\"og:description\" content=\"Quel destin au projet de YC ?\" \/>\n<meta property=\"og:url\" content=\"https:\/\/www.webdo.tn\/fr\/actualite\/tunis-hebdo\/quel-destin-au-projet-de-yc\/173332\/\" \/>\n<meta property=\"og:site_name\" content=\"webdo\" \/>\n<meta property=\"article:publisher\" content=\"https:\/\/www.facebook.com\/webdotn\" \/>\n<meta property=\"article:published_time\" content=\"2019-01-29T11:55:00+00:00\" \/>\n<meta property=\"article:modified_time\" content=\"2025-05-18T23:07:38+00:00\" \/>\n<meta property=\"og:image\" content=\"https:\/\/www.webdo.tn\/fr\/wp-content\/uploads\/2019\/01\/benhamida28-1-2019-1024x737-1.jpg\" \/>\n\t<meta property=\"og:image:width\" content=\"1024\" \/>\n\t<meta property=\"og:image:height\" content=\"737\" \/>\n\t<meta property=\"og:image:type\" content=\"image\/jpeg\" \/>\n<meta name=\"author\" content=\"webdo.tn\" \/>\n<meta name=\"twitter:card\" content=\"summary_large_image\" \/>\n<meta name=\"twitter:creator\" content=\"@webdo_tn\" \/>\n<meta name=\"twitter:site\" content=\"@webdo_tn\" \/>\n<meta name=\"twitter:label1\" content=\"\u00c9crit par\" \/>\n\t<meta name=\"twitter:data1\" content=\"webdo.tn\" \/>\n\t<meta name=\"twitter:label2\" content=\"Dur\u00e9e de lecture estim\u00e9e\" \/>\n\t<meta name=\"twitter:data2\" content=\"4 minutes\" \/>\n<script type=\"application\/ld+json\" class=\"yoast-schema-graph\">{\"@context\":\"https:\\\/\\\/schema.org\",\"@graph\":[{\"@type\":\"NewsArticle\",\"@id\":\"https:\\\/\\\/www.webdo.tn\\\/fr\\\/actualite\\\/tunis-hebdo\\\/quel-destin-au-projet-de-yc\\\/173332\\\/#article\",\"isPartOf\":{\"@id\":\"https:\\\/\\\/www.webdo.tn\\\/fr\\\/actualite\\\/tunis-hebdo\\\/quel-destin-au-projet-de-yc\\\/173332\\\/\"},\"author\":{\"name\":\"webdo.tn\",\"@id\":\"https:\\\/\\\/www.webdo.tn\\\/fr\\\/#\\\/schema\\\/person\\\/9a9c6118d687c117df8ef3cc36a4d175\"},\"headline\":\"Quel destin au projet de YC ?\",\"datePublished\":\"2019-01-29T11:55:00+00:00\",\"dateModified\":\"2025-05-18T23:07:38+00:00\",\"mainEntityOfPage\":{\"@id\":\"https:\\\/\\\/www.webdo.tn\\\/fr\\\/actualite\\\/tunis-hebdo\\\/quel-destin-au-projet-de-yc\\\/173332\\\/\"},\"wordCount\":811,\"commentCount\":0,\"publisher\":{\"@id\":\"https:\\\/\\\/www.webdo.tn\\\/fr\\\/#organization\"},\"image\":{\"@id\":\"https:\\\/\\\/www.webdo.tn\\\/fr\\\/actualite\\\/tunis-hebdo\\\/quel-destin-au-projet-de-yc\\\/173332\\\/#primaryimage\"},\"thumbnailUrl\":\"https:\\\/\\\/www.webdo.tn\\\/fr\\\/wp-content\\\/uploads\\\/2019\\\/01\\\/benhamida28-1-2019-1024x737-1.jpg\",\"keywords\":[\"guerre\"],\"articleSection\":[\"Tunis-Hebdo\"],\"inLanguage\":\"fr-FR\"},{\"@type\":\"WebPage\",\"@id\":\"https:\\\/\\\/www.webdo.tn\\\/fr\\\/actualite\\\/tunis-hebdo\\\/quel-destin-au-projet-de-yc\\\/173332\\\/\",\"url\":\"https:\\\/\\\/www.webdo.tn\\\/fr\\\/actualite\\\/tunis-hebdo\\\/quel-destin-au-projet-de-yc\\\/173332\\\/\",\"name\":\"Quel destin au projet de YC ?\",\"isPartOf\":{\"@id\":\"https:\\\/\\\/www.webdo.tn\\\/fr\\\/#website\"},\"primaryImageOfPage\":{\"@id\":\"https:\\\/\\\/www.webdo.tn\\\/fr\\\/actualite\\\/tunis-hebdo\\\/quel-destin-au-projet-de-yc\\\/173332\\\/#primaryimage\"},\"image\":{\"@id\":\"https:\\\/\\\/www.webdo.tn\\\/fr\\\/actualite\\\/tunis-hebdo\\\/quel-destin-au-projet-de-yc\\\/173332\\\/#primaryimage\"},\"thumbnailUrl\":\"https:\\\/\\\/www.webdo.tn\\\/fr\\\/wp-content\\\/uploads\\\/2019\\\/01\\\/benhamida28-1-2019-1024x737-1.jpg\",\"datePublished\":\"2019-01-29T11:55:00+00:00\",\"dateModified\":\"2025-05-18T23:07:38+00:00\",\"description\":\"Quel destin au projet de YC ?\",\"breadcrumb\":{\"@id\":\"https:\\\/\\\/www.webdo.tn\\\/fr\\\/actualite\\\/tunis-hebdo\\\/quel-destin-au-projet-de-yc\\\/173332\\\/#breadcrumb\"},\"inLanguage\":\"fr-FR\",\"potentialAction\":[{\"@type\":\"ReadAction\",\"target\":[\"https:\\\/\\\/www.webdo.tn\\\/fr\\\/actualite\\\/tunis-hebdo\\\/quel-destin-au-projet-de-yc\\\/173332\\\/\"]}]},{\"@type\":\"ImageObject\",\"inLanguage\":\"fr-FR\",\"@id\":\"https:\\\/\\\/www.webdo.tn\\\/fr\\\/actualite\\\/tunis-hebdo\\\/quel-destin-au-projet-de-yc\\\/173332\\\/#primaryimage\",\"url\":\"https:\\\/\\\/www.webdo.tn\\\/fr\\\/wp-content\\\/uploads\\\/2019\\\/01\\\/benhamida28-1-2019-1024x737-1.jpg\",\"contentUrl\":\"https:\\\/\\\/www.webdo.tn\\\/fr\\\/wp-content\\\/uploads\\\/2019\\\/01\\\/benhamida28-1-2019-1024x737-1.jpg\",\"width\":1024,\"height\":737,\"caption\":\"Quel destin au projet de YC ?\"},{\"@type\":\"BreadcrumbList\",\"@id\":\"https:\\\/\\\/www.webdo.tn\\\/fr\\\/actualite\\\/tunis-hebdo\\\/quel-destin-au-projet-de-yc\\\/173332\\\/#breadcrumb\",\"itemListElement\":[{\"@type\":\"ListItem\",\"position\":1,\"name\":\"Accueil\",\"item\":\"https:\\\/\\\/www.webdo.tn\\\/fr\\\/\"},{\"@type\":\"ListItem\",\"position\":2,\"name\":\"Quel destin au projet de YC ?\"}]},{\"@type\":\"WebSite\",\"@id\":\"https:\\\/\\\/www.webdo.tn\\\/fr\\\/#website\",\"url\":\"https:\\\/\\\/www.webdo.tn\\\/fr\\\/\",\"name\":\"webdo\",\"description\":\"Tunisie - News en Tunisie et \u00e0 l&#039;international sur Webdo.tn\",\"publisher\":{\"@id\":\"https:\\\/\\\/www.webdo.tn\\\/fr\\\/#organization\"},\"potentialAction\":[{\"@type\":\"SearchAction\",\"target\":{\"@type\":\"EntryPoint\",\"urlTemplate\":\"https:\\\/\\\/www.webdo.tn\\\/fr\\\/?s={search_term_string}\"},\"query-input\":{\"@type\":\"PropertyValueSpecification\",\"valueRequired\":true,\"valueName\":\"search_term_string\"}}],\"inLanguage\":\"fr-FR\"},{\"@type\":\"Organization\",\"@id\":\"https:\\\/\\\/www.webdo.tn\\\/fr\\\/#organization\",\"name\":\"Webdo\",\"alternateName\":\"Webdo.tn\",\"url\":\"https:\\\/\\\/www.webdo.tn\\\/fr\\\/\",\"logo\":{\"@type\":\"ImageObject\",\"inLanguage\":\"fr-FR\",\"@id\":\"https:\\\/\\\/www.webdo.tn\\\/fr\\\/#\\\/schema\\\/logo\\\/image\\\/\",\"url\":\"https:\\\/\\\/www.webdo.tn\\\/fr\\\/wp-content\\\/uploads\\\/2025\\\/06\\\/Webdo-Tunisie_168377.jpg\",\"contentUrl\":\"https:\\\/\\\/www.webdo.tn\\\/fr\\\/wp-content\\\/uploads\\\/2025\\\/06\\\/Webdo-Tunisie_168377.jpg\",\"width\":301,\"height\":301,\"caption\":\"Webdo\"},\"image\":{\"@id\":\"https:\\\/\\\/www.webdo.tn\\\/fr\\\/#\\\/schema\\\/logo\\\/image\\\/\"},\"sameAs\":[\"https:\\\/\\\/www.facebook.com\\\/webdotn\",\"https:\\\/\\\/x.com\\\/webdo_tn\"],\"description\":\"Webdo est un m\u00e9dia num\u00e9rique tunisien fond\u00e9 en 2010, sp\u00e9cialis\u00e9 dans l\u2019actualit\u00e9 nationale et internationale, l\u2019\u00e9conomie, la soci\u00e9t\u00e9 et les analyses politiques. Le site s\u2019adresse \u00e0 un large public francophone et couvre l\u2019information tunisienne en temps r\u00e9el.\",\"email\":\"redac@webdo.tn\",\"legalName\":\"YNJ SARL\",\"foundingDate\":\"2010-09-06\",\"numberOfEmployees\":{\"@type\":\"QuantitativeValue\",\"minValue\":\"11\",\"maxValue\":\"50\"}},{\"@type\":\"Person\",\"@id\":\"https:\\\/\\\/www.webdo.tn\\\/fr\\\/#\\\/schema\\\/person\\\/9a9c6118d687c117df8ef3cc36a4d175\",\"name\":\"webdo.tn\",\"image\":{\"@type\":\"ImageObject\",\"inLanguage\":\"fr-FR\",\"@id\":\"https:\\\/\\\/secure.gravatar.com\\\/avatar\\\/7ce1f28c0c3bbac99ff550b85ef8e44a6950c6ee24514fb6a5489e51d06f0298?s=96&d=mm&r=g\",\"url\":\"https:\\\/\\\/secure.gravatar.com\\\/avatar\\\/7ce1f28c0c3bbac99ff550b85ef8e44a6950c6ee24514fb6a5489e51d06f0298?s=96&d=mm&r=g\",\"contentUrl\":\"https:\\\/\\\/secure.gravatar.com\\\/avatar\\\/7ce1f28c0c3bbac99ff550b85ef8e44a6950c6ee24514fb6a5489e51d06f0298?s=96&d=mm&r=g\",\"caption\":\"webdo.tn\"},\"url\":\"https:\\\/\\\/www.webdo.tn\\\/fr\\\/actualite\\\/author\\\/webdotn\\\/\"}]}<\/script>\n<!-- \/ Yoast SEO Premium plugin. -->","yoast_head_json":{"title":"Quel destin au projet de YC ?","description":"Quel destin au projet de YC ?","canonical":"https:\/\/www.webdo.tn\/fr\/actualite\/tunis-hebdo\/quel-destin-au-projet-de-yc\/173332\/","og_locale":"fr_FR","og_type":"article","og_title":"Quel destin au projet de YC ?","og_description":"Quel destin au projet de YC ?","og_url":"https:\/\/www.webdo.tn\/fr\/actualite\/tunis-hebdo\/quel-destin-au-projet-de-yc\/173332\/","og_site_name":"webdo","article_publisher":"https:\/\/www.facebook.com\/webdotn","article_published_time":"2019-01-29T11:55:00+00:00","article_modified_time":"2025-05-18T23:07:38+00:00","og_image":[{"width":1024,"height":737,"url":"https:\/\/www.webdo.tn\/fr\/wp-content\/uploads\/2019\/01\/benhamida28-1-2019-1024x737-1.jpg","type":"image\/jpeg"}],"author":"webdo.tn","twitter_card":"summary_large_image","twitter_creator":"@webdo_tn","twitter_site":"@webdo_tn","twitter_misc":{"\u00c9crit par":"webdo.tn","Dur\u00e9e de lecture estim\u00e9e":"4 minutes"},"schema":{"@context":"https:\/\/schema.org","@graph":[{"@type":"NewsArticle","@id":"https:\/\/www.webdo.tn\/fr\/actualite\/tunis-hebdo\/quel-destin-au-projet-de-yc\/173332\/#article","isPartOf":{"@id":"https:\/\/www.webdo.tn\/fr\/actualite\/tunis-hebdo\/quel-destin-au-projet-de-yc\/173332\/"},"author":{"name":"webdo.tn","@id":"https:\/\/www.webdo.tn\/fr\/#\/schema\/person\/9a9c6118d687c117df8ef3cc36a4d175"},"headline":"Quel destin au projet de YC ?","datePublished":"2019-01-29T11:55:00+00:00","dateModified":"2025-05-18T23:07:38+00:00","mainEntityOfPage":{"@id":"https:\/\/www.webdo.tn\/fr\/actualite\/tunis-hebdo\/quel-destin-au-projet-de-yc\/173332\/"},"wordCount":811,"commentCount":0,"publisher":{"@id":"https:\/\/www.webdo.tn\/fr\/#organization"},"image":{"@id":"https:\/\/www.webdo.tn\/fr\/actualite\/tunis-hebdo\/quel-destin-au-projet-de-yc\/173332\/#primaryimage"},"thumbnailUrl":"https:\/\/www.webdo.tn\/fr\/wp-content\/uploads\/2019\/01\/benhamida28-1-2019-1024x737-1.jpg","keywords":["guerre"],"articleSection":["Tunis-Hebdo"],"inLanguage":"fr-FR"},{"@type":"WebPage","@id":"https:\/\/www.webdo.tn\/fr\/actualite\/tunis-hebdo\/quel-destin-au-projet-de-yc\/173332\/","url":"https:\/\/www.webdo.tn\/fr\/actualite\/tunis-hebdo\/quel-destin-au-projet-de-yc\/173332\/","name":"Quel destin au projet de YC ?","isPartOf":{"@id":"https:\/\/www.webdo.tn\/fr\/#website"},"primaryImageOfPage":{"@id":"https:\/\/www.webdo.tn\/fr\/actualite\/tunis-hebdo\/quel-destin-au-projet-de-yc\/173332\/#primaryimage"},"image":{"@id":"https:\/\/www.webdo.tn\/fr\/actualite\/tunis-hebdo\/quel-destin-au-projet-de-yc\/173332\/#primaryimage"},"thumbnailUrl":"https:\/\/www.webdo.tn\/fr\/wp-content\/uploads\/2019\/01\/benhamida28-1-2019-1024x737-1.jpg","datePublished":"2019-01-29T11:55:00+00:00","dateModified":"2025-05-18T23:07:38+00:00","description":"Quel destin au projet de YC ?","breadcrumb":{"@id":"https:\/\/www.webdo.tn\/fr\/actualite\/tunis-hebdo\/quel-destin-au-projet-de-yc\/173332\/#breadcrumb"},"inLanguage":"fr-FR","potentialAction":[{"@type":"ReadAction","target":["https:\/\/www.webdo.tn\/fr\/actualite\/tunis-hebdo\/quel-destin-au-projet-de-yc\/173332\/"]}]},{"@type":"ImageObject","inLanguage":"fr-FR","@id":"https:\/\/www.webdo.tn\/fr\/actualite\/tunis-hebdo\/quel-destin-au-projet-de-yc\/173332\/#primaryimage","url":"https:\/\/www.webdo.tn\/fr\/wp-content\/uploads\/2019\/01\/benhamida28-1-2019-1024x737-1.jpg","contentUrl":"https:\/\/www.webdo.tn\/fr\/wp-content\/uploads\/2019\/01\/benhamida28-1-2019-1024x737-1.jpg","width":1024,"height":737,"caption":"Quel destin au projet de YC ?"},{"@type":"BreadcrumbList","@id":"https:\/\/www.webdo.tn\/fr\/actualite\/tunis-hebdo\/quel-destin-au-projet-de-yc\/173332\/#breadcrumb","itemListElement":[{"@type":"ListItem","position":1,"name":"Accueil","item":"https:\/\/www.webdo.tn\/fr\/"},{"@type":"ListItem","position":2,"name":"Quel destin au projet de YC ?"}]},{"@type":"WebSite","@id":"https:\/\/www.webdo.tn\/fr\/#website","url":"https:\/\/www.webdo.tn\/fr\/","name":"webdo","description":"Tunisie - News en Tunisie et \u00e0 l&#039;international sur Webdo.tn","publisher":{"@id":"https:\/\/www.webdo.tn\/fr\/#organization"},"potentialAction":[{"@type":"SearchAction","target":{"@type":"EntryPoint","urlTemplate":"https:\/\/www.webdo.tn\/fr\/?s={search_term_string}"},"query-input":{"@type":"PropertyValueSpecification","valueRequired":true,"valueName":"search_term_string"}}],"inLanguage":"fr-FR"},{"@type":"Organization","@id":"https:\/\/www.webdo.tn\/fr\/#organization","name":"Webdo","alternateName":"Webdo.tn","url":"https:\/\/www.webdo.tn\/fr\/","logo":{"@type":"ImageObject","inLanguage":"fr-FR","@id":"https:\/\/www.webdo.tn\/fr\/#\/schema\/logo\/image\/","url":"https:\/\/www.webdo.tn\/fr\/wp-content\/uploads\/2025\/06\/Webdo-Tunisie_168377.jpg","contentUrl":"https:\/\/www.webdo.tn\/fr\/wp-content\/uploads\/2025\/06\/Webdo-Tunisie_168377.jpg","width":301,"height":301,"caption":"Webdo"},"image":{"@id":"https:\/\/www.webdo.tn\/fr\/#\/schema\/logo\/image\/"},"sameAs":["https:\/\/www.facebook.com\/webdotn","https:\/\/x.com\/webdo_tn"],"description":"Webdo est un m\u00e9dia num\u00e9rique tunisien fond\u00e9 en 2010, sp\u00e9cialis\u00e9 dans l\u2019actualit\u00e9 nationale et internationale, l\u2019\u00e9conomie, la soci\u00e9t\u00e9 et les analyses politiques. Le site s\u2019adresse \u00e0 un large public francophone et couvre l\u2019information tunisienne en temps r\u00e9el.","email":"redac@webdo.tn","legalName":"YNJ SARL","foundingDate":"2010-09-06","numberOfEmployees":{"@type":"QuantitativeValue","minValue":"11","maxValue":"50"}},{"@type":"Person","@id":"https:\/\/www.webdo.tn\/fr\/#\/schema\/person\/9a9c6118d687c117df8ef3cc36a4d175","name":"webdo.tn","image":{"@type":"ImageObject","inLanguage":"fr-FR","@id":"https:\/\/secure.gravatar.com\/avatar\/7ce1f28c0c3bbac99ff550b85ef8e44a6950c6ee24514fb6a5489e51d06f0298?s=96&d=mm&r=g","url":"https:\/\/secure.gravatar.com\/avatar\/7ce1f28c0c3bbac99ff550b85ef8e44a6950c6ee24514fb6a5489e51d06f0298?s=96&d=mm&r=g","contentUrl":"https:\/\/secure.gravatar.com\/avatar\/7ce1f28c0c3bbac99ff550b85ef8e44a6950c6ee24514fb6a5489e51d06f0298?s=96&d=mm&r=g","caption":"webdo.tn"},"url":"https:\/\/www.webdo.tn\/fr\/actualite\/author\/webdotn\/"}]}},"_links":{"self":[{"href":"https:\/\/www.webdo.tn\/fr\/wp-json\/wp\/v2\/posts\/173332","targetHints":{"allow":["GET"]}}],"collection":[{"href":"https:\/\/www.webdo.tn\/fr\/wp-json\/wp\/v2\/posts"}],"about":[{"href":"https:\/\/www.webdo.tn\/fr\/wp-json\/wp\/v2\/types\/post"}],"author":[{"embeddable":true,"href":"https:\/\/www.webdo.tn\/fr\/wp-json\/wp\/v2\/users\/3222"}],"replies":[{"embeddable":true,"href":"https:\/\/www.webdo.tn\/fr\/wp-json\/wp\/v2\/comments?post=173332"}],"version-history":[{"count":0,"href":"https:\/\/www.webdo.tn\/fr\/wp-json\/wp\/v2\/posts\/173332\/revisions"}],"wp:featuredmedia":[{"embeddable":true,"href":"https:\/\/www.webdo.tn\/fr\/wp-json\/wp\/v2\/media\/296379"}],"wp:attachment":[{"href":"https:\/\/www.webdo.tn\/fr\/wp-json\/wp\/v2\/media?parent=173332"}],"wp:term":[{"taxonomy":"category","embeddable":true,"href":"https:\/\/www.webdo.tn\/fr\/wp-json\/wp\/v2\/categories?post=173332"},{"taxonomy":"post_tag","embeddable":true,"href":"https:\/\/www.webdo.tn\/fr\/wp-json\/wp\/v2\/tags?post=173332"}],"curies":[{"name":"wp","href":"https:\/\/api.w.org\/{rel}","templated":true}]}}