{"id":173331,"date":"2019-01-30T11:29:00","date_gmt":"2019-01-30T11:29:00","guid":{"rendered":"https:\/\/www.webdo.tn\/fr\/blog\/ca-nen-finit-pas\/173331\/"},"modified":"2025-05-18T23:07:29","modified_gmt":"2025-05-18T23:07:29","slug":"ca-nen-finit-pas","status":"publish","type":"post","link":"https:\/\/www.webdo.tn\/fr\/actualite\/tunis-hebdo\/ca-nen-finit-pas\/173331\/","title":{"rendered":"\u00c7a n\u2019en finit pas !"},"content":{"rendered":"<p>Voici plus d\u2019un an et demi que des travaux ont \u00e9t\u00e9 entrepris par la soci\u00e9t\u00e9 C. &amp; Cie, sous la houlette du minist\u00e8re de l\u2019Equipement, en vue de doubler le tron\u00e7on de route passant devant le minist\u00e8re des Affaires \u00e9trang\u00e8res, puis longeant l\u2019h\u00f4tel Sheraton avant de finir par s\u2019effacer \u00e0 hauteur du rond-point menant au stade Zouiten.<\/p>\n<p>Si la nouvelle route destin\u00e9e \u00e0 d\u00e9congeler la circulation, qui est vraiment infernale aux heures de pointe vers midi et le soir surtout, a pris, finalement, forme, les travaux ne semblent pas, toutefois, pr\u00eats \u00e0 s\u2019achever. Il faut probablement encore un long trimestre, voire plus&#8230;<\/p>\n<p>Ce tron\u00e7on de route \u00e0 tr\u00e8s haute fr\u00e9quence a \u00e9t\u00e9 derri\u00e8re plus d\u2019un accident en raison, entre autres, de son \u00e9troitesse du fait qu\u2019il est \u00e0 double sens et en plus de la courbe qu\u2019il trace.<\/p>\n<p>Personnellement, j\u2019y ai connu, il y a deux ans, un accident qui aurait pu \u00eatre gravissime. En effet, un chauffard venant dans le sens inverse par une nuit pluvieuse, alors que je rentrais du journal, m\u2019a percut\u00e9. Il a fortement endommag\u00e9 la partie gauche de ma voiture, c\u00f4t\u00e9 volant.<\/p>\n<p>Celle-ci a subi des d\u00e9g\u00e2ts de l\u2019ordre de dix mille dinars. Le plus grave, c\u2019est que le chauffard n\u2019a m\u00eame pas daign\u00e9 s\u2019arr\u00eater&#8230; Il s\u2019est purement et simplement volatilis\u00e9, m\u2019abandonnant sur place sous une pluie battante.<\/p>\n<p>Avec la fin de ces travaux, la circulation deviendra \u00abcool\u00bb sur cette portion de terrain tr\u00e8s \u00abhupp\u00e9e\u00bb&#8230;<\/p>\n<p>Toutefois, il faut attendre au moins trois ou quatre mois encore, d\u2019apr\u00e8s une source s\u00fbre de la soci\u00e9t\u00e9 C. &amp; Cie, pour pouvoir b\u00e9n\u00e9ficier de la fluidit\u00e9 de la circulation qui sera, vraisemblablement, en deux sens distincts et tout \u00e0 fait s\u00e9par\u00e9s l\u2019un de l\u2019autre.<\/p>\n<p>\u00c0 mon avis, si ces m\u00eames travaux \u00e9taient confi\u00e9s \u00e0 des \u00e9quipes ayant \u00e0 leur t\u00eate des techniciens chinois, ils auraient \u00e9t\u00e9 achev\u00e9s, tout comme ceux du premier tron\u00e7on de l\u2019autoroute A1 entre Tunis et Turki (fini en un an en 1981), depuis belle lurette et en un temps record.<\/p>\n<p>Le Chinois est un homme fonci\u00e8rement bosseur. Et il travaille sans rechigner ni r\u00e9clamer des bonifications comme \u00e7a se passe ailleurs, y compris chez nous.<\/p>\n<p>Pour l\u2019histoire, un de nos hommes d\u2019affaires qui s\u2019est d\u00e9plac\u00e9 \u00e0 P\u00e9kin pour son business, a pu contempler de sa chambre d\u2019h\u00f4tel, l\u2019\u00e9dification d\u2019un building. Le soir, il \u00e9tait, d\u00e9j\u00e0, \u00e0 la finition de son huiti\u00e8me \u00e9tage.<\/p>\n<p>Le lendemain, \u00e0 la m\u00eame heure, le Tunisien fut tout \u00e0 fait \u00e9bahi de constater que les ouvriers de ce grand b\u00e2timent \u00e9taient sur le point d\u2019achever la construction du neuvi\u00e8me \u00e9tage. C\u2019est \u00e0 dire que le personnel chinois et leurs patrons parvenaient \u00e0 faire \u00e9difier, chaque fois, un \u00e9tage en 24 heures.<\/p>\n<p>Et le gratte-ciel vit le jour en quelques semaines. Chez nous, nos ouvriers ch\u00f4ment toutes les nuits, les week-ends et les diff\u00e9rents jours f\u00e9ri\u00e9s de l\u2019ann\u00e9e qui sont si nombreux. Ils se reposent, \u00e9galement, lors de la moindre intemp\u00e9rie et chaque vendredi apr\u00e8s-midi aux heures de pri\u00e8res.<\/p>\n<p>A ce rythme, toutes nos b\u00e2tisses et nos routes \u00e0 construire co\u00fbtent au moins deux fois plus cher \u00e0 construire qu\u2019en Chine, en raison, surtout, du prix de revient de la main-d\u2019\u0153uvre. Il s\u2019agit d\u2019un gaspillage navrant des deniers publics&#8230;<\/p>\n<p>Savez-vous que ce sont les hauts techniciens chinois qui ont trac\u00e9 et fait construire en 1980 l\u2019autoroute Tunis-Hammamet. Nos invit\u00e9s ont vite remarqu\u00e9 que nos ouvriers sont d\u2019une nonchalance alarmante. De plus, chaque fois qu\u2019ils donnent un coup de pelle quelconque ou de pioche, ils sont port\u00e9s \u00e0 deviser, voire se reposer de longs moments. Pour cela, ils s\u2019appuient, in\u00e9vitablement, sur la longue manche de leur pelle.<\/p>\n<p>Somm\u00e9s de faire cesser cette pratique n\u00e9gative et non productive, nos ouvriers font tout bonnement la sourde oreille et ont continu\u00e9 leur man\u00e8ge comme si de rien n\u2019\u00e9tait. C\u2019est, alors, que les responsables chinois d\u00e9cid\u00e8rent de couper, de nuit, les manches de moiti\u00e9 de toutes les pelles dont ils disposent pour les travaux de construction de l\u2019autoroute.<\/p>\n<p>Le lendemain matin, nos ouvriers paresseux ne trouv\u00e8rent plus leurs manches d\u2019appui habituels&#8230;<br \/>\nM\u2019hamed BEN YOUSSEF<br \/>\nTunis-Hebdo du 28\/01\/2019<\/p>\n","protected":false},"excerpt":{"rendered":"<p>\u00c7a n\u2019en finit pas !<\/p>\n","protected":false},"author":3222,"featured_media":302853,"comment_status":"open","ping_status":"closed","sticky":false,"template":"","format":"standard","meta":{"footnotes":""},"categories":[7653],"tags":[2600],"class_list":["post-173331","post","type-post","status-publish","format-standard","has-post-thumbnail","hentry","category-tunis-hebdo","tag-guerre"],"yoast_head":"<!-- This site is optimized with the Yoast SEO Premium plugin v27.4 (Yoast SEO v27.4) - https:\/\/yoast.com\/product\/yoast-seo-premium-wordpress\/ -->\n<title>\u00c7a n\u2019en finit pas !<\/title>\n<meta name=\"description\" content=\"\u00c7a n\u2019en finit pas !\" \/>\n<link rel=\"canonical\" href=\"https:\/\/www.webdo.tn\/fr\/actualite\/tunis-hebdo\/ca-nen-finit-pas\/173331\/\" \/>\n<meta property=\"og:locale\" content=\"fr_FR\" \/>\n<meta property=\"og:type\" content=\"article\" \/>\n<meta property=\"og:title\" content=\"\u00c7a n\u2019en finit pas !\" \/>\n<meta property=\"og:description\" content=\"\u00c7a n\u2019en finit pas !\" \/>\n<meta property=\"og:url\" content=\"https:\/\/www.webdo.tn\/fr\/actualite\/tunis-hebdo\/ca-nen-finit-pas\/173331\/\" \/>\n<meta property=\"og:site_name\" content=\"webdo\" \/>\n<meta property=\"article:publisher\" content=\"https:\/\/www.facebook.com\/webdotn\" \/>\n<meta property=\"article:published_time\" content=\"2019-01-30T11:29:00+00:00\" \/>\n<meta property=\"article:modified_time\" content=\"2025-05-18T23:07:29+00:00\" \/>\n<meta property=\"og:image\" content=\"https:\/\/www.webdo.tn\/fr\/wp-content\/uploads\/2019\/01\/Ca-nen-finit-pas-1024x768-1.jpg\" \/>\n\t<meta property=\"og:image:width\" content=\"1024\" \/>\n\t<meta property=\"og:image:height\" content=\"768\" \/>\n\t<meta property=\"og:image:type\" content=\"image\/jpeg\" \/>\n<meta name=\"author\" content=\"webdo.tn\" \/>\n<meta name=\"twitter:card\" content=\"summary_large_image\" \/>\n<meta name=\"twitter:creator\" content=\"@webdo_tn\" \/>\n<meta name=\"twitter:site\" content=\"@webdo_tn\" \/>\n<meta name=\"twitter:label1\" content=\"\u00c9crit par\" \/>\n\t<meta name=\"twitter:data1\" content=\"webdo.tn\" \/>\n\t<meta name=\"twitter:label2\" content=\"Dur\u00e9e de lecture estim\u00e9e\" \/>\n\t<meta name=\"twitter:data2\" content=\"4 minutes\" \/>\n<script type=\"application\/ld+json\" class=\"yoast-schema-graph\">{\"@context\":\"https:\\\/\\\/schema.org\",\"@graph\":[{\"@type\":\"NewsArticle\",\"@id\":\"https:\\\/\\\/www.webdo.tn\\\/fr\\\/actualite\\\/tunis-hebdo\\\/ca-nen-finit-pas\\\/173331\\\/#article\",\"isPartOf\":{\"@id\":\"https:\\\/\\\/www.webdo.tn\\\/fr\\\/actualite\\\/tunis-hebdo\\\/ca-nen-finit-pas\\\/173331\\\/\"},\"author\":{\"name\":\"webdo.tn\",\"@id\":\"https:\\\/\\\/www.webdo.tn\\\/fr\\\/#\\\/schema\\\/person\\\/9a9c6118d687c117df8ef3cc36a4d175\"},\"headline\":\"\u00c7a n\u2019en finit pas !\",\"datePublished\":\"2019-01-30T11:29:00+00:00\",\"dateModified\":\"2025-05-18T23:07:29+00:00\",\"mainEntityOfPage\":{\"@id\":\"https:\\\/\\\/www.webdo.tn\\\/fr\\\/actualite\\\/tunis-hebdo\\\/ca-nen-finit-pas\\\/173331\\\/\"},\"wordCount\":766,\"commentCount\":0,\"publisher\":{\"@id\":\"https:\\\/\\\/www.webdo.tn\\\/fr\\\/#organization\"},\"image\":{\"@id\":\"https:\\\/\\\/www.webdo.tn\\\/fr\\\/actualite\\\/tunis-hebdo\\\/ca-nen-finit-pas\\\/173331\\\/#primaryimage\"},\"thumbnailUrl\":\"https:\\\/\\\/www.webdo.tn\\\/fr\\\/wp-content\\\/uploads\\\/2019\\\/01\\\/Ca-nen-finit-pas-1024x768-1.jpg\",\"keywords\":[\"guerre\"],\"articleSection\":[\"Tunis-Hebdo\"],\"inLanguage\":\"fr-FR\"},{\"@type\":\"WebPage\",\"@id\":\"https:\\\/\\\/www.webdo.tn\\\/fr\\\/actualite\\\/tunis-hebdo\\\/ca-nen-finit-pas\\\/173331\\\/\",\"url\":\"https:\\\/\\\/www.webdo.tn\\\/fr\\\/actualite\\\/tunis-hebdo\\\/ca-nen-finit-pas\\\/173331\\\/\",\"name\":\"\u00c7a n\u2019en finit pas !\",\"isPartOf\":{\"@id\":\"https:\\\/\\\/www.webdo.tn\\\/fr\\\/#website\"},\"primaryImageOfPage\":{\"@id\":\"https:\\\/\\\/www.webdo.tn\\\/fr\\\/actualite\\\/tunis-hebdo\\\/ca-nen-finit-pas\\\/173331\\\/#primaryimage\"},\"image\":{\"@id\":\"https:\\\/\\\/www.webdo.tn\\\/fr\\\/actualite\\\/tunis-hebdo\\\/ca-nen-finit-pas\\\/173331\\\/#primaryimage\"},\"thumbnailUrl\":\"https:\\\/\\\/www.webdo.tn\\\/fr\\\/wp-content\\\/uploads\\\/2019\\\/01\\\/Ca-nen-finit-pas-1024x768-1.jpg\",\"datePublished\":\"2019-01-30T11:29:00+00:00\",\"dateModified\":\"2025-05-18T23:07:29+00:00\",\"description\":\"\u00c7a n\u2019en finit pas !\",\"breadcrumb\":{\"@id\":\"https:\\\/\\\/www.webdo.tn\\\/fr\\\/actualite\\\/tunis-hebdo\\\/ca-nen-finit-pas\\\/173331\\\/#breadcrumb\"},\"inLanguage\":\"fr-FR\",\"potentialAction\":[{\"@type\":\"ReadAction\",\"target\":[\"https:\\\/\\\/www.webdo.tn\\\/fr\\\/actualite\\\/tunis-hebdo\\\/ca-nen-finit-pas\\\/173331\\\/\"]}]},{\"@type\":\"ImageObject\",\"inLanguage\":\"fr-FR\",\"@id\":\"https:\\\/\\\/www.webdo.tn\\\/fr\\\/actualite\\\/tunis-hebdo\\\/ca-nen-finit-pas\\\/173331\\\/#primaryimage\",\"url\":\"https:\\\/\\\/www.webdo.tn\\\/fr\\\/wp-content\\\/uploads\\\/2019\\\/01\\\/Ca-nen-finit-pas-1024x768-1.jpg\",\"contentUrl\":\"https:\\\/\\\/www.webdo.tn\\\/fr\\\/wp-content\\\/uploads\\\/2019\\\/01\\\/Ca-nen-finit-pas-1024x768-1.jpg\",\"width\":1024,\"height\":768,\"caption\":\"\u00c7a n\u2019en finit pas !\"},{\"@type\":\"BreadcrumbList\",\"@id\":\"https:\\\/\\\/www.webdo.tn\\\/fr\\\/actualite\\\/tunis-hebdo\\\/ca-nen-finit-pas\\\/173331\\\/#breadcrumb\",\"itemListElement\":[{\"@type\":\"ListItem\",\"position\":1,\"name\":\"Accueil\",\"item\":\"https:\\\/\\\/www.webdo.tn\\\/fr\\\/\"},{\"@type\":\"ListItem\",\"position\":2,\"name\":\"\u00c7a n\u2019en finit pas !\"}]},{\"@type\":\"WebSite\",\"@id\":\"https:\\\/\\\/www.webdo.tn\\\/fr\\\/#website\",\"url\":\"https:\\\/\\\/www.webdo.tn\\\/fr\\\/\",\"name\":\"webdo\",\"description\":\"Tunisie - News en Tunisie et \u00e0 l&#039;international sur Webdo.tn\",\"publisher\":{\"@id\":\"https:\\\/\\\/www.webdo.tn\\\/fr\\\/#organization\"},\"potentialAction\":[{\"@type\":\"SearchAction\",\"target\":{\"@type\":\"EntryPoint\",\"urlTemplate\":\"https:\\\/\\\/www.webdo.tn\\\/fr\\\/?s={search_term_string}\"},\"query-input\":{\"@type\":\"PropertyValueSpecification\",\"valueRequired\":true,\"valueName\":\"search_term_string\"}}],\"inLanguage\":\"fr-FR\"},{\"@type\":\"Organization\",\"@id\":\"https:\\\/\\\/www.webdo.tn\\\/fr\\\/#organization\",\"name\":\"Webdo\",\"alternateName\":\"Webdo.tn\",\"url\":\"https:\\\/\\\/www.webdo.tn\\\/fr\\\/\",\"logo\":{\"@type\":\"ImageObject\",\"inLanguage\":\"fr-FR\",\"@id\":\"https:\\\/\\\/www.webdo.tn\\\/fr\\\/#\\\/schema\\\/logo\\\/image\\\/\",\"url\":\"https:\\\/\\\/www.webdo.tn\\\/fr\\\/wp-content\\\/uploads\\\/2025\\\/06\\\/Webdo-Tunisie_168377.jpg\",\"contentUrl\":\"https:\\\/\\\/www.webdo.tn\\\/fr\\\/wp-content\\\/uploads\\\/2025\\\/06\\\/Webdo-Tunisie_168377.jpg\",\"width\":301,\"height\":301,\"caption\":\"Webdo\"},\"image\":{\"@id\":\"https:\\\/\\\/www.webdo.tn\\\/fr\\\/#\\\/schema\\\/logo\\\/image\\\/\"},\"sameAs\":[\"https:\\\/\\\/www.facebook.com\\\/webdotn\",\"https:\\\/\\\/x.com\\\/webdo_tn\"],\"description\":\"Webdo est un m\u00e9dia num\u00e9rique tunisien fond\u00e9 en 2010, sp\u00e9cialis\u00e9 dans l\u2019actualit\u00e9 nationale et internationale, l\u2019\u00e9conomie, la soci\u00e9t\u00e9 et les analyses politiques. Le site s\u2019adresse \u00e0 un large public francophone et couvre l\u2019information tunisienne en temps r\u00e9el.\",\"email\":\"redac@webdo.tn\",\"legalName\":\"YNJ SARL\",\"foundingDate\":\"2010-09-06\",\"numberOfEmployees\":{\"@type\":\"QuantitativeValue\",\"minValue\":\"11\",\"maxValue\":\"50\"}},{\"@type\":\"Person\",\"@id\":\"https:\\\/\\\/www.webdo.tn\\\/fr\\\/#\\\/schema\\\/person\\\/9a9c6118d687c117df8ef3cc36a4d175\",\"name\":\"webdo.tn\",\"image\":{\"@type\":\"ImageObject\",\"inLanguage\":\"fr-FR\",\"@id\":\"https:\\\/\\\/secure.gravatar.com\\\/avatar\\\/7ce1f28c0c3bbac99ff550b85ef8e44a6950c6ee24514fb6a5489e51d06f0298?s=96&d=mm&r=g\",\"url\":\"https:\\\/\\\/secure.gravatar.com\\\/avatar\\\/7ce1f28c0c3bbac99ff550b85ef8e44a6950c6ee24514fb6a5489e51d06f0298?s=96&d=mm&r=g\",\"contentUrl\":\"https:\\\/\\\/secure.gravatar.com\\\/avatar\\\/7ce1f28c0c3bbac99ff550b85ef8e44a6950c6ee24514fb6a5489e51d06f0298?s=96&d=mm&r=g\",\"caption\":\"webdo.tn\"},\"url\":\"https:\\\/\\\/www.webdo.tn\\\/fr\\\/actualite\\\/author\\\/webdotn\\\/\"}]}<\/script>\n<!-- \/ Yoast SEO Premium plugin. -->","yoast_head_json":{"title":"\u00c7a n\u2019en finit pas !","description":"\u00c7a n\u2019en finit pas !","canonical":"https:\/\/www.webdo.tn\/fr\/actualite\/tunis-hebdo\/ca-nen-finit-pas\/173331\/","og_locale":"fr_FR","og_type":"article","og_title":"\u00c7a n\u2019en finit pas !","og_description":"\u00c7a n\u2019en finit pas !","og_url":"https:\/\/www.webdo.tn\/fr\/actualite\/tunis-hebdo\/ca-nen-finit-pas\/173331\/","og_site_name":"webdo","article_publisher":"https:\/\/www.facebook.com\/webdotn","article_published_time":"2019-01-30T11:29:00+00:00","article_modified_time":"2025-05-18T23:07:29+00:00","og_image":[{"width":1024,"height":768,"url":"https:\/\/www.webdo.tn\/fr\/wp-content\/uploads\/2019\/01\/Ca-nen-finit-pas-1024x768-1.jpg","type":"image\/jpeg"}],"author":"webdo.tn","twitter_card":"summary_large_image","twitter_creator":"@webdo_tn","twitter_site":"@webdo_tn","twitter_misc":{"\u00c9crit par":"webdo.tn","Dur\u00e9e de lecture estim\u00e9e":"4 minutes"},"schema":{"@context":"https:\/\/schema.org","@graph":[{"@type":"NewsArticle","@id":"https:\/\/www.webdo.tn\/fr\/actualite\/tunis-hebdo\/ca-nen-finit-pas\/173331\/#article","isPartOf":{"@id":"https:\/\/www.webdo.tn\/fr\/actualite\/tunis-hebdo\/ca-nen-finit-pas\/173331\/"},"author":{"name":"webdo.tn","@id":"https:\/\/www.webdo.tn\/fr\/#\/schema\/person\/9a9c6118d687c117df8ef3cc36a4d175"},"headline":"\u00c7a n\u2019en finit pas !","datePublished":"2019-01-30T11:29:00+00:00","dateModified":"2025-05-18T23:07:29+00:00","mainEntityOfPage":{"@id":"https:\/\/www.webdo.tn\/fr\/actualite\/tunis-hebdo\/ca-nen-finit-pas\/173331\/"},"wordCount":766,"commentCount":0,"publisher":{"@id":"https:\/\/www.webdo.tn\/fr\/#organization"},"image":{"@id":"https:\/\/www.webdo.tn\/fr\/actualite\/tunis-hebdo\/ca-nen-finit-pas\/173331\/#primaryimage"},"thumbnailUrl":"https:\/\/www.webdo.tn\/fr\/wp-content\/uploads\/2019\/01\/Ca-nen-finit-pas-1024x768-1.jpg","keywords":["guerre"],"articleSection":["Tunis-Hebdo"],"inLanguage":"fr-FR"},{"@type":"WebPage","@id":"https:\/\/www.webdo.tn\/fr\/actualite\/tunis-hebdo\/ca-nen-finit-pas\/173331\/","url":"https:\/\/www.webdo.tn\/fr\/actualite\/tunis-hebdo\/ca-nen-finit-pas\/173331\/","name":"\u00c7a n\u2019en finit pas !","isPartOf":{"@id":"https:\/\/www.webdo.tn\/fr\/#website"},"primaryImageOfPage":{"@id":"https:\/\/www.webdo.tn\/fr\/actualite\/tunis-hebdo\/ca-nen-finit-pas\/173331\/#primaryimage"},"image":{"@id":"https:\/\/www.webdo.tn\/fr\/actualite\/tunis-hebdo\/ca-nen-finit-pas\/173331\/#primaryimage"},"thumbnailUrl":"https:\/\/www.webdo.tn\/fr\/wp-content\/uploads\/2019\/01\/Ca-nen-finit-pas-1024x768-1.jpg","datePublished":"2019-01-30T11:29:00+00:00","dateModified":"2025-05-18T23:07:29+00:00","description":"\u00c7a n\u2019en finit pas !","breadcrumb":{"@id":"https:\/\/www.webdo.tn\/fr\/actualite\/tunis-hebdo\/ca-nen-finit-pas\/173331\/#breadcrumb"},"inLanguage":"fr-FR","potentialAction":[{"@type":"ReadAction","target":["https:\/\/www.webdo.tn\/fr\/actualite\/tunis-hebdo\/ca-nen-finit-pas\/173331\/"]}]},{"@type":"ImageObject","inLanguage":"fr-FR","@id":"https:\/\/www.webdo.tn\/fr\/actualite\/tunis-hebdo\/ca-nen-finit-pas\/173331\/#primaryimage","url":"https:\/\/www.webdo.tn\/fr\/wp-content\/uploads\/2019\/01\/Ca-nen-finit-pas-1024x768-1.jpg","contentUrl":"https:\/\/www.webdo.tn\/fr\/wp-content\/uploads\/2019\/01\/Ca-nen-finit-pas-1024x768-1.jpg","width":1024,"height":768,"caption":"\u00c7a n\u2019en finit pas !"},{"@type":"BreadcrumbList","@id":"https:\/\/www.webdo.tn\/fr\/actualite\/tunis-hebdo\/ca-nen-finit-pas\/173331\/#breadcrumb","itemListElement":[{"@type":"ListItem","position":1,"name":"Accueil","item":"https:\/\/www.webdo.tn\/fr\/"},{"@type":"ListItem","position":2,"name":"\u00c7a n\u2019en finit pas !"}]},{"@type":"WebSite","@id":"https:\/\/www.webdo.tn\/fr\/#website","url":"https:\/\/www.webdo.tn\/fr\/","name":"webdo","description":"Tunisie - News en Tunisie et \u00e0 l&#039;international sur Webdo.tn","publisher":{"@id":"https:\/\/www.webdo.tn\/fr\/#organization"},"potentialAction":[{"@type":"SearchAction","target":{"@type":"EntryPoint","urlTemplate":"https:\/\/www.webdo.tn\/fr\/?s={search_term_string}"},"query-input":{"@type":"PropertyValueSpecification","valueRequired":true,"valueName":"search_term_string"}}],"inLanguage":"fr-FR"},{"@type":"Organization","@id":"https:\/\/www.webdo.tn\/fr\/#organization","name":"Webdo","alternateName":"Webdo.tn","url":"https:\/\/www.webdo.tn\/fr\/","logo":{"@type":"ImageObject","inLanguage":"fr-FR","@id":"https:\/\/www.webdo.tn\/fr\/#\/schema\/logo\/image\/","url":"https:\/\/www.webdo.tn\/fr\/wp-content\/uploads\/2025\/06\/Webdo-Tunisie_168377.jpg","contentUrl":"https:\/\/www.webdo.tn\/fr\/wp-content\/uploads\/2025\/06\/Webdo-Tunisie_168377.jpg","width":301,"height":301,"caption":"Webdo"},"image":{"@id":"https:\/\/www.webdo.tn\/fr\/#\/schema\/logo\/image\/"},"sameAs":["https:\/\/www.facebook.com\/webdotn","https:\/\/x.com\/webdo_tn"],"description":"Webdo est un m\u00e9dia num\u00e9rique tunisien fond\u00e9 en 2010, sp\u00e9cialis\u00e9 dans l\u2019actualit\u00e9 nationale et internationale, l\u2019\u00e9conomie, la soci\u00e9t\u00e9 et les analyses politiques. Le site s\u2019adresse \u00e0 un large public francophone et couvre l\u2019information tunisienne en temps r\u00e9el.","email":"redac@webdo.tn","legalName":"YNJ SARL","foundingDate":"2010-09-06","numberOfEmployees":{"@type":"QuantitativeValue","minValue":"11","maxValue":"50"}},{"@type":"Person","@id":"https:\/\/www.webdo.tn\/fr\/#\/schema\/person\/9a9c6118d687c117df8ef3cc36a4d175","name":"webdo.tn","image":{"@type":"ImageObject","inLanguage":"fr-FR","@id":"https:\/\/secure.gravatar.com\/avatar\/7ce1f28c0c3bbac99ff550b85ef8e44a6950c6ee24514fb6a5489e51d06f0298?s=96&d=mm&r=g","url":"https:\/\/secure.gravatar.com\/avatar\/7ce1f28c0c3bbac99ff550b85ef8e44a6950c6ee24514fb6a5489e51d06f0298?s=96&d=mm&r=g","contentUrl":"https:\/\/secure.gravatar.com\/avatar\/7ce1f28c0c3bbac99ff550b85ef8e44a6950c6ee24514fb6a5489e51d06f0298?s=96&d=mm&r=g","caption":"webdo.tn"},"url":"https:\/\/www.webdo.tn\/fr\/actualite\/author\/webdotn\/"}]}},"_links":{"self":[{"href":"https:\/\/www.webdo.tn\/fr\/wp-json\/wp\/v2\/posts\/173331","targetHints":{"allow":["GET"]}}],"collection":[{"href":"https:\/\/www.webdo.tn\/fr\/wp-json\/wp\/v2\/posts"}],"about":[{"href":"https:\/\/www.webdo.tn\/fr\/wp-json\/wp\/v2\/types\/post"}],"author":[{"embeddable":true,"href":"https:\/\/www.webdo.tn\/fr\/wp-json\/wp\/v2\/users\/3222"}],"replies":[{"embeddable":true,"href":"https:\/\/www.webdo.tn\/fr\/wp-json\/wp\/v2\/comments?post=173331"}],"version-history":[{"count":0,"href":"https:\/\/www.webdo.tn\/fr\/wp-json\/wp\/v2\/posts\/173331\/revisions"}],"wp:featuredmedia":[{"embeddable":true,"href":"https:\/\/www.webdo.tn\/fr\/wp-json\/wp\/v2\/media\/302853"}],"wp:attachment":[{"href":"https:\/\/www.webdo.tn\/fr\/wp-json\/wp\/v2\/media?parent=173331"}],"wp:term":[{"taxonomy":"category","embeddable":true,"href":"https:\/\/www.webdo.tn\/fr\/wp-json\/wp\/v2\/categories?post=173331"},{"taxonomy":"post_tag","embeddable":true,"href":"https:\/\/www.webdo.tn\/fr\/wp-json\/wp\/v2\/tags?post=173331"}],"curies":[{"name":"wp","href":"https:\/\/api.w.org\/{rel}","templated":true}]}}