{"id":173330,"date":"2019-01-30T11:36:00","date_gmt":"2019-01-30T11:36:00","guid":{"rendered":"https:\/\/www.webdo.tn\/fr\/blog\/mustapha-filali-une-perte-incommensurable\/173330\/"},"modified":"2025-05-18T23:07:30","modified_gmt":"2025-05-18T23:07:30","slug":"mustapha-filali-une-perte-incommensurable","status":"publish","type":"post","link":"https:\/\/www.webdo.tn\/fr\/actualite\/tunis-hebdo\/mustapha-filali-une-perte-incommensurable\/173330\/","title":{"rendered":"Mustapha Filali, une perte incommensurable"},"content":{"rendered":"<p>La Tunisie a perdu, le dimanche 20 janvier courant, l\u2019un de ses meilleurs fils, Mustapha Filali, qui a consacr\u00e9 sa vie \u00e0 servir sa patrie avec abn\u00e9gation et loyaut\u00e9. N\u00e9 le 5 juillet 1921, \u00e0 Sidi Ali Ben Nasr Allah (gouvernorat de Kairouan), il fit ses \u00e9tudes secondaires \u00e0 Sadiki et sup\u00e9rieures \u00e0 la Sorbonne. Apr\u00e8s avoir obtenu une licence es-langue et litt\u00e9rature arabes, il fut professeur au Lyc\u00e9e Carnot de 1947 \u00e0 1955.<br \/>\nMon ami Khaled Ben Sassi m\u2019a affirm\u00e9 qu\u2019il voulait \u00eatre nomm\u00e9 professeur dans un coin perdu o\u00f9 il n\u2019y a aucune sorte de distraction pour pouvoir pr\u00e9parer dans les meilleures conditions l\u2019agr\u00e9gation d\u2019arabe mais le regrett\u00e9 Abed Mzali, l\u2019un des cadres de la direction de l\u2019Education nationale et des Beaux-Arts, \u00e0 cette \u00e9poque, insista pour qu\u2019il accepte d\u2019\u00eatre nomm\u00e9 \u00e0 Carnot, parce qu\u2019il se pr\u00e9parait \u00e0 cr\u00e9er des classes sadikiennes dans les \u00e9tablissements secondaires qui appliqueraient le programme d\u2019enseignement du Coll\u00e8ge Sadiki de fa\u00e7on que la langue arabe ne soit plus enseign\u00e9e comme les langues \u00e9trang\u00e8res et il comptait, entre autres, sur lui, pour que cette r\u00e9forme r\u00e9ussisse. A signaler que MM CH\u00e9dly Klibi, Hassine El Oued et Mohsen Ben Hamida, \u00e9taient, \u00e9galement, professeurs d\u2019arabe \u00e0 Carnot, \u00e0 ce moment-l\u00e0.<br \/>\nFin d\u00e9cembre 1955, Mustapha Filali fut nomm\u00e9 sous\u2013directeur de Radio Tunis. En effet, le directeur \u00e9tait fran\u00e7ais, d\u2019apr\u00e8s l\u2019accord entre la France et la Tunisie, sign\u00e9 le 30 octobre 1953 (sous le protectorat) la France dirigeait la RTT pour 30 ans, s\u2019engageait \u00e0 cr\u00e9er une T.V. et \u00e0 recruter 25% de Tunisiens pour faire partie du personnel de la Radio.<br \/>\nLors des n\u00e9gociations sur l\u2019autonomie interne de notre pays, la France s\u2019en tint \u00e0 cet accord malgr\u00e9 les efforts d\u00e9ploy\u00e9s par les Tunisiens pour en changer les termes. Ils obtinrent, n\u00e9anmoins, qu\u2019un additif fut ajout\u00e9 au protocole d\u2019accord d\u2019apr\u00e8s lequel la RTT restait dirig\u00e9e par la France mais un sous-directeur tunisien dirigerait le programme arabe (autrement dit, serait directeur \u2013adjoint). C\u2019est cette fonction, qui fut confi\u00e9e au regrett\u00e9 Mustapha Filali. Il l\u2019assuma le mieux du monde.<br \/>\nC\u2019est ainsi que le niveau des \u00e9missions s\u2019am\u00e9liora. Il commit malheureusement une erreur qui lui co\u00fbta son poste. La m\u00eame erreur qu\u2019avait commise le Directeur g\u00e9n\u00e9ral de Radio le Caire. Apr\u00e8s la R\u00e9volution des Officiers Libres \u00e9gyptiens contre le Roi Farouk, la direction de Radio le Caire fut confi\u00e9e \u00e0 l\u2019un de ces officiers. L\u2019une des premi\u00e8res mesures qu\u2019il crut bon de prendre (\u00e0 tort) fut d\u2019interdire \u00e0 l\u2019Astre de l\u2019Orient, la grande Oum Kalthoum, de se produire \u00e0 la radio sous le pr\u00e9texte qu\u2019elle avait, souvent, chant\u00e9 devant Farouk.<br \/>\nCe qu\u2019apprenant, Jamel Abdennaser convoqua ce directeur et lui passa un savon et lui dit\u00a0:\u00a0\u00ab\u00a0Vous avez interdit \u00e0 Thouma de se produire \u00e0 la radio parce qu\u2019elle avait chant\u00e9 devant Farouk. Or, le Nil, les Pyramides et autres \u00e9taient l\u00e0 du temps de Farouk, l\u2019on doit donc prendre des mesures contre eux\u00a0!\u00a0\u00bb. Et la grande Diva redonna des concerts \u00e0 la radio et recouvra tous ses droits. Ce que le directeur ignorait c\u2019est q\u2019Abdennasser \u00e9tait un grand admirateur d\u2019Oum Kalthoum.<br \/>\nIl a racont\u00e9, en effet, que durant la guerre arabo-isra\u00e9lienne, en 1948, le bataillon d\u2019Abdennasser avait \u00e9t\u00e9\u00a0 encercl\u00e9 et que leur seule distraction et remontant du moral, durant ce si\u00e8ge \u00e9tait d\u2019\u00e9couter, \u00e0 la radio, les immortelles chansons d\u2019Oum Kalthoum. D\u2019autre part, ayant eu un probl\u00e8me de vision et devant subir une op\u00e9ration sur\u00a0 les yeux, en Am\u00e9rique, elle fut soign\u00e9e\u00a0 aux frais de l\u2019Etat \u00e9gyptien et c\u2019est Anouar Assadate en personne (Vice-pr\u00e9sident de l\u2019Etat qui l\u2019accompagna \u00e0 l\u2019a\u00e9roport \u00e0 son d\u00e9part et qui l\u2019accueillit \u00e0 son retour.<br \/>\nPour en revenir \u00e0 Mustapha Filali, nomm\u00e9 sous-directeur de la RTT, il suspendit de leur travail.\u00a0 Abdelaziz Laroui et Mahmoud Bourguiba pour collaboration avec les pr\u00e9pond\u00e9rants fran\u00e7ais, Abdelaziz El Aroui que Bourguiba aimait bien, pas uniquement parce qu\u2019ils \u00e9taient tous deux monastiriens, mais parce que le Combattant Supr\u00eame avait fait des d\u00e9buts remarquables de journaliste dans le journal d\u2019El Aroui \u00abL\u2019Etendard tunisien\u00a0\u00bb. Notre grand chroniqueur alla donc se plaindre au Pr\u00e9sident qui mit fin \u00e0 la sous-direction de Filali (qu\u2019il nomma ministre de l\u2019Agriculture et qui fut le 1er Tunisien \u00e0 qui fut confi\u00e9 ce portefeuille) et nomma El Aroui, directeur de la RTT par int\u00e9rim.<br \/>\nMustapha Filali, \u00e0 ses d\u00e9buts dans la vie a \u00e9t\u00e9 \u00e9galement actif dans l\u2019Union g\u00e9n\u00e9rale tunisienne du travail (UGTT) o\u00f9 il contribue \u00e0 l\u2019\u00e9laboration du programme \u00e9conomique et social adopt\u00e9 par le N\u00e9o-Destour en novembre 1955, lors du Congr\u00e8s de Sfax o\u00f9 Bourguiba l\u2019emporta sur Salah Ben Yousef.<br \/>\nL\u2019UGTT fut r\u00e9compens\u00e9e pour ses positions favorables \u00e0 Habib Bourguiba, dans sa lutte contre Salah Ben Youssef comme nous l\u2019avons vu par l\u2019attribution du portefeuille de ministre de l\u2019Agriculture \u00e0 Filali dans le gouvernement form\u00e9 le 15 avril 1956\u00a0; trois autres portefeuilles sont attribu\u00e9s \u00e0 des syndicalistes\u00a0: Lamine Chebbi \u00e0 l\u2019Education, Ezzeddine Abassi aux Travaux publics et Mahmoud Khiari aux Postes, T\u00e9l\u00e9graphes et T\u00e9l\u00e9phones. A son poste, Filali contribue \u00e0 la dissolution des habous. D\u00e9sign\u00e9 par surprise, en octobre 1957, pour prendre le portefeuille de\u00a0 l\u2019Information en remplacement d\u2019Abdallah Farhat, il quitte le gouvernement le 30 d\u00e9cembre 1958.<br \/>\nDu 26 octobre 1971 au 31 octobre 1972 il est directeur du Parti socialiste destourien avant de laisser sa place \u00e0 Ferjani Bel Haj Ammar. Filali est \u00e9galement \u00e9lu \u00e0 l\u2019assembl\u00e9e constituante de 1956, comme repr\u00e9sentant de la circonscription de Kairouan-Zlass, puis \u00e0 l\u2019assembl\u00e9e nationale en 1959 et 1964. Apr\u00e8s la r\u00e9volution de 2011, il si\u00e8ge \u00e0 la Haute instance pour la r\u00e9alisation des objectifs de la r\u00e9volution, de la r\u00e9forme politique et de la transition d\u00e9mocratique.<br \/>\nAu niveau international, Filali dirigea le bureau maghr\u00e9bin de l\u2019Organisation internationale du travail bas\u00e9 en Alg\u00e9rie. Il fut \u00e9galement membre du conseil d\u2019administration du Centre d\u2019\u00e9tudes de l\u2019unit\u00e9 arabe \u00e0 Beyrouth.<br \/>\nMustapha Filali a fait quelques publications a \u00e9crit dans quelques journaux (\u0627\u0644\u0635\u0628\u0627\u062d) et revues (\u0627\u0644\u0646\u062f\u0648\u0629)-<br \/>\nJe conserve pr\u00e9cieusement, un article exhaustif sur le T.N.P (Th\u00e9\u00e2tre National Populaire) dirig\u00e9 par le grand homme de th\u00e9\u00e2tre Jean Vilar quand le T.N.L est venu en tourn\u00e9e, \u00e0 Tunis.<br \/>\nQuant aux ouvrages qu\u2019il a publi\u00e9s, citons notamment\u00a0:<\/p>\n<p> \tL\u2019Islam et le nouvel ordre \u00e9conomique international<br \/>\n \tMaghreb, l\u2019appel du futur<br \/>\n \t\u0645\u0648\u0627\u0626\u062f \u0627\u0644\u0627\u0646\u0634\u0631\u0627\u062d (Les Tables de la b\u00e9atitude)<\/p>\n<p>J\u2019ai lu ce dernier ouvrage et j\u2019ai assist\u00e9 \u00e0 sa pr\u00e9sentation par son auteur et me suis fait d\u00e9dicacer un exemplaire de l\u2019ouvrage\u00a0: une des histoires v\u00e9cues rapport\u00e9s\u00a0 par Mustapha Filali dans cet ouvrage est inoubliable.<br \/>\nEn voici le r\u00e9sum\u00e9\u00a0:<br \/>\nPeu apr\u00e8s l\u2019ind\u00e9pendance, le sud du pays fut envahi par les scorpions. Ayant un peu d\u2019argent de c\u00f4t\u00e9, le gouvernement fit appel \u00e0 la population pour faire la chasse aux scorpions dont il mit en quelque sorte la t\u00eate \u00e0 prix.<br \/>\nPour chaque scorpion captur\u00e9, on touchait une somme donn\u00e9e, cela donna d\u2019excellents r\u00e9sultats mais \u00e0 un moment donn\u00e9, l\u2019argent allou\u00e9 \u00e0 cette t\u00e2che, vint \u00e0 manquer. Le gouvernement arr\u00eata l\u2019achat des scorpions.<br \/>\nUn citoyen n\u2019ayant pas appris cette d\u00e9cision s\u2019amena \u00e0 une D\u00e9l\u00e9gation portant un gros sac rempli de scorpions. Le D\u00e9l\u00e9gu\u00e9 lui ayant appris la situation, il en fut d\u00e9pit\u00e9 mais ayant bon c\u0153ur il d\u00e9cida de donner ses scorpions gratis et vida le sac sur le bureau du D\u00e9l\u00e9gu\u00e9. Le personnel de la D\u00e9l\u00e9gation mit une journ\u00e9e enti\u00e8re \u00e0 faire la chasse aux scorpions et en d\u00e9barrasser le bureau du D\u00e9l\u00e9gu\u00e9.<br \/>\nPour terminer, nous sommes un groupe d\u2019amis qui ont fond\u00e9 un club dont le si\u00e8ge \u00e9tait la librairie du regrett\u00e9 notre ami Salah El Asli\u00a0: \u00ab\u0627\u0644\u0645\u0643\u062a\u0628\u0629 \u0627\u0644\u0639\u062a\u064a\u0642\u0629\u00a0\u00bb<br \/>\nOr, \u00e0 un moment donn\u00e9, Mustapha Filali se joignit \u00e0 nous et nous e\u00fbmes le grand plaisir de profiter de sa grande exp\u00e9rience de la vie et de sa vaste culture.<br \/>\n\u0631\u062d\u0645\u0647 \u0627\u0644\u0644\u0647 \u0648\u0623\u0633\u0643\u0646\u0647 \u0641\u0631\u0627\u062f\u064a\u0633 \u062c\u0646\u0627\u0646\u0647 \u2013 \u00a0 \u00a0 \u00a0 \u00a0 \u00a0 \u00a0 \u00a0 \u00a0 \u00a0 \u00a0 \u00a0 \u00a0<br \/>\nMoncef CHARFEDDINE<br \/>\nTunis-Hebdo du 28\/01\/2019<\/p>\n","protected":false},"excerpt":{"rendered":"<p>Mustapha Filali, une perte incommensurable<\/p>\n","protected":false},"author":3222,"featured_media":302855,"comment_status":"open","ping_status":"closed","sticky":false,"template":"","format":"standard","meta":{"footnotes":""},"categories":[7653],"tags":[2600],"class_list":["post-173330","post","type-post","status-publish","format-standard","has-post-thumbnail","hentry","category-tunis-hebdo","tag-guerre"],"yoast_head":"<!-- This site is optimized with the Yoast SEO Premium plugin v27.4 (Yoast SEO v27.4) - https:\/\/yoast.com\/product\/yoast-seo-premium-wordpress\/ -->\n<title>Mustapha Filali, une perte incommensurable<\/title>\n<meta name=\"description\" content=\"Mustapha Filali, une perte incommensurable\" \/>\n<link rel=\"canonical\" href=\"https:\/\/www.webdo.tn\/fr\/actualite\/tunis-hebdo\/mustapha-filali-une-perte-incommensurable\/173330\/\" \/>\n<meta property=\"og:locale\" content=\"fr_FR\" \/>\n<meta property=\"og:type\" content=\"article\" \/>\n<meta property=\"og:title\" content=\"Mustapha Filali, une perte incommensurable\" \/>\n<meta property=\"og:description\" content=\"Mustapha Filali, une perte incommensurable\" \/>\n<meta property=\"og:url\" content=\"https:\/\/www.webdo.tn\/fr\/actualite\/tunis-hebdo\/mustapha-filali-une-perte-incommensurable\/173330\/\" \/>\n<meta property=\"og:site_name\" content=\"webdo\" \/>\n<meta property=\"article:publisher\" content=\"https:\/\/www.facebook.com\/webdotn\" \/>\n<meta property=\"article:published_time\" content=\"2019-01-30T11:36:00+00:00\" \/>\n<meta property=\"article:modified_time\" content=\"2025-05-18T23:07:30+00:00\" \/>\n<meta property=\"og:image\" content=\"https:\/\/www.webdo.tn\/fr\/wp-content\/uploads\/2019\/01\/mustapha_fil.jpg\" \/>\n\t<meta property=\"og:image:width\" content=\"630\" \/>\n\t<meta property=\"og:image:height\" content=\"353\" \/>\n\t<meta property=\"og:image:type\" content=\"image\/jpeg\" \/>\n<meta name=\"author\" content=\"webdo.tn\" \/>\n<meta name=\"twitter:card\" content=\"summary_large_image\" \/>\n<meta name=\"twitter:creator\" content=\"@webdo_tn\" \/>\n<meta name=\"twitter:site\" content=\"@webdo_tn\" \/>\n<meta name=\"twitter:label1\" content=\"\u00c9crit par\" \/>\n\t<meta name=\"twitter:data1\" content=\"webdo.tn\" \/>\n\t<meta name=\"twitter:label2\" content=\"Dur\u00e9e de lecture estim\u00e9e\" \/>\n\t<meta name=\"twitter:data2\" content=\"7 minutes\" \/>\n<script type=\"application\/ld+json\" class=\"yoast-schema-graph\">{\"@context\":\"https:\\\/\\\/schema.org\",\"@graph\":[{\"@type\":\"NewsArticle\",\"@id\":\"https:\\\/\\\/www.webdo.tn\\\/fr\\\/actualite\\\/tunis-hebdo\\\/mustapha-filali-une-perte-incommensurable\\\/173330\\\/#article\",\"isPartOf\":{\"@id\":\"https:\\\/\\\/www.webdo.tn\\\/fr\\\/actualite\\\/tunis-hebdo\\\/mustapha-filali-une-perte-incommensurable\\\/173330\\\/\"},\"author\":{\"name\":\"webdo.tn\",\"@id\":\"https:\\\/\\\/www.webdo.tn\\\/fr\\\/#\\\/schema\\\/person\\\/9a9c6118d687c117df8ef3cc36a4d175\"},\"headline\":\"Mustapha Filali, une perte incommensurable\",\"datePublished\":\"2019-01-30T11:36:00+00:00\",\"dateModified\":\"2025-05-18T23:07:30+00:00\",\"mainEntityOfPage\":{\"@id\":\"https:\\\/\\\/www.webdo.tn\\\/fr\\\/actualite\\\/tunis-hebdo\\\/mustapha-filali-une-perte-incommensurable\\\/173330\\\/\"},\"wordCount\":1409,\"commentCount\":0,\"publisher\":{\"@id\":\"https:\\\/\\\/www.webdo.tn\\\/fr\\\/#organization\"},\"image\":{\"@id\":\"https:\\\/\\\/www.webdo.tn\\\/fr\\\/actualite\\\/tunis-hebdo\\\/mustapha-filali-une-perte-incommensurable\\\/173330\\\/#primaryimage\"},\"thumbnailUrl\":\"https:\\\/\\\/www.webdo.tn\\\/fr\\\/wp-content\\\/uploads\\\/2019\\\/01\\\/mustapha_fil.jpg\",\"keywords\":[\"guerre\"],\"articleSection\":[\"Tunis-Hebdo\"],\"inLanguage\":\"fr-FR\"},{\"@type\":\"WebPage\",\"@id\":\"https:\\\/\\\/www.webdo.tn\\\/fr\\\/actualite\\\/tunis-hebdo\\\/mustapha-filali-une-perte-incommensurable\\\/173330\\\/\",\"url\":\"https:\\\/\\\/www.webdo.tn\\\/fr\\\/actualite\\\/tunis-hebdo\\\/mustapha-filali-une-perte-incommensurable\\\/173330\\\/\",\"name\":\"Mustapha Filali, une perte incommensurable\",\"isPartOf\":{\"@id\":\"https:\\\/\\\/www.webdo.tn\\\/fr\\\/#website\"},\"primaryImageOfPage\":{\"@id\":\"https:\\\/\\\/www.webdo.tn\\\/fr\\\/actualite\\\/tunis-hebdo\\\/mustapha-filali-une-perte-incommensurable\\\/173330\\\/#primaryimage\"},\"image\":{\"@id\":\"https:\\\/\\\/www.webdo.tn\\\/fr\\\/actualite\\\/tunis-hebdo\\\/mustapha-filali-une-perte-incommensurable\\\/173330\\\/#primaryimage\"},\"thumbnailUrl\":\"https:\\\/\\\/www.webdo.tn\\\/fr\\\/wp-content\\\/uploads\\\/2019\\\/01\\\/mustapha_fil.jpg\",\"datePublished\":\"2019-01-30T11:36:00+00:00\",\"dateModified\":\"2025-05-18T23:07:30+00:00\",\"description\":\"Mustapha Filali, une perte incommensurable\",\"breadcrumb\":{\"@id\":\"https:\\\/\\\/www.webdo.tn\\\/fr\\\/actualite\\\/tunis-hebdo\\\/mustapha-filali-une-perte-incommensurable\\\/173330\\\/#breadcrumb\"},\"inLanguage\":\"fr-FR\",\"potentialAction\":[{\"@type\":\"ReadAction\",\"target\":[\"https:\\\/\\\/www.webdo.tn\\\/fr\\\/actualite\\\/tunis-hebdo\\\/mustapha-filali-une-perte-incommensurable\\\/173330\\\/\"]}]},{\"@type\":\"ImageObject\",\"inLanguage\":\"fr-FR\",\"@id\":\"https:\\\/\\\/www.webdo.tn\\\/fr\\\/actualite\\\/tunis-hebdo\\\/mustapha-filali-une-perte-incommensurable\\\/173330\\\/#primaryimage\",\"url\":\"https:\\\/\\\/www.webdo.tn\\\/fr\\\/wp-content\\\/uploads\\\/2019\\\/01\\\/mustapha_fil.jpg\",\"contentUrl\":\"https:\\\/\\\/www.webdo.tn\\\/fr\\\/wp-content\\\/uploads\\\/2019\\\/01\\\/mustapha_fil.jpg\",\"width\":630,\"height\":353,\"caption\":\"Mustapha Filali, une perte incommensurable\"},{\"@type\":\"BreadcrumbList\",\"@id\":\"https:\\\/\\\/www.webdo.tn\\\/fr\\\/actualite\\\/tunis-hebdo\\\/mustapha-filali-une-perte-incommensurable\\\/173330\\\/#breadcrumb\",\"itemListElement\":[{\"@type\":\"ListItem\",\"position\":1,\"name\":\"Accueil\",\"item\":\"https:\\\/\\\/www.webdo.tn\\\/fr\\\/\"},{\"@type\":\"ListItem\",\"position\":2,\"name\":\"Mustapha Filali, une perte incommensurable\"}]},{\"@type\":\"WebSite\",\"@id\":\"https:\\\/\\\/www.webdo.tn\\\/fr\\\/#website\",\"url\":\"https:\\\/\\\/www.webdo.tn\\\/fr\\\/\",\"name\":\"webdo\",\"description\":\"Tunisie - News en Tunisie et \u00e0 l&#039;international sur Webdo.tn\",\"publisher\":{\"@id\":\"https:\\\/\\\/www.webdo.tn\\\/fr\\\/#organization\"},\"potentialAction\":[{\"@type\":\"SearchAction\",\"target\":{\"@type\":\"EntryPoint\",\"urlTemplate\":\"https:\\\/\\\/www.webdo.tn\\\/fr\\\/?s={search_term_string}\"},\"query-input\":{\"@type\":\"PropertyValueSpecification\",\"valueRequired\":true,\"valueName\":\"search_term_string\"}}],\"inLanguage\":\"fr-FR\"},{\"@type\":\"Organization\",\"@id\":\"https:\\\/\\\/www.webdo.tn\\\/fr\\\/#organization\",\"name\":\"Webdo\",\"alternateName\":\"Webdo.tn\",\"url\":\"https:\\\/\\\/www.webdo.tn\\\/fr\\\/\",\"logo\":{\"@type\":\"ImageObject\",\"inLanguage\":\"fr-FR\",\"@id\":\"https:\\\/\\\/www.webdo.tn\\\/fr\\\/#\\\/schema\\\/logo\\\/image\\\/\",\"url\":\"https:\\\/\\\/www.webdo.tn\\\/fr\\\/wp-content\\\/uploads\\\/2025\\\/06\\\/Webdo-Tunisie_168377.jpg\",\"contentUrl\":\"https:\\\/\\\/www.webdo.tn\\\/fr\\\/wp-content\\\/uploads\\\/2025\\\/06\\\/Webdo-Tunisie_168377.jpg\",\"width\":301,\"height\":301,\"caption\":\"Webdo\"},\"image\":{\"@id\":\"https:\\\/\\\/www.webdo.tn\\\/fr\\\/#\\\/schema\\\/logo\\\/image\\\/\"},\"sameAs\":[\"https:\\\/\\\/www.facebook.com\\\/webdotn\",\"https:\\\/\\\/x.com\\\/webdo_tn\"],\"description\":\"Webdo est un m\u00e9dia num\u00e9rique tunisien fond\u00e9 en 2010, sp\u00e9cialis\u00e9 dans l\u2019actualit\u00e9 nationale et internationale, l\u2019\u00e9conomie, la soci\u00e9t\u00e9 et les analyses politiques. Le site s\u2019adresse \u00e0 un large public francophone et couvre l\u2019information tunisienne en temps r\u00e9el.\",\"email\":\"redac@webdo.tn\",\"legalName\":\"YNJ SARL\",\"foundingDate\":\"2010-09-06\",\"numberOfEmployees\":{\"@type\":\"QuantitativeValue\",\"minValue\":\"11\",\"maxValue\":\"50\"}},{\"@type\":\"Person\",\"@id\":\"https:\\\/\\\/www.webdo.tn\\\/fr\\\/#\\\/schema\\\/person\\\/9a9c6118d687c117df8ef3cc36a4d175\",\"name\":\"webdo.tn\",\"image\":{\"@type\":\"ImageObject\",\"inLanguage\":\"fr-FR\",\"@id\":\"https:\\\/\\\/secure.gravatar.com\\\/avatar\\\/7ce1f28c0c3bbac99ff550b85ef8e44a6950c6ee24514fb6a5489e51d06f0298?s=96&d=mm&r=g\",\"url\":\"https:\\\/\\\/secure.gravatar.com\\\/avatar\\\/7ce1f28c0c3bbac99ff550b85ef8e44a6950c6ee24514fb6a5489e51d06f0298?s=96&d=mm&r=g\",\"contentUrl\":\"https:\\\/\\\/secure.gravatar.com\\\/avatar\\\/7ce1f28c0c3bbac99ff550b85ef8e44a6950c6ee24514fb6a5489e51d06f0298?s=96&d=mm&r=g\",\"caption\":\"webdo.tn\"},\"url\":\"https:\\\/\\\/www.webdo.tn\\\/fr\\\/actualite\\\/author\\\/webdotn\\\/\"}]}<\/script>\n<!-- \/ Yoast SEO Premium plugin. -->","yoast_head_json":{"title":"Mustapha Filali, une perte incommensurable","description":"Mustapha Filali, une perte incommensurable","canonical":"https:\/\/www.webdo.tn\/fr\/actualite\/tunis-hebdo\/mustapha-filali-une-perte-incommensurable\/173330\/","og_locale":"fr_FR","og_type":"article","og_title":"Mustapha Filali, une perte incommensurable","og_description":"Mustapha Filali, une perte incommensurable","og_url":"https:\/\/www.webdo.tn\/fr\/actualite\/tunis-hebdo\/mustapha-filali-une-perte-incommensurable\/173330\/","og_site_name":"webdo","article_publisher":"https:\/\/www.facebook.com\/webdotn","article_published_time":"2019-01-30T11:36:00+00:00","article_modified_time":"2025-05-18T23:07:30+00:00","og_image":[{"width":630,"height":353,"url":"https:\/\/www.webdo.tn\/fr\/wp-content\/uploads\/2019\/01\/mustapha_fil.jpg","type":"image\/jpeg"}],"author":"webdo.tn","twitter_card":"summary_large_image","twitter_creator":"@webdo_tn","twitter_site":"@webdo_tn","twitter_misc":{"\u00c9crit par":"webdo.tn","Dur\u00e9e de lecture estim\u00e9e":"7 minutes"},"schema":{"@context":"https:\/\/schema.org","@graph":[{"@type":"NewsArticle","@id":"https:\/\/www.webdo.tn\/fr\/actualite\/tunis-hebdo\/mustapha-filali-une-perte-incommensurable\/173330\/#article","isPartOf":{"@id":"https:\/\/www.webdo.tn\/fr\/actualite\/tunis-hebdo\/mustapha-filali-une-perte-incommensurable\/173330\/"},"author":{"name":"webdo.tn","@id":"https:\/\/www.webdo.tn\/fr\/#\/schema\/person\/9a9c6118d687c117df8ef3cc36a4d175"},"headline":"Mustapha Filali, une perte incommensurable","datePublished":"2019-01-30T11:36:00+00:00","dateModified":"2025-05-18T23:07:30+00:00","mainEntityOfPage":{"@id":"https:\/\/www.webdo.tn\/fr\/actualite\/tunis-hebdo\/mustapha-filali-une-perte-incommensurable\/173330\/"},"wordCount":1409,"commentCount":0,"publisher":{"@id":"https:\/\/www.webdo.tn\/fr\/#organization"},"image":{"@id":"https:\/\/www.webdo.tn\/fr\/actualite\/tunis-hebdo\/mustapha-filali-une-perte-incommensurable\/173330\/#primaryimage"},"thumbnailUrl":"https:\/\/www.webdo.tn\/fr\/wp-content\/uploads\/2019\/01\/mustapha_fil.jpg","keywords":["guerre"],"articleSection":["Tunis-Hebdo"],"inLanguage":"fr-FR"},{"@type":"WebPage","@id":"https:\/\/www.webdo.tn\/fr\/actualite\/tunis-hebdo\/mustapha-filali-une-perte-incommensurable\/173330\/","url":"https:\/\/www.webdo.tn\/fr\/actualite\/tunis-hebdo\/mustapha-filali-une-perte-incommensurable\/173330\/","name":"Mustapha Filali, une perte incommensurable","isPartOf":{"@id":"https:\/\/www.webdo.tn\/fr\/#website"},"primaryImageOfPage":{"@id":"https:\/\/www.webdo.tn\/fr\/actualite\/tunis-hebdo\/mustapha-filali-une-perte-incommensurable\/173330\/#primaryimage"},"image":{"@id":"https:\/\/www.webdo.tn\/fr\/actualite\/tunis-hebdo\/mustapha-filali-une-perte-incommensurable\/173330\/#primaryimage"},"thumbnailUrl":"https:\/\/www.webdo.tn\/fr\/wp-content\/uploads\/2019\/01\/mustapha_fil.jpg","datePublished":"2019-01-30T11:36:00+00:00","dateModified":"2025-05-18T23:07:30+00:00","description":"Mustapha Filali, une perte incommensurable","breadcrumb":{"@id":"https:\/\/www.webdo.tn\/fr\/actualite\/tunis-hebdo\/mustapha-filali-une-perte-incommensurable\/173330\/#breadcrumb"},"inLanguage":"fr-FR","potentialAction":[{"@type":"ReadAction","target":["https:\/\/www.webdo.tn\/fr\/actualite\/tunis-hebdo\/mustapha-filali-une-perte-incommensurable\/173330\/"]}]},{"@type":"ImageObject","inLanguage":"fr-FR","@id":"https:\/\/www.webdo.tn\/fr\/actualite\/tunis-hebdo\/mustapha-filali-une-perte-incommensurable\/173330\/#primaryimage","url":"https:\/\/www.webdo.tn\/fr\/wp-content\/uploads\/2019\/01\/mustapha_fil.jpg","contentUrl":"https:\/\/www.webdo.tn\/fr\/wp-content\/uploads\/2019\/01\/mustapha_fil.jpg","width":630,"height":353,"caption":"Mustapha Filali, une perte incommensurable"},{"@type":"BreadcrumbList","@id":"https:\/\/www.webdo.tn\/fr\/actualite\/tunis-hebdo\/mustapha-filali-une-perte-incommensurable\/173330\/#breadcrumb","itemListElement":[{"@type":"ListItem","position":1,"name":"Accueil","item":"https:\/\/www.webdo.tn\/fr\/"},{"@type":"ListItem","position":2,"name":"Mustapha Filali, une perte incommensurable"}]},{"@type":"WebSite","@id":"https:\/\/www.webdo.tn\/fr\/#website","url":"https:\/\/www.webdo.tn\/fr\/","name":"webdo","description":"Tunisie - News en Tunisie et \u00e0 l&#039;international sur Webdo.tn","publisher":{"@id":"https:\/\/www.webdo.tn\/fr\/#organization"},"potentialAction":[{"@type":"SearchAction","target":{"@type":"EntryPoint","urlTemplate":"https:\/\/www.webdo.tn\/fr\/?s={search_term_string}"},"query-input":{"@type":"PropertyValueSpecification","valueRequired":true,"valueName":"search_term_string"}}],"inLanguage":"fr-FR"},{"@type":"Organization","@id":"https:\/\/www.webdo.tn\/fr\/#organization","name":"Webdo","alternateName":"Webdo.tn","url":"https:\/\/www.webdo.tn\/fr\/","logo":{"@type":"ImageObject","inLanguage":"fr-FR","@id":"https:\/\/www.webdo.tn\/fr\/#\/schema\/logo\/image\/","url":"https:\/\/www.webdo.tn\/fr\/wp-content\/uploads\/2025\/06\/Webdo-Tunisie_168377.jpg","contentUrl":"https:\/\/www.webdo.tn\/fr\/wp-content\/uploads\/2025\/06\/Webdo-Tunisie_168377.jpg","width":301,"height":301,"caption":"Webdo"},"image":{"@id":"https:\/\/www.webdo.tn\/fr\/#\/schema\/logo\/image\/"},"sameAs":["https:\/\/www.facebook.com\/webdotn","https:\/\/x.com\/webdo_tn"],"description":"Webdo est un m\u00e9dia num\u00e9rique tunisien fond\u00e9 en 2010, sp\u00e9cialis\u00e9 dans l\u2019actualit\u00e9 nationale et internationale, l\u2019\u00e9conomie, la soci\u00e9t\u00e9 et les analyses politiques. Le site s\u2019adresse \u00e0 un large public francophone et couvre l\u2019information tunisienne en temps r\u00e9el.","email":"redac@webdo.tn","legalName":"YNJ SARL","foundingDate":"2010-09-06","numberOfEmployees":{"@type":"QuantitativeValue","minValue":"11","maxValue":"50"}},{"@type":"Person","@id":"https:\/\/www.webdo.tn\/fr\/#\/schema\/person\/9a9c6118d687c117df8ef3cc36a4d175","name":"webdo.tn","image":{"@type":"ImageObject","inLanguage":"fr-FR","@id":"https:\/\/secure.gravatar.com\/avatar\/7ce1f28c0c3bbac99ff550b85ef8e44a6950c6ee24514fb6a5489e51d06f0298?s=96&d=mm&r=g","url":"https:\/\/secure.gravatar.com\/avatar\/7ce1f28c0c3bbac99ff550b85ef8e44a6950c6ee24514fb6a5489e51d06f0298?s=96&d=mm&r=g","contentUrl":"https:\/\/secure.gravatar.com\/avatar\/7ce1f28c0c3bbac99ff550b85ef8e44a6950c6ee24514fb6a5489e51d06f0298?s=96&d=mm&r=g","caption":"webdo.tn"},"url":"https:\/\/www.webdo.tn\/fr\/actualite\/author\/webdotn\/"}]}},"_links":{"self":[{"href":"https:\/\/www.webdo.tn\/fr\/wp-json\/wp\/v2\/posts\/173330","targetHints":{"allow":["GET"]}}],"collection":[{"href":"https:\/\/www.webdo.tn\/fr\/wp-json\/wp\/v2\/posts"}],"about":[{"href":"https:\/\/www.webdo.tn\/fr\/wp-json\/wp\/v2\/types\/post"}],"author":[{"embeddable":true,"href":"https:\/\/www.webdo.tn\/fr\/wp-json\/wp\/v2\/users\/3222"}],"replies":[{"embeddable":true,"href":"https:\/\/www.webdo.tn\/fr\/wp-json\/wp\/v2\/comments?post=173330"}],"version-history":[{"count":0,"href":"https:\/\/www.webdo.tn\/fr\/wp-json\/wp\/v2\/posts\/173330\/revisions"}],"wp:featuredmedia":[{"embeddable":true,"href":"https:\/\/www.webdo.tn\/fr\/wp-json\/wp\/v2\/media\/302855"}],"wp:attachment":[{"href":"https:\/\/www.webdo.tn\/fr\/wp-json\/wp\/v2\/media?parent=173330"}],"wp:term":[{"taxonomy":"category","embeddable":true,"href":"https:\/\/www.webdo.tn\/fr\/wp-json\/wp\/v2\/categories?post=173330"},{"taxonomy":"post_tag","embeddable":true,"href":"https:\/\/www.webdo.tn\/fr\/wp-json\/wp\/v2\/tags?post=173330"}],"curies":[{"name":"wp","href":"https:\/\/api.w.org\/{rel}","templated":true}]}}