{"id":173329,"date":"2019-01-30T11:49:00","date_gmt":"2019-01-30T11:49:00","guid":{"rendered":"https:\/\/www.webdo.tn\/fr\/blog\/a-lecole-du-crime\/173329\/"},"modified":"2025-05-18T23:07:30","modified_gmt":"2025-05-18T23:07:30","slug":"a-lecole-du-crime","status":"publish","type":"post","link":"https:\/\/www.webdo.tn\/fr\/actualite\/tunis-hebdo\/a-lecole-du-crime\/173329\/","title":{"rendered":"\u00c0 l\u2019\u00e9cole du crime\u00a0!"},"content":{"rendered":"<p>L\u2019expansion urbaine dans des pays sous-d\u00e9velopp\u00e9s tels que le n\u00f4tre a \u00e9t\u00e9 exclusivement d\u00e9l\u00e9gu\u00e9e \u2013et depuis l\u2019Ind\u00e9pendance\u2013 au libre-arbitre de nos concitoyens qui ont fait de nos cit\u00e9s d\u2019horribles d\u00e9dales de b\u00e9ton, particuli\u00e8rement \u00e9c\u0153urants.<\/p>\n<p>Am\u00e9nagement urbain et urbanisation n\u2019ont pratiquement aucun sens chez nous. Les villes se sont \u00e9tendues \u00e0 l\u2019horizontale, et dans le plus grand chaos, au gr\u00e9 des migrations des populations qui, d\u2019ann\u00e9e en ann\u00e9e, se font plus fr\u00e9n\u00e9tiques atteignant des niveaux intol\u00e9rables, depuis le fameux 14 Janvier.<\/p>\n<p>Une ville qui s\u2019\u00e9tend \u00e0 l\u2019infini sans la moindre planification des autorit\u00e9s comp\u00e9tentes, ni capacit\u00e9 r\u00e9elle, de leur part, \u00e0 suivre le rythme est une ville condamn\u00e9e \u00e0 l\u2019ins\u00e9curit\u00e9 la plus totale, \u00e0 la d\u00e9linquance, au crime et au trafic sous toutes ses formes.<\/p>\n<p>Et mis \u00e0 part que l\u2019Etat, dans nos contr\u00e9es, a rendu l\u2019\u00e2me depuis un certain nombre d\u2019ann\u00e9es, les gouvernants n\u2019ont pas la moindre graine d\u2019autorit\u00e9 sur le plus servile des bip\u00e8des de ce pays. Cons\u00e9quence\u00a0: tout leur \u00e9chappe, quasiment tout\u00a0!<\/p>\n<p>Une police carr\u00e9ment d\u00e9bord\u00e9e incapable de faire r\u00e9gner l\u2019ordre et garantir la s\u00e9curit\u00e9 des citoyens, sans compter que l\u2019indiff\u00e9rence, le moindre effort et la mauvaise volont\u00e9, mettent encore plus les gens face au p\u00e9ril de la criminalit\u00e9, laquelle se d\u00e9veloppe \u00e0 une cadence vertigineuse.<\/p>\n<p>Cela dit, cette expansion urbaine d\u00e9mentielle conjugu\u00e9e avec toutes sortes de d\u00e9passements et d\u2019anarchie, a donn\u00e9 plus d\u2019envergure \u00e0 la d\u00e9linquance infantile, autrefois consid\u00e9r\u00e9e comme un ph\u00e9nom\u00e8ne rare, quasi-marginalis\u00e9.<\/p>\n<p>Aujourd\u2019hui, ils sont des centaines, et peut-\u00eatre des milliers d\u2019enfants, \u00e0 errer dans nos rues. Les uns sont sans famille et sans-abri, les autres sont quotidiennement crach\u00e9s par leurs quartiers mis\u00e9reux des ceintures urbaines les plus \u00e9loign\u00e9es, pour se fondre dans la foule des citadins et s\u2019adonner \u00e0 des larcins, voire des d\u00e9lits.<\/p>\n<p>A Tunis, \u00e0 Sousse ou \u00e0 Sfax, ces gamins qui ne connaissent ni les bancs de l\u2019\u00e9cole ni la chaleur du foyer, sont \u00e0 chaque carrefour, \u00e0 tous les croisements, ils font le manche aux feux de signalisation, importunent les automobilistes et les harc\u00e8lent jusqu\u2019\u00e0 ce qu\u2019ils leur l\u00e2chent une pi\u00e8ce b\u00e9nite. Ces qu\u00e9mandages sont un premier palier qui va les mener loin dans l\u2019univers de la d\u00e9linquance.<\/p>\n<p>Sachez que pour 2017 et 2018, 7977 d\u00e9lits et 343 crimes ont \u00e9t\u00e9 commis par des grosses de moins de quinze ans. Cela veut dire que ces m\u00eames gamins ont \u00e9t\u00e9 enferm\u00e9s dans des centres de correction.<\/p>\n<p>Ces enfants grandiront dans un univers carc\u00e9ral et quoi qu\u2019on fasse, quoi qu\u2019on dise, la majorit\u00e9 \u00e9crasante d\u2019entre-eux iront grossir les rangs des criminels de haut rang. Ils vont rejoindre les contingents de cambrioleurs, de braqueurs et de criminels.<\/p>\n<p>Si l\u2019\u00e9cole a failli \u00e0 sa mission et que l\u2019enseignement en Tunisie n\u2019est qu\u2019un vague squelette de ce qu\u2019il l\u2019\u00e9tait dans les ann\u00e9es 60 et 70, si les gouvernants ne bougent m\u00eame pas le petit doigt pour endiguer ce fl\u00e9au, c\u2019est que nous allons aux devants de graves ennuis.<br \/>\nImed Ben Hamida<br \/>\nTunis-Hebdo du 28\/01\/2019<\/p>\n","protected":false},"excerpt":{"rendered":"<p>\u00c0 l\u2019\u00e9cole du crime\u00a0!<\/p>\n","protected":false},"author":3222,"featured_media":296366,"comment_status":"open","ping_status":"closed","sticky":false,"template":"","format":"standard","meta":{"footnotes":""},"categories":[7653],"tags":[2600],"class_list":["post-173329","post","type-post","status-publish","format-standard","has-post-thumbnail","hentry","category-tunis-hebdo","tag-guerre"],"yoast_head":"<!-- This site is optimized with the Yoast SEO Premium plugin v27.4 (Yoast SEO v27.4) - https:\/\/yoast.com\/product\/yoast-seo-premium-wordpress\/ -->\n<title>\u00c0 l\u2019\u00e9cole du crime\u00a0!<\/title>\n<meta name=\"description\" content=\"\u00c0 l\u2019\u00e9cole du crime\u00a0!\" \/>\n<link rel=\"canonical\" href=\"https:\/\/www.webdo.tn\/fr\/actualite\/tunis-hebdo\/a-lecole-du-crime\/173329\/\" \/>\n<meta property=\"og:locale\" content=\"fr_FR\" \/>\n<meta property=\"og:type\" content=\"article\" \/>\n<meta property=\"og:title\" content=\"\u00c0 l\u2019\u00e9cole du crime\u00a0!\" \/>\n<meta property=\"og:description\" content=\"\u00c0 l\u2019\u00e9cole du crime\u00a0!\" \/>\n<meta property=\"og:url\" content=\"https:\/\/www.webdo.tn\/fr\/actualite\/tunis-hebdo\/a-lecole-du-crime\/173329\/\" \/>\n<meta property=\"og:site_name\" content=\"webdo\" \/>\n<meta property=\"article:publisher\" content=\"https:\/\/www.facebook.com\/webdotn\" \/>\n<meta property=\"article:published_time\" content=\"2019-01-30T11:49:00+00:00\" \/>\n<meta property=\"article:modified_time\" content=\"2025-05-18T23:07:30+00:00\" \/>\n<meta property=\"og:image\" content=\"https:\/\/www.webdo.tn\/fr\/wp-content\/uploads\/2019\/01\/benhamida1-28-1-2019-1024x684-1.jpg\" \/>\n\t<meta property=\"og:image:width\" content=\"1024\" \/>\n\t<meta property=\"og:image:height\" content=\"684\" \/>\n\t<meta property=\"og:image:type\" content=\"image\/jpeg\" \/>\n<meta name=\"author\" content=\"webdo.tn\" \/>\n<meta name=\"twitter:card\" content=\"summary_large_image\" \/>\n<meta name=\"twitter:creator\" content=\"@webdo_tn\" \/>\n<meta name=\"twitter:site\" content=\"@webdo_tn\" \/>\n<meta name=\"twitter:label1\" content=\"\u00c9crit par\" \/>\n\t<meta name=\"twitter:data1\" content=\"webdo.tn\" \/>\n\t<meta name=\"twitter:label2\" content=\"Dur\u00e9e de lecture estim\u00e9e\" \/>\n\t<meta name=\"twitter:data2\" content=\"3 minutes\" \/>\n<script type=\"application\/ld+json\" class=\"yoast-schema-graph\">{\"@context\":\"https:\\\/\\\/schema.org\",\"@graph\":[{\"@type\":\"NewsArticle\",\"@id\":\"https:\\\/\\\/www.webdo.tn\\\/fr\\\/actualite\\\/tunis-hebdo\\\/a-lecole-du-crime\\\/173329\\\/#article\",\"isPartOf\":{\"@id\":\"https:\\\/\\\/www.webdo.tn\\\/fr\\\/actualite\\\/tunis-hebdo\\\/a-lecole-du-crime\\\/173329\\\/\"},\"author\":{\"name\":\"webdo.tn\",\"@id\":\"https:\\\/\\\/www.webdo.tn\\\/fr\\\/#\\\/schema\\\/person\\\/9a9c6118d687c117df8ef3cc36a4d175\"},\"headline\":\"\u00c0 l\u2019\u00e9cole du crime\u00a0!\",\"datePublished\":\"2019-01-30T11:49:00+00:00\",\"dateModified\":\"2025-05-18T23:07:30+00:00\",\"mainEntityOfPage\":{\"@id\":\"https:\\\/\\\/www.webdo.tn\\\/fr\\\/actualite\\\/tunis-hebdo\\\/a-lecole-du-crime\\\/173329\\\/\"},\"wordCount\":566,\"commentCount\":0,\"publisher\":{\"@id\":\"https:\\\/\\\/www.webdo.tn\\\/fr\\\/#organization\"},\"image\":{\"@id\":\"https:\\\/\\\/www.webdo.tn\\\/fr\\\/actualite\\\/tunis-hebdo\\\/a-lecole-du-crime\\\/173329\\\/#primaryimage\"},\"thumbnailUrl\":\"https:\\\/\\\/www.webdo.tn\\\/fr\\\/wp-content\\\/uploads\\\/2019\\\/01\\\/benhamida1-28-1-2019-1024x684-1.jpg\",\"keywords\":[\"guerre\"],\"articleSection\":[\"Tunis-Hebdo\"],\"inLanguage\":\"fr-FR\"},{\"@type\":\"WebPage\",\"@id\":\"https:\\\/\\\/www.webdo.tn\\\/fr\\\/actualite\\\/tunis-hebdo\\\/a-lecole-du-crime\\\/173329\\\/\",\"url\":\"https:\\\/\\\/www.webdo.tn\\\/fr\\\/actualite\\\/tunis-hebdo\\\/a-lecole-du-crime\\\/173329\\\/\",\"name\":\"\u00c0 l\u2019\u00e9cole du crime\u00a0!\",\"isPartOf\":{\"@id\":\"https:\\\/\\\/www.webdo.tn\\\/fr\\\/#website\"},\"primaryImageOfPage\":{\"@id\":\"https:\\\/\\\/www.webdo.tn\\\/fr\\\/actualite\\\/tunis-hebdo\\\/a-lecole-du-crime\\\/173329\\\/#primaryimage\"},\"image\":{\"@id\":\"https:\\\/\\\/www.webdo.tn\\\/fr\\\/actualite\\\/tunis-hebdo\\\/a-lecole-du-crime\\\/173329\\\/#primaryimage\"},\"thumbnailUrl\":\"https:\\\/\\\/www.webdo.tn\\\/fr\\\/wp-content\\\/uploads\\\/2019\\\/01\\\/benhamida1-28-1-2019-1024x684-1.jpg\",\"datePublished\":\"2019-01-30T11:49:00+00:00\",\"dateModified\":\"2025-05-18T23:07:30+00:00\",\"description\":\"\u00c0 l\u2019\u00e9cole du crime\u00a0!\",\"breadcrumb\":{\"@id\":\"https:\\\/\\\/www.webdo.tn\\\/fr\\\/actualite\\\/tunis-hebdo\\\/a-lecole-du-crime\\\/173329\\\/#breadcrumb\"},\"inLanguage\":\"fr-FR\",\"potentialAction\":[{\"@type\":\"ReadAction\",\"target\":[\"https:\\\/\\\/www.webdo.tn\\\/fr\\\/actualite\\\/tunis-hebdo\\\/a-lecole-du-crime\\\/173329\\\/\"]}]},{\"@type\":\"ImageObject\",\"inLanguage\":\"fr-FR\",\"@id\":\"https:\\\/\\\/www.webdo.tn\\\/fr\\\/actualite\\\/tunis-hebdo\\\/a-lecole-du-crime\\\/173329\\\/#primaryimage\",\"url\":\"https:\\\/\\\/www.webdo.tn\\\/fr\\\/wp-content\\\/uploads\\\/2019\\\/01\\\/benhamida1-28-1-2019-1024x684-1.jpg\",\"contentUrl\":\"https:\\\/\\\/www.webdo.tn\\\/fr\\\/wp-content\\\/uploads\\\/2019\\\/01\\\/benhamida1-28-1-2019-1024x684-1.jpg\",\"width\":1024,\"height\":684,\"caption\":\"\u00c0 l\u2019\u00e9cole du crime\u00a0!\"},{\"@type\":\"BreadcrumbList\",\"@id\":\"https:\\\/\\\/www.webdo.tn\\\/fr\\\/actualite\\\/tunis-hebdo\\\/a-lecole-du-crime\\\/173329\\\/#breadcrumb\",\"itemListElement\":[{\"@type\":\"ListItem\",\"position\":1,\"name\":\"Accueil\",\"item\":\"https:\\\/\\\/www.webdo.tn\\\/fr\\\/\"},{\"@type\":\"ListItem\",\"position\":2,\"name\":\"\u00c0 l\u2019\u00e9cole du crime\u00a0!\"}]},{\"@type\":\"WebSite\",\"@id\":\"https:\\\/\\\/www.webdo.tn\\\/fr\\\/#website\",\"url\":\"https:\\\/\\\/www.webdo.tn\\\/fr\\\/\",\"name\":\"webdo\",\"description\":\"Tunisie - News en Tunisie et \u00e0 l&#039;international sur Webdo.tn\",\"publisher\":{\"@id\":\"https:\\\/\\\/www.webdo.tn\\\/fr\\\/#organization\"},\"potentialAction\":[{\"@type\":\"SearchAction\",\"target\":{\"@type\":\"EntryPoint\",\"urlTemplate\":\"https:\\\/\\\/www.webdo.tn\\\/fr\\\/?s={search_term_string}\"},\"query-input\":{\"@type\":\"PropertyValueSpecification\",\"valueRequired\":true,\"valueName\":\"search_term_string\"}}],\"inLanguage\":\"fr-FR\"},{\"@type\":\"Organization\",\"@id\":\"https:\\\/\\\/www.webdo.tn\\\/fr\\\/#organization\",\"name\":\"Webdo\",\"alternateName\":\"Webdo.tn\",\"url\":\"https:\\\/\\\/www.webdo.tn\\\/fr\\\/\",\"logo\":{\"@type\":\"ImageObject\",\"inLanguage\":\"fr-FR\",\"@id\":\"https:\\\/\\\/www.webdo.tn\\\/fr\\\/#\\\/schema\\\/logo\\\/image\\\/\",\"url\":\"https:\\\/\\\/www.webdo.tn\\\/fr\\\/wp-content\\\/uploads\\\/2025\\\/06\\\/Webdo-Tunisie_168377.jpg\",\"contentUrl\":\"https:\\\/\\\/www.webdo.tn\\\/fr\\\/wp-content\\\/uploads\\\/2025\\\/06\\\/Webdo-Tunisie_168377.jpg\",\"width\":301,\"height\":301,\"caption\":\"Webdo\"},\"image\":{\"@id\":\"https:\\\/\\\/www.webdo.tn\\\/fr\\\/#\\\/schema\\\/logo\\\/image\\\/\"},\"sameAs\":[\"https:\\\/\\\/www.facebook.com\\\/webdotn\",\"https:\\\/\\\/x.com\\\/webdo_tn\"],\"description\":\"Webdo est un m\u00e9dia num\u00e9rique tunisien fond\u00e9 en 2010, sp\u00e9cialis\u00e9 dans l\u2019actualit\u00e9 nationale et internationale, l\u2019\u00e9conomie, la soci\u00e9t\u00e9 et les analyses politiques. Le site s\u2019adresse \u00e0 un large public francophone et couvre l\u2019information tunisienne en temps r\u00e9el.\",\"email\":\"redac@webdo.tn\",\"legalName\":\"YNJ SARL\",\"foundingDate\":\"2010-09-06\",\"numberOfEmployees\":{\"@type\":\"QuantitativeValue\",\"minValue\":\"11\",\"maxValue\":\"50\"}},{\"@type\":\"Person\",\"@id\":\"https:\\\/\\\/www.webdo.tn\\\/fr\\\/#\\\/schema\\\/person\\\/9a9c6118d687c117df8ef3cc36a4d175\",\"name\":\"webdo.tn\",\"image\":{\"@type\":\"ImageObject\",\"inLanguage\":\"fr-FR\",\"@id\":\"https:\\\/\\\/secure.gravatar.com\\\/avatar\\\/7ce1f28c0c3bbac99ff550b85ef8e44a6950c6ee24514fb6a5489e51d06f0298?s=96&d=mm&r=g\",\"url\":\"https:\\\/\\\/secure.gravatar.com\\\/avatar\\\/7ce1f28c0c3bbac99ff550b85ef8e44a6950c6ee24514fb6a5489e51d06f0298?s=96&d=mm&r=g\",\"contentUrl\":\"https:\\\/\\\/secure.gravatar.com\\\/avatar\\\/7ce1f28c0c3bbac99ff550b85ef8e44a6950c6ee24514fb6a5489e51d06f0298?s=96&d=mm&r=g\",\"caption\":\"webdo.tn\"},\"url\":\"https:\\\/\\\/www.webdo.tn\\\/fr\\\/actualite\\\/author\\\/webdotn\\\/\"}]}<\/script>\n<!-- \/ Yoast SEO Premium plugin. -->","yoast_head_json":{"title":"\u00c0 l\u2019\u00e9cole du crime\u00a0!","description":"\u00c0 l\u2019\u00e9cole du crime\u00a0!","canonical":"https:\/\/www.webdo.tn\/fr\/actualite\/tunis-hebdo\/a-lecole-du-crime\/173329\/","og_locale":"fr_FR","og_type":"article","og_title":"\u00c0 l\u2019\u00e9cole du crime\u00a0!","og_description":"\u00c0 l\u2019\u00e9cole du crime\u00a0!","og_url":"https:\/\/www.webdo.tn\/fr\/actualite\/tunis-hebdo\/a-lecole-du-crime\/173329\/","og_site_name":"webdo","article_publisher":"https:\/\/www.facebook.com\/webdotn","article_published_time":"2019-01-30T11:49:00+00:00","article_modified_time":"2025-05-18T23:07:30+00:00","og_image":[{"width":1024,"height":684,"url":"https:\/\/www.webdo.tn\/fr\/wp-content\/uploads\/2019\/01\/benhamida1-28-1-2019-1024x684-1.jpg","type":"image\/jpeg"}],"author":"webdo.tn","twitter_card":"summary_large_image","twitter_creator":"@webdo_tn","twitter_site":"@webdo_tn","twitter_misc":{"\u00c9crit par":"webdo.tn","Dur\u00e9e de lecture estim\u00e9e":"3 minutes"},"schema":{"@context":"https:\/\/schema.org","@graph":[{"@type":"NewsArticle","@id":"https:\/\/www.webdo.tn\/fr\/actualite\/tunis-hebdo\/a-lecole-du-crime\/173329\/#article","isPartOf":{"@id":"https:\/\/www.webdo.tn\/fr\/actualite\/tunis-hebdo\/a-lecole-du-crime\/173329\/"},"author":{"name":"webdo.tn","@id":"https:\/\/www.webdo.tn\/fr\/#\/schema\/person\/9a9c6118d687c117df8ef3cc36a4d175"},"headline":"\u00c0 l\u2019\u00e9cole du crime\u00a0!","datePublished":"2019-01-30T11:49:00+00:00","dateModified":"2025-05-18T23:07:30+00:00","mainEntityOfPage":{"@id":"https:\/\/www.webdo.tn\/fr\/actualite\/tunis-hebdo\/a-lecole-du-crime\/173329\/"},"wordCount":566,"commentCount":0,"publisher":{"@id":"https:\/\/www.webdo.tn\/fr\/#organization"},"image":{"@id":"https:\/\/www.webdo.tn\/fr\/actualite\/tunis-hebdo\/a-lecole-du-crime\/173329\/#primaryimage"},"thumbnailUrl":"https:\/\/www.webdo.tn\/fr\/wp-content\/uploads\/2019\/01\/benhamida1-28-1-2019-1024x684-1.jpg","keywords":["guerre"],"articleSection":["Tunis-Hebdo"],"inLanguage":"fr-FR"},{"@type":"WebPage","@id":"https:\/\/www.webdo.tn\/fr\/actualite\/tunis-hebdo\/a-lecole-du-crime\/173329\/","url":"https:\/\/www.webdo.tn\/fr\/actualite\/tunis-hebdo\/a-lecole-du-crime\/173329\/","name":"\u00c0 l\u2019\u00e9cole du crime\u00a0!","isPartOf":{"@id":"https:\/\/www.webdo.tn\/fr\/#website"},"primaryImageOfPage":{"@id":"https:\/\/www.webdo.tn\/fr\/actualite\/tunis-hebdo\/a-lecole-du-crime\/173329\/#primaryimage"},"image":{"@id":"https:\/\/www.webdo.tn\/fr\/actualite\/tunis-hebdo\/a-lecole-du-crime\/173329\/#primaryimage"},"thumbnailUrl":"https:\/\/www.webdo.tn\/fr\/wp-content\/uploads\/2019\/01\/benhamida1-28-1-2019-1024x684-1.jpg","datePublished":"2019-01-30T11:49:00+00:00","dateModified":"2025-05-18T23:07:30+00:00","description":"\u00c0 l\u2019\u00e9cole du crime\u00a0!","breadcrumb":{"@id":"https:\/\/www.webdo.tn\/fr\/actualite\/tunis-hebdo\/a-lecole-du-crime\/173329\/#breadcrumb"},"inLanguage":"fr-FR","potentialAction":[{"@type":"ReadAction","target":["https:\/\/www.webdo.tn\/fr\/actualite\/tunis-hebdo\/a-lecole-du-crime\/173329\/"]}]},{"@type":"ImageObject","inLanguage":"fr-FR","@id":"https:\/\/www.webdo.tn\/fr\/actualite\/tunis-hebdo\/a-lecole-du-crime\/173329\/#primaryimage","url":"https:\/\/www.webdo.tn\/fr\/wp-content\/uploads\/2019\/01\/benhamida1-28-1-2019-1024x684-1.jpg","contentUrl":"https:\/\/www.webdo.tn\/fr\/wp-content\/uploads\/2019\/01\/benhamida1-28-1-2019-1024x684-1.jpg","width":1024,"height":684,"caption":"\u00c0 l\u2019\u00e9cole du crime\u00a0!"},{"@type":"BreadcrumbList","@id":"https:\/\/www.webdo.tn\/fr\/actualite\/tunis-hebdo\/a-lecole-du-crime\/173329\/#breadcrumb","itemListElement":[{"@type":"ListItem","position":1,"name":"Accueil","item":"https:\/\/www.webdo.tn\/fr\/"},{"@type":"ListItem","position":2,"name":"\u00c0 l\u2019\u00e9cole du crime\u00a0!"}]},{"@type":"WebSite","@id":"https:\/\/www.webdo.tn\/fr\/#website","url":"https:\/\/www.webdo.tn\/fr\/","name":"webdo","description":"Tunisie - News en Tunisie et \u00e0 l&#039;international sur Webdo.tn","publisher":{"@id":"https:\/\/www.webdo.tn\/fr\/#organization"},"potentialAction":[{"@type":"SearchAction","target":{"@type":"EntryPoint","urlTemplate":"https:\/\/www.webdo.tn\/fr\/?s={search_term_string}"},"query-input":{"@type":"PropertyValueSpecification","valueRequired":true,"valueName":"search_term_string"}}],"inLanguage":"fr-FR"},{"@type":"Organization","@id":"https:\/\/www.webdo.tn\/fr\/#organization","name":"Webdo","alternateName":"Webdo.tn","url":"https:\/\/www.webdo.tn\/fr\/","logo":{"@type":"ImageObject","inLanguage":"fr-FR","@id":"https:\/\/www.webdo.tn\/fr\/#\/schema\/logo\/image\/","url":"https:\/\/www.webdo.tn\/fr\/wp-content\/uploads\/2025\/06\/Webdo-Tunisie_168377.jpg","contentUrl":"https:\/\/www.webdo.tn\/fr\/wp-content\/uploads\/2025\/06\/Webdo-Tunisie_168377.jpg","width":301,"height":301,"caption":"Webdo"},"image":{"@id":"https:\/\/www.webdo.tn\/fr\/#\/schema\/logo\/image\/"},"sameAs":["https:\/\/www.facebook.com\/webdotn","https:\/\/x.com\/webdo_tn"],"description":"Webdo est un m\u00e9dia num\u00e9rique tunisien fond\u00e9 en 2010, sp\u00e9cialis\u00e9 dans l\u2019actualit\u00e9 nationale et internationale, l\u2019\u00e9conomie, la soci\u00e9t\u00e9 et les analyses politiques. Le site s\u2019adresse \u00e0 un large public francophone et couvre l\u2019information tunisienne en temps r\u00e9el.","email":"redac@webdo.tn","legalName":"YNJ SARL","foundingDate":"2010-09-06","numberOfEmployees":{"@type":"QuantitativeValue","minValue":"11","maxValue":"50"}},{"@type":"Person","@id":"https:\/\/www.webdo.tn\/fr\/#\/schema\/person\/9a9c6118d687c117df8ef3cc36a4d175","name":"webdo.tn","image":{"@type":"ImageObject","inLanguage":"fr-FR","@id":"https:\/\/secure.gravatar.com\/avatar\/7ce1f28c0c3bbac99ff550b85ef8e44a6950c6ee24514fb6a5489e51d06f0298?s=96&d=mm&r=g","url":"https:\/\/secure.gravatar.com\/avatar\/7ce1f28c0c3bbac99ff550b85ef8e44a6950c6ee24514fb6a5489e51d06f0298?s=96&d=mm&r=g","contentUrl":"https:\/\/secure.gravatar.com\/avatar\/7ce1f28c0c3bbac99ff550b85ef8e44a6950c6ee24514fb6a5489e51d06f0298?s=96&d=mm&r=g","caption":"webdo.tn"},"url":"https:\/\/www.webdo.tn\/fr\/actualite\/author\/webdotn\/"}]}},"_links":{"self":[{"href":"https:\/\/www.webdo.tn\/fr\/wp-json\/wp\/v2\/posts\/173329","targetHints":{"allow":["GET"]}}],"collection":[{"href":"https:\/\/www.webdo.tn\/fr\/wp-json\/wp\/v2\/posts"}],"about":[{"href":"https:\/\/www.webdo.tn\/fr\/wp-json\/wp\/v2\/types\/post"}],"author":[{"embeddable":true,"href":"https:\/\/www.webdo.tn\/fr\/wp-json\/wp\/v2\/users\/3222"}],"replies":[{"embeddable":true,"href":"https:\/\/www.webdo.tn\/fr\/wp-json\/wp\/v2\/comments?post=173329"}],"version-history":[{"count":0,"href":"https:\/\/www.webdo.tn\/fr\/wp-json\/wp\/v2\/posts\/173329\/revisions"}],"wp:featuredmedia":[{"embeddable":true,"href":"https:\/\/www.webdo.tn\/fr\/wp-json\/wp\/v2\/media\/296366"}],"wp:attachment":[{"href":"https:\/\/www.webdo.tn\/fr\/wp-json\/wp\/v2\/media?parent=173329"}],"wp:term":[{"taxonomy":"category","embeddable":true,"href":"https:\/\/www.webdo.tn\/fr\/wp-json\/wp\/v2\/categories?post=173329"},{"taxonomy":"post_tag","embeddable":true,"href":"https:\/\/www.webdo.tn\/fr\/wp-json\/wp\/v2\/tags?post=173329"}],"curies":[{"name":"wp","href":"https:\/\/api.w.org\/{rel}","templated":true}]}}