{"id":173328,"date":"2019-01-30T11:58:00","date_gmt":"2019-01-30T11:58:00","guid":{"rendered":"https:\/\/www.webdo.tn\/fr\/blog\/chronique-de-hatem-bourial-les-belles-les-durs-et-les-classiques\/173328\/"},"modified":"2025-05-18T23:07:31","modified_gmt":"2025-05-18T23:07:31","slug":"chronique-de-hatem-bourial-les-belles-les-durs-et-les-classiques","status":"publish","type":"post","link":"https:\/\/www.webdo.tn\/fr\/actualite\/tunis-hebdo\/chronique-de-hatem-bourial-les-belles-les-durs-et-les-classiques\/173328\/","title":{"rendered":"Chronique de Hatem Bourial | Les belles, les durs et les classiques"},"content":{"rendered":"<p>Les durs au cin\u00e9ma, nous en avons connu par dizaines. Les durs, c\u2019est quand \u00e7a castagne fort et sans piti\u00e9. Les durs, c\u2019\u00e9tait toutes cat\u00e9gories. \u00c7a allait du p\u00e9plum au western en passant par les polars et les films d\u2019espionnage.<\/p>\n<p>Chaque g\u00e9n\u00e9ration a eu les siens. Du temps de mon p\u00e8re, Humphrey Bogart ou John Wayne \u00e9taient encore de jeunes premiers. Eroll Flynn et Clark Gable ne faisaient qu\u2019arriver et Marlon Brando en \u00e9tait encore aux premiers pas. Toutefois, les r\u00f4les de durs leur allaient comme un gant. T\u00e9n\u00e9breux comme Bogart, pirate virevoltant comme Flynn, ou cowboy solitaire comme Wayne, ils avaient en commun leur capacit\u00e9 de fasciner le public.<\/p>\n<p>Toute ces stars arrivaient par vagues, r\u00e9gnaient pour un temps puis s\u2019\u00e9clipsaient. Tout le monde a connu James Stewart, Gary Cooper ou Kirk Douglas du temps de leur splendeur. Leur image perdure tels que nous les avons connus dans leurs plus grands r\u00f4les. Ils peuvent vieillir mais leur image demeure. Ils peuvent mourir tragiquement comme James Dean ou Bruce Lee et ils rejoindront la dimension du mythe.<\/p>\n<p>Le premier dur que j\u2019ai connu dans la pl\u00e9nitude de ses moyens n\u2019est autre qu\u2019Eddie Constantine. A l\u2019\u00e9poque, il campait le r\u00f4le de Lemmy Caution, un d\u00e9tective priv\u00e9 du temps du noir et blanc. Lemmy s\u2019en sortait toujours, mystifiait ses ennemis, souvent sous les applaudissements nourris du public.<\/p>\n<p>Plusieurs de ces com\u00e9diens ont v\u00e9cu la transition vers le cin\u00e9ma en couleurs. Leur cin\u00e9matographie est ainsi double et leur look a \u00e9volu\u00e9 au fil des d\u00e9cennies. J\u2019ai ainsi connu pas mal de ces stars avec ou sans couleurs. C\u2019est le cas pour John Wayne dans ses premiers westerns ou films de guerre. C\u2019est aussi le cas pour Paul Newman ou Robert Taylor.<\/p>\n<p>Pour ma g\u00e9n\u00e9ration, ce sont surtout les durs de western qui avaient la cote. Des films comme \u00ab\u00a0Les Sept Mercenaires\u00a0\u00bb ou \u00ab\u00a0La Horde Sauvage\u00a0\u00bb sont d\u00e9sormais consid\u00e9r\u00e9s comme des classiques.<\/p>\n<p>Mais du temps de leur sortie, on les regardait surtout parce que \u00e7a se battait ferme. Des gars comme James Coburn ou Charles Bronson avaient une r\u00e9putation de durs qui leur collait \u00e0 la peau. M\u00eame chose pour Yul Brynner, Henry Fonda ou Elie Wallach.<\/p>\n<p>Nous ne jurions que par leurs exploits et en redemandions sans cesse. Nous \u00e9tions litt\u00e9ralement nourris de westerns, de cette brutalit\u00e9 dans laquelle excellaient Lee Marvin ou Steve Mc Queen. Plus tard adviendra le r\u00e8gne de Clint Eastwood et de la g\u00e9n\u00e9ration spaghetti. Les acteurs allaient se bousculer au portillon et les surench\u00e8res en mati\u00e8re d\u2019h\u00e9moglobine se faire plus vives.<\/p>\n<p>C\u2019est \u00e0 cette \u00e9poque que le public d\u00e9couvrit Lee Van Cleef, Giuliano Gemma, Terence Hill ou Franco Nero. C\u2019est aussi de cette \u00e9poque que datent certains westerns d\u2019Anthony Quinn ou Jack Palance. Le public en redemandait sans cesse mais sacrifiait au culte d\u2019autres durs tout en muscles pro\u00e9minents. De fait, les ann\u00e9es soixante ont connu l\u2019apog\u00e9e des grands p\u00e9plums. Que ce soit des films de gladiateurs ou des reconstitutions historiques, les combats et les duels \u00e9taient toujours au programme.<\/p>\n<p>Nul n\u2019a oubli\u00e9 Richard Burton et Rex Harrison dans \u00ab\u00a0Cl\u00e9op\u00e2tre\u00a0\u00bb ou encore Charlton Heston dans \u00ab\u00a0Ben Hur\u00a0\u00bb. Chacun connaissait par c\u0153ur les aventures de Samson et Dalila ou celles de Spartacus. Toutefois, ces films restaient marqu\u00e9s par le sceau du s\u00e9rieux et de la d\u00e9mesure dans les mises en sc\u00e8ne. Le public, pour sa part, cherchait en g\u00e9n\u00e9ral autre chose\u00a0: des gars tout en muscles qui pouvaient \u00e0 eux seuls mettre toute une arm\u00e9e en d\u00e9route, des g\u00e9ants invincibles qui pouvaient rompre leurs cha\u00eenes et massacrer les m\u00e9chants.<\/p>\n<p>C\u2019\u00e9tait le temps de Maciste, Hercule et Ursus et les vedettes du genre se nommaient Gordon Scott, Steve Reeves et Mark Forrest. In\u00e9narrables, leurs aventures vous en mettaient plein les yeux. On pouvait revoir le m\u00eame film \u00e0 plusieurs reprises rien que pour une sc\u00e8ne de grosse bagarre et c\u2019est tout dire\u00a0!<\/p>\n<p>Peu \u00e0 peu, ces films aussi ont commenc\u00e9 \u00e0 prendre des rides et flirter avec l\u2019oubli. Maciste et consorts rejoignirent alors dans la m\u00e9moire du cin\u00e9ma d\u2019autres h\u00e9ros qui avaient commenc\u00e9 leur carri\u00e8re au temps du muet. C\u2019est aussi le cas de Tarzan qui eut plusieurs interpr\u00e8tes \u00e0 plusieurs \u00e9poques. Beaucoup d\u2019entre nous se souviennent de Johnny Weissmuller ou Lex Borker comme ils se souviennent des premi\u00e8res aventures de Superman, Batman ou Flash Gordon.<\/p>\n<p>Au cin\u00e9ma, les modes \u00e9voluent tr\u00e8s vite puis reviennent cycliquement avec des habits neufs. C\u2019est de la sorte que la guerre froide a impos\u00e9 son lot d\u2019agents secrets \u00e0 l\u2019image de James Bond, interpr\u00e9t\u00e9 par Sean Connery\u00a0; Matt Helm avec Dean Martin ou Flint avec James Coburn. Hitchcock mettra pour sa part Cary Grant en vedette dans des \u0153uvres trop subtiles pour des gosses en goguette.<\/p>\n<p>Faire le tour des durs au cinoche n\u2019est pas chose ais\u00e9e. On en oublie toujours quelques-uns mais qu\u2019\u00e0 cela ne tienne, nos amis lecteurs ont toujours du ressort et pourront rebondir en \u00e9voquant d\u2019autres stars et d\u2019autres genres cin\u00e9matographiques. Pour les films de vampires, Christopher Lee \u00e9tait incontournable et pour la castagne, il y avait aussi les Rod Steiger, Rory Calhoun et autres Telly Savalas. Rien \u00e0 faire, la liste est in\u00e9puisable\u2026<br \/>\n***<br \/>\nJ\u2019ai toujours eu un faible pour Raquel Welch. Je ne saurai pas l\u2019expliquer mais depuis le jour o\u00f9 elle est apparue sur le grand \u00e9cran en femme pr\u00e9historique, tous les yeux \u00e9taient braqu\u00e9s sur elle.<\/p>\n<p>Sa plastique parfaite et son regard ravageur ont vite fait de l\u2019imposer comme la beaut\u00e9 avec laquelle il fallait compter. M\u00eame si ses talents de com\u00e9dienne \u00e9taient plut\u00f4t limit\u00e9s, elle demeure l\u2019une des belles du cin\u00e9ma de notre jeunesse. Star d\u2019un moment, elle a charm\u00e9, eu son quart d\u2019heure de gloire puis la roue a tourn\u00e9.<\/p>\n<p>La noria de stars est perp\u00e9tuelle. L\u00e0 encore, j\u2019ai pu vivre la transition entre le noir et blanc puis la couleur. De certaines stars, je n\u2019ai longtemps connu que les noms qui sonnaient haut et fort. Parfois, une vague silhouette, d\u2019autres fois un simple sillage prolongeaient la vie d\u2019une star. Sinon, elles passaient \u00e0 la trappe.<\/p>\n<p>Pour la g\u00e9n\u00e9ration qui a eu vingt ans en 1950, certains noms de belles du cin\u00e9ma allaient de soi. De Lauren Bacall \u00e0 Zsa Zsa Gabor, de Greta Garbo \u00e0 Marl\u00e8ne Dietrich, la beaut\u00e9 avait un nom et un pr\u00e9nom. Plus tard, il y aura aussi les Audrey Hepburn, Rita Hayworth, Marlyn Monroe et consorts. Ces vedettes, nous les avons peu connues, mais pour la g\u00e9n\u00e9ration pr\u00e9c\u00e9dente elles \u00e9taient incontournables les Joan Fontaine et Vivien Leigh.<\/p>\n<p>Ceux n\u00e9s au d\u00e9but des ann\u00e9es cinquante auront connu le r\u00e8gne de Liz Taylor, celui de Jane Fonda et ceux de Grace Kelly et Ingrid Bergman. Romy Schneider viendra plus tard, avec ces autres belles que furent Faye Donaway ou Jacqueline Bisset. On pourrait tout aussi bien lorgner du c\u00f4t\u00e9 de Brigitte Bardot ou Claudia Cardinale\u00a0!<\/p>\n<p>D\u2019ailleurs, les belles Italiennes furent nombreuses sur le grand \u00e9cran, avec une touche glamour demeur\u00e9e intacte. Que l\u2019on songe \u00e0 Sofia Loren ou Gina Lollobigida. Sans oublier les splendides Anna Magnani, Sylva Koscina, Marilu Tolo, Elsa Martinelli et Monica Vitti. Beaucoup d\u2019admirateurs allaient voir tel film rien que pour elles. N\u2019oublions pas la superbe Ursula Andress qui creva l\u2019\u00e9cran dans le tout premier film de la s\u00e9rie des James Bond.<\/p>\n<p>L\u00e0 encore, difficile d\u2019\u00eatre \u00e9quitable\u00a0! Se souvenir de toutes les belles du cin\u00e9ma est une mission impossible tant elles sont nombreuses et diff\u00e9rentes\u2026<br \/>\n***<br \/>\nApr\u00e8s les durs et les belles, il reste \u00e0 \u00e9voquer certains classiques qui ont longtemps compt\u00e9 parmi les incontournables du cin\u00e9ma.<\/p>\n<p>L\u2019\u00e9poque dont je vous parle \u00e9tait tr\u00e8s marqu\u00e9e par le cin\u00e9ma fran\u00e7ais et les stars de l\u2019Hexagone \u00e9taient tr\u00e8s suivies en Tunisie. Il \u00e9tait par exemple un trio qui donnait le ton, avec Jean Gabin, Michel Simon et Louis Jouvet. Ces trois com\u00e9diens avaient un style tr\u00e8s th\u00e9\u00e2tral et sont rest\u00e9s des balises importantes dans l\u2019histoire du cin\u00e9ma.<\/p>\n<p>En Tunisie, on les appr\u00e9ciait ainsi que les vedettes f\u00e9minines qui leur donnaient la r\u00e9plique \u00e0 l\u2019image d\u2019Arletty ou de Simone Signoret. Le public d\u2019alors avait aussi les yeux de la Chim\u00e8ne pour Pierre Brasseur, Paul Meurisse, Charles Aznavour ou Lino Ventura. Les comiques aussi avaient les faveurs du public. Fernandel, Raynaud Bourvil et Francis Blanche avaient leurs inconditionnels tout comme Louis de Fun\u00e8s.<\/p>\n<p>Dans un autre registre, G\u00e9rard Philippe occupait une place \u00e0 part. Jeune premier, lui aussi venu du th\u00e9\u00e2tre, il avait vite fait de conqu\u00e9rir le public mais il sera arrach\u00e9 \u00e0 la vie \u00e0 la fleur de l\u2019\u00e2ge. Alain Dolon et Jean-Paul Belmondo prendront le relais aussi bien dans des films d\u2019aventure que pour des \u0153uvres plus recherch\u00e9es. Delon a fait des \u00e9tincelles dans \u00ab\u00a0La Tulipe noire\u00a0\u00bb ou \u00ab\u00a0Plein soleil\u00a0\u00bb, alors que B\u00eabel s\u2019est impos\u00e9 avec \u00ab\u00a0L\u2019homme de Rio\u00a0\u00bb ou \u00ab\u00a0Les Tribulations d\u2019un Chinois en Chine\u00a0\u00bb.<\/p>\n<p>De cette \u00e9poque, les Michel Piccoli, Jean-Louis Trintignant et Maurice Romet ont aussi marqu\u00e9 le cin\u00e9ma fran\u00e7ais. Avec eux, des centaines de com\u00e9diens ont forg\u00e9 la l\u00e9gende de plusieurs d\u00e9cennies et laiss\u00e9 des films de r\u00e9pertoire. Encore une fois, il est difficile de tout mentionner mais Mich\u00e8le Morgan, Anouck Aim\u00e9e ou Jeanne Moreau s\u2019imposent d\u2019elles-m\u00eames pour ne citer qu\u2019elles.<\/p>\n<p>Originalit\u00e9 du rapport des Tunisiens au cin\u00e9ma, la pr\u00e9sence du film italien a toujours \u00e9t\u00e9 forte. C\u2019est probablement pour cette raison que les ann\u00e9es 1970 ont \u00e9t\u00e9 marqu\u00e9es par la com\u00e9die italienne et ses stars. Ces films de Dino Risi ou Ettore Scola mettaient en sc\u00e8ne des com\u00e9diens fabuleux. Souvenez-vous de Nino Manfredi ou Vittorio Gassman\u00a0! Souvenez-vous de \u00ab\u00a0Nous nous sommes tant aim\u00e9s\u00a0\u00bb, \u00ab\u00a0Pain et Chocolat\u00a0\u00bb ou \u00ab\u00a0L\u2019argent de la vieille\u00a0\u00bb.<\/p>\n<p>Tous ces films sont rest\u00e9s des semaines \u00e0 l\u2019affiche et brass\u00e9 des foules. Ces \u0153uvres font d\u00e9sormais partie de la petite histoire du cin\u00e9ma en Tunisie.<\/p>\n<p>Ils ont eu leur heure de gloire comme \u00ab\u00a0Les Dix commandements\u00a0\u00bb, \u00ab\u00a0Laurence d\u2019Arabie\u00a0\u00bb ou \u00ab\u00a0Autant en emporte le vent\u00a0\u00bb. Je me demande parfois si tous ces films auraient du succ\u00e8s aujourd\u2019hui. Par ailleurs, quelles peuvent bien \u00eatre les \u0153uvres \u00e0 succ\u00e8s en Tunisie\u00a0? La question m\u00e9rite d\u2019\u00eatre pos\u00e9e et si je pouvais r\u00e9pondre \u00e0 propos des ann\u00e9es 1970, je citerais trois films que tout le monde (ou presque) a vus. Ce sont \u00ab\u00a0La Fille de Ryan\u00a0\u00bb, \u00ab\u00a0Un Et\u00e9 42\u00a0\u00bb et \u00ab\u00a0Little Big Man\u00a0\u00bb.<\/p>\n<p>Je suis certain que vous vous souvenez de ces films et de beaucoup d\u2019autres. A votre tour d\u00e8s lors de vous creuser les m\u00e9ninges pour retrouver toutes les traces de pellicule qui ont \u00e9clair\u00e9 notre imaginaire. Comme disait l\u2019adage qu\u2019on affichait \u00e0 l\u2019entr\u00e9e des salles\u00a0: \u00ab\u00a0Quand on aime la vie, on va au cin\u00e9ma\u2026\u00a0\u00bb<\/p>\n<p>Ne vous le faites pas dire deux fois\u00a0!<br \/>\nHatem Bourial<br \/>\nTunis-Hebdo du 28\/01\/2019<\/p>\n","protected":false},"excerpt":{"rendered":"<p>Chronique de Hatem Bourial | Les belles, les durs et les classiques<\/p>\n","protected":false},"author":3222,"featured_media":296368,"comment_status":"open","ping_status":"closed","sticky":false,"template":"","format":"standard","meta":{"footnotes":""},"categories":[7653],"tags":[2600],"class_list":["post-173328","post","type-post","status-publish","format-standard","has-post-thumbnail","hentry","category-tunis-hebdo","tag-guerre"],"yoast_head":"<!-- This site is optimized with the Yoast SEO Premium plugin v27.4 (Yoast SEO v27.4) - https:\/\/yoast.com\/product\/yoast-seo-premium-wordpress\/ -->\n<title>Chronique de Hatem Bourial | Les belles, les durs et les classiques<\/title>\n<meta name=\"description\" content=\"Chronique de Hatem Bourial | Les belles, les durs et les classiques\" \/>\n<link rel=\"canonical\" href=\"https:\/\/www.webdo.tn\/fr\/actualite\/tunis-hebdo\/chronique-de-hatem-bourial-les-belles-les-durs-et-les-classiques\/173328\/\" \/>\n<meta property=\"og:locale\" content=\"fr_FR\" \/>\n<meta property=\"og:type\" content=\"article\" \/>\n<meta property=\"og:title\" content=\"Chronique de Hatem Bourial | Les belles, les durs et les classiques\" \/>\n<meta property=\"og:description\" content=\"Chronique de Hatem Bourial | Les belles, les durs et les classiques\" \/>\n<meta property=\"og:url\" content=\"https:\/\/www.webdo.tn\/fr\/actualite\/tunis-hebdo\/chronique-de-hatem-bourial-les-belles-les-durs-et-les-classiques\/173328\/\" \/>\n<meta property=\"og:site_name\" content=\"webdo\" \/>\n<meta property=\"article:publisher\" content=\"https:\/\/www.facebook.com\/webdotn\" \/>\n<meta property=\"article:published_time\" content=\"2019-01-30T11:58:00+00:00\" \/>\n<meta property=\"article:modified_time\" content=\"2025-05-18T23:07:31+00:00\" \/>\n<meta property=\"og:image\" content=\"https:\/\/www.webdo.tn\/fr\/wp-content\/uploads\/2019\/01\/rubrique-Hatem-photo-2.jpg\" \/>\n\t<meta property=\"og:image:width\" content=\"905\" \/>\n\t<meta property=\"og:image:height\" content=\"615\" \/>\n\t<meta property=\"og:image:type\" content=\"image\/jpeg\" \/>\n<meta name=\"author\" content=\"webdo.tn\" \/>\n<meta name=\"twitter:card\" content=\"summary_large_image\" \/>\n<meta name=\"twitter:creator\" content=\"@webdo_tn\" \/>\n<meta name=\"twitter:site\" content=\"@webdo_tn\" \/>\n<meta name=\"twitter:label1\" content=\"\u00c9crit par\" \/>\n\t<meta name=\"twitter:data1\" content=\"webdo.tn\" \/>\n\t<meta name=\"twitter:label2\" content=\"Dur\u00e9e de lecture estim\u00e9e\" \/>\n\t<meta name=\"twitter:data2\" content=\"10 minutes\" \/>\n<script type=\"application\/ld+json\" class=\"yoast-schema-graph\">{\"@context\":\"https:\\\/\\\/schema.org\",\"@graph\":[{\"@type\":\"NewsArticle\",\"@id\":\"https:\\\/\\\/www.webdo.tn\\\/fr\\\/actualite\\\/tunis-hebdo\\\/chronique-de-hatem-bourial-les-belles-les-durs-et-les-classiques\\\/173328\\\/#article\",\"isPartOf\":{\"@id\":\"https:\\\/\\\/www.webdo.tn\\\/fr\\\/actualite\\\/tunis-hebdo\\\/chronique-de-hatem-bourial-les-belles-les-durs-et-les-classiques\\\/173328\\\/\"},\"author\":{\"name\":\"webdo.tn\",\"@id\":\"https:\\\/\\\/www.webdo.tn\\\/fr\\\/#\\\/schema\\\/person\\\/9a9c6118d687c117df8ef3cc36a4d175\"},\"headline\":\"Chronique de Hatem Bourial | Les belles, les durs et les classiques\",\"datePublished\":\"2019-01-30T11:58:00+00:00\",\"dateModified\":\"2025-05-18T23:07:31+00:00\",\"mainEntityOfPage\":{\"@id\":\"https:\\\/\\\/www.webdo.tn\\\/fr\\\/actualite\\\/tunis-hebdo\\\/chronique-de-hatem-bourial-les-belles-les-durs-et-les-classiques\\\/173328\\\/\"},\"wordCount\":1962,\"commentCount\":0,\"publisher\":{\"@id\":\"https:\\\/\\\/www.webdo.tn\\\/fr\\\/#organization\"},\"image\":{\"@id\":\"https:\\\/\\\/www.webdo.tn\\\/fr\\\/actualite\\\/tunis-hebdo\\\/chronique-de-hatem-bourial-les-belles-les-durs-et-les-classiques\\\/173328\\\/#primaryimage\"},\"thumbnailUrl\":\"https:\\\/\\\/www.webdo.tn\\\/fr\\\/wp-content\\\/uploads\\\/2019\\\/01\\\/rubrique-Hatem-photo-2.jpg\",\"keywords\":[\"guerre\"],\"articleSection\":[\"Tunis-Hebdo\"],\"inLanguage\":\"fr-FR\"},{\"@type\":\"WebPage\",\"@id\":\"https:\\\/\\\/www.webdo.tn\\\/fr\\\/actualite\\\/tunis-hebdo\\\/chronique-de-hatem-bourial-les-belles-les-durs-et-les-classiques\\\/173328\\\/\",\"url\":\"https:\\\/\\\/www.webdo.tn\\\/fr\\\/actualite\\\/tunis-hebdo\\\/chronique-de-hatem-bourial-les-belles-les-durs-et-les-classiques\\\/173328\\\/\",\"name\":\"Chronique de Hatem Bourial | Les belles, les durs et les classiques\",\"isPartOf\":{\"@id\":\"https:\\\/\\\/www.webdo.tn\\\/fr\\\/#website\"},\"primaryImageOfPage\":{\"@id\":\"https:\\\/\\\/www.webdo.tn\\\/fr\\\/actualite\\\/tunis-hebdo\\\/chronique-de-hatem-bourial-les-belles-les-durs-et-les-classiques\\\/173328\\\/#primaryimage\"},\"image\":{\"@id\":\"https:\\\/\\\/www.webdo.tn\\\/fr\\\/actualite\\\/tunis-hebdo\\\/chronique-de-hatem-bourial-les-belles-les-durs-et-les-classiques\\\/173328\\\/#primaryimage\"},\"thumbnailUrl\":\"https:\\\/\\\/www.webdo.tn\\\/fr\\\/wp-content\\\/uploads\\\/2019\\\/01\\\/rubrique-Hatem-photo-2.jpg\",\"datePublished\":\"2019-01-30T11:58:00+00:00\",\"dateModified\":\"2025-05-18T23:07:31+00:00\",\"description\":\"Chronique de Hatem Bourial | Les belles, les durs et les classiques\",\"breadcrumb\":{\"@id\":\"https:\\\/\\\/www.webdo.tn\\\/fr\\\/actualite\\\/tunis-hebdo\\\/chronique-de-hatem-bourial-les-belles-les-durs-et-les-classiques\\\/173328\\\/#breadcrumb\"},\"inLanguage\":\"fr-FR\",\"potentialAction\":[{\"@type\":\"ReadAction\",\"target\":[\"https:\\\/\\\/www.webdo.tn\\\/fr\\\/actualite\\\/tunis-hebdo\\\/chronique-de-hatem-bourial-les-belles-les-durs-et-les-classiques\\\/173328\\\/\"]}]},{\"@type\":\"ImageObject\",\"inLanguage\":\"fr-FR\",\"@id\":\"https:\\\/\\\/www.webdo.tn\\\/fr\\\/actualite\\\/tunis-hebdo\\\/chronique-de-hatem-bourial-les-belles-les-durs-et-les-classiques\\\/173328\\\/#primaryimage\",\"url\":\"https:\\\/\\\/www.webdo.tn\\\/fr\\\/wp-content\\\/uploads\\\/2019\\\/01\\\/rubrique-Hatem-photo-2.jpg\",\"contentUrl\":\"https:\\\/\\\/www.webdo.tn\\\/fr\\\/wp-content\\\/uploads\\\/2019\\\/01\\\/rubrique-Hatem-photo-2.jpg\",\"width\":905,\"height\":615,\"caption\":\"Chronique de Hatem Bourial | Les belles, les durs et les classiques\"},{\"@type\":\"BreadcrumbList\",\"@id\":\"https:\\\/\\\/www.webdo.tn\\\/fr\\\/actualite\\\/tunis-hebdo\\\/chronique-de-hatem-bourial-les-belles-les-durs-et-les-classiques\\\/173328\\\/#breadcrumb\",\"itemListElement\":[{\"@type\":\"ListItem\",\"position\":1,\"name\":\"Accueil\",\"item\":\"https:\\\/\\\/www.webdo.tn\\\/fr\\\/\"},{\"@type\":\"ListItem\",\"position\":2,\"name\":\"Chronique de Hatem Bourial | Les belles, les durs et les classiques\"}]},{\"@type\":\"WebSite\",\"@id\":\"https:\\\/\\\/www.webdo.tn\\\/fr\\\/#website\",\"url\":\"https:\\\/\\\/www.webdo.tn\\\/fr\\\/\",\"name\":\"webdo\",\"description\":\"Tunisie - News en Tunisie et \u00e0 l&#039;international sur Webdo.tn\",\"publisher\":{\"@id\":\"https:\\\/\\\/www.webdo.tn\\\/fr\\\/#organization\"},\"potentialAction\":[{\"@type\":\"SearchAction\",\"target\":{\"@type\":\"EntryPoint\",\"urlTemplate\":\"https:\\\/\\\/www.webdo.tn\\\/fr\\\/?s={search_term_string}\"},\"query-input\":{\"@type\":\"PropertyValueSpecification\",\"valueRequired\":true,\"valueName\":\"search_term_string\"}}],\"inLanguage\":\"fr-FR\"},{\"@type\":\"Organization\",\"@id\":\"https:\\\/\\\/www.webdo.tn\\\/fr\\\/#organization\",\"name\":\"Webdo\",\"alternateName\":\"Webdo.tn\",\"url\":\"https:\\\/\\\/www.webdo.tn\\\/fr\\\/\",\"logo\":{\"@type\":\"ImageObject\",\"inLanguage\":\"fr-FR\",\"@id\":\"https:\\\/\\\/www.webdo.tn\\\/fr\\\/#\\\/schema\\\/logo\\\/image\\\/\",\"url\":\"https:\\\/\\\/www.webdo.tn\\\/fr\\\/wp-content\\\/uploads\\\/2025\\\/06\\\/Webdo-Tunisie_168377.jpg\",\"contentUrl\":\"https:\\\/\\\/www.webdo.tn\\\/fr\\\/wp-content\\\/uploads\\\/2025\\\/06\\\/Webdo-Tunisie_168377.jpg\",\"width\":301,\"height\":301,\"caption\":\"Webdo\"},\"image\":{\"@id\":\"https:\\\/\\\/www.webdo.tn\\\/fr\\\/#\\\/schema\\\/logo\\\/image\\\/\"},\"sameAs\":[\"https:\\\/\\\/www.facebook.com\\\/webdotn\",\"https:\\\/\\\/x.com\\\/webdo_tn\"],\"description\":\"Webdo est un m\u00e9dia num\u00e9rique tunisien fond\u00e9 en 2010, sp\u00e9cialis\u00e9 dans l\u2019actualit\u00e9 nationale et internationale, l\u2019\u00e9conomie, la soci\u00e9t\u00e9 et les analyses politiques. Le site s\u2019adresse \u00e0 un large public francophone et couvre l\u2019information tunisienne en temps r\u00e9el.\",\"email\":\"redac@webdo.tn\",\"legalName\":\"YNJ SARL\",\"foundingDate\":\"2010-09-06\",\"numberOfEmployees\":{\"@type\":\"QuantitativeValue\",\"minValue\":\"11\",\"maxValue\":\"50\"}},{\"@type\":\"Person\",\"@id\":\"https:\\\/\\\/www.webdo.tn\\\/fr\\\/#\\\/schema\\\/person\\\/9a9c6118d687c117df8ef3cc36a4d175\",\"name\":\"webdo.tn\",\"image\":{\"@type\":\"ImageObject\",\"inLanguage\":\"fr-FR\",\"@id\":\"https:\\\/\\\/secure.gravatar.com\\\/avatar\\\/7ce1f28c0c3bbac99ff550b85ef8e44a6950c6ee24514fb6a5489e51d06f0298?s=96&d=mm&r=g\",\"url\":\"https:\\\/\\\/secure.gravatar.com\\\/avatar\\\/7ce1f28c0c3bbac99ff550b85ef8e44a6950c6ee24514fb6a5489e51d06f0298?s=96&d=mm&r=g\",\"contentUrl\":\"https:\\\/\\\/secure.gravatar.com\\\/avatar\\\/7ce1f28c0c3bbac99ff550b85ef8e44a6950c6ee24514fb6a5489e51d06f0298?s=96&d=mm&r=g\",\"caption\":\"webdo.tn\"},\"url\":\"https:\\\/\\\/www.webdo.tn\\\/fr\\\/actualite\\\/author\\\/webdotn\\\/\"}]}<\/script>\n<!-- \/ Yoast SEO Premium plugin. -->","yoast_head_json":{"title":"Chronique de Hatem Bourial | Les belles, les durs et les classiques","description":"Chronique de Hatem Bourial | Les belles, les durs et les classiques","canonical":"https:\/\/www.webdo.tn\/fr\/actualite\/tunis-hebdo\/chronique-de-hatem-bourial-les-belles-les-durs-et-les-classiques\/173328\/","og_locale":"fr_FR","og_type":"article","og_title":"Chronique de Hatem Bourial | Les belles, les durs et les classiques","og_description":"Chronique de Hatem Bourial | Les belles, les durs et les classiques","og_url":"https:\/\/www.webdo.tn\/fr\/actualite\/tunis-hebdo\/chronique-de-hatem-bourial-les-belles-les-durs-et-les-classiques\/173328\/","og_site_name":"webdo","article_publisher":"https:\/\/www.facebook.com\/webdotn","article_published_time":"2019-01-30T11:58:00+00:00","article_modified_time":"2025-05-18T23:07:31+00:00","og_image":[{"width":905,"height":615,"url":"https:\/\/www.webdo.tn\/fr\/wp-content\/uploads\/2019\/01\/rubrique-Hatem-photo-2.jpg","type":"image\/jpeg"}],"author":"webdo.tn","twitter_card":"summary_large_image","twitter_creator":"@webdo_tn","twitter_site":"@webdo_tn","twitter_misc":{"\u00c9crit par":"webdo.tn","Dur\u00e9e de lecture estim\u00e9e":"10 minutes"},"schema":{"@context":"https:\/\/schema.org","@graph":[{"@type":"NewsArticle","@id":"https:\/\/www.webdo.tn\/fr\/actualite\/tunis-hebdo\/chronique-de-hatem-bourial-les-belles-les-durs-et-les-classiques\/173328\/#article","isPartOf":{"@id":"https:\/\/www.webdo.tn\/fr\/actualite\/tunis-hebdo\/chronique-de-hatem-bourial-les-belles-les-durs-et-les-classiques\/173328\/"},"author":{"name":"webdo.tn","@id":"https:\/\/www.webdo.tn\/fr\/#\/schema\/person\/9a9c6118d687c117df8ef3cc36a4d175"},"headline":"Chronique de Hatem Bourial | Les belles, les durs et les classiques","datePublished":"2019-01-30T11:58:00+00:00","dateModified":"2025-05-18T23:07:31+00:00","mainEntityOfPage":{"@id":"https:\/\/www.webdo.tn\/fr\/actualite\/tunis-hebdo\/chronique-de-hatem-bourial-les-belles-les-durs-et-les-classiques\/173328\/"},"wordCount":1962,"commentCount":0,"publisher":{"@id":"https:\/\/www.webdo.tn\/fr\/#organization"},"image":{"@id":"https:\/\/www.webdo.tn\/fr\/actualite\/tunis-hebdo\/chronique-de-hatem-bourial-les-belles-les-durs-et-les-classiques\/173328\/#primaryimage"},"thumbnailUrl":"https:\/\/www.webdo.tn\/fr\/wp-content\/uploads\/2019\/01\/rubrique-Hatem-photo-2.jpg","keywords":["guerre"],"articleSection":["Tunis-Hebdo"],"inLanguage":"fr-FR"},{"@type":"WebPage","@id":"https:\/\/www.webdo.tn\/fr\/actualite\/tunis-hebdo\/chronique-de-hatem-bourial-les-belles-les-durs-et-les-classiques\/173328\/","url":"https:\/\/www.webdo.tn\/fr\/actualite\/tunis-hebdo\/chronique-de-hatem-bourial-les-belles-les-durs-et-les-classiques\/173328\/","name":"Chronique de Hatem Bourial | Les belles, les durs et les classiques","isPartOf":{"@id":"https:\/\/www.webdo.tn\/fr\/#website"},"primaryImageOfPage":{"@id":"https:\/\/www.webdo.tn\/fr\/actualite\/tunis-hebdo\/chronique-de-hatem-bourial-les-belles-les-durs-et-les-classiques\/173328\/#primaryimage"},"image":{"@id":"https:\/\/www.webdo.tn\/fr\/actualite\/tunis-hebdo\/chronique-de-hatem-bourial-les-belles-les-durs-et-les-classiques\/173328\/#primaryimage"},"thumbnailUrl":"https:\/\/www.webdo.tn\/fr\/wp-content\/uploads\/2019\/01\/rubrique-Hatem-photo-2.jpg","datePublished":"2019-01-30T11:58:00+00:00","dateModified":"2025-05-18T23:07:31+00:00","description":"Chronique de Hatem Bourial | Les belles, les durs et les classiques","breadcrumb":{"@id":"https:\/\/www.webdo.tn\/fr\/actualite\/tunis-hebdo\/chronique-de-hatem-bourial-les-belles-les-durs-et-les-classiques\/173328\/#breadcrumb"},"inLanguage":"fr-FR","potentialAction":[{"@type":"ReadAction","target":["https:\/\/www.webdo.tn\/fr\/actualite\/tunis-hebdo\/chronique-de-hatem-bourial-les-belles-les-durs-et-les-classiques\/173328\/"]}]},{"@type":"ImageObject","inLanguage":"fr-FR","@id":"https:\/\/www.webdo.tn\/fr\/actualite\/tunis-hebdo\/chronique-de-hatem-bourial-les-belles-les-durs-et-les-classiques\/173328\/#primaryimage","url":"https:\/\/www.webdo.tn\/fr\/wp-content\/uploads\/2019\/01\/rubrique-Hatem-photo-2.jpg","contentUrl":"https:\/\/www.webdo.tn\/fr\/wp-content\/uploads\/2019\/01\/rubrique-Hatem-photo-2.jpg","width":905,"height":615,"caption":"Chronique de Hatem Bourial | Les belles, les durs et les classiques"},{"@type":"BreadcrumbList","@id":"https:\/\/www.webdo.tn\/fr\/actualite\/tunis-hebdo\/chronique-de-hatem-bourial-les-belles-les-durs-et-les-classiques\/173328\/#breadcrumb","itemListElement":[{"@type":"ListItem","position":1,"name":"Accueil","item":"https:\/\/www.webdo.tn\/fr\/"},{"@type":"ListItem","position":2,"name":"Chronique de Hatem Bourial | Les belles, les durs et les classiques"}]},{"@type":"WebSite","@id":"https:\/\/www.webdo.tn\/fr\/#website","url":"https:\/\/www.webdo.tn\/fr\/","name":"webdo","description":"Tunisie - News en Tunisie et \u00e0 l&#039;international sur Webdo.tn","publisher":{"@id":"https:\/\/www.webdo.tn\/fr\/#organization"},"potentialAction":[{"@type":"SearchAction","target":{"@type":"EntryPoint","urlTemplate":"https:\/\/www.webdo.tn\/fr\/?s={search_term_string}"},"query-input":{"@type":"PropertyValueSpecification","valueRequired":true,"valueName":"search_term_string"}}],"inLanguage":"fr-FR"},{"@type":"Organization","@id":"https:\/\/www.webdo.tn\/fr\/#organization","name":"Webdo","alternateName":"Webdo.tn","url":"https:\/\/www.webdo.tn\/fr\/","logo":{"@type":"ImageObject","inLanguage":"fr-FR","@id":"https:\/\/www.webdo.tn\/fr\/#\/schema\/logo\/image\/","url":"https:\/\/www.webdo.tn\/fr\/wp-content\/uploads\/2025\/06\/Webdo-Tunisie_168377.jpg","contentUrl":"https:\/\/www.webdo.tn\/fr\/wp-content\/uploads\/2025\/06\/Webdo-Tunisie_168377.jpg","width":301,"height":301,"caption":"Webdo"},"image":{"@id":"https:\/\/www.webdo.tn\/fr\/#\/schema\/logo\/image\/"},"sameAs":["https:\/\/www.facebook.com\/webdotn","https:\/\/x.com\/webdo_tn"],"description":"Webdo est un m\u00e9dia num\u00e9rique tunisien fond\u00e9 en 2010, sp\u00e9cialis\u00e9 dans l\u2019actualit\u00e9 nationale et internationale, l\u2019\u00e9conomie, la soci\u00e9t\u00e9 et les analyses politiques. Le site s\u2019adresse \u00e0 un large public francophone et couvre l\u2019information tunisienne en temps r\u00e9el.","email":"redac@webdo.tn","legalName":"YNJ SARL","foundingDate":"2010-09-06","numberOfEmployees":{"@type":"QuantitativeValue","minValue":"11","maxValue":"50"}},{"@type":"Person","@id":"https:\/\/www.webdo.tn\/fr\/#\/schema\/person\/9a9c6118d687c117df8ef3cc36a4d175","name":"webdo.tn","image":{"@type":"ImageObject","inLanguage":"fr-FR","@id":"https:\/\/secure.gravatar.com\/avatar\/7ce1f28c0c3bbac99ff550b85ef8e44a6950c6ee24514fb6a5489e51d06f0298?s=96&d=mm&r=g","url":"https:\/\/secure.gravatar.com\/avatar\/7ce1f28c0c3bbac99ff550b85ef8e44a6950c6ee24514fb6a5489e51d06f0298?s=96&d=mm&r=g","contentUrl":"https:\/\/secure.gravatar.com\/avatar\/7ce1f28c0c3bbac99ff550b85ef8e44a6950c6ee24514fb6a5489e51d06f0298?s=96&d=mm&r=g","caption":"webdo.tn"},"url":"https:\/\/www.webdo.tn\/fr\/actualite\/author\/webdotn\/"}]}},"_links":{"self":[{"href":"https:\/\/www.webdo.tn\/fr\/wp-json\/wp\/v2\/posts\/173328","targetHints":{"allow":["GET"]}}],"collection":[{"href":"https:\/\/www.webdo.tn\/fr\/wp-json\/wp\/v2\/posts"}],"about":[{"href":"https:\/\/www.webdo.tn\/fr\/wp-json\/wp\/v2\/types\/post"}],"author":[{"embeddable":true,"href":"https:\/\/www.webdo.tn\/fr\/wp-json\/wp\/v2\/users\/3222"}],"replies":[{"embeddable":true,"href":"https:\/\/www.webdo.tn\/fr\/wp-json\/wp\/v2\/comments?post=173328"}],"version-history":[{"count":0,"href":"https:\/\/www.webdo.tn\/fr\/wp-json\/wp\/v2\/posts\/173328\/revisions"}],"wp:featuredmedia":[{"embeddable":true,"href":"https:\/\/www.webdo.tn\/fr\/wp-json\/wp\/v2\/media\/296368"}],"wp:attachment":[{"href":"https:\/\/www.webdo.tn\/fr\/wp-json\/wp\/v2\/media?parent=173328"}],"wp:term":[{"taxonomy":"category","embeddable":true,"href":"https:\/\/www.webdo.tn\/fr\/wp-json\/wp\/v2\/categories?post=173328"},{"taxonomy":"post_tag","embeddable":true,"href":"https:\/\/www.webdo.tn\/fr\/wp-json\/wp\/v2\/tags?post=173328"}],"curies":[{"name":"wp","href":"https:\/\/api.w.org\/{rel}","templated":true}]}}