{"id":173325,"date":"2019-02-01T11:11:00","date_gmt":"2019-02-01T11:11:00","guid":{"rendered":"https:\/\/www.webdo.tn\/fr\/blog\/je-ne-vous-aime-pas\/173325\/"},"modified":"2025-05-18T23:07:33","modified_gmt":"2025-05-18T23:07:33","slug":"je-ne-vous-aime-pas","status":"publish","type":"post","link":"https:\/\/www.webdo.tn\/fr\/actualite\/tunis-hebdo\/je-ne-vous-aime-pas\/173325\/","title":{"rendered":"Je ne vous aime pas\u00a0!"},"content":{"rendered":"<p>Voil\u00e0, en guise d\u2019avance sur la Saint Valentin, une d\u00e9claration de d\u00e9samour \u00e0 l\u2019attention de personnes publiques ou anonymes qui se reconna\u00eetront facilement.<\/p>\n<p>Je n\u2019aime pas ceux qui me sourient au visage et me poignardent dans le dos.<br \/>\nJe n\u2019aime pas ceux qui changent de veste et \u00abtournent avec le vent\u00bb.<br \/>\nJe n\u2019aime pas ceux qui ne font pas ce qu\u2019ils disent, ni ceux qui parlent \u00e0 propos de ce qu\u2019ils ne font pas.<\/p>\n<p>Je n\u2019aime pas les fanfarons, les grandes gueules et les autres paons d\u2019occasion.<br \/>\nJe n\u2019aime pas ceux qui, dans leur jeunesse, ont fait les quatre cents coups et s\u2019\u00e9rigent, aujourd\u2019hui, en donneurs de le\u00e7ons.<br \/>\nJe n\u2019aime pas ceux qui chantent toujours la m\u00eame chanson, au nom de la continuit\u00e9 ou de la tradition.<\/p>\n<p>Je n\u2019aime pas ceux qui se fabriquent un pass\u00e9 sur mesure, pour embellir un pr\u00e9sent immonde.<br \/>\nJe n\u2019aime pas ceux qui se taisent lorsqu\u2019on leur marche sur le pied, et parfois m\u00eame sur les deux pieds.<br \/>\nJe n\u2019aime pas ceux qui cachent leur int\u00e9r\u00eat personnel derri\u00e8re une fausse grande cause.<\/p>\n<p>Je n\u2019aime pas ceux qui tirent sur tout ce qui bouge, mais ne font rien pour faire bouger les choses.<br \/>\nJe n\u2019aime pas ceux qui ont pour maxime \u00abFaites ce que je vous dis, mais ne faites pas ce que je fais\u00a0!\u00bb.<br \/>\nJe n\u2019aime pas ceux qui ne pensent qu\u2019\u00e0 sauver les apparences et passent \u00e0 c\u00f4t\u00e9 de l\u2019essentiel.<\/p>\n<p>Je n\u2019aime pas ceux qui s\u2019aplatissent l\u00e8chent les bottes et ne cessent de remuer la queue pour un os jet\u00e9 par le ma\u00eetre\u2026<br \/>\nJe n\u2019aime pas ceux qui se remplissent les poches et le ventre, et viennent \u00e0 la t\u00e9l\u00e9 parler au nom du peuple.<br \/>\nJe n\u2019aime pas ceux qui s\u00e8ment le vent et laissent les autres r\u00e9colter la temp\u00eate.<\/p>\n<p>Je n\u2019aime pas les menteurs professionnels de la politique, ni les vendeurs de r\u00eaves \u00e9ph\u00e9m\u00e8res \u00e0 des \u00e9lecteurs d\u00e9sesp\u00e9r\u00e9s.<br \/>\nJe n\u2019aime pas les beaux-parleurs qui noient leurs mauvaises intentions dans un flot de phrases mielleuses.<br \/>\nJe n\u2019aime pas les m\u00e9diocres, et surtout lorsqu\u2019ils se doublent d\u2019arrivistes avides de pouvoir.<\/p>\n<p>Je n\u2019aime pas les magouilleurs qui trempent dans toutes les sauces, pour les besoins de leur cause.<br \/>\nJe n\u2019aime pas ceux qui \u00e9talent leur richesse (souvent mal acquise) et leur mauvais go\u00fbt (plus que certain) sous le regard des pauvres gens.<br \/>\nJe n\u2019aime pas les adeptes du double langage et les amateurs du double r\u00f4le.<\/p>\n<p>Je n\u2019aime pas les b\u00e9ni-oui-oui qui cautionnent tout par un simple hochement de t\u00eate.<br \/>\nJe n\u2019aime pas les politiciens qui se chamaillent, se bagarrent, s\u2019entretuent \u00e0 propos de tout, sauf la cause du peuple.<br \/>\nJe n\u2019aime pas\u2026 je n\u2019aime pas\u2026 Ah\u00a0! Qu\u2019est-ce qu\u2019on peut ne pas aimer dans notre monde ci-bas (et si bas aussi).<\/p>\n<p>Quel soulagement de pouvoir le dire quand on le peut\u00a0! Mais quelle frustration lorsqu\u2019on ne peut le crier tout haut au visage de ceux que l\u2019on n\u2019aime pas, et ils sont plus nombreux, bien s\u00fbr, que les quelques sp\u00e9cimens de la liste ci-haut dress\u00e9e\u00a0!<\/p>\n<p>Maintenant, et pour compl\u00e9ter la liste, c\u2019est \u00e0 vous, ch\u00e8res lectrices, chers lecteurs de vous soulager\u00a0:<br \/>\n\u00abJe n\u2019aime pas\u2026\u2026\u2026\u2026\u2026\u2026\u2026\u2026\u2026\u2026\u2026\u2026\u2026\u2026.\u00bb.<br \/>\n\u00abJe n\u2019aime pas&#8230;&#8230;&#8230;&#8230;&#8230;&#8230;&#8230;&#8230;&#8230;&#8230;&#8230;&#8230;&#8230;&#8230;&#8230;&#8230;&#8230;&#8230;&#8230;\u00bb.<br \/>\nAdel LAHMAR<br \/>\nTunis-Hebdo du 28\/01\/2019<\/p>\n","protected":false},"excerpt":{"rendered":"<p>Je ne vous aime pas\u00a0!<\/p>\n","protected":false},"author":3222,"featured_media":296353,"comment_status":"open","ping_status":"closed","sticky":false,"template":"","format":"standard","meta":{"footnotes":""},"categories":[7653],"tags":[2600],"class_list":["post-173325","post","type-post","status-publish","format-standard","has-post-thumbnail","hentry","category-tunis-hebdo","tag-guerre"],"yoast_head":"<!-- This site is optimized with the Yoast SEO Premium plugin v27.4 (Yoast SEO v27.4) - https:\/\/yoast.com\/product\/yoast-seo-premium-wordpress\/ -->\n<title>Je ne vous aime pas\u00a0!<\/title>\n<meta name=\"description\" content=\"Je ne vous aime pas\u00a0!\" \/>\n<link rel=\"canonical\" href=\"https:\/\/www.webdo.tn\/fr\/actualite\/tunis-hebdo\/je-ne-vous-aime-pas\/173325\/\" \/>\n<meta property=\"og:locale\" content=\"fr_FR\" \/>\n<meta property=\"og:type\" content=\"article\" \/>\n<meta property=\"og:title\" content=\"Je ne vous aime pas\u00a0!\" \/>\n<meta property=\"og:description\" content=\"Je ne vous aime pas\u00a0!\" \/>\n<meta property=\"og:url\" content=\"https:\/\/www.webdo.tn\/fr\/actualite\/tunis-hebdo\/je-ne-vous-aime-pas\/173325\/\" \/>\n<meta property=\"og:site_name\" content=\"webdo\" \/>\n<meta property=\"article:publisher\" content=\"https:\/\/www.facebook.com\/webdotn\" \/>\n<meta property=\"article:published_time\" content=\"2019-02-01T11:11:00+00:00\" \/>\n<meta property=\"article:modified_time\" content=\"2025-05-18T23:07:33+00:00\" \/>\n<meta property=\"og:image\" content=\"https:\/\/www.webdo.tn\/fr\/wp-content\/uploads\/2019\/02\/je-n-8-300x148-1.jpg\" \/>\n\t<meta property=\"og:image:width\" content=\"300\" \/>\n\t<meta property=\"og:image:height\" content=\"148\" \/>\n\t<meta property=\"og:image:type\" content=\"image\/jpeg\" \/>\n<meta name=\"author\" content=\"webdo.tn\" \/>\n<meta name=\"twitter:card\" content=\"summary_large_image\" \/>\n<meta name=\"twitter:creator\" content=\"@webdo_tn\" \/>\n<meta name=\"twitter:site\" content=\"@webdo_tn\" \/>\n<meta name=\"twitter:label1\" content=\"\u00c9crit par\" \/>\n\t<meta name=\"twitter:data1\" content=\"webdo.tn\" \/>\n\t<meta name=\"twitter:label2\" content=\"Dur\u00e9e de lecture estim\u00e9e\" \/>\n\t<meta name=\"twitter:data2\" content=\"3 minutes\" \/>\n<script type=\"application\/ld+json\" class=\"yoast-schema-graph\">{\"@context\":\"https:\\\/\\\/schema.org\",\"@graph\":[{\"@type\":\"NewsArticle\",\"@id\":\"https:\\\/\\\/www.webdo.tn\\\/fr\\\/actualite\\\/tunis-hebdo\\\/je-ne-vous-aime-pas\\\/173325\\\/#article\",\"isPartOf\":{\"@id\":\"https:\\\/\\\/www.webdo.tn\\\/fr\\\/actualite\\\/tunis-hebdo\\\/je-ne-vous-aime-pas\\\/173325\\\/\"},\"author\":{\"name\":\"webdo.tn\",\"@id\":\"https:\\\/\\\/www.webdo.tn\\\/fr\\\/#\\\/schema\\\/person\\\/9a9c6118d687c117df8ef3cc36a4d175\"},\"headline\":\"Je ne vous aime pas\u00a0!\",\"datePublished\":\"2019-02-01T11:11:00+00:00\",\"dateModified\":\"2025-05-18T23:07:33+00:00\",\"mainEntityOfPage\":{\"@id\":\"https:\\\/\\\/www.webdo.tn\\\/fr\\\/actualite\\\/tunis-hebdo\\\/je-ne-vous-aime-pas\\\/173325\\\/\"},\"wordCount\":602,\"commentCount\":0,\"publisher\":{\"@id\":\"https:\\\/\\\/www.webdo.tn\\\/fr\\\/#organization\"},\"image\":{\"@id\":\"https:\\\/\\\/www.webdo.tn\\\/fr\\\/actualite\\\/tunis-hebdo\\\/je-ne-vous-aime-pas\\\/173325\\\/#primaryimage\"},\"thumbnailUrl\":\"https:\\\/\\\/www.webdo.tn\\\/fr\\\/wp-content\\\/uploads\\\/2019\\\/02\\\/je-n-8-300x148-1.jpg\",\"keywords\":[\"guerre\"],\"articleSection\":[\"Tunis-Hebdo\"],\"inLanguage\":\"fr-FR\"},{\"@type\":\"WebPage\",\"@id\":\"https:\\\/\\\/www.webdo.tn\\\/fr\\\/actualite\\\/tunis-hebdo\\\/je-ne-vous-aime-pas\\\/173325\\\/\",\"url\":\"https:\\\/\\\/www.webdo.tn\\\/fr\\\/actualite\\\/tunis-hebdo\\\/je-ne-vous-aime-pas\\\/173325\\\/\",\"name\":\"Je ne vous aime pas\u00a0!\",\"isPartOf\":{\"@id\":\"https:\\\/\\\/www.webdo.tn\\\/fr\\\/#website\"},\"primaryImageOfPage\":{\"@id\":\"https:\\\/\\\/www.webdo.tn\\\/fr\\\/actualite\\\/tunis-hebdo\\\/je-ne-vous-aime-pas\\\/173325\\\/#primaryimage\"},\"image\":{\"@id\":\"https:\\\/\\\/www.webdo.tn\\\/fr\\\/actualite\\\/tunis-hebdo\\\/je-ne-vous-aime-pas\\\/173325\\\/#primaryimage\"},\"thumbnailUrl\":\"https:\\\/\\\/www.webdo.tn\\\/fr\\\/wp-content\\\/uploads\\\/2019\\\/02\\\/je-n-8-300x148-1.jpg\",\"datePublished\":\"2019-02-01T11:11:00+00:00\",\"dateModified\":\"2025-05-18T23:07:33+00:00\",\"description\":\"Je ne vous aime pas\u00a0!\",\"breadcrumb\":{\"@id\":\"https:\\\/\\\/www.webdo.tn\\\/fr\\\/actualite\\\/tunis-hebdo\\\/je-ne-vous-aime-pas\\\/173325\\\/#breadcrumb\"},\"inLanguage\":\"fr-FR\",\"potentialAction\":[{\"@type\":\"ReadAction\",\"target\":[\"https:\\\/\\\/www.webdo.tn\\\/fr\\\/actualite\\\/tunis-hebdo\\\/je-ne-vous-aime-pas\\\/173325\\\/\"]}]},{\"@type\":\"ImageObject\",\"inLanguage\":\"fr-FR\",\"@id\":\"https:\\\/\\\/www.webdo.tn\\\/fr\\\/actualite\\\/tunis-hebdo\\\/je-ne-vous-aime-pas\\\/173325\\\/#primaryimage\",\"url\":\"https:\\\/\\\/www.webdo.tn\\\/fr\\\/wp-content\\\/uploads\\\/2019\\\/02\\\/je-n-8-300x148-1.jpg\",\"contentUrl\":\"https:\\\/\\\/www.webdo.tn\\\/fr\\\/wp-content\\\/uploads\\\/2019\\\/02\\\/je-n-8-300x148-1.jpg\",\"width\":300,\"height\":148,\"caption\":\"Je ne vous aime pas\u00a0!\"},{\"@type\":\"BreadcrumbList\",\"@id\":\"https:\\\/\\\/www.webdo.tn\\\/fr\\\/actualite\\\/tunis-hebdo\\\/je-ne-vous-aime-pas\\\/173325\\\/#breadcrumb\",\"itemListElement\":[{\"@type\":\"ListItem\",\"position\":1,\"name\":\"Accueil\",\"item\":\"https:\\\/\\\/www.webdo.tn\\\/fr\\\/\"},{\"@type\":\"ListItem\",\"position\":2,\"name\":\"Je ne vous aime pas\u00a0!\"}]},{\"@type\":\"WebSite\",\"@id\":\"https:\\\/\\\/www.webdo.tn\\\/fr\\\/#website\",\"url\":\"https:\\\/\\\/www.webdo.tn\\\/fr\\\/\",\"name\":\"webdo\",\"description\":\"Tunisie - News en Tunisie et \u00e0 l&#039;international sur Webdo.tn\",\"publisher\":{\"@id\":\"https:\\\/\\\/www.webdo.tn\\\/fr\\\/#organization\"},\"potentialAction\":[{\"@type\":\"SearchAction\",\"target\":{\"@type\":\"EntryPoint\",\"urlTemplate\":\"https:\\\/\\\/www.webdo.tn\\\/fr\\\/?s={search_term_string}\"},\"query-input\":{\"@type\":\"PropertyValueSpecification\",\"valueRequired\":true,\"valueName\":\"search_term_string\"}}],\"inLanguage\":\"fr-FR\"},{\"@type\":\"Organization\",\"@id\":\"https:\\\/\\\/www.webdo.tn\\\/fr\\\/#organization\",\"name\":\"Webdo\",\"alternateName\":\"Webdo.tn\",\"url\":\"https:\\\/\\\/www.webdo.tn\\\/fr\\\/\",\"logo\":{\"@type\":\"ImageObject\",\"inLanguage\":\"fr-FR\",\"@id\":\"https:\\\/\\\/www.webdo.tn\\\/fr\\\/#\\\/schema\\\/logo\\\/image\\\/\",\"url\":\"https:\\\/\\\/www.webdo.tn\\\/fr\\\/wp-content\\\/uploads\\\/2025\\\/06\\\/Webdo-Tunisie_168377.jpg\",\"contentUrl\":\"https:\\\/\\\/www.webdo.tn\\\/fr\\\/wp-content\\\/uploads\\\/2025\\\/06\\\/Webdo-Tunisie_168377.jpg\",\"width\":301,\"height\":301,\"caption\":\"Webdo\"},\"image\":{\"@id\":\"https:\\\/\\\/www.webdo.tn\\\/fr\\\/#\\\/schema\\\/logo\\\/image\\\/\"},\"sameAs\":[\"https:\\\/\\\/www.facebook.com\\\/webdotn\",\"https:\\\/\\\/x.com\\\/webdo_tn\"],\"description\":\"Webdo est un m\u00e9dia num\u00e9rique tunisien fond\u00e9 en 2010, sp\u00e9cialis\u00e9 dans l\u2019actualit\u00e9 nationale et internationale, l\u2019\u00e9conomie, la soci\u00e9t\u00e9 et les analyses politiques. Le site s\u2019adresse \u00e0 un large public francophone et couvre l\u2019information tunisienne en temps r\u00e9el.\",\"email\":\"redac@webdo.tn\",\"legalName\":\"YNJ SARL\",\"foundingDate\":\"2010-09-06\",\"numberOfEmployees\":{\"@type\":\"QuantitativeValue\",\"minValue\":\"11\",\"maxValue\":\"50\"}},{\"@type\":\"Person\",\"@id\":\"https:\\\/\\\/www.webdo.tn\\\/fr\\\/#\\\/schema\\\/person\\\/9a9c6118d687c117df8ef3cc36a4d175\",\"name\":\"webdo.tn\",\"image\":{\"@type\":\"ImageObject\",\"inLanguage\":\"fr-FR\",\"@id\":\"https:\\\/\\\/secure.gravatar.com\\\/avatar\\\/7ce1f28c0c3bbac99ff550b85ef8e44a6950c6ee24514fb6a5489e51d06f0298?s=96&d=mm&r=g\",\"url\":\"https:\\\/\\\/secure.gravatar.com\\\/avatar\\\/7ce1f28c0c3bbac99ff550b85ef8e44a6950c6ee24514fb6a5489e51d06f0298?s=96&d=mm&r=g\",\"contentUrl\":\"https:\\\/\\\/secure.gravatar.com\\\/avatar\\\/7ce1f28c0c3bbac99ff550b85ef8e44a6950c6ee24514fb6a5489e51d06f0298?s=96&d=mm&r=g\",\"caption\":\"webdo.tn\"},\"url\":\"https:\\\/\\\/www.webdo.tn\\\/fr\\\/actualite\\\/author\\\/webdotn\\\/\"}]}<\/script>\n<!-- \/ Yoast SEO Premium plugin. -->","yoast_head_json":{"title":"Je ne vous aime pas\u00a0!","description":"Je ne vous aime pas\u00a0!","canonical":"https:\/\/www.webdo.tn\/fr\/actualite\/tunis-hebdo\/je-ne-vous-aime-pas\/173325\/","og_locale":"fr_FR","og_type":"article","og_title":"Je ne vous aime pas\u00a0!","og_description":"Je ne vous aime pas\u00a0!","og_url":"https:\/\/www.webdo.tn\/fr\/actualite\/tunis-hebdo\/je-ne-vous-aime-pas\/173325\/","og_site_name":"webdo","article_publisher":"https:\/\/www.facebook.com\/webdotn","article_published_time":"2019-02-01T11:11:00+00:00","article_modified_time":"2025-05-18T23:07:33+00:00","og_image":[{"width":300,"height":148,"url":"https:\/\/www.webdo.tn\/fr\/wp-content\/uploads\/2019\/02\/je-n-8-300x148-1.jpg","type":"image\/jpeg"}],"author":"webdo.tn","twitter_card":"summary_large_image","twitter_creator":"@webdo_tn","twitter_site":"@webdo_tn","twitter_misc":{"\u00c9crit par":"webdo.tn","Dur\u00e9e de lecture estim\u00e9e":"3 minutes"},"schema":{"@context":"https:\/\/schema.org","@graph":[{"@type":"NewsArticle","@id":"https:\/\/www.webdo.tn\/fr\/actualite\/tunis-hebdo\/je-ne-vous-aime-pas\/173325\/#article","isPartOf":{"@id":"https:\/\/www.webdo.tn\/fr\/actualite\/tunis-hebdo\/je-ne-vous-aime-pas\/173325\/"},"author":{"name":"webdo.tn","@id":"https:\/\/www.webdo.tn\/fr\/#\/schema\/person\/9a9c6118d687c117df8ef3cc36a4d175"},"headline":"Je ne vous aime pas\u00a0!","datePublished":"2019-02-01T11:11:00+00:00","dateModified":"2025-05-18T23:07:33+00:00","mainEntityOfPage":{"@id":"https:\/\/www.webdo.tn\/fr\/actualite\/tunis-hebdo\/je-ne-vous-aime-pas\/173325\/"},"wordCount":602,"commentCount":0,"publisher":{"@id":"https:\/\/www.webdo.tn\/fr\/#organization"},"image":{"@id":"https:\/\/www.webdo.tn\/fr\/actualite\/tunis-hebdo\/je-ne-vous-aime-pas\/173325\/#primaryimage"},"thumbnailUrl":"https:\/\/www.webdo.tn\/fr\/wp-content\/uploads\/2019\/02\/je-n-8-300x148-1.jpg","keywords":["guerre"],"articleSection":["Tunis-Hebdo"],"inLanguage":"fr-FR"},{"@type":"WebPage","@id":"https:\/\/www.webdo.tn\/fr\/actualite\/tunis-hebdo\/je-ne-vous-aime-pas\/173325\/","url":"https:\/\/www.webdo.tn\/fr\/actualite\/tunis-hebdo\/je-ne-vous-aime-pas\/173325\/","name":"Je ne vous aime pas\u00a0!","isPartOf":{"@id":"https:\/\/www.webdo.tn\/fr\/#website"},"primaryImageOfPage":{"@id":"https:\/\/www.webdo.tn\/fr\/actualite\/tunis-hebdo\/je-ne-vous-aime-pas\/173325\/#primaryimage"},"image":{"@id":"https:\/\/www.webdo.tn\/fr\/actualite\/tunis-hebdo\/je-ne-vous-aime-pas\/173325\/#primaryimage"},"thumbnailUrl":"https:\/\/www.webdo.tn\/fr\/wp-content\/uploads\/2019\/02\/je-n-8-300x148-1.jpg","datePublished":"2019-02-01T11:11:00+00:00","dateModified":"2025-05-18T23:07:33+00:00","description":"Je ne vous aime pas\u00a0!","breadcrumb":{"@id":"https:\/\/www.webdo.tn\/fr\/actualite\/tunis-hebdo\/je-ne-vous-aime-pas\/173325\/#breadcrumb"},"inLanguage":"fr-FR","potentialAction":[{"@type":"ReadAction","target":["https:\/\/www.webdo.tn\/fr\/actualite\/tunis-hebdo\/je-ne-vous-aime-pas\/173325\/"]}]},{"@type":"ImageObject","inLanguage":"fr-FR","@id":"https:\/\/www.webdo.tn\/fr\/actualite\/tunis-hebdo\/je-ne-vous-aime-pas\/173325\/#primaryimage","url":"https:\/\/www.webdo.tn\/fr\/wp-content\/uploads\/2019\/02\/je-n-8-300x148-1.jpg","contentUrl":"https:\/\/www.webdo.tn\/fr\/wp-content\/uploads\/2019\/02\/je-n-8-300x148-1.jpg","width":300,"height":148,"caption":"Je ne vous aime pas\u00a0!"},{"@type":"BreadcrumbList","@id":"https:\/\/www.webdo.tn\/fr\/actualite\/tunis-hebdo\/je-ne-vous-aime-pas\/173325\/#breadcrumb","itemListElement":[{"@type":"ListItem","position":1,"name":"Accueil","item":"https:\/\/www.webdo.tn\/fr\/"},{"@type":"ListItem","position":2,"name":"Je ne vous aime pas\u00a0!"}]},{"@type":"WebSite","@id":"https:\/\/www.webdo.tn\/fr\/#website","url":"https:\/\/www.webdo.tn\/fr\/","name":"webdo","description":"Tunisie - News en Tunisie et \u00e0 l&#039;international sur Webdo.tn","publisher":{"@id":"https:\/\/www.webdo.tn\/fr\/#organization"},"potentialAction":[{"@type":"SearchAction","target":{"@type":"EntryPoint","urlTemplate":"https:\/\/www.webdo.tn\/fr\/?s={search_term_string}"},"query-input":{"@type":"PropertyValueSpecification","valueRequired":true,"valueName":"search_term_string"}}],"inLanguage":"fr-FR"},{"@type":"Organization","@id":"https:\/\/www.webdo.tn\/fr\/#organization","name":"Webdo","alternateName":"Webdo.tn","url":"https:\/\/www.webdo.tn\/fr\/","logo":{"@type":"ImageObject","inLanguage":"fr-FR","@id":"https:\/\/www.webdo.tn\/fr\/#\/schema\/logo\/image\/","url":"https:\/\/www.webdo.tn\/fr\/wp-content\/uploads\/2025\/06\/Webdo-Tunisie_168377.jpg","contentUrl":"https:\/\/www.webdo.tn\/fr\/wp-content\/uploads\/2025\/06\/Webdo-Tunisie_168377.jpg","width":301,"height":301,"caption":"Webdo"},"image":{"@id":"https:\/\/www.webdo.tn\/fr\/#\/schema\/logo\/image\/"},"sameAs":["https:\/\/www.facebook.com\/webdotn","https:\/\/x.com\/webdo_tn"],"description":"Webdo est un m\u00e9dia num\u00e9rique tunisien fond\u00e9 en 2010, sp\u00e9cialis\u00e9 dans l\u2019actualit\u00e9 nationale et internationale, l\u2019\u00e9conomie, la soci\u00e9t\u00e9 et les analyses politiques. Le site s\u2019adresse \u00e0 un large public francophone et couvre l\u2019information tunisienne en temps r\u00e9el.","email":"redac@webdo.tn","legalName":"YNJ SARL","foundingDate":"2010-09-06","numberOfEmployees":{"@type":"QuantitativeValue","minValue":"11","maxValue":"50"}},{"@type":"Person","@id":"https:\/\/www.webdo.tn\/fr\/#\/schema\/person\/9a9c6118d687c117df8ef3cc36a4d175","name":"webdo.tn","image":{"@type":"ImageObject","inLanguage":"fr-FR","@id":"https:\/\/secure.gravatar.com\/avatar\/7ce1f28c0c3bbac99ff550b85ef8e44a6950c6ee24514fb6a5489e51d06f0298?s=96&d=mm&r=g","url":"https:\/\/secure.gravatar.com\/avatar\/7ce1f28c0c3bbac99ff550b85ef8e44a6950c6ee24514fb6a5489e51d06f0298?s=96&d=mm&r=g","contentUrl":"https:\/\/secure.gravatar.com\/avatar\/7ce1f28c0c3bbac99ff550b85ef8e44a6950c6ee24514fb6a5489e51d06f0298?s=96&d=mm&r=g","caption":"webdo.tn"},"url":"https:\/\/www.webdo.tn\/fr\/actualite\/author\/webdotn\/"}]}},"_links":{"self":[{"href":"https:\/\/www.webdo.tn\/fr\/wp-json\/wp\/v2\/posts\/173325","targetHints":{"allow":["GET"]}}],"collection":[{"href":"https:\/\/www.webdo.tn\/fr\/wp-json\/wp\/v2\/posts"}],"about":[{"href":"https:\/\/www.webdo.tn\/fr\/wp-json\/wp\/v2\/types\/post"}],"author":[{"embeddable":true,"href":"https:\/\/www.webdo.tn\/fr\/wp-json\/wp\/v2\/users\/3222"}],"replies":[{"embeddable":true,"href":"https:\/\/www.webdo.tn\/fr\/wp-json\/wp\/v2\/comments?post=173325"}],"version-history":[{"count":0,"href":"https:\/\/www.webdo.tn\/fr\/wp-json\/wp\/v2\/posts\/173325\/revisions"}],"wp:featuredmedia":[{"embeddable":true,"href":"https:\/\/www.webdo.tn\/fr\/wp-json\/wp\/v2\/media\/296353"}],"wp:attachment":[{"href":"https:\/\/www.webdo.tn\/fr\/wp-json\/wp\/v2\/media?parent=173325"}],"wp:term":[{"taxonomy":"category","embeddable":true,"href":"https:\/\/www.webdo.tn\/fr\/wp-json\/wp\/v2\/categories?post=173325"},{"taxonomy":"post_tag","embeddable":true,"href":"https:\/\/www.webdo.tn\/fr\/wp-json\/wp\/v2\/tags?post=173325"}],"curies":[{"name":"wp","href":"https:\/\/api.w.org\/{rel}","templated":true}]}}