{"id":173324,"date":"2019-02-05T15:34:00","date_gmt":"2019-02-05T15:34:00","guid":{"rendered":"https:\/\/www.webdo.tn\/fr\/blog\/hosni-boufaden-president-de-la-ftth-nous-exportons-nos-vetements-au-tiers-de-leur-valeur-reelle\/173324\/"},"modified":"2019-02-05T15:34:00","modified_gmt":"2019-02-05T15:34:00","slug":"hosni-boufaden-president-de-la-ftth-nous-exportons-nos-vetements-au-tiers-de-leur-valeur-reelle","status":"publish","type":"post","link":"https:\/\/www.webdo.tn\/fr\/actualite\/tunis-hebdo\/hosni-boufaden-president-de-la-ftth-nous-exportons-nos-vetements-au-tiers-de-leur-valeur-reelle\/173324\/","title":{"rendered":"Hosni Boufaden (pr\u00e9sident de la FTTH) : \u00ab\u00a0Nous exportons nos v\u00eatements au tiers de leur valeur r\u00e9elle !\u00a0\u00bb"},"content":{"rendered":"<p>Au lieu de vendre \u00e0 la France un costume \u00e0 38 euros, on le vend \u00e0 13 euros !\u00bb<\/p>\n<p>Lors du Congr\u00e8s annuel de la F\u00e9d\u00e9ration tunisienne du textile et de l\u2019habillement (FTTH) qui s\u2019est tenu du 27 janvier au 1er f\u00e9vrier 2019 \u00e0 Sousse, le chef du Gouvernement, Youssef Chahed, est revenu sur la n\u00e9cessit\u00e9 de r\u00e9former le secteur du textile afin qu\u2019il puisse g\u00e9n\u00e9rer quatre milliards d\u2019euros d\u2019exportation \u00e0 l\u2019horizon 2023.<br \/>\nNos politiques sont pass\u00e9s ma\u00eetres dans l\u2019art d\u2019embobiner les gens en avan\u00e7ant les recettes astronomiques que la Tunisie fera, d\u2019ici quelque temps, dans tel ou tel secteur.<\/p>\n<p>On a pr\u00eat\u00e9 au secteur \u00abtextile et habillement\u00bb qu\u2019il exportera pour 4 milliards d\u2019euros (13, 3 milliards de dinars) d\u2019ici quatre ans.<\/p>\n<p>Nul besoin d\u2019avoir une licence en \u00e9conomie pour savoir qu\u2019il est inutile d\u2019\u00e9voquer la valeur des exportations sans mentionner celle des importations. Car \u00e0 quoi bon vendre pour quatre milliards, si l\u2019on ach\u00e8te pour cinq ? Passons au crible l\u2019historique chiffr\u00e9 de ce secteur&#8230;<\/p>\n<p>En perdition depuis la r\u00e9volution, le secteur du textile et de l\u2019habillement tente, un tant soit peu, de s\u2019en sortir, malgr\u00e9 la concurrence d\u00e9loyale du march\u00e9 turc, les ravages du ch\u00f4mage et la mauvaise gestion du minist\u00e8re de tutelle.<\/p>\n<p>D\u2019apr\u00e8s les chiffres de l\u2019Institut national de la statistique (INS), la balance commerciale des produits \u00abtextile et habillement\u00bb est, certes, exc\u00e9dentaire depuis 2013, mais elle ne fait que diminuer d\u2019ann\u00e9e en ann\u00e9e.<\/p>\n<p>En 2013, nous avons export\u00e9 pour 6227,2 millions de dinars (MD) et import\u00e9 pour 4473,4 MD, soit un taux de couverture de 139%. Ce taux n\u2019a pas cess\u00e9 de diminuer au cours de ces derni\u00e8res ann\u00e9es pour atteindre 134% en 2014, 129% en 2015, 126% en 2016 et 123% en 2017. A ce rythme, les importations du secteur \u00abtextile et habillement\u00bb exc\u00e8deront les exportations d\u2019ici 2025.<\/p>\n<p>Hosni Boufaden, pr\u00e9sident de la F\u00e9d\u00e9ration tunisienne du textile et de l\u2019habillement (FTTH), a bien voulu nous expliquer les tenants et les aboutissants de ce congr\u00e8s et nous \u00e9clairer sur la situation actuelle du secteur : \u00abL\u2019objectif des 4 milliards d\u2019euros d\u2019exportations n\u2019est pas une simple estimation des recettes en terme de quantit\u00e9, mais une remise en question du secteur afin de r\u00e9cup\u00e9rer ce manque \u00e0 gagner qui nous \u00e9chappe depuis tant d\u2019ann\u00e9es.<\/p>\n<p>Cela s\u2019inscrit dans le cadre d\u2019un pacte sectoriel et de la mise en place d\u2019une s\u00e9rie de mesures que la F\u00e9d\u00e9ration a pr\u00e9sent\u00e9e \u00e0 M. Chahed lors de ce congr\u00e8s\u00bb.<\/p>\n<p>M. Boufaden nous a, par la suite, donn\u00e9 un aper\u00e7u de la situation actuelle : \u00abEn 2018, nous avons export\u00e9 pour 2,36 milliards d\u2019euros pour un taux de couverture de 126%, ce qui est assez faible. L\u2019ennui c\u2019est que nous ne faisons que de la sous-traitance en Tunisie.<\/p>\n<p>Par sous-traitance j\u2019entends la couture, qui est l\u2019\u00e9tape finale de la conception du v\u00eatement. Or, cette sous-traitance ne repr\u00e9sente que 30% du co\u00fbt global du produit. Le fait d\u2019importer de Turquie les mati\u00e8res premi\u00e8res n\u00e9cessaires \u00e0 la fabrication de nos articles nous fait perdre plus de 70% de notre chiffre d\u2019affaires.<\/p>\n<p>Au lieu de vendre \u00e0 la France un costume \u00e0 38 euros, on est oblig\u00e9 de le vendre au prix du travail \u00e0 fa\u00e7on, soit 13 euros !\u00bb<\/p>\n<p>Le pr\u00e9sident de la FTTH a conclu par une petite note d\u2019optimisme : \u00abIl est grand temps d\u2019envisager la cr\u00e9ation d\u2019une industrie en amont de la fili\u00e8re de sous-traitance pour nous lib\u00e9rer de ces importations on\u00e9reuses.<\/p>\n<p>Dans cette optique, dix projets de d\u00e9veloppement de tissus ont \u00e9t\u00e9 pr\u00e9sent\u00e9s au Premier ministre afin d\u2019augmenter notre chiffre d\u2019affaires de plus de 2 milliards d\u2019euros d\u2019ici 2023.\u00bb<br \/>\nMohamed Habib LADJIMI<br \/>\nTunis-Hebdo du 04\/02\/2019<\/p>\n","protected":false},"excerpt":{"rendered":"<p>Hosni Boufaden (pr\u00e9sident de la FTTH) :  Nous exportons nos v\u00eatements au tiers de leur valeur r\u00e9elle !<\/p>\n","protected":false},"author":3222,"featured_media":342356,"comment_status":"open","ping_status":"closed","sticky":false,"template":"","format":"standard","meta":{"footnotes":""},"categories":[7653],"tags":[2600],"class_list":["post-173324","post","type-post","status-publish","format-standard","has-post-thumbnail","hentry","category-tunis-hebdo","tag-guerre"],"yoast_head":"<!-- This site is optimized with the Yoast SEO Premium plugin v27.4 (Yoast SEO v27.4) - https:\/\/yoast.com\/product\/yoast-seo-premium-wordpress\/ -->\n<title>Hosni Boufaden (pr\u00e9sident de la FTTH) : Nous exportons nos v\u00eatements au tiers de leur valeur r\u00e9elle !<\/title>\n<meta name=\"description\" content=\"Hosni Boufaden (pr\u00e9sident de la FTTH) : Nous exportons nos v\u00eatements au tiers de leur valeur r\u00e9elle !\" \/>\n<link rel=\"canonical\" href=\"https:\/\/www.webdo.tn\/fr\/actualite\/tunis-hebdo\/hosni-boufaden-president-de-la-ftth-nous-exportons-nos-vetements-au-tiers-de-leur-valeur-reelle\/173324\/\" \/>\n<meta property=\"og:locale\" content=\"fr_FR\" \/>\n<meta property=\"og:type\" content=\"article\" \/>\n<meta property=\"og:title\" content=\"Hosni Boufaden (pr\u00e9sident de la FTTH) : &quot;Nous exportons nos v\u00eatements au tiers de leur valeur r\u00e9elle !&quot;\" \/>\n<meta property=\"og:description\" content=\"Hosni Boufaden (pr\u00e9sident de la FTTH) : Nous exportons nos v\u00eatements au tiers de leur valeur r\u00e9elle !\" \/>\n<meta property=\"og:url\" content=\"https:\/\/www.webdo.tn\/fr\/actualite\/tunis-hebdo\/hosni-boufaden-president-de-la-ftth-nous-exportons-nos-vetements-au-tiers-de-leur-valeur-reelle\/173324\/\" \/>\n<meta property=\"og:site_name\" content=\"webdo\" \/>\n<meta property=\"article:publisher\" content=\"https:\/\/www.facebook.com\/webdotn\" \/>\n<meta property=\"article:published_time\" content=\"2019-02-05T15:34:00+00:00\" \/>\n<meta property=\"og:image\" content=\"https:\/\/www.webdo.tn\/fr\/wp-content\/uploads\/2019\/02\/textile-1.jpg\" \/>\n\t<meta property=\"og:image:width\" content=\"500\" \/>\n\t<meta property=\"og:image:height\" content=\"300\" \/>\n\t<meta property=\"og:image:type\" content=\"image\/jpeg\" \/>\n<meta name=\"author\" content=\"webdo.tn\" \/>\n<meta name=\"twitter:card\" content=\"summary_large_image\" \/>\n<meta name=\"twitter:creator\" content=\"@webdo_tn\" \/>\n<meta name=\"twitter:site\" content=\"@webdo_tn\" \/>\n<meta name=\"twitter:label1\" content=\"\u00c9crit par\" \/>\n\t<meta name=\"twitter:data1\" content=\"webdo.tn\" \/>\n\t<meta name=\"twitter:label2\" content=\"Dur\u00e9e de lecture estim\u00e9e\" \/>\n\t<meta name=\"twitter:data2\" content=\"3 minutes\" \/>\n<script type=\"application\/ld+json\" class=\"yoast-schema-graph\">{\"@context\":\"https:\\\/\\\/schema.org\",\"@graph\":[{\"@type\":\"NewsArticle\",\"@id\":\"https:\\\/\\\/www.webdo.tn\\\/fr\\\/actualite\\\/tunis-hebdo\\\/hosni-boufaden-president-de-la-ftth-nous-exportons-nos-vetements-au-tiers-de-leur-valeur-reelle\\\/173324\\\/#article\",\"isPartOf\":{\"@id\":\"https:\\\/\\\/www.webdo.tn\\\/fr\\\/actualite\\\/tunis-hebdo\\\/hosni-boufaden-president-de-la-ftth-nous-exportons-nos-vetements-au-tiers-de-leur-valeur-reelle\\\/173324\\\/\"},\"author\":{\"name\":\"webdo.tn\",\"@id\":\"https:\\\/\\\/www.webdo.tn\\\/fr\\\/#\\\/schema\\\/person\\\/9a9c6118d687c117df8ef3cc36a4d175\"},\"headline\":\"Hosni Boufaden (pr\u00e9sident de la FTTH) : \u00ab\u00a0Nous exportons nos v\u00eatements au tiers de leur valeur r\u00e9elle !\u00a0\u00bb\",\"datePublished\":\"2019-02-05T15:34:00+00:00\",\"mainEntityOfPage\":{\"@id\":\"https:\\\/\\\/www.webdo.tn\\\/fr\\\/actualite\\\/tunis-hebdo\\\/hosni-boufaden-president-de-la-ftth-nous-exportons-nos-vetements-au-tiers-de-leur-valeur-reelle\\\/173324\\\/\"},\"wordCount\":671,\"commentCount\":0,\"publisher\":{\"@id\":\"https:\\\/\\\/www.webdo.tn\\\/fr\\\/#organization\"},\"image\":{\"@id\":\"https:\\\/\\\/www.webdo.tn\\\/fr\\\/actualite\\\/tunis-hebdo\\\/hosni-boufaden-president-de-la-ftth-nous-exportons-nos-vetements-au-tiers-de-leur-valeur-reelle\\\/173324\\\/#primaryimage\"},\"thumbnailUrl\":\"https:\\\/\\\/www.webdo.tn\\\/fr\\\/wp-content\\\/uploads\\\/2019\\\/02\\\/textile-1.jpg\",\"keywords\":[\"guerre\"],\"articleSection\":[\"Tunis-Hebdo\"],\"inLanguage\":\"fr-FR\"},{\"@type\":\"WebPage\",\"@id\":\"https:\\\/\\\/www.webdo.tn\\\/fr\\\/actualite\\\/tunis-hebdo\\\/hosni-boufaden-president-de-la-ftth-nous-exportons-nos-vetements-au-tiers-de-leur-valeur-reelle\\\/173324\\\/\",\"url\":\"https:\\\/\\\/www.webdo.tn\\\/fr\\\/actualite\\\/tunis-hebdo\\\/hosni-boufaden-president-de-la-ftth-nous-exportons-nos-vetements-au-tiers-de-leur-valeur-reelle\\\/173324\\\/\",\"name\":\"Hosni Boufaden (pr\u00e9sident de la FTTH) : Nous exportons nos v\u00eatements au tiers de leur valeur r\u00e9elle !\",\"isPartOf\":{\"@id\":\"https:\\\/\\\/www.webdo.tn\\\/fr\\\/#website\"},\"primaryImageOfPage\":{\"@id\":\"https:\\\/\\\/www.webdo.tn\\\/fr\\\/actualite\\\/tunis-hebdo\\\/hosni-boufaden-president-de-la-ftth-nous-exportons-nos-vetements-au-tiers-de-leur-valeur-reelle\\\/173324\\\/#primaryimage\"},\"image\":{\"@id\":\"https:\\\/\\\/www.webdo.tn\\\/fr\\\/actualite\\\/tunis-hebdo\\\/hosni-boufaden-president-de-la-ftth-nous-exportons-nos-vetements-au-tiers-de-leur-valeur-reelle\\\/173324\\\/#primaryimage\"},\"thumbnailUrl\":\"https:\\\/\\\/www.webdo.tn\\\/fr\\\/wp-content\\\/uploads\\\/2019\\\/02\\\/textile-1.jpg\",\"datePublished\":\"2019-02-05T15:34:00+00:00\",\"description\":\"Hosni Boufaden (pr\u00e9sident de la FTTH) : Nous exportons nos v\u00eatements au tiers de leur valeur r\u00e9elle !\",\"breadcrumb\":{\"@id\":\"https:\\\/\\\/www.webdo.tn\\\/fr\\\/actualite\\\/tunis-hebdo\\\/hosni-boufaden-president-de-la-ftth-nous-exportons-nos-vetements-au-tiers-de-leur-valeur-reelle\\\/173324\\\/#breadcrumb\"},\"inLanguage\":\"fr-FR\",\"potentialAction\":[{\"@type\":\"ReadAction\",\"target\":[\"https:\\\/\\\/www.webdo.tn\\\/fr\\\/actualite\\\/tunis-hebdo\\\/hosni-boufaden-president-de-la-ftth-nous-exportons-nos-vetements-au-tiers-de-leur-valeur-reelle\\\/173324\\\/\"]}]},{\"@type\":\"ImageObject\",\"inLanguage\":\"fr-FR\",\"@id\":\"https:\\\/\\\/www.webdo.tn\\\/fr\\\/actualite\\\/tunis-hebdo\\\/hosni-boufaden-president-de-la-ftth-nous-exportons-nos-vetements-au-tiers-de-leur-valeur-reelle\\\/173324\\\/#primaryimage\",\"url\":\"https:\\\/\\\/www.webdo.tn\\\/fr\\\/wp-content\\\/uploads\\\/2019\\\/02\\\/textile-1.jpg\",\"contentUrl\":\"https:\\\/\\\/www.webdo.tn\\\/fr\\\/wp-content\\\/uploads\\\/2019\\\/02\\\/textile-1.jpg\",\"width\":500,\"height\":300,\"caption\":\"Hosni Boufaden (pr\u00e9sident de la FTTH) : \\\"Nous exportons nos v\u00eatements au tiers de leur valeur r\u00e9elle !\\\"\"},{\"@type\":\"BreadcrumbList\",\"@id\":\"https:\\\/\\\/www.webdo.tn\\\/fr\\\/actualite\\\/tunis-hebdo\\\/hosni-boufaden-president-de-la-ftth-nous-exportons-nos-vetements-au-tiers-de-leur-valeur-reelle\\\/173324\\\/#breadcrumb\",\"itemListElement\":[{\"@type\":\"ListItem\",\"position\":1,\"name\":\"Accueil\",\"item\":\"https:\\\/\\\/www.webdo.tn\\\/fr\\\/\"},{\"@type\":\"ListItem\",\"position\":2,\"name\":\"Hosni Boufaden (pr\u00e9sident de la FTTH) : \u00ab\u00a0Nous exportons nos v\u00eatements au tiers de leur valeur r\u00e9elle !\u00a0\u00bb\"}]},{\"@type\":\"WebSite\",\"@id\":\"https:\\\/\\\/www.webdo.tn\\\/fr\\\/#website\",\"url\":\"https:\\\/\\\/www.webdo.tn\\\/fr\\\/\",\"name\":\"webdo\",\"description\":\"Tunisie - News en Tunisie et \u00e0 l&#039;international sur Webdo.tn\",\"publisher\":{\"@id\":\"https:\\\/\\\/www.webdo.tn\\\/fr\\\/#organization\"},\"potentialAction\":[{\"@type\":\"SearchAction\",\"target\":{\"@type\":\"EntryPoint\",\"urlTemplate\":\"https:\\\/\\\/www.webdo.tn\\\/fr\\\/?s={search_term_string}\"},\"query-input\":{\"@type\":\"PropertyValueSpecification\",\"valueRequired\":true,\"valueName\":\"search_term_string\"}}],\"inLanguage\":\"fr-FR\"},{\"@type\":\"Organization\",\"@id\":\"https:\\\/\\\/www.webdo.tn\\\/fr\\\/#organization\",\"name\":\"Webdo\",\"alternateName\":\"Webdo.tn\",\"url\":\"https:\\\/\\\/www.webdo.tn\\\/fr\\\/\",\"logo\":{\"@type\":\"ImageObject\",\"inLanguage\":\"fr-FR\",\"@id\":\"https:\\\/\\\/www.webdo.tn\\\/fr\\\/#\\\/schema\\\/logo\\\/image\\\/\",\"url\":\"https:\\\/\\\/www.webdo.tn\\\/fr\\\/wp-content\\\/uploads\\\/2025\\\/06\\\/Webdo-Tunisie_168377.jpg\",\"contentUrl\":\"https:\\\/\\\/www.webdo.tn\\\/fr\\\/wp-content\\\/uploads\\\/2025\\\/06\\\/Webdo-Tunisie_168377.jpg\",\"width\":301,\"height\":301,\"caption\":\"Webdo\"},\"image\":{\"@id\":\"https:\\\/\\\/www.webdo.tn\\\/fr\\\/#\\\/schema\\\/logo\\\/image\\\/\"},\"sameAs\":[\"https:\\\/\\\/www.facebook.com\\\/webdotn\",\"https:\\\/\\\/x.com\\\/webdo_tn\"],\"description\":\"Webdo est un m\u00e9dia num\u00e9rique tunisien fond\u00e9 en 2010, sp\u00e9cialis\u00e9 dans l\u2019actualit\u00e9 nationale et internationale, l\u2019\u00e9conomie, la soci\u00e9t\u00e9 et les analyses politiques. Le site s\u2019adresse \u00e0 un large public francophone et couvre l\u2019information tunisienne en temps r\u00e9el.\",\"email\":\"redac@webdo.tn\",\"legalName\":\"YNJ SARL\",\"foundingDate\":\"2010-09-06\",\"numberOfEmployees\":{\"@type\":\"QuantitativeValue\",\"minValue\":\"11\",\"maxValue\":\"50\"}},{\"@type\":\"Person\",\"@id\":\"https:\\\/\\\/www.webdo.tn\\\/fr\\\/#\\\/schema\\\/person\\\/9a9c6118d687c117df8ef3cc36a4d175\",\"name\":\"webdo.tn\",\"image\":{\"@type\":\"ImageObject\",\"inLanguage\":\"fr-FR\",\"@id\":\"https:\\\/\\\/secure.gravatar.com\\\/avatar\\\/7ce1f28c0c3bbac99ff550b85ef8e44a6950c6ee24514fb6a5489e51d06f0298?s=96&d=mm&r=g\",\"url\":\"https:\\\/\\\/secure.gravatar.com\\\/avatar\\\/7ce1f28c0c3bbac99ff550b85ef8e44a6950c6ee24514fb6a5489e51d06f0298?s=96&d=mm&r=g\",\"contentUrl\":\"https:\\\/\\\/secure.gravatar.com\\\/avatar\\\/7ce1f28c0c3bbac99ff550b85ef8e44a6950c6ee24514fb6a5489e51d06f0298?s=96&d=mm&r=g\",\"caption\":\"webdo.tn\"},\"url\":\"https:\\\/\\\/www.webdo.tn\\\/fr\\\/actualite\\\/author\\\/webdotn\\\/\"}]}<\/script>\n<!-- \/ Yoast SEO Premium plugin. -->","yoast_head_json":{"title":"Hosni Boufaden (pr\u00e9sident de la FTTH) : Nous exportons nos v\u00eatements au tiers de leur valeur r\u00e9elle !","description":"Hosni Boufaden (pr\u00e9sident de la FTTH) : Nous exportons nos v\u00eatements au tiers de leur valeur r\u00e9elle !","canonical":"https:\/\/www.webdo.tn\/fr\/actualite\/tunis-hebdo\/hosni-boufaden-president-de-la-ftth-nous-exportons-nos-vetements-au-tiers-de-leur-valeur-reelle\/173324\/","og_locale":"fr_FR","og_type":"article","og_title":"Hosni Boufaden (pr\u00e9sident de la FTTH) : \"Nous exportons nos v\u00eatements au tiers de leur valeur r\u00e9elle !\"","og_description":"Hosni Boufaden (pr\u00e9sident de la FTTH) : Nous exportons nos v\u00eatements au tiers de leur valeur r\u00e9elle !","og_url":"https:\/\/www.webdo.tn\/fr\/actualite\/tunis-hebdo\/hosni-boufaden-president-de-la-ftth-nous-exportons-nos-vetements-au-tiers-de-leur-valeur-reelle\/173324\/","og_site_name":"webdo","article_publisher":"https:\/\/www.facebook.com\/webdotn","article_published_time":"2019-02-05T15:34:00+00:00","og_image":[{"width":500,"height":300,"url":"https:\/\/www.webdo.tn\/fr\/wp-content\/uploads\/2019\/02\/textile-1.jpg","type":"image\/jpeg"}],"author":"webdo.tn","twitter_card":"summary_large_image","twitter_creator":"@webdo_tn","twitter_site":"@webdo_tn","twitter_misc":{"\u00c9crit par":"webdo.tn","Dur\u00e9e de lecture estim\u00e9e":"3 minutes"},"schema":{"@context":"https:\/\/schema.org","@graph":[{"@type":"NewsArticle","@id":"https:\/\/www.webdo.tn\/fr\/actualite\/tunis-hebdo\/hosni-boufaden-president-de-la-ftth-nous-exportons-nos-vetements-au-tiers-de-leur-valeur-reelle\/173324\/#article","isPartOf":{"@id":"https:\/\/www.webdo.tn\/fr\/actualite\/tunis-hebdo\/hosni-boufaden-president-de-la-ftth-nous-exportons-nos-vetements-au-tiers-de-leur-valeur-reelle\/173324\/"},"author":{"name":"webdo.tn","@id":"https:\/\/www.webdo.tn\/fr\/#\/schema\/person\/9a9c6118d687c117df8ef3cc36a4d175"},"headline":"Hosni Boufaden (pr\u00e9sident de la FTTH) : \u00ab\u00a0Nous exportons nos v\u00eatements au tiers de leur valeur r\u00e9elle !\u00a0\u00bb","datePublished":"2019-02-05T15:34:00+00:00","mainEntityOfPage":{"@id":"https:\/\/www.webdo.tn\/fr\/actualite\/tunis-hebdo\/hosni-boufaden-president-de-la-ftth-nous-exportons-nos-vetements-au-tiers-de-leur-valeur-reelle\/173324\/"},"wordCount":671,"commentCount":0,"publisher":{"@id":"https:\/\/www.webdo.tn\/fr\/#organization"},"image":{"@id":"https:\/\/www.webdo.tn\/fr\/actualite\/tunis-hebdo\/hosni-boufaden-president-de-la-ftth-nous-exportons-nos-vetements-au-tiers-de-leur-valeur-reelle\/173324\/#primaryimage"},"thumbnailUrl":"https:\/\/www.webdo.tn\/fr\/wp-content\/uploads\/2019\/02\/textile-1.jpg","keywords":["guerre"],"articleSection":["Tunis-Hebdo"],"inLanguage":"fr-FR"},{"@type":"WebPage","@id":"https:\/\/www.webdo.tn\/fr\/actualite\/tunis-hebdo\/hosni-boufaden-president-de-la-ftth-nous-exportons-nos-vetements-au-tiers-de-leur-valeur-reelle\/173324\/","url":"https:\/\/www.webdo.tn\/fr\/actualite\/tunis-hebdo\/hosni-boufaden-president-de-la-ftth-nous-exportons-nos-vetements-au-tiers-de-leur-valeur-reelle\/173324\/","name":"Hosni Boufaden (pr\u00e9sident de la FTTH) : Nous exportons nos v\u00eatements au tiers de leur valeur r\u00e9elle !","isPartOf":{"@id":"https:\/\/www.webdo.tn\/fr\/#website"},"primaryImageOfPage":{"@id":"https:\/\/www.webdo.tn\/fr\/actualite\/tunis-hebdo\/hosni-boufaden-president-de-la-ftth-nous-exportons-nos-vetements-au-tiers-de-leur-valeur-reelle\/173324\/#primaryimage"},"image":{"@id":"https:\/\/www.webdo.tn\/fr\/actualite\/tunis-hebdo\/hosni-boufaden-president-de-la-ftth-nous-exportons-nos-vetements-au-tiers-de-leur-valeur-reelle\/173324\/#primaryimage"},"thumbnailUrl":"https:\/\/www.webdo.tn\/fr\/wp-content\/uploads\/2019\/02\/textile-1.jpg","datePublished":"2019-02-05T15:34:00+00:00","description":"Hosni Boufaden (pr\u00e9sident de la FTTH) : Nous exportons nos v\u00eatements au tiers de leur valeur r\u00e9elle !","breadcrumb":{"@id":"https:\/\/www.webdo.tn\/fr\/actualite\/tunis-hebdo\/hosni-boufaden-president-de-la-ftth-nous-exportons-nos-vetements-au-tiers-de-leur-valeur-reelle\/173324\/#breadcrumb"},"inLanguage":"fr-FR","potentialAction":[{"@type":"ReadAction","target":["https:\/\/www.webdo.tn\/fr\/actualite\/tunis-hebdo\/hosni-boufaden-president-de-la-ftth-nous-exportons-nos-vetements-au-tiers-de-leur-valeur-reelle\/173324\/"]}]},{"@type":"ImageObject","inLanguage":"fr-FR","@id":"https:\/\/www.webdo.tn\/fr\/actualite\/tunis-hebdo\/hosni-boufaden-president-de-la-ftth-nous-exportons-nos-vetements-au-tiers-de-leur-valeur-reelle\/173324\/#primaryimage","url":"https:\/\/www.webdo.tn\/fr\/wp-content\/uploads\/2019\/02\/textile-1.jpg","contentUrl":"https:\/\/www.webdo.tn\/fr\/wp-content\/uploads\/2019\/02\/textile-1.jpg","width":500,"height":300,"caption":"Hosni Boufaden (pr\u00e9sident de la FTTH) : \"Nous exportons nos v\u00eatements au tiers de leur valeur r\u00e9elle !\""},{"@type":"BreadcrumbList","@id":"https:\/\/www.webdo.tn\/fr\/actualite\/tunis-hebdo\/hosni-boufaden-president-de-la-ftth-nous-exportons-nos-vetements-au-tiers-de-leur-valeur-reelle\/173324\/#breadcrumb","itemListElement":[{"@type":"ListItem","position":1,"name":"Accueil","item":"https:\/\/www.webdo.tn\/fr\/"},{"@type":"ListItem","position":2,"name":"Hosni Boufaden (pr\u00e9sident de la FTTH) : \u00ab\u00a0Nous exportons nos v\u00eatements au tiers de leur valeur r\u00e9elle !\u00a0\u00bb"}]},{"@type":"WebSite","@id":"https:\/\/www.webdo.tn\/fr\/#website","url":"https:\/\/www.webdo.tn\/fr\/","name":"webdo","description":"Tunisie - News en Tunisie et \u00e0 l&#039;international sur Webdo.tn","publisher":{"@id":"https:\/\/www.webdo.tn\/fr\/#organization"},"potentialAction":[{"@type":"SearchAction","target":{"@type":"EntryPoint","urlTemplate":"https:\/\/www.webdo.tn\/fr\/?s={search_term_string}"},"query-input":{"@type":"PropertyValueSpecification","valueRequired":true,"valueName":"search_term_string"}}],"inLanguage":"fr-FR"},{"@type":"Organization","@id":"https:\/\/www.webdo.tn\/fr\/#organization","name":"Webdo","alternateName":"Webdo.tn","url":"https:\/\/www.webdo.tn\/fr\/","logo":{"@type":"ImageObject","inLanguage":"fr-FR","@id":"https:\/\/www.webdo.tn\/fr\/#\/schema\/logo\/image\/","url":"https:\/\/www.webdo.tn\/fr\/wp-content\/uploads\/2025\/06\/Webdo-Tunisie_168377.jpg","contentUrl":"https:\/\/www.webdo.tn\/fr\/wp-content\/uploads\/2025\/06\/Webdo-Tunisie_168377.jpg","width":301,"height":301,"caption":"Webdo"},"image":{"@id":"https:\/\/www.webdo.tn\/fr\/#\/schema\/logo\/image\/"},"sameAs":["https:\/\/www.facebook.com\/webdotn","https:\/\/x.com\/webdo_tn"],"description":"Webdo est un m\u00e9dia num\u00e9rique tunisien fond\u00e9 en 2010, sp\u00e9cialis\u00e9 dans l\u2019actualit\u00e9 nationale et internationale, l\u2019\u00e9conomie, la soci\u00e9t\u00e9 et les analyses politiques. Le site s\u2019adresse \u00e0 un large public francophone et couvre l\u2019information tunisienne en temps r\u00e9el.","email":"redac@webdo.tn","legalName":"YNJ SARL","foundingDate":"2010-09-06","numberOfEmployees":{"@type":"QuantitativeValue","minValue":"11","maxValue":"50"}},{"@type":"Person","@id":"https:\/\/www.webdo.tn\/fr\/#\/schema\/person\/9a9c6118d687c117df8ef3cc36a4d175","name":"webdo.tn","image":{"@type":"ImageObject","inLanguage":"fr-FR","@id":"https:\/\/secure.gravatar.com\/avatar\/7ce1f28c0c3bbac99ff550b85ef8e44a6950c6ee24514fb6a5489e51d06f0298?s=96&d=mm&r=g","url":"https:\/\/secure.gravatar.com\/avatar\/7ce1f28c0c3bbac99ff550b85ef8e44a6950c6ee24514fb6a5489e51d06f0298?s=96&d=mm&r=g","contentUrl":"https:\/\/secure.gravatar.com\/avatar\/7ce1f28c0c3bbac99ff550b85ef8e44a6950c6ee24514fb6a5489e51d06f0298?s=96&d=mm&r=g","caption":"webdo.tn"},"url":"https:\/\/www.webdo.tn\/fr\/actualite\/author\/webdotn\/"}]}},"_links":{"self":[{"href":"https:\/\/www.webdo.tn\/fr\/wp-json\/wp\/v2\/posts\/173324","targetHints":{"allow":["GET"]}}],"collection":[{"href":"https:\/\/www.webdo.tn\/fr\/wp-json\/wp\/v2\/posts"}],"about":[{"href":"https:\/\/www.webdo.tn\/fr\/wp-json\/wp\/v2\/types\/post"}],"author":[{"embeddable":true,"href":"https:\/\/www.webdo.tn\/fr\/wp-json\/wp\/v2\/users\/3222"}],"replies":[{"embeddable":true,"href":"https:\/\/www.webdo.tn\/fr\/wp-json\/wp\/v2\/comments?post=173324"}],"version-history":[{"count":0,"href":"https:\/\/www.webdo.tn\/fr\/wp-json\/wp\/v2\/posts\/173324\/revisions"}],"wp:featuredmedia":[{"embeddable":true,"href":"https:\/\/www.webdo.tn\/fr\/wp-json\/wp\/v2\/media\/342356"}],"wp:attachment":[{"href":"https:\/\/www.webdo.tn\/fr\/wp-json\/wp\/v2\/media?parent=173324"}],"wp:term":[{"taxonomy":"category","embeddable":true,"href":"https:\/\/www.webdo.tn\/fr\/wp-json\/wp\/v2\/categories?post=173324"},{"taxonomy":"post_tag","embeddable":true,"href":"https:\/\/www.webdo.tn\/fr\/wp-json\/wp\/v2\/tags?post=173324"}],"curies":[{"name":"wp","href":"https:\/\/api.w.org\/{rel}","templated":true}]}}