{"id":173323,"date":"2019-02-05T15:42:00","date_gmt":"2019-02-05T15:42:00","guid":{"rendered":"https:\/\/www.webdo.tn\/fr\/blog\/rene-le-patriote\/173323\/"},"modified":"2019-02-05T15:42:00","modified_gmt":"2019-02-05T15:42:00","slug":"rene-le-patriote","status":"publish","type":"post","link":"https:\/\/www.webdo.tn\/fr\/actualite\/tunis-hebdo\/rene-le-patriote\/173323\/","title":{"rendered":"Ren\u00e9 le patriote"},"content":{"rendered":"<p>Le ministre du Tourisme et de l&rsquo;Artisanat, Ren\u00e9 Trabelsi, est en passe de devenir le chouchou des Tunisiens alors m\u00eame qu&rsquo;il a \u00e9t\u00e9 conspu\u00e9 lors de sa prise de fonction le 5 novembre dernier. Retour sur le parcours d&rsquo;un patriote qui a su faire de ses origines son principal atout et celui de son pays.<br \/>\nIl est la nouvelle coqueluche des m\u00e9dias et le symbole d&rsquo;une Tunisie fra\u00eeche et revigor\u00e9e. Depuis son arriv\u00e9e au 1 avenue Mohamed V \u00e0 Tunis, ce Djerbien de 57 ans et de confession juive a litt\u00e9ralement \u00e9clips\u00e9 toute la classe politique en allant \u00e0 la rencontre de nos artisans, de nos commer\u00e7ants et de tous ceux dont l&rsquo;activit\u00e9 est li\u00e9e de pr\u00e8s ou de loin \u00e0 l&rsquo;image de notre pays.<br \/>\nTunisie, mon pays !<br \/>\nFils de Perez Trabelsi, pr\u00e9sident du comit\u00e9 juif de la Ghriba et dirigeant de la communaut\u00e9 juive de Djerba, Ren\u00e9 Trabelsi a toujours revendiqu\u00e9 ses traditions juda\u00efques au m\u00eame titre que son patriotisme effr\u00e9n\u00e9. Apr\u00e8s avoir fait des \u00e9tudes de gestion \u00e0 Paris au milieu des ann\u00e9es 80, le jeune Ren\u00e9 se lance dans la direction des franchises de supermarch\u00e9s avant de se rabattre vers le secteur touristique.<\/p>\n<p>Quelques ann\u00e9es plus tard, il fonde le tour-op\u00e9rateur Royal First Travel et se sp\u00e9cialise dans le march\u00e9 tunisien. L&rsquo;\u00eele des R\u00eaves devient sa destination phare et le p\u00e8lerinage de la Ghriba reprend de plus belle.<\/p>\n<p>Tr\u00e8s vite, Ren\u00e9 Trabelsi se fait un nom dans le domaine de l&rsquo;h\u00f4tellerie et devient le porte drapeau d&rsquo;une Tunisie progressiste, accueillante, chaleureuse et surtout tol\u00e9rante. Des attributs que notre cher pays n&rsquo;a pas su, v\u00e9ritablement, pr\u00e9server sous l&rsquo;\u00e8re Ben Ali et qu&rsquo;il a tout, bonnement perdu, sous l&rsquo;\u00e8re Ghannouchi, Essebsi, Taboubi et compagnie&#8230;<\/p>\n<p>Bien que le minist\u00e8re du Tourisme et de l&rsquo;Artisanat a la r\u00e9putation d&rsquo;\u00eatre une planque pour les quelques arrivistes de la politique, il est, \u00e0 l&rsquo;heure actuelle, la seule institution gouvernementale dont on peut s&rsquo;enorgueillir.<\/p>\n<p>Car pendant que nos enfants d\u00e9laissent le banc des \u00e9coles pour les endroits mal fam\u00e9s, que le dinar poursuit sa chute vertigineuse face aux devises \u00e9trang\u00e8res et que le pouvoir d&rsquo;achat de nos concitoyens n&rsquo;en finit plus de d\u00e9cliner, des touristes affluent par millions au point de \u00ab\u00a0surbooker\u00a0\u00bb nos h\u00f4tels et de cr\u00e9er de l&#8217;emploi.<\/p>\n<p>Tel est le fruit du travail de ce nouveau ministre \u00f4 combien populaire et dont l&rsquo;aura fera, bient\u00f4t, l&rsquo;un des hommes forts de Tunisie. Y a-t-il une m\u00e9thode Ren\u00e9 Trabelsi ?<br \/>\nUn ministre champion du monde !<br \/>\nLes juifs du Maghreb, plus particuli\u00e8rement ceux de Tunisie, ont cette tendance amusante \u00e0 l&rsquo;exag\u00e9ration. Chaque fois que l&rsquo;un de leurs amis ou de leurs proches r\u00e9ussit brillamment, ils le qualifient de \u00ab\u00a0champion du monde\u00a0\u00bb. Le fameux restaurateur Bichi de La Goulette \u00e9tait, d&rsquo;ailleurs, surnomm\u00e9 \u00ab\u00a0le champion du monde du poisson complet\u00a0\u00bb.<\/p>\n<p>Pour en revenir \u00e0 notre cher Ren\u00e9, il serait l\u00e9gitime de lui attribuer ce nouveau blase, compte tenu de l&rsquo;incapacit\u00e9 de nos autres ministres \u00e0 faire bouger les choses avec un minimum de charisme, de comp\u00e9tence et surtout d&rsquo;autorit\u00e9.<\/p>\n<p>V\u00eatu d&rsquo;une belle jebba vert sombre et sp\u00e9cialiste incontest\u00e9 du domaine touristique, Ren\u00e9 Trabelsi a, v\u00e9ritablement, r\u00e9volutionn\u00e9 l&rsquo;image du politique tunisien. A la mani\u00e8re d&rsquo;un Bourguiba qui savait gagner la confiance de la foule et \u00e0 l&rsquo;allure d&rsquo;un Bey qui d\u00e9fendait les int\u00e9r\u00eats de son pays avant tout, Ren\u00e9 le patriote est de toutes les sorties et sur tous les fronts.<\/p>\n<p>Mais \u00e0 la diff\u00e9rence de ses homologues de confession musulmane, M. Trabelsi sait qu&rsquo;il n&rsquo;a pas le droit d&rsquo;\u00e9chouer dans sa mission, en partie parce qu&rsquo;il est juif. Alors que la totalit\u00e9 du monde arabo-musulman \u00e9prouve la plus grande hostilit\u00e9 \u00e0 l&rsquo;\u00e9gard des enfants d&rsquo;Isra\u00ebl, Ren\u00e9 Trabelsi s&rsquo;est donn\u00e9 pour objectif de reconsolider les liens d&rsquo;amiti\u00e9 et de fraternit\u00e9 entre toutes les ethnies de Tunisie, qu&rsquo;elles soient arabe, s\u00e9farade, turque ou amazigh.<\/p>\n<p>Certains diront que parce qu&rsquo;il est juif, il rejettera t\u00f4t ou tard la Tunisie pour se ranger avec Isra\u00ebl le moment venu. Moi je dis que c&rsquo;est l&rsquo;homme qu&rsquo;il nous faut pour diriger le pays.<br \/>\nMohamed Habib LADJIMI<br \/>\nTunis-Hebdo du 04\/02\/2019<\/p>\n","protected":false},"excerpt":{"rendered":"<p>Ren\u00e9 le patriote<\/p>\n","protected":false},"author":3222,"featured_media":376197,"comment_status":"open","ping_status":"closed","sticky":false,"template":"","format":"standard","meta":{"footnotes":""},"categories":[7653],"tags":[2600],"class_list":["post-173323","post","type-post","status-publish","format-standard","has-post-thumbnail","hentry","category-tunis-hebdo","tag-guerre"],"yoast_head":"<!-- This site is optimized with the Yoast SEO Premium plugin v27.4 (Yoast SEO v27.4) - https:\/\/yoast.com\/product\/yoast-seo-premium-wordpress\/ -->\n<title>Ren\u00e9 le patriote<\/title>\n<meta name=\"description\" content=\"Ren\u00e9 le patriote\" \/>\n<link rel=\"canonical\" href=\"https:\/\/www.webdo.tn\/fr\/actualite\/tunis-hebdo\/rene-le-patriote\/173323\/\" \/>\n<meta property=\"og:locale\" content=\"fr_FR\" \/>\n<meta property=\"og:type\" content=\"article\" \/>\n<meta property=\"og:title\" content=\"Ren\u00e9 le patriote\" \/>\n<meta property=\"og:description\" content=\"Ren\u00e9 le patriote\" \/>\n<meta property=\"og:url\" content=\"https:\/\/www.webdo.tn\/fr\/actualite\/tunis-hebdo\/rene-le-patriote\/173323\/\" \/>\n<meta property=\"og:site_name\" content=\"webdo\" \/>\n<meta property=\"article:publisher\" content=\"https:\/\/www.facebook.com\/webdotn\" \/>\n<meta property=\"article:published_time\" content=\"2019-02-05T15:42:00+00:00\" \/>\n<meta property=\"og:image\" content=\"https:\/\/www.webdo.tn\/fr\/wp-content\/uploads\/2025\/06\/rene-trabelsi_173323.png\" \/>\n\t<meta property=\"og:image:width\" content=\"575\" \/>\n\t<meta property=\"og:image:height\" content=\"414\" \/>\n\t<meta property=\"og:image:type\" content=\"image\/png\" \/>\n<meta name=\"author\" content=\"webdo.tn\" \/>\n<meta name=\"twitter:card\" content=\"summary_large_image\" \/>\n<meta name=\"twitter:creator\" content=\"@webdo_tn\" \/>\n<meta name=\"twitter:site\" content=\"@webdo_tn\" \/>\n<meta name=\"twitter:label1\" content=\"\u00c9crit par\" \/>\n\t<meta name=\"twitter:data1\" content=\"webdo.tn\" \/>\n\t<meta name=\"twitter:label2\" content=\"Dur\u00e9e de lecture estim\u00e9e\" \/>\n\t<meta name=\"twitter:data2\" content=\"4 minutes\" \/>\n<script type=\"application\/ld+json\" class=\"yoast-schema-graph\">{\"@context\":\"https:\\\/\\\/schema.org\",\"@graph\":[{\"@type\":\"NewsArticle\",\"@id\":\"https:\\\/\\\/www.webdo.tn\\\/fr\\\/actualite\\\/tunis-hebdo\\\/rene-le-patriote\\\/173323\\\/#article\",\"isPartOf\":{\"@id\":\"https:\\\/\\\/www.webdo.tn\\\/fr\\\/actualite\\\/tunis-hebdo\\\/rene-le-patriote\\\/173323\\\/\"},\"author\":{\"name\":\"webdo.tn\",\"@id\":\"https:\\\/\\\/www.webdo.tn\\\/fr\\\/#\\\/schema\\\/person\\\/9a9c6118d687c117df8ef3cc36a4d175\"},\"headline\":\"Ren\u00e9 le patriote\",\"datePublished\":\"2019-02-05T15:42:00+00:00\",\"mainEntityOfPage\":{\"@id\":\"https:\\\/\\\/www.webdo.tn\\\/fr\\\/actualite\\\/tunis-hebdo\\\/rene-le-patriote\\\/173323\\\/\"},\"wordCount\":760,\"commentCount\":0,\"publisher\":{\"@id\":\"https:\\\/\\\/www.webdo.tn\\\/fr\\\/#organization\"},\"image\":{\"@id\":\"https:\\\/\\\/www.webdo.tn\\\/fr\\\/actualite\\\/tunis-hebdo\\\/rene-le-patriote\\\/173323\\\/#primaryimage\"},\"thumbnailUrl\":\"https:\\\/\\\/www.webdo.tn\\\/fr\\\/wp-content\\\/uploads\\\/2025\\\/06\\\/rene-trabelsi_173323.png\",\"keywords\":[\"guerre\"],\"articleSection\":[\"Tunis-Hebdo\"],\"inLanguage\":\"fr-FR\"},{\"@type\":\"WebPage\",\"@id\":\"https:\\\/\\\/www.webdo.tn\\\/fr\\\/actualite\\\/tunis-hebdo\\\/rene-le-patriote\\\/173323\\\/\",\"url\":\"https:\\\/\\\/www.webdo.tn\\\/fr\\\/actualite\\\/tunis-hebdo\\\/rene-le-patriote\\\/173323\\\/\",\"name\":\"Ren\u00e9 le patriote\",\"isPartOf\":{\"@id\":\"https:\\\/\\\/www.webdo.tn\\\/fr\\\/#website\"},\"primaryImageOfPage\":{\"@id\":\"https:\\\/\\\/www.webdo.tn\\\/fr\\\/actualite\\\/tunis-hebdo\\\/rene-le-patriote\\\/173323\\\/#primaryimage\"},\"image\":{\"@id\":\"https:\\\/\\\/www.webdo.tn\\\/fr\\\/actualite\\\/tunis-hebdo\\\/rene-le-patriote\\\/173323\\\/#primaryimage\"},\"thumbnailUrl\":\"https:\\\/\\\/www.webdo.tn\\\/fr\\\/wp-content\\\/uploads\\\/2025\\\/06\\\/rene-trabelsi_173323.png\",\"datePublished\":\"2019-02-05T15:42:00+00:00\",\"description\":\"Ren\u00e9 le patriote\",\"breadcrumb\":{\"@id\":\"https:\\\/\\\/www.webdo.tn\\\/fr\\\/actualite\\\/tunis-hebdo\\\/rene-le-patriote\\\/173323\\\/#breadcrumb\"},\"inLanguage\":\"fr-FR\",\"potentialAction\":[{\"@type\":\"ReadAction\",\"target\":[\"https:\\\/\\\/www.webdo.tn\\\/fr\\\/actualite\\\/tunis-hebdo\\\/rene-le-patriote\\\/173323\\\/\"]}]},{\"@type\":\"ImageObject\",\"inLanguage\":\"fr-FR\",\"@id\":\"https:\\\/\\\/www.webdo.tn\\\/fr\\\/actualite\\\/tunis-hebdo\\\/rene-le-patriote\\\/173323\\\/#primaryimage\",\"url\":\"https:\\\/\\\/www.webdo.tn\\\/fr\\\/wp-content\\\/uploads\\\/2025\\\/06\\\/rene-trabelsi_173323.png\",\"contentUrl\":\"https:\\\/\\\/www.webdo.tn\\\/fr\\\/wp-content\\\/uploads\\\/2025\\\/06\\\/rene-trabelsi_173323.png\",\"width\":575,\"height\":414,\"caption\":\"Ren\u00e9 le patriote\"},{\"@type\":\"BreadcrumbList\",\"@id\":\"https:\\\/\\\/www.webdo.tn\\\/fr\\\/actualite\\\/tunis-hebdo\\\/rene-le-patriote\\\/173323\\\/#breadcrumb\",\"itemListElement\":[{\"@type\":\"ListItem\",\"position\":1,\"name\":\"Accueil\",\"item\":\"https:\\\/\\\/www.webdo.tn\\\/fr\\\/\"},{\"@type\":\"ListItem\",\"position\":2,\"name\":\"Ren\u00e9 le patriote\"}]},{\"@type\":\"WebSite\",\"@id\":\"https:\\\/\\\/www.webdo.tn\\\/fr\\\/#website\",\"url\":\"https:\\\/\\\/www.webdo.tn\\\/fr\\\/\",\"name\":\"webdo\",\"description\":\"Tunisie - News en Tunisie et \u00e0 l&#039;international sur Webdo.tn\",\"publisher\":{\"@id\":\"https:\\\/\\\/www.webdo.tn\\\/fr\\\/#organization\"},\"potentialAction\":[{\"@type\":\"SearchAction\",\"target\":{\"@type\":\"EntryPoint\",\"urlTemplate\":\"https:\\\/\\\/www.webdo.tn\\\/fr\\\/?s={search_term_string}\"},\"query-input\":{\"@type\":\"PropertyValueSpecification\",\"valueRequired\":true,\"valueName\":\"search_term_string\"}}],\"inLanguage\":\"fr-FR\"},{\"@type\":\"Organization\",\"@id\":\"https:\\\/\\\/www.webdo.tn\\\/fr\\\/#organization\",\"name\":\"Webdo\",\"alternateName\":\"Webdo.tn\",\"url\":\"https:\\\/\\\/www.webdo.tn\\\/fr\\\/\",\"logo\":{\"@type\":\"ImageObject\",\"inLanguage\":\"fr-FR\",\"@id\":\"https:\\\/\\\/www.webdo.tn\\\/fr\\\/#\\\/schema\\\/logo\\\/image\\\/\",\"url\":\"https:\\\/\\\/www.webdo.tn\\\/fr\\\/wp-content\\\/uploads\\\/2025\\\/06\\\/Webdo-Tunisie_168377.jpg\",\"contentUrl\":\"https:\\\/\\\/www.webdo.tn\\\/fr\\\/wp-content\\\/uploads\\\/2025\\\/06\\\/Webdo-Tunisie_168377.jpg\",\"width\":301,\"height\":301,\"caption\":\"Webdo\"},\"image\":{\"@id\":\"https:\\\/\\\/www.webdo.tn\\\/fr\\\/#\\\/schema\\\/logo\\\/image\\\/\"},\"sameAs\":[\"https:\\\/\\\/www.facebook.com\\\/webdotn\",\"https:\\\/\\\/x.com\\\/webdo_tn\"],\"description\":\"Webdo est un m\u00e9dia num\u00e9rique tunisien fond\u00e9 en 2010, sp\u00e9cialis\u00e9 dans l\u2019actualit\u00e9 nationale et internationale, l\u2019\u00e9conomie, la soci\u00e9t\u00e9 et les analyses politiques. Le site s\u2019adresse \u00e0 un large public francophone et couvre l\u2019information tunisienne en temps r\u00e9el.\",\"email\":\"redac@webdo.tn\",\"legalName\":\"YNJ SARL\",\"foundingDate\":\"2010-09-06\",\"numberOfEmployees\":{\"@type\":\"QuantitativeValue\",\"minValue\":\"11\",\"maxValue\":\"50\"}},{\"@type\":\"Person\",\"@id\":\"https:\\\/\\\/www.webdo.tn\\\/fr\\\/#\\\/schema\\\/person\\\/9a9c6118d687c117df8ef3cc36a4d175\",\"name\":\"webdo.tn\",\"image\":{\"@type\":\"ImageObject\",\"inLanguage\":\"fr-FR\",\"@id\":\"https:\\\/\\\/secure.gravatar.com\\\/avatar\\\/7ce1f28c0c3bbac99ff550b85ef8e44a6950c6ee24514fb6a5489e51d06f0298?s=96&d=mm&r=g\",\"url\":\"https:\\\/\\\/secure.gravatar.com\\\/avatar\\\/7ce1f28c0c3bbac99ff550b85ef8e44a6950c6ee24514fb6a5489e51d06f0298?s=96&d=mm&r=g\",\"contentUrl\":\"https:\\\/\\\/secure.gravatar.com\\\/avatar\\\/7ce1f28c0c3bbac99ff550b85ef8e44a6950c6ee24514fb6a5489e51d06f0298?s=96&d=mm&r=g\",\"caption\":\"webdo.tn\"},\"url\":\"https:\\\/\\\/www.webdo.tn\\\/fr\\\/actualite\\\/author\\\/webdotn\\\/\"}]}<\/script>\n<!-- \/ Yoast SEO Premium plugin. -->","yoast_head_json":{"title":"Ren\u00e9 le patriote","description":"Ren\u00e9 le patriote","canonical":"https:\/\/www.webdo.tn\/fr\/actualite\/tunis-hebdo\/rene-le-patriote\/173323\/","og_locale":"fr_FR","og_type":"article","og_title":"Ren\u00e9 le patriote","og_description":"Ren\u00e9 le patriote","og_url":"https:\/\/www.webdo.tn\/fr\/actualite\/tunis-hebdo\/rene-le-patriote\/173323\/","og_site_name":"webdo","article_publisher":"https:\/\/www.facebook.com\/webdotn","article_published_time":"2019-02-05T15:42:00+00:00","og_image":[{"width":575,"height":414,"url":"https:\/\/www.webdo.tn\/fr\/wp-content\/uploads\/2025\/06\/rene-trabelsi_173323.png","type":"image\/png"}],"author":"webdo.tn","twitter_card":"summary_large_image","twitter_creator":"@webdo_tn","twitter_site":"@webdo_tn","twitter_misc":{"\u00c9crit par":"webdo.tn","Dur\u00e9e de lecture estim\u00e9e":"4 minutes"},"schema":{"@context":"https:\/\/schema.org","@graph":[{"@type":"NewsArticle","@id":"https:\/\/www.webdo.tn\/fr\/actualite\/tunis-hebdo\/rene-le-patriote\/173323\/#article","isPartOf":{"@id":"https:\/\/www.webdo.tn\/fr\/actualite\/tunis-hebdo\/rene-le-patriote\/173323\/"},"author":{"name":"webdo.tn","@id":"https:\/\/www.webdo.tn\/fr\/#\/schema\/person\/9a9c6118d687c117df8ef3cc36a4d175"},"headline":"Ren\u00e9 le patriote","datePublished":"2019-02-05T15:42:00+00:00","mainEntityOfPage":{"@id":"https:\/\/www.webdo.tn\/fr\/actualite\/tunis-hebdo\/rene-le-patriote\/173323\/"},"wordCount":760,"commentCount":0,"publisher":{"@id":"https:\/\/www.webdo.tn\/fr\/#organization"},"image":{"@id":"https:\/\/www.webdo.tn\/fr\/actualite\/tunis-hebdo\/rene-le-patriote\/173323\/#primaryimage"},"thumbnailUrl":"https:\/\/www.webdo.tn\/fr\/wp-content\/uploads\/2025\/06\/rene-trabelsi_173323.png","keywords":["guerre"],"articleSection":["Tunis-Hebdo"],"inLanguage":"fr-FR"},{"@type":"WebPage","@id":"https:\/\/www.webdo.tn\/fr\/actualite\/tunis-hebdo\/rene-le-patriote\/173323\/","url":"https:\/\/www.webdo.tn\/fr\/actualite\/tunis-hebdo\/rene-le-patriote\/173323\/","name":"Ren\u00e9 le patriote","isPartOf":{"@id":"https:\/\/www.webdo.tn\/fr\/#website"},"primaryImageOfPage":{"@id":"https:\/\/www.webdo.tn\/fr\/actualite\/tunis-hebdo\/rene-le-patriote\/173323\/#primaryimage"},"image":{"@id":"https:\/\/www.webdo.tn\/fr\/actualite\/tunis-hebdo\/rene-le-patriote\/173323\/#primaryimage"},"thumbnailUrl":"https:\/\/www.webdo.tn\/fr\/wp-content\/uploads\/2025\/06\/rene-trabelsi_173323.png","datePublished":"2019-02-05T15:42:00+00:00","description":"Ren\u00e9 le patriote","breadcrumb":{"@id":"https:\/\/www.webdo.tn\/fr\/actualite\/tunis-hebdo\/rene-le-patriote\/173323\/#breadcrumb"},"inLanguage":"fr-FR","potentialAction":[{"@type":"ReadAction","target":["https:\/\/www.webdo.tn\/fr\/actualite\/tunis-hebdo\/rene-le-patriote\/173323\/"]}]},{"@type":"ImageObject","inLanguage":"fr-FR","@id":"https:\/\/www.webdo.tn\/fr\/actualite\/tunis-hebdo\/rene-le-patriote\/173323\/#primaryimage","url":"https:\/\/www.webdo.tn\/fr\/wp-content\/uploads\/2025\/06\/rene-trabelsi_173323.png","contentUrl":"https:\/\/www.webdo.tn\/fr\/wp-content\/uploads\/2025\/06\/rene-trabelsi_173323.png","width":575,"height":414,"caption":"Ren\u00e9 le patriote"},{"@type":"BreadcrumbList","@id":"https:\/\/www.webdo.tn\/fr\/actualite\/tunis-hebdo\/rene-le-patriote\/173323\/#breadcrumb","itemListElement":[{"@type":"ListItem","position":1,"name":"Accueil","item":"https:\/\/www.webdo.tn\/fr\/"},{"@type":"ListItem","position":2,"name":"Ren\u00e9 le patriote"}]},{"@type":"WebSite","@id":"https:\/\/www.webdo.tn\/fr\/#website","url":"https:\/\/www.webdo.tn\/fr\/","name":"webdo","description":"Tunisie - News en Tunisie et \u00e0 l&#039;international sur Webdo.tn","publisher":{"@id":"https:\/\/www.webdo.tn\/fr\/#organization"},"potentialAction":[{"@type":"SearchAction","target":{"@type":"EntryPoint","urlTemplate":"https:\/\/www.webdo.tn\/fr\/?s={search_term_string}"},"query-input":{"@type":"PropertyValueSpecification","valueRequired":true,"valueName":"search_term_string"}}],"inLanguage":"fr-FR"},{"@type":"Organization","@id":"https:\/\/www.webdo.tn\/fr\/#organization","name":"Webdo","alternateName":"Webdo.tn","url":"https:\/\/www.webdo.tn\/fr\/","logo":{"@type":"ImageObject","inLanguage":"fr-FR","@id":"https:\/\/www.webdo.tn\/fr\/#\/schema\/logo\/image\/","url":"https:\/\/www.webdo.tn\/fr\/wp-content\/uploads\/2025\/06\/Webdo-Tunisie_168377.jpg","contentUrl":"https:\/\/www.webdo.tn\/fr\/wp-content\/uploads\/2025\/06\/Webdo-Tunisie_168377.jpg","width":301,"height":301,"caption":"Webdo"},"image":{"@id":"https:\/\/www.webdo.tn\/fr\/#\/schema\/logo\/image\/"},"sameAs":["https:\/\/www.facebook.com\/webdotn","https:\/\/x.com\/webdo_tn"],"description":"Webdo est un m\u00e9dia num\u00e9rique tunisien fond\u00e9 en 2010, sp\u00e9cialis\u00e9 dans l\u2019actualit\u00e9 nationale et internationale, l\u2019\u00e9conomie, la soci\u00e9t\u00e9 et les analyses politiques. Le site s\u2019adresse \u00e0 un large public francophone et couvre l\u2019information tunisienne en temps r\u00e9el.","email":"redac@webdo.tn","legalName":"YNJ SARL","foundingDate":"2010-09-06","numberOfEmployees":{"@type":"QuantitativeValue","minValue":"11","maxValue":"50"}},{"@type":"Person","@id":"https:\/\/www.webdo.tn\/fr\/#\/schema\/person\/9a9c6118d687c117df8ef3cc36a4d175","name":"webdo.tn","image":{"@type":"ImageObject","inLanguage":"fr-FR","@id":"https:\/\/secure.gravatar.com\/avatar\/7ce1f28c0c3bbac99ff550b85ef8e44a6950c6ee24514fb6a5489e51d06f0298?s=96&d=mm&r=g","url":"https:\/\/secure.gravatar.com\/avatar\/7ce1f28c0c3bbac99ff550b85ef8e44a6950c6ee24514fb6a5489e51d06f0298?s=96&d=mm&r=g","contentUrl":"https:\/\/secure.gravatar.com\/avatar\/7ce1f28c0c3bbac99ff550b85ef8e44a6950c6ee24514fb6a5489e51d06f0298?s=96&d=mm&r=g","caption":"webdo.tn"},"url":"https:\/\/www.webdo.tn\/fr\/actualite\/author\/webdotn\/"}]}},"_links":{"self":[{"href":"https:\/\/www.webdo.tn\/fr\/wp-json\/wp\/v2\/posts\/173323","targetHints":{"allow":["GET"]}}],"collection":[{"href":"https:\/\/www.webdo.tn\/fr\/wp-json\/wp\/v2\/posts"}],"about":[{"href":"https:\/\/www.webdo.tn\/fr\/wp-json\/wp\/v2\/types\/post"}],"author":[{"embeddable":true,"href":"https:\/\/www.webdo.tn\/fr\/wp-json\/wp\/v2\/users\/3222"}],"replies":[{"embeddable":true,"href":"https:\/\/www.webdo.tn\/fr\/wp-json\/wp\/v2\/comments?post=173323"}],"version-history":[{"count":0,"href":"https:\/\/www.webdo.tn\/fr\/wp-json\/wp\/v2\/posts\/173323\/revisions"}],"wp:featuredmedia":[{"embeddable":true,"href":"https:\/\/www.webdo.tn\/fr\/wp-json\/wp\/v2\/media\/376197"}],"wp:attachment":[{"href":"https:\/\/www.webdo.tn\/fr\/wp-json\/wp\/v2\/media?parent=173323"}],"wp:term":[{"taxonomy":"category","embeddable":true,"href":"https:\/\/www.webdo.tn\/fr\/wp-json\/wp\/v2\/categories?post=173323"},{"taxonomy":"post_tag","embeddable":true,"href":"https:\/\/www.webdo.tn\/fr\/wp-json\/wp\/v2\/tags?post=173323"}],"curies":[{"name":"wp","href":"https:\/\/api.w.org\/{rel}","templated":true}]}}