{"id":173322,"date":"2019-02-05T15:53:00","date_gmt":"2019-02-05T15:53:00","guid":{"rendered":"https:\/\/www.webdo.tn\/fr\/blog\/la-dette-publique-de-la-tunisie-a-triple-depuis-2011\/173322\/"},"modified":"2025-05-18T23:06:22","modified_gmt":"2025-05-18T23:06:22","slug":"la-dette-publique-de-la-tunisie-a-triple-depuis-2011","status":"publish","type":"post","link":"https:\/\/www.webdo.tn\/fr\/actualite\/tunis-hebdo\/la-dette-publique-de-la-tunisie-a-triple-depuis-2011\/173322\/","title":{"rendered":"La dette publique de la Tunisie a tripl\u00e9 depuis 2011 !"},"content":{"rendered":"<p>De 23 MdDT, elle est pass\u00e9e \u00e0 77 MdDT<\/p>\n<p>D\u2019apr\u00e8s le rapport de la Cour des comptes, la dette publique de la Tunisie est pass\u00e9e de 23,779 milliards de dinars (MdDT) en 2011 \u00e0 pr\u00e8s de 77 MdDT en 2018, soit plus que le triple de son volume d\u2019avant-r\u00e9volution.<br \/>\nMais au fait, c\u2019est quoi la dette publique ? Dans le domaine des finances publiques, la dette publique est l\u2019ensemble des engagements financiers, sous formes d\u2019emprunts, pris par un Etat, collectivit\u00e9s publiques et les organismes qui en d\u00e9pendent, \u00e0 l\u2019instar des entreprises publiques par exemple. Pour dire simple, c\u2019est tout l\u2019argent qu\u2019un Etat emprunte aux fins de financer son \u00e9conomie.<\/p>\n<p>Cet argent peut provenir, par ailleurs, de l\u2019int\u00e9rieur comme de l\u2019ext\u00e9rieur, c\u2019est pourquoi on doit distinguer la dette publique int\u00e9rieure de la dette publique ext\u00e9rieure. La dette int\u00e9rieure est celle qui est d\u00e9tenue par des agents \u00e9conomiques r\u00e9sidents de l\u2019Etat \u00e9metteur, la dette ext\u00e9rieure est d\u00e9tenue par des pr\u00eateurs \u00e9trangers.<br \/>\nQuid de l\u2019endettement ext\u00e9rieur ?<br \/>\nMais au-del\u00e0 du montant de la dette publique, lequel varie, par ailleurs, d\u2019une source \u00e0 une autre (on parle de 82 MdDT et non pas de 77 MdDT), ce qui para\u00eet inqui\u00e9tant, c\u2019est la progression effr\u00e9n\u00e9e de cette dette ces derni\u00e8res ann\u00e9es.<\/p>\n<p>Il faut savoir que bon an mal an, la dette publique de la Tunisie progresse de 20% en moyenne. Et tant que la croissance n\u2019est pas en mesure de soutenir cette dette dans des proportions acceptables, notre pays risque, un jour ou l\u2019autre, la banqueroute.<\/p>\n<p>Sachant que cette dette publique provient \u00e0 70% de l\u2019ext\u00e9rieur, c\u2019est-\u00e0-dire des institutions de financement internationales (FMI, BM, BAD) et des diff\u00e9rents bailleurs de fonds qui pr\u00eatent \u00e0 la Tunisie \u00e0 des conditions excessivement d\u00e9favorables.<\/p>\n<p>Pourquoi l\u2019endettement ext\u00e9rieur est plus difficile \u00e0 g\u00e9rer ou \u00e0 soutenir que l\u2019endettement int\u00e9rieur ? Tout simplement parce que la dette ext\u00e9rieure est libell\u00e9e en devises \u00e9trang\u00e8res. Autrement dit, plus la d\u00e9pr\u00e9ciation du dinar tunisien est grande, moins soutenable sera le service de la dette (principal + int\u00e9r\u00eat). A cela, il faut ajouter l\u2019\u00e9troitesse des ressources propres de l\u2019Etat (recettes budg\u00e9taires) qui restent en-de\u00e7\u00e0 des esp\u00e9rances. Tout cela pour dire qu\u2019on n\u2019est pas sorti de l\u2019auberge.<br \/>\nDeuxi\u00e8me poste d\u00e9pensier de l\u2019Etat !<br \/>\nSur le plan comptable, le service de la dette accapare, dans le Budget de l\u2019Etat 2019, 22% des d\u00e9penses publiques, soit le deuxi\u00e8me poste d\u00e9pensier de l\u2019Etat apr\u00e8s celui des salaires de la fonction publique (40% du Budget).<\/p>\n<p>Cela dit, autant le service de la dette est grand, autant les affectations du Budget aux titres des investissements seront r\u00e9duites. Ces investissements touchent aussi bien les projets de d\u00e9veloppement, que les infrastructures routi\u00e8res ou la cr\u00e9ation de postes d\u2019emploi.<\/p>\n<p>Pour l\u2019heure, la position est peu enviable, voire pas enviable du tout. La Tunisie est, en effet, prise entre le marteau de la dette ext\u00e9rieure et l\u2019enclume de la dette int\u00e9rieure. \u00c7a fera immanquablement des \u00e9tincelles. La suite, vous l\u2019imaginez\u2026<\/p>\n<p>Chahir CHAKROUN<br \/>\nTunis-Hebdo du 04\/02\/2019<\/p>\n","protected":false},"excerpt":{"rendered":"<p>La dette publique de la Tunisie a tripl\u00e9 depuis 2011 !<\/p>\n","protected":false},"author":3222,"featured_media":302769,"comment_status":"open","ping_status":"closed","sticky":false,"template":"","format":"standard","meta":{"footnotes":""},"categories":[7653],"tags":[2600],"class_list":["post-173322","post","type-post","status-publish","format-standard","has-post-thumbnail","hentry","category-tunis-hebdo","tag-guerre"],"yoast_head":"<!-- This site is optimized with the Yoast SEO Premium plugin v27.4 (Yoast SEO v27.4) - https:\/\/yoast.com\/product\/yoast-seo-premium-wordpress\/ -->\n<title>La dette publique de la Tunisie a tripl\u00e9 depuis 2011 !<\/title>\n<meta name=\"description\" content=\"La dette publique de la Tunisie a tripl\u00e9 depuis 2011 !\" \/>\n<link rel=\"canonical\" href=\"https:\/\/www.webdo.tn\/fr\/actualite\/tunis-hebdo\/la-dette-publique-de-la-tunisie-a-triple-depuis-2011\/173322\/\" \/>\n<meta property=\"og:locale\" content=\"fr_FR\" \/>\n<meta property=\"og:type\" content=\"article\" \/>\n<meta property=\"og:title\" content=\"La dette publique de la Tunisie a tripl\u00e9 depuis 2011 !\" \/>\n<meta property=\"og:description\" content=\"La dette publique de la Tunisie a tripl\u00e9 depuis 2011 !\" \/>\n<meta property=\"og:url\" content=\"https:\/\/www.webdo.tn\/fr\/actualite\/tunis-hebdo\/la-dette-publique-de-la-tunisie-a-triple-depuis-2011\/173322\/\" \/>\n<meta property=\"og:site_name\" content=\"webdo\" \/>\n<meta property=\"article:publisher\" content=\"https:\/\/www.facebook.com\/webdotn\" \/>\n<meta property=\"article:published_time\" content=\"2019-02-05T15:53:00+00:00\" \/>\n<meta property=\"article:modified_time\" content=\"2025-05-18T23:06:22+00:00\" \/>\n<meta property=\"og:image\" content=\"https:\/\/www.webdo.tn\/fr\/wp-content\/uploads\/2019\/02\/dollars6-300x225-1.jpg\" \/>\n\t<meta property=\"og:image:width\" content=\"300\" \/>\n\t<meta property=\"og:image:height\" content=\"225\" \/>\n\t<meta property=\"og:image:type\" content=\"image\/jpeg\" \/>\n<meta name=\"author\" content=\"webdo.tn\" \/>\n<meta name=\"twitter:card\" content=\"summary_large_image\" \/>\n<meta name=\"twitter:creator\" content=\"@webdo_tn\" \/>\n<meta name=\"twitter:site\" content=\"@webdo_tn\" \/>\n<meta name=\"twitter:label1\" content=\"\u00c9crit par\" \/>\n\t<meta name=\"twitter:data1\" content=\"webdo.tn\" \/>\n\t<meta name=\"twitter:label2\" content=\"Dur\u00e9e de lecture estim\u00e9e\" \/>\n\t<meta name=\"twitter:data2\" content=\"3 minutes\" \/>\n<script type=\"application\/ld+json\" class=\"yoast-schema-graph\">{\"@context\":\"https:\\\/\\\/schema.org\",\"@graph\":[{\"@type\":\"NewsArticle\",\"@id\":\"https:\\\/\\\/www.webdo.tn\\\/fr\\\/actualite\\\/tunis-hebdo\\\/la-dette-publique-de-la-tunisie-a-triple-depuis-2011\\\/173322\\\/#article\",\"isPartOf\":{\"@id\":\"https:\\\/\\\/www.webdo.tn\\\/fr\\\/actualite\\\/tunis-hebdo\\\/la-dette-publique-de-la-tunisie-a-triple-depuis-2011\\\/173322\\\/\"},\"author\":{\"name\":\"webdo.tn\",\"@id\":\"https:\\\/\\\/www.webdo.tn\\\/fr\\\/#\\\/schema\\\/person\\\/9a9c6118d687c117df8ef3cc36a4d175\"},\"headline\":\"La dette publique de la Tunisie a tripl\u00e9 depuis 2011 !\",\"datePublished\":\"2019-02-05T15:53:00+00:00\",\"dateModified\":\"2025-05-18T23:06:22+00:00\",\"mainEntityOfPage\":{\"@id\":\"https:\\\/\\\/www.webdo.tn\\\/fr\\\/actualite\\\/tunis-hebdo\\\/la-dette-publique-de-la-tunisie-a-triple-depuis-2011\\\/173322\\\/\"},\"wordCount\":559,\"commentCount\":0,\"publisher\":{\"@id\":\"https:\\\/\\\/www.webdo.tn\\\/fr\\\/#organization\"},\"image\":{\"@id\":\"https:\\\/\\\/www.webdo.tn\\\/fr\\\/actualite\\\/tunis-hebdo\\\/la-dette-publique-de-la-tunisie-a-triple-depuis-2011\\\/173322\\\/#primaryimage\"},\"thumbnailUrl\":\"https:\\\/\\\/www.webdo.tn\\\/fr\\\/wp-content\\\/uploads\\\/2019\\\/02\\\/dollars6-300x225-1.jpg\",\"keywords\":[\"guerre\"],\"articleSection\":[\"Tunis-Hebdo\"],\"inLanguage\":\"fr-FR\"},{\"@type\":\"WebPage\",\"@id\":\"https:\\\/\\\/www.webdo.tn\\\/fr\\\/actualite\\\/tunis-hebdo\\\/la-dette-publique-de-la-tunisie-a-triple-depuis-2011\\\/173322\\\/\",\"url\":\"https:\\\/\\\/www.webdo.tn\\\/fr\\\/actualite\\\/tunis-hebdo\\\/la-dette-publique-de-la-tunisie-a-triple-depuis-2011\\\/173322\\\/\",\"name\":\"La dette publique de la Tunisie a tripl\u00e9 depuis 2011 !\",\"isPartOf\":{\"@id\":\"https:\\\/\\\/www.webdo.tn\\\/fr\\\/#website\"},\"primaryImageOfPage\":{\"@id\":\"https:\\\/\\\/www.webdo.tn\\\/fr\\\/actualite\\\/tunis-hebdo\\\/la-dette-publique-de-la-tunisie-a-triple-depuis-2011\\\/173322\\\/#primaryimage\"},\"image\":{\"@id\":\"https:\\\/\\\/www.webdo.tn\\\/fr\\\/actualite\\\/tunis-hebdo\\\/la-dette-publique-de-la-tunisie-a-triple-depuis-2011\\\/173322\\\/#primaryimage\"},\"thumbnailUrl\":\"https:\\\/\\\/www.webdo.tn\\\/fr\\\/wp-content\\\/uploads\\\/2019\\\/02\\\/dollars6-300x225-1.jpg\",\"datePublished\":\"2019-02-05T15:53:00+00:00\",\"dateModified\":\"2025-05-18T23:06:22+00:00\",\"description\":\"La dette publique de la Tunisie a tripl\u00e9 depuis 2011 !\",\"breadcrumb\":{\"@id\":\"https:\\\/\\\/www.webdo.tn\\\/fr\\\/actualite\\\/tunis-hebdo\\\/la-dette-publique-de-la-tunisie-a-triple-depuis-2011\\\/173322\\\/#breadcrumb\"},\"inLanguage\":\"fr-FR\",\"potentialAction\":[{\"@type\":\"ReadAction\",\"target\":[\"https:\\\/\\\/www.webdo.tn\\\/fr\\\/actualite\\\/tunis-hebdo\\\/la-dette-publique-de-la-tunisie-a-triple-depuis-2011\\\/173322\\\/\"]}]},{\"@type\":\"ImageObject\",\"inLanguage\":\"fr-FR\",\"@id\":\"https:\\\/\\\/www.webdo.tn\\\/fr\\\/actualite\\\/tunis-hebdo\\\/la-dette-publique-de-la-tunisie-a-triple-depuis-2011\\\/173322\\\/#primaryimage\",\"url\":\"https:\\\/\\\/www.webdo.tn\\\/fr\\\/wp-content\\\/uploads\\\/2019\\\/02\\\/dollars6-300x225-1.jpg\",\"contentUrl\":\"https:\\\/\\\/www.webdo.tn\\\/fr\\\/wp-content\\\/uploads\\\/2019\\\/02\\\/dollars6-300x225-1.jpg\",\"width\":300,\"height\":225,\"caption\":\"La dette publique de la Tunisie a tripl\u00e9 depuis 2011 !\"},{\"@type\":\"BreadcrumbList\",\"@id\":\"https:\\\/\\\/www.webdo.tn\\\/fr\\\/actualite\\\/tunis-hebdo\\\/la-dette-publique-de-la-tunisie-a-triple-depuis-2011\\\/173322\\\/#breadcrumb\",\"itemListElement\":[{\"@type\":\"ListItem\",\"position\":1,\"name\":\"Accueil\",\"item\":\"https:\\\/\\\/www.webdo.tn\\\/fr\\\/\"},{\"@type\":\"ListItem\",\"position\":2,\"name\":\"La dette publique de la Tunisie a tripl\u00e9 depuis 2011 !\"}]},{\"@type\":\"WebSite\",\"@id\":\"https:\\\/\\\/www.webdo.tn\\\/fr\\\/#website\",\"url\":\"https:\\\/\\\/www.webdo.tn\\\/fr\\\/\",\"name\":\"webdo\",\"description\":\"Tunisie - News en Tunisie et \u00e0 l&#039;international sur Webdo.tn\",\"publisher\":{\"@id\":\"https:\\\/\\\/www.webdo.tn\\\/fr\\\/#organization\"},\"potentialAction\":[{\"@type\":\"SearchAction\",\"target\":{\"@type\":\"EntryPoint\",\"urlTemplate\":\"https:\\\/\\\/www.webdo.tn\\\/fr\\\/?s={search_term_string}\"},\"query-input\":{\"@type\":\"PropertyValueSpecification\",\"valueRequired\":true,\"valueName\":\"search_term_string\"}}],\"inLanguage\":\"fr-FR\"},{\"@type\":\"Organization\",\"@id\":\"https:\\\/\\\/www.webdo.tn\\\/fr\\\/#organization\",\"name\":\"Webdo\",\"alternateName\":\"Webdo.tn\",\"url\":\"https:\\\/\\\/www.webdo.tn\\\/fr\\\/\",\"logo\":{\"@type\":\"ImageObject\",\"inLanguage\":\"fr-FR\",\"@id\":\"https:\\\/\\\/www.webdo.tn\\\/fr\\\/#\\\/schema\\\/logo\\\/image\\\/\",\"url\":\"https:\\\/\\\/www.webdo.tn\\\/fr\\\/wp-content\\\/uploads\\\/2025\\\/06\\\/Webdo-Tunisie_168377.jpg\",\"contentUrl\":\"https:\\\/\\\/www.webdo.tn\\\/fr\\\/wp-content\\\/uploads\\\/2025\\\/06\\\/Webdo-Tunisie_168377.jpg\",\"width\":301,\"height\":301,\"caption\":\"Webdo\"},\"image\":{\"@id\":\"https:\\\/\\\/www.webdo.tn\\\/fr\\\/#\\\/schema\\\/logo\\\/image\\\/\"},\"sameAs\":[\"https:\\\/\\\/www.facebook.com\\\/webdotn\",\"https:\\\/\\\/x.com\\\/webdo_tn\"],\"description\":\"Webdo est un m\u00e9dia num\u00e9rique tunisien fond\u00e9 en 2010, sp\u00e9cialis\u00e9 dans l\u2019actualit\u00e9 nationale et internationale, l\u2019\u00e9conomie, la soci\u00e9t\u00e9 et les analyses politiques. Le site s\u2019adresse \u00e0 un large public francophone et couvre l\u2019information tunisienne en temps r\u00e9el.\",\"email\":\"redac@webdo.tn\",\"legalName\":\"YNJ SARL\",\"foundingDate\":\"2010-09-06\",\"numberOfEmployees\":{\"@type\":\"QuantitativeValue\",\"minValue\":\"11\",\"maxValue\":\"50\"}},{\"@type\":\"Person\",\"@id\":\"https:\\\/\\\/www.webdo.tn\\\/fr\\\/#\\\/schema\\\/person\\\/9a9c6118d687c117df8ef3cc36a4d175\",\"name\":\"webdo.tn\",\"image\":{\"@type\":\"ImageObject\",\"inLanguage\":\"fr-FR\",\"@id\":\"https:\\\/\\\/secure.gravatar.com\\\/avatar\\\/7ce1f28c0c3bbac99ff550b85ef8e44a6950c6ee24514fb6a5489e51d06f0298?s=96&d=mm&r=g\",\"url\":\"https:\\\/\\\/secure.gravatar.com\\\/avatar\\\/7ce1f28c0c3bbac99ff550b85ef8e44a6950c6ee24514fb6a5489e51d06f0298?s=96&d=mm&r=g\",\"contentUrl\":\"https:\\\/\\\/secure.gravatar.com\\\/avatar\\\/7ce1f28c0c3bbac99ff550b85ef8e44a6950c6ee24514fb6a5489e51d06f0298?s=96&d=mm&r=g\",\"caption\":\"webdo.tn\"},\"url\":\"https:\\\/\\\/www.webdo.tn\\\/fr\\\/actualite\\\/author\\\/webdotn\\\/\"}]}<\/script>\n<!-- \/ Yoast SEO Premium plugin. -->","yoast_head_json":{"title":"La dette publique de la Tunisie a tripl\u00e9 depuis 2011 !","description":"La dette publique de la Tunisie a tripl\u00e9 depuis 2011 !","canonical":"https:\/\/www.webdo.tn\/fr\/actualite\/tunis-hebdo\/la-dette-publique-de-la-tunisie-a-triple-depuis-2011\/173322\/","og_locale":"fr_FR","og_type":"article","og_title":"La dette publique de la Tunisie a tripl\u00e9 depuis 2011 !","og_description":"La dette publique de la Tunisie a tripl\u00e9 depuis 2011 !","og_url":"https:\/\/www.webdo.tn\/fr\/actualite\/tunis-hebdo\/la-dette-publique-de-la-tunisie-a-triple-depuis-2011\/173322\/","og_site_name":"webdo","article_publisher":"https:\/\/www.facebook.com\/webdotn","article_published_time":"2019-02-05T15:53:00+00:00","article_modified_time":"2025-05-18T23:06:22+00:00","og_image":[{"width":300,"height":225,"url":"https:\/\/www.webdo.tn\/fr\/wp-content\/uploads\/2019\/02\/dollars6-300x225-1.jpg","type":"image\/jpeg"}],"author":"webdo.tn","twitter_card":"summary_large_image","twitter_creator":"@webdo_tn","twitter_site":"@webdo_tn","twitter_misc":{"\u00c9crit par":"webdo.tn","Dur\u00e9e de lecture estim\u00e9e":"3 minutes"},"schema":{"@context":"https:\/\/schema.org","@graph":[{"@type":"NewsArticle","@id":"https:\/\/www.webdo.tn\/fr\/actualite\/tunis-hebdo\/la-dette-publique-de-la-tunisie-a-triple-depuis-2011\/173322\/#article","isPartOf":{"@id":"https:\/\/www.webdo.tn\/fr\/actualite\/tunis-hebdo\/la-dette-publique-de-la-tunisie-a-triple-depuis-2011\/173322\/"},"author":{"name":"webdo.tn","@id":"https:\/\/www.webdo.tn\/fr\/#\/schema\/person\/9a9c6118d687c117df8ef3cc36a4d175"},"headline":"La dette publique de la Tunisie a tripl\u00e9 depuis 2011 !","datePublished":"2019-02-05T15:53:00+00:00","dateModified":"2025-05-18T23:06:22+00:00","mainEntityOfPage":{"@id":"https:\/\/www.webdo.tn\/fr\/actualite\/tunis-hebdo\/la-dette-publique-de-la-tunisie-a-triple-depuis-2011\/173322\/"},"wordCount":559,"commentCount":0,"publisher":{"@id":"https:\/\/www.webdo.tn\/fr\/#organization"},"image":{"@id":"https:\/\/www.webdo.tn\/fr\/actualite\/tunis-hebdo\/la-dette-publique-de-la-tunisie-a-triple-depuis-2011\/173322\/#primaryimage"},"thumbnailUrl":"https:\/\/www.webdo.tn\/fr\/wp-content\/uploads\/2019\/02\/dollars6-300x225-1.jpg","keywords":["guerre"],"articleSection":["Tunis-Hebdo"],"inLanguage":"fr-FR"},{"@type":"WebPage","@id":"https:\/\/www.webdo.tn\/fr\/actualite\/tunis-hebdo\/la-dette-publique-de-la-tunisie-a-triple-depuis-2011\/173322\/","url":"https:\/\/www.webdo.tn\/fr\/actualite\/tunis-hebdo\/la-dette-publique-de-la-tunisie-a-triple-depuis-2011\/173322\/","name":"La dette publique de la Tunisie a tripl\u00e9 depuis 2011 !","isPartOf":{"@id":"https:\/\/www.webdo.tn\/fr\/#website"},"primaryImageOfPage":{"@id":"https:\/\/www.webdo.tn\/fr\/actualite\/tunis-hebdo\/la-dette-publique-de-la-tunisie-a-triple-depuis-2011\/173322\/#primaryimage"},"image":{"@id":"https:\/\/www.webdo.tn\/fr\/actualite\/tunis-hebdo\/la-dette-publique-de-la-tunisie-a-triple-depuis-2011\/173322\/#primaryimage"},"thumbnailUrl":"https:\/\/www.webdo.tn\/fr\/wp-content\/uploads\/2019\/02\/dollars6-300x225-1.jpg","datePublished":"2019-02-05T15:53:00+00:00","dateModified":"2025-05-18T23:06:22+00:00","description":"La dette publique de la Tunisie a tripl\u00e9 depuis 2011 !","breadcrumb":{"@id":"https:\/\/www.webdo.tn\/fr\/actualite\/tunis-hebdo\/la-dette-publique-de-la-tunisie-a-triple-depuis-2011\/173322\/#breadcrumb"},"inLanguage":"fr-FR","potentialAction":[{"@type":"ReadAction","target":["https:\/\/www.webdo.tn\/fr\/actualite\/tunis-hebdo\/la-dette-publique-de-la-tunisie-a-triple-depuis-2011\/173322\/"]}]},{"@type":"ImageObject","inLanguage":"fr-FR","@id":"https:\/\/www.webdo.tn\/fr\/actualite\/tunis-hebdo\/la-dette-publique-de-la-tunisie-a-triple-depuis-2011\/173322\/#primaryimage","url":"https:\/\/www.webdo.tn\/fr\/wp-content\/uploads\/2019\/02\/dollars6-300x225-1.jpg","contentUrl":"https:\/\/www.webdo.tn\/fr\/wp-content\/uploads\/2019\/02\/dollars6-300x225-1.jpg","width":300,"height":225,"caption":"La dette publique de la Tunisie a tripl\u00e9 depuis 2011 !"},{"@type":"BreadcrumbList","@id":"https:\/\/www.webdo.tn\/fr\/actualite\/tunis-hebdo\/la-dette-publique-de-la-tunisie-a-triple-depuis-2011\/173322\/#breadcrumb","itemListElement":[{"@type":"ListItem","position":1,"name":"Accueil","item":"https:\/\/www.webdo.tn\/fr\/"},{"@type":"ListItem","position":2,"name":"La dette publique de la Tunisie a tripl\u00e9 depuis 2011 !"}]},{"@type":"WebSite","@id":"https:\/\/www.webdo.tn\/fr\/#website","url":"https:\/\/www.webdo.tn\/fr\/","name":"webdo","description":"Tunisie - News en Tunisie et \u00e0 l&#039;international sur Webdo.tn","publisher":{"@id":"https:\/\/www.webdo.tn\/fr\/#organization"},"potentialAction":[{"@type":"SearchAction","target":{"@type":"EntryPoint","urlTemplate":"https:\/\/www.webdo.tn\/fr\/?s={search_term_string}"},"query-input":{"@type":"PropertyValueSpecification","valueRequired":true,"valueName":"search_term_string"}}],"inLanguage":"fr-FR"},{"@type":"Organization","@id":"https:\/\/www.webdo.tn\/fr\/#organization","name":"Webdo","alternateName":"Webdo.tn","url":"https:\/\/www.webdo.tn\/fr\/","logo":{"@type":"ImageObject","inLanguage":"fr-FR","@id":"https:\/\/www.webdo.tn\/fr\/#\/schema\/logo\/image\/","url":"https:\/\/www.webdo.tn\/fr\/wp-content\/uploads\/2025\/06\/Webdo-Tunisie_168377.jpg","contentUrl":"https:\/\/www.webdo.tn\/fr\/wp-content\/uploads\/2025\/06\/Webdo-Tunisie_168377.jpg","width":301,"height":301,"caption":"Webdo"},"image":{"@id":"https:\/\/www.webdo.tn\/fr\/#\/schema\/logo\/image\/"},"sameAs":["https:\/\/www.facebook.com\/webdotn","https:\/\/x.com\/webdo_tn"],"description":"Webdo est un m\u00e9dia num\u00e9rique tunisien fond\u00e9 en 2010, sp\u00e9cialis\u00e9 dans l\u2019actualit\u00e9 nationale et internationale, l\u2019\u00e9conomie, la soci\u00e9t\u00e9 et les analyses politiques. Le site s\u2019adresse \u00e0 un large public francophone et couvre l\u2019information tunisienne en temps r\u00e9el.","email":"redac@webdo.tn","legalName":"YNJ SARL","foundingDate":"2010-09-06","numberOfEmployees":{"@type":"QuantitativeValue","minValue":"11","maxValue":"50"}},{"@type":"Person","@id":"https:\/\/www.webdo.tn\/fr\/#\/schema\/person\/9a9c6118d687c117df8ef3cc36a4d175","name":"webdo.tn","image":{"@type":"ImageObject","inLanguage":"fr-FR","@id":"https:\/\/secure.gravatar.com\/avatar\/7ce1f28c0c3bbac99ff550b85ef8e44a6950c6ee24514fb6a5489e51d06f0298?s=96&d=mm&r=g","url":"https:\/\/secure.gravatar.com\/avatar\/7ce1f28c0c3bbac99ff550b85ef8e44a6950c6ee24514fb6a5489e51d06f0298?s=96&d=mm&r=g","contentUrl":"https:\/\/secure.gravatar.com\/avatar\/7ce1f28c0c3bbac99ff550b85ef8e44a6950c6ee24514fb6a5489e51d06f0298?s=96&d=mm&r=g","caption":"webdo.tn"},"url":"https:\/\/www.webdo.tn\/fr\/actualite\/author\/webdotn\/"}]}},"_links":{"self":[{"href":"https:\/\/www.webdo.tn\/fr\/wp-json\/wp\/v2\/posts\/173322","targetHints":{"allow":["GET"]}}],"collection":[{"href":"https:\/\/www.webdo.tn\/fr\/wp-json\/wp\/v2\/posts"}],"about":[{"href":"https:\/\/www.webdo.tn\/fr\/wp-json\/wp\/v2\/types\/post"}],"author":[{"embeddable":true,"href":"https:\/\/www.webdo.tn\/fr\/wp-json\/wp\/v2\/users\/3222"}],"replies":[{"embeddable":true,"href":"https:\/\/www.webdo.tn\/fr\/wp-json\/wp\/v2\/comments?post=173322"}],"version-history":[{"count":0,"href":"https:\/\/www.webdo.tn\/fr\/wp-json\/wp\/v2\/posts\/173322\/revisions"}],"wp:featuredmedia":[{"embeddable":true,"href":"https:\/\/www.webdo.tn\/fr\/wp-json\/wp\/v2\/media\/302769"}],"wp:attachment":[{"href":"https:\/\/www.webdo.tn\/fr\/wp-json\/wp\/v2\/media?parent=173322"}],"wp:term":[{"taxonomy":"category","embeddable":true,"href":"https:\/\/www.webdo.tn\/fr\/wp-json\/wp\/v2\/categories?post=173322"},{"taxonomy":"post_tag","embeddable":true,"href":"https:\/\/www.webdo.tn\/fr\/wp-json\/wp\/v2\/tags?post=173322"}],"curies":[{"name":"wp","href":"https:\/\/api.w.org\/{rel}","templated":true}]}}