{"id":173320,"date":"2019-02-07T10:25:00","date_gmt":"2019-02-07T10:25:00","guid":{"rendered":"https:\/\/www.webdo.tn\/fr\/blog\/le-coup-de-hassan-ii-similaire-a-celui-du-shah\/173320\/"},"modified":"2025-05-19T14:46:16","modified_gmt":"2025-05-19T14:46:16","slug":"le-coup-de-hassan-ii-similaire-a-celui-du-shah","status":"publish","type":"post","link":"https:\/\/www.webdo.tn\/fr\/actualite\/tunis-hebdo\/le-coup-de-hassan-ii-similaire-a-celui-du-shah\/173320\/","title":{"rendered":"Le coup de Hassan II similaire \u00e0 celui du Shah"},"content":{"rendered":"<p>Le Shah d\u2019Iran, Mohammad Reza Chah Pahlavi, a d\u00e9cid\u00e9, un jour, d\u2019annexer les trois \u00eelots d\u2019Abou-Moussa, de la Petite et Grande Tomb se trouvant dans le golfe persique, mais ne lui appartenant pas du tout&#8230;<\/p>\n<p>Pour cela et afin que les diff\u00e9rents chefs d\u2019Etat acceptent le fait accompli, il d\u00e9cida d\u2019organiser une f\u00eate des mille et une nuits \u00e0 laquelle il a convi\u00e9 tout le gratin des d\u00e9cideurs de par le monde et tous ceux qui risquaient de s\u2019opposer ou de porter ombrage \u00e0 ses vis\u00e9es expansionnistes.<\/p>\n<p>Ce furent deux jours et deux nuits vraiment f\u00e9\u00e9riques \u00e0 tous les points de vue. Un v\u00e9ritable paradis sur terre qui a conquis tant de puissants de ce monde. Entre-temps, le Shah fit envahir de nuit les trois \u00eelots convoit\u00e9s appartenant aux Emirats Arabes Unis depuis leur ind\u00e9pendance en 1971.<\/p>\n<p>Le lendemain matin, quand les nouvelles de l\u2019invasion furent connues, aucun des convives de la soir\u00e9e pass\u00e9e, chefs d\u2019Etat et Premiers ministres compris, n\u2019osa ouvrir la bouche, \u00e0 plus forte raison les porte-parole des pays repr\u00e9sent\u00e9s, pour protester contre cette violation flagrante de la paix.<\/p>\n<p>Tous croulaient sous les cadeaux princiers d\u2019un Shah qui a mis le paquet pour en mettre plein la vue \u00e0 ses prestigieux invit\u00e9s&#8230; Quant au coup des trois \u00eelots, beaucoup le consid\u00e8rent, \u00e0 juste titre, comme une r\u00e9ussite sans ant\u00e9c\u00e9dent dans le genre !<\/p>\n<p>Cela aurait donn\u00e9 des id\u00e9es au roi Hassan II. Ce dernier, tenant \u00e0 faire \u00e9loigner le colonel Kadhafi du Polisario &#8211; qu\u2019il soutenait \u00e0 fond et par tous les moyens aussi bien financiers qu\u2019en mat\u00e9riel de guerre, allant jusqu\u2019\u00e0 donner lui-m\u00eame l\u2019appellation \u00abPolisario\u00bb &#8211; s\u2019entendit en secret avec le guide libyen pour un entretien en t\u00eate-\u00e0-t\u00eate. Un rendez-vous en catimini fut, alors, convenu entre les deux leaders et cela dans la ville marocaine d\u2019Oujda, au nord-ouest du Maroc.<\/p>\n<p>Or, Hassan II craignait outrageusement de contrarier ses protecteurs am\u00e9ricains. Ceux-ci voyaient tr\u00e8s mal tout rapprochement avec la Jamahyria du fougueux Moamar.<br \/>\nC\u2019est alors, me semble-t-il, que le souverain marocain se serait souvenu de la main basse faite par le Shah sur ces fameux \u00eelots \u00e9miratis.<\/p>\n<p>La veille de l\u2019arriv\u00e9e de Kadhafi au Maroc, le roi demanda \u00e0 son ministre de l\u2019Int\u00e9rieur et confident, Driss Basri, d\u2019organiser un magnifique safari \u00e0 l\u2019intention de l\u2019ambassadeur US au fin fond du Sahara afin de l\u2019occuper totalement durant deux jours, tout en l\u2019isolant de son ambassade. Basri avait pour consigne de ne rebrousser chemin qu\u2019apr\u00e8s le d\u00e9part de Kadhafi.<\/p>\n<p>Mission accomplie au point que le bureau des affaires \u00e9trang\u00e8res am\u00e9ricain n\u2019apprit la nouvelle de cette visite impromptue et l\u2019accord conclu \u00e0 propos de l\u2019union entre le Maroc et la Libye que quelques jours plus tard.<\/p>\n<p>Imaginez un peu l\u2019\u00e9tat d\u2019\u00e2me de ce diplomate enroul\u00e9 dans la farine et les r\u00e9actions intempestives de ses sup\u00e9rieurs hi\u00e9rarchiques ?<\/p>\n<p>Quelques ann\u00e9es plus tard, pourchass\u00e9 par le guide Khomeini, abandonn\u00e9 par ses faux alli\u00e9s am\u00e9ricains et surtout, tr\u00e8s affaibli physiquement \u00e0 cause d\u2019un cancer, le Shah a tent\u00e9, vainement, de s\u2019installer au Caire.<\/p>\n<p>Mais Anouar Sadate n\u2019a pu, dans un premier temps, lui donner asile que pour quelques jours seulement. Car personne, dans le monde arabe, ne tenait \u00e0 accueillir l\u2019empereur d\u00e9chu, au risque d\u2019avoir sur le dos les redoutables islamistes iraniens.<\/p>\n<p>Le Shah a, donc, d\u00fb se replier sur Rabat o\u00f9 le roi Hassan II lui donna l\u2019hospitalit\u00e9 que certains pensent qu\u2019elle fut tr\u00e8s on\u00e9reusement pay\u00e9e. C\u2019est l\u00e0 une habitude du monarque ch\u00e9rifien, l\u2019homme de l\u2019Atlas ne fait rien pour rien.<\/p>\n<p>Quant \u00e0 Mobutu, l\u2019ancien pr\u00e9sident du Congo, ainsi que bien d\u2019autres dictateurs africains, ils ont d\u00fb laisser, \u00e0 leur tour, une partie substantielle de leur colossale fortune dans les caisses de la cour royale marocaine. L\u2019ancien leader za\u00efrois est, d\u2019ailleurs, d\u00e9c\u00e9d\u00e9 dans la capitale ch\u00e9rifienne alors que le Shah est mort au Caire o\u00f9 il est retourn\u00e9.<br \/>\nM\u2019hamed BEN YOUSSEF<br \/>\nTunis-Hebdo du 04\/02\/2019<\/p>\n","protected":false},"excerpt":{"rendered":"<p>Le coup de Hassan II similaire \u00e0 celui du Shah<\/p>\n","protected":false},"author":3222,"featured_media":296285,"comment_status":"open","ping_status":"closed","sticky":false,"template":"","format":"standard","meta":{"footnotes":""},"categories":[7653],"tags":[2600],"class_list":["post-173320","post","type-post","status-publish","format-standard","has-post-thumbnail","hentry","category-tunis-hebdo","tag-guerre"],"yoast_head":"<!-- This site is optimized with the Yoast SEO Premium plugin v27.4 (Yoast SEO v27.4) - https:\/\/yoast.com\/product\/yoast-seo-premium-wordpress\/ -->\n<title>Le coup de Hassan II similaire \u00e0 celui du Shah<\/title>\n<meta name=\"description\" content=\"Le coup de Hassan II similaire \u00e0 celui du Shah\" \/>\n<link rel=\"canonical\" href=\"https:\/\/www.webdo.tn\/fr\/actualite\/tunis-hebdo\/le-coup-de-hassan-ii-similaire-a-celui-du-shah\/173320\/\" \/>\n<meta property=\"og:locale\" content=\"fr_FR\" \/>\n<meta property=\"og:type\" content=\"article\" \/>\n<meta property=\"og:title\" content=\"Le coup de Hassan II similaire \u00e0 celui du Shah\" \/>\n<meta property=\"og:description\" content=\"Le coup de Hassan II similaire \u00e0 celui du Shah\" \/>\n<meta property=\"og:url\" content=\"https:\/\/www.webdo.tn\/fr\/actualite\/tunis-hebdo\/le-coup-de-hassan-ii-similaire-a-celui-du-shah\/173320\/\" \/>\n<meta property=\"og:site_name\" content=\"webdo\" \/>\n<meta property=\"article:publisher\" content=\"https:\/\/www.facebook.com\/webdotn\" \/>\n<meta property=\"article:published_time\" content=\"2019-02-07T10:25:00+00:00\" \/>\n<meta property=\"article:modified_time\" content=\"2025-05-19T14:46:16+00:00\" \/>\n<meta property=\"og:image\" content=\"https:\/\/www.webdo.tn\/fr\/wp-content\/uploads\/2019\/02\/P1-Le-coup.jpg\" \/>\n\t<meta property=\"og:image:width\" content=\"512\" \/>\n\t<meta property=\"og:image:height\" content=\"320\" \/>\n\t<meta property=\"og:image:type\" content=\"image\/jpeg\" \/>\n<meta name=\"author\" content=\"webdo.tn\" \/>\n<meta name=\"twitter:card\" content=\"summary_large_image\" \/>\n<meta name=\"twitter:creator\" content=\"@webdo_tn\" \/>\n<meta name=\"twitter:site\" content=\"@webdo_tn\" \/>\n<meta name=\"twitter:label1\" content=\"\u00c9crit par\" \/>\n\t<meta name=\"twitter:data1\" content=\"webdo.tn\" \/>\n\t<meta name=\"twitter:label2\" content=\"Dur\u00e9e de lecture estim\u00e9e\" \/>\n\t<meta name=\"twitter:data2\" content=\"4 minutes\" \/>\n<script type=\"application\/ld+json\" class=\"yoast-schema-graph\">{\"@context\":\"https:\\\/\\\/schema.org\",\"@graph\":[{\"@type\":\"NewsArticle\",\"@id\":\"https:\\\/\\\/www.webdo.tn\\\/fr\\\/actualite\\\/tunis-hebdo\\\/le-coup-de-hassan-ii-similaire-a-celui-du-shah\\\/173320\\\/#article\",\"isPartOf\":{\"@id\":\"https:\\\/\\\/www.webdo.tn\\\/fr\\\/actualite\\\/tunis-hebdo\\\/le-coup-de-hassan-ii-similaire-a-celui-du-shah\\\/173320\\\/\"},\"author\":{\"name\":\"webdo.tn\",\"@id\":\"https:\\\/\\\/www.webdo.tn\\\/fr\\\/#\\\/schema\\\/person\\\/9a9c6118d687c117df8ef3cc36a4d175\"},\"headline\":\"Le coup de Hassan II similaire \u00e0 celui du Shah\",\"datePublished\":\"2019-02-07T10:25:00+00:00\",\"dateModified\":\"2025-05-19T14:46:16+00:00\",\"mainEntityOfPage\":{\"@id\":\"https:\\\/\\\/www.webdo.tn\\\/fr\\\/actualite\\\/tunis-hebdo\\\/le-coup-de-hassan-ii-similaire-a-celui-du-shah\\\/173320\\\/\"},\"wordCount\":726,\"commentCount\":0,\"publisher\":{\"@id\":\"https:\\\/\\\/www.webdo.tn\\\/fr\\\/#organization\"},\"image\":{\"@id\":\"https:\\\/\\\/www.webdo.tn\\\/fr\\\/actualite\\\/tunis-hebdo\\\/le-coup-de-hassan-ii-similaire-a-celui-du-shah\\\/173320\\\/#primaryimage\"},\"thumbnailUrl\":\"https:\\\/\\\/www.webdo.tn\\\/fr\\\/wp-content\\\/uploads\\\/2019\\\/02\\\/P1-Le-coup.jpg\",\"keywords\":[\"guerre\"],\"articleSection\":[\"Tunis-Hebdo\"],\"inLanguage\":\"fr-FR\"},{\"@type\":\"WebPage\",\"@id\":\"https:\\\/\\\/www.webdo.tn\\\/fr\\\/actualite\\\/tunis-hebdo\\\/le-coup-de-hassan-ii-similaire-a-celui-du-shah\\\/173320\\\/\",\"url\":\"https:\\\/\\\/www.webdo.tn\\\/fr\\\/actualite\\\/tunis-hebdo\\\/le-coup-de-hassan-ii-similaire-a-celui-du-shah\\\/173320\\\/\",\"name\":\"Le coup de Hassan II similaire \u00e0 celui du Shah\",\"isPartOf\":{\"@id\":\"https:\\\/\\\/www.webdo.tn\\\/fr\\\/#website\"},\"primaryImageOfPage\":{\"@id\":\"https:\\\/\\\/www.webdo.tn\\\/fr\\\/actualite\\\/tunis-hebdo\\\/le-coup-de-hassan-ii-similaire-a-celui-du-shah\\\/173320\\\/#primaryimage\"},\"image\":{\"@id\":\"https:\\\/\\\/www.webdo.tn\\\/fr\\\/actualite\\\/tunis-hebdo\\\/le-coup-de-hassan-ii-similaire-a-celui-du-shah\\\/173320\\\/#primaryimage\"},\"thumbnailUrl\":\"https:\\\/\\\/www.webdo.tn\\\/fr\\\/wp-content\\\/uploads\\\/2019\\\/02\\\/P1-Le-coup.jpg\",\"datePublished\":\"2019-02-07T10:25:00+00:00\",\"dateModified\":\"2025-05-19T14:46:16+00:00\",\"description\":\"Le coup de Hassan II similaire \u00e0 celui du Shah\",\"breadcrumb\":{\"@id\":\"https:\\\/\\\/www.webdo.tn\\\/fr\\\/actualite\\\/tunis-hebdo\\\/le-coup-de-hassan-ii-similaire-a-celui-du-shah\\\/173320\\\/#breadcrumb\"},\"inLanguage\":\"fr-FR\",\"potentialAction\":[{\"@type\":\"ReadAction\",\"target\":[\"https:\\\/\\\/www.webdo.tn\\\/fr\\\/actualite\\\/tunis-hebdo\\\/le-coup-de-hassan-ii-similaire-a-celui-du-shah\\\/173320\\\/\"]}]},{\"@type\":\"ImageObject\",\"inLanguage\":\"fr-FR\",\"@id\":\"https:\\\/\\\/www.webdo.tn\\\/fr\\\/actualite\\\/tunis-hebdo\\\/le-coup-de-hassan-ii-similaire-a-celui-du-shah\\\/173320\\\/#primaryimage\",\"url\":\"https:\\\/\\\/www.webdo.tn\\\/fr\\\/wp-content\\\/uploads\\\/2019\\\/02\\\/P1-Le-coup.jpg\",\"contentUrl\":\"https:\\\/\\\/www.webdo.tn\\\/fr\\\/wp-content\\\/uploads\\\/2019\\\/02\\\/P1-Le-coup.jpg\",\"width\":512,\"height\":320,\"caption\":\"Le coup de Hassan II similaire \u00e0 celui du Shah\"},{\"@type\":\"BreadcrumbList\",\"@id\":\"https:\\\/\\\/www.webdo.tn\\\/fr\\\/actualite\\\/tunis-hebdo\\\/le-coup-de-hassan-ii-similaire-a-celui-du-shah\\\/173320\\\/#breadcrumb\",\"itemListElement\":[{\"@type\":\"ListItem\",\"position\":1,\"name\":\"Accueil\",\"item\":\"https:\\\/\\\/www.webdo.tn\\\/fr\\\/\"},{\"@type\":\"ListItem\",\"position\":2,\"name\":\"Le coup de Hassan II similaire \u00e0 celui du Shah\"}]},{\"@type\":\"WebSite\",\"@id\":\"https:\\\/\\\/www.webdo.tn\\\/fr\\\/#website\",\"url\":\"https:\\\/\\\/www.webdo.tn\\\/fr\\\/\",\"name\":\"webdo\",\"description\":\"Tunisie - News en Tunisie et \u00e0 l&#039;international sur Webdo.tn\",\"publisher\":{\"@id\":\"https:\\\/\\\/www.webdo.tn\\\/fr\\\/#organization\"},\"potentialAction\":[{\"@type\":\"SearchAction\",\"target\":{\"@type\":\"EntryPoint\",\"urlTemplate\":\"https:\\\/\\\/www.webdo.tn\\\/fr\\\/?s={search_term_string}\"},\"query-input\":{\"@type\":\"PropertyValueSpecification\",\"valueRequired\":true,\"valueName\":\"search_term_string\"}}],\"inLanguage\":\"fr-FR\"},{\"@type\":\"Organization\",\"@id\":\"https:\\\/\\\/www.webdo.tn\\\/fr\\\/#organization\",\"name\":\"Webdo\",\"alternateName\":\"Webdo.tn\",\"url\":\"https:\\\/\\\/www.webdo.tn\\\/fr\\\/\",\"logo\":{\"@type\":\"ImageObject\",\"inLanguage\":\"fr-FR\",\"@id\":\"https:\\\/\\\/www.webdo.tn\\\/fr\\\/#\\\/schema\\\/logo\\\/image\\\/\",\"url\":\"https:\\\/\\\/www.webdo.tn\\\/fr\\\/wp-content\\\/uploads\\\/2025\\\/06\\\/Webdo-Tunisie_168377.jpg\",\"contentUrl\":\"https:\\\/\\\/www.webdo.tn\\\/fr\\\/wp-content\\\/uploads\\\/2025\\\/06\\\/Webdo-Tunisie_168377.jpg\",\"width\":301,\"height\":301,\"caption\":\"Webdo\"},\"image\":{\"@id\":\"https:\\\/\\\/www.webdo.tn\\\/fr\\\/#\\\/schema\\\/logo\\\/image\\\/\"},\"sameAs\":[\"https:\\\/\\\/www.facebook.com\\\/webdotn\",\"https:\\\/\\\/x.com\\\/webdo_tn\"],\"description\":\"Webdo est un m\u00e9dia num\u00e9rique tunisien fond\u00e9 en 2010, sp\u00e9cialis\u00e9 dans l\u2019actualit\u00e9 nationale et internationale, l\u2019\u00e9conomie, la soci\u00e9t\u00e9 et les analyses politiques. Le site s\u2019adresse \u00e0 un large public francophone et couvre l\u2019information tunisienne en temps r\u00e9el.\",\"email\":\"redac@webdo.tn\",\"legalName\":\"YNJ SARL\",\"foundingDate\":\"2010-09-06\",\"numberOfEmployees\":{\"@type\":\"QuantitativeValue\",\"minValue\":\"11\",\"maxValue\":\"50\"}},{\"@type\":\"Person\",\"@id\":\"https:\\\/\\\/www.webdo.tn\\\/fr\\\/#\\\/schema\\\/person\\\/9a9c6118d687c117df8ef3cc36a4d175\",\"name\":\"webdo.tn\",\"image\":{\"@type\":\"ImageObject\",\"inLanguage\":\"fr-FR\",\"@id\":\"https:\\\/\\\/secure.gravatar.com\\\/avatar\\\/7ce1f28c0c3bbac99ff550b85ef8e44a6950c6ee24514fb6a5489e51d06f0298?s=96&d=mm&r=g\",\"url\":\"https:\\\/\\\/secure.gravatar.com\\\/avatar\\\/7ce1f28c0c3bbac99ff550b85ef8e44a6950c6ee24514fb6a5489e51d06f0298?s=96&d=mm&r=g\",\"contentUrl\":\"https:\\\/\\\/secure.gravatar.com\\\/avatar\\\/7ce1f28c0c3bbac99ff550b85ef8e44a6950c6ee24514fb6a5489e51d06f0298?s=96&d=mm&r=g\",\"caption\":\"webdo.tn\"},\"url\":\"https:\\\/\\\/www.webdo.tn\\\/fr\\\/actualite\\\/author\\\/webdotn\\\/\"}]}<\/script>\n<!-- \/ Yoast SEO Premium plugin. -->","yoast_head_json":{"title":"Le coup de Hassan II similaire \u00e0 celui du Shah","description":"Le coup de Hassan II similaire \u00e0 celui du Shah","canonical":"https:\/\/www.webdo.tn\/fr\/actualite\/tunis-hebdo\/le-coup-de-hassan-ii-similaire-a-celui-du-shah\/173320\/","og_locale":"fr_FR","og_type":"article","og_title":"Le coup de Hassan II similaire \u00e0 celui du Shah","og_description":"Le coup de Hassan II similaire \u00e0 celui du Shah","og_url":"https:\/\/www.webdo.tn\/fr\/actualite\/tunis-hebdo\/le-coup-de-hassan-ii-similaire-a-celui-du-shah\/173320\/","og_site_name":"webdo","article_publisher":"https:\/\/www.facebook.com\/webdotn","article_published_time":"2019-02-07T10:25:00+00:00","article_modified_time":"2025-05-19T14:46:16+00:00","og_image":[{"width":512,"height":320,"url":"https:\/\/www.webdo.tn\/fr\/wp-content\/uploads\/2019\/02\/P1-Le-coup.jpg","type":"image\/jpeg"}],"author":"webdo.tn","twitter_card":"summary_large_image","twitter_creator":"@webdo_tn","twitter_site":"@webdo_tn","twitter_misc":{"\u00c9crit par":"webdo.tn","Dur\u00e9e de lecture estim\u00e9e":"4 minutes"},"schema":{"@context":"https:\/\/schema.org","@graph":[{"@type":"NewsArticle","@id":"https:\/\/www.webdo.tn\/fr\/actualite\/tunis-hebdo\/le-coup-de-hassan-ii-similaire-a-celui-du-shah\/173320\/#article","isPartOf":{"@id":"https:\/\/www.webdo.tn\/fr\/actualite\/tunis-hebdo\/le-coup-de-hassan-ii-similaire-a-celui-du-shah\/173320\/"},"author":{"name":"webdo.tn","@id":"https:\/\/www.webdo.tn\/fr\/#\/schema\/person\/9a9c6118d687c117df8ef3cc36a4d175"},"headline":"Le coup de Hassan II similaire \u00e0 celui du Shah","datePublished":"2019-02-07T10:25:00+00:00","dateModified":"2025-05-19T14:46:16+00:00","mainEntityOfPage":{"@id":"https:\/\/www.webdo.tn\/fr\/actualite\/tunis-hebdo\/le-coup-de-hassan-ii-similaire-a-celui-du-shah\/173320\/"},"wordCount":726,"commentCount":0,"publisher":{"@id":"https:\/\/www.webdo.tn\/fr\/#organization"},"image":{"@id":"https:\/\/www.webdo.tn\/fr\/actualite\/tunis-hebdo\/le-coup-de-hassan-ii-similaire-a-celui-du-shah\/173320\/#primaryimage"},"thumbnailUrl":"https:\/\/www.webdo.tn\/fr\/wp-content\/uploads\/2019\/02\/P1-Le-coup.jpg","keywords":["guerre"],"articleSection":["Tunis-Hebdo"],"inLanguage":"fr-FR"},{"@type":"WebPage","@id":"https:\/\/www.webdo.tn\/fr\/actualite\/tunis-hebdo\/le-coup-de-hassan-ii-similaire-a-celui-du-shah\/173320\/","url":"https:\/\/www.webdo.tn\/fr\/actualite\/tunis-hebdo\/le-coup-de-hassan-ii-similaire-a-celui-du-shah\/173320\/","name":"Le coup de Hassan II similaire \u00e0 celui du Shah","isPartOf":{"@id":"https:\/\/www.webdo.tn\/fr\/#website"},"primaryImageOfPage":{"@id":"https:\/\/www.webdo.tn\/fr\/actualite\/tunis-hebdo\/le-coup-de-hassan-ii-similaire-a-celui-du-shah\/173320\/#primaryimage"},"image":{"@id":"https:\/\/www.webdo.tn\/fr\/actualite\/tunis-hebdo\/le-coup-de-hassan-ii-similaire-a-celui-du-shah\/173320\/#primaryimage"},"thumbnailUrl":"https:\/\/www.webdo.tn\/fr\/wp-content\/uploads\/2019\/02\/P1-Le-coup.jpg","datePublished":"2019-02-07T10:25:00+00:00","dateModified":"2025-05-19T14:46:16+00:00","description":"Le coup de Hassan II similaire \u00e0 celui du Shah","breadcrumb":{"@id":"https:\/\/www.webdo.tn\/fr\/actualite\/tunis-hebdo\/le-coup-de-hassan-ii-similaire-a-celui-du-shah\/173320\/#breadcrumb"},"inLanguage":"fr-FR","potentialAction":[{"@type":"ReadAction","target":["https:\/\/www.webdo.tn\/fr\/actualite\/tunis-hebdo\/le-coup-de-hassan-ii-similaire-a-celui-du-shah\/173320\/"]}]},{"@type":"ImageObject","inLanguage":"fr-FR","@id":"https:\/\/www.webdo.tn\/fr\/actualite\/tunis-hebdo\/le-coup-de-hassan-ii-similaire-a-celui-du-shah\/173320\/#primaryimage","url":"https:\/\/www.webdo.tn\/fr\/wp-content\/uploads\/2019\/02\/P1-Le-coup.jpg","contentUrl":"https:\/\/www.webdo.tn\/fr\/wp-content\/uploads\/2019\/02\/P1-Le-coup.jpg","width":512,"height":320,"caption":"Le coup de Hassan II similaire \u00e0 celui du Shah"},{"@type":"BreadcrumbList","@id":"https:\/\/www.webdo.tn\/fr\/actualite\/tunis-hebdo\/le-coup-de-hassan-ii-similaire-a-celui-du-shah\/173320\/#breadcrumb","itemListElement":[{"@type":"ListItem","position":1,"name":"Accueil","item":"https:\/\/www.webdo.tn\/fr\/"},{"@type":"ListItem","position":2,"name":"Le coup de Hassan II similaire \u00e0 celui du Shah"}]},{"@type":"WebSite","@id":"https:\/\/www.webdo.tn\/fr\/#website","url":"https:\/\/www.webdo.tn\/fr\/","name":"webdo","description":"Tunisie - News en Tunisie et \u00e0 l&#039;international sur Webdo.tn","publisher":{"@id":"https:\/\/www.webdo.tn\/fr\/#organization"},"potentialAction":[{"@type":"SearchAction","target":{"@type":"EntryPoint","urlTemplate":"https:\/\/www.webdo.tn\/fr\/?s={search_term_string}"},"query-input":{"@type":"PropertyValueSpecification","valueRequired":true,"valueName":"search_term_string"}}],"inLanguage":"fr-FR"},{"@type":"Organization","@id":"https:\/\/www.webdo.tn\/fr\/#organization","name":"Webdo","alternateName":"Webdo.tn","url":"https:\/\/www.webdo.tn\/fr\/","logo":{"@type":"ImageObject","inLanguage":"fr-FR","@id":"https:\/\/www.webdo.tn\/fr\/#\/schema\/logo\/image\/","url":"https:\/\/www.webdo.tn\/fr\/wp-content\/uploads\/2025\/06\/Webdo-Tunisie_168377.jpg","contentUrl":"https:\/\/www.webdo.tn\/fr\/wp-content\/uploads\/2025\/06\/Webdo-Tunisie_168377.jpg","width":301,"height":301,"caption":"Webdo"},"image":{"@id":"https:\/\/www.webdo.tn\/fr\/#\/schema\/logo\/image\/"},"sameAs":["https:\/\/www.facebook.com\/webdotn","https:\/\/x.com\/webdo_tn"],"description":"Webdo est un m\u00e9dia num\u00e9rique tunisien fond\u00e9 en 2010, sp\u00e9cialis\u00e9 dans l\u2019actualit\u00e9 nationale et internationale, l\u2019\u00e9conomie, la soci\u00e9t\u00e9 et les analyses politiques. Le site s\u2019adresse \u00e0 un large public francophone et couvre l\u2019information tunisienne en temps r\u00e9el.","email":"redac@webdo.tn","legalName":"YNJ SARL","foundingDate":"2010-09-06","numberOfEmployees":{"@type":"QuantitativeValue","minValue":"11","maxValue":"50"}},{"@type":"Person","@id":"https:\/\/www.webdo.tn\/fr\/#\/schema\/person\/9a9c6118d687c117df8ef3cc36a4d175","name":"webdo.tn","image":{"@type":"ImageObject","inLanguage":"fr-FR","@id":"https:\/\/secure.gravatar.com\/avatar\/7ce1f28c0c3bbac99ff550b85ef8e44a6950c6ee24514fb6a5489e51d06f0298?s=96&d=mm&r=g","url":"https:\/\/secure.gravatar.com\/avatar\/7ce1f28c0c3bbac99ff550b85ef8e44a6950c6ee24514fb6a5489e51d06f0298?s=96&d=mm&r=g","contentUrl":"https:\/\/secure.gravatar.com\/avatar\/7ce1f28c0c3bbac99ff550b85ef8e44a6950c6ee24514fb6a5489e51d06f0298?s=96&d=mm&r=g","caption":"webdo.tn"},"url":"https:\/\/www.webdo.tn\/fr\/actualite\/author\/webdotn\/"}]}},"_links":{"self":[{"href":"https:\/\/www.webdo.tn\/fr\/wp-json\/wp\/v2\/posts\/173320","targetHints":{"allow":["GET"]}}],"collection":[{"href":"https:\/\/www.webdo.tn\/fr\/wp-json\/wp\/v2\/posts"}],"about":[{"href":"https:\/\/www.webdo.tn\/fr\/wp-json\/wp\/v2\/types\/post"}],"author":[{"embeddable":true,"href":"https:\/\/www.webdo.tn\/fr\/wp-json\/wp\/v2\/users\/3222"}],"replies":[{"embeddable":true,"href":"https:\/\/www.webdo.tn\/fr\/wp-json\/wp\/v2\/comments?post=173320"}],"version-history":[{"count":0,"href":"https:\/\/www.webdo.tn\/fr\/wp-json\/wp\/v2\/posts\/173320\/revisions"}],"wp:featuredmedia":[{"embeddable":true,"href":"https:\/\/www.webdo.tn\/fr\/wp-json\/wp\/v2\/media\/296285"}],"wp:attachment":[{"href":"https:\/\/www.webdo.tn\/fr\/wp-json\/wp\/v2\/media?parent=173320"}],"wp:term":[{"taxonomy":"category","embeddable":true,"href":"https:\/\/www.webdo.tn\/fr\/wp-json\/wp\/v2\/categories?post=173320"},{"taxonomy":"post_tag","embeddable":true,"href":"https:\/\/www.webdo.tn\/fr\/wp-json\/wp\/v2\/tags?post=173320"}],"curies":[{"name":"wp","href":"https:\/\/api.w.org\/{rel}","templated":true}]}}