{"id":173315,"date":"2019-02-12T11:06:00","date_gmt":"2019-02-12T11:06:00","guid":{"rendered":"https:\/\/www.webdo.tn\/fr\/blog\/pourquoi-les-travailleurs-marocains-quittent-ils-la-tunisie\/173315\/"},"modified":"2025-05-18T23:05:17","modified_gmt":"2025-05-18T23:05:17","slug":"pourquoi-les-travailleurs-marocains-quittent-ils-la-tunisie","status":"publish","type":"post","link":"https:\/\/www.webdo.tn\/fr\/actualite\/tunis-hebdo\/pourquoi-les-travailleurs-marocains-quittent-ils-la-tunisie\/173315\/","title":{"rendered":"Pourquoi les travailleurs marocains quittent-ils la Tunisie ?"},"content":{"rendered":"<p>De plus en plus de Marocains \u00e9tablis chez nous regagnent leur pays consid\u00e9rant qu&rsquo;il ne fait plus bon vivre en Tunisie.<br \/>\nMalgr\u00e9 la crise \u00e9conomique et l&rsquo;effritement du pouvoir d&rsquo;achat, la Tunisie continue de s\u00e9duire des milliers de migrants, principalement des Maghr\u00e9bins et des Subsahariens.<\/p>\n<p>D&rsquo;apr\u00e8s l&rsquo;Observatoire national de la Migration, pr\u00e8s de 44.000 \u00e9trangers vivent en Tunisie en 2014. Ces derniers sont r\u00e9partis comme suit : 19% d&rsquo;Alg\u00e9riens, 16% de Libyens, 15% de Fran\u00e7ais, 14% de Subsahariens et 10% de Marocains.<br \/>\nCette Tunisie d&rsquo;antan<br \/>\nDans les ann\u00e9es 90, la Tunisie tenait la drag\u00e9e haute \u00e0 tous ses voisins maghr\u00e9bins. Gr\u00e2ce \u00e0 une \u00e9conomie florissante, au d\u00e9veloppement des infrastructures touristiques et la venue d&rsquo;investisseurs \u00e9trangers, notre pays offrait des opportunit\u00e9s d&rsquo;avenir \u00e0 des milliers de Subsahariens, mais, \u00e9galement, \u00e0 nos amis marocains. Confront\u00e9s \u00e0 un taux de pauvret\u00e9 tr\u00e8s \u00e9lev\u00e9 et aux exactions du vieux monarque Hassan II, beaucoup de Marocains, issus des classes populaires, ont fui vers l&rsquo;Est.<\/p>\n<p>Plusieurs ont d\u00e9barqu\u00e9 en Tunisie, la fleur au fusil, en vue de construire quelque chose de solide. Loin d&rsquo;eux l&rsquo;id\u00e9e du tremplin vers l&rsquo;Europe, car \u00e0 cette \u00e9poque, notre pays pouvait se permettre de bomber le torse. Ainsi, des Marocains, venus initialement, d\u00e9crocher un petit boulot, se sont \u00e9tablis durablement et ont fond\u00e9 des familles.<\/p>\n<p>Mais \u00e0 partir des ann\u00e9es 2000, la croissance a d\u00e9c\u00e9l\u00e9r\u00e9 et les opportunit\u00e9s \u00e9conomiques sont devenues de plus en plus rares. Parall\u00e8lement, le Maroc a retrouv\u00e9 du poil de la b\u00eate.<br \/>\nLes Marocains pr\u00e9f\u00e8rent l&rsquo;Atlas<br \/>\nLa Tunisie n&rsquo;est plus cet eldorado d&rsquo;il y a 20 ans et donc, n&rsquo;attire plus autant les marocains qu&rsquo;avant. Il faut rappeler qu&rsquo;une bonne partie des Marocains exerce le m\u00e9tier de gardien ou d&rsquo;homme \u00e0 tout faire (chaouch). Comme disait l&rsquo;adage, le Marocain est un berger, l&rsquo;Alg\u00e9rien, un guerrier et le Tunisien, une femme.<\/p>\n<p>Les sujets du royaume ch\u00e9rifien sont connus, par ailleurs, pour leur honn\u00eatet\u00e9 et leur acharnement \u00e0 la tache lorsque celle-ci est justement r\u00e9compens\u00e9e. De plus, ils savent nouer des liens d&rsquo;amiti\u00e9s forts avec leur employeur au point de faire partie de sa famille. Le bien et le mal sont de toutes les nationalit\u00e9s, certes, mais il est rare de se faire entourlouper par un Marocain, surtout si celui-ci a une \u00e9p\u00e9e de Damocl\u00e8s sur la t\u00eate.<\/p>\n<p>L&rsquo;\u00e9conomie du Maroc ayant retrouv\u00e9, aujourd&rsquo;hui, des couleurs (baisse du taux de ch\u00f4mage de 10,2% en 2017 \u00e0 9,8% en 2018, soit la cr\u00e9ation de 86.000 emplois, etc.), a fait en sorte que les Marocains ne sont plus s\u00e9duits par Tunisie au m\u00eame titre que les Tunisiens eux m\u00eames.<br \/>\nMohamed Habib LADJIMI<br \/>\nTunis-Hebdo du 11\/02\/2019<\/p>\n","protected":false},"excerpt":{"rendered":"<p>Pourquoi les travailleurs marocains quittent-ils la Tunisie ?<\/p>\n","protected":false},"author":3222,"featured_media":296195,"comment_status":"open","ping_status":"closed","sticky":false,"template":"","format":"standard","meta":{"footnotes":""},"categories":[7653],"tags":[2600],"class_list":["post-173315","post","type-post","status-publish","format-standard","has-post-thumbnail","hentry","category-tunis-hebdo","tag-guerre"],"yoast_head":"<!-- This site is optimized with the Yoast SEO Premium plugin v27.4 (Yoast SEO v27.4) - https:\/\/yoast.com\/product\/yoast-seo-premium-wordpress\/ -->\n<title>Pourquoi les travailleurs marocains quittent-ils la Tunisie ?<\/title>\n<meta name=\"description\" content=\"Pourquoi les travailleurs marocains quittent-ils la Tunisie ?\" \/>\n<link rel=\"canonical\" href=\"https:\/\/www.webdo.tn\/fr\/actualite\/tunis-hebdo\/pourquoi-les-travailleurs-marocains-quittent-ils-la-tunisie\/173315\/\" \/>\n<meta property=\"og:locale\" content=\"fr_FR\" \/>\n<meta property=\"og:type\" content=\"article\" \/>\n<meta property=\"og:title\" content=\"Pourquoi les travailleurs marocains quittent-ils la Tunisie ?\" \/>\n<meta property=\"og:description\" content=\"Pourquoi les travailleurs marocains quittent-ils la Tunisie ?\" \/>\n<meta property=\"og:url\" content=\"https:\/\/www.webdo.tn\/fr\/actualite\/tunis-hebdo\/pourquoi-les-travailleurs-marocains-quittent-ils-la-tunisie\/173315\/\" \/>\n<meta property=\"og:site_name\" content=\"webdo\" \/>\n<meta property=\"article:publisher\" content=\"https:\/\/www.facebook.com\/webdotn\" \/>\n<meta property=\"article:published_time\" content=\"2019-02-12T11:06:00+00:00\" \/>\n<meta property=\"article:modified_time\" content=\"2025-05-18T23:05:17+00:00\" \/>\n<meta property=\"og:image\" content=\"https:\/\/www.webdo.tn\/fr\/wp-content\/uploads\/2019\/02\/50771839_375694213211938_5753033256186413056_n.jpg\" \/>\n\t<meta property=\"og:image:width\" content=\"592\" \/>\n\t<meta property=\"og:image:height\" content=\"296\" \/>\n\t<meta property=\"og:image:type\" content=\"image\/jpeg\" \/>\n<meta name=\"author\" content=\"webdo.tn\" \/>\n<meta name=\"twitter:card\" content=\"summary_large_image\" \/>\n<meta name=\"twitter:creator\" content=\"@webdo_tn\" \/>\n<meta name=\"twitter:site\" content=\"@webdo_tn\" \/>\n<meta name=\"twitter:label1\" content=\"\u00c9crit par\" \/>\n\t<meta name=\"twitter:data1\" content=\"webdo.tn\" \/>\n\t<meta name=\"twitter:label2\" content=\"Dur\u00e9e de lecture estim\u00e9e\" \/>\n\t<meta name=\"twitter:data2\" content=\"2 minutes\" \/>\n<script type=\"application\/ld+json\" class=\"yoast-schema-graph\">{\"@context\":\"https:\\\/\\\/schema.org\",\"@graph\":[{\"@type\":\"NewsArticle\",\"@id\":\"https:\\\/\\\/www.webdo.tn\\\/fr\\\/actualite\\\/tunis-hebdo\\\/pourquoi-les-travailleurs-marocains-quittent-ils-la-tunisie\\\/173315\\\/#article\",\"isPartOf\":{\"@id\":\"https:\\\/\\\/www.webdo.tn\\\/fr\\\/actualite\\\/tunis-hebdo\\\/pourquoi-les-travailleurs-marocains-quittent-ils-la-tunisie\\\/173315\\\/\"},\"author\":{\"name\":\"webdo.tn\",\"@id\":\"https:\\\/\\\/www.webdo.tn\\\/fr\\\/#\\\/schema\\\/person\\\/9a9c6118d687c117df8ef3cc36a4d175\"},\"headline\":\"Pourquoi les travailleurs marocains quittent-ils la Tunisie ?\",\"datePublished\":\"2019-02-12T11:06:00+00:00\",\"dateModified\":\"2025-05-18T23:05:17+00:00\",\"mainEntityOfPage\":{\"@id\":\"https:\\\/\\\/www.webdo.tn\\\/fr\\\/actualite\\\/tunis-hebdo\\\/pourquoi-les-travailleurs-marocains-quittent-ils-la-tunisie\\\/173315\\\/\"},\"wordCount\":483,\"commentCount\":0,\"publisher\":{\"@id\":\"https:\\\/\\\/www.webdo.tn\\\/fr\\\/#organization\"},\"image\":{\"@id\":\"https:\\\/\\\/www.webdo.tn\\\/fr\\\/actualite\\\/tunis-hebdo\\\/pourquoi-les-travailleurs-marocains-quittent-ils-la-tunisie\\\/173315\\\/#primaryimage\"},\"thumbnailUrl\":\"https:\\\/\\\/www.webdo.tn\\\/fr\\\/wp-content\\\/uploads\\\/2019\\\/02\\\/50771839_375694213211938_5753033256186413056_n.jpg\",\"keywords\":[\"guerre\"],\"articleSection\":[\"Tunis-Hebdo\"],\"inLanguage\":\"fr-FR\"},{\"@type\":\"WebPage\",\"@id\":\"https:\\\/\\\/www.webdo.tn\\\/fr\\\/actualite\\\/tunis-hebdo\\\/pourquoi-les-travailleurs-marocains-quittent-ils-la-tunisie\\\/173315\\\/\",\"url\":\"https:\\\/\\\/www.webdo.tn\\\/fr\\\/actualite\\\/tunis-hebdo\\\/pourquoi-les-travailleurs-marocains-quittent-ils-la-tunisie\\\/173315\\\/\",\"name\":\"Pourquoi les travailleurs marocains quittent-ils la Tunisie ?\",\"isPartOf\":{\"@id\":\"https:\\\/\\\/www.webdo.tn\\\/fr\\\/#website\"},\"primaryImageOfPage\":{\"@id\":\"https:\\\/\\\/www.webdo.tn\\\/fr\\\/actualite\\\/tunis-hebdo\\\/pourquoi-les-travailleurs-marocains-quittent-ils-la-tunisie\\\/173315\\\/#primaryimage\"},\"image\":{\"@id\":\"https:\\\/\\\/www.webdo.tn\\\/fr\\\/actualite\\\/tunis-hebdo\\\/pourquoi-les-travailleurs-marocains-quittent-ils-la-tunisie\\\/173315\\\/#primaryimage\"},\"thumbnailUrl\":\"https:\\\/\\\/www.webdo.tn\\\/fr\\\/wp-content\\\/uploads\\\/2019\\\/02\\\/50771839_375694213211938_5753033256186413056_n.jpg\",\"datePublished\":\"2019-02-12T11:06:00+00:00\",\"dateModified\":\"2025-05-18T23:05:17+00:00\",\"description\":\"Pourquoi les travailleurs marocains quittent-ils la Tunisie ?\",\"breadcrumb\":{\"@id\":\"https:\\\/\\\/www.webdo.tn\\\/fr\\\/actualite\\\/tunis-hebdo\\\/pourquoi-les-travailleurs-marocains-quittent-ils-la-tunisie\\\/173315\\\/#breadcrumb\"},\"inLanguage\":\"fr-FR\",\"potentialAction\":[{\"@type\":\"ReadAction\",\"target\":[\"https:\\\/\\\/www.webdo.tn\\\/fr\\\/actualite\\\/tunis-hebdo\\\/pourquoi-les-travailleurs-marocains-quittent-ils-la-tunisie\\\/173315\\\/\"]}]},{\"@type\":\"ImageObject\",\"inLanguage\":\"fr-FR\",\"@id\":\"https:\\\/\\\/www.webdo.tn\\\/fr\\\/actualite\\\/tunis-hebdo\\\/pourquoi-les-travailleurs-marocains-quittent-ils-la-tunisie\\\/173315\\\/#primaryimage\",\"url\":\"https:\\\/\\\/www.webdo.tn\\\/fr\\\/wp-content\\\/uploads\\\/2019\\\/02\\\/50771839_375694213211938_5753033256186413056_n.jpg\",\"contentUrl\":\"https:\\\/\\\/www.webdo.tn\\\/fr\\\/wp-content\\\/uploads\\\/2019\\\/02\\\/50771839_375694213211938_5753033256186413056_n.jpg\",\"width\":592,\"height\":296,\"caption\":\"Pourquoi les travailleurs marocains quittent-ils la Tunisie ?\"},{\"@type\":\"BreadcrumbList\",\"@id\":\"https:\\\/\\\/www.webdo.tn\\\/fr\\\/actualite\\\/tunis-hebdo\\\/pourquoi-les-travailleurs-marocains-quittent-ils-la-tunisie\\\/173315\\\/#breadcrumb\",\"itemListElement\":[{\"@type\":\"ListItem\",\"position\":1,\"name\":\"Accueil\",\"item\":\"https:\\\/\\\/www.webdo.tn\\\/fr\\\/\"},{\"@type\":\"ListItem\",\"position\":2,\"name\":\"Pourquoi les travailleurs marocains quittent-ils la Tunisie ?\"}]},{\"@type\":\"WebSite\",\"@id\":\"https:\\\/\\\/www.webdo.tn\\\/fr\\\/#website\",\"url\":\"https:\\\/\\\/www.webdo.tn\\\/fr\\\/\",\"name\":\"webdo\",\"description\":\"Tunisie - News en Tunisie et \u00e0 l&#039;international sur Webdo.tn\",\"publisher\":{\"@id\":\"https:\\\/\\\/www.webdo.tn\\\/fr\\\/#organization\"},\"potentialAction\":[{\"@type\":\"SearchAction\",\"target\":{\"@type\":\"EntryPoint\",\"urlTemplate\":\"https:\\\/\\\/www.webdo.tn\\\/fr\\\/?s={search_term_string}\"},\"query-input\":{\"@type\":\"PropertyValueSpecification\",\"valueRequired\":true,\"valueName\":\"search_term_string\"}}],\"inLanguage\":\"fr-FR\"},{\"@type\":\"Organization\",\"@id\":\"https:\\\/\\\/www.webdo.tn\\\/fr\\\/#organization\",\"name\":\"Webdo\",\"alternateName\":\"Webdo.tn\",\"url\":\"https:\\\/\\\/www.webdo.tn\\\/fr\\\/\",\"logo\":{\"@type\":\"ImageObject\",\"inLanguage\":\"fr-FR\",\"@id\":\"https:\\\/\\\/www.webdo.tn\\\/fr\\\/#\\\/schema\\\/logo\\\/image\\\/\",\"url\":\"https:\\\/\\\/www.webdo.tn\\\/fr\\\/wp-content\\\/uploads\\\/2025\\\/06\\\/Webdo-Tunisie_168377.jpg\",\"contentUrl\":\"https:\\\/\\\/www.webdo.tn\\\/fr\\\/wp-content\\\/uploads\\\/2025\\\/06\\\/Webdo-Tunisie_168377.jpg\",\"width\":301,\"height\":301,\"caption\":\"Webdo\"},\"image\":{\"@id\":\"https:\\\/\\\/www.webdo.tn\\\/fr\\\/#\\\/schema\\\/logo\\\/image\\\/\"},\"sameAs\":[\"https:\\\/\\\/www.facebook.com\\\/webdotn\",\"https:\\\/\\\/x.com\\\/webdo_tn\"],\"description\":\"Webdo est un m\u00e9dia num\u00e9rique tunisien fond\u00e9 en 2010, sp\u00e9cialis\u00e9 dans l\u2019actualit\u00e9 nationale et internationale, l\u2019\u00e9conomie, la soci\u00e9t\u00e9 et les analyses politiques. Le site s\u2019adresse \u00e0 un large public francophone et couvre l\u2019information tunisienne en temps r\u00e9el.\",\"email\":\"redac@webdo.tn\",\"legalName\":\"YNJ SARL\",\"foundingDate\":\"2010-09-06\",\"numberOfEmployees\":{\"@type\":\"QuantitativeValue\",\"minValue\":\"11\",\"maxValue\":\"50\"}},{\"@type\":\"Person\",\"@id\":\"https:\\\/\\\/www.webdo.tn\\\/fr\\\/#\\\/schema\\\/person\\\/9a9c6118d687c117df8ef3cc36a4d175\",\"name\":\"webdo.tn\",\"image\":{\"@type\":\"ImageObject\",\"inLanguage\":\"fr-FR\",\"@id\":\"https:\\\/\\\/secure.gravatar.com\\\/avatar\\\/7ce1f28c0c3bbac99ff550b85ef8e44a6950c6ee24514fb6a5489e51d06f0298?s=96&d=mm&r=g\",\"url\":\"https:\\\/\\\/secure.gravatar.com\\\/avatar\\\/7ce1f28c0c3bbac99ff550b85ef8e44a6950c6ee24514fb6a5489e51d06f0298?s=96&d=mm&r=g\",\"contentUrl\":\"https:\\\/\\\/secure.gravatar.com\\\/avatar\\\/7ce1f28c0c3bbac99ff550b85ef8e44a6950c6ee24514fb6a5489e51d06f0298?s=96&d=mm&r=g\",\"caption\":\"webdo.tn\"},\"url\":\"https:\\\/\\\/www.webdo.tn\\\/fr\\\/actualite\\\/author\\\/webdotn\\\/\"}]}<\/script>\n<!-- \/ Yoast SEO Premium plugin. -->","yoast_head_json":{"title":"Pourquoi les travailleurs marocains quittent-ils la Tunisie ?","description":"Pourquoi les travailleurs marocains quittent-ils la Tunisie ?","canonical":"https:\/\/www.webdo.tn\/fr\/actualite\/tunis-hebdo\/pourquoi-les-travailleurs-marocains-quittent-ils-la-tunisie\/173315\/","og_locale":"fr_FR","og_type":"article","og_title":"Pourquoi les travailleurs marocains quittent-ils la Tunisie ?","og_description":"Pourquoi les travailleurs marocains quittent-ils la Tunisie ?","og_url":"https:\/\/www.webdo.tn\/fr\/actualite\/tunis-hebdo\/pourquoi-les-travailleurs-marocains-quittent-ils-la-tunisie\/173315\/","og_site_name":"webdo","article_publisher":"https:\/\/www.facebook.com\/webdotn","article_published_time":"2019-02-12T11:06:00+00:00","article_modified_time":"2025-05-18T23:05:17+00:00","og_image":[{"width":592,"height":296,"url":"https:\/\/www.webdo.tn\/fr\/wp-content\/uploads\/2019\/02\/50771839_375694213211938_5753033256186413056_n.jpg","type":"image\/jpeg"}],"author":"webdo.tn","twitter_card":"summary_large_image","twitter_creator":"@webdo_tn","twitter_site":"@webdo_tn","twitter_misc":{"\u00c9crit par":"webdo.tn","Dur\u00e9e de lecture estim\u00e9e":"2 minutes"},"schema":{"@context":"https:\/\/schema.org","@graph":[{"@type":"NewsArticle","@id":"https:\/\/www.webdo.tn\/fr\/actualite\/tunis-hebdo\/pourquoi-les-travailleurs-marocains-quittent-ils-la-tunisie\/173315\/#article","isPartOf":{"@id":"https:\/\/www.webdo.tn\/fr\/actualite\/tunis-hebdo\/pourquoi-les-travailleurs-marocains-quittent-ils-la-tunisie\/173315\/"},"author":{"name":"webdo.tn","@id":"https:\/\/www.webdo.tn\/fr\/#\/schema\/person\/9a9c6118d687c117df8ef3cc36a4d175"},"headline":"Pourquoi les travailleurs marocains quittent-ils la Tunisie ?","datePublished":"2019-02-12T11:06:00+00:00","dateModified":"2025-05-18T23:05:17+00:00","mainEntityOfPage":{"@id":"https:\/\/www.webdo.tn\/fr\/actualite\/tunis-hebdo\/pourquoi-les-travailleurs-marocains-quittent-ils-la-tunisie\/173315\/"},"wordCount":483,"commentCount":0,"publisher":{"@id":"https:\/\/www.webdo.tn\/fr\/#organization"},"image":{"@id":"https:\/\/www.webdo.tn\/fr\/actualite\/tunis-hebdo\/pourquoi-les-travailleurs-marocains-quittent-ils-la-tunisie\/173315\/#primaryimage"},"thumbnailUrl":"https:\/\/www.webdo.tn\/fr\/wp-content\/uploads\/2019\/02\/50771839_375694213211938_5753033256186413056_n.jpg","keywords":["guerre"],"articleSection":["Tunis-Hebdo"],"inLanguage":"fr-FR"},{"@type":"WebPage","@id":"https:\/\/www.webdo.tn\/fr\/actualite\/tunis-hebdo\/pourquoi-les-travailleurs-marocains-quittent-ils-la-tunisie\/173315\/","url":"https:\/\/www.webdo.tn\/fr\/actualite\/tunis-hebdo\/pourquoi-les-travailleurs-marocains-quittent-ils-la-tunisie\/173315\/","name":"Pourquoi les travailleurs marocains quittent-ils la Tunisie ?","isPartOf":{"@id":"https:\/\/www.webdo.tn\/fr\/#website"},"primaryImageOfPage":{"@id":"https:\/\/www.webdo.tn\/fr\/actualite\/tunis-hebdo\/pourquoi-les-travailleurs-marocains-quittent-ils-la-tunisie\/173315\/#primaryimage"},"image":{"@id":"https:\/\/www.webdo.tn\/fr\/actualite\/tunis-hebdo\/pourquoi-les-travailleurs-marocains-quittent-ils-la-tunisie\/173315\/#primaryimage"},"thumbnailUrl":"https:\/\/www.webdo.tn\/fr\/wp-content\/uploads\/2019\/02\/50771839_375694213211938_5753033256186413056_n.jpg","datePublished":"2019-02-12T11:06:00+00:00","dateModified":"2025-05-18T23:05:17+00:00","description":"Pourquoi les travailleurs marocains quittent-ils la Tunisie ?","breadcrumb":{"@id":"https:\/\/www.webdo.tn\/fr\/actualite\/tunis-hebdo\/pourquoi-les-travailleurs-marocains-quittent-ils-la-tunisie\/173315\/#breadcrumb"},"inLanguage":"fr-FR","potentialAction":[{"@type":"ReadAction","target":["https:\/\/www.webdo.tn\/fr\/actualite\/tunis-hebdo\/pourquoi-les-travailleurs-marocains-quittent-ils-la-tunisie\/173315\/"]}]},{"@type":"ImageObject","inLanguage":"fr-FR","@id":"https:\/\/www.webdo.tn\/fr\/actualite\/tunis-hebdo\/pourquoi-les-travailleurs-marocains-quittent-ils-la-tunisie\/173315\/#primaryimage","url":"https:\/\/www.webdo.tn\/fr\/wp-content\/uploads\/2019\/02\/50771839_375694213211938_5753033256186413056_n.jpg","contentUrl":"https:\/\/www.webdo.tn\/fr\/wp-content\/uploads\/2019\/02\/50771839_375694213211938_5753033256186413056_n.jpg","width":592,"height":296,"caption":"Pourquoi les travailleurs marocains quittent-ils la Tunisie ?"},{"@type":"BreadcrumbList","@id":"https:\/\/www.webdo.tn\/fr\/actualite\/tunis-hebdo\/pourquoi-les-travailleurs-marocains-quittent-ils-la-tunisie\/173315\/#breadcrumb","itemListElement":[{"@type":"ListItem","position":1,"name":"Accueil","item":"https:\/\/www.webdo.tn\/fr\/"},{"@type":"ListItem","position":2,"name":"Pourquoi les travailleurs marocains quittent-ils la Tunisie ?"}]},{"@type":"WebSite","@id":"https:\/\/www.webdo.tn\/fr\/#website","url":"https:\/\/www.webdo.tn\/fr\/","name":"webdo","description":"Tunisie - News en Tunisie et \u00e0 l&#039;international sur Webdo.tn","publisher":{"@id":"https:\/\/www.webdo.tn\/fr\/#organization"},"potentialAction":[{"@type":"SearchAction","target":{"@type":"EntryPoint","urlTemplate":"https:\/\/www.webdo.tn\/fr\/?s={search_term_string}"},"query-input":{"@type":"PropertyValueSpecification","valueRequired":true,"valueName":"search_term_string"}}],"inLanguage":"fr-FR"},{"@type":"Organization","@id":"https:\/\/www.webdo.tn\/fr\/#organization","name":"Webdo","alternateName":"Webdo.tn","url":"https:\/\/www.webdo.tn\/fr\/","logo":{"@type":"ImageObject","inLanguage":"fr-FR","@id":"https:\/\/www.webdo.tn\/fr\/#\/schema\/logo\/image\/","url":"https:\/\/www.webdo.tn\/fr\/wp-content\/uploads\/2025\/06\/Webdo-Tunisie_168377.jpg","contentUrl":"https:\/\/www.webdo.tn\/fr\/wp-content\/uploads\/2025\/06\/Webdo-Tunisie_168377.jpg","width":301,"height":301,"caption":"Webdo"},"image":{"@id":"https:\/\/www.webdo.tn\/fr\/#\/schema\/logo\/image\/"},"sameAs":["https:\/\/www.facebook.com\/webdotn","https:\/\/x.com\/webdo_tn"],"description":"Webdo est un m\u00e9dia num\u00e9rique tunisien fond\u00e9 en 2010, sp\u00e9cialis\u00e9 dans l\u2019actualit\u00e9 nationale et internationale, l\u2019\u00e9conomie, la soci\u00e9t\u00e9 et les analyses politiques. Le site s\u2019adresse \u00e0 un large public francophone et couvre l\u2019information tunisienne en temps r\u00e9el.","email":"redac@webdo.tn","legalName":"YNJ SARL","foundingDate":"2010-09-06","numberOfEmployees":{"@type":"QuantitativeValue","minValue":"11","maxValue":"50"}},{"@type":"Person","@id":"https:\/\/www.webdo.tn\/fr\/#\/schema\/person\/9a9c6118d687c117df8ef3cc36a4d175","name":"webdo.tn","image":{"@type":"ImageObject","inLanguage":"fr-FR","@id":"https:\/\/secure.gravatar.com\/avatar\/7ce1f28c0c3bbac99ff550b85ef8e44a6950c6ee24514fb6a5489e51d06f0298?s=96&d=mm&r=g","url":"https:\/\/secure.gravatar.com\/avatar\/7ce1f28c0c3bbac99ff550b85ef8e44a6950c6ee24514fb6a5489e51d06f0298?s=96&d=mm&r=g","contentUrl":"https:\/\/secure.gravatar.com\/avatar\/7ce1f28c0c3bbac99ff550b85ef8e44a6950c6ee24514fb6a5489e51d06f0298?s=96&d=mm&r=g","caption":"webdo.tn"},"url":"https:\/\/www.webdo.tn\/fr\/actualite\/author\/webdotn\/"}]}},"_links":{"self":[{"href":"https:\/\/www.webdo.tn\/fr\/wp-json\/wp\/v2\/posts\/173315","targetHints":{"allow":["GET"]}}],"collection":[{"href":"https:\/\/www.webdo.tn\/fr\/wp-json\/wp\/v2\/posts"}],"about":[{"href":"https:\/\/www.webdo.tn\/fr\/wp-json\/wp\/v2\/types\/post"}],"author":[{"embeddable":true,"href":"https:\/\/www.webdo.tn\/fr\/wp-json\/wp\/v2\/users\/3222"}],"replies":[{"embeddable":true,"href":"https:\/\/www.webdo.tn\/fr\/wp-json\/wp\/v2\/comments?post=173315"}],"version-history":[{"count":0,"href":"https:\/\/www.webdo.tn\/fr\/wp-json\/wp\/v2\/posts\/173315\/revisions"}],"wp:featuredmedia":[{"embeddable":true,"href":"https:\/\/www.webdo.tn\/fr\/wp-json\/wp\/v2\/media\/296195"}],"wp:attachment":[{"href":"https:\/\/www.webdo.tn\/fr\/wp-json\/wp\/v2\/media?parent=173315"}],"wp:term":[{"taxonomy":"category","embeddable":true,"href":"https:\/\/www.webdo.tn\/fr\/wp-json\/wp\/v2\/categories?post=173315"},{"taxonomy":"post_tag","embeddable":true,"href":"https:\/\/www.webdo.tn\/fr\/wp-json\/wp\/v2\/tags?post=173315"}],"curies":[{"name":"wp","href":"https:\/\/api.w.org\/{rel}","templated":true}]}}