{"id":173314,"date":"2019-02-14T11:33:00","date_gmt":"2019-02-14T11:33:00","guid":{"rendered":"https:\/\/www.webdo.tn\/fr\/blog\/dachra-dabdelhamid-bouchnek-le-cinema-dhorreur-depucele\/173314\/"},"modified":"2025-05-18T23:05:01","modified_gmt":"2025-05-18T23:05:01","slug":"dachra-dabdelhamid-bouchnek-le-cinema-dhorreur-depucele","status":"publish","type":"post","link":"https:\/\/www.webdo.tn\/fr\/actualite\/tunis-hebdo\/dachra-dabdelhamid-bouchnek-le-cinema-dhorreur-depucele\/173314\/","title":{"rendered":"\u00ab\u00a0Dachra\u00a0\u00bb d&rsquo;Abdelhamid Bouchnek : Le cin\u00e9ma d\u2019horreur d\u00e9pucel\u00e9 !"},"content":{"rendered":"<p>Tremp\u00e9 dans son bain de foule, \u00ab Dachra \u00bb de Abdelhamid Bouchnek gorge toujours les salles et tient encore pied \u00e0 boule. En portant l\u2019\u00e9pouvante \u00e0 l\u2019\u00e9cran, il fera d\u2019une aire rest\u00e9e vierge son territoire d\u2019\u00e9rection. Le film et peut-\u00eatre plus le ph\u00e9nom\u00e8ne qu\u2019il g\u00e9n\u00e8re, m\u00e9ritent bien de l\u2019attention. Sa fraicheur enchante ; alors malgr\u00e9 la frousse, mettons-nous la bride sur le cou et parlons-en.<br \/>\nSe proposant en premier en vue d\u2019exploser la foufoune, Abdelhamid Bouchnek avait sans doute tout \u00e0 gagner et rien \u00e0 perdre. Toujours est-il qu\u2019en r\u00e9alisant \u00ab Dachra \u00bb, il n\u2019a pas trop cherch\u00e9 la moule en t\u00e2tonnant. Son m\u00e9rite, en effet, est de ne pas jouer les puceaux effarouch\u00e9s en s\u2019avisant d\u2019attaquer, de plein front et en terrain libre, les sentiers encore inexploit\u00e9s, dans nos contr\u00e9es, du cin\u00e9ma dit d\u2019horreur.<\/p>\n<p>Car gageons fort qu\u2019\u00e0 peine d\u2019apprivoiser la b\u00eate, il aurait probablement pu finir, en y allant de main tremblante, par y laisser bien sa biroute. Voil\u00e0 pourquoi, \u00e0 chaud, il est fort permis de se modeler un c\u0153ur d\u2019artichaut, histoire de crier haut \u00e0 l\u2019exploit.<\/p>\n<p>Gageons \u00e9galement qu\u2019\u00e0 travers ce d\u00e9sir, aussi frais et quasi urgent, de porter la frayeur \u00e0 l\u2019\u00e9cran, Abdelhamid Bouchnek en arrive, sans n\u00e9cessairement le pr\u00e9tendre, \u00e0 communiquer ses inqui\u00e9tudes propres, ainsi que celles de sa jeune g\u00e9n\u00e9ration, avalant depuis quelques ann\u00e9es les poires d\u2019angoisses de la \u00ab post-r\u00e9volution \u00bb.<\/p>\n<p>Mais gageons surtout que, sans forc\u00e9ment viser \u00e0 en imiter le geste, d\u2019autres se prendront, du moins, \u00e0 en emboiter les pas. Et les critiques alors de se mettre d\u00e9finitivement \u00e0 d\u00e9barrasser de leur poussi\u00e8re les glossaires du genre et les carnets du jargon.<br \/>\n\u00ab Ze horror movie \u00bb \u00e0 la tunisienne !<\/p>\n<p>Ne gageons plus \u00e0 pr\u00e9sent, parce qu\u2019en rentrant dedans, l\u2019on ne peut qu\u2019approuver la cordialit\u00e9 du ton et l\u2019authenticit\u00e9 de la teinture. L\u2019on appr\u00e9ciera, par l\u00e0 m\u00eame, la ma\u00eetrise de l\u2019instrument et la \u00ab tunisianit\u00e9 \u00bb de la tournure. Car tout en restant conforme aux mod\u00e8les et aux standards du genre, \u00ab Dachra \u00bb se fait ancrer, prodigieusement et sans fards, dans son entourage.<\/p>\n<p>Au c\u0153ur de cette \u00e9pouvante \u00e0 la tunisienne, trois jeunes \u00e9tudiants en terminale de journalisme, une fille et deux gar\u00e7ons, b\u00eachant dans les affres d\u2019un vieux fait divers, sinistre et \u00e9bouriffant.<\/p>\n<p>Au r\u00e9sum\u00e9, Mongia \u00e9tant rep\u00e9r\u00e9e, vingt ans auparavant, la gorge tranch\u00e9e et nue comme une jument, \u00e0 l\u2019or\u00e9e de l\u2019une de ces for\u00eats du nord-ouest de la Tunisie, marchant mi-morte mi-vivante, absolument prise de fr\u00e9n\u00e9sie. Accus\u00e9 pourtant de mal\u00e9fice et de sorcellerie, elle a \u00e9t\u00e9 encha\u00een\u00e9e, depuis, en asile de psychiatrie.<\/p>\n<p>Inutile surtout d\u2019en rajouter davantage, si ce n\u2019est pour jouer aux tr\u00e8s sympathiques spoilers cin\u00e9phages. Encha\u00eenons plut\u00f4t sur la vis\u00e9e premi\u00e8re de ce film, marchant sur les talons de ce trio menant tant bien que mal leur investigation et fouinant dans les s\u00e9quelles d\u2019un pass\u00e9 effroyable et intriguant.<\/p>\n<p>Apr\u00e8s tout, le scoop, ils l\u2019ont ainsi pioch\u00e9 dans les m\u00e9andres horribles et effrayants de cette affaire, glac\u00e9e voici plus de vingt ans, et digne de la grande tradition des chiens \u00e9cras\u00e9s les plus effarants. En r\u00e9sulte avec cela une \u0153uvre qui brigue certainement l\u2019exclusive instrumentale, mais qui se garde pourtant de toute vernissure postiche et fanfreluche de couleurs locales.<\/p>\n<p>Retenons enfin que, chassant le nez haut et tenant boussole en main, Abdelahamid Bouchnek poss\u00e8de d\u00e9cid\u00e9ment bien le sens du terrain. Car en traversant les passages clout\u00e9s du cin\u00e9ma dit de genre, \u00ab Dachra \u00bb a su investir, \u00e0 bon escient et mine de rien, ses lieux communs au thriller et ses topo\u00ef au film d\u2019effroi. S\u2019accordant, au passage, certaines causeries en d\u00e9calage, quelques chevauchements de codes et autres \u00e9carts de tons.<\/p>\n<p>S\u2019\u00e9vertuant surtout \u00e0 citer divers classiques du genre et plusieurs cultes de la lign\u00e9e (Les Griffes de la Nuit, Shining, The Omen, Massacre \u00e0 La tron\u00e7onneuse, Projet Blair Witch, et bien beaucoup d\u2019autres !). S\u2019offrant aussi et par l\u00e0 m\u00eame, le plaisir de rendre hommage \u00e0 quelques grands ma\u00eetres du cin\u00e9ma d\u2019antan, invoquant la zone \u00e0 Tarkovski ou la douche \u00e0 Hitchcock.<\/p>\n<p>Retenons sinon que si le r\u00e9alisateur n\u2019a pas d\u00e9voil\u00e9 imm\u00e9diatement toutes ses cartes de terreur, c\u2019est surtout afin de m\u00e9nager lentement son suspense, en soutenant progressivement le rythme et en soignant \u00e9norm\u00e9ment le d\u00e9tail. Suite \u00e0 quoi, il vibrera assur\u00e9ment la tension par coups de hantises stratifi\u00e9es et autres frissons film\u00e9s.<\/p>\n<p>Retenons, par ailleurs, la pertinence du casting et le naturel du jeu d\u2019acteurs. Et ne boudons surtout pas ce plaisir de louer leur performances aux Bilel Slatnia, franc et instinctif, Yasmine Dimassi, sinc\u00e8re et convaincante, Aziz Jbali, d\u00e9cid\u00e9ment sans ambages et corrigeant, cette fois-ci, son pi\u00e8tre cabotinage. Mais saluons aussi son joli tour d\u2019acrobatie \u00e0 H\u00e9di Mejri et vantons surtout le morceau de charme, carr\u00e9ment bluffant, \u00e0 cette petite diablesse de Kahena Meddeb.<\/p>\n<p>Quant au spectateur, retenons seulement qu\u2019il sera tenu d\u2019abord en haleine par la structure m\u00eame de son drame, pour se retrouver durant la deuxi\u00e8me partie de la trame, accroch\u00e9 carr\u00e9ment \u00e0 la falaise.<\/p>\n<p>Mais retenons par-dessus tout que malgr\u00e9 la frousse, la fra\u00eecheur de \u00ab Dachra \u00bb captive et enchante. A chaud, ne cherchons surtout pas la petite b\u00eate, car le cin\u00e9ma d\u2019horreur a \u00e9t\u00e9 finalement d\u00e9pucel\u00e9. Esp\u00e9rons, en l\u2019heure, que d\u2019autres gestes -et pourquoi pas un tome II, tant qu\u2019on y est !- seront aux trousses. A froid, nous y reviendrons.<br \/>\nSlim BEN YOUSSEF<br \/>\nTunis-Hebdo du 11\/02\/2019<\/p>\n","protected":false},"excerpt":{"rendered":"<p>Dachra  d&rsquo;Abdelhamid Bouchnek : Le cin\u00e9ma d\u2019horreur d\u00e9pucel\u00e9 !<\/p>\n","protected":false},"author":3222,"featured_media":296172,"comment_status":"open","ping_status":"closed","sticky":false,"template":"","format":"standard","meta":{"footnotes":""},"categories":[7653],"tags":[2600],"class_list":["post-173314","post","type-post","status-publish","format-standard","has-post-thumbnail","hentry","category-tunis-hebdo","tag-guerre"],"yoast_head":"<!-- This site is optimized with the Yoast SEO Premium plugin v27.4 (Yoast SEO v27.4) - https:\/\/yoast.com\/product\/yoast-seo-premium-wordpress\/ -->\n<title>Dachra d&#039;Abdelhamid Bouchnek : Le cin\u00e9ma d\u2019horreur d\u00e9pucel\u00e9 !<\/title>\n<meta name=\"description\" content=\"Dachra d&#039;Abdelhamid Bouchnek : Le cin\u00e9ma d\u2019horreur d\u00e9pucel\u00e9 !\" \/>\n<link rel=\"canonical\" href=\"https:\/\/www.webdo.tn\/fr\/actualite\/tunis-hebdo\/dachra-dabdelhamid-bouchnek-le-cinema-dhorreur-depucele\/173314\/\" \/>\n<meta property=\"og:locale\" content=\"fr_FR\" \/>\n<meta property=\"og:type\" content=\"article\" \/>\n<meta property=\"og:title\" content=\"&quot;Dachra&quot; d&#039;Abdelhamid Bouchnek : Le cin\u00e9ma d\u2019horreur d\u00e9pucel\u00e9 !\" \/>\n<meta property=\"og:description\" content=\"Dachra d&#039;Abdelhamid Bouchnek : Le cin\u00e9ma d\u2019horreur d\u00e9pucel\u00e9 !\" \/>\n<meta property=\"og:url\" content=\"https:\/\/www.webdo.tn\/fr\/actualite\/tunis-hebdo\/dachra-dabdelhamid-bouchnek-le-cinema-dhorreur-depucele\/173314\/\" \/>\n<meta property=\"og:site_name\" content=\"webdo\" \/>\n<meta property=\"article:publisher\" content=\"https:\/\/www.facebook.com\/webdotn\" \/>\n<meta property=\"article:published_time\" content=\"2019-02-14T11:33:00+00:00\" \/>\n<meta property=\"article:modified_time\" content=\"2025-05-18T23:05:01+00:00\" \/>\n<meta property=\"og:image\" content=\"https:\/\/www.webdo.tn\/fr\/wp-content\/uploads\/2019\/02\/P4-Dachra-01.jpg\" \/>\n\t<meta property=\"og:image:width\" content=\"680\" \/>\n\t<meta property=\"og:image:height\" content=\"400\" \/>\n\t<meta property=\"og:image:type\" content=\"image\/jpeg\" \/>\n<meta name=\"author\" content=\"webdo.tn\" \/>\n<meta name=\"twitter:card\" content=\"summary_large_image\" \/>\n<meta name=\"twitter:creator\" content=\"@webdo_tn\" \/>\n<meta name=\"twitter:site\" content=\"@webdo_tn\" \/>\n<meta name=\"twitter:label1\" content=\"\u00c9crit par\" \/>\n\t<meta name=\"twitter:data1\" content=\"webdo.tn\" \/>\n\t<meta name=\"twitter:label2\" content=\"Dur\u00e9e de lecture estim\u00e9e\" \/>\n\t<meta name=\"twitter:data2\" content=\"5 minutes\" \/>\n<script type=\"application\/ld+json\" class=\"yoast-schema-graph\">{\"@context\":\"https:\\\/\\\/schema.org\",\"@graph\":[{\"@type\":\"NewsArticle\",\"@id\":\"https:\\\/\\\/www.webdo.tn\\\/fr\\\/actualite\\\/tunis-hebdo\\\/dachra-dabdelhamid-bouchnek-le-cinema-dhorreur-depucele\\\/173314\\\/#article\",\"isPartOf\":{\"@id\":\"https:\\\/\\\/www.webdo.tn\\\/fr\\\/actualite\\\/tunis-hebdo\\\/dachra-dabdelhamid-bouchnek-le-cinema-dhorreur-depucele\\\/173314\\\/\"},\"author\":{\"name\":\"webdo.tn\",\"@id\":\"https:\\\/\\\/www.webdo.tn\\\/fr\\\/#\\\/schema\\\/person\\\/9a9c6118d687c117df8ef3cc36a4d175\"},\"headline\":\"\u00ab\u00a0Dachra\u00a0\u00bb d&rsquo;Abdelhamid Bouchnek : Le cin\u00e9ma d\u2019horreur d\u00e9pucel\u00e9 !\",\"datePublished\":\"2019-02-14T11:33:00+00:00\",\"dateModified\":\"2025-05-18T23:05:01+00:00\",\"mainEntityOfPage\":{\"@id\":\"https:\\\/\\\/www.webdo.tn\\\/fr\\\/actualite\\\/tunis-hebdo\\\/dachra-dabdelhamid-bouchnek-le-cinema-dhorreur-depucele\\\/173314\\\/\"},\"wordCount\":999,\"commentCount\":0,\"publisher\":{\"@id\":\"https:\\\/\\\/www.webdo.tn\\\/fr\\\/#organization\"},\"image\":{\"@id\":\"https:\\\/\\\/www.webdo.tn\\\/fr\\\/actualite\\\/tunis-hebdo\\\/dachra-dabdelhamid-bouchnek-le-cinema-dhorreur-depucele\\\/173314\\\/#primaryimage\"},\"thumbnailUrl\":\"https:\\\/\\\/www.webdo.tn\\\/fr\\\/wp-content\\\/uploads\\\/2019\\\/02\\\/P4-Dachra-01.jpg\",\"keywords\":[\"guerre\"],\"articleSection\":[\"Tunis-Hebdo\"],\"inLanguage\":\"fr-FR\"},{\"@type\":\"WebPage\",\"@id\":\"https:\\\/\\\/www.webdo.tn\\\/fr\\\/actualite\\\/tunis-hebdo\\\/dachra-dabdelhamid-bouchnek-le-cinema-dhorreur-depucele\\\/173314\\\/\",\"url\":\"https:\\\/\\\/www.webdo.tn\\\/fr\\\/actualite\\\/tunis-hebdo\\\/dachra-dabdelhamid-bouchnek-le-cinema-dhorreur-depucele\\\/173314\\\/\",\"name\":\"Dachra d'Abdelhamid Bouchnek : Le cin\u00e9ma d\u2019horreur d\u00e9pucel\u00e9 !\",\"isPartOf\":{\"@id\":\"https:\\\/\\\/www.webdo.tn\\\/fr\\\/#website\"},\"primaryImageOfPage\":{\"@id\":\"https:\\\/\\\/www.webdo.tn\\\/fr\\\/actualite\\\/tunis-hebdo\\\/dachra-dabdelhamid-bouchnek-le-cinema-dhorreur-depucele\\\/173314\\\/#primaryimage\"},\"image\":{\"@id\":\"https:\\\/\\\/www.webdo.tn\\\/fr\\\/actualite\\\/tunis-hebdo\\\/dachra-dabdelhamid-bouchnek-le-cinema-dhorreur-depucele\\\/173314\\\/#primaryimage\"},\"thumbnailUrl\":\"https:\\\/\\\/www.webdo.tn\\\/fr\\\/wp-content\\\/uploads\\\/2019\\\/02\\\/P4-Dachra-01.jpg\",\"datePublished\":\"2019-02-14T11:33:00+00:00\",\"dateModified\":\"2025-05-18T23:05:01+00:00\",\"description\":\"Dachra d'Abdelhamid Bouchnek : Le cin\u00e9ma d\u2019horreur d\u00e9pucel\u00e9 !\",\"breadcrumb\":{\"@id\":\"https:\\\/\\\/www.webdo.tn\\\/fr\\\/actualite\\\/tunis-hebdo\\\/dachra-dabdelhamid-bouchnek-le-cinema-dhorreur-depucele\\\/173314\\\/#breadcrumb\"},\"inLanguage\":\"fr-FR\",\"potentialAction\":[{\"@type\":\"ReadAction\",\"target\":[\"https:\\\/\\\/www.webdo.tn\\\/fr\\\/actualite\\\/tunis-hebdo\\\/dachra-dabdelhamid-bouchnek-le-cinema-dhorreur-depucele\\\/173314\\\/\"]}]},{\"@type\":\"ImageObject\",\"inLanguage\":\"fr-FR\",\"@id\":\"https:\\\/\\\/www.webdo.tn\\\/fr\\\/actualite\\\/tunis-hebdo\\\/dachra-dabdelhamid-bouchnek-le-cinema-dhorreur-depucele\\\/173314\\\/#primaryimage\",\"url\":\"https:\\\/\\\/www.webdo.tn\\\/fr\\\/wp-content\\\/uploads\\\/2019\\\/02\\\/P4-Dachra-01.jpg\",\"contentUrl\":\"https:\\\/\\\/www.webdo.tn\\\/fr\\\/wp-content\\\/uploads\\\/2019\\\/02\\\/P4-Dachra-01.jpg\",\"width\":680,\"height\":400,\"caption\":\"\\\"Dachra\\\" d'Abdelhamid Bouchnek : Le cin\u00e9ma d\u2019horreur d\u00e9pucel\u00e9 !\"},{\"@type\":\"BreadcrumbList\",\"@id\":\"https:\\\/\\\/www.webdo.tn\\\/fr\\\/actualite\\\/tunis-hebdo\\\/dachra-dabdelhamid-bouchnek-le-cinema-dhorreur-depucele\\\/173314\\\/#breadcrumb\",\"itemListElement\":[{\"@type\":\"ListItem\",\"position\":1,\"name\":\"Accueil\",\"item\":\"https:\\\/\\\/www.webdo.tn\\\/fr\\\/\"},{\"@type\":\"ListItem\",\"position\":2,\"name\":\"\u00ab\u00a0Dachra\u00a0\u00bb d&rsquo;Abdelhamid Bouchnek : Le cin\u00e9ma d\u2019horreur d\u00e9pucel\u00e9 !\"}]},{\"@type\":\"WebSite\",\"@id\":\"https:\\\/\\\/www.webdo.tn\\\/fr\\\/#website\",\"url\":\"https:\\\/\\\/www.webdo.tn\\\/fr\\\/\",\"name\":\"webdo\",\"description\":\"Tunisie - News en Tunisie et \u00e0 l&#039;international sur Webdo.tn\",\"publisher\":{\"@id\":\"https:\\\/\\\/www.webdo.tn\\\/fr\\\/#organization\"},\"potentialAction\":[{\"@type\":\"SearchAction\",\"target\":{\"@type\":\"EntryPoint\",\"urlTemplate\":\"https:\\\/\\\/www.webdo.tn\\\/fr\\\/?s={search_term_string}\"},\"query-input\":{\"@type\":\"PropertyValueSpecification\",\"valueRequired\":true,\"valueName\":\"search_term_string\"}}],\"inLanguage\":\"fr-FR\"},{\"@type\":\"Organization\",\"@id\":\"https:\\\/\\\/www.webdo.tn\\\/fr\\\/#organization\",\"name\":\"Webdo\",\"alternateName\":\"Webdo.tn\",\"url\":\"https:\\\/\\\/www.webdo.tn\\\/fr\\\/\",\"logo\":{\"@type\":\"ImageObject\",\"inLanguage\":\"fr-FR\",\"@id\":\"https:\\\/\\\/www.webdo.tn\\\/fr\\\/#\\\/schema\\\/logo\\\/image\\\/\",\"url\":\"https:\\\/\\\/www.webdo.tn\\\/fr\\\/wp-content\\\/uploads\\\/2025\\\/06\\\/Webdo-Tunisie_168377.jpg\",\"contentUrl\":\"https:\\\/\\\/www.webdo.tn\\\/fr\\\/wp-content\\\/uploads\\\/2025\\\/06\\\/Webdo-Tunisie_168377.jpg\",\"width\":301,\"height\":301,\"caption\":\"Webdo\"},\"image\":{\"@id\":\"https:\\\/\\\/www.webdo.tn\\\/fr\\\/#\\\/schema\\\/logo\\\/image\\\/\"},\"sameAs\":[\"https:\\\/\\\/www.facebook.com\\\/webdotn\",\"https:\\\/\\\/x.com\\\/webdo_tn\"],\"description\":\"Webdo est un m\u00e9dia num\u00e9rique tunisien fond\u00e9 en 2010, sp\u00e9cialis\u00e9 dans l\u2019actualit\u00e9 nationale et internationale, l\u2019\u00e9conomie, la soci\u00e9t\u00e9 et les analyses politiques. Le site s\u2019adresse \u00e0 un large public francophone et couvre l\u2019information tunisienne en temps r\u00e9el.\",\"email\":\"redac@webdo.tn\",\"legalName\":\"YNJ SARL\",\"foundingDate\":\"2010-09-06\",\"numberOfEmployees\":{\"@type\":\"QuantitativeValue\",\"minValue\":\"11\",\"maxValue\":\"50\"}},{\"@type\":\"Person\",\"@id\":\"https:\\\/\\\/www.webdo.tn\\\/fr\\\/#\\\/schema\\\/person\\\/9a9c6118d687c117df8ef3cc36a4d175\",\"name\":\"webdo.tn\",\"image\":{\"@type\":\"ImageObject\",\"inLanguage\":\"fr-FR\",\"@id\":\"https:\\\/\\\/secure.gravatar.com\\\/avatar\\\/7ce1f28c0c3bbac99ff550b85ef8e44a6950c6ee24514fb6a5489e51d06f0298?s=96&d=mm&r=g\",\"url\":\"https:\\\/\\\/secure.gravatar.com\\\/avatar\\\/7ce1f28c0c3bbac99ff550b85ef8e44a6950c6ee24514fb6a5489e51d06f0298?s=96&d=mm&r=g\",\"contentUrl\":\"https:\\\/\\\/secure.gravatar.com\\\/avatar\\\/7ce1f28c0c3bbac99ff550b85ef8e44a6950c6ee24514fb6a5489e51d06f0298?s=96&d=mm&r=g\",\"caption\":\"webdo.tn\"},\"url\":\"https:\\\/\\\/www.webdo.tn\\\/fr\\\/actualite\\\/author\\\/webdotn\\\/\"}]}<\/script>\n<!-- \/ Yoast SEO Premium plugin. -->","yoast_head_json":{"title":"Dachra d'Abdelhamid Bouchnek : Le cin\u00e9ma d\u2019horreur d\u00e9pucel\u00e9 !","description":"Dachra d'Abdelhamid Bouchnek : Le cin\u00e9ma d\u2019horreur d\u00e9pucel\u00e9 !","canonical":"https:\/\/www.webdo.tn\/fr\/actualite\/tunis-hebdo\/dachra-dabdelhamid-bouchnek-le-cinema-dhorreur-depucele\/173314\/","og_locale":"fr_FR","og_type":"article","og_title":"\"Dachra\" d'Abdelhamid Bouchnek : Le cin\u00e9ma d\u2019horreur d\u00e9pucel\u00e9 !","og_description":"Dachra d'Abdelhamid Bouchnek : Le cin\u00e9ma d\u2019horreur d\u00e9pucel\u00e9 !","og_url":"https:\/\/www.webdo.tn\/fr\/actualite\/tunis-hebdo\/dachra-dabdelhamid-bouchnek-le-cinema-dhorreur-depucele\/173314\/","og_site_name":"webdo","article_publisher":"https:\/\/www.facebook.com\/webdotn","article_published_time":"2019-02-14T11:33:00+00:00","article_modified_time":"2025-05-18T23:05:01+00:00","og_image":[{"width":680,"height":400,"url":"https:\/\/www.webdo.tn\/fr\/wp-content\/uploads\/2019\/02\/P4-Dachra-01.jpg","type":"image\/jpeg"}],"author":"webdo.tn","twitter_card":"summary_large_image","twitter_creator":"@webdo_tn","twitter_site":"@webdo_tn","twitter_misc":{"\u00c9crit par":"webdo.tn","Dur\u00e9e de lecture estim\u00e9e":"5 minutes"},"schema":{"@context":"https:\/\/schema.org","@graph":[{"@type":"NewsArticle","@id":"https:\/\/www.webdo.tn\/fr\/actualite\/tunis-hebdo\/dachra-dabdelhamid-bouchnek-le-cinema-dhorreur-depucele\/173314\/#article","isPartOf":{"@id":"https:\/\/www.webdo.tn\/fr\/actualite\/tunis-hebdo\/dachra-dabdelhamid-bouchnek-le-cinema-dhorreur-depucele\/173314\/"},"author":{"name":"webdo.tn","@id":"https:\/\/www.webdo.tn\/fr\/#\/schema\/person\/9a9c6118d687c117df8ef3cc36a4d175"},"headline":"\u00ab\u00a0Dachra\u00a0\u00bb d&rsquo;Abdelhamid Bouchnek : Le cin\u00e9ma d\u2019horreur d\u00e9pucel\u00e9 !","datePublished":"2019-02-14T11:33:00+00:00","dateModified":"2025-05-18T23:05:01+00:00","mainEntityOfPage":{"@id":"https:\/\/www.webdo.tn\/fr\/actualite\/tunis-hebdo\/dachra-dabdelhamid-bouchnek-le-cinema-dhorreur-depucele\/173314\/"},"wordCount":999,"commentCount":0,"publisher":{"@id":"https:\/\/www.webdo.tn\/fr\/#organization"},"image":{"@id":"https:\/\/www.webdo.tn\/fr\/actualite\/tunis-hebdo\/dachra-dabdelhamid-bouchnek-le-cinema-dhorreur-depucele\/173314\/#primaryimage"},"thumbnailUrl":"https:\/\/www.webdo.tn\/fr\/wp-content\/uploads\/2019\/02\/P4-Dachra-01.jpg","keywords":["guerre"],"articleSection":["Tunis-Hebdo"],"inLanguage":"fr-FR"},{"@type":"WebPage","@id":"https:\/\/www.webdo.tn\/fr\/actualite\/tunis-hebdo\/dachra-dabdelhamid-bouchnek-le-cinema-dhorreur-depucele\/173314\/","url":"https:\/\/www.webdo.tn\/fr\/actualite\/tunis-hebdo\/dachra-dabdelhamid-bouchnek-le-cinema-dhorreur-depucele\/173314\/","name":"Dachra d'Abdelhamid Bouchnek : Le cin\u00e9ma d\u2019horreur d\u00e9pucel\u00e9 !","isPartOf":{"@id":"https:\/\/www.webdo.tn\/fr\/#website"},"primaryImageOfPage":{"@id":"https:\/\/www.webdo.tn\/fr\/actualite\/tunis-hebdo\/dachra-dabdelhamid-bouchnek-le-cinema-dhorreur-depucele\/173314\/#primaryimage"},"image":{"@id":"https:\/\/www.webdo.tn\/fr\/actualite\/tunis-hebdo\/dachra-dabdelhamid-bouchnek-le-cinema-dhorreur-depucele\/173314\/#primaryimage"},"thumbnailUrl":"https:\/\/www.webdo.tn\/fr\/wp-content\/uploads\/2019\/02\/P4-Dachra-01.jpg","datePublished":"2019-02-14T11:33:00+00:00","dateModified":"2025-05-18T23:05:01+00:00","description":"Dachra d'Abdelhamid Bouchnek : Le cin\u00e9ma d\u2019horreur d\u00e9pucel\u00e9 !","breadcrumb":{"@id":"https:\/\/www.webdo.tn\/fr\/actualite\/tunis-hebdo\/dachra-dabdelhamid-bouchnek-le-cinema-dhorreur-depucele\/173314\/#breadcrumb"},"inLanguage":"fr-FR","potentialAction":[{"@type":"ReadAction","target":["https:\/\/www.webdo.tn\/fr\/actualite\/tunis-hebdo\/dachra-dabdelhamid-bouchnek-le-cinema-dhorreur-depucele\/173314\/"]}]},{"@type":"ImageObject","inLanguage":"fr-FR","@id":"https:\/\/www.webdo.tn\/fr\/actualite\/tunis-hebdo\/dachra-dabdelhamid-bouchnek-le-cinema-dhorreur-depucele\/173314\/#primaryimage","url":"https:\/\/www.webdo.tn\/fr\/wp-content\/uploads\/2019\/02\/P4-Dachra-01.jpg","contentUrl":"https:\/\/www.webdo.tn\/fr\/wp-content\/uploads\/2019\/02\/P4-Dachra-01.jpg","width":680,"height":400,"caption":"\"Dachra\" d'Abdelhamid Bouchnek : Le cin\u00e9ma d\u2019horreur d\u00e9pucel\u00e9 !"},{"@type":"BreadcrumbList","@id":"https:\/\/www.webdo.tn\/fr\/actualite\/tunis-hebdo\/dachra-dabdelhamid-bouchnek-le-cinema-dhorreur-depucele\/173314\/#breadcrumb","itemListElement":[{"@type":"ListItem","position":1,"name":"Accueil","item":"https:\/\/www.webdo.tn\/fr\/"},{"@type":"ListItem","position":2,"name":"\u00ab\u00a0Dachra\u00a0\u00bb d&rsquo;Abdelhamid Bouchnek : Le cin\u00e9ma d\u2019horreur d\u00e9pucel\u00e9 !"}]},{"@type":"WebSite","@id":"https:\/\/www.webdo.tn\/fr\/#website","url":"https:\/\/www.webdo.tn\/fr\/","name":"webdo","description":"Tunisie - News en Tunisie et \u00e0 l&#039;international sur Webdo.tn","publisher":{"@id":"https:\/\/www.webdo.tn\/fr\/#organization"},"potentialAction":[{"@type":"SearchAction","target":{"@type":"EntryPoint","urlTemplate":"https:\/\/www.webdo.tn\/fr\/?s={search_term_string}"},"query-input":{"@type":"PropertyValueSpecification","valueRequired":true,"valueName":"search_term_string"}}],"inLanguage":"fr-FR"},{"@type":"Organization","@id":"https:\/\/www.webdo.tn\/fr\/#organization","name":"Webdo","alternateName":"Webdo.tn","url":"https:\/\/www.webdo.tn\/fr\/","logo":{"@type":"ImageObject","inLanguage":"fr-FR","@id":"https:\/\/www.webdo.tn\/fr\/#\/schema\/logo\/image\/","url":"https:\/\/www.webdo.tn\/fr\/wp-content\/uploads\/2025\/06\/Webdo-Tunisie_168377.jpg","contentUrl":"https:\/\/www.webdo.tn\/fr\/wp-content\/uploads\/2025\/06\/Webdo-Tunisie_168377.jpg","width":301,"height":301,"caption":"Webdo"},"image":{"@id":"https:\/\/www.webdo.tn\/fr\/#\/schema\/logo\/image\/"},"sameAs":["https:\/\/www.facebook.com\/webdotn","https:\/\/x.com\/webdo_tn"],"description":"Webdo est un m\u00e9dia num\u00e9rique tunisien fond\u00e9 en 2010, sp\u00e9cialis\u00e9 dans l\u2019actualit\u00e9 nationale et internationale, l\u2019\u00e9conomie, la soci\u00e9t\u00e9 et les analyses politiques. Le site s\u2019adresse \u00e0 un large public francophone et couvre l\u2019information tunisienne en temps r\u00e9el.","email":"redac@webdo.tn","legalName":"YNJ SARL","foundingDate":"2010-09-06","numberOfEmployees":{"@type":"QuantitativeValue","minValue":"11","maxValue":"50"}},{"@type":"Person","@id":"https:\/\/www.webdo.tn\/fr\/#\/schema\/person\/9a9c6118d687c117df8ef3cc36a4d175","name":"webdo.tn","image":{"@type":"ImageObject","inLanguage":"fr-FR","@id":"https:\/\/secure.gravatar.com\/avatar\/7ce1f28c0c3bbac99ff550b85ef8e44a6950c6ee24514fb6a5489e51d06f0298?s=96&d=mm&r=g","url":"https:\/\/secure.gravatar.com\/avatar\/7ce1f28c0c3bbac99ff550b85ef8e44a6950c6ee24514fb6a5489e51d06f0298?s=96&d=mm&r=g","contentUrl":"https:\/\/secure.gravatar.com\/avatar\/7ce1f28c0c3bbac99ff550b85ef8e44a6950c6ee24514fb6a5489e51d06f0298?s=96&d=mm&r=g","caption":"webdo.tn"},"url":"https:\/\/www.webdo.tn\/fr\/actualite\/author\/webdotn\/"}]}},"_links":{"self":[{"href":"https:\/\/www.webdo.tn\/fr\/wp-json\/wp\/v2\/posts\/173314","targetHints":{"allow":["GET"]}}],"collection":[{"href":"https:\/\/www.webdo.tn\/fr\/wp-json\/wp\/v2\/posts"}],"about":[{"href":"https:\/\/www.webdo.tn\/fr\/wp-json\/wp\/v2\/types\/post"}],"author":[{"embeddable":true,"href":"https:\/\/www.webdo.tn\/fr\/wp-json\/wp\/v2\/users\/3222"}],"replies":[{"embeddable":true,"href":"https:\/\/www.webdo.tn\/fr\/wp-json\/wp\/v2\/comments?post=173314"}],"version-history":[{"count":0,"href":"https:\/\/www.webdo.tn\/fr\/wp-json\/wp\/v2\/posts\/173314\/revisions"}],"wp:featuredmedia":[{"embeddable":true,"href":"https:\/\/www.webdo.tn\/fr\/wp-json\/wp\/v2\/media\/296172"}],"wp:attachment":[{"href":"https:\/\/www.webdo.tn\/fr\/wp-json\/wp\/v2\/media?parent=173314"}],"wp:term":[{"taxonomy":"category","embeddable":true,"href":"https:\/\/www.webdo.tn\/fr\/wp-json\/wp\/v2\/categories?post=173314"},{"taxonomy":"post_tag","embeddable":true,"href":"https:\/\/www.webdo.tn\/fr\/wp-json\/wp\/v2\/tags?post=173314"}],"curies":[{"name":"wp","href":"https:\/\/api.w.org\/{rel}","templated":true}]}}