{"id":173313,"date":"2019-02-20T11:27:00","date_gmt":"2019-02-20T11:27:00","guid":{"rendered":"https:\/\/www.webdo.tn\/fr\/blog\/les-daechiens-retournent-au-bercail\/173313\/"},"modified":"2025-05-18T23:04:32","modified_gmt":"2025-05-18T23:04:32","slug":"les-daechiens-retournent-au-bercail","status":"publish","type":"post","link":"https:\/\/www.webdo.tn\/fr\/actualite\/tunis-hebdo\/les-daechiens-retournent-au-bercail\/173313\/","title":{"rendered":"Les Daechiens retournent au bercail !"},"content":{"rendered":"<p>Quatre terroristes viennent d\u2019\u00eatre traduits devant le P\u00f4le judiciaire de lutte contre le terrorisme qui a \u00e9mis \u00e0 leur encontre un mandat de d\u00e9p\u00f4t. Ces terroristes, qui faisaient l\u2019objet d\u2019un mandat de recherche pour plusieurs op\u00e9rations terroristes commises en Tunisie, ont \u00e9t\u00e9 remis aux autorit\u00e9s tunisiennes par l\u2019un des pays de zones de combat et sont qualifi\u00e9s de tr\u00e8s dangereux.<\/p>\n<p>Ils seront bient\u00f4t traduits devant la justice pour \u00e9coper les peines n\u00e9cessit\u00e9es par les crimes dont ils sont les auteurs. Ce fait pose, maintenant, et avec beaucoup d\u2019acuit\u00e9, la question du retour des terroristes sur le territoire tunisien surtout que l\u2019\u00e9tau se resserre autour de Daech en Syrie o\u00f9 ils ne formeraient plus qu\u2019une petite poche qui sera vraisemblablement an\u00e9antie dans un tr\u00e8s proche avenir.<\/p>\n<p>Cependant, si ce retour est voulu et m\u00eame encourag\u00e9 par plusieurs parties internationales (des Etats et des \u00abONG\u00bb), il se pr\u00e9sente, n\u00e9anmoins, dans un contexte o\u00f9 il n\u2019est pas souhait\u00e9 actuellement ni par le gouvernement ni par ses alli\u00e9s surtout.<\/p>\n<p>D\u2019un c\u00f4t\u00e9, le gouvernement ne semble pas dispos\u00e9 \u00e0 le faire, le ministre des Affaires \u00e9trang\u00e8res ayant r\u00e9cemment soulign\u00e9 que le retour de ces terroristes en Tunisie \u00ab n\u2019est pas d\u2019actualit\u00e9 \u00bb, que nous \u00ab n\u2019avons pas l\u2019intention de r\u00e9cup\u00e9rer ces prisonniers \u00bb, avant d\u2019affirmer que ce sont des Tunisiens, et qu\u2019il existe une constitution et des lois. Ceci signifie que la Tunisie ne peut \u00e9chapper \u00e0 assumer la responsabilit\u00e9 de ses propres ressortissants et qu\u2019elle ne peut pas les renier \u00e9ternellement.<\/p>\n<p>Mais, il reconna\u00eet implicitement que nous ne disposons d\u2019aucune strat\u00e9gie globale d\u2019accueil de ces terroristes.En fait, il s\u2019agit d\u2019avoir une politique publique claire qui rev\u00eat divers aspects. Il s\u2019agit d\u2019abord de proc\u00e9der \u00e0 un v\u00e9ritable travail de pr\u00e9cision avec les autorit\u00e9s qui les d\u00e9tiennent pour confirmer ou infirmer leur nationalit\u00e9. Ensuite, il convient de les interroger, puis de les traduire devant la justice pour \u00eatre jug\u00e9s conform\u00e9ment \u00e0 la loi antiterroriste qui punit, aussi, les actes terroristes commis \u00e0 l\u2019\u00e9tranger.<\/p>\n<p>Enfin, il s\u2019agit pour ceux qui seront jug\u00e9s d\u2019\u00eatre emprisonn\u00e9s en fonction de normes sp\u00e9ciales afin qu\u2019ils puissent faire l\u2019objet d\u2019une prise en charge sp\u00e9cifique et multiforme pour tenter de les \u00ab d\u00e9-radicaliser \u00bb, tout comme les femmes et les enfants qui seraient rapatri\u00e9s. Or, ces structures ou ces moyens n\u2019ont \u00e9t\u00e9 ni \u00e9tudi\u00e9s ni mis en place, alors que la situation urge.<\/p>\n<p>D\u2019un autre c\u00f4t\u00e9, le retour des terroristes peut constituer en cette ann\u00e9e \u00e9lectorale un sujet que les alli\u00e9s du gouvernement, les Islamistes, souhaitent \u00e9viter au maximum dans la mesure o\u00f9 leur position est aux antipodes de celle de la majorit\u00e9 des Tunisiens qui pr\u00f4nent le refus de les accueillir.<\/p>\n<p>En fait, ce retour des terroristes serait dangereux pour eux dans la mesure o\u00f9 les interrogatoires men\u00e9s pourraient permettre la d\u00e9couverte, la confirmation ou l\u2019infirmation de plusieurs soup\u00e7ons, concernant notamment les r\u00e9seaux d\u2019envoi des terroristes dans les zones de conflit, les assassinats de Chokri Belaid et Mohamed Brahmi, et bien d\u2019autres questions relatives aux manifestations de violence \u00e0 caract\u00e8re religieux qui se sont abattues sur notre pays depuis 2011, leurs auteurs et leurs complices.<\/p>\n<p>Or, un tel sujet peut \u00ab d\u00e9ranger \u00bb les Islamistes et probablement le nouveau parti de Y.C qui ne repousse pas l\u2019id\u00e9e d\u2019une alliance strat\u00e9gique avec eux dans le futur. C\u2019est pourquoi nous pensons que ce sujet sera certainement report\u00e9 pour les prochaines ann\u00e9es, une fa\u00e7on d\u2019\u00e9viter donc un probl\u00e8me qui f\u00e2che. Des raisons purement \u00e9lectoralistes alors que ces questions constituent des bombes \u00e0 retardement qui minent la d\u00e9mocratisation r\u00e9elle du pays et de ses m\u0153urs politiques et sociales.<br \/>\nLotfi LARGUET<br \/>\nTunis-Hebdo du 18\/02\/2019<\/p>\n","protected":false},"excerpt":{"rendered":"<p>Les Daechiens retournent au bercail !<\/p>\n","protected":false},"author":3222,"featured_media":296117,"comment_status":"open","ping_status":"closed","sticky":false,"template":"","format":"standard","meta":{"footnotes":""},"categories":[7653],"tags":[2600],"class_list":["post-173313","post","type-post","status-publish","format-standard","has-post-thumbnail","hentry","category-tunis-hebdo","tag-guerre"],"yoast_head":"<!-- This site is optimized with the Yoast SEO Premium plugin v27.4 (Yoast SEO v27.4) - https:\/\/yoast.com\/product\/yoast-seo-premium-wordpress\/ -->\n<title>Les Daechiens retournent au bercail !<\/title>\n<meta name=\"description\" content=\"Les Daechiens retournent au bercail !\" \/>\n<link rel=\"canonical\" href=\"https:\/\/www.webdo.tn\/fr\/actualite\/tunis-hebdo\/les-daechiens-retournent-au-bercail\/173313\/\" \/>\n<meta property=\"og:locale\" content=\"fr_FR\" \/>\n<meta property=\"og:type\" content=\"article\" \/>\n<meta property=\"og:title\" content=\"Les Daechiens retournent au bercail !\" \/>\n<meta property=\"og:description\" content=\"Les Daechiens retournent au bercail !\" \/>\n<meta property=\"og:url\" content=\"https:\/\/www.webdo.tn\/fr\/actualite\/tunis-hebdo\/les-daechiens-retournent-au-bercail\/173313\/\" \/>\n<meta property=\"og:site_name\" content=\"webdo\" \/>\n<meta property=\"article:publisher\" content=\"https:\/\/www.facebook.com\/webdotn\" \/>\n<meta property=\"article:published_time\" content=\"2019-02-20T11:27:00+00:00\" \/>\n<meta property=\"article:modified_time\" content=\"2025-05-18T23:04:32+00:00\" \/>\n<meta property=\"og:image\" content=\"https:\/\/www.webdo.tn\/fr\/wp-content\/uploads\/2019\/02\/benhamida18-2-2019-1024x694-1.jpg\" \/>\n\t<meta property=\"og:image:width\" content=\"1024\" \/>\n\t<meta property=\"og:image:height\" content=\"694\" \/>\n\t<meta property=\"og:image:type\" content=\"image\/jpeg\" \/>\n<meta name=\"author\" content=\"webdo.tn\" \/>\n<meta name=\"twitter:card\" content=\"summary_large_image\" \/>\n<meta name=\"twitter:creator\" content=\"@webdo_tn\" \/>\n<meta name=\"twitter:site\" content=\"@webdo_tn\" \/>\n<meta name=\"twitter:label1\" content=\"\u00c9crit par\" \/>\n\t<meta name=\"twitter:data1\" content=\"webdo.tn\" \/>\n\t<meta name=\"twitter:label2\" content=\"Dur\u00e9e de lecture estim\u00e9e\" \/>\n\t<meta name=\"twitter:data2\" content=\"3 minutes\" \/>\n<script type=\"application\/ld+json\" class=\"yoast-schema-graph\">{\"@context\":\"https:\\\/\\\/schema.org\",\"@graph\":[{\"@type\":\"NewsArticle\",\"@id\":\"https:\\\/\\\/www.webdo.tn\\\/fr\\\/actualite\\\/tunis-hebdo\\\/les-daechiens-retournent-au-bercail\\\/173313\\\/#article\",\"isPartOf\":{\"@id\":\"https:\\\/\\\/www.webdo.tn\\\/fr\\\/actualite\\\/tunis-hebdo\\\/les-daechiens-retournent-au-bercail\\\/173313\\\/\"},\"author\":{\"name\":\"webdo.tn\",\"@id\":\"https:\\\/\\\/www.webdo.tn\\\/fr\\\/#\\\/schema\\\/person\\\/9a9c6118d687c117df8ef3cc36a4d175\"},\"headline\":\"Les Daechiens retournent au bercail !\",\"datePublished\":\"2019-02-20T11:27:00+00:00\",\"dateModified\":\"2025-05-18T23:04:32+00:00\",\"mainEntityOfPage\":{\"@id\":\"https:\\\/\\\/www.webdo.tn\\\/fr\\\/actualite\\\/tunis-hebdo\\\/les-daechiens-retournent-au-bercail\\\/173313\\\/\"},\"wordCount\":680,\"commentCount\":0,\"publisher\":{\"@id\":\"https:\\\/\\\/www.webdo.tn\\\/fr\\\/#organization\"},\"image\":{\"@id\":\"https:\\\/\\\/www.webdo.tn\\\/fr\\\/actualite\\\/tunis-hebdo\\\/les-daechiens-retournent-au-bercail\\\/173313\\\/#primaryimage\"},\"thumbnailUrl\":\"https:\\\/\\\/www.webdo.tn\\\/fr\\\/wp-content\\\/uploads\\\/2019\\\/02\\\/benhamida18-2-2019-1024x694-1.jpg\",\"keywords\":[\"guerre\"],\"articleSection\":[\"Tunis-Hebdo\"],\"inLanguage\":\"fr-FR\"},{\"@type\":\"WebPage\",\"@id\":\"https:\\\/\\\/www.webdo.tn\\\/fr\\\/actualite\\\/tunis-hebdo\\\/les-daechiens-retournent-au-bercail\\\/173313\\\/\",\"url\":\"https:\\\/\\\/www.webdo.tn\\\/fr\\\/actualite\\\/tunis-hebdo\\\/les-daechiens-retournent-au-bercail\\\/173313\\\/\",\"name\":\"Les Daechiens retournent au bercail !\",\"isPartOf\":{\"@id\":\"https:\\\/\\\/www.webdo.tn\\\/fr\\\/#website\"},\"primaryImageOfPage\":{\"@id\":\"https:\\\/\\\/www.webdo.tn\\\/fr\\\/actualite\\\/tunis-hebdo\\\/les-daechiens-retournent-au-bercail\\\/173313\\\/#primaryimage\"},\"image\":{\"@id\":\"https:\\\/\\\/www.webdo.tn\\\/fr\\\/actualite\\\/tunis-hebdo\\\/les-daechiens-retournent-au-bercail\\\/173313\\\/#primaryimage\"},\"thumbnailUrl\":\"https:\\\/\\\/www.webdo.tn\\\/fr\\\/wp-content\\\/uploads\\\/2019\\\/02\\\/benhamida18-2-2019-1024x694-1.jpg\",\"datePublished\":\"2019-02-20T11:27:00+00:00\",\"dateModified\":\"2025-05-18T23:04:32+00:00\",\"description\":\"Les Daechiens retournent au bercail !\",\"breadcrumb\":{\"@id\":\"https:\\\/\\\/www.webdo.tn\\\/fr\\\/actualite\\\/tunis-hebdo\\\/les-daechiens-retournent-au-bercail\\\/173313\\\/#breadcrumb\"},\"inLanguage\":\"fr-FR\",\"potentialAction\":[{\"@type\":\"ReadAction\",\"target\":[\"https:\\\/\\\/www.webdo.tn\\\/fr\\\/actualite\\\/tunis-hebdo\\\/les-daechiens-retournent-au-bercail\\\/173313\\\/\"]}]},{\"@type\":\"ImageObject\",\"inLanguage\":\"fr-FR\",\"@id\":\"https:\\\/\\\/www.webdo.tn\\\/fr\\\/actualite\\\/tunis-hebdo\\\/les-daechiens-retournent-au-bercail\\\/173313\\\/#primaryimage\",\"url\":\"https:\\\/\\\/www.webdo.tn\\\/fr\\\/wp-content\\\/uploads\\\/2019\\\/02\\\/benhamida18-2-2019-1024x694-1.jpg\",\"contentUrl\":\"https:\\\/\\\/www.webdo.tn\\\/fr\\\/wp-content\\\/uploads\\\/2019\\\/02\\\/benhamida18-2-2019-1024x694-1.jpg\",\"width\":1024,\"height\":694,\"caption\":\"Les Daechiens retournent au bercail !\"},{\"@type\":\"BreadcrumbList\",\"@id\":\"https:\\\/\\\/www.webdo.tn\\\/fr\\\/actualite\\\/tunis-hebdo\\\/les-daechiens-retournent-au-bercail\\\/173313\\\/#breadcrumb\",\"itemListElement\":[{\"@type\":\"ListItem\",\"position\":1,\"name\":\"Accueil\",\"item\":\"https:\\\/\\\/www.webdo.tn\\\/fr\\\/\"},{\"@type\":\"ListItem\",\"position\":2,\"name\":\"Les Daechiens retournent au bercail !\"}]},{\"@type\":\"WebSite\",\"@id\":\"https:\\\/\\\/www.webdo.tn\\\/fr\\\/#website\",\"url\":\"https:\\\/\\\/www.webdo.tn\\\/fr\\\/\",\"name\":\"webdo\",\"description\":\"Tunisie - News en Tunisie et \u00e0 l&#039;international sur Webdo.tn\",\"publisher\":{\"@id\":\"https:\\\/\\\/www.webdo.tn\\\/fr\\\/#organization\"},\"potentialAction\":[{\"@type\":\"SearchAction\",\"target\":{\"@type\":\"EntryPoint\",\"urlTemplate\":\"https:\\\/\\\/www.webdo.tn\\\/fr\\\/?s={search_term_string}\"},\"query-input\":{\"@type\":\"PropertyValueSpecification\",\"valueRequired\":true,\"valueName\":\"search_term_string\"}}],\"inLanguage\":\"fr-FR\"},{\"@type\":\"Organization\",\"@id\":\"https:\\\/\\\/www.webdo.tn\\\/fr\\\/#organization\",\"name\":\"Webdo\",\"alternateName\":\"Webdo.tn\",\"url\":\"https:\\\/\\\/www.webdo.tn\\\/fr\\\/\",\"logo\":{\"@type\":\"ImageObject\",\"inLanguage\":\"fr-FR\",\"@id\":\"https:\\\/\\\/www.webdo.tn\\\/fr\\\/#\\\/schema\\\/logo\\\/image\\\/\",\"url\":\"https:\\\/\\\/www.webdo.tn\\\/fr\\\/wp-content\\\/uploads\\\/2025\\\/06\\\/Webdo-Tunisie_168377.jpg\",\"contentUrl\":\"https:\\\/\\\/www.webdo.tn\\\/fr\\\/wp-content\\\/uploads\\\/2025\\\/06\\\/Webdo-Tunisie_168377.jpg\",\"width\":301,\"height\":301,\"caption\":\"Webdo\"},\"image\":{\"@id\":\"https:\\\/\\\/www.webdo.tn\\\/fr\\\/#\\\/schema\\\/logo\\\/image\\\/\"},\"sameAs\":[\"https:\\\/\\\/www.facebook.com\\\/webdotn\",\"https:\\\/\\\/x.com\\\/webdo_tn\"],\"description\":\"Webdo est un m\u00e9dia num\u00e9rique tunisien fond\u00e9 en 2010, sp\u00e9cialis\u00e9 dans l\u2019actualit\u00e9 nationale et internationale, l\u2019\u00e9conomie, la soci\u00e9t\u00e9 et les analyses politiques. Le site s\u2019adresse \u00e0 un large public francophone et couvre l\u2019information tunisienne en temps r\u00e9el.\",\"email\":\"redac@webdo.tn\",\"legalName\":\"YNJ SARL\",\"foundingDate\":\"2010-09-06\",\"numberOfEmployees\":{\"@type\":\"QuantitativeValue\",\"minValue\":\"11\",\"maxValue\":\"50\"}},{\"@type\":\"Person\",\"@id\":\"https:\\\/\\\/www.webdo.tn\\\/fr\\\/#\\\/schema\\\/person\\\/9a9c6118d687c117df8ef3cc36a4d175\",\"name\":\"webdo.tn\",\"image\":{\"@type\":\"ImageObject\",\"inLanguage\":\"fr-FR\",\"@id\":\"https:\\\/\\\/secure.gravatar.com\\\/avatar\\\/7ce1f28c0c3bbac99ff550b85ef8e44a6950c6ee24514fb6a5489e51d06f0298?s=96&d=mm&r=g\",\"url\":\"https:\\\/\\\/secure.gravatar.com\\\/avatar\\\/7ce1f28c0c3bbac99ff550b85ef8e44a6950c6ee24514fb6a5489e51d06f0298?s=96&d=mm&r=g\",\"contentUrl\":\"https:\\\/\\\/secure.gravatar.com\\\/avatar\\\/7ce1f28c0c3bbac99ff550b85ef8e44a6950c6ee24514fb6a5489e51d06f0298?s=96&d=mm&r=g\",\"caption\":\"webdo.tn\"},\"url\":\"https:\\\/\\\/www.webdo.tn\\\/fr\\\/actualite\\\/author\\\/webdotn\\\/\"}]}<\/script>\n<!-- \/ Yoast SEO Premium plugin. -->","yoast_head_json":{"title":"Les Daechiens retournent au bercail !","description":"Les Daechiens retournent au bercail !","canonical":"https:\/\/www.webdo.tn\/fr\/actualite\/tunis-hebdo\/les-daechiens-retournent-au-bercail\/173313\/","og_locale":"fr_FR","og_type":"article","og_title":"Les Daechiens retournent au bercail !","og_description":"Les Daechiens retournent au bercail !","og_url":"https:\/\/www.webdo.tn\/fr\/actualite\/tunis-hebdo\/les-daechiens-retournent-au-bercail\/173313\/","og_site_name":"webdo","article_publisher":"https:\/\/www.facebook.com\/webdotn","article_published_time":"2019-02-20T11:27:00+00:00","article_modified_time":"2025-05-18T23:04:32+00:00","og_image":[{"width":1024,"height":694,"url":"https:\/\/www.webdo.tn\/fr\/wp-content\/uploads\/2019\/02\/benhamida18-2-2019-1024x694-1.jpg","type":"image\/jpeg"}],"author":"webdo.tn","twitter_card":"summary_large_image","twitter_creator":"@webdo_tn","twitter_site":"@webdo_tn","twitter_misc":{"\u00c9crit par":"webdo.tn","Dur\u00e9e de lecture estim\u00e9e":"3 minutes"},"schema":{"@context":"https:\/\/schema.org","@graph":[{"@type":"NewsArticle","@id":"https:\/\/www.webdo.tn\/fr\/actualite\/tunis-hebdo\/les-daechiens-retournent-au-bercail\/173313\/#article","isPartOf":{"@id":"https:\/\/www.webdo.tn\/fr\/actualite\/tunis-hebdo\/les-daechiens-retournent-au-bercail\/173313\/"},"author":{"name":"webdo.tn","@id":"https:\/\/www.webdo.tn\/fr\/#\/schema\/person\/9a9c6118d687c117df8ef3cc36a4d175"},"headline":"Les Daechiens retournent au bercail !","datePublished":"2019-02-20T11:27:00+00:00","dateModified":"2025-05-18T23:04:32+00:00","mainEntityOfPage":{"@id":"https:\/\/www.webdo.tn\/fr\/actualite\/tunis-hebdo\/les-daechiens-retournent-au-bercail\/173313\/"},"wordCount":680,"commentCount":0,"publisher":{"@id":"https:\/\/www.webdo.tn\/fr\/#organization"},"image":{"@id":"https:\/\/www.webdo.tn\/fr\/actualite\/tunis-hebdo\/les-daechiens-retournent-au-bercail\/173313\/#primaryimage"},"thumbnailUrl":"https:\/\/www.webdo.tn\/fr\/wp-content\/uploads\/2019\/02\/benhamida18-2-2019-1024x694-1.jpg","keywords":["guerre"],"articleSection":["Tunis-Hebdo"],"inLanguage":"fr-FR"},{"@type":"WebPage","@id":"https:\/\/www.webdo.tn\/fr\/actualite\/tunis-hebdo\/les-daechiens-retournent-au-bercail\/173313\/","url":"https:\/\/www.webdo.tn\/fr\/actualite\/tunis-hebdo\/les-daechiens-retournent-au-bercail\/173313\/","name":"Les Daechiens retournent au bercail !","isPartOf":{"@id":"https:\/\/www.webdo.tn\/fr\/#website"},"primaryImageOfPage":{"@id":"https:\/\/www.webdo.tn\/fr\/actualite\/tunis-hebdo\/les-daechiens-retournent-au-bercail\/173313\/#primaryimage"},"image":{"@id":"https:\/\/www.webdo.tn\/fr\/actualite\/tunis-hebdo\/les-daechiens-retournent-au-bercail\/173313\/#primaryimage"},"thumbnailUrl":"https:\/\/www.webdo.tn\/fr\/wp-content\/uploads\/2019\/02\/benhamida18-2-2019-1024x694-1.jpg","datePublished":"2019-02-20T11:27:00+00:00","dateModified":"2025-05-18T23:04:32+00:00","description":"Les Daechiens retournent au bercail !","breadcrumb":{"@id":"https:\/\/www.webdo.tn\/fr\/actualite\/tunis-hebdo\/les-daechiens-retournent-au-bercail\/173313\/#breadcrumb"},"inLanguage":"fr-FR","potentialAction":[{"@type":"ReadAction","target":["https:\/\/www.webdo.tn\/fr\/actualite\/tunis-hebdo\/les-daechiens-retournent-au-bercail\/173313\/"]}]},{"@type":"ImageObject","inLanguage":"fr-FR","@id":"https:\/\/www.webdo.tn\/fr\/actualite\/tunis-hebdo\/les-daechiens-retournent-au-bercail\/173313\/#primaryimage","url":"https:\/\/www.webdo.tn\/fr\/wp-content\/uploads\/2019\/02\/benhamida18-2-2019-1024x694-1.jpg","contentUrl":"https:\/\/www.webdo.tn\/fr\/wp-content\/uploads\/2019\/02\/benhamida18-2-2019-1024x694-1.jpg","width":1024,"height":694,"caption":"Les Daechiens retournent au bercail !"},{"@type":"BreadcrumbList","@id":"https:\/\/www.webdo.tn\/fr\/actualite\/tunis-hebdo\/les-daechiens-retournent-au-bercail\/173313\/#breadcrumb","itemListElement":[{"@type":"ListItem","position":1,"name":"Accueil","item":"https:\/\/www.webdo.tn\/fr\/"},{"@type":"ListItem","position":2,"name":"Les Daechiens retournent au bercail !"}]},{"@type":"WebSite","@id":"https:\/\/www.webdo.tn\/fr\/#website","url":"https:\/\/www.webdo.tn\/fr\/","name":"webdo","description":"Tunisie - News en Tunisie et \u00e0 l&#039;international sur Webdo.tn","publisher":{"@id":"https:\/\/www.webdo.tn\/fr\/#organization"},"potentialAction":[{"@type":"SearchAction","target":{"@type":"EntryPoint","urlTemplate":"https:\/\/www.webdo.tn\/fr\/?s={search_term_string}"},"query-input":{"@type":"PropertyValueSpecification","valueRequired":true,"valueName":"search_term_string"}}],"inLanguage":"fr-FR"},{"@type":"Organization","@id":"https:\/\/www.webdo.tn\/fr\/#organization","name":"Webdo","alternateName":"Webdo.tn","url":"https:\/\/www.webdo.tn\/fr\/","logo":{"@type":"ImageObject","inLanguage":"fr-FR","@id":"https:\/\/www.webdo.tn\/fr\/#\/schema\/logo\/image\/","url":"https:\/\/www.webdo.tn\/fr\/wp-content\/uploads\/2025\/06\/Webdo-Tunisie_168377.jpg","contentUrl":"https:\/\/www.webdo.tn\/fr\/wp-content\/uploads\/2025\/06\/Webdo-Tunisie_168377.jpg","width":301,"height":301,"caption":"Webdo"},"image":{"@id":"https:\/\/www.webdo.tn\/fr\/#\/schema\/logo\/image\/"},"sameAs":["https:\/\/www.facebook.com\/webdotn","https:\/\/x.com\/webdo_tn"],"description":"Webdo est un m\u00e9dia num\u00e9rique tunisien fond\u00e9 en 2010, sp\u00e9cialis\u00e9 dans l\u2019actualit\u00e9 nationale et internationale, l\u2019\u00e9conomie, la soci\u00e9t\u00e9 et les analyses politiques. Le site s\u2019adresse \u00e0 un large public francophone et couvre l\u2019information tunisienne en temps r\u00e9el.","email":"redac@webdo.tn","legalName":"YNJ SARL","foundingDate":"2010-09-06","numberOfEmployees":{"@type":"QuantitativeValue","minValue":"11","maxValue":"50"}},{"@type":"Person","@id":"https:\/\/www.webdo.tn\/fr\/#\/schema\/person\/9a9c6118d687c117df8ef3cc36a4d175","name":"webdo.tn","image":{"@type":"ImageObject","inLanguage":"fr-FR","@id":"https:\/\/secure.gravatar.com\/avatar\/7ce1f28c0c3bbac99ff550b85ef8e44a6950c6ee24514fb6a5489e51d06f0298?s=96&d=mm&r=g","url":"https:\/\/secure.gravatar.com\/avatar\/7ce1f28c0c3bbac99ff550b85ef8e44a6950c6ee24514fb6a5489e51d06f0298?s=96&d=mm&r=g","contentUrl":"https:\/\/secure.gravatar.com\/avatar\/7ce1f28c0c3bbac99ff550b85ef8e44a6950c6ee24514fb6a5489e51d06f0298?s=96&d=mm&r=g","caption":"webdo.tn"},"url":"https:\/\/www.webdo.tn\/fr\/actualite\/author\/webdotn\/"}]}},"_links":{"self":[{"href":"https:\/\/www.webdo.tn\/fr\/wp-json\/wp\/v2\/posts\/173313","targetHints":{"allow":["GET"]}}],"collection":[{"href":"https:\/\/www.webdo.tn\/fr\/wp-json\/wp\/v2\/posts"}],"about":[{"href":"https:\/\/www.webdo.tn\/fr\/wp-json\/wp\/v2\/types\/post"}],"author":[{"embeddable":true,"href":"https:\/\/www.webdo.tn\/fr\/wp-json\/wp\/v2\/users\/3222"}],"replies":[{"embeddable":true,"href":"https:\/\/www.webdo.tn\/fr\/wp-json\/wp\/v2\/comments?post=173313"}],"version-history":[{"count":0,"href":"https:\/\/www.webdo.tn\/fr\/wp-json\/wp\/v2\/posts\/173313\/revisions"}],"wp:featuredmedia":[{"embeddable":true,"href":"https:\/\/www.webdo.tn\/fr\/wp-json\/wp\/v2\/media\/296117"}],"wp:attachment":[{"href":"https:\/\/www.webdo.tn\/fr\/wp-json\/wp\/v2\/media?parent=173313"}],"wp:term":[{"taxonomy":"category","embeddable":true,"href":"https:\/\/www.webdo.tn\/fr\/wp-json\/wp\/v2\/categories?post=173313"},{"taxonomy":"post_tag","embeddable":true,"href":"https:\/\/www.webdo.tn\/fr\/wp-json\/wp\/v2\/tags?post=173313"}],"curies":[{"name":"wp","href":"https:\/\/api.w.org\/{rel}","templated":true}]}}