{"id":173312,"date":"2019-02-20T11:40:00","date_gmt":"2019-02-20T11:40:00","guid":{"rendered":"https:\/\/www.webdo.tn\/fr\/blog\/lotage-algerie\/173312\/"},"modified":"2025-05-18T23:04:33","modified_gmt":"2025-05-18T23:04:33","slug":"lotage-algerie","status":"publish","type":"post","link":"https:\/\/www.webdo.tn\/fr\/actualite\/tunis-hebdo\/lotage-algerie\/173312\/","title":{"rendered":"L&rsquo;otage Alg\u00e9rie"},"content":{"rendered":"<p>A bient\u00f4t 82 ans, affaibli par la maladie et d\u00e9connect\u00e9 de la r\u00e9alit\u00e9, le pr\u00e9sident alg\u00e9rien, Abdelaziz Bouteflika, a annonc\u00e9, dimanche 10 f\u00e9vrier, sa candidature \u00e0 un cinqui\u00e8me mandat pr\u00e9sidentiel dans un message en langue de bois transmis \u00e0 l&rsquo;agence de presse APS. D\u00e8s lors, les questions fusent : l&rsquo;Alg\u00e9rie est-elle devenue une mascarade d\u00e9mocratique ou s&rsquo;abstient-elle de tomber de Charybde en Scylla ?<br \/>\nDepuis quelque temps, des personnalit\u00e9s alg\u00e9riennes de tout bord montent au cr\u00e9neau pour d\u00e9noncer l&rsquo;absurde candidature : \u00ab\u00a0Monsieur le Pr\u00e9sident, m\u00eame si vous n&rsquo;entendez plus, ne voyez plus, ne lisez plus, sachez que l&rsquo;on ne vous d\u00e9teste pas mais qu&rsquo;on a piti\u00e9 de vous\u00a0\u00bb, a d\u00e9clar\u00e9 le journaliste Hafid Derradji dans une vid\u00e9o publi\u00e9e sur Youtube.<\/p>\n<p>L&rsquo;homme du petit \u00e9cran s&rsquo;est insurg\u00e9 contre la volont\u00e9 d&rsquo;une bande de mafieux de faire r\u00e9\u00e9lire un infirme pour continuer de vider les caisses de l&rsquo;Etat en toute impunit\u00e9. Tel est ce foss\u00e9 si large entre une minorit\u00e9 pleine aux as tenant les r\u00eanes du pouvoir et un peuple d\u00e9laiss\u00e9 qui ne sait plus \u00e0 quel candidat se vouer.<br \/>\nOne two three, viva l&rsquo;Alg\u00e9rie<br \/>\nIl n&rsquo;existe pas un peuple sur cette Terre qui aime autant sa patrie que le peuple alg\u00e9rien. Pourtant, l&rsquo;Alg\u00e9rie voit partir ses enfants sans pouvoir les retenir. Car le v\u00e9ritable fl\u00e9au de ce pays n&rsquo;est ni d&rsquo;ordre social ou \u00e9conomique, mais bien d&rsquo;ordre politique. Comment peut-on quitter un pays qui a tout ? Du p\u00e9trole de ses sous-sols \u00e0 ses oasis inexplor\u00e9s, l&rsquo;Alg\u00e9rie est la p\u00e9pite d&rsquo;or de l&rsquo;Afrique.<\/p>\n<p>Toutefois, le pays de Ben Bella et autre Boumediene est \u00e0 la merci, depuis des d\u00e9cennies, d&rsquo;un malaise identitaire qui se transmet de g\u00e9n\u00e9ration en g\u00e9n\u00e9ration. Regardons la r\u00e9alit\u00e9 en face et faisons preuve d&rsquo;un peu d&rsquo;honn\u00eatet\u00e9 sans tomber dans les g\u00e9n\u00e9ralit\u00e9s ; l&rsquo;Alg\u00e9rie, au m\u00eame titre que l&rsquo;Egypte, le Maroc, la Libye et la Tunisie, n&rsquo;a jamais mis\u00e9 sur l&rsquo;\u00e9ducation de ses enfants et cela s&rsquo;en ressent aujourd&rsquo;hui.<\/p>\n<p>A l&rsquo;\u00e8re du num\u00e9rique \u00e0 haut d\u00e9bit et o\u00f9 les jeunes du monde entier s&rsquo;impliquent de plus en plus dans la sph\u00e8re politique de leurs pays respectifs, des pays comme l&rsquo;Alg\u00e9rie pr\u00e9f\u00e8rent l&rsquo;immobilisme au changement, l&rsquo;opacit\u00e9 \u00e0 la transparence et les anciennes m\u00e9thodes aux nouvelles.<\/p>\n<p>Alors que le nom de Abdelaziz Bouteflika est sur toutes les l\u00e8vres \u00e0 propos des pr\u00e9sidentielles du 18 avril prochain, nombreux sont ceux qui ignorent l&rsquo;identit\u00e9 des autres candidats au franc-parler si tranchant et \u00e0 l&rsquo;esprit si affut\u00e9. Rachid Nekkaz, Tahar Missoum et Ghani Mahdi sillonnent, ainsi, les quatre coins de leur pays pour solliciter les signatures des citoyens et drainer les foules.<\/p>\n<p>Les trois hommes ont du succ\u00e8s et n&rsquo;h\u00e9sitent pas \u00e0 piquer l\u00e0 o\u00f9 \u00e7a fait mal. Malheureusement et bien qu&rsquo;ils disposent d&rsquo;une aura digne du palais d&rsquo;El Mouradia, leur fougue et leur manque d&rsquo;exp\u00e9rience laissent entrevoir le doute quant \u00e0 leurs v\u00e9ritables intentions.<br \/>\nLes fant\u00f4mes du Printemps arabe<br \/>\nLa question est de savoir si les Alg\u00e9riens sont vraiment m\u00e9contents de la candidature de Bouteflika. Si c&rsquo;est le cas et dans un contexte d&rsquo;\u00e9lection au suffrage universel, pourquoi ne pas voter pour quelqu&rsquo;un d&rsquo;autre et laisser le pauvre homme se retirer ?<\/p>\n<p>La v\u00e9rit\u00e9 est que les Alg\u00e9riens sont encore sous le choc de la guerre civile qui opposa le peuple aux groupuscules islamistes de 1991 \u00e0 2002. Pour rappel, cette guerre s&rsquo;est sold\u00e9e avec la victoire du gouvernement de Bouteflika et co\u00fbta la vie \u00e0 plus de 60.000 personnes.<\/p>\n<p>De ce fait, les Alg\u00e9riens n&rsquo;ont aucune envie de subir les dommages collat\u00e9raux du Printemps arabe qui a touch\u00e9 les voisins tunisiens et libyens. En d&rsquo;autres termes, Bouteflika fait office de rempart d\u00e9mocratique \u00e0 un int\u00e9grisme religieux en plein essor. Confier la pr\u00e9sidence \u00e0 un autre, c&rsquo;est ouvrir une br\u00e8che pour les loups.<br \/>\nVers un 6\u00e8me mandat&#8230;<br \/>\n\u00c0 la chute de Moubarak en 2011, l&rsquo;Egypte a sombr\u00e9 dans l&rsquo;illusion d\u00e9mocratique et le d\u00e9sordre social. L&rsquo;arriv\u00e9e de l&rsquo;islamiste Mohamed Morsi au pouvoir a d\u00e9cha\u00een\u00e9 les passions et les frustrations les plus viles. Mais au lieu de conna\u00eetre le m\u00eame sort que l&rsquo;Iraq et la Syrie, la terre des Pharaons a \u00e9t\u00e9 sauv\u00e9e in extremis par sa propre arm\u00e9e en la personne du g\u00e9n\u00e9ral Sissi. Au diable la d\u00e9mocratie et cette R\u00e9volution du Jasmin ! Le nouvel homme fort d&rsquo;Egypte entreprend un nettoyage radical mais n\u00e9anmoins sanglant pour le plus grand soulagement de ses sujets mod\u00e9r\u00e9s.<\/p>\n<p>Si la Tunisie a su faire cohabiter, un tant soit peu, les id\u00e9aux la\u00efcs et islamistes, l&rsquo;Alg\u00e9rie risque de ne pas en faire autant si Bouteflika c\u00e9dait sa place. Afin de pr\u00e9server l&rsquo;image d\u00e9mocratique de leur pays et \u00e9viter le recours \u00e0 la force, les g\u00e9n\u00e9raux alg\u00e9riens, en conflit d&rsquo;int\u00e9r\u00eats, continueront d&rsquo;user de \u00ab\u00a0Boutef\u00a0\u00bb ind\u00e9finiment tout en prot\u00e9geant une Alg\u00e9rie otage de ses enfants. \u00ab\u00a0Bouteflika 2024 !\u00a0\u00bb Est-il trop t\u00f4t pour le dire ?<br \/>\nMohamed Habib LADJIMI<br \/>\nTunisie-Hebdo du 18\/02\/2019<\/p>\n","protected":false},"excerpt":{"rendered":"<p>L&rsquo;otage Alg\u00e9rie<\/p>\n","protected":false},"author":3222,"featured_media":296118,"comment_status":"open","ping_status":"closed","sticky":false,"template":"","format":"standard","meta":{"footnotes":""},"categories":[7653],"tags":[2600],"class_list":["post-173312","post","type-post","status-publish","format-standard","has-post-thumbnail","hentry","category-tunis-hebdo","tag-guerre"],"yoast_head":"<!-- This site is optimized with the Yoast SEO Premium plugin v27.4 (Yoast SEO v27.4) - https:\/\/yoast.com\/product\/yoast-seo-premium-wordpress\/ -->\n<title>L&#039;otage Alg\u00e9rie<\/title>\n<meta name=\"description\" content=\"L&#039;otage Alg\u00e9rie\" \/>\n<link rel=\"canonical\" href=\"https:\/\/www.webdo.tn\/fr\/actualite\/tunis-hebdo\/lotage-algerie\/173312\/\" \/>\n<meta property=\"og:locale\" content=\"fr_FR\" \/>\n<meta property=\"og:type\" content=\"article\" \/>\n<meta property=\"og:title\" content=\"L&#039;otage Alg\u00e9rie\" \/>\n<meta property=\"og:description\" content=\"L&#039;otage Alg\u00e9rie\" \/>\n<meta property=\"og:url\" content=\"https:\/\/www.webdo.tn\/fr\/actualite\/tunis-hebdo\/lotage-algerie\/173312\/\" \/>\n<meta property=\"og:site_name\" content=\"webdo\" \/>\n<meta property=\"article:publisher\" content=\"https:\/\/www.facebook.com\/webdotn\" \/>\n<meta property=\"article:published_time\" content=\"2019-02-20T11:40:00+00:00\" \/>\n<meta property=\"article:modified_time\" content=\"2025-05-18T23:04:33+00:00\" \/>\n<meta property=\"og:image\" content=\"https:\/\/www.webdo.tn\/fr\/wp-content\/uploads\/2019\/02\/52608767_1018934948295351_3281093296016850944_n.jpg\" \/>\n\t<meta property=\"og:image:width\" content=\"900\" \/>\n\t<meta property=\"og:image:height\" content=\"508\" \/>\n\t<meta property=\"og:image:type\" content=\"image\/jpeg\" \/>\n<meta name=\"author\" content=\"webdo.tn\" \/>\n<meta name=\"twitter:card\" content=\"summary_large_image\" \/>\n<meta name=\"twitter:creator\" content=\"@webdo_tn\" \/>\n<meta name=\"twitter:site\" content=\"@webdo_tn\" \/>\n<meta name=\"twitter:label1\" content=\"\u00c9crit par\" \/>\n\t<meta name=\"twitter:data1\" content=\"webdo.tn\" \/>\n\t<meta name=\"twitter:label2\" content=\"Dur\u00e9e de lecture estim\u00e9e\" \/>\n\t<meta name=\"twitter:data2\" content=\"4 minutes\" \/>\n<script type=\"application\/ld+json\" class=\"yoast-schema-graph\">{\"@context\":\"https:\\\/\\\/schema.org\",\"@graph\":[{\"@type\":\"NewsArticle\",\"@id\":\"https:\\\/\\\/www.webdo.tn\\\/fr\\\/actualite\\\/tunis-hebdo\\\/lotage-algerie\\\/173312\\\/#article\",\"isPartOf\":{\"@id\":\"https:\\\/\\\/www.webdo.tn\\\/fr\\\/actualite\\\/tunis-hebdo\\\/lotage-algerie\\\/173312\\\/\"},\"author\":{\"name\":\"webdo.tn\",\"@id\":\"https:\\\/\\\/www.webdo.tn\\\/fr\\\/#\\\/schema\\\/person\\\/9a9c6118d687c117df8ef3cc36a4d175\"},\"headline\":\"L&rsquo;otage Alg\u00e9rie\",\"datePublished\":\"2019-02-20T11:40:00+00:00\",\"dateModified\":\"2025-05-18T23:04:33+00:00\",\"mainEntityOfPage\":{\"@id\":\"https:\\\/\\\/www.webdo.tn\\\/fr\\\/actualite\\\/tunis-hebdo\\\/lotage-algerie\\\/173312\\\/\"},\"wordCount\":933,\"commentCount\":0,\"publisher\":{\"@id\":\"https:\\\/\\\/www.webdo.tn\\\/fr\\\/#organization\"},\"image\":{\"@id\":\"https:\\\/\\\/www.webdo.tn\\\/fr\\\/actualite\\\/tunis-hebdo\\\/lotage-algerie\\\/173312\\\/#primaryimage\"},\"thumbnailUrl\":\"https:\\\/\\\/www.webdo.tn\\\/fr\\\/wp-content\\\/uploads\\\/2019\\\/02\\\/52608767_1018934948295351_3281093296016850944_n.jpg\",\"keywords\":[\"guerre\"],\"articleSection\":[\"Tunis-Hebdo\"],\"inLanguage\":\"fr-FR\"},{\"@type\":\"WebPage\",\"@id\":\"https:\\\/\\\/www.webdo.tn\\\/fr\\\/actualite\\\/tunis-hebdo\\\/lotage-algerie\\\/173312\\\/\",\"url\":\"https:\\\/\\\/www.webdo.tn\\\/fr\\\/actualite\\\/tunis-hebdo\\\/lotage-algerie\\\/173312\\\/\",\"name\":\"L'otage Alg\u00e9rie\",\"isPartOf\":{\"@id\":\"https:\\\/\\\/www.webdo.tn\\\/fr\\\/#website\"},\"primaryImageOfPage\":{\"@id\":\"https:\\\/\\\/www.webdo.tn\\\/fr\\\/actualite\\\/tunis-hebdo\\\/lotage-algerie\\\/173312\\\/#primaryimage\"},\"image\":{\"@id\":\"https:\\\/\\\/www.webdo.tn\\\/fr\\\/actualite\\\/tunis-hebdo\\\/lotage-algerie\\\/173312\\\/#primaryimage\"},\"thumbnailUrl\":\"https:\\\/\\\/www.webdo.tn\\\/fr\\\/wp-content\\\/uploads\\\/2019\\\/02\\\/52608767_1018934948295351_3281093296016850944_n.jpg\",\"datePublished\":\"2019-02-20T11:40:00+00:00\",\"dateModified\":\"2025-05-18T23:04:33+00:00\",\"description\":\"L'otage Alg\u00e9rie\",\"breadcrumb\":{\"@id\":\"https:\\\/\\\/www.webdo.tn\\\/fr\\\/actualite\\\/tunis-hebdo\\\/lotage-algerie\\\/173312\\\/#breadcrumb\"},\"inLanguage\":\"fr-FR\",\"potentialAction\":[{\"@type\":\"ReadAction\",\"target\":[\"https:\\\/\\\/www.webdo.tn\\\/fr\\\/actualite\\\/tunis-hebdo\\\/lotage-algerie\\\/173312\\\/\"]}]},{\"@type\":\"ImageObject\",\"inLanguage\":\"fr-FR\",\"@id\":\"https:\\\/\\\/www.webdo.tn\\\/fr\\\/actualite\\\/tunis-hebdo\\\/lotage-algerie\\\/173312\\\/#primaryimage\",\"url\":\"https:\\\/\\\/www.webdo.tn\\\/fr\\\/wp-content\\\/uploads\\\/2019\\\/02\\\/52608767_1018934948295351_3281093296016850944_n.jpg\",\"contentUrl\":\"https:\\\/\\\/www.webdo.tn\\\/fr\\\/wp-content\\\/uploads\\\/2019\\\/02\\\/52608767_1018934948295351_3281093296016850944_n.jpg\",\"width\":900,\"height\":508,\"caption\":\"L'otage Alg\u00e9rie\"},{\"@type\":\"BreadcrumbList\",\"@id\":\"https:\\\/\\\/www.webdo.tn\\\/fr\\\/actualite\\\/tunis-hebdo\\\/lotage-algerie\\\/173312\\\/#breadcrumb\",\"itemListElement\":[{\"@type\":\"ListItem\",\"position\":1,\"name\":\"Accueil\",\"item\":\"https:\\\/\\\/www.webdo.tn\\\/fr\\\/\"},{\"@type\":\"ListItem\",\"position\":2,\"name\":\"L&rsquo;otage Alg\u00e9rie\"}]},{\"@type\":\"WebSite\",\"@id\":\"https:\\\/\\\/www.webdo.tn\\\/fr\\\/#website\",\"url\":\"https:\\\/\\\/www.webdo.tn\\\/fr\\\/\",\"name\":\"webdo\",\"description\":\"Tunisie - News en Tunisie et \u00e0 l&#039;international sur Webdo.tn\",\"publisher\":{\"@id\":\"https:\\\/\\\/www.webdo.tn\\\/fr\\\/#organization\"},\"potentialAction\":[{\"@type\":\"SearchAction\",\"target\":{\"@type\":\"EntryPoint\",\"urlTemplate\":\"https:\\\/\\\/www.webdo.tn\\\/fr\\\/?s={search_term_string}\"},\"query-input\":{\"@type\":\"PropertyValueSpecification\",\"valueRequired\":true,\"valueName\":\"search_term_string\"}}],\"inLanguage\":\"fr-FR\"},{\"@type\":\"Organization\",\"@id\":\"https:\\\/\\\/www.webdo.tn\\\/fr\\\/#organization\",\"name\":\"Webdo\",\"alternateName\":\"Webdo.tn\",\"url\":\"https:\\\/\\\/www.webdo.tn\\\/fr\\\/\",\"logo\":{\"@type\":\"ImageObject\",\"inLanguage\":\"fr-FR\",\"@id\":\"https:\\\/\\\/www.webdo.tn\\\/fr\\\/#\\\/schema\\\/logo\\\/image\\\/\",\"url\":\"https:\\\/\\\/www.webdo.tn\\\/fr\\\/wp-content\\\/uploads\\\/2025\\\/06\\\/Webdo-Tunisie_168377.jpg\",\"contentUrl\":\"https:\\\/\\\/www.webdo.tn\\\/fr\\\/wp-content\\\/uploads\\\/2025\\\/06\\\/Webdo-Tunisie_168377.jpg\",\"width\":301,\"height\":301,\"caption\":\"Webdo\"},\"image\":{\"@id\":\"https:\\\/\\\/www.webdo.tn\\\/fr\\\/#\\\/schema\\\/logo\\\/image\\\/\"},\"sameAs\":[\"https:\\\/\\\/www.facebook.com\\\/webdotn\",\"https:\\\/\\\/x.com\\\/webdo_tn\"],\"description\":\"Webdo est un m\u00e9dia num\u00e9rique tunisien fond\u00e9 en 2010, sp\u00e9cialis\u00e9 dans l\u2019actualit\u00e9 nationale et internationale, l\u2019\u00e9conomie, la soci\u00e9t\u00e9 et les analyses politiques. Le site s\u2019adresse \u00e0 un large public francophone et couvre l\u2019information tunisienne en temps r\u00e9el.\",\"email\":\"redac@webdo.tn\",\"legalName\":\"YNJ SARL\",\"foundingDate\":\"2010-09-06\",\"numberOfEmployees\":{\"@type\":\"QuantitativeValue\",\"minValue\":\"11\",\"maxValue\":\"50\"}},{\"@type\":\"Person\",\"@id\":\"https:\\\/\\\/www.webdo.tn\\\/fr\\\/#\\\/schema\\\/person\\\/9a9c6118d687c117df8ef3cc36a4d175\",\"name\":\"webdo.tn\",\"image\":{\"@type\":\"ImageObject\",\"inLanguage\":\"fr-FR\",\"@id\":\"https:\\\/\\\/secure.gravatar.com\\\/avatar\\\/7ce1f28c0c3bbac99ff550b85ef8e44a6950c6ee24514fb6a5489e51d06f0298?s=96&d=mm&r=g\",\"url\":\"https:\\\/\\\/secure.gravatar.com\\\/avatar\\\/7ce1f28c0c3bbac99ff550b85ef8e44a6950c6ee24514fb6a5489e51d06f0298?s=96&d=mm&r=g\",\"contentUrl\":\"https:\\\/\\\/secure.gravatar.com\\\/avatar\\\/7ce1f28c0c3bbac99ff550b85ef8e44a6950c6ee24514fb6a5489e51d06f0298?s=96&d=mm&r=g\",\"caption\":\"webdo.tn\"},\"url\":\"https:\\\/\\\/www.webdo.tn\\\/fr\\\/actualite\\\/author\\\/webdotn\\\/\"}]}<\/script>\n<!-- \/ Yoast SEO Premium plugin. -->","yoast_head_json":{"title":"L'otage Alg\u00e9rie","description":"L'otage Alg\u00e9rie","canonical":"https:\/\/www.webdo.tn\/fr\/actualite\/tunis-hebdo\/lotage-algerie\/173312\/","og_locale":"fr_FR","og_type":"article","og_title":"L'otage Alg\u00e9rie","og_description":"L'otage Alg\u00e9rie","og_url":"https:\/\/www.webdo.tn\/fr\/actualite\/tunis-hebdo\/lotage-algerie\/173312\/","og_site_name":"webdo","article_publisher":"https:\/\/www.facebook.com\/webdotn","article_published_time":"2019-02-20T11:40:00+00:00","article_modified_time":"2025-05-18T23:04:33+00:00","og_image":[{"width":900,"height":508,"url":"https:\/\/www.webdo.tn\/fr\/wp-content\/uploads\/2019\/02\/52608767_1018934948295351_3281093296016850944_n.jpg","type":"image\/jpeg"}],"author":"webdo.tn","twitter_card":"summary_large_image","twitter_creator":"@webdo_tn","twitter_site":"@webdo_tn","twitter_misc":{"\u00c9crit par":"webdo.tn","Dur\u00e9e de lecture estim\u00e9e":"4 minutes"},"schema":{"@context":"https:\/\/schema.org","@graph":[{"@type":"NewsArticle","@id":"https:\/\/www.webdo.tn\/fr\/actualite\/tunis-hebdo\/lotage-algerie\/173312\/#article","isPartOf":{"@id":"https:\/\/www.webdo.tn\/fr\/actualite\/tunis-hebdo\/lotage-algerie\/173312\/"},"author":{"name":"webdo.tn","@id":"https:\/\/www.webdo.tn\/fr\/#\/schema\/person\/9a9c6118d687c117df8ef3cc36a4d175"},"headline":"L&rsquo;otage Alg\u00e9rie","datePublished":"2019-02-20T11:40:00+00:00","dateModified":"2025-05-18T23:04:33+00:00","mainEntityOfPage":{"@id":"https:\/\/www.webdo.tn\/fr\/actualite\/tunis-hebdo\/lotage-algerie\/173312\/"},"wordCount":933,"commentCount":0,"publisher":{"@id":"https:\/\/www.webdo.tn\/fr\/#organization"},"image":{"@id":"https:\/\/www.webdo.tn\/fr\/actualite\/tunis-hebdo\/lotage-algerie\/173312\/#primaryimage"},"thumbnailUrl":"https:\/\/www.webdo.tn\/fr\/wp-content\/uploads\/2019\/02\/52608767_1018934948295351_3281093296016850944_n.jpg","keywords":["guerre"],"articleSection":["Tunis-Hebdo"],"inLanguage":"fr-FR"},{"@type":"WebPage","@id":"https:\/\/www.webdo.tn\/fr\/actualite\/tunis-hebdo\/lotage-algerie\/173312\/","url":"https:\/\/www.webdo.tn\/fr\/actualite\/tunis-hebdo\/lotage-algerie\/173312\/","name":"L'otage Alg\u00e9rie","isPartOf":{"@id":"https:\/\/www.webdo.tn\/fr\/#website"},"primaryImageOfPage":{"@id":"https:\/\/www.webdo.tn\/fr\/actualite\/tunis-hebdo\/lotage-algerie\/173312\/#primaryimage"},"image":{"@id":"https:\/\/www.webdo.tn\/fr\/actualite\/tunis-hebdo\/lotage-algerie\/173312\/#primaryimage"},"thumbnailUrl":"https:\/\/www.webdo.tn\/fr\/wp-content\/uploads\/2019\/02\/52608767_1018934948295351_3281093296016850944_n.jpg","datePublished":"2019-02-20T11:40:00+00:00","dateModified":"2025-05-18T23:04:33+00:00","description":"L'otage Alg\u00e9rie","breadcrumb":{"@id":"https:\/\/www.webdo.tn\/fr\/actualite\/tunis-hebdo\/lotage-algerie\/173312\/#breadcrumb"},"inLanguage":"fr-FR","potentialAction":[{"@type":"ReadAction","target":["https:\/\/www.webdo.tn\/fr\/actualite\/tunis-hebdo\/lotage-algerie\/173312\/"]}]},{"@type":"ImageObject","inLanguage":"fr-FR","@id":"https:\/\/www.webdo.tn\/fr\/actualite\/tunis-hebdo\/lotage-algerie\/173312\/#primaryimage","url":"https:\/\/www.webdo.tn\/fr\/wp-content\/uploads\/2019\/02\/52608767_1018934948295351_3281093296016850944_n.jpg","contentUrl":"https:\/\/www.webdo.tn\/fr\/wp-content\/uploads\/2019\/02\/52608767_1018934948295351_3281093296016850944_n.jpg","width":900,"height":508,"caption":"L'otage Alg\u00e9rie"},{"@type":"BreadcrumbList","@id":"https:\/\/www.webdo.tn\/fr\/actualite\/tunis-hebdo\/lotage-algerie\/173312\/#breadcrumb","itemListElement":[{"@type":"ListItem","position":1,"name":"Accueil","item":"https:\/\/www.webdo.tn\/fr\/"},{"@type":"ListItem","position":2,"name":"L&rsquo;otage Alg\u00e9rie"}]},{"@type":"WebSite","@id":"https:\/\/www.webdo.tn\/fr\/#website","url":"https:\/\/www.webdo.tn\/fr\/","name":"webdo","description":"Tunisie - News en Tunisie et \u00e0 l&#039;international sur Webdo.tn","publisher":{"@id":"https:\/\/www.webdo.tn\/fr\/#organization"},"potentialAction":[{"@type":"SearchAction","target":{"@type":"EntryPoint","urlTemplate":"https:\/\/www.webdo.tn\/fr\/?s={search_term_string}"},"query-input":{"@type":"PropertyValueSpecification","valueRequired":true,"valueName":"search_term_string"}}],"inLanguage":"fr-FR"},{"@type":"Organization","@id":"https:\/\/www.webdo.tn\/fr\/#organization","name":"Webdo","alternateName":"Webdo.tn","url":"https:\/\/www.webdo.tn\/fr\/","logo":{"@type":"ImageObject","inLanguage":"fr-FR","@id":"https:\/\/www.webdo.tn\/fr\/#\/schema\/logo\/image\/","url":"https:\/\/www.webdo.tn\/fr\/wp-content\/uploads\/2025\/06\/Webdo-Tunisie_168377.jpg","contentUrl":"https:\/\/www.webdo.tn\/fr\/wp-content\/uploads\/2025\/06\/Webdo-Tunisie_168377.jpg","width":301,"height":301,"caption":"Webdo"},"image":{"@id":"https:\/\/www.webdo.tn\/fr\/#\/schema\/logo\/image\/"},"sameAs":["https:\/\/www.facebook.com\/webdotn","https:\/\/x.com\/webdo_tn"],"description":"Webdo est un m\u00e9dia num\u00e9rique tunisien fond\u00e9 en 2010, sp\u00e9cialis\u00e9 dans l\u2019actualit\u00e9 nationale et internationale, l\u2019\u00e9conomie, la soci\u00e9t\u00e9 et les analyses politiques. Le site s\u2019adresse \u00e0 un large public francophone et couvre l\u2019information tunisienne en temps r\u00e9el.","email":"redac@webdo.tn","legalName":"YNJ SARL","foundingDate":"2010-09-06","numberOfEmployees":{"@type":"QuantitativeValue","minValue":"11","maxValue":"50"}},{"@type":"Person","@id":"https:\/\/www.webdo.tn\/fr\/#\/schema\/person\/9a9c6118d687c117df8ef3cc36a4d175","name":"webdo.tn","image":{"@type":"ImageObject","inLanguage":"fr-FR","@id":"https:\/\/secure.gravatar.com\/avatar\/7ce1f28c0c3bbac99ff550b85ef8e44a6950c6ee24514fb6a5489e51d06f0298?s=96&d=mm&r=g","url":"https:\/\/secure.gravatar.com\/avatar\/7ce1f28c0c3bbac99ff550b85ef8e44a6950c6ee24514fb6a5489e51d06f0298?s=96&d=mm&r=g","contentUrl":"https:\/\/secure.gravatar.com\/avatar\/7ce1f28c0c3bbac99ff550b85ef8e44a6950c6ee24514fb6a5489e51d06f0298?s=96&d=mm&r=g","caption":"webdo.tn"},"url":"https:\/\/www.webdo.tn\/fr\/actualite\/author\/webdotn\/"}]}},"_links":{"self":[{"href":"https:\/\/www.webdo.tn\/fr\/wp-json\/wp\/v2\/posts\/173312","targetHints":{"allow":["GET"]}}],"collection":[{"href":"https:\/\/www.webdo.tn\/fr\/wp-json\/wp\/v2\/posts"}],"about":[{"href":"https:\/\/www.webdo.tn\/fr\/wp-json\/wp\/v2\/types\/post"}],"author":[{"embeddable":true,"href":"https:\/\/www.webdo.tn\/fr\/wp-json\/wp\/v2\/users\/3222"}],"replies":[{"embeddable":true,"href":"https:\/\/www.webdo.tn\/fr\/wp-json\/wp\/v2\/comments?post=173312"}],"version-history":[{"count":0,"href":"https:\/\/www.webdo.tn\/fr\/wp-json\/wp\/v2\/posts\/173312\/revisions"}],"wp:featuredmedia":[{"embeddable":true,"href":"https:\/\/www.webdo.tn\/fr\/wp-json\/wp\/v2\/media\/296118"}],"wp:attachment":[{"href":"https:\/\/www.webdo.tn\/fr\/wp-json\/wp\/v2\/media?parent=173312"}],"wp:term":[{"taxonomy":"category","embeddable":true,"href":"https:\/\/www.webdo.tn\/fr\/wp-json\/wp\/v2\/categories?post=173312"},{"taxonomy":"post_tag","embeddable":true,"href":"https:\/\/www.webdo.tn\/fr\/wp-json\/wp\/v2\/tags?post=173312"}],"curies":[{"name":"wp","href":"https:\/\/api.w.org\/{rel}","templated":true}]}}