{"id":173311,"date":"2019-02-20T11:46:00","date_gmt":"2019-02-20T11:46:00","guid":{"rendered":"https:\/\/www.webdo.tn\/fr\/blog\/a-la-recherche-du-temps-de-travail-perdu\/173311\/"},"modified":"2025-05-18T23:04:31","modified_gmt":"2025-05-18T23:04:31","slug":"a-la-recherche-du-temps-de-travail-perdu","status":"publish","type":"post","link":"https:\/\/www.webdo.tn\/fr\/actualite\/tunis-hebdo\/a-la-recherche-du-temps-de-travail-perdu\/173311\/","title":{"rendered":"A la recherche du temps de travail perdu\u00a0!"},"content":{"rendered":"<p>La r\u00e9volution, ou ce que l\u2019on consid\u00e8re comme telle, a aiguis\u00e9 les app\u00e9tits revendicatifs, qu\u2019ils soient couverts par les syndicats ou carr\u00e9ment sauvages. La mise \u00e0 mort de l\u2019ancien r\u00e9gime n\u2019a pas uniquement eu raison de l\u2019incarnation du totalitarisme, en l\u2019occurrence Ben Ali, mais vis\u00e9 l\u2019Etat, parce que les dictateurs finissent toujours par cr\u00e9er l\u2019amalgame, dans l\u2019esprit de leurs sujets, entre leur pouvoir absolu et l\u2019autorit\u00e9 de l\u2019Etat. C\u2019est ce qui fait que les citoyens affranchis du joug de l\u2019autocratie, d\u00e9boulonnent, dans la foul\u00e9e, et par ignorance, ce qui logiquement devrait consacrer leur souverainet\u00e9, \u00e0 savoir l\u2019Etat.<\/p>\n<p>C\u2019est, d\u2019ailleurs, la situation dans laquelle nous vivons depuis ladite r\u00e9volution. Un non-Etat, qui chaque jour, apporte son lot de d\u00e9rapages incontr\u00f4l\u00e9s qui d\u00e9sagr\u00e8gent, \u00e0 petit feu, les acquis de la communaut\u00e9 et annihilent le pouvoir des institutions. Nous vivons dans une \u00e8re de brigandage tous azimuts o\u00f9 l\u2019espace public est devenu le lieu de toutes les transgressions de la loi, de tous les d\u00e9lits, de l\u2019impunit\u00e9 et de l\u2019immobilisme, voire de la l\u00e2chet\u00e9 des gouvernants.<\/p>\n<p>Bref, le monde du travail a \u00e9t\u00e9 l\u2019un des premiers \u00e0 avoir focalis\u00e9 le courroux et la contestation populaire. Et en dehors des mouvements tout \u00e0 fait l\u00e9gaux et trouvant leur pleine justification dans de longues ann\u00e9es de privation des droits les plus \u00e9l\u00e9mentaires des travailleurs, de nombreuses \u00ab\u00a0rebellions\u00a0\u00bb sont n\u00e9es \u00e7\u00e0 et l\u00e0 \u00e0 travers le pays. Sit in, gr\u00e8ves valid\u00e9e ou non valid\u00e9e par le syndicat, responsables \u00ab\u00a0d\u00e9gag\u00e9s\u00a0\u00bb sous pression de la foule, m\u00eame des ministres. Le ph\u00e9nom\u00e8ne, outre l\u2019aspect syndical, par ailleurs l\u00e9gitime, a plong\u00e9 le pays dans une sorte de paralysie de laquelle il peine, aujourd\u2019hui, \u00e0 sortir.<\/p>\n<p>L\u2019ann\u00e9e 2018, selon les statistiques recueillies par le minist\u00e8re des Affaires sociales, a apport\u00e9 un l\u00e9ger mieux, mais tout l\u00e9ger, avec le recul du nombre de journ\u00e9es de travail perdues dans nos contr\u00e9es, lequel passe de 144564 jours en 2017, \u00e0 116882 pour l\u2019ann\u00e9e \u00e9coul\u00e9e, soit une baisse de l\u2019ordre de 19%.Cela dit, ce repli ne signifie aucunement une am\u00e9lioration au niveau du climat social, \u00e9tant donn\u00e9 que l\u2019ann\u00e9e 2019 a vu d\u00e8s ses deux premiers mois des gr\u00e8ves d\u2019ampleur, dont principalement celle de la fonction publique qui concerne le plus gros contingent de travailleurs de ce pays, soit pr\u00e8s de 700 mille fonctionnaires.<br \/>\nToutefois, les accords conclus aussi bien dans le secteur public, la fonction publique, y compris les profs, ainsi que dans le secteur priv\u00e9, peuvent augurer d\u2019une ann\u00e9e moins mouvement\u00e9e que les pr\u00e9c\u00e9dentes, seulement le probl\u00e8me demeure entier tant que les responsables de l\u2019Etat, ou ce qui en reste, n\u2019auront pas r\u00e9solu le probl\u00e8me de l\u2019inflation et contr\u00f4l\u00e9 les flamb\u00e9es incessantes et endiabl\u00e9es des prix.<br \/>\nL\u2019\u00e9quation est fort simple\u00a0: plus le pouvoir d\u2019achat du citoyen d\u00e9p\u00e9rit, plus la contestation monte.<br \/>\nImed BEN HAMIDA<br \/>\nTunis-Hebdo du 18\/02\/2019<\/p>\n","protected":false},"excerpt":{"rendered":"<p>A la recherche du temps de travail perdu\u00a0!<\/p>\n","protected":false},"author":3222,"featured_media":296116,"comment_status":"open","ping_status":"closed","sticky":false,"template":"","format":"standard","meta":{"footnotes":""},"categories":[7653],"tags":[2600],"class_list":["post-173311","post","type-post","status-publish","format-standard","has-post-thumbnail","hentry","category-tunis-hebdo","tag-guerre"],"yoast_head":"<!-- This site is optimized with the Yoast SEO Premium plugin v27.4 (Yoast SEO v27.4) - https:\/\/yoast.com\/product\/yoast-seo-premium-wordpress\/ -->\n<title>A la recherche du temps de travail perdu\u00a0!<\/title>\n<meta name=\"description\" content=\"A la recherche du temps de travail perdu\u00a0!\" \/>\n<link rel=\"canonical\" href=\"https:\/\/www.webdo.tn\/fr\/actualite\/tunis-hebdo\/a-la-recherche-du-temps-de-travail-perdu\/173311\/\" \/>\n<meta property=\"og:locale\" content=\"fr_FR\" \/>\n<meta property=\"og:type\" content=\"article\" \/>\n<meta property=\"og:title\" content=\"A la recherche du temps de travail perdu\u00a0!\" \/>\n<meta property=\"og:description\" content=\"A la recherche du temps de travail perdu\u00a0!\" \/>\n<meta property=\"og:url\" content=\"https:\/\/www.webdo.tn\/fr\/actualite\/tunis-hebdo\/a-la-recherche-du-temps-de-travail-perdu\/173311\/\" \/>\n<meta property=\"og:site_name\" content=\"webdo\" \/>\n<meta property=\"article:publisher\" content=\"https:\/\/www.facebook.com\/webdotn\" \/>\n<meta property=\"article:published_time\" content=\"2019-02-20T11:46:00+00:00\" \/>\n<meta property=\"article:modified_time\" content=\"2025-05-18T23:04:31+00:00\" \/>\n<meta property=\"og:image\" content=\"https:\/\/www.webdo.tn\/fr\/wp-content\/uploads\/2019\/02\/benhamida1-18-2-2019-1024x823-1.jpg\" \/>\n\t<meta property=\"og:image:width\" content=\"1024\" \/>\n\t<meta property=\"og:image:height\" content=\"823\" \/>\n\t<meta property=\"og:image:type\" content=\"image\/jpeg\" \/>\n<meta name=\"author\" content=\"webdo.tn\" \/>\n<meta name=\"twitter:card\" content=\"summary_large_image\" \/>\n<meta name=\"twitter:creator\" content=\"@webdo_tn\" \/>\n<meta name=\"twitter:site\" content=\"@webdo_tn\" \/>\n<meta name=\"twitter:label1\" content=\"\u00c9crit par\" \/>\n\t<meta name=\"twitter:data1\" content=\"webdo.tn\" \/>\n\t<meta name=\"twitter:label2\" content=\"Dur\u00e9e de lecture estim\u00e9e\" \/>\n\t<meta name=\"twitter:data2\" content=\"3 minutes\" \/>\n<script type=\"application\/ld+json\" class=\"yoast-schema-graph\">{\"@context\":\"https:\\\/\\\/schema.org\",\"@graph\":[{\"@type\":\"NewsArticle\",\"@id\":\"https:\\\/\\\/www.webdo.tn\\\/fr\\\/actualite\\\/tunis-hebdo\\\/a-la-recherche-du-temps-de-travail-perdu\\\/173311\\\/#article\",\"isPartOf\":{\"@id\":\"https:\\\/\\\/www.webdo.tn\\\/fr\\\/actualite\\\/tunis-hebdo\\\/a-la-recherche-du-temps-de-travail-perdu\\\/173311\\\/\"},\"author\":{\"name\":\"webdo.tn\",\"@id\":\"https:\\\/\\\/www.webdo.tn\\\/fr\\\/#\\\/schema\\\/person\\\/9a9c6118d687c117df8ef3cc36a4d175\"},\"headline\":\"A la recherche du temps de travail perdu\u00a0!\",\"datePublished\":\"2019-02-20T11:46:00+00:00\",\"dateModified\":\"2025-05-18T23:04:31+00:00\",\"mainEntityOfPage\":{\"@id\":\"https:\\\/\\\/www.webdo.tn\\\/fr\\\/actualite\\\/tunis-hebdo\\\/a-la-recherche-du-temps-de-travail-perdu\\\/173311\\\/\"},\"wordCount\":543,\"commentCount\":0,\"publisher\":{\"@id\":\"https:\\\/\\\/www.webdo.tn\\\/fr\\\/#organization\"},\"image\":{\"@id\":\"https:\\\/\\\/www.webdo.tn\\\/fr\\\/actualite\\\/tunis-hebdo\\\/a-la-recherche-du-temps-de-travail-perdu\\\/173311\\\/#primaryimage\"},\"thumbnailUrl\":\"https:\\\/\\\/www.webdo.tn\\\/fr\\\/wp-content\\\/uploads\\\/2019\\\/02\\\/benhamida1-18-2-2019-1024x823-1.jpg\",\"keywords\":[\"guerre\"],\"articleSection\":[\"Tunis-Hebdo\"],\"inLanguage\":\"fr-FR\"},{\"@type\":\"WebPage\",\"@id\":\"https:\\\/\\\/www.webdo.tn\\\/fr\\\/actualite\\\/tunis-hebdo\\\/a-la-recherche-du-temps-de-travail-perdu\\\/173311\\\/\",\"url\":\"https:\\\/\\\/www.webdo.tn\\\/fr\\\/actualite\\\/tunis-hebdo\\\/a-la-recherche-du-temps-de-travail-perdu\\\/173311\\\/\",\"name\":\"A la recherche du temps de travail perdu\u00a0!\",\"isPartOf\":{\"@id\":\"https:\\\/\\\/www.webdo.tn\\\/fr\\\/#website\"},\"primaryImageOfPage\":{\"@id\":\"https:\\\/\\\/www.webdo.tn\\\/fr\\\/actualite\\\/tunis-hebdo\\\/a-la-recherche-du-temps-de-travail-perdu\\\/173311\\\/#primaryimage\"},\"image\":{\"@id\":\"https:\\\/\\\/www.webdo.tn\\\/fr\\\/actualite\\\/tunis-hebdo\\\/a-la-recherche-du-temps-de-travail-perdu\\\/173311\\\/#primaryimage\"},\"thumbnailUrl\":\"https:\\\/\\\/www.webdo.tn\\\/fr\\\/wp-content\\\/uploads\\\/2019\\\/02\\\/benhamida1-18-2-2019-1024x823-1.jpg\",\"datePublished\":\"2019-02-20T11:46:00+00:00\",\"dateModified\":\"2025-05-18T23:04:31+00:00\",\"description\":\"A la recherche du temps de travail perdu\u00a0!\",\"breadcrumb\":{\"@id\":\"https:\\\/\\\/www.webdo.tn\\\/fr\\\/actualite\\\/tunis-hebdo\\\/a-la-recherche-du-temps-de-travail-perdu\\\/173311\\\/#breadcrumb\"},\"inLanguage\":\"fr-FR\",\"potentialAction\":[{\"@type\":\"ReadAction\",\"target\":[\"https:\\\/\\\/www.webdo.tn\\\/fr\\\/actualite\\\/tunis-hebdo\\\/a-la-recherche-du-temps-de-travail-perdu\\\/173311\\\/\"]}]},{\"@type\":\"ImageObject\",\"inLanguage\":\"fr-FR\",\"@id\":\"https:\\\/\\\/www.webdo.tn\\\/fr\\\/actualite\\\/tunis-hebdo\\\/a-la-recherche-du-temps-de-travail-perdu\\\/173311\\\/#primaryimage\",\"url\":\"https:\\\/\\\/www.webdo.tn\\\/fr\\\/wp-content\\\/uploads\\\/2019\\\/02\\\/benhamida1-18-2-2019-1024x823-1.jpg\",\"contentUrl\":\"https:\\\/\\\/www.webdo.tn\\\/fr\\\/wp-content\\\/uploads\\\/2019\\\/02\\\/benhamida1-18-2-2019-1024x823-1.jpg\",\"width\":1024,\"height\":823,\"caption\":\"A la recherche du temps de travail perdu\u00a0!\"},{\"@type\":\"BreadcrumbList\",\"@id\":\"https:\\\/\\\/www.webdo.tn\\\/fr\\\/actualite\\\/tunis-hebdo\\\/a-la-recherche-du-temps-de-travail-perdu\\\/173311\\\/#breadcrumb\",\"itemListElement\":[{\"@type\":\"ListItem\",\"position\":1,\"name\":\"Accueil\",\"item\":\"https:\\\/\\\/www.webdo.tn\\\/fr\\\/\"},{\"@type\":\"ListItem\",\"position\":2,\"name\":\"A la recherche du temps de travail perdu\u00a0!\"}]},{\"@type\":\"WebSite\",\"@id\":\"https:\\\/\\\/www.webdo.tn\\\/fr\\\/#website\",\"url\":\"https:\\\/\\\/www.webdo.tn\\\/fr\\\/\",\"name\":\"webdo\",\"description\":\"Tunisie - News en Tunisie et \u00e0 l&#039;international sur Webdo.tn\",\"publisher\":{\"@id\":\"https:\\\/\\\/www.webdo.tn\\\/fr\\\/#organization\"},\"potentialAction\":[{\"@type\":\"SearchAction\",\"target\":{\"@type\":\"EntryPoint\",\"urlTemplate\":\"https:\\\/\\\/www.webdo.tn\\\/fr\\\/?s={search_term_string}\"},\"query-input\":{\"@type\":\"PropertyValueSpecification\",\"valueRequired\":true,\"valueName\":\"search_term_string\"}}],\"inLanguage\":\"fr-FR\"},{\"@type\":\"Organization\",\"@id\":\"https:\\\/\\\/www.webdo.tn\\\/fr\\\/#organization\",\"name\":\"Webdo\",\"alternateName\":\"Webdo.tn\",\"url\":\"https:\\\/\\\/www.webdo.tn\\\/fr\\\/\",\"logo\":{\"@type\":\"ImageObject\",\"inLanguage\":\"fr-FR\",\"@id\":\"https:\\\/\\\/www.webdo.tn\\\/fr\\\/#\\\/schema\\\/logo\\\/image\\\/\",\"url\":\"https:\\\/\\\/www.webdo.tn\\\/fr\\\/wp-content\\\/uploads\\\/2025\\\/06\\\/Webdo-Tunisie_168377.jpg\",\"contentUrl\":\"https:\\\/\\\/www.webdo.tn\\\/fr\\\/wp-content\\\/uploads\\\/2025\\\/06\\\/Webdo-Tunisie_168377.jpg\",\"width\":301,\"height\":301,\"caption\":\"Webdo\"},\"image\":{\"@id\":\"https:\\\/\\\/www.webdo.tn\\\/fr\\\/#\\\/schema\\\/logo\\\/image\\\/\"},\"sameAs\":[\"https:\\\/\\\/www.facebook.com\\\/webdotn\",\"https:\\\/\\\/x.com\\\/webdo_tn\"],\"description\":\"Webdo est un m\u00e9dia num\u00e9rique tunisien fond\u00e9 en 2010, sp\u00e9cialis\u00e9 dans l\u2019actualit\u00e9 nationale et internationale, l\u2019\u00e9conomie, la soci\u00e9t\u00e9 et les analyses politiques. Le site s\u2019adresse \u00e0 un large public francophone et couvre l\u2019information tunisienne en temps r\u00e9el.\",\"email\":\"redac@webdo.tn\",\"legalName\":\"YNJ SARL\",\"foundingDate\":\"2010-09-06\",\"numberOfEmployees\":{\"@type\":\"QuantitativeValue\",\"minValue\":\"11\",\"maxValue\":\"50\"}},{\"@type\":\"Person\",\"@id\":\"https:\\\/\\\/www.webdo.tn\\\/fr\\\/#\\\/schema\\\/person\\\/9a9c6118d687c117df8ef3cc36a4d175\",\"name\":\"webdo.tn\",\"image\":{\"@type\":\"ImageObject\",\"inLanguage\":\"fr-FR\",\"@id\":\"https:\\\/\\\/secure.gravatar.com\\\/avatar\\\/7ce1f28c0c3bbac99ff550b85ef8e44a6950c6ee24514fb6a5489e51d06f0298?s=96&d=mm&r=g\",\"url\":\"https:\\\/\\\/secure.gravatar.com\\\/avatar\\\/7ce1f28c0c3bbac99ff550b85ef8e44a6950c6ee24514fb6a5489e51d06f0298?s=96&d=mm&r=g\",\"contentUrl\":\"https:\\\/\\\/secure.gravatar.com\\\/avatar\\\/7ce1f28c0c3bbac99ff550b85ef8e44a6950c6ee24514fb6a5489e51d06f0298?s=96&d=mm&r=g\",\"caption\":\"webdo.tn\"},\"url\":\"https:\\\/\\\/www.webdo.tn\\\/fr\\\/actualite\\\/author\\\/webdotn\\\/\"}]}<\/script>\n<!-- \/ Yoast SEO Premium plugin. -->","yoast_head_json":{"title":"A la recherche du temps de travail perdu\u00a0!","description":"A la recherche du temps de travail perdu\u00a0!","canonical":"https:\/\/www.webdo.tn\/fr\/actualite\/tunis-hebdo\/a-la-recherche-du-temps-de-travail-perdu\/173311\/","og_locale":"fr_FR","og_type":"article","og_title":"A la recherche du temps de travail perdu\u00a0!","og_description":"A la recherche du temps de travail perdu\u00a0!","og_url":"https:\/\/www.webdo.tn\/fr\/actualite\/tunis-hebdo\/a-la-recherche-du-temps-de-travail-perdu\/173311\/","og_site_name":"webdo","article_publisher":"https:\/\/www.facebook.com\/webdotn","article_published_time":"2019-02-20T11:46:00+00:00","article_modified_time":"2025-05-18T23:04:31+00:00","og_image":[{"width":1024,"height":823,"url":"https:\/\/www.webdo.tn\/fr\/wp-content\/uploads\/2019\/02\/benhamida1-18-2-2019-1024x823-1.jpg","type":"image\/jpeg"}],"author":"webdo.tn","twitter_card":"summary_large_image","twitter_creator":"@webdo_tn","twitter_site":"@webdo_tn","twitter_misc":{"\u00c9crit par":"webdo.tn","Dur\u00e9e de lecture estim\u00e9e":"3 minutes"},"schema":{"@context":"https:\/\/schema.org","@graph":[{"@type":"NewsArticle","@id":"https:\/\/www.webdo.tn\/fr\/actualite\/tunis-hebdo\/a-la-recherche-du-temps-de-travail-perdu\/173311\/#article","isPartOf":{"@id":"https:\/\/www.webdo.tn\/fr\/actualite\/tunis-hebdo\/a-la-recherche-du-temps-de-travail-perdu\/173311\/"},"author":{"name":"webdo.tn","@id":"https:\/\/www.webdo.tn\/fr\/#\/schema\/person\/9a9c6118d687c117df8ef3cc36a4d175"},"headline":"A la recherche du temps de travail perdu\u00a0!","datePublished":"2019-02-20T11:46:00+00:00","dateModified":"2025-05-18T23:04:31+00:00","mainEntityOfPage":{"@id":"https:\/\/www.webdo.tn\/fr\/actualite\/tunis-hebdo\/a-la-recherche-du-temps-de-travail-perdu\/173311\/"},"wordCount":543,"commentCount":0,"publisher":{"@id":"https:\/\/www.webdo.tn\/fr\/#organization"},"image":{"@id":"https:\/\/www.webdo.tn\/fr\/actualite\/tunis-hebdo\/a-la-recherche-du-temps-de-travail-perdu\/173311\/#primaryimage"},"thumbnailUrl":"https:\/\/www.webdo.tn\/fr\/wp-content\/uploads\/2019\/02\/benhamida1-18-2-2019-1024x823-1.jpg","keywords":["guerre"],"articleSection":["Tunis-Hebdo"],"inLanguage":"fr-FR"},{"@type":"WebPage","@id":"https:\/\/www.webdo.tn\/fr\/actualite\/tunis-hebdo\/a-la-recherche-du-temps-de-travail-perdu\/173311\/","url":"https:\/\/www.webdo.tn\/fr\/actualite\/tunis-hebdo\/a-la-recherche-du-temps-de-travail-perdu\/173311\/","name":"A la recherche du temps de travail perdu\u00a0!","isPartOf":{"@id":"https:\/\/www.webdo.tn\/fr\/#website"},"primaryImageOfPage":{"@id":"https:\/\/www.webdo.tn\/fr\/actualite\/tunis-hebdo\/a-la-recherche-du-temps-de-travail-perdu\/173311\/#primaryimage"},"image":{"@id":"https:\/\/www.webdo.tn\/fr\/actualite\/tunis-hebdo\/a-la-recherche-du-temps-de-travail-perdu\/173311\/#primaryimage"},"thumbnailUrl":"https:\/\/www.webdo.tn\/fr\/wp-content\/uploads\/2019\/02\/benhamida1-18-2-2019-1024x823-1.jpg","datePublished":"2019-02-20T11:46:00+00:00","dateModified":"2025-05-18T23:04:31+00:00","description":"A la recherche du temps de travail perdu\u00a0!","breadcrumb":{"@id":"https:\/\/www.webdo.tn\/fr\/actualite\/tunis-hebdo\/a-la-recherche-du-temps-de-travail-perdu\/173311\/#breadcrumb"},"inLanguage":"fr-FR","potentialAction":[{"@type":"ReadAction","target":["https:\/\/www.webdo.tn\/fr\/actualite\/tunis-hebdo\/a-la-recherche-du-temps-de-travail-perdu\/173311\/"]}]},{"@type":"ImageObject","inLanguage":"fr-FR","@id":"https:\/\/www.webdo.tn\/fr\/actualite\/tunis-hebdo\/a-la-recherche-du-temps-de-travail-perdu\/173311\/#primaryimage","url":"https:\/\/www.webdo.tn\/fr\/wp-content\/uploads\/2019\/02\/benhamida1-18-2-2019-1024x823-1.jpg","contentUrl":"https:\/\/www.webdo.tn\/fr\/wp-content\/uploads\/2019\/02\/benhamida1-18-2-2019-1024x823-1.jpg","width":1024,"height":823,"caption":"A la recherche du temps de travail perdu\u00a0!"},{"@type":"BreadcrumbList","@id":"https:\/\/www.webdo.tn\/fr\/actualite\/tunis-hebdo\/a-la-recherche-du-temps-de-travail-perdu\/173311\/#breadcrumb","itemListElement":[{"@type":"ListItem","position":1,"name":"Accueil","item":"https:\/\/www.webdo.tn\/fr\/"},{"@type":"ListItem","position":2,"name":"A la recherche du temps de travail perdu\u00a0!"}]},{"@type":"WebSite","@id":"https:\/\/www.webdo.tn\/fr\/#website","url":"https:\/\/www.webdo.tn\/fr\/","name":"webdo","description":"Tunisie - News en Tunisie et \u00e0 l&#039;international sur Webdo.tn","publisher":{"@id":"https:\/\/www.webdo.tn\/fr\/#organization"},"potentialAction":[{"@type":"SearchAction","target":{"@type":"EntryPoint","urlTemplate":"https:\/\/www.webdo.tn\/fr\/?s={search_term_string}"},"query-input":{"@type":"PropertyValueSpecification","valueRequired":true,"valueName":"search_term_string"}}],"inLanguage":"fr-FR"},{"@type":"Organization","@id":"https:\/\/www.webdo.tn\/fr\/#organization","name":"Webdo","alternateName":"Webdo.tn","url":"https:\/\/www.webdo.tn\/fr\/","logo":{"@type":"ImageObject","inLanguage":"fr-FR","@id":"https:\/\/www.webdo.tn\/fr\/#\/schema\/logo\/image\/","url":"https:\/\/www.webdo.tn\/fr\/wp-content\/uploads\/2025\/06\/Webdo-Tunisie_168377.jpg","contentUrl":"https:\/\/www.webdo.tn\/fr\/wp-content\/uploads\/2025\/06\/Webdo-Tunisie_168377.jpg","width":301,"height":301,"caption":"Webdo"},"image":{"@id":"https:\/\/www.webdo.tn\/fr\/#\/schema\/logo\/image\/"},"sameAs":["https:\/\/www.facebook.com\/webdotn","https:\/\/x.com\/webdo_tn"],"description":"Webdo est un m\u00e9dia num\u00e9rique tunisien fond\u00e9 en 2010, sp\u00e9cialis\u00e9 dans l\u2019actualit\u00e9 nationale et internationale, l\u2019\u00e9conomie, la soci\u00e9t\u00e9 et les analyses politiques. Le site s\u2019adresse \u00e0 un large public francophone et couvre l\u2019information tunisienne en temps r\u00e9el.","email":"redac@webdo.tn","legalName":"YNJ SARL","foundingDate":"2010-09-06","numberOfEmployees":{"@type":"QuantitativeValue","minValue":"11","maxValue":"50"}},{"@type":"Person","@id":"https:\/\/www.webdo.tn\/fr\/#\/schema\/person\/9a9c6118d687c117df8ef3cc36a4d175","name":"webdo.tn","image":{"@type":"ImageObject","inLanguage":"fr-FR","@id":"https:\/\/secure.gravatar.com\/avatar\/7ce1f28c0c3bbac99ff550b85ef8e44a6950c6ee24514fb6a5489e51d06f0298?s=96&d=mm&r=g","url":"https:\/\/secure.gravatar.com\/avatar\/7ce1f28c0c3bbac99ff550b85ef8e44a6950c6ee24514fb6a5489e51d06f0298?s=96&d=mm&r=g","contentUrl":"https:\/\/secure.gravatar.com\/avatar\/7ce1f28c0c3bbac99ff550b85ef8e44a6950c6ee24514fb6a5489e51d06f0298?s=96&d=mm&r=g","caption":"webdo.tn"},"url":"https:\/\/www.webdo.tn\/fr\/actualite\/author\/webdotn\/"}]}},"_links":{"self":[{"href":"https:\/\/www.webdo.tn\/fr\/wp-json\/wp\/v2\/posts\/173311","targetHints":{"allow":["GET"]}}],"collection":[{"href":"https:\/\/www.webdo.tn\/fr\/wp-json\/wp\/v2\/posts"}],"about":[{"href":"https:\/\/www.webdo.tn\/fr\/wp-json\/wp\/v2\/types\/post"}],"author":[{"embeddable":true,"href":"https:\/\/www.webdo.tn\/fr\/wp-json\/wp\/v2\/users\/3222"}],"replies":[{"embeddable":true,"href":"https:\/\/www.webdo.tn\/fr\/wp-json\/wp\/v2\/comments?post=173311"}],"version-history":[{"count":0,"href":"https:\/\/www.webdo.tn\/fr\/wp-json\/wp\/v2\/posts\/173311\/revisions"}],"wp:featuredmedia":[{"embeddable":true,"href":"https:\/\/www.webdo.tn\/fr\/wp-json\/wp\/v2\/media\/296116"}],"wp:attachment":[{"href":"https:\/\/www.webdo.tn\/fr\/wp-json\/wp\/v2\/media?parent=173311"}],"wp:term":[{"taxonomy":"category","embeddable":true,"href":"https:\/\/www.webdo.tn\/fr\/wp-json\/wp\/v2\/categories?post=173311"},{"taxonomy":"post_tag","embeddable":true,"href":"https:\/\/www.webdo.tn\/fr\/wp-json\/wp\/v2\/tags?post=173311"}],"curies":[{"name":"wp","href":"https:\/\/api.w.org\/{rel}","templated":true}]}}