{"id":173100,"date":"2011-01-25T22:26:00","date_gmt":"2011-01-25T22:26:00","guid":{"rendered":"https:\/\/www.webdo.tn\/fr\/actualite\/blog\/la-revolution-tunisienne-au-bord-du-nil-gueddafi-change-de-ton\/173100\/"},"modified":"2011-01-25T22:26:00","modified_gmt":"2011-01-25T22:26:00","slug":"la-revolution-tunisienne-au-bord-du-nil-gueddafi-change-de-ton","status":"publish","type":"post","link":"https:\/\/www.webdo.tn\/fr\/actualite\/national\/la-revolution-tunisienne-au-bord-du-nil-gueddafi-change-de-ton\/173100\/","title":{"rendered":"La r\u00e9volution tunisienne au bord du Nil: Gueddafi change de ton"},"content":{"rendered":"<p>Il y a dix jours, le dirigeant libyen Mouammar\u00a0Gueddafi avait prof\u00e9r\u00e9 dans un discours, au lendemain de la chute de Ben Ali, des propos choquants \u00e0 l&rsquo;\u00e9gard du peuple tunisien, o\u00f9 il les avait accus\u00e9s d&rsquo;avoir \u00ab\u202fplong\u00e9 le pays dans un chaos dont on ne voit pas la fin\u202f\u00bb et cela, \u00ab\u202fpar manque de patience&#8230; Ben Ali vous a dit qu\u2019il partirait dans trois ans, pourquoi n\u2019avoir pas patient\u00e9\u2009? Il n\u2019y a pas mieux que Zine pour gouverner la Tunisie. Pour moi, il est toujours le pr\u00e9sident et son mandat doit durer jusqu\u2019\u00e0 la fin.\u202f\u00bb<\/p>\n<p>Aujourd&rsquo;hui dans une interview accord\u00e9e \u00e0 Nesma TV, Gueddafi change de discours et affirme qu&rsquo;il est naturellement avec le peuple tunisien. Quant aux propos du 15 janvier, il voulait en fait montrer au peuple tunisien son appr\u00e9hension que ce dernier soit la proie de forces ext\u00e9rieures.<br \/>\n\u00c0 la question de savoir si la fronti\u00e8re libyenne resterait ouverte aux tunisiens, il a r\u00e9pondu que cela \u00e9tait \u00e9vident vu les relations continues que les deux peuples voisins entretiennent.<\/p>\n<p>Gueddafi comme Ben Ali, sont des militaires qui ont acc\u00e9d\u00e9 au pouvoir par un coup d&rsquo;\u00e9tat. Alors que Ben Ali est rest\u00e9 23 ans \u00e0 la pr\u00e9sidence de la Tunisie, Gueddafi est encore \u00e0 la t\u00eate de la Libye et ce, depuis quarante-et-un ans.<\/p>\n<p>Ce virement de bord dans le discours de Gueddafi \u00e0 propos de la Tunisie est justifi\u00e9 par la peur de la contagion de la r\u00e9volution tunisienne \u00e0 d\u2019autres pays arabes et voisins.<\/p>\n<p>Et pour cause, la libye se retrouve d\u00e9sormais entre une nouvelle Tunisie qui est parvenue \u00e0 renverser son dictateur et le pays du Nil qui aujourd&rsquo;hui, \u00e0 coups de milliers de manifestants, r\u00e9clame le d\u00e9part de son pr\u00e9sident Hosni Moubarak.<\/p>\n","protected":false},"excerpt":{"rendered":"<p>La r\u00e9volution tunisienne au bord du Nil: Gueddafi change de ton <\/p>\n","protected":false},"author":3222,"featured_media":365660,"comment_status":"open","ping_status":"closed","sticky":false,"template":"","format":"standard","meta":{"footnotes":""},"categories":[44],"tags":[],"class_list":["post-173100","post","type-post","status-publish","format-standard","has-post-thumbnail","hentry","category-national"],"yoast_head":"<!-- This site is optimized with the Yoast SEO Premium plugin v27.4 (Yoast SEO v27.4) - https:\/\/yoast.com\/product\/yoast-seo-premium-wordpress\/ -->\n<title>La r\u00e9volution tunisienne au bord du Nil: Gueddafi change de ton<\/title>\n<meta name=\"description\" content=\"La r\u00e9volution tunisienne au bord du Nil: Gueddafi change de ton\" \/>\n<link rel=\"canonical\" href=\"https:\/\/www.webdo.tn\/fr\/actualite\/national\/la-revolution-tunisienne-au-bord-du-nil-gueddafi-change-de-ton\/173100\/\" \/>\n<meta property=\"og:locale\" content=\"fr_FR\" \/>\n<meta property=\"og:type\" content=\"article\" \/>\n<meta property=\"og:title\" content=\"La r\u00e9volution tunisienne au bord du Nil: Gueddafi change de ton\" \/>\n<meta property=\"og:description\" content=\"La r\u00e9volution tunisienne au bord du Nil: Gueddafi change de ton\" \/>\n<meta property=\"og:url\" content=\"https:\/\/www.webdo.tn\/fr\/actualite\/national\/la-revolution-tunisienne-au-bord-du-nil-gueddafi-change-de-ton\/173100\/\" \/>\n<meta property=\"og:site_name\" content=\"webdo\" \/>\n<meta property=\"article:publisher\" content=\"https:\/\/www.facebook.com\/webdotn\" \/>\n<meta property=\"article:published_time\" content=\"2011-01-25T22:26:00+00:00\" \/>\n<meta property=\"og:image\" content=\"https:\/\/www.webdo.tn\/fr\/wp-content\/uploads\/2011\/01\/Le-dirigeant-libyen-MouC3A2mmar-Kadhafi.jpeg\" \/>\n\t<meta property=\"og:image:width\" content=\"468\" \/>\n\t<meta property=\"og:image:height\" content=\"353\" \/>\n\t<meta property=\"og:image:type\" content=\"image\/jpeg\" \/>\n<meta name=\"author\" content=\"webdo.tn\" \/>\n<meta name=\"twitter:card\" content=\"summary_large_image\" \/>\n<meta name=\"twitter:creator\" content=\"@webdo_tn\" \/>\n<meta name=\"twitter:site\" content=\"@webdo_tn\" \/>\n<meta name=\"twitter:label1\" content=\"\u00c9crit par\" \/>\n\t<meta name=\"twitter:data1\" content=\"webdo.tn\" \/>\n\t<meta name=\"twitter:label2\" content=\"Dur\u00e9e de lecture estim\u00e9e\" \/>\n\t<meta name=\"twitter:data2\" content=\"1 minute\" \/>\n<script type=\"application\/ld+json\" class=\"yoast-schema-graph\">{\"@context\":\"https:\\\/\\\/schema.org\",\"@graph\":[{\"@type\":\"NewsArticle\",\"@id\":\"https:\\\/\\\/www.webdo.tn\\\/fr\\\/actualite\\\/national\\\/la-revolution-tunisienne-au-bord-du-nil-gueddafi-change-de-ton\\\/173100\\\/#article\",\"isPartOf\":{\"@id\":\"https:\\\/\\\/www.webdo.tn\\\/fr\\\/actualite\\\/national\\\/la-revolution-tunisienne-au-bord-du-nil-gueddafi-change-de-ton\\\/173100\\\/\"},\"author\":{\"name\":\"webdo.tn\",\"@id\":\"https:\\\/\\\/www.webdo.tn\\\/fr\\\/#\\\/schema\\\/person\\\/9a9c6118d687c117df8ef3cc36a4d175\"},\"headline\":\"La r\u00e9volution tunisienne au bord du Nil: Gueddafi change de ton\",\"datePublished\":\"2011-01-25T22:26:00+00:00\",\"mainEntityOfPage\":{\"@id\":\"https:\\\/\\\/www.webdo.tn\\\/fr\\\/actualite\\\/national\\\/la-revolution-tunisienne-au-bord-du-nil-gueddafi-change-de-ton\\\/173100\\\/\"},\"wordCount\":315,\"commentCount\":0,\"publisher\":{\"@id\":\"https:\\\/\\\/www.webdo.tn\\\/fr\\\/#organization\"},\"image\":{\"@id\":\"https:\\\/\\\/www.webdo.tn\\\/fr\\\/actualite\\\/national\\\/la-revolution-tunisienne-au-bord-du-nil-gueddafi-change-de-ton\\\/173100\\\/#primaryimage\"},\"thumbnailUrl\":\"https:\\\/\\\/www.webdo.tn\\\/fr\\\/wp-content\\\/uploads\\\/2011\\\/01\\\/Le-dirigeant-libyen-MouC3A2mmar-Kadhafi.jpeg\",\"articleSection\":[\"National\"],\"inLanguage\":\"fr-FR\"},{\"@type\":\"WebPage\",\"@id\":\"https:\\\/\\\/www.webdo.tn\\\/fr\\\/actualite\\\/national\\\/la-revolution-tunisienne-au-bord-du-nil-gueddafi-change-de-ton\\\/173100\\\/\",\"url\":\"https:\\\/\\\/www.webdo.tn\\\/fr\\\/actualite\\\/national\\\/la-revolution-tunisienne-au-bord-du-nil-gueddafi-change-de-ton\\\/173100\\\/\",\"name\":\"La r\u00e9volution tunisienne au bord du Nil: Gueddafi change de ton\",\"isPartOf\":{\"@id\":\"https:\\\/\\\/www.webdo.tn\\\/fr\\\/#website\"},\"primaryImageOfPage\":{\"@id\":\"https:\\\/\\\/www.webdo.tn\\\/fr\\\/actualite\\\/national\\\/la-revolution-tunisienne-au-bord-du-nil-gueddafi-change-de-ton\\\/173100\\\/#primaryimage\"},\"image\":{\"@id\":\"https:\\\/\\\/www.webdo.tn\\\/fr\\\/actualite\\\/national\\\/la-revolution-tunisienne-au-bord-du-nil-gueddafi-change-de-ton\\\/173100\\\/#primaryimage\"},\"thumbnailUrl\":\"https:\\\/\\\/www.webdo.tn\\\/fr\\\/wp-content\\\/uploads\\\/2011\\\/01\\\/Le-dirigeant-libyen-MouC3A2mmar-Kadhafi.jpeg\",\"datePublished\":\"2011-01-25T22:26:00+00:00\",\"description\":\"La r\u00e9volution tunisienne au bord du Nil: Gueddafi change de ton\",\"breadcrumb\":{\"@id\":\"https:\\\/\\\/www.webdo.tn\\\/fr\\\/actualite\\\/national\\\/la-revolution-tunisienne-au-bord-du-nil-gueddafi-change-de-ton\\\/173100\\\/#breadcrumb\"},\"inLanguage\":\"fr-FR\",\"potentialAction\":[{\"@type\":\"ReadAction\",\"target\":[\"https:\\\/\\\/www.webdo.tn\\\/fr\\\/actualite\\\/national\\\/la-revolution-tunisienne-au-bord-du-nil-gueddafi-change-de-ton\\\/173100\\\/\"]}]},{\"@type\":\"ImageObject\",\"inLanguage\":\"fr-FR\",\"@id\":\"https:\\\/\\\/www.webdo.tn\\\/fr\\\/actualite\\\/national\\\/la-revolution-tunisienne-au-bord-du-nil-gueddafi-change-de-ton\\\/173100\\\/#primaryimage\",\"url\":\"https:\\\/\\\/www.webdo.tn\\\/fr\\\/wp-content\\\/uploads\\\/2011\\\/01\\\/Le-dirigeant-libyen-MouC3A2mmar-Kadhafi.jpeg\",\"contentUrl\":\"https:\\\/\\\/www.webdo.tn\\\/fr\\\/wp-content\\\/uploads\\\/2011\\\/01\\\/Le-dirigeant-libyen-MouC3A2mmar-Kadhafi.jpeg\",\"width\":468,\"height\":353,\"caption\":\"La r\u00e9volution tunisienne au bord du Nil: Gueddafi change de ton\"},{\"@type\":\"BreadcrumbList\",\"@id\":\"https:\\\/\\\/www.webdo.tn\\\/fr\\\/actualite\\\/national\\\/la-revolution-tunisienne-au-bord-du-nil-gueddafi-change-de-ton\\\/173100\\\/#breadcrumb\",\"itemListElement\":[{\"@type\":\"ListItem\",\"position\":1,\"name\":\"Accueil\",\"item\":\"https:\\\/\\\/www.webdo.tn\\\/fr\\\/\"},{\"@type\":\"ListItem\",\"position\":2,\"name\":\"La r\u00e9volution tunisienne au bord du Nil: Gueddafi change de ton\"}]},{\"@type\":\"WebSite\",\"@id\":\"https:\\\/\\\/www.webdo.tn\\\/fr\\\/#website\",\"url\":\"https:\\\/\\\/www.webdo.tn\\\/fr\\\/\",\"name\":\"webdo\",\"description\":\"Tunisie - News en Tunisie et \u00e0 l&#039;international sur Webdo.tn\",\"publisher\":{\"@id\":\"https:\\\/\\\/www.webdo.tn\\\/fr\\\/#organization\"},\"potentialAction\":[{\"@type\":\"SearchAction\",\"target\":{\"@type\":\"EntryPoint\",\"urlTemplate\":\"https:\\\/\\\/www.webdo.tn\\\/fr\\\/?s={search_term_string}\"},\"query-input\":{\"@type\":\"PropertyValueSpecification\",\"valueRequired\":true,\"valueName\":\"search_term_string\"}}],\"inLanguage\":\"fr-FR\"},{\"@type\":\"Organization\",\"@id\":\"https:\\\/\\\/www.webdo.tn\\\/fr\\\/#organization\",\"name\":\"Webdo\",\"alternateName\":\"Webdo.tn\",\"url\":\"https:\\\/\\\/www.webdo.tn\\\/fr\\\/\",\"logo\":{\"@type\":\"ImageObject\",\"inLanguage\":\"fr-FR\",\"@id\":\"https:\\\/\\\/www.webdo.tn\\\/fr\\\/#\\\/schema\\\/logo\\\/image\\\/\",\"url\":\"https:\\\/\\\/www.webdo.tn\\\/fr\\\/wp-content\\\/uploads\\\/2025\\\/06\\\/Webdo-Tunisie_168377.jpg\",\"contentUrl\":\"https:\\\/\\\/www.webdo.tn\\\/fr\\\/wp-content\\\/uploads\\\/2025\\\/06\\\/Webdo-Tunisie_168377.jpg\",\"width\":301,\"height\":301,\"caption\":\"Webdo\"},\"image\":{\"@id\":\"https:\\\/\\\/www.webdo.tn\\\/fr\\\/#\\\/schema\\\/logo\\\/image\\\/\"},\"sameAs\":[\"https:\\\/\\\/www.facebook.com\\\/webdotn\",\"https:\\\/\\\/x.com\\\/webdo_tn\"],\"description\":\"Webdo est un m\u00e9dia num\u00e9rique tunisien fond\u00e9 en 2010, sp\u00e9cialis\u00e9 dans l\u2019actualit\u00e9 nationale et internationale, l\u2019\u00e9conomie, la soci\u00e9t\u00e9 et les analyses politiques. Le site s\u2019adresse \u00e0 un large public francophone et couvre l\u2019information tunisienne en temps r\u00e9el.\",\"email\":\"redac@webdo.tn\",\"legalName\":\"YNJ SARL\",\"foundingDate\":\"2010-09-06\",\"numberOfEmployees\":{\"@type\":\"QuantitativeValue\",\"minValue\":\"11\",\"maxValue\":\"50\"}},{\"@type\":\"Person\",\"@id\":\"https:\\\/\\\/www.webdo.tn\\\/fr\\\/#\\\/schema\\\/person\\\/9a9c6118d687c117df8ef3cc36a4d175\",\"name\":\"webdo.tn\",\"image\":{\"@type\":\"ImageObject\",\"inLanguage\":\"fr-FR\",\"@id\":\"https:\\\/\\\/secure.gravatar.com\\\/avatar\\\/7ce1f28c0c3bbac99ff550b85ef8e44a6950c6ee24514fb6a5489e51d06f0298?s=96&d=mm&r=g\",\"url\":\"https:\\\/\\\/secure.gravatar.com\\\/avatar\\\/7ce1f28c0c3bbac99ff550b85ef8e44a6950c6ee24514fb6a5489e51d06f0298?s=96&d=mm&r=g\",\"contentUrl\":\"https:\\\/\\\/secure.gravatar.com\\\/avatar\\\/7ce1f28c0c3bbac99ff550b85ef8e44a6950c6ee24514fb6a5489e51d06f0298?s=96&d=mm&r=g\",\"caption\":\"webdo.tn\"},\"url\":\"https:\\\/\\\/www.webdo.tn\\\/fr\\\/actualite\\\/author\\\/webdotn\\\/\"}]}<\/script>\n<!-- \/ Yoast SEO Premium plugin. -->","yoast_head_json":{"title":"La r\u00e9volution tunisienne au bord du Nil: Gueddafi change de ton","description":"La r\u00e9volution tunisienne au bord du Nil: Gueddafi change de ton","canonical":"https:\/\/www.webdo.tn\/fr\/actualite\/national\/la-revolution-tunisienne-au-bord-du-nil-gueddafi-change-de-ton\/173100\/","og_locale":"fr_FR","og_type":"article","og_title":"La r\u00e9volution tunisienne au bord du Nil: Gueddafi change de ton","og_description":"La r\u00e9volution tunisienne au bord du Nil: Gueddafi change de ton","og_url":"https:\/\/www.webdo.tn\/fr\/actualite\/national\/la-revolution-tunisienne-au-bord-du-nil-gueddafi-change-de-ton\/173100\/","og_site_name":"webdo","article_publisher":"https:\/\/www.facebook.com\/webdotn","article_published_time":"2011-01-25T22:26:00+00:00","og_image":[{"width":468,"height":353,"url":"https:\/\/www.webdo.tn\/fr\/wp-content\/uploads\/2011\/01\/Le-dirigeant-libyen-MouC3A2mmar-Kadhafi.jpeg","type":"image\/jpeg"}],"author":"webdo.tn","twitter_card":"summary_large_image","twitter_creator":"@webdo_tn","twitter_site":"@webdo_tn","twitter_misc":{"\u00c9crit par":"webdo.tn","Dur\u00e9e de lecture estim\u00e9e":"1 minute"},"schema":{"@context":"https:\/\/schema.org","@graph":[{"@type":"NewsArticle","@id":"https:\/\/www.webdo.tn\/fr\/actualite\/national\/la-revolution-tunisienne-au-bord-du-nil-gueddafi-change-de-ton\/173100\/#article","isPartOf":{"@id":"https:\/\/www.webdo.tn\/fr\/actualite\/national\/la-revolution-tunisienne-au-bord-du-nil-gueddafi-change-de-ton\/173100\/"},"author":{"name":"webdo.tn","@id":"https:\/\/www.webdo.tn\/fr\/#\/schema\/person\/9a9c6118d687c117df8ef3cc36a4d175"},"headline":"La r\u00e9volution tunisienne au bord du Nil: Gueddafi change de ton","datePublished":"2011-01-25T22:26:00+00:00","mainEntityOfPage":{"@id":"https:\/\/www.webdo.tn\/fr\/actualite\/national\/la-revolution-tunisienne-au-bord-du-nil-gueddafi-change-de-ton\/173100\/"},"wordCount":315,"commentCount":0,"publisher":{"@id":"https:\/\/www.webdo.tn\/fr\/#organization"},"image":{"@id":"https:\/\/www.webdo.tn\/fr\/actualite\/national\/la-revolution-tunisienne-au-bord-du-nil-gueddafi-change-de-ton\/173100\/#primaryimage"},"thumbnailUrl":"https:\/\/www.webdo.tn\/fr\/wp-content\/uploads\/2011\/01\/Le-dirigeant-libyen-MouC3A2mmar-Kadhafi.jpeg","articleSection":["National"],"inLanguage":"fr-FR"},{"@type":"WebPage","@id":"https:\/\/www.webdo.tn\/fr\/actualite\/national\/la-revolution-tunisienne-au-bord-du-nil-gueddafi-change-de-ton\/173100\/","url":"https:\/\/www.webdo.tn\/fr\/actualite\/national\/la-revolution-tunisienne-au-bord-du-nil-gueddafi-change-de-ton\/173100\/","name":"La r\u00e9volution tunisienne au bord du Nil: Gueddafi change de ton","isPartOf":{"@id":"https:\/\/www.webdo.tn\/fr\/#website"},"primaryImageOfPage":{"@id":"https:\/\/www.webdo.tn\/fr\/actualite\/national\/la-revolution-tunisienne-au-bord-du-nil-gueddafi-change-de-ton\/173100\/#primaryimage"},"image":{"@id":"https:\/\/www.webdo.tn\/fr\/actualite\/national\/la-revolution-tunisienne-au-bord-du-nil-gueddafi-change-de-ton\/173100\/#primaryimage"},"thumbnailUrl":"https:\/\/www.webdo.tn\/fr\/wp-content\/uploads\/2011\/01\/Le-dirigeant-libyen-MouC3A2mmar-Kadhafi.jpeg","datePublished":"2011-01-25T22:26:00+00:00","description":"La r\u00e9volution tunisienne au bord du Nil: Gueddafi change de ton","breadcrumb":{"@id":"https:\/\/www.webdo.tn\/fr\/actualite\/national\/la-revolution-tunisienne-au-bord-du-nil-gueddafi-change-de-ton\/173100\/#breadcrumb"},"inLanguage":"fr-FR","potentialAction":[{"@type":"ReadAction","target":["https:\/\/www.webdo.tn\/fr\/actualite\/national\/la-revolution-tunisienne-au-bord-du-nil-gueddafi-change-de-ton\/173100\/"]}]},{"@type":"ImageObject","inLanguage":"fr-FR","@id":"https:\/\/www.webdo.tn\/fr\/actualite\/national\/la-revolution-tunisienne-au-bord-du-nil-gueddafi-change-de-ton\/173100\/#primaryimage","url":"https:\/\/www.webdo.tn\/fr\/wp-content\/uploads\/2011\/01\/Le-dirigeant-libyen-MouC3A2mmar-Kadhafi.jpeg","contentUrl":"https:\/\/www.webdo.tn\/fr\/wp-content\/uploads\/2011\/01\/Le-dirigeant-libyen-MouC3A2mmar-Kadhafi.jpeg","width":468,"height":353,"caption":"La r\u00e9volution tunisienne au bord du Nil: Gueddafi change de ton"},{"@type":"BreadcrumbList","@id":"https:\/\/www.webdo.tn\/fr\/actualite\/national\/la-revolution-tunisienne-au-bord-du-nil-gueddafi-change-de-ton\/173100\/#breadcrumb","itemListElement":[{"@type":"ListItem","position":1,"name":"Accueil","item":"https:\/\/www.webdo.tn\/fr\/"},{"@type":"ListItem","position":2,"name":"La r\u00e9volution tunisienne au bord du Nil: Gueddafi change de ton"}]},{"@type":"WebSite","@id":"https:\/\/www.webdo.tn\/fr\/#website","url":"https:\/\/www.webdo.tn\/fr\/","name":"webdo","description":"Tunisie - News en Tunisie et \u00e0 l&#039;international sur Webdo.tn","publisher":{"@id":"https:\/\/www.webdo.tn\/fr\/#organization"},"potentialAction":[{"@type":"SearchAction","target":{"@type":"EntryPoint","urlTemplate":"https:\/\/www.webdo.tn\/fr\/?s={search_term_string}"},"query-input":{"@type":"PropertyValueSpecification","valueRequired":true,"valueName":"search_term_string"}}],"inLanguage":"fr-FR"},{"@type":"Organization","@id":"https:\/\/www.webdo.tn\/fr\/#organization","name":"Webdo","alternateName":"Webdo.tn","url":"https:\/\/www.webdo.tn\/fr\/","logo":{"@type":"ImageObject","inLanguage":"fr-FR","@id":"https:\/\/www.webdo.tn\/fr\/#\/schema\/logo\/image\/","url":"https:\/\/www.webdo.tn\/fr\/wp-content\/uploads\/2025\/06\/Webdo-Tunisie_168377.jpg","contentUrl":"https:\/\/www.webdo.tn\/fr\/wp-content\/uploads\/2025\/06\/Webdo-Tunisie_168377.jpg","width":301,"height":301,"caption":"Webdo"},"image":{"@id":"https:\/\/www.webdo.tn\/fr\/#\/schema\/logo\/image\/"},"sameAs":["https:\/\/www.facebook.com\/webdotn","https:\/\/x.com\/webdo_tn"],"description":"Webdo est un m\u00e9dia num\u00e9rique tunisien fond\u00e9 en 2010, sp\u00e9cialis\u00e9 dans l\u2019actualit\u00e9 nationale et internationale, l\u2019\u00e9conomie, la soci\u00e9t\u00e9 et les analyses politiques. Le site s\u2019adresse \u00e0 un large public francophone et couvre l\u2019information tunisienne en temps r\u00e9el.","email":"redac@webdo.tn","legalName":"YNJ SARL","foundingDate":"2010-09-06","numberOfEmployees":{"@type":"QuantitativeValue","minValue":"11","maxValue":"50"}},{"@type":"Person","@id":"https:\/\/www.webdo.tn\/fr\/#\/schema\/person\/9a9c6118d687c117df8ef3cc36a4d175","name":"webdo.tn","image":{"@type":"ImageObject","inLanguage":"fr-FR","@id":"https:\/\/secure.gravatar.com\/avatar\/7ce1f28c0c3bbac99ff550b85ef8e44a6950c6ee24514fb6a5489e51d06f0298?s=96&d=mm&r=g","url":"https:\/\/secure.gravatar.com\/avatar\/7ce1f28c0c3bbac99ff550b85ef8e44a6950c6ee24514fb6a5489e51d06f0298?s=96&d=mm&r=g","contentUrl":"https:\/\/secure.gravatar.com\/avatar\/7ce1f28c0c3bbac99ff550b85ef8e44a6950c6ee24514fb6a5489e51d06f0298?s=96&d=mm&r=g","caption":"webdo.tn"},"url":"https:\/\/www.webdo.tn\/fr\/actualite\/author\/webdotn\/"}]}},"_links":{"self":[{"href":"https:\/\/www.webdo.tn\/fr\/wp-json\/wp\/v2\/posts\/173100","targetHints":{"allow":["GET"]}}],"collection":[{"href":"https:\/\/www.webdo.tn\/fr\/wp-json\/wp\/v2\/posts"}],"about":[{"href":"https:\/\/www.webdo.tn\/fr\/wp-json\/wp\/v2\/types\/post"}],"author":[{"embeddable":true,"href":"https:\/\/www.webdo.tn\/fr\/wp-json\/wp\/v2\/users\/3222"}],"replies":[{"embeddable":true,"href":"https:\/\/www.webdo.tn\/fr\/wp-json\/wp\/v2\/comments?post=173100"}],"version-history":[{"count":0,"href":"https:\/\/www.webdo.tn\/fr\/wp-json\/wp\/v2\/posts\/173100\/revisions"}],"wp:featuredmedia":[{"embeddable":true,"href":"https:\/\/www.webdo.tn\/fr\/wp-json\/wp\/v2\/media\/365660"}],"wp:attachment":[{"href":"https:\/\/www.webdo.tn\/fr\/wp-json\/wp\/v2\/media?parent=173100"}],"wp:term":[{"taxonomy":"category","embeddable":true,"href":"https:\/\/www.webdo.tn\/fr\/wp-json\/wp\/v2\/categories?post=173100"},{"taxonomy":"post_tag","embeddable":true,"href":"https:\/\/www.webdo.tn\/fr\/wp-json\/wp\/v2\/tags?post=173100"}],"curies":[{"name":"wp","href":"https:\/\/api.w.org\/{rel}","templated":true}]}}