{"id":173098,"date":"2011-01-26T11:52:00","date_gmt":"2011-01-26T11:52:00","guid":{"rendered":"https:\/\/www.webdo.tn\/fr\/actualite\/blog\/lugtt-brule-ses-cartes\/173098\/"},"modified":"2011-01-26T11:52:00","modified_gmt":"2011-01-26T11:52:00","slug":"lugtt-brule-ses-cartes","status":"publish","type":"post","link":"https:\/\/www.webdo.tn\/fr\/actualite\/national\/lugtt-brule-ses-cartes\/173098\/","title":{"rendered":"L\u2019UGTT brule ses cartes\u2026"},"content":{"rendered":"<p>La gronde monte contre l&rsquo;Union G\u00e9n\u00e9rale Tunisienne du Travail (UGTT). La sympathie autour de la centrale syndicale gagn\u00e9e pendant les derni\u00e8res semaines de la r\u00e9volution s\u2019\u00e9vapore un peu plus de jour en jour.<\/p>\n<p>Tout le monde s\u2019accorde sur le fait que l\u2019UGTT a encadr\u00e9 les premi\u00e8res manifestations dans les r\u00e9gions de l\u2019int\u00e9rieur et a mobilis\u00e9 ses cadres durant des semaines mais aussi sur le fait que le jeu politique de la centrale syndicale est mal g\u00e9r\u00e9 au niveau de la direction.<\/p>\n<p>L\u2019entr\u00e9e au sein du gouvernement d\u2019union nationale, la sortie du gouvernement, la non reconnaissance du gouvernement\u2026 Les appels r\u00e9p\u00e9t\u00e9s \u00e0 la gr\u00e8ve dans plusieurs r\u00e9gions, institutions et entreprises\u2026l\u2019UGTT joue pleinement ses cartes\u2026<\/p>\n<p>Les cartes de l\u2019UGTT s\u2019emm\u00ealent\u2026 et tombent l\u2019une apr\u00e8s l\u2019autre. La gronde populaire contre les man\u0153uvres du syndicat monte encore plus chaque jour\u2026Les citoyens s\u2019accordent avec la centrale syndicale sur le fait que le gouvernement de transition est mal compos\u00e9, mais ils voient d\u2019un mauvais \u0153il les gr\u00e8ves r\u00e9p\u00e9t\u00e9es dans les transports, l\u2019enseignement, etc.<\/p>\n<p>Retour sur le jeu de cartes de l\u2019UGTT. Au moment o\u00f9 le pays s\u2019appr\u00eatait \u00e0 un retour au travail, la syndicale a appel\u00e9 \u00e0 une gr\u00e8ve de deux jours \u00e0 la Transtu. Objectif non affich\u00e9, pas de retour \u00e0 la normale. Qui a pay\u00e9 les frais de cette d\u00e9cision ? Les citoyens ont pay\u00e9 cash cette man\u0153uvre du syndicat. Certains d\u2019entre eux ont march\u00e9 des kilom\u00e8tres pour rejoindre leur boulot ou faire leurs courses. La man\u0153uvre a fait perdre au syndicat la sympathie de la population.<\/p>\n<p>La gestion de la rentr\u00e9e scolaire est la deuxi\u00e8me carte brul\u00e9e. Le Syndicat g\u00e9n\u00e9ral de l&rsquo;Enseignement de base a lanc\u00e9 une gr\u00e8ve ouverte pour faire tomber le gouvernement d\u2019union. R\u00e9sultat : \u00e9chec de la rentr\u00e9e annonc\u00e9e ce jour, mais les parents des \u00e9l\u00e8ves n\u2019ont pas vu de cette \u0153il la gr\u00e8ve. Ils ont attaqu\u00e9 les si\u00e8ges des syndicats. C\u2019\u00e9taient de simples parents d\u2019\u00e9l\u00e8ves selon la population et les m\u00e9dias  mais des \u00ab sbires de l\u2019ancien r\u00e9gime \u00bb selon les syndicalistes. Une chose est claire : l\u2019humeur populaire est contre la gr\u00e8ve des instituteurs\u2026.<\/p>\n<p>Sous la pression des parents des \u00e9l\u00e8ves, le syndicat g\u00e9n\u00e9ral de l&rsquo;enseignement de base relevant de l\u2019UGTT a donc annonc\u00e9 mardi que les cours reprendraient \u00e0 partir du mercredi 26 janvier 2011 apr\u00e8s la gr\u00e8ve sectorielle.<\/p>\n<p>Le Syndicat a estim\u00e9 que la gr\u00e8ve a \u00e9t\u00e9 un \u00ab\u00a0grand succ\u00e8s\u00a0\u00bb. Il a affirm\u00e9 \u00e9galement que les enseignants s&rsquo;engageaient \u00e0 rattraper le retard et \u00e0 terminer les programmes en travaillant durant les vacances de mi-trimestre, celles du mois de f\u00e9vrier 2011. Ceci constitue un ajustement \u00e0 temps dans les man\u0153uvres, mais aussi et d\u00e9j\u00e0 une carte brul\u00e9e.<\/p>\n<p>Aujourd\u2019hui, retour \u00e0 la gr\u00e8ve dans la Transtu. Les habitants, les \u00e9l\u00e8ves et les \u00e9tudiants ont d\u00e9couvert ce matin que les bus n\u2019\u00e9taient pas au rendez-vous. Les chauffeurs sont en gr\u00e8ve\u2026 La gronde monte d\u2019un cran.<\/p>\n<p>Des gr\u00e8ves au sein des r\u00e9gions, une gr\u00e8ve dans l\u2019enseignement secondaire demain, \u2026 les cartes de l\u2019UGTT se multiplient\u2026 A chaque carte jou\u00e9e, les syndicats se demandent, est-ce la carte gagnante ? La r\u00e9ponse vient de la rue, pas du Palais du gouvernement.<\/p>\n<p>Une radicalisation ou un ajustement de l\u2019action du syndicat est pr\u00e9vue dans les prochains jours. La composition du gouvernement apportera la r\u00e9ponse.<\/p>\n","protected":false},"excerpt":{"rendered":"<p>L\u2019UGTT brule ses cartes\u2026 <\/p>\n","protected":false},"author":3222,"featured_media":376290,"comment_status":"open","ping_status":"closed","sticky":false,"template":"","format":"standard","meta":{"footnotes":""},"categories":[44],"tags":[],"class_list":["post-173098","post","type-post","status-publish","format-standard","has-post-thumbnail","hentry","category-national"],"yoast_head":"<!-- This site is optimized with the Yoast SEO Premium plugin v27.4 (Yoast SEO v27.4) - https:\/\/yoast.com\/product\/yoast-seo-premium-wordpress\/ -->\n<title>L\u2019UGTT brule ses cartes\u2026<\/title>\n<meta name=\"description\" content=\"L\u2019UGTT brule ses cartes\u2026\" \/>\n<link rel=\"canonical\" href=\"https:\/\/www.webdo.tn\/fr\/actualite\/national\/lugtt-brule-ses-cartes\/173098\/\" \/>\n<meta property=\"og:locale\" content=\"fr_FR\" \/>\n<meta property=\"og:type\" content=\"article\" \/>\n<meta property=\"og:title\" content=\"L\u2019UGTT brule ses cartes\u2026\" \/>\n<meta property=\"og:description\" content=\"L\u2019UGTT brule ses cartes\u2026\" \/>\n<meta property=\"og:url\" content=\"https:\/\/www.webdo.tn\/fr\/actualite\/national\/lugtt-brule-ses-cartes\/173098\/\" \/>\n<meta property=\"og:site_name\" content=\"webdo\" \/>\n<meta property=\"article:publisher\" content=\"https:\/\/www.facebook.com\/webdotn\" \/>\n<meta property=\"article:published_time\" content=\"2011-01-26T11:52:00+00:00\" \/>\n<meta name=\"author\" content=\"webdo.tn\" \/>\n<meta name=\"twitter:card\" content=\"summary_large_image\" \/>\n<meta name=\"twitter:creator\" content=\"@webdo_tn\" \/>\n<meta name=\"twitter:site\" content=\"@webdo_tn\" \/>\n<meta name=\"twitter:label1\" content=\"\u00c9crit par\" \/>\n\t<meta name=\"twitter:data1\" content=\"webdo.tn\" \/>\n\t<meta name=\"twitter:label2\" content=\"Dur\u00e9e de lecture estim\u00e9e\" \/>\n\t<meta name=\"twitter:data2\" content=\"3 minutes\" \/>\n<script type=\"application\/ld+json\" class=\"yoast-schema-graph\">{\"@context\":\"https:\\\/\\\/schema.org\",\"@graph\":[{\"@type\":\"NewsArticle\",\"@id\":\"https:\\\/\\\/www.webdo.tn\\\/fr\\\/actualite\\\/national\\\/lugtt-brule-ses-cartes\\\/173098\\\/#article\",\"isPartOf\":{\"@id\":\"https:\\\/\\\/www.webdo.tn\\\/fr\\\/actualite\\\/national\\\/lugtt-brule-ses-cartes\\\/173098\\\/\"},\"author\":{\"name\":\"webdo.tn\",\"@id\":\"https:\\\/\\\/www.webdo.tn\\\/fr\\\/#\\\/schema\\\/person\\\/9a9c6118d687c117df8ef3cc36a4d175\"},\"headline\":\"L\u2019UGTT brule ses cartes\u2026\",\"datePublished\":\"2011-01-26T11:52:00+00:00\",\"mainEntityOfPage\":{\"@id\":\"https:\\\/\\\/www.webdo.tn\\\/fr\\\/actualite\\\/national\\\/lugtt-brule-ses-cartes\\\/173098\\\/\"},\"wordCount\":628,\"commentCount\":0,\"publisher\":{\"@id\":\"https:\\\/\\\/www.webdo.tn\\\/fr\\\/#organization\"},\"image\":{\"@id\":\"https:\\\/\\\/www.webdo.tn\\\/fr\\\/actualite\\\/national\\\/lugtt-brule-ses-cartes\\\/173098\\\/#primaryimage\"},\"thumbnailUrl\":\"https:\\\/\\\/www.webdo.tn\\\/fr\\\/wp-content\\\/uploads\\\/2025\\\/06\\\/FireShot-Capture-1063-webdo_default-53-750x375.jpg-750\u00d7375-www.webdo_.tn_.png\",\"articleSection\":[\"National\"],\"inLanguage\":\"fr-FR\"},{\"@type\":\"WebPage\",\"@id\":\"https:\\\/\\\/www.webdo.tn\\\/fr\\\/actualite\\\/national\\\/lugtt-brule-ses-cartes\\\/173098\\\/\",\"url\":\"https:\\\/\\\/www.webdo.tn\\\/fr\\\/actualite\\\/national\\\/lugtt-brule-ses-cartes\\\/173098\\\/\",\"name\":\"L\u2019UGTT brule ses cartes\u2026\",\"isPartOf\":{\"@id\":\"https:\\\/\\\/www.webdo.tn\\\/fr\\\/#website\"},\"primaryImageOfPage\":{\"@id\":\"https:\\\/\\\/www.webdo.tn\\\/fr\\\/actualite\\\/national\\\/lugtt-brule-ses-cartes\\\/173098\\\/#primaryimage\"},\"image\":{\"@id\":\"https:\\\/\\\/www.webdo.tn\\\/fr\\\/actualite\\\/national\\\/lugtt-brule-ses-cartes\\\/173098\\\/#primaryimage\"},\"thumbnailUrl\":\"https:\\\/\\\/www.webdo.tn\\\/fr\\\/wp-content\\\/uploads\\\/2025\\\/06\\\/FireShot-Capture-1063-webdo_default-53-750x375.jpg-750\u00d7375-www.webdo_.tn_.png\",\"datePublished\":\"2011-01-26T11:52:00+00:00\",\"description\":\"L\u2019UGTT brule ses cartes\u2026\",\"breadcrumb\":{\"@id\":\"https:\\\/\\\/www.webdo.tn\\\/fr\\\/actualite\\\/national\\\/lugtt-brule-ses-cartes\\\/173098\\\/#breadcrumb\"},\"inLanguage\":\"fr-FR\",\"potentialAction\":[{\"@type\":\"ReadAction\",\"target\":[\"https:\\\/\\\/www.webdo.tn\\\/fr\\\/actualite\\\/national\\\/lugtt-brule-ses-cartes\\\/173098\\\/\"]}]},{\"@type\":\"ImageObject\",\"inLanguage\":\"fr-FR\",\"@id\":\"https:\\\/\\\/www.webdo.tn\\\/fr\\\/actualite\\\/national\\\/lugtt-brule-ses-cartes\\\/173098\\\/#primaryimage\",\"url\":\"https:\\\/\\\/www.webdo.tn\\\/fr\\\/wp-content\\\/uploads\\\/2025\\\/06\\\/FireShot-Capture-1063-webdo_default-53-750x375.jpg-750\u00d7375-www.webdo_.tn_.png\",\"contentUrl\":\"https:\\\/\\\/www.webdo.tn\\\/fr\\\/wp-content\\\/uploads\\\/2025\\\/06\\\/FireShot-Capture-1063-webdo_default-53-750x375.jpg-750\u00d7375-www.webdo_.tn_.png\",\"width\":746,\"height\":371},{\"@type\":\"BreadcrumbList\",\"@id\":\"https:\\\/\\\/www.webdo.tn\\\/fr\\\/actualite\\\/national\\\/lugtt-brule-ses-cartes\\\/173098\\\/#breadcrumb\",\"itemListElement\":[{\"@type\":\"ListItem\",\"position\":1,\"name\":\"Accueil\",\"item\":\"https:\\\/\\\/www.webdo.tn\\\/fr\\\/\"},{\"@type\":\"ListItem\",\"position\":2,\"name\":\"L\u2019UGTT brule ses cartes\u2026\"}]},{\"@type\":\"WebSite\",\"@id\":\"https:\\\/\\\/www.webdo.tn\\\/fr\\\/#website\",\"url\":\"https:\\\/\\\/www.webdo.tn\\\/fr\\\/\",\"name\":\"webdo\",\"description\":\"Tunisie - News en Tunisie et \u00e0 l&#039;international sur Webdo.tn\",\"publisher\":{\"@id\":\"https:\\\/\\\/www.webdo.tn\\\/fr\\\/#organization\"},\"potentialAction\":[{\"@type\":\"SearchAction\",\"target\":{\"@type\":\"EntryPoint\",\"urlTemplate\":\"https:\\\/\\\/www.webdo.tn\\\/fr\\\/?s={search_term_string}\"},\"query-input\":{\"@type\":\"PropertyValueSpecification\",\"valueRequired\":true,\"valueName\":\"search_term_string\"}}],\"inLanguage\":\"fr-FR\"},{\"@type\":\"Organization\",\"@id\":\"https:\\\/\\\/www.webdo.tn\\\/fr\\\/#organization\",\"name\":\"Webdo\",\"alternateName\":\"Webdo.tn\",\"url\":\"https:\\\/\\\/www.webdo.tn\\\/fr\\\/\",\"logo\":{\"@type\":\"ImageObject\",\"inLanguage\":\"fr-FR\",\"@id\":\"https:\\\/\\\/www.webdo.tn\\\/fr\\\/#\\\/schema\\\/logo\\\/image\\\/\",\"url\":\"https:\\\/\\\/www.webdo.tn\\\/fr\\\/wp-content\\\/uploads\\\/2025\\\/06\\\/Webdo-Tunisie_168377.jpg\",\"contentUrl\":\"https:\\\/\\\/www.webdo.tn\\\/fr\\\/wp-content\\\/uploads\\\/2025\\\/06\\\/Webdo-Tunisie_168377.jpg\",\"width\":301,\"height\":301,\"caption\":\"Webdo\"},\"image\":{\"@id\":\"https:\\\/\\\/www.webdo.tn\\\/fr\\\/#\\\/schema\\\/logo\\\/image\\\/\"},\"sameAs\":[\"https:\\\/\\\/www.facebook.com\\\/webdotn\",\"https:\\\/\\\/x.com\\\/webdo_tn\"],\"description\":\"Webdo est un m\u00e9dia num\u00e9rique tunisien fond\u00e9 en 2010, sp\u00e9cialis\u00e9 dans l\u2019actualit\u00e9 nationale et internationale, l\u2019\u00e9conomie, la soci\u00e9t\u00e9 et les analyses politiques. Le site s\u2019adresse \u00e0 un large public francophone et couvre l\u2019information tunisienne en temps r\u00e9el.\",\"email\":\"redac@webdo.tn\",\"legalName\":\"YNJ SARL\",\"foundingDate\":\"2010-09-06\",\"numberOfEmployees\":{\"@type\":\"QuantitativeValue\",\"minValue\":\"11\",\"maxValue\":\"50\"}},{\"@type\":\"Person\",\"@id\":\"https:\\\/\\\/www.webdo.tn\\\/fr\\\/#\\\/schema\\\/person\\\/9a9c6118d687c117df8ef3cc36a4d175\",\"name\":\"webdo.tn\",\"image\":{\"@type\":\"ImageObject\",\"inLanguage\":\"fr-FR\",\"@id\":\"https:\\\/\\\/secure.gravatar.com\\\/avatar\\\/7ce1f28c0c3bbac99ff550b85ef8e44a6950c6ee24514fb6a5489e51d06f0298?s=96&d=mm&r=g\",\"url\":\"https:\\\/\\\/secure.gravatar.com\\\/avatar\\\/7ce1f28c0c3bbac99ff550b85ef8e44a6950c6ee24514fb6a5489e51d06f0298?s=96&d=mm&r=g\",\"contentUrl\":\"https:\\\/\\\/secure.gravatar.com\\\/avatar\\\/7ce1f28c0c3bbac99ff550b85ef8e44a6950c6ee24514fb6a5489e51d06f0298?s=96&d=mm&r=g\",\"caption\":\"webdo.tn\"},\"url\":\"https:\\\/\\\/www.webdo.tn\\\/fr\\\/actualite\\\/author\\\/webdotn\\\/\"}]}<\/script>\n<!-- \/ Yoast SEO Premium plugin. -->","yoast_head_json":{"title":"L\u2019UGTT brule ses cartes\u2026","description":"L\u2019UGTT brule ses cartes\u2026","canonical":"https:\/\/www.webdo.tn\/fr\/actualite\/national\/lugtt-brule-ses-cartes\/173098\/","og_locale":"fr_FR","og_type":"article","og_title":"L\u2019UGTT brule ses cartes\u2026","og_description":"L\u2019UGTT brule ses cartes\u2026","og_url":"https:\/\/www.webdo.tn\/fr\/actualite\/national\/lugtt-brule-ses-cartes\/173098\/","og_site_name":"webdo","article_publisher":"https:\/\/www.facebook.com\/webdotn","article_published_time":"2011-01-26T11:52:00+00:00","author":"webdo.tn","twitter_card":"summary_large_image","twitter_creator":"@webdo_tn","twitter_site":"@webdo_tn","twitter_misc":{"\u00c9crit par":"webdo.tn","Dur\u00e9e de lecture estim\u00e9e":"3 minutes"},"schema":{"@context":"https:\/\/schema.org","@graph":[{"@type":"NewsArticle","@id":"https:\/\/www.webdo.tn\/fr\/actualite\/national\/lugtt-brule-ses-cartes\/173098\/#article","isPartOf":{"@id":"https:\/\/www.webdo.tn\/fr\/actualite\/national\/lugtt-brule-ses-cartes\/173098\/"},"author":{"name":"webdo.tn","@id":"https:\/\/www.webdo.tn\/fr\/#\/schema\/person\/9a9c6118d687c117df8ef3cc36a4d175"},"headline":"L\u2019UGTT brule ses cartes\u2026","datePublished":"2011-01-26T11:52:00+00:00","mainEntityOfPage":{"@id":"https:\/\/www.webdo.tn\/fr\/actualite\/national\/lugtt-brule-ses-cartes\/173098\/"},"wordCount":628,"commentCount":0,"publisher":{"@id":"https:\/\/www.webdo.tn\/fr\/#organization"},"image":{"@id":"https:\/\/www.webdo.tn\/fr\/actualite\/national\/lugtt-brule-ses-cartes\/173098\/#primaryimage"},"thumbnailUrl":"https:\/\/www.webdo.tn\/fr\/wp-content\/uploads\/2025\/06\/FireShot-Capture-1063-webdo_default-53-750x375.jpg-750\u00d7375-www.webdo_.tn_.png","articleSection":["National"],"inLanguage":"fr-FR"},{"@type":"WebPage","@id":"https:\/\/www.webdo.tn\/fr\/actualite\/national\/lugtt-brule-ses-cartes\/173098\/","url":"https:\/\/www.webdo.tn\/fr\/actualite\/national\/lugtt-brule-ses-cartes\/173098\/","name":"L\u2019UGTT brule ses cartes\u2026","isPartOf":{"@id":"https:\/\/www.webdo.tn\/fr\/#website"},"primaryImageOfPage":{"@id":"https:\/\/www.webdo.tn\/fr\/actualite\/national\/lugtt-brule-ses-cartes\/173098\/#primaryimage"},"image":{"@id":"https:\/\/www.webdo.tn\/fr\/actualite\/national\/lugtt-brule-ses-cartes\/173098\/#primaryimage"},"thumbnailUrl":"https:\/\/www.webdo.tn\/fr\/wp-content\/uploads\/2025\/06\/FireShot-Capture-1063-webdo_default-53-750x375.jpg-750\u00d7375-www.webdo_.tn_.png","datePublished":"2011-01-26T11:52:00+00:00","description":"L\u2019UGTT brule ses cartes\u2026","breadcrumb":{"@id":"https:\/\/www.webdo.tn\/fr\/actualite\/national\/lugtt-brule-ses-cartes\/173098\/#breadcrumb"},"inLanguage":"fr-FR","potentialAction":[{"@type":"ReadAction","target":["https:\/\/www.webdo.tn\/fr\/actualite\/national\/lugtt-brule-ses-cartes\/173098\/"]}]},{"@type":"ImageObject","inLanguage":"fr-FR","@id":"https:\/\/www.webdo.tn\/fr\/actualite\/national\/lugtt-brule-ses-cartes\/173098\/#primaryimage","url":"https:\/\/www.webdo.tn\/fr\/wp-content\/uploads\/2025\/06\/FireShot-Capture-1063-webdo_default-53-750x375.jpg-750\u00d7375-www.webdo_.tn_.png","contentUrl":"https:\/\/www.webdo.tn\/fr\/wp-content\/uploads\/2025\/06\/FireShot-Capture-1063-webdo_default-53-750x375.jpg-750\u00d7375-www.webdo_.tn_.png","width":746,"height":371},{"@type":"BreadcrumbList","@id":"https:\/\/www.webdo.tn\/fr\/actualite\/national\/lugtt-brule-ses-cartes\/173098\/#breadcrumb","itemListElement":[{"@type":"ListItem","position":1,"name":"Accueil","item":"https:\/\/www.webdo.tn\/fr\/"},{"@type":"ListItem","position":2,"name":"L\u2019UGTT brule ses cartes\u2026"}]},{"@type":"WebSite","@id":"https:\/\/www.webdo.tn\/fr\/#website","url":"https:\/\/www.webdo.tn\/fr\/","name":"webdo","description":"Tunisie - News en Tunisie et \u00e0 l&#039;international sur Webdo.tn","publisher":{"@id":"https:\/\/www.webdo.tn\/fr\/#organization"},"potentialAction":[{"@type":"SearchAction","target":{"@type":"EntryPoint","urlTemplate":"https:\/\/www.webdo.tn\/fr\/?s={search_term_string}"},"query-input":{"@type":"PropertyValueSpecification","valueRequired":true,"valueName":"search_term_string"}}],"inLanguage":"fr-FR"},{"@type":"Organization","@id":"https:\/\/www.webdo.tn\/fr\/#organization","name":"Webdo","alternateName":"Webdo.tn","url":"https:\/\/www.webdo.tn\/fr\/","logo":{"@type":"ImageObject","inLanguage":"fr-FR","@id":"https:\/\/www.webdo.tn\/fr\/#\/schema\/logo\/image\/","url":"https:\/\/www.webdo.tn\/fr\/wp-content\/uploads\/2025\/06\/Webdo-Tunisie_168377.jpg","contentUrl":"https:\/\/www.webdo.tn\/fr\/wp-content\/uploads\/2025\/06\/Webdo-Tunisie_168377.jpg","width":301,"height":301,"caption":"Webdo"},"image":{"@id":"https:\/\/www.webdo.tn\/fr\/#\/schema\/logo\/image\/"},"sameAs":["https:\/\/www.facebook.com\/webdotn","https:\/\/x.com\/webdo_tn"],"description":"Webdo est un m\u00e9dia num\u00e9rique tunisien fond\u00e9 en 2010, sp\u00e9cialis\u00e9 dans l\u2019actualit\u00e9 nationale et internationale, l\u2019\u00e9conomie, la soci\u00e9t\u00e9 et les analyses politiques. Le site s\u2019adresse \u00e0 un large public francophone et couvre l\u2019information tunisienne en temps r\u00e9el.","email":"redac@webdo.tn","legalName":"YNJ SARL","foundingDate":"2010-09-06","numberOfEmployees":{"@type":"QuantitativeValue","minValue":"11","maxValue":"50"}},{"@type":"Person","@id":"https:\/\/www.webdo.tn\/fr\/#\/schema\/person\/9a9c6118d687c117df8ef3cc36a4d175","name":"webdo.tn","image":{"@type":"ImageObject","inLanguage":"fr-FR","@id":"https:\/\/secure.gravatar.com\/avatar\/7ce1f28c0c3bbac99ff550b85ef8e44a6950c6ee24514fb6a5489e51d06f0298?s=96&d=mm&r=g","url":"https:\/\/secure.gravatar.com\/avatar\/7ce1f28c0c3bbac99ff550b85ef8e44a6950c6ee24514fb6a5489e51d06f0298?s=96&d=mm&r=g","contentUrl":"https:\/\/secure.gravatar.com\/avatar\/7ce1f28c0c3bbac99ff550b85ef8e44a6950c6ee24514fb6a5489e51d06f0298?s=96&d=mm&r=g","caption":"webdo.tn"},"url":"https:\/\/www.webdo.tn\/fr\/actualite\/author\/webdotn\/"}]}},"_links":{"self":[{"href":"https:\/\/www.webdo.tn\/fr\/wp-json\/wp\/v2\/posts\/173098","targetHints":{"allow":["GET"]}}],"collection":[{"href":"https:\/\/www.webdo.tn\/fr\/wp-json\/wp\/v2\/posts"}],"about":[{"href":"https:\/\/www.webdo.tn\/fr\/wp-json\/wp\/v2\/types\/post"}],"author":[{"embeddable":true,"href":"https:\/\/www.webdo.tn\/fr\/wp-json\/wp\/v2\/users\/3222"}],"replies":[{"embeddable":true,"href":"https:\/\/www.webdo.tn\/fr\/wp-json\/wp\/v2\/comments?post=173098"}],"version-history":[{"count":0,"href":"https:\/\/www.webdo.tn\/fr\/wp-json\/wp\/v2\/posts\/173098\/revisions"}],"wp:featuredmedia":[{"embeddable":true,"href":"https:\/\/www.webdo.tn\/fr\/wp-json\/wp\/v2\/media\/376290"}],"wp:attachment":[{"href":"https:\/\/www.webdo.tn\/fr\/wp-json\/wp\/v2\/media?parent=173098"}],"wp:term":[{"taxonomy":"category","embeddable":true,"href":"https:\/\/www.webdo.tn\/fr\/wp-json\/wp\/v2\/categories?post=173098"},{"taxonomy":"post_tag","embeddable":true,"href":"https:\/\/www.webdo.tn\/fr\/wp-json\/wp\/v2\/tags?post=173098"}],"curies":[{"name":"wp","href":"https:\/\/api.w.org\/{rel}","templated":true}]}}