{"id":173095,"date":"2011-01-26T15:56:00","date_gmt":"2011-01-26T15:56:00","guid":{"rendered":"https:\/\/www.webdo.tn\/fr\/actualite\/blog\/conference-du-ministre-de-la-justice-leurre-ou-mascarade\/173095\/"},"modified":"2011-01-26T15:56:00","modified_gmt":"2011-01-26T15:56:00","slug":"conference-du-ministre-de-la-justice-leurre-ou-mascarade","status":"publish","type":"post","link":"https:\/\/www.webdo.tn\/fr\/actualite\/national\/conference-du-ministre-de-la-justice-leurre-ou-mascarade\/173095\/","title":{"rendered":"Conf\u00e9rence du ministre de la Justice, leurre ou mascarade\u00a0!"},"content":{"rendered":"<p>On a r\u00e9pondu en masse, parmi les repr\u00e9sentants des m\u00e9dias, nationaux et \u00e9trangers, \u00e0 l\u2019appel du Minist\u00e8re de la Justice pour un point de presse. Mais on a d\u00fb finalement d\u00e9chanter, dans la mesure o\u00f9 le contenu n\u2019a pas du tout r\u00e9pondu aux attentes f\u00e9briles des hommes de la presse pr\u00e9sents \u00e0 l\u2019occasion.<\/p>\n<p>S\u2019il est vrai en effet que le ministre a divulgu\u00e9 certains chiffres, il n\u2019en demeure pas moins qu\u2019il s\u2019est montr\u00e9 un peu \u00e9vasif. Seuls les th\u00e8mes concernant les d\u00e9tenus en fuite auraient effectivement plus ou moins convaincu les pr\u00e9sents. D\u2019apr\u00e8s les chiffres, ils sont 11029 prisonniers \u00e0 avoir fui les diff\u00e9rents p\u00e9nitenciers du pays, mais seulement 1532 ont \u00e9t\u00e9 r\u00e9cup\u00e9r\u00e9s. Ce qui explique que le ministre n\u2019a pas manqu\u00e9 de lancer un appel exhortant les d\u00e9tenus encore en fuite pour se rendre afin de ne pas aggraver leur cas.<\/p>\n<p>Abordant par la suite le sujet tant attendu, celui du pr\u00e9sident d\u00e9chu et sa famille, ainsi que celle de son \u00e9pouse, le ministre a donn\u00e9 la liste des membres appr\u00e9hend\u00e9s appartenant aux deux clans, \u00e0 l\u2019image de Kais Ben Ali, Doureid Ben Ali, Soufiene Ben Ali, Imed Trabelsi, Mohamed Naceur Trabelsi, Jalila Trabelsi, Samira Trabelsi etc.<\/p>\n<p>Il n\u2019a pas manqu\u00e9 de pr\u00e9ciser qu\u2019un mandat d\u2019arr\u00eat international a \u00e9t\u00e9 \u00e9mis \u00e0 l\u2019encontre des autres membres des deux familles qui sont \u00e9galement impliqu\u00e9s. La surprise est venue cependant du fait que certains noms qui ont circul\u00e9 ces derniers temps n\u2019ont pas \u00e9t\u00e9 inqui\u00e9t\u00e9s. Au contraire d\u2019autres faisant partie de l\u2019entourage imm\u00e9diat du pr\u00e9sident d\u00e9chu et sa belle-famille, \u00e0 l\u2019instar des familles Mahjoub, Mehrzi, Leta\u00efef etc. En tout 183 personnes ont \u00e9t\u00e9 interpell\u00e9es, dont 31 ont \u00e9t\u00e9 rel\u00e2ch\u00e9es pour insuffisance de preuves.<\/p>\n<p>Il a \u00e9t\u00e9 \u00e9galement question de l\u2019arrestation du patron de la s\u00e9curit\u00e9 pr\u00e9sidentielle, Ali Seriati, et 6 de ses acolytes. Ils sont suspect\u00e9s d\u2019avoir commis des actes de violences et de meurtres, ainsi que pour incitation aux troubles pour installer le chaos. Quant au pr\u00e9sident d\u00e9chu, il sera poursuivi pour acquisition de biens (mobiliers et immobiliers) \u00e0 l\u2019\u00e9tranger, ainsi que pour transfert illicite de devises \u00e0 l\u2019\u00e9tranger\u2026<\/p>\n","protected":false},"excerpt":{"rendered":"<p>Conf\u00e9rence du ministre de la Justice, leurre ou mascarade\u00a0! <\/p>\n","protected":false},"author":3222,"featured_media":365792,"comment_status":"open","ping_status":"closed","sticky":false,"template":"","format":"standard","meta":{"footnotes":""},"categories":[44],"tags":[],"class_list":["post-173095","post","type-post","status-publish","format-standard","has-post-thumbnail","hentry","category-national"],"yoast_head":"<!-- This site is optimized with the Yoast SEO Premium plugin v27.4 (Yoast SEO v27.5) - https:\/\/yoast.com\/product\/yoast-seo-premium-wordpress\/ -->\n<title>Conf\u00e9rence du ministre de la Justice, leurre ou mascarade\u00a0!<\/title>\n<meta name=\"description\" content=\"Conf\u00e9rence du ministre de la Justice, leurre ou mascarade\u00a0!\" \/>\n<link rel=\"canonical\" href=\"https:\/\/www.webdo.tn\/fr\/actualite\/national\/conference-du-ministre-de-la-justice-leurre-ou-mascarade\/173095\/\" \/>\n<meta property=\"og:locale\" content=\"fr_FR\" \/>\n<meta property=\"og:type\" content=\"article\" \/>\n<meta property=\"og:title\" content=\"Conf\u00e9rence du ministre de la Justice, leurre ou mascarade\u00a0!\" \/>\n<meta property=\"og:description\" content=\"Conf\u00e9rence du ministre de la Justice, leurre ou mascarade\u00a0!\" \/>\n<meta property=\"og:url\" content=\"https:\/\/www.webdo.tn\/fr\/actualite\/national\/conference-du-ministre-de-la-justice-leurre-ou-mascarade\/173095\/\" \/>\n<meta property=\"og:site_name\" content=\"webdo\" \/>\n<meta property=\"article:publisher\" content=\"https:\/\/www.facebook.com\/webdotn\" \/>\n<meta property=\"article:published_time\" content=\"2011-01-26T15:56:00+00:00\" \/>\n<meta property=\"og:image\" content=\"https:\/\/www.webdo.tn\/fr\/wp-content\/uploads\/2011\/01\/Justice.jpg\" \/>\n\t<meta property=\"og:image:width\" content=\"254\" \/>\n\t<meta property=\"og:image:height\" content=\"266\" \/>\n\t<meta property=\"og:image:type\" content=\"image\/jpeg\" \/>\n<meta name=\"author\" content=\"webdo.tn\" \/>\n<meta name=\"twitter:card\" content=\"summary_large_image\" \/>\n<meta name=\"twitter:creator\" content=\"@webdo_tn\" \/>\n<meta name=\"twitter:site\" content=\"@webdo_tn\" \/>\n<meta name=\"twitter:label1\" content=\"\u00c9crit par\" \/>\n\t<meta name=\"twitter:data1\" content=\"webdo.tn\" \/>\n\t<meta name=\"twitter:label2\" content=\"Dur\u00e9e de lecture estim\u00e9e\" \/>\n\t<meta name=\"twitter:data2\" content=\"2 minutes\" \/>\n<script type=\"application\/ld+json\" class=\"yoast-schema-graph\">{\"@context\":\"https:\\\/\\\/schema.org\",\"@graph\":[{\"@type\":\"NewsArticle\",\"@id\":\"https:\\\/\\\/www.webdo.tn\\\/fr\\\/actualite\\\/national\\\/conference-du-ministre-de-la-justice-leurre-ou-mascarade\\\/173095\\\/#article\",\"isPartOf\":{\"@id\":\"https:\\\/\\\/www.webdo.tn\\\/fr\\\/actualite\\\/national\\\/conference-du-ministre-de-la-justice-leurre-ou-mascarade\\\/173095\\\/\"},\"author\":{\"name\":\"webdo.tn\",\"@id\":\"https:\\\/\\\/www.webdo.tn\\\/fr\\\/#\\\/schema\\\/person\\\/9a9c6118d687c117df8ef3cc36a4d175\"},\"headline\":\"Conf\u00e9rence du ministre de la Justice, leurre ou mascarade\u00a0!\",\"datePublished\":\"2011-01-26T15:56:00+00:00\",\"mainEntityOfPage\":{\"@id\":\"https:\\\/\\\/www.webdo.tn\\\/fr\\\/actualite\\\/national\\\/conference-du-ministre-de-la-justice-leurre-ou-mascarade\\\/173095\\\/\"},\"wordCount\":406,\"commentCount\":0,\"publisher\":{\"@id\":\"https:\\\/\\\/www.webdo.tn\\\/fr\\\/#organization\"},\"image\":{\"@id\":\"https:\\\/\\\/www.webdo.tn\\\/fr\\\/actualite\\\/national\\\/conference-du-ministre-de-la-justice-leurre-ou-mascarade\\\/173095\\\/#primaryimage\"},\"thumbnailUrl\":\"https:\\\/\\\/www.webdo.tn\\\/fr\\\/wp-content\\\/uploads\\\/2011\\\/01\\\/Justice.jpg\",\"articleSection\":[\"National\"],\"inLanguage\":\"fr-FR\"},{\"@type\":\"WebPage\",\"@id\":\"https:\\\/\\\/www.webdo.tn\\\/fr\\\/actualite\\\/national\\\/conference-du-ministre-de-la-justice-leurre-ou-mascarade\\\/173095\\\/\",\"url\":\"https:\\\/\\\/www.webdo.tn\\\/fr\\\/actualite\\\/national\\\/conference-du-ministre-de-la-justice-leurre-ou-mascarade\\\/173095\\\/\",\"name\":\"Conf\u00e9rence du ministre de la Justice, leurre ou mascarade\u00a0!\",\"isPartOf\":{\"@id\":\"https:\\\/\\\/www.webdo.tn\\\/fr\\\/#website\"},\"primaryImageOfPage\":{\"@id\":\"https:\\\/\\\/www.webdo.tn\\\/fr\\\/actualite\\\/national\\\/conference-du-ministre-de-la-justice-leurre-ou-mascarade\\\/173095\\\/#primaryimage\"},\"image\":{\"@id\":\"https:\\\/\\\/www.webdo.tn\\\/fr\\\/actualite\\\/national\\\/conference-du-ministre-de-la-justice-leurre-ou-mascarade\\\/173095\\\/#primaryimage\"},\"thumbnailUrl\":\"https:\\\/\\\/www.webdo.tn\\\/fr\\\/wp-content\\\/uploads\\\/2011\\\/01\\\/Justice.jpg\",\"datePublished\":\"2011-01-26T15:56:00+00:00\",\"description\":\"Conf\u00e9rence du ministre de la Justice, leurre ou mascarade\u00a0!\",\"breadcrumb\":{\"@id\":\"https:\\\/\\\/www.webdo.tn\\\/fr\\\/actualite\\\/national\\\/conference-du-ministre-de-la-justice-leurre-ou-mascarade\\\/173095\\\/#breadcrumb\"},\"inLanguage\":\"fr-FR\",\"potentialAction\":[{\"@type\":\"ReadAction\",\"target\":[\"https:\\\/\\\/www.webdo.tn\\\/fr\\\/actualite\\\/national\\\/conference-du-ministre-de-la-justice-leurre-ou-mascarade\\\/173095\\\/\"]}]},{\"@type\":\"ImageObject\",\"inLanguage\":\"fr-FR\",\"@id\":\"https:\\\/\\\/www.webdo.tn\\\/fr\\\/actualite\\\/national\\\/conference-du-ministre-de-la-justice-leurre-ou-mascarade\\\/173095\\\/#primaryimage\",\"url\":\"https:\\\/\\\/www.webdo.tn\\\/fr\\\/wp-content\\\/uploads\\\/2011\\\/01\\\/Justice.jpg\",\"contentUrl\":\"https:\\\/\\\/www.webdo.tn\\\/fr\\\/wp-content\\\/uploads\\\/2011\\\/01\\\/Justice.jpg\",\"width\":254,\"height\":266,\"caption\":\"Conf\u00e9rence du ministre de la Justice, leurre ou mascarade\u00a0!\"},{\"@type\":\"BreadcrumbList\",\"@id\":\"https:\\\/\\\/www.webdo.tn\\\/fr\\\/actualite\\\/national\\\/conference-du-ministre-de-la-justice-leurre-ou-mascarade\\\/173095\\\/#breadcrumb\",\"itemListElement\":[{\"@type\":\"ListItem\",\"position\":1,\"name\":\"Accueil\",\"item\":\"https:\\\/\\\/www.webdo.tn\\\/fr\\\/\"},{\"@type\":\"ListItem\",\"position\":2,\"name\":\"Conf\u00e9rence du ministre de la Justice, leurre ou mascarade\u00a0!\"}]},{\"@type\":\"WebSite\",\"@id\":\"https:\\\/\\\/www.webdo.tn\\\/fr\\\/#website\",\"url\":\"https:\\\/\\\/www.webdo.tn\\\/fr\\\/\",\"name\":\"webdo\",\"description\":\"Tunisie - News en Tunisie et \u00e0 l&#039;international sur Webdo.tn\",\"publisher\":{\"@id\":\"https:\\\/\\\/www.webdo.tn\\\/fr\\\/#organization\"},\"potentialAction\":[{\"@type\":\"SearchAction\",\"target\":{\"@type\":\"EntryPoint\",\"urlTemplate\":\"https:\\\/\\\/www.webdo.tn\\\/fr\\\/?s={search_term_string}\"},\"query-input\":{\"@type\":\"PropertyValueSpecification\",\"valueRequired\":true,\"valueName\":\"search_term_string\"}}],\"inLanguage\":\"fr-FR\"},{\"@type\":\"Organization\",\"@id\":\"https:\\\/\\\/www.webdo.tn\\\/fr\\\/#organization\",\"name\":\"Webdo\",\"alternateName\":\"Webdo.tn\",\"url\":\"https:\\\/\\\/www.webdo.tn\\\/fr\\\/\",\"logo\":{\"@type\":\"ImageObject\",\"inLanguage\":\"fr-FR\",\"@id\":\"https:\\\/\\\/www.webdo.tn\\\/fr\\\/#\\\/schema\\\/logo\\\/image\\\/\",\"url\":\"https:\\\/\\\/www.webdo.tn\\\/fr\\\/wp-content\\\/uploads\\\/2025\\\/06\\\/Webdo-Tunisie_168377.jpg\",\"contentUrl\":\"https:\\\/\\\/www.webdo.tn\\\/fr\\\/wp-content\\\/uploads\\\/2025\\\/06\\\/Webdo-Tunisie_168377.jpg\",\"width\":301,\"height\":301,\"caption\":\"Webdo\"},\"image\":{\"@id\":\"https:\\\/\\\/www.webdo.tn\\\/fr\\\/#\\\/schema\\\/logo\\\/image\\\/\"},\"sameAs\":[\"https:\\\/\\\/www.facebook.com\\\/webdotn\",\"https:\\\/\\\/x.com\\\/webdo_tn\"],\"description\":\"Webdo est un m\u00e9dia num\u00e9rique tunisien fond\u00e9 en 2010, sp\u00e9cialis\u00e9 dans l\u2019actualit\u00e9 nationale et internationale, l\u2019\u00e9conomie, la soci\u00e9t\u00e9 et les analyses politiques. Le site s\u2019adresse \u00e0 un large public francophone et couvre l\u2019information tunisienne en temps r\u00e9el.\",\"email\":\"redac@webdo.tn\",\"legalName\":\"YNJ SARL\",\"foundingDate\":\"2010-09-06\",\"numberOfEmployees\":{\"@type\":\"QuantitativeValue\",\"minValue\":\"11\",\"maxValue\":\"50\"}},{\"@type\":\"Person\",\"@id\":\"https:\\\/\\\/www.webdo.tn\\\/fr\\\/#\\\/schema\\\/person\\\/9a9c6118d687c117df8ef3cc36a4d175\",\"name\":\"webdo.tn\",\"image\":{\"@type\":\"ImageObject\",\"inLanguage\":\"fr-FR\",\"@id\":\"https:\\\/\\\/secure.gravatar.com\\\/avatar\\\/7ce1f28c0c3bbac99ff550b85ef8e44a6950c6ee24514fb6a5489e51d06f0298?s=96&d=mm&r=g\",\"url\":\"https:\\\/\\\/secure.gravatar.com\\\/avatar\\\/7ce1f28c0c3bbac99ff550b85ef8e44a6950c6ee24514fb6a5489e51d06f0298?s=96&d=mm&r=g\",\"contentUrl\":\"https:\\\/\\\/secure.gravatar.com\\\/avatar\\\/7ce1f28c0c3bbac99ff550b85ef8e44a6950c6ee24514fb6a5489e51d06f0298?s=96&d=mm&r=g\",\"caption\":\"webdo.tn\"},\"url\":\"https:\\\/\\\/www.webdo.tn\\\/fr\\\/actualite\\\/author\\\/webdotn\\\/\"}]}<\/script>\n<!-- \/ Yoast SEO Premium plugin. -->","yoast_head_json":{"title":"Conf\u00e9rence du ministre de la Justice, leurre ou mascarade\u00a0!","description":"Conf\u00e9rence du ministre de la Justice, leurre ou mascarade\u00a0!","canonical":"https:\/\/www.webdo.tn\/fr\/actualite\/national\/conference-du-ministre-de-la-justice-leurre-ou-mascarade\/173095\/","og_locale":"fr_FR","og_type":"article","og_title":"Conf\u00e9rence du ministre de la Justice, leurre ou mascarade\u00a0!","og_description":"Conf\u00e9rence du ministre de la Justice, leurre ou mascarade\u00a0!","og_url":"https:\/\/www.webdo.tn\/fr\/actualite\/national\/conference-du-ministre-de-la-justice-leurre-ou-mascarade\/173095\/","og_site_name":"webdo","article_publisher":"https:\/\/www.facebook.com\/webdotn","article_published_time":"2011-01-26T15:56:00+00:00","og_image":[{"width":254,"height":266,"url":"https:\/\/www.webdo.tn\/fr\/wp-content\/uploads\/2011\/01\/Justice.jpg","type":"image\/jpeg"}],"author":"webdo.tn","twitter_card":"summary_large_image","twitter_creator":"@webdo_tn","twitter_site":"@webdo_tn","twitter_misc":{"\u00c9crit par":"webdo.tn","Dur\u00e9e de lecture estim\u00e9e":"2 minutes"},"schema":{"@context":"https:\/\/schema.org","@graph":[{"@type":"NewsArticle","@id":"https:\/\/www.webdo.tn\/fr\/actualite\/national\/conference-du-ministre-de-la-justice-leurre-ou-mascarade\/173095\/#article","isPartOf":{"@id":"https:\/\/www.webdo.tn\/fr\/actualite\/national\/conference-du-ministre-de-la-justice-leurre-ou-mascarade\/173095\/"},"author":{"name":"webdo.tn","@id":"https:\/\/www.webdo.tn\/fr\/#\/schema\/person\/9a9c6118d687c117df8ef3cc36a4d175"},"headline":"Conf\u00e9rence du ministre de la Justice, leurre ou mascarade\u00a0!","datePublished":"2011-01-26T15:56:00+00:00","mainEntityOfPage":{"@id":"https:\/\/www.webdo.tn\/fr\/actualite\/national\/conference-du-ministre-de-la-justice-leurre-ou-mascarade\/173095\/"},"wordCount":406,"commentCount":0,"publisher":{"@id":"https:\/\/www.webdo.tn\/fr\/#organization"},"image":{"@id":"https:\/\/www.webdo.tn\/fr\/actualite\/national\/conference-du-ministre-de-la-justice-leurre-ou-mascarade\/173095\/#primaryimage"},"thumbnailUrl":"https:\/\/www.webdo.tn\/fr\/wp-content\/uploads\/2011\/01\/Justice.jpg","articleSection":["National"],"inLanguage":"fr-FR"},{"@type":"WebPage","@id":"https:\/\/www.webdo.tn\/fr\/actualite\/national\/conference-du-ministre-de-la-justice-leurre-ou-mascarade\/173095\/","url":"https:\/\/www.webdo.tn\/fr\/actualite\/national\/conference-du-ministre-de-la-justice-leurre-ou-mascarade\/173095\/","name":"Conf\u00e9rence du ministre de la Justice, leurre ou mascarade\u00a0!","isPartOf":{"@id":"https:\/\/www.webdo.tn\/fr\/#website"},"primaryImageOfPage":{"@id":"https:\/\/www.webdo.tn\/fr\/actualite\/national\/conference-du-ministre-de-la-justice-leurre-ou-mascarade\/173095\/#primaryimage"},"image":{"@id":"https:\/\/www.webdo.tn\/fr\/actualite\/national\/conference-du-ministre-de-la-justice-leurre-ou-mascarade\/173095\/#primaryimage"},"thumbnailUrl":"https:\/\/www.webdo.tn\/fr\/wp-content\/uploads\/2011\/01\/Justice.jpg","datePublished":"2011-01-26T15:56:00+00:00","description":"Conf\u00e9rence du ministre de la Justice, leurre ou mascarade\u00a0!","breadcrumb":{"@id":"https:\/\/www.webdo.tn\/fr\/actualite\/national\/conference-du-ministre-de-la-justice-leurre-ou-mascarade\/173095\/#breadcrumb"},"inLanguage":"fr-FR","potentialAction":[{"@type":"ReadAction","target":["https:\/\/www.webdo.tn\/fr\/actualite\/national\/conference-du-ministre-de-la-justice-leurre-ou-mascarade\/173095\/"]}]},{"@type":"ImageObject","inLanguage":"fr-FR","@id":"https:\/\/www.webdo.tn\/fr\/actualite\/national\/conference-du-ministre-de-la-justice-leurre-ou-mascarade\/173095\/#primaryimage","url":"https:\/\/www.webdo.tn\/fr\/wp-content\/uploads\/2011\/01\/Justice.jpg","contentUrl":"https:\/\/www.webdo.tn\/fr\/wp-content\/uploads\/2011\/01\/Justice.jpg","width":254,"height":266,"caption":"Conf\u00e9rence du ministre de la Justice, leurre ou mascarade\u00a0!"},{"@type":"BreadcrumbList","@id":"https:\/\/www.webdo.tn\/fr\/actualite\/national\/conference-du-ministre-de-la-justice-leurre-ou-mascarade\/173095\/#breadcrumb","itemListElement":[{"@type":"ListItem","position":1,"name":"Accueil","item":"https:\/\/www.webdo.tn\/fr\/"},{"@type":"ListItem","position":2,"name":"Conf\u00e9rence du ministre de la Justice, leurre ou mascarade\u00a0!"}]},{"@type":"WebSite","@id":"https:\/\/www.webdo.tn\/fr\/#website","url":"https:\/\/www.webdo.tn\/fr\/","name":"webdo","description":"Tunisie - News en Tunisie et \u00e0 l&#039;international sur Webdo.tn","publisher":{"@id":"https:\/\/www.webdo.tn\/fr\/#organization"},"potentialAction":[{"@type":"SearchAction","target":{"@type":"EntryPoint","urlTemplate":"https:\/\/www.webdo.tn\/fr\/?s={search_term_string}"},"query-input":{"@type":"PropertyValueSpecification","valueRequired":true,"valueName":"search_term_string"}}],"inLanguage":"fr-FR"},{"@type":"Organization","@id":"https:\/\/www.webdo.tn\/fr\/#organization","name":"Webdo","alternateName":"Webdo.tn","url":"https:\/\/www.webdo.tn\/fr\/","logo":{"@type":"ImageObject","inLanguage":"fr-FR","@id":"https:\/\/www.webdo.tn\/fr\/#\/schema\/logo\/image\/","url":"https:\/\/www.webdo.tn\/fr\/wp-content\/uploads\/2025\/06\/Webdo-Tunisie_168377.jpg","contentUrl":"https:\/\/www.webdo.tn\/fr\/wp-content\/uploads\/2025\/06\/Webdo-Tunisie_168377.jpg","width":301,"height":301,"caption":"Webdo"},"image":{"@id":"https:\/\/www.webdo.tn\/fr\/#\/schema\/logo\/image\/"},"sameAs":["https:\/\/www.facebook.com\/webdotn","https:\/\/x.com\/webdo_tn"],"description":"Webdo est un m\u00e9dia num\u00e9rique tunisien fond\u00e9 en 2010, sp\u00e9cialis\u00e9 dans l\u2019actualit\u00e9 nationale et internationale, l\u2019\u00e9conomie, la soci\u00e9t\u00e9 et les analyses politiques. Le site s\u2019adresse \u00e0 un large public francophone et couvre l\u2019information tunisienne en temps r\u00e9el.","email":"redac@webdo.tn","legalName":"YNJ SARL","foundingDate":"2010-09-06","numberOfEmployees":{"@type":"QuantitativeValue","minValue":"11","maxValue":"50"}},{"@type":"Person","@id":"https:\/\/www.webdo.tn\/fr\/#\/schema\/person\/9a9c6118d687c117df8ef3cc36a4d175","name":"webdo.tn","image":{"@type":"ImageObject","inLanguage":"fr-FR","@id":"https:\/\/secure.gravatar.com\/avatar\/7ce1f28c0c3bbac99ff550b85ef8e44a6950c6ee24514fb6a5489e51d06f0298?s=96&d=mm&r=g","url":"https:\/\/secure.gravatar.com\/avatar\/7ce1f28c0c3bbac99ff550b85ef8e44a6950c6ee24514fb6a5489e51d06f0298?s=96&d=mm&r=g","contentUrl":"https:\/\/secure.gravatar.com\/avatar\/7ce1f28c0c3bbac99ff550b85ef8e44a6950c6ee24514fb6a5489e51d06f0298?s=96&d=mm&r=g","caption":"webdo.tn"},"url":"https:\/\/www.webdo.tn\/fr\/actualite\/author\/webdotn\/"}]}},"_links":{"self":[{"href":"https:\/\/www.webdo.tn\/fr\/wp-json\/wp\/v2\/posts\/173095","targetHints":{"allow":["GET"]}}],"collection":[{"href":"https:\/\/www.webdo.tn\/fr\/wp-json\/wp\/v2\/posts"}],"about":[{"href":"https:\/\/www.webdo.tn\/fr\/wp-json\/wp\/v2\/types\/post"}],"author":[{"embeddable":true,"href":"https:\/\/www.webdo.tn\/fr\/wp-json\/wp\/v2\/users\/3222"}],"replies":[{"embeddable":true,"href":"https:\/\/www.webdo.tn\/fr\/wp-json\/wp\/v2\/comments?post=173095"}],"version-history":[{"count":0,"href":"https:\/\/www.webdo.tn\/fr\/wp-json\/wp\/v2\/posts\/173095\/revisions"}],"wp:featuredmedia":[{"embeddable":true,"href":"https:\/\/www.webdo.tn\/fr\/wp-json\/wp\/v2\/media\/365792"}],"wp:attachment":[{"href":"https:\/\/www.webdo.tn\/fr\/wp-json\/wp\/v2\/media?parent=173095"}],"wp:term":[{"taxonomy":"category","embeddable":true,"href":"https:\/\/www.webdo.tn\/fr\/wp-json\/wp\/v2\/categories?post=173095"},{"taxonomy":"post_tag","embeddable":true,"href":"https:\/\/www.webdo.tn\/fr\/wp-json\/wp\/v2\/tags?post=173095"}],"curies":[{"name":"wp","href":"https:\/\/api.w.org\/{rel}","templated":true}]}}