{"id":173093,"date":"2011-01-27T10:31:00","date_gmt":"2011-01-27T10:31:00","guid":{"rendered":"https:\/\/www.webdo.tn\/fr\/actualite\/blog\/les-envoyes-speciaux-de-lonu-entamment-leurs-mission-aujourdhui\/173093\/"},"modified":"2011-01-27T10:31:00","modified_gmt":"2011-01-27T10:31:00","slug":"les-envoyes-speciaux-de-lonu-entamment-leurs-mission-aujourdhui","status":"publish","type":"post","link":"https:\/\/www.webdo.tn\/fr\/actualite\/national\/les-envoyes-speciaux-de-lonu-entamment-leurs-mission-aujourdhui\/173093\/","title":{"rendered":"Les envoy\u00e9s sp\u00e9ciaux de l&rsquo;ONU entamment leurs mission aujourd&rsquo;hui"},"content":{"rendered":"<p>Madame Navi Pillay, haut commissaire aux droits de l&rsquo;Homme aupr\u00e8s de l&rsquo;ONU a annonc\u00e9 que la mission des Nations Unies en Tunisie allait d\u00e9buter officiellement aujourd\u2019hui Jeudi 27 Janvier 2011. Cette mission consiste en une \u00e9valuation d&rsquo;une semaine des priorit\u00e9s des droits de l&rsquo;Homme en Tunisie.<\/p>\n<p>La pr\u00e9sence de cet organisme dans notre pays est du essentiellement aux multiples d\u00e9passements observ\u00e9s lors de l&rsquo;ancien r\u00e9gime. Les violences envers les manifestants, les tirs \u00e0 balles r\u00e9elles et les mauvais traitements des prisonniers sont au c\u0153ur des violations des droits de l&rsquo;Homme. Une pr\u00e9sence pressante afin de prot\u00e9ger ces droits en veillant \u00e0 leur respect. Le dernier rapport de l&rsquo;organisation Human Rights Watch (HRW)  a enregistr\u00e9 une nette d\u00e9gradation de la situation des droits de l&rsquo;homme en Tunisie.  C&rsquo;est ainsi que cette \u00e9quipe cherchera en premier lieu \u00e0 se faire une id\u00e9e pr\u00e9cise de cette situation et \u00e9laborer un \u00ab\u00a0plan d&rsquo;action\u00a0\u00bb \u00e0 court et long terme afin d&rsquo;apporter des am\u00e9liorations \u00e0 ces droits.<\/p>\n<p>Cette \u00e9quipe est compos\u00e9 de diff\u00e9rents experts mondiaux, des sp\u00e9cialistes des droits de l&rsquo;Homme ainsi que les chefs de Section Moyen-Orient et Afrique du Nord. Elle rencontrera les autorit\u00e9s int\u00e9rimaires, les repr\u00e9sentants de la soci\u00e9t\u00e9  civile, les Agences  des Nations Unies sur place et d&rsquo;autres acteurs cl\u00e9s. La mission s&rsquo;ach\u00e8vera le 2 F\u00e9vrier 2011.<\/p>\n","protected":false},"excerpt":{"rendered":"<p>Les envoy\u00e9s sp\u00e9ciaux de l&rsquo;ONU entamment leurs mission aujourd&rsquo;hui<\/p>\n","protected":false},"author":3222,"featured_media":365643,"comment_status":"open","ping_status":"closed","sticky":false,"template":"","format":"standard","meta":{"footnotes":""},"categories":[44],"tags":[],"class_list":["post-173093","post","type-post","status-publish","format-standard","has-post-thumbnail","hentry","category-national"],"yoast_head":"<!-- This site is optimized with the Yoast SEO Premium plugin v27.4 (Yoast SEO v27.4) - https:\/\/yoast.com\/product\/yoast-seo-premium-wordpress\/ -->\n<title>Les envoy\u00e9s sp\u00e9ciaux de l&#039;ONU entamment leurs mission aujourd&#039;hui<\/title>\n<meta name=\"description\" content=\"Les envoy\u00e9s sp\u00e9ciaux de l&#039;ONU entamment leurs mission aujourd&#039;hui\" \/>\n<link rel=\"canonical\" href=\"https:\/\/www.webdo.tn\/fr\/actualite\/national\/les-envoyes-speciaux-de-lonu-entamment-leurs-mission-aujourdhui\/173093\/\" \/>\n<meta property=\"og:locale\" content=\"fr_FR\" \/>\n<meta property=\"og:type\" content=\"article\" \/>\n<meta property=\"og:title\" content=\"Les envoy\u00e9s sp\u00e9ciaux de l&#039;ONU entamment leurs mission aujourd&#039;hui\" \/>\n<meta property=\"og:description\" content=\"Les envoy\u00e9s sp\u00e9ciaux de l&#039;ONU entamment leurs mission aujourd&#039;hui\" \/>\n<meta property=\"og:url\" content=\"https:\/\/www.webdo.tn\/fr\/actualite\/national\/les-envoyes-speciaux-de-lonu-entamment-leurs-mission-aujourdhui\/173093\/\" \/>\n<meta property=\"og:site_name\" content=\"webdo\" \/>\n<meta property=\"article:publisher\" content=\"https:\/\/www.facebook.com\/webdotn\" \/>\n<meta property=\"article:published_time\" content=\"2011-01-27T10:31:00+00:00\" \/>\n<meta property=\"og:image\" content=\"https:\/\/www.webdo.tn\/fr\/wp-content\/uploads\/2011\/01\/ONU.jpg\" \/>\n\t<meta property=\"og:image:width\" content=\"280\" \/>\n\t<meta property=\"og:image:height\" content=\"280\" \/>\n\t<meta property=\"og:image:type\" content=\"image\/jpeg\" \/>\n<meta name=\"author\" content=\"webdo.tn\" \/>\n<meta name=\"twitter:card\" content=\"summary_large_image\" \/>\n<meta name=\"twitter:creator\" content=\"@webdo_tn\" \/>\n<meta name=\"twitter:site\" content=\"@webdo_tn\" \/>\n<meta name=\"twitter:label1\" content=\"\u00c9crit par\" \/>\n\t<meta name=\"twitter:data1\" content=\"webdo.tn\" \/>\n\t<meta name=\"twitter:label2\" content=\"Dur\u00e9e de lecture estim\u00e9e\" \/>\n\t<meta name=\"twitter:data2\" content=\"1 minute\" \/>\n<script type=\"application\/ld+json\" class=\"yoast-schema-graph\">{\"@context\":\"https:\\\/\\\/schema.org\",\"@graph\":[{\"@type\":\"NewsArticle\",\"@id\":\"https:\\\/\\\/www.webdo.tn\\\/fr\\\/actualite\\\/national\\\/les-envoyes-speciaux-de-lonu-entamment-leurs-mission-aujourdhui\\\/173093\\\/#article\",\"isPartOf\":{\"@id\":\"https:\\\/\\\/www.webdo.tn\\\/fr\\\/actualite\\\/national\\\/les-envoyes-speciaux-de-lonu-entamment-leurs-mission-aujourdhui\\\/173093\\\/\"},\"author\":{\"name\":\"webdo.tn\",\"@id\":\"https:\\\/\\\/www.webdo.tn\\\/fr\\\/#\\\/schema\\\/person\\\/9a9c6118d687c117df8ef3cc36a4d175\"},\"headline\":\"Les envoy\u00e9s sp\u00e9ciaux de l&rsquo;ONU entamment leurs mission aujourd&rsquo;hui\",\"datePublished\":\"2011-01-27T10:31:00+00:00\",\"mainEntityOfPage\":{\"@id\":\"https:\\\/\\\/www.webdo.tn\\\/fr\\\/actualite\\\/national\\\/les-envoyes-speciaux-de-lonu-entamment-leurs-mission-aujourdhui\\\/173093\\\/\"},\"wordCount\":258,\"commentCount\":0,\"publisher\":{\"@id\":\"https:\\\/\\\/www.webdo.tn\\\/fr\\\/#organization\"},\"image\":{\"@id\":\"https:\\\/\\\/www.webdo.tn\\\/fr\\\/actualite\\\/national\\\/les-envoyes-speciaux-de-lonu-entamment-leurs-mission-aujourdhui\\\/173093\\\/#primaryimage\"},\"thumbnailUrl\":\"https:\\\/\\\/www.webdo.tn\\\/fr\\\/wp-content\\\/uploads\\\/2011\\\/01\\\/ONU.jpg\",\"articleSection\":[\"National\"],\"inLanguage\":\"fr-FR\"},{\"@type\":\"WebPage\",\"@id\":\"https:\\\/\\\/www.webdo.tn\\\/fr\\\/actualite\\\/national\\\/les-envoyes-speciaux-de-lonu-entamment-leurs-mission-aujourdhui\\\/173093\\\/\",\"url\":\"https:\\\/\\\/www.webdo.tn\\\/fr\\\/actualite\\\/national\\\/les-envoyes-speciaux-de-lonu-entamment-leurs-mission-aujourdhui\\\/173093\\\/\",\"name\":\"Les envoy\u00e9s sp\u00e9ciaux de l'ONU entamment leurs mission aujourd'hui\",\"isPartOf\":{\"@id\":\"https:\\\/\\\/www.webdo.tn\\\/fr\\\/#website\"},\"primaryImageOfPage\":{\"@id\":\"https:\\\/\\\/www.webdo.tn\\\/fr\\\/actualite\\\/national\\\/les-envoyes-speciaux-de-lonu-entamment-leurs-mission-aujourdhui\\\/173093\\\/#primaryimage\"},\"image\":{\"@id\":\"https:\\\/\\\/www.webdo.tn\\\/fr\\\/actualite\\\/national\\\/les-envoyes-speciaux-de-lonu-entamment-leurs-mission-aujourdhui\\\/173093\\\/#primaryimage\"},\"thumbnailUrl\":\"https:\\\/\\\/www.webdo.tn\\\/fr\\\/wp-content\\\/uploads\\\/2011\\\/01\\\/ONU.jpg\",\"datePublished\":\"2011-01-27T10:31:00+00:00\",\"description\":\"Les envoy\u00e9s sp\u00e9ciaux de l'ONU entamment leurs mission aujourd'hui\",\"breadcrumb\":{\"@id\":\"https:\\\/\\\/www.webdo.tn\\\/fr\\\/actualite\\\/national\\\/les-envoyes-speciaux-de-lonu-entamment-leurs-mission-aujourdhui\\\/173093\\\/#breadcrumb\"},\"inLanguage\":\"fr-FR\",\"potentialAction\":[{\"@type\":\"ReadAction\",\"target\":[\"https:\\\/\\\/www.webdo.tn\\\/fr\\\/actualite\\\/national\\\/les-envoyes-speciaux-de-lonu-entamment-leurs-mission-aujourdhui\\\/173093\\\/\"]}]},{\"@type\":\"ImageObject\",\"inLanguage\":\"fr-FR\",\"@id\":\"https:\\\/\\\/www.webdo.tn\\\/fr\\\/actualite\\\/national\\\/les-envoyes-speciaux-de-lonu-entamment-leurs-mission-aujourdhui\\\/173093\\\/#primaryimage\",\"url\":\"https:\\\/\\\/www.webdo.tn\\\/fr\\\/wp-content\\\/uploads\\\/2011\\\/01\\\/ONU.jpg\",\"contentUrl\":\"https:\\\/\\\/www.webdo.tn\\\/fr\\\/wp-content\\\/uploads\\\/2011\\\/01\\\/ONU.jpg\",\"width\":280,\"height\":280,\"caption\":\"Les envoy\u00e9s sp\u00e9ciaux de l'ONU entamment leurs mission aujourd'hui\"},{\"@type\":\"BreadcrumbList\",\"@id\":\"https:\\\/\\\/www.webdo.tn\\\/fr\\\/actualite\\\/national\\\/les-envoyes-speciaux-de-lonu-entamment-leurs-mission-aujourdhui\\\/173093\\\/#breadcrumb\",\"itemListElement\":[{\"@type\":\"ListItem\",\"position\":1,\"name\":\"Accueil\",\"item\":\"https:\\\/\\\/www.webdo.tn\\\/fr\\\/\"},{\"@type\":\"ListItem\",\"position\":2,\"name\":\"Les envoy\u00e9s sp\u00e9ciaux de l&rsquo;ONU entamment leurs mission aujourd&rsquo;hui\"}]},{\"@type\":\"WebSite\",\"@id\":\"https:\\\/\\\/www.webdo.tn\\\/fr\\\/#website\",\"url\":\"https:\\\/\\\/www.webdo.tn\\\/fr\\\/\",\"name\":\"webdo\",\"description\":\"Tunisie - News en Tunisie et \u00e0 l&#039;international sur Webdo.tn\",\"publisher\":{\"@id\":\"https:\\\/\\\/www.webdo.tn\\\/fr\\\/#organization\"},\"potentialAction\":[{\"@type\":\"SearchAction\",\"target\":{\"@type\":\"EntryPoint\",\"urlTemplate\":\"https:\\\/\\\/www.webdo.tn\\\/fr\\\/?s={search_term_string}\"},\"query-input\":{\"@type\":\"PropertyValueSpecification\",\"valueRequired\":true,\"valueName\":\"search_term_string\"}}],\"inLanguage\":\"fr-FR\"},{\"@type\":\"Organization\",\"@id\":\"https:\\\/\\\/www.webdo.tn\\\/fr\\\/#organization\",\"name\":\"Webdo\",\"alternateName\":\"Webdo.tn\",\"url\":\"https:\\\/\\\/www.webdo.tn\\\/fr\\\/\",\"logo\":{\"@type\":\"ImageObject\",\"inLanguage\":\"fr-FR\",\"@id\":\"https:\\\/\\\/www.webdo.tn\\\/fr\\\/#\\\/schema\\\/logo\\\/image\\\/\",\"url\":\"https:\\\/\\\/www.webdo.tn\\\/fr\\\/wp-content\\\/uploads\\\/2025\\\/06\\\/Webdo-Tunisie_168377.jpg\",\"contentUrl\":\"https:\\\/\\\/www.webdo.tn\\\/fr\\\/wp-content\\\/uploads\\\/2025\\\/06\\\/Webdo-Tunisie_168377.jpg\",\"width\":301,\"height\":301,\"caption\":\"Webdo\"},\"image\":{\"@id\":\"https:\\\/\\\/www.webdo.tn\\\/fr\\\/#\\\/schema\\\/logo\\\/image\\\/\"},\"sameAs\":[\"https:\\\/\\\/www.facebook.com\\\/webdotn\",\"https:\\\/\\\/x.com\\\/webdo_tn\"],\"description\":\"Webdo est un m\u00e9dia num\u00e9rique tunisien fond\u00e9 en 2010, sp\u00e9cialis\u00e9 dans l\u2019actualit\u00e9 nationale et internationale, l\u2019\u00e9conomie, la soci\u00e9t\u00e9 et les analyses politiques. Le site s\u2019adresse \u00e0 un large public francophone et couvre l\u2019information tunisienne en temps r\u00e9el.\",\"email\":\"redac@webdo.tn\",\"legalName\":\"YNJ SARL\",\"foundingDate\":\"2010-09-06\",\"numberOfEmployees\":{\"@type\":\"QuantitativeValue\",\"minValue\":\"11\",\"maxValue\":\"50\"}},{\"@type\":\"Person\",\"@id\":\"https:\\\/\\\/www.webdo.tn\\\/fr\\\/#\\\/schema\\\/person\\\/9a9c6118d687c117df8ef3cc36a4d175\",\"name\":\"webdo.tn\",\"image\":{\"@type\":\"ImageObject\",\"inLanguage\":\"fr-FR\",\"@id\":\"https:\\\/\\\/secure.gravatar.com\\\/avatar\\\/7ce1f28c0c3bbac99ff550b85ef8e44a6950c6ee24514fb6a5489e51d06f0298?s=96&d=mm&r=g\",\"url\":\"https:\\\/\\\/secure.gravatar.com\\\/avatar\\\/7ce1f28c0c3bbac99ff550b85ef8e44a6950c6ee24514fb6a5489e51d06f0298?s=96&d=mm&r=g\",\"contentUrl\":\"https:\\\/\\\/secure.gravatar.com\\\/avatar\\\/7ce1f28c0c3bbac99ff550b85ef8e44a6950c6ee24514fb6a5489e51d06f0298?s=96&d=mm&r=g\",\"caption\":\"webdo.tn\"},\"url\":\"https:\\\/\\\/www.webdo.tn\\\/fr\\\/actualite\\\/author\\\/webdotn\\\/\"}]}<\/script>\n<!-- \/ Yoast SEO Premium plugin. -->","yoast_head_json":{"title":"Les envoy\u00e9s sp\u00e9ciaux de l'ONU entamment leurs mission aujourd'hui","description":"Les envoy\u00e9s sp\u00e9ciaux de l'ONU entamment leurs mission aujourd'hui","canonical":"https:\/\/www.webdo.tn\/fr\/actualite\/national\/les-envoyes-speciaux-de-lonu-entamment-leurs-mission-aujourdhui\/173093\/","og_locale":"fr_FR","og_type":"article","og_title":"Les envoy\u00e9s sp\u00e9ciaux de l'ONU entamment leurs mission aujourd'hui","og_description":"Les envoy\u00e9s sp\u00e9ciaux de l'ONU entamment leurs mission aujourd'hui","og_url":"https:\/\/www.webdo.tn\/fr\/actualite\/national\/les-envoyes-speciaux-de-lonu-entamment-leurs-mission-aujourdhui\/173093\/","og_site_name":"webdo","article_publisher":"https:\/\/www.facebook.com\/webdotn","article_published_time":"2011-01-27T10:31:00+00:00","og_image":[{"width":280,"height":280,"url":"https:\/\/www.webdo.tn\/fr\/wp-content\/uploads\/2011\/01\/ONU.jpg","type":"image\/jpeg"}],"author":"webdo.tn","twitter_card":"summary_large_image","twitter_creator":"@webdo_tn","twitter_site":"@webdo_tn","twitter_misc":{"\u00c9crit par":"webdo.tn","Dur\u00e9e de lecture estim\u00e9e":"1 minute"},"schema":{"@context":"https:\/\/schema.org","@graph":[{"@type":"NewsArticle","@id":"https:\/\/www.webdo.tn\/fr\/actualite\/national\/les-envoyes-speciaux-de-lonu-entamment-leurs-mission-aujourdhui\/173093\/#article","isPartOf":{"@id":"https:\/\/www.webdo.tn\/fr\/actualite\/national\/les-envoyes-speciaux-de-lonu-entamment-leurs-mission-aujourdhui\/173093\/"},"author":{"name":"webdo.tn","@id":"https:\/\/www.webdo.tn\/fr\/#\/schema\/person\/9a9c6118d687c117df8ef3cc36a4d175"},"headline":"Les envoy\u00e9s sp\u00e9ciaux de l&rsquo;ONU entamment leurs mission aujourd&rsquo;hui","datePublished":"2011-01-27T10:31:00+00:00","mainEntityOfPage":{"@id":"https:\/\/www.webdo.tn\/fr\/actualite\/national\/les-envoyes-speciaux-de-lonu-entamment-leurs-mission-aujourdhui\/173093\/"},"wordCount":258,"commentCount":0,"publisher":{"@id":"https:\/\/www.webdo.tn\/fr\/#organization"},"image":{"@id":"https:\/\/www.webdo.tn\/fr\/actualite\/national\/les-envoyes-speciaux-de-lonu-entamment-leurs-mission-aujourdhui\/173093\/#primaryimage"},"thumbnailUrl":"https:\/\/www.webdo.tn\/fr\/wp-content\/uploads\/2011\/01\/ONU.jpg","articleSection":["National"],"inLanguage":"fr-FR"},{"@type":"WebPage","@id":"https:\/\/www.webdo.tn\/fr\/actualite\/national\/les-envoyes-speciaux-de-lonu-entamment-leurs-mission-aujourdhui\/173093\/","url":"https:\/\/www.webdo.tn\/fr\/actualite\/national\/les-envoyes-speciaux-de-lonu-entamment-leurs-mission-aujourdhui\/173093\/","name":"Les envoy\u00e9s sp\u00e9ciaux de l'ONU entamment leurs mission aujourd'hui","isPartOf":{"@id":"https:\/\/www.webdo.tn\/fr\/#website"},"primaryImageOfPage":{"@id":"https:\/\/www.webdo.tn\/fr\/actualite\/national\/les-envoyes-speciaux-de-lonu-entamment-leurs-mission-aujourdhui\/173093\/#primaryimage"},"image":{"@id":"https:\/\/www.webdo.tn\/fr\/actualite\/national\/les-envoyes-speciaux-de-lonu-entamment-leurs-mission-aujourdhui\/173093\/#primaryimage"},"thumbnailUrl":"https:\/\/www.webdo.tn\/fr\/wp-content\/uploads\/2011\/01\/ONU.jpg","datePublished":"2011-01-27T10:31:00+00:00","description":"Les envoy\u00e9s sp\u00e9ciaux de l'ONU entamment leurs mission aujourd'hui","breadcrumb":{"@id":"https:\/\/www.webdo.tn\/fr\/actualite\/national\/les-envoyes-speciaux-de-lonu-entamment-leurs-mission-aujourdhui\/173093\/#breadcrumb"},"inLanguage":"fr-FR","potentialAction":[{"@type":"ReadAction","target":["https:\/\/www.webdo.tn\/fr\/actualite\/national\/les-envoyes-speciaux-de-lonu-entamment-leurs-mission-aujourdhui\/173093\/"]}]},{"@type":"ImageObject","inLanguage":"fr-FR","@id":"https:\/\/www.webdo.tn\/fr\/actualite\/national\/les-envoyes-speciaux-de-lonu-entamment-leurs-mission-aujourdhui\/173093\/#primaryimage","url":"https:\/\/www.webdo.tn\/fr\/wp-content\/uploads\/2011\/01\/ONU.jpg","contentUrl":"https:\/\/www.webdo.tn\/fr\/wp-content\/uploads\/2011\/01\/ONU.jpg","width":280,"height":280,"caption":"Les envoy\u00e9s sp\u00e9ciaux de l'ONU entamment leurs mission aujourd'hui"},{"@type":"BreadcrumbList","@id":"https:\/\/www.webdo.tn\/fr\/actualite\/national\/les-envoyes-speciaux-de-lonu-entamment-leurs-mission-aujourdhui\/173093\/#breadcrumb","itemListElement":[{"@type":"ListItem","position":1,"name":"Accueil","item":"https:\/\/www.webdo.tn\/fr\/"},{"@type":"ListItem","position":2,"name":"Les envoy\u00e9s sp\u00e9ciaux de l&rsquo;ONU entamment leurs mission aujourd&rsquo;hui"}]},{"@type":"WebSite","@id":"https:\/\/www.webdo.tn\/fr\/#website","url":"https:\/\/www.webdo.tn\/fr\/","name":"webdo","description":"Tunisie - News en Tunisie et \u00e0 l&#039;international sur Webdo.tn","publisher":{"@id":"https:\/\/www.webdo.tn\/fr\/#organization"},"potentialAction":[{"@type":"SearchAction","target":{"@type":"EntryPoint","urlTemplate":"https:\/\/www.webdo.tn\/fr\/?s={search_term_string}"},"query-input":{"@type":"PropertyValueSpecification","valueRequired":true,"valueName":"search_term_string"}}],"inLanguage":"fr-FR"},{"@type":"Organization","@id":"https:\/\/www.webdo.tn\/fr\/#organization","name":"Webdo","alternateName":"Webdo.tn","url":"https:\/\/www.webdo.tn\/fr\/","logo":{"@type":"ImageObject","inLanguage":"fr-FR","@id":"https:\/\/www.webdo.tn\/fr\/#\/schema\/logo\/image\/","url":"https:\/\/www.webdo.tn\/fr\/wp-content\/uploads\/2025\/06\/Webdo-Tunisie_168377.jpg","contentUrl":"https:\/\/www.webdo.tn\/fr\/wp-content\/uploads\/2025\/06\/Webdo-Tunisie_168377.jpg","width":301,"height":301,"caption":"Webdo"},"image":{"@id":"https:\/\/www.webdo.tn\/fr\/#\/schema\/logo\/image\/"},"sameAs":["https:\/\/www.facebook.com\/webdotn","https:\/\/x.com\/webdo_tn"],"description":"Webdo est un m\u00e9dia num\u00e9rique tunisien fond\u00e9 en 2010, sp\u00e9cialis\u00e9 dans l\u2019actualit\u00e9 nationale et internationale, l\u2019\u00e9conomie, la soci\u00e9t\u00e9 et les analyses politiques. Le site s\u2019adresse \u00e0 un large public francophone et couvre l\u2019information tunisienne en temps r\u00e9el.","email":"redac@webdo.tn","legalName":"YNJ SARL","foundingDate":"2010-09-06","numberOfEmployees":{"@type":"QuantitativeValue","minValue":"11","maxValue":"50"}},{"@type":"Person","@id":"https:\/\/www.webdo.tn\/fr\/#\/schema\/person\/9a9c6118d687c117df8ef3cc36a4d175","name":"webdo.tn","image":{"@type":"ImageObject","inLanguage":"fr-FR","@id":"https:\/\/secure.gravatar.com\/avatar\/7ce1f28c0c3bbac99ff550b85ef8e44a6950c6ee24514fb6a5489e51d06f0298?s=96&d=mm&r=g","url":"https:\/\/secure.gravatar.com\/avatar\/7ce1f28c0c3bbac99ff550b85ef8e44a6950c6ee24514fb6a5489e51d06f0298?s=96&d=mm&r=g","contentUrl":"https:\/\/secure.gravatar.com\/avatar\/7ce1f28c0c3bbac99ff550b85ef8e44a6950c6ee24514fb6a5489e51d06f0298?s=96&d=mm&r=g","caption":"webdo.tn"},"url":"https:\/\/www.webdo.tn\/fr\/actualite\/author\/webdotn\/"}]}},"_links":{"self":[{"href":"https:\/\/www.webdo.tn\/fr\/wp-json\/wp\/v2\/posts\/173093","targetHints":{"allow":["GET"]}}],"collection":[{"href":"https:\/\/www.webdo.tn\/fr\/wp-json\/wp\/v2\/posts"}],"about":[{"href":"https:\/\/www.webdo.tn\/fr\/wp-json\/wp\/v2\/types\/post"}],"author":[{"embeddable":true,"href":"https:\/\/www.webdo.tn\/fr\/wp-json\/wp\/v2\/users\/3222"}],"replies":[{"embeddable":true,"href":"https:\/\/www.webdo.tn\/fr\/wp-json\/wp\/v2\/comments?post=173093"}],"version-history":[{"count":0,"href":"https:\/\/www.webdo.tn\/fr\/wp-json\/wp\/v2\/posts\/173093\/revisions"}],"wp:featuredmedia":[{"embeddable":true,"href":"https:\/\/www.webdo.tn\/fr\/wp-json\/wp\/v2\/media\/365643"}],"wp:attachment":[{"href":"https:\/\/www.webdo.tn\/fr\/wp-json\/wp\/v2\/media?parent=173093"}],"wp:term":[{"taxonomy":"category","embeddable":true,"href":"https:\/\/www.webdo.tn\/fr\/wp-json\/wp\/v2\/categories?post=173093"},{"taxonomy":"post_tag","embeddable":true,"href":"https:\/\/www.webdo.tn\/fr\/wp-json\/wp\/v2\/tags?post=173093"}],"curies":[{"name":"wp","href":"https:\/\/api.w.org\/{rel}","templated":true}]}}