{"id":173092,"date":"2011-01-27T11:00:00","date_gmt":"2011-01-27T11:00:00","guid":{"rendered":"https:\/\/www.webdo.tn\/fr\/actualite\/blog\/revolution-livresque-les-plumes-se-dechainent\/117050\/"},"modified":"2025-06-04T21:03:47","modified_gmt":"2025-06-04T21:03:47","slug":"revolution-livresque-les-plumes-se-dechainent","status":"publish","type":"post","link":"https:\/\/www.webdo.tn\/fr\/actualite\/national\/revolution-livresque-les-plumes-se-dechainent\/173092\/","title":{"rendered":"R\u00e9volution livresque : les plumes (se) d\u00e9cha\u00eenent !"},"content":{"rendered":"<p>La libert\u00e9 de l\u2019\u00e9dition nouvellement r\u00e9tablie, affranchie des cha\u00eenes de la censure et lib\u00e9r\u00e9e de la r\u00e9probation manuscripturale vient de livrer et de r\u00e9v\u00e9ler ses primeurs livresques.<\/p>\n<p>Un floril\u00e8ge de livres que l\u2019on vient, tr\u00e8s r\u00e9cemment, de d\u00e9poussi\u00e9rer font leur apparition sur les \u00e9tals des librairies de la place. Ils appartiennent et aux plumes occidentales et \u00e0 leurs homologues tunisiennes et arabes.<\/p>\n<p>Le livre pav\u00e9 qui coiffe la liste est s\u00fbrement \u00abLa R\u00e9gente de Carthage , main basse sur la Tunisie\u00bb, concoct\u00e9 par Nicolas Beau et Cathrine Graciet , suivi de \u00abHabib Bourguiba, la trace et l\u2019h\u00e9ritage\u00bb de Michel Camian et Vincent Greisser, et \u00abDans le secret des pr\u00e9sidents, CIA, Maison-Blanche, Elys\u00e9e\u00bb. Le livre se focalise sur des \u00abdossiers confidentiels qui datent de 1981 jusqu\u2019\u00e0 2010, et comportant  une \u00abr\u00e9v\u00e9lation sur Mitterrand, Chirac et Sarkozy\u00bb.<\/p>\n<p>\u00abLa force de l\u2019ob\u00e9issance\u00bb, un bouquin qui met l\u2019accent sur ce que son auteur Beatrice Hibou nomme \u00abL\u2019\u00e9conomie politique de la r\u00e9pression en Tunisie\u00bb fait \u00e9galement son apparition ainsi que \u00abTunisie, le livre noir\u00bb, tir\u00e9 des \u00abdocuments r\u00e9unis par Reporters sans fronti\u00e8res\u00bb pr\u00e9fac\u00e9 par Gilles Perraut, et \u00abPenseurs libres en Islam, un intellectuel musulman dans la Tunisie de Ben Ali\u00bb, d\u2019Albin Michel.<\/p>\n<p>Quant aux livres appartenant aux \u00e9crivains et pol\u00e9mistes tunisiens et arabes, longtemps censur\u00e9s, nous constatons l\u2019apparition de \u00abL\u2019Europe et ses despotes\u00bb de Sihem Ben Sedrine et Omar Mestiri, \u00abLe Rire de la baleine\u00bb (r\u00e9cit) et \u00abLe fou de Tunisie\u00bb du journaliste et \u00e9crivain pamphl\u00e9taire Taoufik Ben Brik, \u00abL\u2019assassinat de Salah Ben Youssef\u00bb d\u2019Omar Khlifi, \u00abMon combat pour les lumi\u00e8res\u00bb, pr\u00e9face de Bertrand Delano\u00eb de Mohamed Charfi, \u00abLa Gamelle et le couffin\u00bb, de Fethi Ben Hadj Yahia et \u00abAl-Qa\u00efda Maghreb islamique, le groupe terroriste qui menace la France\u00bb de Mohamed Sifaoui.<\/p>\n<p>Parmi les livres d\u2019expression arabe que l\u2019on taxait jadis de \u00abdangereux\u00bb figurent \u00abNe sois pas triste\u00bb du Dr. Aa\u00efdh El Korni, \u00abLes origines des arrivistes\u00bb de Mohamed Aboulkacem Hadj Ahmed, \u00abLa la\u00efcit\u00e9 et le refus islamique\u00bb d\u2019Ali El Amim, \u00abLa Fragilit\u00e9 de l\u2019id\u00e9ologie et le despotisme politique\u00bb de Khaled El Haroub et\u00abL\u2019id\u00e9ologie de l\u2019islam politique et du communisme\u00bb du docteur Sameh Mohamed Isma\u00ebl.<\/p>\n<p>Les \u00e9critures appartenant aux partisans de la gauche tunisienne sont aussi \u00e0 l\u2019ordre du jour. Nous en citons  \u00abLa g\u00e9n\u00e9ration de la R\u00e9volution, m\u00e9moires d\u2019un combattant\u00bb d\u2019Hamed Zghal et \u00abLa prison est menteuse et le survivant reviendra \u00e0 son berceau, des feuillets du dossier de la gauche pendant l\u2019\u00e8re bourguibienne\u00bb de Fethi Belhadj Kacem \u2026   Et j\u2019en passe ! Bonne lecture !<\/p>\n","protected":false},"excerpt":{"rendered":"<p>R\u00e9volution livresque : les plumes (se) d\u00e9cha\u00eenent !<\/p>\n","protected":false},"author":3222,"featured_media":376290,"comment_status":"open","ping_status":"closed","sticky":false,"template":"","format":"standard","meta":{"footnotes":""},"categories":[44],"tags":[],"class_list":["post-173092","post","type-post","status-publish","format-standard","has-post-thumbnail","hentry","category-national"],"yoast_head":"<!-- This site is optimized with the Yoast SEO Premium plugin v27.4 (Yoast SEO v27.4) - https:\/\/yoast.com\/product\/yoast-seo-premium-wordpress\/ -->\n<title>R\u00e9volution livresque : les plumes (se) d\u00e9cha\u00eenent !<\/title>\n<meta name=\"description\" content=\"R\u00e9volution livresque : les plumes (se) d\u00e9cha\u00eenent !\" \/>\n<link rel=\"canonical\" href=\"https:\/\/www.webdo.tn\/fr\/actualite\/tunis-hebdo\/revolution-livresque-les-plumes-se-dechainent\/173092\/\" \/>\n<meta property=\"og:locale\" content=\"fr_FR\" \/>\n<meta property=\"og:type\" content=\"article\" \/>\n<meta property=\"og:title\" content=\"R\u00e9volution livresque : les plumes (se) d\u00e9cha\u00eenent !\" \/>\n<meta property=\"og:description\" content=\"R\u00e9volution livresque : les plumes (se) d\u00e9cha\u00eenent !\" \/>\n<meta property=\"og:url\" content=\"https:\/\/www.webdo.tn\/fr\/actualite\/tunis-hebdo\/revolution-livresque-les-plumes-se-dechainent\/173092\/\" \/>\n<meta property=\"og:site_name\" content=\"webdo\" \/>\n<meta property=\"article:publisher\" content=\"https:\/\/www.facebook.com\/webdotn\" \/>\n<meta property=\"article:published_time\" content=\"2011-01-27T11:00:00+00:00\" \/>\n<meta property=\"article:modified_time\" content=\"2025-06-04T21:03:47+00:00\" \/>\n<meta name=\"author\" content=\"webdo.tn\" \/>\n<meta name=\"twitter:card\" content=\"summary_large_image\" \/>\n<meta name=\"twitter:creator\" content=\"@webdo_tn\" \/>\n<meta name=\"twitter:site\" content=\"@webdo_tn\" \/>\n<meta name=\"twitter:label1\" content=\"\u00c9crit par\" \/>\n\t<meta name=\"twitter:data1\" content=\"webdo.tn\" \/>\n\t<meta name=\"twitter:label2\" content=\"Dur\u00e9e de lecture estim\u00e9e\" \/>\n\t<meta name=\"twitter:data2\" content=\"2 minutes\" \/>\n<script type=\"application\/ld+json\" class=\"yoast-schema-graph\">{\"@context\":\"https:\\\/\\\/schema.org\",\"@graph\":[{\"@type\":\"NewsArticle\",\"@id\":\"https:\\\/\\\/www.webdo.tn\\\/fr\\\/actualite\\\/tunis-hebdo\\\/revolution-livresque-les-plumes-se-dechainent\\\/173092\\\/#article\",\"isPartOf\":{\"@id\":\"https:\\\/\\\/www.webdo.tn\\\/fr\\\/actualite\\\/tunis-hebdo\\\/revolution-livresque-les-plumes-se-dechainent\\\/173092\\\/\"},\"author\":{\"name\":\"webdo.tn\",\"@id\":\"https:\\\/\\\/www.webdo.tn\\\/fr\\\/#\\\/schema\\\/person\\\/9a9c6118d687c117df8ef3cc36a4d175\"},\"headline\":\"R\u00e9volution livresque : les plumes (se) d\u00e9cha\u00eenent !\",\"datePublished\":\"2011-01-27T11:00:00+00:00\",\"dateModified\":\"2025-06-04T21:03:47+00:00\",\"mainEntityOfPage\":{\"@id\":\"https:\\\/\\\/www.webdo.tn\\\/fr\\\/actualite\\\/tunis-hebdo\\\/revolution-livresque-les-plumes-se-dechainent\\\/173092\\\/\"},\"wordCount\":474,\"commentCount\":0,\"publisher\":{\"@id\":\"https:\\\/\\\/www.webdo.tn\\\/fr\\\/#organization\"},\"image\":{\"@id\":\"https:\\\/\\\/www.webdo.tn\\\/fr\\\/actualite\\\/tunis-hebdo\\\/revolution-livresque-les-plumes-se-dechainent\\\/173092\\\/#primaryimage\"},\"thumbnailUrl\":\"https:\\\/\\\/www.webdo.tn\\\/fr\\\/wp-content\\\/uploads\\\/2025\\\/06\\\/FireShot-Capture-1063-webdo_default-53-750x375.jpg-750\u00d7375-www.webdo_.tn_.png\",\"articleSection\":[\"National\"],\"inLanguage\":\"fr-FR\"},{\"@type\":\"WebPage\",\"@id\":\"https:\\\/\\\/www.webdo.tn\\\/fr\\\/actualite\\\/tunis-hebdo\\\/revolution-livresque-les-plumes-se-dechainent\\\/173092\\\/\",\"url\":\"https:\\\/\\\/www.webdo.tn\\\/fr\\\/actualite\\\/tunis-hebdo\\\/revolution-livresque-les-plumes-se-dechainent\\\/173092\\\/\",\"name\":\"R\u00e9volution livresque : les plumes (se) d\u00e9cha\u00eenent !\",\"isPartOf\":{\"@id\":\"https:\\\/\\\/www.webdo.tn\\\/fr\\\/#website\"},\"primaryImageOfPage\":{\"@id\":\"https:\\\/\\\/www.webdo.tn\\\/fr\\\/actualite\\\/tunis-hebdo\\\/revolution-livresque-les-plumes-se-dechainent\\\/173092\\\/#primaryimage\"},\"image\":{\"@id\":\"https:\\\/\\\/www.webdo.tn\\\/fr\\\/actualite\\\/tunis-hebdo\\\/revolution-livresque-les-plumes-se-dechainent\\\/173092\\\/#primaryimage\"},\"thumbnailUrl\":\"https:\\\/\\\/www.webdo.tn\\\/fr\\\/wp-content\\\/uploads\\\/2025\\\/06\\\/FireShot-Capture-1063-webdo_default-53-750x375.jpg-750\u00d7375-www.webdo_.tn_.png\",\"datePublished\":\"2011-01-27T11:00:00+00:00\",\"dateModified\":\"2025-06-04T21:03:47+00:00\",\"description\":\"R\u00e9volution livresque : les plumes (se) d\u00e9cha\u00eenent !\",\"breadcrumb\":{\"@id\":\"https:\\\/\\\/www.webdo.tn\\\/fr\\\/actualite\\\/tunis-hebdo\\\/revolution-livresque-les-plumes-se-dechainent\\\/173092\\\/#breadcrumb\"},\"inLanguage\":\"fr-FR\",\"potentialAction\":[{\"@type\":\"ReadAction\",\"target\":[\"https:\\\/\\\/www.webdo.tn\\\/fr\\\/actualite\\\/tunis-hebdo\\\/revolution-livresque-les-plumes-se-dechainent\\\/173092\\\/\"]}]},{\"@type\":\"ImageObject\",\"inLanguage\":\"fr-FR\",\"@id\":\"https:\\\/\\\/www.webdo.tn\\\/fr\\\/actualite\\\/tunis-hebdo\\\/revolution-livresque-les-plumes-se-dechainent\\\/173092\\\/#primaryimage\",\"url\":\"https:\\\/\\\/www.webdo.tn\\\/fr\\\/wp-content\\\/uploads\\\/2025\\\/06\\\/FireShot-Capture-1063-webdo_default-53-750x375.jpg-750\u00d7375-www.webdo_.tn_.png\",\"contentUrl\":\"https:\\\/\\\/www.webdo.tn\\\/fr\\\/wp-content\\\/uploads\\\/2025\\\/06\\\/FireShot-Capture-1063-webdo_default-53-750x375.jpg-750\u00d7375-www.webdo_.tn_.png\",\"width\":746,\"height\":371},{\"@type\":\"BreadcrumbList\",\"@id\":\"https:\\\/\\\/www.webdo.tn\\\/fr\\\/actualite\\\/tunis-hebdo\\\/revolution-livresque-les-plumes-se-dechainent\\\/173092\\\/#breadcrumb\",\"itemListElement\":[{\"@type\":\"ListItem\",\"position\":1,\"name\":\"Accueil\",\"item\":\"https:\\\/\\\/www.webdo.tn\\\/fr\\\/\"},{\"@type\":\"ListItem\",\"position\":2,\"name\":\"R\u00e9volution livresque : les plumes (se) d\u00e9cha\u00eenent !\"}]},{\"@type\":\"WebSite\",\"@id\":\"https:\\\/\\\/www.webdo.tn\\\/fr\\\/#website\",\"url\":\"https:\\\/\\\/www.webdo.tn\\\/fr\\\/\",\"name\":\"webdo\",\"description\":\"Tunisie - News en Tunisie et \u00e0 l&#039;international sur Webdo.tn\",\"publisher\":{\"@id\":\"https:\\\/\\\/www.webdo.tn\\\/fr\\\/#organization\"},\"potentialAction\":[{\"@type\":\"SearchAction\",\"target\":{\"@type\":\"EntryPoint\",\"urlTemplate\":\"https:\\\/\\\/www.webdo.tn\\\/fr\\\/?s={search_term_string}\"},\"query-input\":{\"@type\":\"PropertyValueSpecification\",\"valueRequired\":true,\"valueName\":\"search_term_string\"}}],\"inLanguage\":\"fr-FR\"},{\"@type\":\"Organization\",\"@id\":\"https:\\\/\\\/www.webdo.tn\\\/fr\\\/#organization\",\"name\":\"Webdo\",\"alternateName\":\"Webdo.tn\",\"url\":\"https:\\\/\\\/www.webdo.tn\\\/fr\\\/\",\"logo\":{\"@type\":\"ImageObject\",\"inLanguage\":\"fr-FR\",\"@id\":\"https:\\\/\\\/www.webdo.tn\\\/fr\\\/#\\\/schema\\\/logo\\\/image\\\/\",\"url\":\"https:\\\/\\\/www.webdo.tn\\\/fr\\\/wp-content\\\/uploads\\\/2025\\\/06\\\/Webdo-Tunisie_168377.jpg\",\"contentUrl\":\"https:\\\/\\\/www.webdo.tn\\\/fr\\\/wp-content\\\/uploads\\\/2025\\\/06\\\/Webdo-Tunisie_168377.jpg\",\"width\":301,\"height\":301,\"caption\":\"Webdo\"},\"image\":{\"@id\":\"https:\\\/\\\/www.webdo.tn\\\/fr\\\/#\\\/schema\\\/logo\\\/image\\\/\"},\"sameAs\":[\"https:\\\/\\\/www.facebook.com\\\/webdotn\",\"https:\\\/\\\/x.com\\\/webdo_tn\"],\"description\":\"Webdo est un m\u00e9dia num\u00e9rique tunisien fond\u00e9 en 2010, sp\u00e9cialis\u00e9 dans l\u2019actualit\u00e9 nationale et internationale, l\u2019\u00e9conomie, la soci\u00e9t\u00e9 et les analyses politiques. Le site s\u2019adresse \u00e0 un large public francophone et couvre l\u2019information tunisienne en temps r\u00e9el.\",\"email\":\"redac@webdo.tn\",\"legalName\":\"YNJ SARL\",\"foundingDate\":\"2010-09-06\",\"numberOfEmployees\":{\"@type\":\"QuantitativeValue\",\"minValue\":\"11\",\"maxValue\":\"50\"}},{\"@type\":\"Person\",\"@id\":\"https:\\\/\\\/www.webdo.tn\\\/fr\\\/#\\\/schema\\\/person\\\/9a9c6118d687c117df8ef3cc36a4d175\",\"name\":\"webdo.tn\",\"image\":{\"@type\":\"ImageObject\",\"inLanguage\":\"fr-FR\",\"@id\":\"https:\\\/\\\/secure.gravatar.com\\\/avatar\\\/7ce1f28c0c3bbac99ff550b85ef8e44a6950c6ee24514fb6a5489e51d06f0298?s=96&d=mm&r=g\",\"url\":\"https:\\\/\\\/secure.gravatar.com\\\/avatar\\\/7ce1f28c0c3bbac99ff550b85ef8e44a6950c6ee24514fb6a5489e51d06f0298?s=96&d=mm&r=g\",\"contentUrl\":\"https:\\\/\\\/secure.gravatar.com\\\/avatar\\\/7ce1f28c0c3bbac99ff550b85ef8e44a6950c6ee24514fb6a5489e51d06f0298?s=96&d=mm&r=g\",\"caption\":\"webdo.tn\"},\"url\":\"https:\\\/\\\/www.webdo.tn\\\/fr\\\/actualite\\\/author\\\/webdotn\\\/\"}]}<\/script>\n<!-- \/ Yoast SEO Premium plugin. -->","yoast_head_json":{"title":"R\u00e9volution livresque : les plumes (se) d\u00e9cha\u00eenent !","description":"R\u00e9volution livresque : les plumes (se) d\u00e9cha\u00eenent !","canonical":"https:\/\/www.webdo.tn\/fr\/actualite\/tunis-hebdo\/revolution-livresque-les-plumes-se-dechainent\/173092\/","og_locale":"fr_FR","og_type":"article","og_title":"R\u00e9volution livresque : les plumes (se) d\u00e9cha\u00eenent !","og_description":"R\u00e9volution livresque : les plumes (se) d\u00e9cha\u00eenent !","og_url":"https:\/\/www.webdo.tn\/fr\/actualite\/tunis-hebdo\/revolution-livresque-les-plumes-se-dechainent\/173092\/","og_site_name":"webdo","article_publisher":"https:\/\/www.facebook.com\/webdotn","article_published_time":"2011-01-27T11:00:00+00:00","article_modified_time":"2025-06-04T21:03:47+00:00","author":"webdo.tn","twitter_card":"summary_large_image","twitter_creator":"@webdo_tn","twitter_site":"@webdo_tn","twitter_misc":{"\u00c9crit par":"webdo.tn","Dur\u00e9e de lecture estim\u00e9e":"2 minutes"},"schema":{"@context":"https:\/\/schema.org","@graph":[{"@type":"NewsArticle","@id":"https:\/\/www.webdo.tn\/fr\/actualite\/tunis-hebdo\/revolution-livresque-les-plumes-se-dechainent\/173092\/#article","isPartOf":{"@id":"https:\/\/www.webdo.tn\/fr\/actualite\/tunis-hebdo\/revolution-livresque-les-plumes-se-dechainent\/173092\/"},"author":{"name":"webdo.tn","@id":"https:\/\/www.webdo.tn\/fr\/#\/schema\/person\/9a9c6118d687c117df8ef3cc36a4d175"},"headline":"R\u00e9volution livresque : les plumes (se) d\u00e9cha\u00eenent !","datePublished":"2011-01-27T11:00:00+00:00","dateModified":"2025-06-04T21:03:47+00:00","mainEntityOfPage":{"@id":"https:\/\/www.webdo.tn\/fr\/actualite\/tunis-hebdo\/revolution-livresque-les-plumes-se-dechainent\/173092\/"},"wordCount":474,"commentCount":0,"publisher":{"@id":"https:\/\/www.webdo.tn\/fr\/#organization"},"image":{"@id":"https:\/\/www.webdo.tn\/fr\/actualite\/tunis-hebdo\/revolution-livresque-les-plumes-se-dechainent\/173092\/#primaryimage"},"thumbnailUrl":"https:\/\/www.webdo.tn\/fr\/wp-content\/uploads\/2025\/06\/FireShot-Capture-1063-webdo_default-53-750x375.jpg-750\u00d7375-www.webdo_.tn_.png","articleSection":["National"],"inLanguage":"fr-FR"},{"@type":"WebPage","@id":"https:\/\/www.webdo.tn\/fr\/actualite\/tunis-hebdo\/revolution-livresque-les-plumes-se-dechainent\/173092\/","url":"https:\/\/www.webdo.tn\/fr\/actualite\/tunis-hebdo\/revolution-livresque-les-plumes-se-dechainent\/173092\/","name":"R\u00e9volution livresque : les plumes (se) d\u00e9cha\u00eenent !","isPartOf":{"@id":"https:\/\/www.webdo.tn\/fr\/#website"},"primaryImageOfPage":{"@id":"https:\/\/www.webdo.tn\/fr\/actualite\/tunis-hebdo\/revolution-livresque-les-plumes-se-dechainent\/173092\/#primaryimage"},"image":{"@id":"https:\/\/www.webdo.tn\/fr\/actualite\/tunis-hebdo\/revolution-livresque-les-plumes-se-dechainent\/173092\/#primaryimage"},"thumbnailUrl":"https:\/\/www.webdo.tn\/fr\/wp-content\/uploads\/2025\/06\/FireShot-Capture-1063-webdo_default-53-750x375.jpg-750\u00d7375-www.webdo_.tn_.png","datePublished":"2011-01-27T11:00:00+00:00","dateModified":"2025-06-04T21:03:47+00:00","description":"R\u00e9volution livresque : les plumes (se) d\u00e9cha\u00eenent !","breadcrumb":{"@id":"https:\/\/www.webdo.tn\/fr\/actualite\/tunis-hebdo\/revolution-livresque-les-plumes-se-dechainent\/173092\/#breadcrumb"},"inLanguage":"fr-FR","potentialAction":[{"@type":"ReadAction","target":["https:\/\/www.webdo.tn\/fr\/actualite\/tunis-hebdo\/revolution-livresque-les-plumes-se-dechainent\/173092\/"]}]},{"@type":"ImageObject","inLanguage":"fr-FR","@id":"https:\/\/www.webdo.tn\/fr\/actualite\/tunis-hebdo\/revolution-livresque-les-plumes-se-dechainent\/173092\/#primaryimage","url":"https:\/\/www.webdo.tn\/fr\/wp-content\/uploads\/2025\/06\/FireShot-Capture-1063-webdo_default-53-750x375.jpg-750\u00d7375-www.webdo_.tn_.png","contentUrl":"https:\/\/www.webdo.tn\/fr\/wp-content\/uploads\/2025\/06\/FireShot-Capture-1063-webdo_default-53-750x375.jpg-750\u00d7375-www.webdo_.tn_.png","width":746,"height":371},{"@type":"BreadcrumbList","@id":"https:\/\/www.webdo.tn\/fr\/actualite\/tunis-hebdo\/revolution-livresque-les-plumes-se-dechainent\/173092\/#breadcrumb","itemListElement":[{"@type":"ListItem","position":1,"name":"Accueil","item":"https:\/\/www.webdo.tn\/fr\/"},{"@type":"ListItem","position":2,"name":"R\u00e9volution livresque : les plumes (se) d\u00e9cha\u00eenent !"}]},{"@type":"WebSite","@id":"https:\/\/www.webdo.tn\/fr\/#website","url":"https:\/\/www.webdo.tn\/fr\/","name":"webdo","description":"Tunisie - News en Tunisie et \u00e0 l&#039;international sur Webdo.tn","publisher":{"@id":"https:\/\/www.webdo.tn\/fr\/#organization"},"potentialAction":[{"@type":"SearchAction","target":{"@type":"EntryPoint","urlTemplate":"https:\/\/www.webdo.tn\/fr\/?s={search_term_string}"},"query-input":{"@type":"PropertyValueSpecification","valueRequired":true,"valueName":"search_term_string"}}],"inLanguage":"fr-FR"},{"@type":"Organization","@id":"https:\/\/www.webdo.tn\/fr\/#organization","name":"Webdo","alternateName":"Webdo.tn","url":"https:\/\/www.webdo.tn\/fr\/","logo":{"@type":"ImageObject","inLanguage":"fr-FR","@id":"https:\/\/www.webdo.tn\/fr\/#\/schema\/logo\/image\/","url":"https:\/\/www.webdo.tn\/fr\/wp-content\/uploads\/2025\/06\/Webdo-Tunisie_168377.jpg","contentUrl":"https:\/\/www.webdo.tn\/fr\/wp-content\/uploads\/2025\/06\/Webdo-Tunisie_168377.jpg","width":301,"height":301,"caption":"Webdo"},"image":{"@id":"https:\/\/www.webdo.tn\/fr\/#\/schema\/logo\/image\/"},"sameAs":["https:\/\/www.facebook.com\/webdotn","https:\/\/x.com\/webdo_tn"],"description":"Webdo est un m\u00e9dia num\u00e9rique tunisien fond\u00e9 en 2010, sp\u00e9cialis\u00e9 dans l\u2019actualit\u00e9 nationale et internationale, l\u2019\u00e9conomie, la soci\u00e9t\u00e9 et les analyses politiques. Le site s\u2019adresse \u00e0 un large public francophone et couvre l\u2019information tunisienne en temps r\u00e9el.","email":"redac@webdo.tn","legalName":"YNJ SARL","foundingDate":"2010-09-06","numberOfEmployees":{"@type":"QuantitativeValue","minValue":"11","maxValue":"50"}},{"@type":"Person","@id":"https:\/\/www.webdo.tn\/fr\/#\/schema\/person\/9a9c6118d687c117df8ef3cc36a4d175","name":"webdo.tn","image":{"@type":"ImageObject","inLanguage":"fr-FR","@id":"https:\/\/secure.gravatar.com\/avatar\/7ce1f28c0c3bbac99ff550b85ef8e44a6950c6ee24514fb6a5489e51d06f0298?s=96&d=mm&r=g","url":"https:\/\/secure.gravatar.com\/avatar\/7ce1f28c0c3bbac99ff550b85ef8e44a6950c6ee24514fb6a5489e51d06f0298?s=96&d=mm&r=g","contentUrl":"https:\/\/secure.gravatar.com\/avatar\/7ce1f28c0c3bbac99ff550b85ef8e44a6950c6ee24514fb6a5489e51d06f0298?s=96&d=mm&r=g","caption":"webdo.tn"},"url":"https:\/\/www.webdo.tn\/fr\/actualite\/author\/webdotn\/"}]}},"_links":{"self":[{"href":"https:\/\/www.webdo.tn\/fr\/wp-json\/wp\/v2\/posts\/173092","targetHints":{"allow":["GET"]}}],"collection":[{"href":"https:\/\/www.webdo.tn\/fr\/wp-json\/wp\/v2\/posts"}],"about":[{"href":"https:\/\/www.webdo.tn\/fr\/wp-json\/wp\/v2\/types\/post"}],"author":[{"embeddable":true,"href":"https:\/\/www.webdo.tn\/fr\/wp-json\/wp\/v2\/users\/3222"}],"replies":[{"embeddable":true,"href":"https:\/\/www.webdo.tn\/fr\/wp-json\/wp\/v2\/comments?post=173092"}],"version-history":[{"count":0,"href":"https:\/\/www.webdo.tn\/fr\/wp-json\/wp\/v2\/posts\/173092\/revisions"}],"wp:featuredmedia":[{"embeddable":true,"href":"https:\/\/www.webdo.tn\/fr\/wp-json\/wp\/v2\/media\/376290"}],"wp:attachment":[{"href":"https:\/\/www.webdo.tn\/fr\/wp-json\/wp\/v2\/media?parent=173092"}],"wp:term":[{"taxonomy":"category","embeddable":true,"href":"https:\/\/www.webdo.tn\/fr\/wp-json\/wp\/v2\/categories?post=173092"},{"taxonomy":"post_tag","embeddable":true,"href":"https:\/\/www.webdo.tn\/fr\/wp-json\/wp\/v2\/tags?post=173092"}],"curies":[{"name":"wp","href":"https:\/\/api.w.org\/{rel}","templated":true}]}}