{"id":173091,"date":"2011-01-27T11:27:00","date_gmt":"2011-01-27T11:27:00","guid":{"rendered":"https:\/\/www.webdo.tn\/fr\/actualite\/blog\/vers-un-nouveau-gouvernement-mais-quelles-garanties\/173091\/"},"modified":"2011-01-27T11:27:00","modified_gmt":"2011-01-27T11:27:00","slug":"vers-un-nouveau-gouvernement-mais-quelles-garanties","status":"publish","type":"post","link":"https:\/\/www.webdo.tn\/fr\/actualite\/national\/vers-un-nouveau-gouvernement-mais-quelles-garanties\/173091\/","title":{"rendered":"Vers un nouveau gouvernement\u00a0mais quelles garanties\u00a0?"},"content":{"rendered":"<p>Alors que les ministres s\u2019entretiennent pour reformer un gouvernement \u00ab\u00a0d\u2019unit\u00e9 nationale\u00a0\u00bb, des milliers de tunisiens militent \u00e0 la Kasbaa pour l\u2019\u00e9viction des ministres anciens membres du r\u00e9gime Ben Ali.<\/p>\n<p>Les rumeurs vont bon train sur la composition du nouveau gouvernement. Celle que l\u2019on retiendra, car revenue un peu souvent \u00e0 nos oreilles, est\u00a0: Jgham au minist\u00e8re de l\u2019Int\u00e9rieur, Emna Mnif au minist\u00e8re de la Sante, et Ghannouchi, encore et toujours au premier minist\u00e8re. <\/p>\n<p>Cette fois-ci, par contre, il porterait une double casquette puisque le minist\u00e8re de la D\u00e9fense serait \u00e9galement \u00e0 sa charge.<\/p>\n<p>Cette nouvelle donne satisfera-t-elle le peuple\u00a0tunisien\u00a0? Sommes-nous d\u00e9finitivement sauv\u00e9s du r\u00e9gime Ben Ali avec un tel gouvernement\u00a0? La r\u00e9ponse des tunisiens se fera vite savoir.<\/p>\n<p>Mais malheureusement, force est de constater que les stigmates de l\u2019ancien r\u00e9gime sont encore pr\u00e9sents et que les forces de l\u2019ordre tunisiennes r\u00e9agissent toujours avec la m\u00eame brutalit\u00e9. En t\u00e9moignent des vid\u00e9os circulant sur\u00a0Facebook.<\/p>\n<p>Ces t\u00e9moignages \u00e9manent de gens simples venus d\u00e9fendre leurs id\u00e9es au c\u0153ur de la capitale. Ils d\u00e9noncent des groupes d\u2019individus venus salir leur image en souillant les rues, des milices dissuadant les caf\u00e9s, mosqu\u00e9es.. de leur ouvrir charitablement leur \u00e9tablissement afin que ces pauvres gens aient un toit d\u00e9cent ou dormir. Des policiers bloquant toute issue ou arriv\u00e9e de nourriture salvatrice. Des m\u00e9decins venus sur place, qui n\u2019ont pas pu faire leur travail et qui ont \u00e9t\u00e9 oblig\u00e9s de quitter la Kasbaa sans avoir secouru ceux qui avaient besoin d\u2019eux.<\/p>\n<p>Les manifestants sont venus en paix mais sont oblig\u00e9s de se relayer pour se prot\u00e9ger des assauts nocturnes de quelques bandes d\u2019individus vandales et malveillants. Que fait le gouvernement pour les sauver\u00a0? Pourquoi des bombes lacrymog\u00e8nes leur cassent-elles leurs jambes\u00a0? Sont-elles intentionnellement tir\u00e9es pour blesser\u00a0?<\/p>\n<p>Au m\u00eame moment, le ministre de la justice annonce que des mandats d\u2019arr\u00eats sont lanc\u00e9s \u00e0 l\u2019encontre de l\u2019ancien pr\u00e9sident et de sa famille. Les chefs d\u2019inculpation sont l\u00e9gers. A en lire les r\u00e9actions sur la toile, les tunisiens ne sont pas satisfaits de ces simples accusations d\u2019acquisition ill\u00e9gitimes de biens mobiliers et immobiliers, ni de transferts ill\u00e9gaux de devises. Des vies ont \u00e9t\u00e9 enlev\u00e9es, bafou\u00e9es, des gens ont \u00e9t\u00e9 tortur\u00e9s tout au long du r\u00e8gne de Ben Ali, un pays entier a \u00e9t\u00e9 mis a sac par les milices apr\u00e8s son d\u00e9part. Justice doit \u00eatre faite\u00a0!<\/p>\n<p>Le nouveau gouvernement se doit de donner des garanties \u00e0 son peuple sur sa bonne volont\u00e9.<br \/>\nMalheureusement, avec les \u00e9v\u00e9nements de ces derniers jours, m\u00eame les plus optimistes se posent \u00e0 pr\u00e9sent des questions sur l\u2019avenir que pourrait offrir des membres d\u2019un r\u00e9gime encore corrompu jusqu&rsquo;\u00e0 la moelle.<\/p>\n","protected":false},"excerpt":{"rendered":"<p>Vers un nouveau gouvernement\u00a0mais quelles garanties\u00a0? <\/p>\n","protected":false},"author":3222,"featured_media":365647,"comment_status":"open","ping_status":"closed","sticky":false,"template":"","format":"standard","meta":{"footnotes":""},"categories":[44],"tags":[],"class_list":["post-173091","post","type-post","status-publish","format-standard","has-post-thumbnail","hentry","category-national"],"yoast_head":"<!-- This site is optimized with the Yoast SEO Premium plugin v27.4 (Yoast SEO v27.4) - https:\/\/yoast.com\/product\/yoast-seo-premium-wordpress\/ -->\n<title>Vers un nouveau gouvernement\u00a0mais quelles garanties\u00a0?<\/title>\n<meta name=\"description\" content=\"Vers un nouveau gouvernement\u00a0mais quelles garanties\u00a0?\" \/>\n<link rel=\"canonical\" href=\"https:\/\/www.webdo.tn\/fr\/actualite\/national\/vers-un-nouveau-gouvernement-mais-quelles-garanties\/173091\/\" \/>\n<meta property=\"og:locale\" content=\"fr_FR\" \/>\n<meta property=\"og:type\" content=\"article\" \/>\n<meta property=\"og:title\" content=\"Vers un nouveau gouvernement\u00a0mais quelles garanties\u00a0?\" \/>\n<meta property=\"og:description\" content=\"Vers un nouveau gouvernement\u00a0mais quelles garanties\u00a0?\" \/>\n<meta property=\"og:url\" content=\"https:\/\/www.webdo.tn\/fr\/actualite\/national\/vers-un-nouveau-gouvernement-mais-quelles-garanties\/173091\/\" \/>\n<meta property=\"og:site_name\" content=\"webdo\" \/>\n<meta property=\"article:publisher\" content=\"https:\/\/www.facebook.com\/webdotn\" \/>\n<meta property=\"article:published_time\" content=\"2011-01-27T11:27:00+00:00\" \/>\n<meta property=\"og:image\" content=\"https:\/\/www.webdo.tn\/fr\/wp-content\/uploads\/2011\/01\/Tunisia-300x201-1.jpg\" \/>\n\t<meta property=\"og:image:width\" content=\"300\" \/>\n\t<meta property=\"og:image:height\" content=\"201\" \/>\n\t<meta property=\"og:image:type\" content=\"image\/jpeg\" \/>\n<meta name=\"author\" content=\"webdo.tn\" \/>\n<meta name=\"twitter:card\" content=\"summary_large_image\" \/>\n<meta name=\"twitter:creator\" content=\"@webdo_tn\" \/>\n<meta name=\"twitter:site\" content=\"@webdo_tn\" \/>\n<meta name=\"twitter:label1\" content=\"\u00c9crit par\" \/>\n\t<meta name=\"twitter:data1\" content=\"webdo.tn\" \/>\n\t<meta name=\"twitter:label2\" content=\"Dur\u00e9e de lecture estim\u00e9e\" \/>\n\t<meta name=\"twitter:data2\" content=\"2 minutes\" \/>\n<script type=\"application\/ld+json\" class=\"yoast-schema-graph\">{\"@context\":\"https:\\\/\\\/schema.org\",\"@graph\":[{\"@type\":\"NewsArticle\",\"@id\":\"https:\\\/\\\/www.webdo.tn\\\/fr\\\/actualite\\\/national\\\/vers-un-nouveau-gouvernement-mais-quelles-garanties\\\/173091\\\/#article\",\"isPartOf\":{\"@id\":\"https:\\\/\\\/www.webdo.tn\\\/fr\\\/actualite\\\/national\\\/vers-un-nouveau-gouvernement-mais-quelles-garanties\\\/173091\\\/\"},\"author\":{\"name\":\"webdo.tn\",\"@id\":\"https:\\\/\\\/www.webdo.tn\\\/fr\\\/#\\\/schema\\\/person\\\/9a9c6118d687c117df8ef3cc36a4d175\"},\"headline\":\"Vers un nouveau gouvernement\u00a0mais quelles garanties\u00a0?\",\"datePublished\":\"2011-01-27T11:27:00+00:00\",\"mainEntityOfPage\":{\"@id\":\"https:\\\/\\\/www.webdo.tn\\\/fr\\\/actualite\\\/national\\\/vers-un-nouveau-gouvernement-mais-quelles-garanties\\\/173091\\\/\"},\"wordCount\":503,\"commentCount\":0,\"publisher\":{\"@id\":\"https:\\\/\\\/www.webdo.tn\\\/fr\\\/#organization\"},\"image\":{\"@id\":\"https:\\\/\\\/www.webdo.tn\\\/fr\\\/actualite\\\/national\\\/vers-un-nouveau-gouvernement-mais-quelles-garanties\\\/173091\\\/#primaryimage\"},\"thumbnailUrl\":\"https:\\\/\\\/www.webdo.tn\\\/fr\\\/wp-content\\\/uploads\\\/2011\\\/01\\\/Tunisia-300x201-1.jpg\",\"articleSection\":[\"National\"],\"inLanguage\":\"fr-FR\"},{\"@type\":\"WebPage\",\"@id\":\"https:\\\/\\\/www.webdo.tn\\\/fr\\\/actualite\\\/national\\\/vers-un-nouveau-gouvernement-mais-quelles-garanties\\\/173091\\\/\",\"url\":\"https:\\\/\\\/www.webdo.tn\\\/fr\\\/actualite\\\/national\\\/vers-un-nouveau-gouvernement-mais-quelles-garanties\\\/173091\\\/\",\"name\":\"Vers un nouveau gouvernement\u00a0mais quelles garanties\u00a0?\",\"isPartOf\":{\"@id\":\"https:\\\/\\\/www.webdo.tn\\\/fr\\\/#website\"},\"primaryImageOfPage\":{\"@id\":\"https:\\\/\\\/www.webdo.tn\\\/fr\\\/actualite\\\/national\\\/vers-un-nouveau-gouvernement-mais-quelles-garanties\\\/173091\\\/#primaryimage\"},\"image\":{\"@id\":\"https:\\\/\\\/www.webdo.tn\\\/fr\\\/actualite\\\/national\\\/vers-un-nouveau-gouvernement-mais-quelles-garanties\\\/173091\\\/#primaryimage\"},\"thumbnailUrl\":\"https:\\\/\\\/www.webdo.tn\\\/fr\\\/wp-content\\\/uploads\\\/2011\\\/01\\\/Tunisia-300x201-1.jpg\",\"datePublished\":\"2011-01-27T11:27:00+00:00\",\"description\":\"Vers un nouveau gouvernement\u00a0mais quelles garanties\u00a0?\",\"breadcrumb\":{\"@id\":\"https:\\\/\\\/www.webdo.tn\\\/fr\\\/actualite\\\/national\\\/vers-un-nouveau-gouvernement-mais-quelles-garanties\\\/173091\\\/#breadcrumb\"},\"inLanguage\":\"fr-FR\",\"potentialAction\":[{\"@type\":\"ReadAction\",\"target\":[\"https:\\\/\\\/www.webdo.tn\\\/fr\\\/actualite\\\/national\\\/vers-un-nouveau-gouvernement-mais-quelles-garanties\\\/173091\\\/\"]}]},{\"@type\":\"ImageObject\",\"inLanguage\":\"fr-FR\",\"@id\":\"https:\\\/\\\/www.webdo.tn\\\/fr\\\/actualite\\\/national\\\/vers-un-nouveau-gouvernement-mais-quelles-garanties\\\/173091\\\/#primaryimage\",\"url\":\"https:\\\/\\\/www.webdo.tn\\\/fr\\\/wp-content\\\/uploads\\\/2011\\\/01\\\/Tunisia-300x201-1.jpg\",\"contentUrl\":\"https:\\\/\\\/www.webdo.tn\\\/fr\\\/wp-content\\\/uploads\\\/2011\\\/01\\\/Tunisia-300x201-1.jpg\",\"width\":300,\"height\":201,\"caption\":\"Vers un nouveau gouvernement\u00a0mais quelles garanties\u00a0?\"},{\"@type\":\"BreadcrumbList\",\"@id\":\"https:\\\/\\\/www.webdo.tn\\\/fr\\\/actualite\\\/national\\\/vers-un-nouveau-gouvernement-mais-quelles-garanties\\\/173091\\\/#breadcrumb\",\"itemListElement\":[{\"@type\":\"ListItem\",\"position\":1,\"name\":\"Accueil\",\"item\":\"https:\\\/\\\/www.webdo.tn\\\/fr\\\/\"},{\"@type\":\"ListItem\",\"position\":2,\"name\":\"Vers un nouveau gouvernement\u00a0mais quelles garanties\u00a0?\"}]},{\"@type\":\"WebSite\",\"@id\":\"https:\\\/\\\/www.webdo.tn\\\/fr\\\/#website\",\"url\":\"https:\\\/\\\/www.webdo.tn\\\/fr\\\/\",\"name\":\"webdo\",\"description\":\"Tunisie - News en Tunisie et \u00e0 l&#039;international sur Webdo.tn\",\"publisher\":{\"@id\":\"https:\\\/\\\/www.webdo.tn\\\/fr\\\/#organization\"},\"potentialAction\":[{\"@type\":\"SearchAction\",\"target\":{\"@type\":\"EntryPoint\",\"urlTemplate\":\"https:\\\/\\\/www.webdo.tn\\\/fr\\\/?s={search_term_string}\"},\"query-input\":{\"@type\":\"PropertyValueSpecification\",\"valueRequired\":true,\"valueName\":\"search_term_string\"}}],\"inLanguage\":\"fr-FR\"},{\"@type\":\"Organization\",\"@id\":\"https:\\\/\\\/www.webdo.tn\\\/fr\\\/#organization\",\"name\":\"Webdo\",\"alternateName\":\"Webdo.tn\",\"url\":\"https:\\\/\\\/www.webdo.tn\\\/fr\\\/\",\"logo\":{\"@type\":\"ImageObject\",\"inLanguage\":\"fr-FR\",\"@id\":\"https:\\\/\\\/www.webdo.tn\\\/fr\\\/#\\\/schema\\\/logo\\\/image\\\/\",\"url\":\"https:\\\/\\\/www.webdo.tn\\\/fr\\\/wp-content\\\/uploads\\\/2025\\\/06\\\/Webdo-Tunisie_168377.jpg\",\"contentUrl\":\"https:\\\/\\\/www.webdo.tn\\\/fr\\\/wp-content\\\/uploads\\\/2025\\\/06\\\/Webdo-Tunisie_168377.jpg\",\"width\":301,\"height\":301,\"caption\":\"Webdo\"},\"image\":{\"@id\":\"https:\\\/\\\/www.webdo.tn\\\/fr\\\/#\\\/schema\\\/logo\\\/image\\\/\"},\"sameAs\":[\"https:\\\/\\\/www.facebook.com\\\/webdotn\",\"https:\\\/\\\/x.com\\\/webdo_tn\"],\"description\":\"Webdo est un m\u00e9dia num\u00e9rique tunisien fond\u00e9 en 2010, sp\u00e9cialis\u00e9 dans l\u2019actualit\u00e9 nationale et internationale, l\u2019\u00e9conomie, la soci\u00e9t\u00e9 et les analyses politiques. Le site s\u2019adresse \u00e0 un large public francophone et couvre l\u2019information tunisienne en temps r\u00e9el.\",\"email\":\"redac@webdo.tn\",\"legalName\":\"YNJ SARL\",\"foundingDate\":\"2010-09-06\",\"numberOfEmployees\":{\"@type\":\"QuantitativeValue\",\"minValue\":\"11\",\"maxValue\":\"50\"}},{\"@type\":\"Person\",\"@id\":\"https:\\\/\\\/www.webdo.tn\\\/fr\\\/#\\\/schema\\\/person\\\/9a9c6118d687c117df8ef3cc36a4d175\",\"name\":\"webdo.tn\",\"image\":{\"@type\":\"ImageObject\",\"inLanguage\":\"fr-FR\",\"@id\":\"https:\\\/\\\/secure.gravatar.com\\\/avatar\\\/7ce1f28c0c3bbac99ff550b85ef8e44a6950c6ee24514fb6a5489e51d06f0298?s=96&d=mm&r=g\",\"url\":\"https:\\\/\\\/secure.gravatar.com\\\/avatar\\\/7ce1f28c0c3bbac99ff550b85ef8e44a6950c6ee24514fb6a5489e51d06f0298?s=96&d=mm&r=g\",\"contentUrl\":\"https:\\\/\\\/secure.gravatar.com\\\/avatar\\\/7ce1f28c0c3bbac99ff550b85ef8e44a6950c6ee24514fb6a5489e51d06f0298?s=96&d=mm&r=g\",\"caption\":\"webdo.tn\"},\"url\":\"https:\\\/\\\/www.webdo.tn\\\/fr\\\/actualite\\\/author\\\/webdotn\\\/\"}]}<\/script>\n<!-- \/ Yoast SEO Premium plugin. -->","yoast_head_json":{"title":"Vers un nouveau gouvernement\u00a0mais quelles garanties\u00a0?","description":"Vers un nouveau gouvernement\u00a0mais quelles garanties\u00a0?","canonical":"https:\/\/www.webdo.tn\/fr\/actualite\/national\/vers-un-nouveau-gouvernement-mais-quelles-garanties\/173091\/","og_locale":"fr_FR","og_type":"article","og_title":"Vers un nouveau gouvernement\u00a0mais quelles garanties\u00a0?","og_description":"Vers un nouveau gouvernement\u00a0mais quelles garanties\u00a0?","og_url":"https:\/\/www.webdo.tn\/fr\/actualite\/national\/vers-un-nouveau-gouvernement-mais-quelles-garanties\/173091\/","og_site_name":"webdo","article_publisher":"https:\/\/www.facebook.com\/webdotn","article_published_time":"2011-01-27T11:27:00+00:00","og_image":[{"width":300,"height":201,"url":"https:\/\/www.webdo.tn\/fr\/wp-content\/uploads\/2011\/01\/Tunisia-300x201-1.jpg","type":"image\/jpeg"}],"author":"webdo.tn","twitter_card":"summary_large_image","twitter_creator":"@webdo_tn","twitter_site":"@webdo_tn","twitter_misc":{"\u00c9crit par":"webdo.tn","Dur\u00e9e de lecture estim\u00e9e":"2 minutes"},"schema":{"@context":"https:\/\/schema.org","@graph":[{"@type":"NewsArticle","@id":"https:\/\/www.webdo.tn\/fr\/actualite\/national\/vers-un-nouveau-gouvernement-mais-quelles-garanties\/173091\/#article","isPartOf":{"@id":"https:\/\/www.webdo.tn\/fr\/actualite\/national\/vers-un-nouveau-gouvernement-mais-quelles-garanties\/173091\/"},"author":{"name":"webdo.tn","@id":"https:\/\/www.webdo.tn\/fr\/#\/schema\/person\/9a9c6118d687c117df8ef3cc36a4d175"},"headline":"Vers un nouveau gouvernement\u00a0mais quelles garanties\u00a0?","datePublished":"2011-01-27T11:27:00+00:00","mainEntityOfPage":{"@id":"https:\/\/www.webdo.tn\/fr\/actualite\/national\/vers-un-nouveau-gouvernement-mais-quelles-garanties\/173091\/"},"wordCount":503,"commentCount":0,"publisher":{"@id":"https:\/\/www.webdo.tn\/fr\/#organization"},"image":{"@id":"https:\/\/www.webdo.tn\/fr\/actualite\/national\/vers-un-nouveau-gouvernement-mais-quelles-garanties\/173091\/#primaryimage"},"thumbnailUrl":"https:\/\/www.webdo.tn\/fr\/wp-content\/uploads\/2011\/01\/Tunisia-300x201-1.jpg","articleSection":["National"],"inLanguage":"fr-FR"},{"@type":"WebPage","@id":"https:\/\/www.webdo.tn\/fr\/actualite\/national\/vers-un-nouveau-gouvernement-mais-quelles-garanties\/173091\/","url":"https:\/\/www.webdo.tn\/fr\/actualite\/national\/vers-un-nouveau-gouvernement-mais-quelles-garanties\/173091\/","name":"Vers un nouveau gouvernement\u00a0mais quelles garanties\u00a0?","isPartOf":{"@id":"https:\/\/www.webdo.tn\/fr\/#website"},"primaryImageOfPage":{"@id":"https:\/\/www.webdo.tn\/fr\/actualite\/national\/vers-un-nouveau-gouvernement-mais-quelles-garanties\/173091\/#primaryimage"},"image":{"@id":"https:\/\/www.webdo.tn\/fr\/actualite\/national\/vers-un-nouveau-gouvernement-mais-quelles-garanties\/173091\/#primaryimage"},"thumbnailUrl":"https:\/\/www.webdo.tn\/fr\/wp-content\/uploads\/2011\/01\/Tunisia-300x201-1.jpg","datePublished":"2011-01-27T11:27:00+00:00","description":"Vers un nouveau gouvernement\u00a0mais quelles garanties\u00a0?","breadcrumb":{"@id":"https:\/\/www.webdo.tn\/fr\/actualite\/national\/vers-un-nouveau-gouvernement-mais-quelles-garanties\/173091\/#breadcrumb"},"inLanguage":"fr-FR","potentialAction":[{"@type":"ReadAction","target":["https:\/\/www.webdo.tn\/fr\/actualite\/national\/vers-un-nouveau-gouvernement-mais-quelles-garanties\/173091\/"]}]},{"@type":"ImageObject","inLanguage":"fr-FR","@id":"https:\/\/www.webdo.tn\/fr\/actualite\/national\/vers-un-nouveau-gouvernement-mais-quelles-garanties\/173091\/#primaryimage","url":"https:\/\/www.webdo.tn\/fr\/wp-content\/uploads\/2011\/01\/Tunisia-300x201-1.jpg","contentUrl":"https:\/\/www.webdo.tn\/fr\/wp-content\/uploads\/2011\/01\/Tunisia-300x201-1.jpg","width":300,"height":201,"caption":"Vers un nouveau gouvernement\u00a0mais quelles garanties\u00a0?"},{"@type":"BreadcrumbList","@id":"https:\/\/www.webdo.tn\/fr\/actualite\/national\/vers-un-nouveau-gouvernement-mais-quelles-garanties\/173091\/#breadcrumb","itemListElement":[{"@type":"ListItem","position":1,"name":"Accueil","item":"https:\/\/www.webdo.tn\/fr\/"},{"@type":"ListItem","position":2,"name":"Vers un nouveau gouvernement\u00a0mais quelles garanties\u00a0?"}]},{"@type":"WebSite","@id":"https:\/\/www.webdo.tn\/fr\/#website","url":"https:\/\/www.webdo.tn\/fr\/","name":"webdo","description":"Tunisie - News en Tunisie et \u00e0 l&#039;international sur Webdo.tn","publisher":{"@id":"https:\/\/www.webdo.tn\/fr\/#organization"},"potentialAction":[{"@type":"SearchAction","target":{"@type":"EntryPoint","urlTemplate":"https:\/\/www.webdo.tn\/fr\/?s={search_term_string}"},"query-input":{"@type":"PropertyValueSpecification","valueRequired":true,"valueName":"search_term_string"}}],"inLanguage":"fr-FR"},{"@type":"Organization","@id":"https:\/\/www.webdo.tn\/fr\/#organization","name":"Webdo","alternateName":"Webdo.tn","url":"https:\/\/www.webdo.tn\/fr\/","logo":{"@type":"ImageObject","inLanguage":"fr-FR","@id":"https:\/\/www.webdo.tn\/fr\/#\/schema\/logo\/image\/","url":"https:\/\/www.webdo.tn\/fr\/wp-content\/uploads\/2025\/06\/Webdo-Tunisie_168377.jpg","contentUrl":"https:\/\/www.webdo.tn\/fr\/wp-content\/uploads\/2025\/06\/Webdo-Tunisie_168377.jpg","width":301,"height":301,"caption":"Webdo"},"image":{"@id":"https:\/\/www.webdo.tn\/fr\/#\/schema\/logo\/image\/"},"sameAs":["https:\/\/www.facebook.com\/webdotn","https:\/\/x.com\/webdo_tn"],"description":"Webdo est un m\u00e9dia num\u00e9rique tunisien fond\u00e9 en 2010, sp\u00e9cialis\u00e9 dans l\u2019actualit\u00e9 nationale et internationale, l\u2019\u00e9conomie, la soci\u00e9t\u00e9 et les analyses politiques. Le site s\u2019adresse \u00e0 un large public francophone et couvre l\u2019information tunisienne en temps r\u00e9el.","email":"redac@webdo.tn","legalName":"YNJ SARL","foundingDate":"2010-09-06","numberOfEmployees":{"@type":"QuantitativeValue","minValue":"11","maxValue":"50"}},{"@type":"Person","@id":"https:\/\/www.webdo.tn\/fr\/#\/schema\/person\/9a9c6118d687c117df8ef3cc36a4d175","name":"webdo.tn","image":{"@type":"ImageObject","inLanguage":"fr-FR","@id":"https:\/\/secure.gravatar.com\/avatar\/7ce1f28c0c3bbac99ff550b85ef8e44a6950c6ee24514fb6a5489e51d06f0298?s=96&d=mm&r=g","url":"https:\/\/secure.gravatar.com\/avatar\/7ce1f28c0c3bbac99ff550b85ef8e44a6950c6ee24514fb6a5489e51d06f0298?s=96&d=mm&r=g","contentUrl":"https:\/\/secure.gravatar.com\/avatar\/7ce1f28c0c3bbac99ff550b85ef8e44a6950c6ee24514fb6a5489e51d06f0298?s=96&d=mm&r=g","caption":"webdo.tn"},"url":"https:\/\/www.webdo.tn\/fr\/actualite\/author\/webdotn\/"}]}},"_links":{"self":[{"href":"https:\/\/www.webdo.tn\/fr\/wp-json\/wp\/v2\/posts\/173091","targetHints":{"allow":["GET"]}}],"collection":[{"href":"https:\/\/www.webdo.tn\/fr\/wp-json\/wp\/v2\/posts"}],"about":[{"href":"https:\/\/www.webdo.tn\/fr\/wp-json\/wp\/v2\/types\/post"}],"author":[{"embeddable":true,"href":"https:\/\/www.webdo.tn\/fr\/wp-json\/wp\/v2\/users\/3222"}],"replies":[{"embeddable":true,"href":"https:\/\/www.webdo.tn\/fr\/wp-json\/wp\/v2\/comments?post=173091"}],"version-history":[{"count":0,"href":"https:\/\/www.webdo.tn\/fr\/wp-json\/wp\/v2\/posts\/173091\/revisions"}],"wp:featuredmedia":[{"embeddable":true,"href":"https:\/\/www.webdo.tn\/fr\/wp-json\/wp\/v2\/media\/365647"}],"wp:attachment":[{"href":"https:\/\/www.webdo.tn\/fr\/wp-json\/wp\/v2\/media?parent=173091"}],"wp:term":[{"taxonomy":"category","embeddable":true,"href":"https:\/\/www.webdo.tn\/fr\/wp-json\/wp\/v2\/categories?post=173091"},{"taxonomy":"post_tag","embeddable":true,"href":"https:\/\/www.webdo.tn\/fr\/wp-json\/wp\/v2\/tags?post=173091"}],"curies":[{"name":"wp","href":"https:\/\/api.w.org\/{rel}","templated":true}]}}