{"id":173087,"date":"2011-01-27T21:49:00","date_gmt":"2011-01-27T21:49:00","guid":{"rendered":"https:\/\/www.webdo.tn\/fr\/actualite\/blog\/remaniement-ministeriel-un-gouvernement-technocrate\/173087\/"},"modified":"2011-01-27T21:49:00","modified_gmt":"2011-01-27T21:49:00","slug":"remaniement-ministeriel-un-gouvernement-technocrate","status":"publish","type":"post","link":"https:\/\/www.webdo.tn\/fr\/actualite\/national\/remaniement-ministeriel-un-gouvernement-technocrate\/173087\/","title":{"rendered":"Remaniement ministeriel : Un gouvernement technocrate"},"content":{"rendered":"<p>Le premier ministre vient d&rsquo;annoncer la nouvelle composition du gouvernement de transition. La voix des manifestants \u00e0 la Kasbaa a \u00e9t\u00e9 entendue. Les noms de Friaa, Grira et autres RCDistes ont disparu de la liste. De l&rsquo;ancien pouvoir, seuls Chelbi et Jouini restent ministres. L&rsquo;UGTT a d\u00e9j\u00e0 annonc\u00e9 sa satisfaction, tenant compte \u00e9galement du maintien de ces deux noms.<\/p>\n<p>En tout, 12 valises ont chang\u00e9 de main. 9 ministres ont gard\u00e9 leur place. 6 ministres issus de l&rsquo;ATUGE (Association des TUnisiens des Grandes Ecoles). Cette nouvelle donne laisse apparaitre des noms, inconnus du peuple Tunisien, mais r\u00e9put\u00e9s chez les sp\u00e9cialistes de leur domaine de  comp\u00e9tence.<\/p>\n<p>Ghannouchi l&rsquo;a rappel\u00e9 : ces ministres ont \u00e9t\u00e9 choisis pour leurs capacit\u00e9 et aptitude \u00e0 relever les d\u00e9fis de la Tunisie d\u2019aujourd\u2019hui. Le r\u00f4le de ce gouvernement est le maintien du pays durant cette \u00e9tape de transition vers la d\u00e9mocratie qui aboutira \u00e0 l&rsquo;organisation d&rsquo;\u00e9lections libres.<\/p>\n<p>Voici la nouvelle composition du gouvernement d&rsquo;Union nationale, annonc\u00e9e, jeudi soir, par M. Mohamed Ghannouchi, premier ministre :<\/p>\n<p>M. Mohamed Ghannouchi : Premier ministre<\/p>\n<p>M. Abdelkarim Zebidi : Ministre de la D\u00e9fense Nationale<\/p>\n<p>M. Ahmed Ouneies : Ministre des Affaires \u00e9trang\u00e8res<\/p>\n<p>M. Farhat Rajhi : Ministre de l&rsquo;Int\u00e9rieur<\/p>\n<p>M. Lazhar Karoui Chebbi : Ministre de la Justice<\/p>\n<p>M. Laroussi Mizouri : Ministre des Affaires religieuses<\/p>\n<p>M. Ahmed Nejib Chebbi : Ministre du D\u00e9veloppement r\u00e9gional et local<\/p>\n<p>M. Taieb Baccouche : Ministre de l&rsquo;Education<\/p>\n<p>M. Ahmed Brahim : Ministre de l&rsquo;Enseignement sup\u00e9rieur et de la Recherche scientifique<\/p>\n<p>Mme Habiba Z\u00e9hi : Ministre de la Sant\u00e9 publique<\/p>\n<p>M. Mehdi Houas : Ministre du Commerce et du Tourisme<\/p>\n<p>M. Mohamed Naceur : Ministre des Affaires sociales<\/p>\n<p>M. Mokhtar Jalleli : Ministre de l&rsquo;Agriculture et de l&rsquo;Environnement<\/p>\n<p>M. Mohamed Nouri Jouini : Ministre de la<\/p>\n<p>Planification et de la Coop\u00e9ration internationale<\/p>\n<p>M. Mohamed Afif Chelbi : Ministre de l&rsquo;Industrie et de la Technologie<\/p>\n<p>M. Jelloul Ayed : Ministre des Finances<\/p>\n<p>M. Ezzedine Bach Chaouech : Ministre de la Culture<\/p>\n<p>M. Lilia Laabidi : Ministre des Affaires de la Femme<\/p>\n<p>M. Yacine Ibrahim : Ministre du Transport et de l&rsquo;Equipement<\/p>\n<p>M. Said Aydi : Ministre de la Formation professionnelle et de l&rsquo;Emploi<\/p>\n<p>M. Mohamed Aloulou : Ministre de la Jeunesse et des Sports<\/p>\n<p>M. Elyes Jouini : Ministre aupr\u00e8s du premier ministre charg\u00e9 des r\u00e9formes \u00e9conomiques et sociales et de la coordination avec les minist\u00e8res concern\u00e9s<\/p>\n","protected":false},"excerpt":{"rendered":"<p>Remaniement ministeriel : Un gouvernement technocrate<\/p>\n","protected":false},"author":3222,"featured_media":365652,"comment_status":"open","ping_status":"closed","sticky":false,"template":"","format":"standard","meta":{"footnotes":""},"categories":[44],"tags":[],"class_list":["post-173087","post","type-post","status-publish","format-standard","has-post-thumbnail","hentry","category-national"],"yoast_head":"<!-- This site is optimized with the Yoast SEO Premium plugin v27.4 (Yoast SEO v27.4) - https:\/\/yoast.com\/product\/yoast-seo-premium-wordpress\/ -->\n<title>Remaniement ministeriel : Un gouvernement technocrate<\/title>\n<meta name=\"description\" content=\"Remaniement ministeriel : Un gouvernement technocrate\" \/>\n<link rel=\"canonical\" href=\"https:\/\/www.webdo.tn\/fr\/actualite\/national\/remaniement-ministeriel-un-gouvernement-technocrate\/173087\/\" \/>\n<meta property=\"og:locale\" content=\"fr_FR\" \/>\n<meta property=\"og:type\" content=\"article\" \/>\n<meta property=\"og:title\" content=\"Remaniement ministeriel : Un gouvernement technocrate\" \/>\n<meta property=\"og:description\" content=\"Remaniement ministeriel : Un gouvernement technocrate\" \/>\n<meta property=\"og:url\" content=\"https:\/\/www.webdo.tn\/fr\/actualite\/national\/remaniement-ministeriel-un-gouvernement-technocrate\/173087\/\" \/>\n<meta property=\"og:site_name\" content=\"webdo\" \/>\n<meta property=\"article:publisher\" content=\"https:\/\/www.facebook.com\/webdotn\" \/>\n<meta property=\"article:published_time\" content=\"2011-01-27T21:49:00+00:00\" \/>\n<meta property=\"og:image\" content=\"https:\/\/www.webdo.tn\/fr\/wp-content\/uploads\/2011\/01\/Tunisie-Armoirie.jpg\" \/>\n\t<meta property=\"og:image:width\" content=\"130\" \/>\n\t<meta property=\"og:image:height\" content=\"185\" \/>\n\t<meta property=\"og:image:type\" content=\"image\/jpeg\" \/>\n<meta name=\"author\" content=\"webdo.tn\" \/>\n<meta name=\"twitter:card\" content=\"summary_large_image\" \/>\n<meta name=\"twitter:creator\" content=\"@webdo_tn\" \/>\n<meta name=\"twitter:site\" content=\"@webdo_tn\" \/>\n<meta name=\"twitter:label1\" content=\"\u00c9crit par\" \/>\n\t<meta name=\"twitter:data1\" content=\"webdo.tn\" \/>\n\t<meta name=\"twitter:label2\" content=\"Dur\u00e9e de lecture estim\u00e9e\" \/>\n\t<meta name=\"twitter:data2\" content=\"2 minutes\" \/>\n<script type=\"application\/ld+json\" class=\"yoast-schema-graph\">{\"@context\":\"https:\\\/\\\/schema.org\",\"@graph\":[{\"@type\":\"NewsArticle\",\"@id\":\"https:\\\/\\\/www.webdo.tn\\\/fr\\\/actualite\\\/national\\\/remaniement-ministeriel-un-gouvernement-technocrate\\\/173087\\\/#article\",\"isPartOf\":{\"@id\":\"https:\\\/\\\/www.webdo.tn\\\/fr\\\/actualite\\\/national\\\/remaniement-ministeriel-un-gouvernement-technocrate\\\/173087\\\/\"},\"author\":{\"name\":\"webdo.tn\",\"@id\":\"https:\\\/\\\/www.webdo.tn\\\/fr\\\/#\\\/schema\\\/person\\\/9a9c6118d687c117df8ef3cc36a4d175\"},\"headline\":\"Remaniement ministeriel : Un gouvernement technocrate\",\"datePublished\":\"2011-01-27T21:49:00+00:00\",\"mainEntityOfPage\":{\"@id\":\"https:\\\/\\\/www.webdo.tn\\\/fr\\\/actualite\\\/national\\\/remaniement-ministeriel-un-gouvernement-technocrate\\\/173087\\\/\"},\"wordCount\":406,\"commentCount\":0,\"publisher\":{\"@id\":\"https:\\\/\\\/www.webdo.tn\\\/fr\\\/#organization\"},\"image\":{\"@id\":\"https:\\\/\\\/www.webdo.tn\\\/fr\\\/actualite\\\/national\\\/remaniement-ministeriel-un-gouvernement-technocrate\\\/173087\\\/#primaryimage\"},\"thumbnailUrl\":\"https:\\\/\\\/www.webdo.tn\\\/fr\\\/wp-content\\\/uploads\\\/2011\\\/01\\\/Tunisie-Armoirie.jpg\",\"articleSection\":[\"National\"],\"inLanguage\":\"fr-FR\"},{\"@type\":\"WebPage\",\"@id\":\"https:\\\/\\\/www.webdo.tn\\\/fr\\\/actualite\\\/national\\\/remaniement-ministeriel-un-gouvernement-technocrate\\\/173087\\\/\",\"url\":\"https:\\\/\\\/www.webdo.tn\\\/fr\\\/actualite\\\/national\\\/remaniement-ministeriel-un-gouvernement-technocrate\\\/173087\\\/\",\"name\":\"Remaniement ministeriel : Un gouvernement technocrate\",\"isPartOf\":{\"@id\":\"https:\\\/\\\/www.webdo.tn\\\/fr\\\/#website\"},\"primaryImageOfPage\":{\"@id\":\"https:\\\/\\\/www.webdo.tn\\\/fr\\\/actualite\\\/national\\\/remaniement-ministeriel-un-gouvernement-technocrate\\\/173087\\\/#primaryimage\"},\"image\":{\"@id\":\"https:\\\/\\\/www.webdo.tn\\\/fr\\\/actualite\\\/national\\\/remaniement-ministeriel-un-gouvernement-technocrate\\\/173087\\\/#primaryimage\"},\"thumbnailUrl\":\"https:\\\/\\\/www.webdo.tn\\\/fr\\\/wp-content\\\/uploads\\\/2011\\\/01\\\/Tunisie-Armoirie.jpg\",\"datePublished\":\"2011-01-27T21:49:00+00:00\",\"description\":\"Remaniement ministeriel : Un gouvernement technocrate\",\"breadcrumb\":{\"@id\":\"https:\\\/\\\/www.webdo.tn\\\/fr\\\/actualite\\\/national\\\/remaniement-ministeriel-un-gouvernement-technocrate\\\/173087\\\/#breadcrumb\"},\"inLanguage\":\"fr-FR\",\"potentialAction\":[{\"@type\":\"ReadAction\",\"target\":[\"https:\\\/\\\/www.webdo.tn\\\/fr\\\/actualite\\\/national\\\/remaniement-ministeriel-un-gouvernement-technocrate\\\/173087\\\/\"]}]},{\"@type\":\"ImageObject\",\"inLanguage\":\"fr-FR\",\"@id\":\"https:\\\/\\\/www.webdo.tn\\\/fr\\\/actualite\\\/national\\\/remaniement-ministeriel-un-gouvernement-technocrate\\\/173087\\\/#primaryimage\",\"url\":\"https:\\\/\\\/www.webdo.tn\\\/fr\\\/wp-content\\\/uploads\\\/2011\\\/01\\\/Tunisie-Armoirie.jpg\",\"contentUrl\":\"https:\\\/\\\/www.webdo.tn\\\/fr\\\/wp-content\\\/uploads\\\/2011\\\/01\\\/Tunisie-Armoirie.jpg\",\"width\":130,\"height\":185,\"caption\":\"Remaniement ministeriel : Un gouvernement technocrate\"},{\"@type\":\"BreadcrumbList\",\"@id\":\"https:\\\/\\\/www.webdo.tn\\\/fr\\\/actualite\\\/national\\\/remaniement-ministeriel-un-gouvernement-technocrate\\\/173087\\\/#breadcrumb\",\"itemListElement\":[{\"@type\":\"ListItem\",\"position\":1,\"name\":\"Accueil\",\"item\":\"https:\\\/\\\/www.webdo.tn\\\/fr\\\/\"},{\"@type\":\"ListItem\",\"position\":2,\"name\":\"Remaniement ministeriel : Un gouvernement technocrate\"}]},{\"@type\":\"WebSite\",\"@id\":\"https:\\\/\\\/www.webdo.tn\\\/fr\\\/#website\",\"url\":\"https:\\\/\\\/www.webdo.tn\\\/fr\\\/\",\"name\":\"webdo\",\"description\":\"Tunisie - News en Tunisie et \u00e0 l&#039;international sur Webdo.tn\",\"publisher\":{\"@id\":\"https:\\\/\\\/www.webdo.tn\\\/fr\\\/#organization\"},\"potentialAction\":[{\"@type\":\"SearchAction\",\"target\":{\"@type\":\"EntryPoint\",\"urlTemplate\":\"https:\\\/\\\/www.webdo.tn\\\/fr\\\/?s={search_term_string}\"},\"query-input\":{\"@type\":\"PropertyValueSpecification\",\"valueRequired\":true,\"valueName\":\"search_term_string\"}}],\"inLanguage\":\"fr-FR\"},{\"@type\":\"Organization\",\"@id\":\"https:\\\/\\\/www.webdo.tn\\\/fr\\\/#organization\",\"name\":\"Webdo\",\"alternateName\":\"Webdo.tn\",\"url\":\"https:\\\/\\\/www.webdo.tn\\\/fr\\\/\",\"logo\":{\"@type\":\"ImageObject\",\"inLanguage\":\"fr-FR\",\"@id\":\"https:\\\/\\\/www.webdo.tn\\\/fr\\\/#\\\/schema\\\/logo\\\/image\\\/\",\"url\":\"https:\\\/\\\/www.webdo.tn\\\/fr\\\/wp-content\\\/uploads\\\/2025\\\/06\\\/Webdo-Tunisie_168377.jpg\",\"contentUrl\":\"https:\\\/\\\/www.webdo.tn\\\/fr\\\/wp-content\\\/uploads\\\/2025\\\/06\\\/Webdo-Tunisie_168377.jpg\",\"width\":301,\"height\":301,\"caption\":\"Webdo\"},\"image\":{\"@id\":\"https:\\\/\\\/www.webdo.tn\\\/fr\\\/#\\\/schema\\\/logo\\\/image\\\/\"},\"sameAs\":[\"https:\\\/\\\/www.facebook.com\\\/webdotn\",\"https:\\\/\\\/x.com\\\/webdo_tn\"],\"description\":\"Webdo est un m\u00e9dia num\u00e9rique tunisien fond\u00e9 en 2010, sp\u00e9cialis\u00e9 dans l\u2019actualit\u00e9 nationale et internationale, l\u2019\u00e9conomie, la soci\u00e9t\u00e9 et les analyses politiques. Le site s\u2019adresse \u00e0 un large public francophone et couvre l\u2019information tunisienne en temps r\u00e9el.\",\"email\":\"redac@webdo.tn\",\"legalName\":\"YNJ SARL\",\"foundingDate\":\"2010-09-06\",\"numberOfEmployees\":{\"@type\":\"QuantitativeValue\",\"minValue\":\"11\",\"maxValue\":\"50\"}},{\"@type\":\"Person\",\"@id\":\"https:\\\/\\\/www.webdo.tn\\\/fr\\\/#\\\/schema\\\/person\\\/9a9c6118d687c117df8ef3cc36a4d175\",\"name\":\"webdo.tn\",\"image\":{\"@type\":\"ImageObject\",\"inLanguage\":\"fr-FR\",\"@id\":\"https:\\\/\\\/secure.gravatar.com\\\/avatar\\\/7ce1f28c0c3bbac99ff550b85ef8e44a6950c6ee24514fb6a5489e51d06f0298?s=96&d=mm&r=g\",\"url\":\"https:\\\/\\\/secure.gravatar.com\\\/avatar\\\/7ce1f28c0c3bbac99ff550b85ef8e44a6950c6ee24514fb6a5489e51d06f0298?s=96&d=mm&r=g\",\"contentUrl\":\"https:\\\/\\\/secure.gravatar.com\\\/avatar\\\/7ce1f28c0c3bbac99ff550b85ef8e44a6950c6ee24514fb6a5489e51d06f0298?s=96&d=mm&r=g\",\"caption\":\"webdo.tn\"},\"url\":\"https:\\\/\\\/www.webdo.tn\\\/fr\\\/actualite\\\/author\\\/webdotn\\\/\"}]}<\/script>\n<!-- \/ Yoast SEO Premium plugin. -->","yoast_head_json":{"title":"Remaniement ministeriel : Un gouvernement technocrate","description":"Remaniement ministeriel : Un gouvernement technocrate","canonical":"https:\/\/www.webdo.tn\/fr\/actualite\/national\/remaniement-ministeriel-un-gouvernement-technocrate\/173087\/","og_locale":"fr_FR","og_type":"article","og_title":"Remaniement ministeriel : Un gouvernement technocrate","og_description":"Remaniement ministeriel : Un gouvernement technocrate","og_url":"https:\/\/www.webdo.tn\/fr\/actualite\/national\/remaniement-ministeriel-un-gouvernement-technocrate\/173087\/","og_site_name":"webdo","article_publisher":"https:\/\/www.facebook.com\/webdotn","article_published_time":"2011-01-27T21:49:00+00:00","og_image":[{"width":130,"height":185,"url":"https:\/\/www.webdo.tn\/fr\/wp-content\/uploads\/2011\/01\/Tunisie-Armoirie.jpg","type":"image\/jpeg"}],"author":"webdo.tn","twitter_card":"summary_large_image","twitter_creator":"@webdo_tn","twitter_site":"@webdo_tn","twitter_misc":{"\u00c9crit par":"webdo.tn","Dur\u00e9e de lecture estim\u00e9e":"2 minutes"},"schema":{"@context":"https:\/\/schema.org","@graph":[{"@type":"NewsArticle","@id":"https:\/\/www.webdo.tn\/fr\/actualite\/national\/remaniement-ministeriel-un-gouvernement-technocrate\/173087\/#article","isPartOf":{"@id":"https:\/\/www.webdo.tn\/fr\/actualite\/national\/remaniement-ministeriel-un-gouvernement-technocrate\/173087\/"},"author":{"name":"webdo.tn","@id":"https:\/\/www.webdo.tn\/fr\/#\/schema\/person\/9a9c6118d687c117df8ef3cc36a4d175"},"headline":"Remaniement ministeriel : Un gouvernement technocrate","datePublished":"2011-01-27T21:49:00+00:00","mainEntityOfPage":{"@id":"https:\/\/www.webdo.tn\/fr\/actualite\/national\/remaniement-ministeriel-un-gouvernement-technocrate\/173087\/"},"wordCount":406,"commentCount":0,"publisher":{"@id":"https:\/\/www.webdo.tn\/fr\/#organization"},"image":{"@id":"https:\/\/www.webdo.tn\/fr\/actualite\/national\/remaniement-ministeriel-un-gouvernement-technocrate\/173087\/#primaryimage"},"thumbnailUrl":"https:\/\/www.webdo.tn\/fr\/wp-content\/uploads\/2011\/01\/Tunisie-Armoirie.jpg","articleSection":["National"],"inLanguage":"fr-FR"},{"@type":"WebPage","@id":"https:\/\/www.webdo.tn\/fr\/actualite\/national\/remaniement-ministeriel-un-gouvernement-technocrate\/173087\/","url":"https:\/\/www.webdo.tn\/fr\/actualite\/national\/remaniement-ministeriel-un-gouvernement-technocrate\/173087\/","name":"Remaniement ministeriel : Un gouvernement technocrate","isPartOf":{"@id":"https:\/\/www.webdo.tn\/fr\/#website"},"primaryImageOfPage":{"@id":"https:\/\/www.webdo.tn\/fr\/actualite\/national\/remaniement-ministeriel-un-gouvernement-technocrate\/173087\/#primaryimage"},"image":{"@id":"https:\/\/www.webdo.tn\/fr\/actualite\/national\/remaniement-ministeriel-un-gouvernement-technocrate\/173087\/#primaryimage"},"thumbnailUrl":"https:\/\/www.webdo.tn\/fr\/wp-content\/uploads\/2011\/01\/Tunisie-Armoirie.jpg","datePublished":"2011-01-27T21:49:00+00:00","description":"Remaniement ministeriel : Un gouvernement technocrate","breadcrumb":{"@id":"https:\/\/www.webdo.tn\/fr\/actualite\/national\/remaniement-ministeriel-un-gouvernement-technocrate\/173087\/#breadcrumb"},"inLanguage":"fr-FR","potentialAction":[{"@type":"ReadAction","target":["https:\/\/www.webdo.tn\/fr\/actualite\/national\/remaniement-ministeriel-un-gouvernement-technocrate\/173087\/"]}]},{"@type":"ImageObject","inLanguage":"fr-FR","@id":"https:\/\/www.webdo.tn\/fr\/actualite\/national\/remaniement-ministeriel-un-gouvernement-technocrate\/173087\/#primaryimage","url":"https:\/\/www.webdo.tn\/fr\/wp-content\/uploads\/2011\/01\/Tunisie-Armoirie.jpg","contentUrl":"https:\/\/www.webdo.tn\/fr\/wp-content\/uploads\/2011\/01\/Tunisie-Armoirie.jpg","width":130,"height":185,"caption":"Remaniement ministeriel : Un gouvernement technocrate"},{"@type":"BreadcrumbList","@id":"https:\/\/www.webdo.tn\/fr\/actualite\/national\/remaniement-ministeriel-un-gouvernement-technocrate\/173087\/#breadcrumb","itemListElement":[{"@type":"ListItem","position":1,"name":"Accueil","item":"https:\/\/www.webdo.tn\/fr\/"},{"@type":"ListItem","position":2,"name":"Remaniement ministeriel : Un gouvernement technocrate"}]},{"@type":"WebSite","@id":"https:\/\/www.webdo.tn\/fr\/#website","url":"https:\/\/www.webdo.tn\/fr\/","name":"webdo","description":"Tunisie - News en Tunisie et \u00e0 l&#039;international sur Webdo.tn","publisher":{"@id":"https:\/\/www.webdo.tn\/fr\/#organization"},"potentialAction":[{"@type":"SearchAction","target":{"@type":"EntryPoint","urlTemplate":"https:\/\/www.webdo.tn\/fr\/?s={search_term_string}"},"query-input":{"@type":"PropertyValueSpecification","valueRequired":true,"valueName":"search_term_string"}}],"inLanguage":"fr-FR"},{"@type":"Organization","@id":"https:\/\/www.webdo.tn\/fr\/#organization","name":"Webdo","alternateName":"Webdo.tn","url":"https:\/\/www.webdo.tn\/fr\/","logo":{"@type":"ImageObject","inLanguage":"fr-FR","@id":"https:\/\/www.webdo.tn\/fr\/#\/schema\/logo\/image\/","url":"https:\/\/www.webdo.tn\/fr\/wp-content\/uploads\/2025\/06\/Webdo-Tunisie_168377.jpg","contentUrl":"https:\/\/www.webdo.tn\/fr\/wp-content\/uploads\/2025\/06\/Webdo-Tunisie_168377.jpg","width":301,"height":301,"caption":"Webdo"},"image":{"@id":"https:\/\/www.webdo.tn\/fr\/#\/schema\/logo\/image\/"},"sameAs":["https:\/\/www.facebook.com\/webdotn","https:\/\/x.com\/webdo_tn"],"description":"Webdo est un m\u00e9dia num\u00e9rique tunisien fond\u00e9 en 2010, sp\u00e9cialis\u00e9 dans l\u2019actualit\u00e9 nationale et internationale, l\u2019\u00e9conomie, la soci\u00e9t\u00e9 et les analyses politiques. Le site s\u2019adresse \u00e0 un large public francophone et couvre l\u2019information tunisienne en temps r\u00e9el.","email":"redac@webdo.tn","legalName":"YNJ SARL","foundingDate":"2010-09-06","numberOfEmployees":{"@type":"QuantitativeValue","minValue":"11","maxValue":"50"}},{"@type":"Person","@id":"https:\/\/www.webdo.tn\/fr\/#\/schema\/person\/9a9c6118d687c117df8ef3cc36a4d175","name":"webdo.tn","image":{"@type":"ImageObject","inLanguage":"fr-FR","@id":"https:\/\/secure.gravatar.com\/avatar\/7ce1f28c0c3bbac99ff550b85ef8e44a6950c6ee24514fb6a5489e51d06f0298?s=96&d=mm&r=g","url":"https:\/\/secure.gravatar.com\/avatar\/7ce1f28c0c3bbac99ff550b85ef8e44a6950c6ee24514fb6a5489e51d06f0298?s=96&d=mm&r=g","contentUrl":"https:\/\/secure.gravatar.com\/avatar\/7ce1f28c0c3bbac99ff550b85ef8e44a6950c6ee24514fb6a5489e51d06f0298?s=96&d=mm&r=g","caption":"webdo.tn"},"url":"https:\/\/www.webdo.tn\/fr\/actualite\/author\/webdotn\/"}]}},"_links":{"self":[{"href":"https:\/\/www.webdo.tn\/fr\/wp-json\/wp\/v2\/posts\/173087","targetHints":{"allow":["GET"]}}],"collection":[{"href":"https:\/\/www.webdo.tn\/fr\/wp-json\/wp\/v2\/posts"}],"about":[{"href":"https:\/\/www.webdo.tn\/fr\/wp-json\/wp\/v2\/types\/post"}],"author":[{"embeddable":true,"href":"https:\/\/www.webdo.tn\/fr\/wp-json\/wp\/v2\/users\/3222"}],"replies":[{"embeddable":true,"href":"https:\/\/www.webdo.tn\/fr\/wp-json\/wp\/v2\/comments?post=173087"}],"version-history":[{"count":0,"href":"https:\/\/www.webdo.tn\/fr\/wp-json\/wp\/v2\/posts\/173087\/revisions"}],"wp:featuredmedia":[{"embeddable":true,"href":"https:\/\/www.webdo.tn\/fr\/wp-json\/wp\/v2\/media\/365652"}],"wp:attachment":[{"href":"https:\/\/www.webdo.tn\/fr\/wp-json\/wp\/v2\/media?parent=173087"}],"wp:term":[{"taxonomy":"category","embeddable":true,"href":"https:\/\/www.webdo.tn\/fr\/wp-json\/wp\/v2\/categories?post=173087"},{"taxonomy":"post_tag","embeddable":true,"href":"https:\/\/www.webdo.tn\/fr\/wp-json\/wp\/v2\/tags?post=173087"}],"curies":[{"name":"wp","href":"https:\/\/api.w.org\/{rel}","templated":true}]}}