{"id":173084,"date":"2011-01-28T17:59:00","date_gmt":"2011-01-28T17:59:00","guid":{"rendered":"https:\/\/www.webdo.tn\/fr\/actualite\/blog\/tirs-de-bombes-lacrymogenes-sur-avenue-habib-bourguiba\/173084\/"},"modified":"2011-01-28T17:59:00","modified_gmt":"2011-01-28T17:59:00","slug":"tirs-de-bombes-lacrymogenes-sur-avenue-habib-bourguiba","status":"publish","type":"post","link":"https:\/\/www.webdo.tn\/fr\/actualite\/national\/tirs-de-bombes-lacrymogenes-sur-avenue-habib-bourguiba\/173084\/","title":{"rendered":"Tirs de bombes lacrymog\u00e8nes sur l\u2019avenue Habib Bourguiba"},"content":{"rendered":"<p>Apr\u00e8s l\u2019annonce de la constitution du nouveau gouvernement compos\u00e9 de ministres non issus de l\u2019ancien r\u00e9gime, hier soir, sur l\u2019esplanade de la Kasbaa, la joie des manifestants \u00e9tait palpable. <\/p>\n<p>Et pourtant, aujourd\u2019hui, malgr\u00e9 l\u2019alignement de l\u2019UGTT et de l\u2019ordre des avocats a cette nouvelle donne, certains d\u2019entre eux protestent \u00e0 nouveau contre la pr\u00e9sence du premier ministre Ghannouchi mais aussi contre le gouvernement nouvellement \u00e9tabli.<\/p>\n<p>Les avocats ont demand\u00e9 aux manifestants de rentrer chez eux apr\u00e8s avoir pr\u00e9sent\u00e9 toutes leurs revendications dans un communiqu\u00e9 consensuel qui serait adress\u00e9 ult\u00e9rieurement au gouvernement. Mais la demande a \u00e9t\u00e9 refus\u00e9e pour les raisons cit\u00e9es ci-haut.<\/p>\n<p>On apprend qu\u2019en fin de journ\u00e9e, les militaires se sont retir\u00e9s de la Kasbaa pour laisser place a la police anti\u00e9meutes afin de disperser le sit-in. <\/p>\n<p>Ce qui s\u2019est termine par une bousculade en direction de l\u2019avenue Habib Bourguiba avec des tirs de bombes lacrymog\u00e8nes. Les affrontements semblent \u00e9voluer en sens unique et les militaires ne se sont pas interpos\u00e9s.<\/p>\n","protected":false},"excerpt":{"rendered":"<p>Tirs de bombes lacrymog\u00e8nes sur l\u2019avenue Habib Bourguiba<\/p>\n","protected":false},"author":3222,"featured_media":365653,"comment_status":"open","ping_status":"closed","sticky":false,"template":"","format":"standard","meta":{"footnotes":""},"categories":[44],"tags":[],"class_list":["post-173084","post","type-post","status-publish","format-standard","has-post-thumbnail","hentry","category-national"],"yoast_head":"<!-- This site is optimized with the Yoast SEO Premium plugin v27.4 (Yoast SEO v27.4) - https:\/\/yoast.com\/product\/yoast-seo-premium-wordpress\/ -->\n<title>Tirs de bombes lacrymog\u00e8nes sur l\u2019avenue Habib Bourguiba<\/title>\n<meta name=\"description\" content=\"Tirs de bombes lacrymog\u00e8nes sur l\u2019avenue Habib Bourguiba\" \/>\n<link rel=\"canonical\" href=\"https:\/\/www.webdo.tn\/fr\/actualite\/national\/tirs-de-bombes-lacrymogenes-sur-avenue-habib-bourguiba\/173084\/\" \/>\n<meta property=\"og:locale\" content=\"fr_FR\" \/>\n<meta property=\"og:type\" content=\"article\" \/>\n<meta property=\"og:title\" content=\"Tirs de bombes lacrymog\u00e8nes sur l\u2019avenue Habib Bourguiba\" \/>\n<meta property=\"og:description\" content=\"Tirs de bombes lacrymog\u00e8nes sur l\u2019avenue Habib Bourguiba\" \/>\n<meta property=\"og:url\" content=\"https:\/\/www.webdo.tn\/fr\/actualite\/national\/tirs-de-bombes-lacrymogenes-sur-avenue-habib-bourguiba\/173084\/\" \/>\n<meta property=\"og:site_name\" content=\"webdo\" \/>\n<meta property=\"article:publisher\" content=\"https:\/\/www.facebook.com\/webdotn\" \/>\n<meta property=\"article:published_time\" content=\"2011-01-28T17:59:00+00:00\" \/>\n<meta property=\"og:image\" content=\"https:\/\/www.webdo.tn\/fr\/wp-content\/uploads\/2011\/01\/Tir-lacrymogenes-tunis-photo-archive-300x161-1.jpg\" \/>\n\t<meta property=\"og:image:width\" content=\"300\" \/>\n\t<meta property=\"og:image:height\" content=\"161\" \/>\n\t<meta property=\"og:image:type\" content=\"image\/jpeg\" \/>\n<meta name=\"author\" content=\"webdo.tn\" \/>\n<meta name=\"twitter:card\" content=\"summary_large_image\" \/>\n<meta name=\"twitter:creator\" content=\"@webdo_tn\" \/>\n<meta name=\"twitter:site\" content=\"@webdo_tn\" \/>\n<meta name=\"twitter:label1\" content=\"\u00c9crit par\" \/>\n\t<meta name=\"twitter:data1\" content=\"webdo.tn\" \/>\n\t<meta name=\"twitter:label2\" content=\"Dur\u00e9e de lecture estim\u00e9e\" \/>\n\t<meta name=\"twitter:data2\" content=\"1 minute\" \/>\n<script type=\"application\/ld+json\" class=\"yoast-schema-graph\">{\"@context\":\"https:\\\/\\\/schema.org\",\"@graph\":[{\"@type\":\"NewsArticle\",\"@id\":\"https:\\\/\\\/www.webdo.tn\\\/fr\\\/actualite\\\/national\\\/tirs-de-bombes-lacrymogenes-sur-avenue-habib-bourguiba\\\/173084\\\/#article\",\"isPartOf\":{\"@id\":\"https:\\\/\\\/www.webdo.tn\\\/fr\\\/actualite\\\/national\\\/tirs-de-bombes-lacrymogenes-sur-avenue-habib-bourguiba\\\/173084\\\/\"},\"author\":{\"name\":\"webdo.tn\",\"@id\":\"https:\\\/\\\/www.webdo.tn\\\/fr\\\/#\\\/schema\\\/person\\\/9a9c6118d687c117df8ef3cc36a4d175\"},\"headline\":\"Tirs de bombes lacrymog\u00e8nes sur l\u2019avenue Habib Bourguiba\",\"datePublished\":\"2011-01-28T17:59:00+00:00\",\"mainEntityOfPage\":{\"@id\":\"https:\\\/\\\/www.webdo.tn\\\/fr\\\/actualite\\\/national\\\/tirs-de-bombes-lacrymogenes-sur-avenue-habib-bourguiba\\\/173084\\\/\"},\"wordCount\":195,\"commentCount\":0,\"publisher\":{\"@id\":\"https:\\\/\\\/www.webdo.tn\\\/fr\\\/#organization\"},\"image\":{\"@id\":\"https:\\\/\\\/www.webdo.tn\\\/fr\\\/actualite\\\/national\\\/tirs-de-bombes-lacrymogenes-sur-avenue-habib-bourguiba\\\/173084\\\/#primaryimage\"},\"thumbnailUrl\":\"https:\\\/\\\/www.webdo.tn\\\/fr\\\/wp-content\\\/uploads\\\/2011\\\/01\\\/Tir-lacrymogenes-tunis-photo-archive-300x161-1.jpg\",\"articleSection\":[\"National\"],\"inLanguage\":\"fr-FR\"},{\"@type\":\"WebPage\",\"@id\":\"https:\\\/\\\/www.webdo.tn\\\/fr\\\/actualite\\\/national\\\/tirs-de-bombes-lacrymogenes-sur-avenue-habib-bourguiba\\\/173084\\\/\",\"url\":\"https:\\\/\\\/www.webdo.tn\\\/fr\\\/actualite\\\/national\\\/tirs-de-bombes-lacrymogenes-sur-avenue-habib-bourguiba\\\/173084\\\/\",\"name\":\"Tirs de bombes lacrymog\u00e8nes sur l\u2019avenue Habib Bourguiba\",\"isPartOf\":{\"@id\":\"https:\\\/\\\/www.webdo.tn\\\/fr\\\/#website\"},\"primaryImageOfPage\":{\"@id\":\"https:\\\/\\\/www.webdo.tn\\\/fr\\\/actualite\\\/national\\\/tirs-de-bombes-lacrymogenes-sur-avenue-habib-bourguiba\\\/173084\\\/#primaryimage\"},\"image\":{\"@id\":\"https:\\\/\\\/www.webdo.tn\\\/fr\\\/actualite\\\/national\\\/tirs-de-bombes-lacrymogenes-sur-avenue-habib-bourguiba\\\/173084\\\/#primaryimage\"},\"thumbnailUrl\":\"https:\\\/\\\/www.webdo.tn\\\/fr\\\/wp-content\\\/uploads\\\/2011\\\/01\\\/Tir-lacrymogenes-tunis-photo-archive-300x161-1.jpg\",\"datePublished\":\"2011-01-28T17:59:00+00:00\",\"description\":\"Tirs de bombes lacrymog\u00e8nes sur l\u2019avenue Habib Bourguiba\",\"breadcrumb\":{\"@id\":\"https:\\\/\\\/www.webdo.tn\\\/fr\\\/actualite\\\/national\\\/tirs-de-bombes-lacrymogenes-sur-avenue-habib-bourguiba\\\/173084\\\/#breadcrumb\"},\"inLanguage\":\"fr-FR\",\"potentialAction\":[{\"@type\":\"ReadAction\",\"target\":[\"https:\\\/\\\/www.webdo.tn\\\/fr\\\/actualite\\\/national\\\/tirs-de-bombes-lacrymogenes-sur-avenue-habib-bourguiba\\\/173084\\\/\"]}]},{\"@type\":\"ImageObject\",\"inLanguage\":\"fr-FR\",\"@id\":\"https:\\\/\\\/www.webdo.tn\\\/fr\\\/actualite\\\/national\\\/tirs-de-bombes-lacrymogenes-sur-avenue-habib-bourguiba\\\/173084\\\/#primaryimage\",\"url\":\"https:\\\/\\\/www.webdo.tn\\\/fr\\\/wp-content\\\/uploads\\\/2011\\\/01\\\/Tir-lacrymogenes-tunis-photo-archive-300x161-1.jpg\",\"contentUrl\":\"https:\\\/\\\/www.webdo.tn\\\/fr\\\/wp-content\\\/uploads\\\/2011\\\/01\\\/Tir-lacrymogenes-tunis-photo-archive-300x161-1.jpg\",\"width\":300,\"height\":161,\"caption\":\"Tirs de bombes lacrymog\u00e8nes sur l\u2019avenue Habib Bourguiba\"},{\"@type\":\"BreadcrumbList\",\"@id\":\"https:\\\/\\\/www.webdo.tn\\\/fr\\\/actualite\\\/national\\\/tirs-de-bombes-lacrymogenes-sur-avenue-habib-bourguiba\\\/173084\\\/#breadcrumb\",\"itemListElement\":[{\"@type\":\"ListItem\",\"position\":1,\"name\":\"Accueil\",\"item\":\"https:\\\/\\\/www.webdo.tn\\\/fr\\\/\"},{\"@type\":\"ListItem\",\"position\":2,\"name\":\"Tirs de bombes lacrymog\u00e8nes sur l\u2019avenue Habib Bourguiba\"}]},{\"@type\":\"WebSite\",\"@id\":\"https:\\\/\\\/www.webdo.tn\\\/fr\\\/#website\",\"url\":\"https:\\\/\\\/www.webdo.tn\\\/fr\\\/\",\"name\":\"webdo\",\"description\":\"Tunisie - News en Tunisie et \u00e0 l&#039;international sur Webdo.tn\",\"publisher\":{\"@id\":\"https:\\\/\\\/www.webdo.tn\\\/fr\\\/#organization\"},\"potentialAction\":[{\"@type\":\"SearchAction\",\"target\":{\"@type\":\"EntryPoint\",\"urlTemplate\":\"https:\\\/\\\/www.webdo.tn\\\/fr\\\/?s={search_term_string}\"},\"query-input\":{\"@type\":\"PropertyValueSpecification\",\"valueRequired\":true,\"valueName\":\"search_term_string\"}}],\"inLanguage\":\"fr-FR\"},{\"@type\":\"Organization\",\"@id\":\"https:\\\/\\\/www.webdo.tn\\\/fr\\\/#organization\",\"name\":\"Webdo\",\"alternateName\":\"Webdo.tn\",\"url\":\"https:\\\/\\\/www.webdo.tn\\\/fr\\\/\",\"logo\":{\"@type\":\"ImageObject\",\"inLanguage\":\"fr-FR\",\"@id\":\"https:\\\/\\\/www.webdo.tn\\\/fr\\\/#\\\/schema\\\/logo\\\/image\\\/\",\"url\":\"https:\\\/\\\/www.webdo.tn\\\/fr\\\/wp-content\\\/uploads\\\/2025\\\/06\\\/Webdo-Tunisie_168377.jpg\",\"contentUrl\":\"https:\\\/\\\/www.webdo.tn\\\/fr\\\/wp-content\\\/uploads\\\/2025\\\/06\\\/Webdo-Tunisie_168377.jpg\",\"width\":301,\"height\":301,\"caption\":\"Webdo\"},\"image\":{\"@id\":\"https:\\\/\\\/www.webdo.tn\\\/fr\\\/#\\\/schema\\\/logo\\\/image\\\/\"},\"sameAs\":[\"https:\\\/\\\/www.facebook.com\\\/webdotn\",\"https:\\\/\\\/x.com\\\/webdo_tn\"],\"description\":\"Webdo est un m\u00e9dia num\u00e9rique tunisien fond\u00e9 en 2010, sp\u00e9cialis\u00e9 dans l\u2019actualit\u00e9 nationale et internationale, l\u2019\u00e9conomie, la soci\u00e9t\u00e9 et les analyses politiques. Le site s\u2019adresse \u00e0 un large public francophone et couvre l\u2019information tunisienne en temps r\u00e9el.\",\"email\":\"redac@webdo.tn\",\"legalName\":\"YNJ SARL\",\"foundingDate\":\"2010-09-06\",\"numberOfEmployees\":{\"@type\":\"QuantitativeValue\",\"minValue\":\"11\",\"maxValue\":\"50\"}},{\"@type\":\"Person\",\"@id\":\"https:\\\/\\\/www.webdo.tn\\\/fr\\\/#\\\/schema\\\/person\\\/9a9c6118d687c117df8ef3cc36a4d175\",\"name\":\"webdo.tn\",\"image\":{\"@type\":\"ImageObject\",\"inLanguage\":\"fr-FR\",\"@id\":\"https:\\\/\\\/secure.gravatar.com\\\/avatar\\\/7ce1f28c0c3bbac99ff550b85ef8e44a6950c6ee24514fb6a5489e51d06f0298?s=96&d=mm&r=g\",\"url\":\"https:\\\/\\\/secure.gravatar.com\\\/avatar\\\/7ce1f28c0c3bbac99ff550b85ef8e44a6950c6ee24514fb6a5489e51d06f0298?s=96&d=mm&r=g\",\"contentUrl\":\"https:\\\/\\\/secure.gravatar.com\\\/avatar\\\/7ce1f28c0c3bbac99ff550b85ef8e44a6950c6ee24514fb6a5489e51d06f0298?s=96&d=mm&r=g\",\"caption\":\"webdo.tn\"},\"url\":\"https:\\\/\\\/www.webdo.tn\\\/fr\\\/actualite\\\/author\\\/webdotn\\\/\"}]}<\/script>\n<!-- \/ Yoast SEO Premium plugin. -->","yoast_head_json":{"title":"Tirs de bombes lacrymog\u00e8nes sur l\u2019avenue Habib Bourguiba","description":"Tirs de bombes lacrymog\u00e8nes sur l\u2019avenue Habib Bourguiba","canonical":"https:\/\/www.webdo.tn\/fr\/actualite\/national\/tirs-de-bombes-lacrymogenes-sur-avenue-habib-bourguiba\/173084\/","og_locale":"fr_FR","og_type":"article","og_title":"Tirs de bombes lacrymog\u00e8nes sur l\u2019avenue Habib Bourguiba","og_description":"Tirs de bombes lacrymog\u00e8nes sur l\u2019avenue Habib Bourguiba","og_url":"https:\/\/www.webdo.tn\/fr\/actualite\/national\/tirs-de-bombes-lacrymogenes-sur-avenue-habib-bourguiba\/173084\/","og_site_name":"webdo","article_publisher":"https:\/\/www.facebook.com\/webdotn","article_published_time":"2011-01-28T17:59:00+00:00","og_image":[{"width":300,"height":161,"url":"https:\/\/www.webdo.tn\/fr\/wp-content\/uploads\/2011\/01\/Tir-lacrymogenes-tunis-photo-archive-300x161-1.jpg","type":"image\/jpeg"}],"author":"webdo.tn","twitter_card":"summary_large_image","twitter_creator":"@webdo_tn","twitter_site":"@webdo_tn","twitter_misc":{"\u00c9crit par":"webdo.tn","Dur\u00e9e de lecture estim\u00e9e":"1 minute"},"schema":{"@context":"https:\/\/schema.org","@graph":[{"@type":"NewsArticle","@id":"https:\/\/www.webdo.tn\/fr\/actualite\/national\/tirs-de-bombes-lacrymogenes-sur-avenue-habib-bourguiba\/173084\/#article","isPartOf":{"@id":"https:\/\/www.webdo.tn\/fr\/actualite\/national\/tirs-de-bombes-lacrymogenes-sur-avenue-habib-bourguiba\/173084\/"},"author":{"name":"webdo.tn","@id":"https:\/\/www.webdo.tn\/fr\/#\/schema\/person\/9a9c6118d687c117df8ef3cc36a4d175"},"headline":"Tirs de bombes lacrymog\u00e8nes sur l\u2019avenue Habib Bourguiba","datePublished":"2011-01-28T17:59:00+00:00","mainEntityOfPage":{"@id":"https:\/\/www.webdo.tn\/fr\/actualite\/national\/tirs-de-bombes-lacrymogenes-sur-avenue-habib-bourguiba\/173084\/"},"wordCount":195,"commentCount":0,"publisher":{"@id":"https:\/\/www.webdo.tn\/fr\/#organization"},"image":{"@id":"https:\/\/www.webdo.tn\/fr\/actualite\/national\/tirs-de-bombes-lacrymogenes-sur-avenue-habib-bourguiba\/173084\/#primaryimage"},"thumbnailUrl":"https:\/\/www.webdo.tn\/fr\/wp-content\/uploads\/2011\/01\/Tir-lacrymogenes-tunis-photo-archive-300x161-1.jpg","articleSection":["National"],"inLanguage":"fr-FR"},{"@type":"WebPage","@id":"https:\/\/www.webdo.tn\/fr\/actualite\/national\/tirs-de-bombes-lacrymogenes-sur-avenue-habib-bourguiba\/173084\/","url":"https:\/\/www.webdo.tn\/fr\/actualite\/national\/tirs-de-bombes-lacrymogenes-sur-avenue-habib-bourguiba\/173084\/","name":"Tirs de bombes lacrymog\u00e8nes sur l\u2019avenue Habib Bourguiba","isPartOf":{"@id":"https:\/\/www.webdo.tn\/fr\/#website"},"primaryImageOfPage":{"@id":"https:\/\/www.webdo.tn\/fr\/actualite\/national\/tirs-de-bombes-lacrymogenes-sur-avenue-habib-bourguiba\/173084\/#primaryimage"},"image":{"@id":"https:\/\/www.webdo.tn\/fr\/actualite\/national\/tirs-de-bombes-lacrymogenes-sur-avenue-habib-bourguiba\/173084\/#primaryimage"},"thumbnailUrl":"https:\/\/www.webdo.tn\/fr\/wp-content\/uploads\/2011\/01\/Tir-lacrymogenes-tunis-photo-archive-300x161-1.jpg","datePublished":"2011-01-28T17:59:00+00:00","description":"Tirs de bombes lacrymog\u00e8nes sur l\u2019avenue Habib Bourguiba","breadcrumb":{"@id":"https:\/\/www.webdo.tn\/fr\/actualite\/national\/tirs-de-bombes-lacrymogenes-sur-avenue-habib-bourguiba\/173084\/#breadcrumb"},"inLanguage":"fr-FR","potentialAction":[{"@type":"ReadAction","target":["https:\/\/www.webdo.tn\/fr\/actualite\/national\/tirs-de-bombes-lacrymogenes-sur-avenue-habib-bourguiba\/173084\/"]}]},{"@type":"ImageObject","inLanguage":"fr-FR","@id":"https:\/\/www.webdo.tn\/fr\/actualite\/national\/tirs-de-bombes-lacrymogenes-sur-avenue-habib-bourguiba\/173084\/#primaryimage","url":"https:\/\/www.webdo.tn\/fr\/wp-content\/uploads\/2011\/01\/Tir-lacrymogenes-tunis-photo-archive-300x161-1.jpg","contentUrl":"https:\/\/www.webdo.tn\/fr\/wp-content\/uploads\/2011\/01\/Tir-lacrymogenes-tunis-photo-archive-300x161-1.jpg","width":300,"height":161,"caption":"Tirs de bombes lacrymog\u00e8nes sur l\u2019avenue Habib Bourguiba"},{"@type":"BreadcrumbList","@id":"https:\/\/www.webdo.tn\/fr\/actualite\/national\/tirs-de-bombes-lacrymogenes-sur-avenue-habib-bourguiba\/173084\/#breadcrumb","itemListElement":[{"@type":"ListItem","position":1,"name":"Accueil","item":"https:\/\/www.webdo.tn\/fr\/"},{"@type":"ListItem","position":2,"name":"Tirs de bombes lacrymog\u00e8nes sur l\u2019avenue Habib Bourguiba"}]},{"@type":"WebSite","@id":"https:\/\/www.webdo.tn\/fr\/#website","url":"https:\/\/www.webdo.tn\/fr\/","name":"webdo","description":"Tunisie - News en Tunisie et \u00e0 l&#039;international sur Webdo.tn","publisher":{"@id":"https:\/\/www.webdo.tn\/fr\/#organization"},"potentialAction":[{"@type":"SearchAction","target":{"@type":"EntryPoint","urlTemplate":"https:\/\/www.webdo.tn\/fr\/?s={search_term_string}"},"query-input":{"@type":"PropertyValueSpecification","valueRequired":true,"valueName":"search_term_string"}}],"inLanguage":"fr-FR"},{"@type":"Organization","@id":"https:\/\/www.webdo.tn\/fr\/#organization","name":"Webdo","alternateName":"Webdo.tn","url":"https:\/\/www.webdo.tn\/fr\/","logo":{"@type":"ImageObject","inLanguage":"fr-FR","@id":"https:\/\/www.webdo.tn\/fr\/#\/schema\/logo\/image\/","url":"https:\/\/www.webdo.tn\/fr\/wp-content\/uploads\/2025\/06\/Webdo-Tunisie_168377.jpg","contentUrl":"https:\/\/www.webdo.tn\/fr\/wp-content\/uploads\/2025\/06\/Webdo-Tunisie_168377.jpg","width":301,"height":301,"caption":"Webdo"},"image":{"@id":"https:\/\/www.webdo.tn\/fr\/#\/schema\/logo\/image\/"},"sameAs":["https:\/\/www.facebook.com\/webdotn","https:\/\/x.com\/webdo_tn"],"description":"Webdo est un m\u00e9dia num\u00e9rique tunisien fond\u00e9 en 2010, sp\u00e9cialis\u00e9 dans l\u2019actualit\u00e9 nationale et internationale, l\u2019\u00e9conomie, la soci\u00e9t\u00e9 et les analyses politiques. Le site s\u2019adresse \u00e0 un large public francophone et couvre l\u2019information tunisienne en temps r\u00e9el.","email":"redac@webdo.tn","legalName":"YNJ SARL","foundingDate":"2010-09-06","numberOfEmployees":{"@type":"QuantitativeValue","minValue":"11","maxValue":"50"}},{"@type":"Person","@id":"https:\/\/www.webdo.tn\/fr\/#\/schema\/person\/9a9c6118d687c117df8ef3cc36a4d175","name":"webdo.tn","image":{"@type":"ImageObject","inLanguage":"fr-FR","@id":"https:\/\/secure.gravatar.com\/avatar\/7ce1f28c0c3bbac99ff550b85ef8e44a6950c6ee24514fb6a5489e51d06f0298?s=96&d=mm&r=g","url":"https:\/\/secure.gravatar.com\/avatar\/7ce1f28c0c3bbac99ff550b85ef8e44a6950c6ee24514fb6a5489e51d06f0298?s=96&d=mm&r=g","contentUrl":"https:\/\/secure.gravatar.com\/avatar\/7ce1f28c0c3bbac99ff550b85ef8e44a6950c6ee24514fb6a5489e51d06f0298?s=96&d=mm&r=g","caption":"webdo.tn"},"url":"https:\/\/www.webdo.tn\/fr\/actualite\/author\/webdotn\/"}]}},"_links":{"self":[{"href":"https:\/\/www.webdo.tn\/fr\/wp-json\/wp\/v2\/posts\/173084","targetHints":{"allow":["GET"]}}],"collection":[{"href":"https:\/\/www.webdo.tn\/fr\/wp-json\/wp\/v2\/posts"}],"about":[{"href":"https:\/\/www.webdo.tn\/fr\/wp-json\/wp\/v2\/types\/post"}],"author":[{"embeddable":true,"href":"https:\/\/www.webdo.tn\/fr\/wp-json\/wp\/v2\/users\/3222"}],"replies":[{"embeddable":true,"href":"https:\/\/www.webdo.tn\/fr\/wp-json\/wp\/v2\/comments?post=173084"}],"version-history":[{"count":0,"href":"https:\/\/www.webdo.tn\/fr\/wp-json\/wp\/v2\/posts\/173084\/revisions"}],"wp:featuredmedia":[{"embeddable":true,"href":"https:\/\/www.webdo.tn\/fr\/wp-json\/wp\/v2\/media\/365653"}],"wp:attachment":[{"href":"https:\/\/www.webdo.tn\/fr\/wp-json\/wp\/v2\/media?parent=173084"}],"wp:term":[{"taxonomy":"category","embeddable":true,"href":"https:\/\/www.webdo.tn\/fr\/wp-json\/wp\/v2\/categories?post=173084"},{"taxonomy":"post_tag","embeddable":true,"href":"https:\/\/www.webdo.tn\/fr\/wp-json\/wp\/v2\/tags?post=173084"}],"curies":[{"name":"wp","href":"https:\/\/api.w.org\/{rel}","templated":true}]}}