{"id":173083,"date":"2011-01-28T20:50:00","date_gmt":"2011-01-28T20:50:00","guid":{"rendered":"https:\/\/www.webdo.tn\/fr\/actualite\/blog\/quand-les-etudiants-tunisiens-disent-non-au-passage-des-examens\/173083\/"},"modified":"2011-01-28T20:50:00","modified_gmt":"2011-01-28T20:50:00","slug":"quand-les-etudiants-tunisiens-disent-non-au-passage-des-examens","status":"publish","type":"post","link":"https:\/\/www.webdo.tn\/fr\/actualite\/national\/quand-les-etudiants-tunisiens-disent-non-au-passage-des-examens\/173083\/","title":{"rendered":"Quand les \u00e9tudiants tunisiens disent \u00ab\u00a0NON au passage des examens\u00a0\u00bb"},"content":{"rendered":"<p>Le jeudi 27 Janvier, date pr\u00e9vue pour la reprise du passage des \u00e9preuves restantes, a enregistr\u00e9 des perturbations et des d\u00e9cisions d&rsquo;annulations d&rsquo;\u00e9preuves.<\/p>\n<p>L&rsquo;Institut National des Sciences Appliqu\u00e9es et Technologies (INSAT) de Tunis a \u00e9tait un des instituts universitaires a avoir eu un Jeudi mitig\u00e9.<\/p>\n<p>Les \u00e9preuves de la matin\u00e9e ont \u00e9t\u00e9 pass\u00e9es sans l&rsquo;ombre d&rsquo;un probl\u00e8me. Mais les \u00e9tudiants en ont d\u00e9cid\u00e9 autrement pour celles de l&rsquo;apr\u00e8s midi. Au d\u00e9part une foule avec des slogans contre les ministres de l&rsquo;ancien gouvernement, cela a fini par faire sortir les groupes qui avaient d\u00e9j\u00e0 commenc\u00e9 \u00e0 passer quelques \u00e9preuves.<\/p>\n<p>La situation n&rsquo;a pas fait que des heureux. Des heureux de pouvoir exprimer leurs soutien aux manifestants de la Kasbaa mais aussi de voir leurs examens report\u00e9s. Plusieurs \u00e9tudiants frustr\u00e9s et \u00e9nerv\u00e9s ont exprim\u00e9 leurs col\u00e8re d&rsquo;avoir fait le d\u00e9placement et de s\u2019\u00eatre vus retirer les feuilles d&rsquo;examens, d&rsquo;autres ont m\u00eame demand\u00e9 l&rsquo;int\u00e9r\u00eat de passer des examens dans la situation politique actuelle de la Tunisie.<\/p>\n<p>Jihed Hajji, \u00e9tudiant, a d\u00e9crit ce qui s&rsquo;est pass\u00e9 \u00e0 l&rsquo;Institut comme \u00e9tant une cons\u00e9quence logique \u00e9tant donn\u00e9 que l&rsquo;INSAT est presque l&rsquo;un des \u00e9tablissements universitaires Tunisiens n&rsquo;ayant enregistr\u00e9 aucune manifestation depuis le d\u00e9but de cette r\u00e9volte. Il ajoute que pour certains c&rsquo;\u00e9tait peut \u00eatre un moment de d\u00e9foulement mais pour le reste c&rsquo;\u00e9tait un moyen de faire entendre leur voix.<\/p>\n<p>Quant \u00e0 Emna Ben Achour \u00e9tudiante en quatri\u00e8me ann\u00e9e, elle voit ce qui s&rsquo;est pass\u00e9 comme un acte non r\u00e9fl\u00e9chi de la part des \u00e9tudiants. Elle pense qu&rsquo;un Sit-in apr\u00e8s le passage des \u00e9preuves, aller manifester \u00e0 la Kasba ou bien le port de brassards noir en signe de protestation auraient \u00e9t\u00e9 plus appropri\u00e9s. De son point de vue, les \u00e9tudiants ing\u00e9nieurs doivent donner l&rsquo;exemple et non pas saboter les examens.<\/p>\n<p>Elle voit que ce qui s&rsquo;est pass\u00e9 a \u00e9t\u00e9 en majorit\u00e9 une occasion \u00e0 ne pas rater pour certains pour ne pas passer les examens. Elle souligne aussi que certains slogans visant entre autres le directeur et les professeurs \u00e9taient mal plac\u00e9s et incorrects compte tenu du contexte.<\/p>\n","protected":false},"excerpt":{"rendered":"<p>Quand les \u00e9tudiants tunisiens disent  NON au passage des examens <\/p>\n","protected":false},"author":3222,"featured_media":365654,"comment_status":"open","ping_status":"closed","sticky":false,"template":"","format":"standard","meta":{"footnotes":""},"categories":[44],"tags":[],"class_list":["post-173083","post","type-post","status-publish","format-standard","has-post-thumbnail","hentry","category-national"],"yoast_head":"<!-- This site is optimized with the Yoast SEO Premium plugin v27.4 (Yoast SEO v27.4) - https:\/\/yoast.com\/product\/yoast-seo-premium-wordpress\/ -->\n<title>Quand les \u00e9tudiants tunisiens disent NON au passage des examens<\/title>\n<meta name=\"description\" content=\"Quand les \u00e9tudiants tunisiens disent NON au passage des examens\" \/>\n<link rel=\"canonical\" href=\"https:\/\/www.webdo.tn\/fr\/actualite\/national\/quand-les-etudiants-tunisiens-disent-non-au-passage-des-examens\/173083\/\" \/>\n<meta property=\"og:locale\" content=\"fr_FR\" \/>\n<meta property=\"og:type\" content=\"article\" \/>\n<meta property=\"og:title\" content=\"Quand les \u00e9tudiants tunisiens disent &quot;NON au passage des examens&quot;\" \/>\n<meta property=\"og:description\" content=\"Quand les \u00e9tudiants tunisiens disent NON au passage des examens\" \/>\n<meta property=\"og:url\" content=\"https:\/\/www.webdo.tn\/fr\/actualite\/national\/quand-les-etudiants-tunisiens-disent-non-au-passage-des-examens\/173083\/\" \/>\n<meta property=\"og:site_name\" content=\"webdo\" \/>\n<meta property=\"article:publisher\" content=\"https:\/\/www.facebook.com\/webdotn\" \/>\n<meta property=\"article:published_time\" content=\"2011-01-28T20:50:00+00:00\" \/>\n<meta property=\"og:image\" content=\"https:\/\/www.webdo.tn\/fr\/wp-content\/uploads\/2011\/01\/27081-300x225-1.jpg\" \/>\n\t<meta property=\"og:image:width\" content=\"300\" \/>\n\t<meta property=\"og:image:height\" content=\"225\" \/>\n\t<meta property=\"og:image:type\" content=\"image\/jpeg\" \/>\n<meta name=\"author\" content=\"webdo.tn\" \/>\n<meta name=\"twitter:card\" content=\"summary_large_image\" \/>\n<meta name=\"twitter:creator\" content=\"@webdo_tn\" \/>\n<meta name=\"twitter:site\" content=\"@webdo_tn\" \/>\n<meta name=\"twitter:label1\" content=\"\u00c9crit par\" \/>\n\t<meta name=\"twitter:data1\" content=\"webdo.tn\" \/>\n\t<meta name=\"twitter:label2\" content=\"Dur\u00e9e de lecture estim\u00e9e\" \/>\n\t<meta name=\"twitter:data2\" content=\"2 minutes\" \/>\n<script type=\"application\/ld+json\" class=\"yoast-schema-graph\">{\"@context\":\"https:\\\/\\\/schema.org\",\"@graph\":[{\"@type\":\"NewsArticle\",\"@id\":\"https:\\\/\\\/www.webdo.tn\\\/fr\\\/actualite\\\/national\\\/quand-les-etudiants-tunisiens-disent-non-au-passage-des-examens\\\/173083\\\/#article\",\"isPartOf\":{\"@id\":\"https:\\\/\\\/www.webdo.tn\\\/fr\\\/actualite\\\/national\\\/quand-les-etudiants-tunisiens-disent-non-au-passage-des-examens\\\/173083\\\/\"},\"author\":{\"name\":\"webdo.tn\",\"@id\":\"https:\\\/\\\/www.webdo.tn\\\/fr\\\/#\\\/schema\\\/person\\\/9a9c6118d687c117df8ef3cc36a4d175\"},\"headline\":\"Quand les \u00e9tudiants tunisiens disent \u00ab\u00a0NON au passage des examens\u00a0\u00bb\",\"datePublished\":\"2011-01-28T20:50:00+00:00\",\"mainEntityOfPage\":{\"@id\":\"https:\\\/\\\/www.webdo.tn\\\/fr\\\/actualite\\\/national\\\/quand-les-etudiants-tunisiens-disent-non-au-passage-des-examens\\\/173083\\\/\"},\"wordCount\":402,\"commentCount\":0,\"publisher\":{\"@id\":\"https:\\\/\\\/www.webdo.tn\\\/fr\\\/#organization\"},\"image\":{\"@id\":\"https:\\\/\\\/www.webdo.tn\\\/fr\\\/actualite\\\/national\\\/quand-les-etudiants-tunisiens-disent-non-au-passage-des-examens\\\/173083\\\/#primaryimage\"},\"thumbnailUrl\":\"https:\\\/\\\/www.webdo.tn\\\/fr\\\/wp-content\\\/uploads\\\/2011\\\/01\\\/27081-300x225-1.jpg\",\"articleSection\":[\"National\"],\"inLanguage\":\"fr-FR\"},{\"@type\":\"WebPage\",\"@id\":\"https:\\\/\\\/www.webdo.tn\\\/fr\\\/actualite\\\/national\\\/quand-les-etudiants-tunisiens-disent-non-au-passage-des-examens\\\/173083\\\/\",\"url\":\"https:\\\/\\\/www.webdo.tn\\\/fr\\\/actualite\\\/national\\\/quand-les-etudiants-tunisiens-disent-non-au-passage-des-examens\\\/173083\\\/\",\"name\":\"Quand les \u00e9tudiants tunisiens disent NON au passage des examens\",\"isPartOf\":{\"@id\":\"https:\\\/\\\/www.webdo.tn\\\/fr\\\/#website\"},\"primaryImageOfPage\":{\"@id\":\"https:\\\/\\\/www.webdo.tn\\\/fr\\\/actualite\\\/national\\\/quand-les-etudiants-tunisiens-disent-non-au-passage-des-examens\\\/173083\\\/#primaryimage\"},\"image\":{\"@id\":\"https:\\\/\\\/www.webdo.tn\\\/fr\\\/actualite\\\/national\\\/quand-les-etudiants-tunisiens-disent-non-au-passage-des-examens\\\/173083\\\/#primaryimage\"},\"thumbnailUrl\":\"https:\\\/\\\/www.webdo.tn\\\/fr\\\/wp-content\\\/uploads\\\/2011\\\/01\\\/27081-300x225-1.jpg\",\"datePublished\":\"2011-01-28T20:50:00+00:00\",\"description\":\"Quand les \u00e9tudiants tunisiens disent NON au passage des examens\",\"breadcrumb\":{\"@id\":\"https:\\\/\\\/www.webdo.tn\\\/fr\\\/actualite\\\/national\\\/quand-les-etudiants-tunisiens-disent-non-au-passage-des-examens\\\/173083\\\/#breadcrumb\"},\"inLanguage\":\"fr-FR\",\"potentialAction\":[{\"@type\":\"ReadAction\",\"target\":[\"https:\\\/\\\/www.webdo.tn\\\/fr\\\/actualite\\\/national\\\/quand-les-etudiants-tunisiens-disent-non-au-passage-des-examens\\\/173083\\\/\"]}]},{\"@type\":\"ImageObject\",\"inLanguage\":\"fr-FR\",\"@id\":\"https:\\\/\\\/www.webdo.tn\\\/fr\\\/actualite\\\/national\\\/quand-les-etudiants-tunisiens-disent-non-au-passage-des-examens\\\/173083\\\/#primaryimage\",\"url\":\"https:\\\/\\\/www.webdo.tn\\\/fr\\\/wp-content\\\/uploads\\\/2011\\\/01\\\/27081-300x225-1.jpg\",\"contentUrl\":\"https:\\\/\\\/www.webdo.tn\\\/fr\\\/wp-content\\\/uploads\\\/2011\\\/01\\\/27081-300x225-1.jpg\",\"width\":300,\"height\":225,\"caption\":\"Quand les \u00e9tudiants tunisiens disent \\\"NON au passage des examens\\\"\"},{\"@type\":\"BreadcrumbList\",\"@id\":\"https:\\\/\\\/www.webdo.tn\\\/fr\\\/actualite\\\/national\\\/quand-les-etudiants-tunisiens-disent-non-au-passage-des-examens\\\/173083\\\/#breadcrumb\",\"itemListElement\":[{\"@type\":\"ListItem\",\"position\":1,\"name\":\"Accueil\",\"item\":\"https:\\\/\\\/www.webdo.tn\\\/fr\\\/\"},{\"@type\":\"ListItem\",\"position\":2,\"name\":\"Quand les \u00e9tudiants tunisiens disent \u00ab\u00a0NON au passage des examens\u00a0\u00bb\"}]},{\"@type\":\"WebSite\",\"@id\":\"https:\\\/\\\/www.webdo.tn\\\/fr\\\/#website\",\"url\":\"https:\\\/\\\/www.webdo.tn\\\/fr\\\/\",\"name\":\"webdo\",\"description\":\"Tunisie - News en Tunisie et \u00e0 l&#039;international sur Webdo.tn\",\"publisher\":{\"@id\":\"https:\\\/\\\/www.webdo.tn\\\/fr\\\/#organization\"},\"potentialAction\":[{\"@type\":\"SearchAction\",\"target\":{\"@type\":\"EntryPoint\",\"urlTemplate\":\"https:\\\/\\\/www.webdo.tn\\\/fr\\\/?s={search_term_string}\"},\"query-input\":{\"@type\":\"PropertyValueSpecification\",\"valueRequired\":true,\"valueName\":\"search_term_string\"}}],\"inLanguage\":\"fr-FR\"},{\"@type\":\"Organization\",\"@id\":\"https:\\\/\\\/www.webdo.tn\\\/fr\\\/#organization\",\"name\":\"Webdo\",\"alternateName\":\"Webdo.tn\",\"url\":\"https:\\\/\\\/www.webdo.tn\\\/fr\\\/\",\"logo\":{\"@type\":\"ImageObject\",\"inLanguage\":\"fr-FR\",\"@id\":\"https:\\\/\\\/www.webdo.tn\\\/fr\\\/#\\\/schema\\\/logo\\\/image\\\/\",\"url\":\"https:\\\/\\\/www.webdo.tn\\\/fr\\\/wp-content\\\/uploads\\\/2025\\\/06\\\/Webdo-Tunisie_168377.jpg\",\"contentUrl\":\"https:\\\/\\\/www.webdo.tn\\\/fr\\\/wp-content\\\/uploads\\\/2025\\\/06\\\/Webdo-Tunisie_168377.jpg\",\"width\":301,\"height\":301,\"caption\":\"Webdo\"},\"image\":{\"@id\":\"https:\\\/\\\/www.webdo.tn\\\/fr\\\/#\\\/schema\\\/logo\\\/image\\\/\"},\"sameAs\":[\"https:\\\/\\\/www.facebook.com\\\/webdotn\",\"https:\\\/\\\/x.com\\\/webdo_tn\"],\"description\":\"Webdo est un m\u00e9dia num\u00e9rique tunisien fond\u00e9 en 2010, sp\u00e9cialis\u00e9 dans l\u2019actualit\u00e9 nationale et internationale, l\u2019\u00e9conomie, la soci\u00e9t\u00e9 et les analyses politiques. Le site s\u2019adresse \u00e0 un large public francophone et couvre l\u2019information tunisienne en temps r\u00e9el.\",\"email\":\"redac@webdo.tn\",\"legalName\":\"YNJ SARL\",\"foundingDate\":\"2010-09-06\",\"numberOfEmployees\":{\"@type\":\"QuantitativeValue\",\"minValue\":\"11\",\"maxValue\":\"50\"}},{\"@type\":\"Person\",\"@id\":\"https:\\\/\\\/www.webdo.tn\\\/fr\\\/#\\\/schema\\\/person\\\/9a9c6118d687c117df8ef3cc36a4d175\",\"name\":\"webdo.tn\",\"image\":{\"@type\":\"ImageObject\",\"inLanguage\":\"fr-FR\",\"@id\":\"https:\\\/\\\/secure.gravatar.com\\\/avatar\\\/7ce1f28c0c3bbac99ff550b85ef8e44a6950c6ee24514fb6a5489e51d06f0298?s=96&d=mm&r=g\",\"url\":\"https:\\\/\\\/secure.gravatar.com\\\/avatar\\\/7ce1f28c0c3bbac99ff550b85ef8e44a6950c6ee24514fb6a5489e51d06f0298?s=96&d=mm&r=g\",\"contentUrl\":\"https:\\\/\\\/secure.gravatar.com\\\/avatar\\\/7ce1f28c0c3bbac99ff550b85ef8e44a6950c6ee24514fb6a5489e51d06f0298?s=96&d=mm&r=g\",\"caption\":\"webdo.tn\"},\"url\":\"https:\\\/\\\/www.webdo.tn\\\/fr\\\/actualite\\\/author\\\/webdotn\\\/\"}]}<\/script>\n<!-- \/ Yoast SEO Premium plugin. -->","yoast_head_json":{"title":"Quand les \u00e9tudiants tunisiens disent NON au passage des examens","description":"Quand les \u00e9tudiants tunisiens disent NON au passage des examens","canonical":"https:\/\/www.webdo.tn\/fr\/actualite\/national\/quand-les-etudiants-tunisiens-disent-non-au-passage-des-examens\/173083\/","og_locale":"fr_FR","og_type":"article","og_title":"Quand les \u00e9tudiants tunisiens disent \"NON au passage des examens\"","og_description":"Quand les \u00e9tudiants tunisiens disent NON au passage des examens","og_url":"https:\/\/www.webdo.tn\/fr\/actualite\/national\/quand-les-etudiants-tunisiens-disent-non-au-passage-des-examens\/173083\/","og_site_name":"webdo","article_publisher":"https:\/\/www.facebook.com\/webdotn","article_published_time":"2011-01-28T20:50:00+00:00","og_image":[{"width":300,"height":225,"url":"https:\/\/www.webdo.tn\/fr\/wp-content\/uploads\/2011\/01\/27081-300x225-1.jpg","type":"image\/jpeg"}],"author":"webdo.tn","twitter_card":"summary_large_image","twitter_creator":"@webdo_tn","twitter_site":"@webdo_tn","twitter_misc":{"\u00c9crit par":"webdo.tn","Dur\u00e9e de lecture estim\u00e9e":"2 minutes"},"schema":{"@context":"https:\/\/schema.org","@graph":[{"@type":"NewsArticle","@id":"https:\/\/www.webdo.tn\/fr\/actualite\/national\/quand-les-etudiants-tunisiens-disent-non-au-passage-des-examens\/173083\/#article","isPartOf":{"@id":"https:\/\/www.webdo.tn\/fr\/actualite\/national\/quand-les-etudiants-tunisiens-disent-non-au-passage-des-examens\/173083\/"},"author":{"name":"webdo.tn","@id":"https:\/\/www.webdo.tn\/fr\/#\/schema\/person\/9a9c6118d687c117df8ef3cc36a4d175"},"headline":"Quand les \u00e9tudiants tunisiens disent \u00ab\u00a0NON au passage des examens\u00a0\u00bb","datePublished":"2011-01-28T20:50:00+00:00","mainEntityOfPage":{"@id":"https:\/\/www.webdo.tn\/fr\/actualite\/national\/quand-les-etudiants-tunisiens-disent-non-au-passage-des-examens\/173083\/"},"wordCount":402,"commentCount":0,"publisher":{"@id":"https:\/\/www.webdo.tn\/fr\/#organization"},"image":{"@id":"https:\/\/www.webdo.tn\/fr\/actualite\/national\/quand-les-etudiants-tunisiens-disent-non-au-passage-des-examens\/173083\/#primaryimage"},"thumbnailUrl":"https:\/\/www.webdo.tn\/fr\/wp-content\/uploads\/2011\/01\/27081-300x225-1.jpg","articleSection":["National"],"inLanguage":"fr-FR"},{"@type":"WebPage","@id":"https:\/\/www.webdo.tn\/fr\/actualite\/national\/quand-les-etudiants-tunisiens-disent-non-au-passage-des-examens\/173083\/","url":"https:\/\/www.webdo.tn\/fr\/actualite\/national\/quand-les-etudiants-tunisiens-disent-non-au-passage-des-examens\/173083\/","name":"Quand les \u00e9tudiants tunisiens disent NON au passage des examens","isPartOf":{"@id":"https:\/\/www.webdo.tn\/fr\/#website"},"primaryImageOfPage":{"@id":"https:\/\/www.webdo.tn\/fr\/actualite\/national\/quand-les-etudiants-tunisiens-disent-non-au-passage-des-examens\/173083\/#primaryimage"},"image":{"@id":"https:\/\/www.webdo.tn\/fr\/actualite\/national\/quand-les-etudiants-tunisiens-disent-non-au-passage-des-examens\/173083\/#primaryimage"},"thumbnailUrl":"https:\/\/www.webdo.tn\/fr\/wp-content\/uploads\/2011\/01\/27081-300x225-1.jpg","datePublished":"2011-01-28T20:50:00+00:00","description":"Quand les \u00e9tudiants tunisiens disent NON au passage des examens","breadcrumb":{"@id":"https:\/\/www.webdo.tn\/fr\/actualite\/national\/quand-les-etudiants-tunisiens-disent-non-au-passage-des-examens\/173083\/#breadcrumb"},"inLanguage":"fr-FR","potentialAction":[{"@type":"ReadAction","target":["https:\/\/www.webdo.tn\/fr\/actualite\/national\/quand-les-etudiants-tunisiens-disent-non-au-passage-des-examens\/173083\/"]}]},{"@type":"ImageObject","inLanguage":"fr-FR","@id":"https:\/\/www.webdo.tn\/fr\/actualite\/national\/quand-les-etudiants-tunisiens-disent-non-au-passage-des-examens\/173083\/#primaryimage","url":"https:\/\/www.webdo.tn\/fr\/wp-content\/uploads\/2011\/01\/27081-300x225-1.jpg","contentUrl":"https:\/\/www.webdo.tn\/fr\/wp-content\/uploads\/2011\/01\/27081-300x225-1.jpg","width":300,"height":225,"caption":"Quand les \u00e9tudiants tunisiens disent \"NON au passage des examens\""},{"@type":"BreadcrumbList","@id":"https:\/\/www.webdo.tn\/fr\/actualite\/national\/quand-les-etudiants-tunisiens-disent-non-au-passage-des-examens\/173083\/#breadcrumb","itemListElement":[{"@type":"ListItem","position":1,"name":"Accueil","item":"https:\/\/www.webdo.tn\/fr\/"},{"@type":"ListItem","position":2,"name":"Quand les \u00e9tudiants tunisiens disent \u00ab\u00a0NON au passage des examens\u00a0\u00bb"}]},{"@type":"WebSite","@id":"https:\/\/www.webdo.tn\/fr\/#website","url":"https:\/\/www.webdo.tn\/fr\/","name":"webdo","description":"Tunisie - News en Tunisie et \u00e0 l&#039;international sur Webdo.tn","publisher":{"@id":"https:\/\/www.webdo.tn\/fr\/#organization"},"potentialAction":[{"@type":"SearchAction","target":{"@type":"EntryPoint","urlTemplate":"https:\/\/www.webdo.tn\/fr\/?s={search_term_string}"},"query-input":{"@type":"PropertyValueSpecification","valueRequired":true,"valueName":"search_term_string"}}],"inLanguage":"fr-FR"},{"@type":"Organization","@id":"https:\/\/www.webdo.tn\/fr\/#organization","name":"Webdo","alternateName":"Webdo.tn","url":"https:\/\/www.webdo.tn\/fr\/","logo":{"@type":"ImageObject","inLanguage":"fr-FR","@id":"https:\/\/www.webdo.tn\/fr\/#\/schema\/logo\/image\/","url":"https:\/\/www.webdo.tn\/fr\/wp-content\/uploads\/2025\/06\/Webdo-Tunisie_168377.jpg","contentUrl":"https:\/\/www.webdo.tn\/fr\/wp-content\/uploads\/2025\/06\/Webdo-Tunisie_168377.jpg","width":301,"height":301,"caption":"Webdo"},"image":{"@id":"https:\/\/www.webdo.tn\/fr\/#\/schema\/logo\/image\/"},"sameAs":["https:\/\/www.facebook.com\/webdotn","https:\/\/x.com\/webdo_tn"],"description":"Webdo est un m\u00e9dia num\u00e9rique tunisien fond\u00e9 en 2010, sp\u00e9cialis\u00e9 dans l\u2019actualit\u00e9 nationale et internationale, l\u2019\u00e9conomie, la soci\u00e9t\u00e9 et les analyses politiques. Le site s\u2019adresse \u00e0 un large public francophone et couvre l\u2019information tunisienne en temps r\u00e9el.","email":"redac@webdo.tn","legalName":"YNJ SARL","foundingDate":"2010-09-06","numberOfEmployees":{"@type":"QuantitativeValue","minValue":"11","maxValue":"50"}},{"@type":"Person","@id":"https:\/\/www.webdo.tn\/fr\/#\/schema\/person\/9a9c6118d687c117df8ef3cc36a4d175","name":"webdo.tn","image":{"@type":"ImageObject","inLanguage":"fr-FR","@id":"https:\/\/secure.gravatar.com\/avatar\/7ce1f28c0c3bbac99ff550b85ef8e44a6950c6ee24514fb6a5489e51d06f0298?s=96&d=mm&r=g","url":"https:\/\/secure.gravatar.com\/avatar\/7ce1f28c0c3bbac99ff550b85ef8e44a6950c6ee24514fb6a5489e51d06f0298?s=96&d=mm&r=g","contentUrl":"https:\/\/secure.gravatar.com\/avatar\/7ce1f28c0c3bbac99ff550b85ef8e44a6950c6ee24514fb6a5489e51d06f0298?s=96&d=mm&r=g","caption":"webdo.tn"},"url":"https:\/\/www.webdo.tn\/fr\/actualite\/author\/webdotn\/"}]}},"_links":{"self":[{"href":"https:\/\/www.webdo.tn\/fr\/wp-json\/wp\/v2\/posts\/173083","targetHints":{"allow":["GET"]}}],"collection":[{"href":"https:\/\/www.webdo.tn\/fr\/wp-json\/wp\/v2\/posts"}],"about":[{"href":"https:\/\/www.webdo.tn\/fr\/wp-json\/wp\/v2\/types\/post"}],"author":[{"embeddable":true,"href":"https:\/\/www.webdo.tn\/fr\/wp-json\/wp\/v2\/users\/3222"}],"replies":[{"embeddable":true,"href":"https:\/\/www.webdo.tn\/fr\/wp-json\/wp\/v2\/comments?post=173083"}],"version-history":[{"count":0,"href":"https:\/\/www.webdo.tn\/fr\/wp-json\/wp\/v2\/posts\/173083\/revisions"}],"wp:featuredmedia":[{"embeddable":true,"href":"https:\/\/www.webdo.tn\/fr\/wp-json\/wp\/v2\/media\/365654"}],"wp:attachment":[{"href":"https:\/\/www.webdo.tn\/fr\/wp-json\/wp\/v2\/media?parent=173083"}],"wp:term":[{"taxonomy":"category","embeddable":true,"href":"https:\/\/www.webdo.tn\/fr\/wp-json\/wp\/v2\/categories?post=173083"},{"taxonomy":"post_tag","embeddable":true,"href":"https:\/\/www.webdo.tn\/fr\/wp-json\/wp\/v2\/tags?post=173083"}],"curies":[{"name":"wp","href":"https:\/\/api.w.org\/{rel}","templated":true}]}}